{"id":1018,"date":"2022-07-27T14:24:07","date_gmt":"2022-07-27T17:24:07","guid":{"rendered":"https:\/\/www.muyjujuy.com\/?p=1018"},"modified":"2022-07-27T14:24:08","modified_gmt":"2022-07-27T17:24:08","slug":"morales-entrego-equipo-y-maquinaria-de-girsu-en-tilcara","status":"publish","type":"post","link":"https:\/\/www.muyjujuy.com\/index.php\/2022\/07\/27\/morales-entrego-equipo-y-maquinaria-de-girsu-en-tilcara\/","title":{"rendered":"Morales entreg\u00f3 equipo y maquinaria de GIRSU en Tilcara"},"content":{"rendered":"\n<p><em>El gobernador visit\u00f3 Tilcara y anticip\u00f3 que se iniciar\u00e1 la licitaci\u00f3n del Centro de Clasificaci\u00f3n y Transferencia. <\/em><\/p>\n\n\n\n<p>El gobernador de Jujuy, <a href=\"https:\/\/www.muyjujuy.com\/?s=morales\">Gerardo Morales<\/a>, encabez\u00f3 la entrega de equipo y maquinaria de GIRSU en<a href=\"https:\/\/www.google.com\/maps\/place\/Tilcara,+Jujuy\/data=!4m2!3m1!1s0x9404cb42c619d3a3:0xbf9ed8d6df7bdd53?sa=X&amp;ved=2ahUKEwiGo_2-yJn5AhV7qpUCHdSOBvEQ8gF6BAhtEAE\"> Tilcara<\/a>. El objetivo es preservar la salud, mejorar la calidad de vida y proteger el ambiente. <\/p>\n\n\n\n<p>Adem\u00e1s, se destac\u00f3 el <strong>trabajo integral para fortalecer las capacidades en materia de gesti\u00f3n de residuos s\u00f3lidos urbanos de los municipios.<\/strong><\/p>\n\n\n\n<p>En ese sentido, el gobernador ponder\u00f3 el avance de GIRSU y entrega de equipamiento en toda la provincia. \u201cCon obras integrales junto a los 63 municipios <strong>para la eliminaci\u00f3n definitiva de los basurales a cielo abierto <\/strong>y la correspondiente remediaci\u00f3n de esos espacios&#8221;, enfatiz\u00f3.<br><br>Adem\u00e1s, acentu\u00f3 la importancia de <strong>\u201cuna campa\u00f1a cultural\u201d <\/strong>para la correcta gesti\u00f3n de los residuos s\u00f3lidos urbanos. Y subray\u00f3 que evitar la contaminaci\u00f3n ambiental y proteger la naturaleza <strong>&#8220;es responsabilidad de todos&#8221;.<\/strong><br><br>Por otra parte, enfatiz\u00f3 el crecimiento del turismo en Jujuy: <strong>&#8220;Esto tambi\u00e9n genera m\u00e1s residuos y demanda una mayor responsabilidad de todos <\/strong>para una correcta administraci\u00f3n de ellos&#8221;. &#8220;Generar una provincia m\u00e1s limpia y ofrecer una mejor atenci\u00f3n a todos los que visitan nuestra provincia&#8221;, remarc\u00f3.<\/p>\n\n\n\n<h2 class=\"wp-block-heading\"><strong>Centro de Clasificaci\u00f3n y Transferencia para Tilcara<\/strong><\/h2>\n\n\n\n<p>Morales anticip\u00f3 que en los pr\u00f3ximos meses <strong>se iniciar\u00e1 la licitaci\u00f3n del Centro de Clasificaci\u00f3n y Transferencia para Tilcara<\/strong>. <\/p>\n\n\n\n<p><strong>&#8220;Es una obra m\u00e1s que se suma a todas las que estamos llevando a cabo en la provincia.<\/strong> El objetivo es luchar contra el cambio clim\u00e1tico y la emisi\u00f3n de gases efecto invernadero&#8221;, remarc\u00f3 el gobernador. <\/p>\n\n\n\n<p>A su turno, la ministra de Ambiente provincial, <strong>Mar\u00eda In\u00e9s Zigar\u00e1n<\/strong>, sostuvo que esta nueva entrega se enmarca dentro de la estrategia de \u201cfortalecimiento a los gobiernos municipales que estamos llevando adelante desde el Programa GIRSU\u201d. <\/p>\n","protected":false},"excerpt":{"rendered":"<p>El gobernador visit\u00f3 Tilcara y anticip\u00f3 que se iniciar\u00e1 la licitaci\u00f3n del Centro de Clasificaci\u00f3n y Transferencia. El gobernador de Jujuy, Gerardo Morales, encabez\u00f3 la entrega de equipo y maquinaria de GIRSU en Tilcara. El objetivo es preservar la salud, mejorar la calidad de vida y proteger el ambiente. Adem\u00e1s, se destac\u00f3 el trabajo integral [&hellip;]<\/p>\n","protected":false},"author":3,"featured_media":1019,"comment_status":"open","ping_status":"open","sticky":false,"template":"","format":"standard","meta":{"footnotes":""},"categories":[24],"tags":[5,8],"class_list":{"0":"post-1018","1":"post","2":"type-post","3":"status-publish","4":"format-standard","5":"has-post-thumbnail","7":"category-politica","8":"tag-gerardo-morales","9":"tag-jujuy"},"yoast_head":"<!-- This site is optimized with the Yoast SEO plugin v27.5 - https:\/\/yoast.com\/product\/yoast-seo-wordpress\/ -->\n<title>Morales entreg\u00f3 equipo y maquinaria de GIRSU en Tilcara - Muy Jujuy<\/title>\n<meta name=\"description\" content=\"El gobernador de Jujuy, Gerardo Morales, encabez\u00f3 la entrega de equipo y maquinaria de GIRSU en Tilcara y destac\u00f3 el trabajo ambiental.\" \/>\n<meta name=\"robots\" content=\"index, follow, max-snippet:-1, max-image-preview:large, max-video-preview:-1\" \/>\n<link rel=\"canonical\" href=\"https:\/\/www.muyjujuy.com\/index.php\/2022\/07\/27\/morales-entrego-equipo-y-maquinaria-de-girsu-en-tilcara\/\" \/>\n<meta property=\"og:locale\" content=\"es_ES\" \/>\n<meta property=\"og:type\" content=\"article\" \/>\n<meta property=\"og:title\" content=\"Morales entreg\u00f3 equipo y maquinaria de GIRSU en Tilcara - Muy Jujuy\" \/>\n<meta property=\"og:description\" content=\"El gobernador de Jujuy, Gerardo Morales, encabez\u00f3 la entrega de equipo y maquinaria de GIRSU en Tilcara y destac\u00f3 el trabajo ambiental.\" \/>\n<meta property=\"og:url\" content=\"https:\/\/www.muyjujuy.com\/index.php\/2022\/07\/27\/morales-entrego-equipo-y-maquinaria-de-girsu-en-tilcara\/\" \/>\n<meta property=\"og:site_name\" content=\"Muy Jujuy\" \/>\n<meta property=\"article:publisher\" content=\"https:\/\/www.facebook.com\/muyjujuycom\" \/>\n<meta property=\"article:published_time\" content=\"2022-07-27T17:24:07+00:00\" \/>\n<meta property=\"article:modified_time\" content=\"2022-07-27T17:24:08+00:00\" \/>\n<meta property=\"og:image\" content=\"https:\/\/www.muyjujuy.com\/wp-content\/uploads\/2022\/07\/WhatsApp-Image-2022-07-27-at-2.10.42-PM.jpeg\" \/>\n\t<meta property=\"og:image:width\" content=\"1200\" \/>\n\t<meta property=\"og:image:height\" content=\"800\" \/>\n\t<meta property=\"og:image:type\" content=\"image\/jpeg\" \/>\n<meta name=\"author\" content=\"Redacci\u00f3n Muy Jujuy\" \/>\n<meta name=\"twitter:card\" content=\"summary_large_image\" \/>\n<meta name=\"twitter:creator\" content=\"@muyjujuy\" \/>\n<meta name=\"twitter:site\" content=\"@muyjujuy\" \/>\n<meta name=\"twitter:label1\" content=\"Escrito por\" \/>\n\t<meta name=\"twitter:data1\" content=\"Redacci\u00f3n Muy Jujuy\" \/>\n\t<meta name=\"twitter:label2\" content=\"Tiempo de lectura\" \/>\n\t<meta name=\"twitter:data2\" content=\"2 minutos\" \/>\n<script type=\"application\/ld+json\" class=\"yoast-schema-graph\">{\"@context\":\"https:\\\/\\\/schema.org\",\"@graph\":[{\"@type\":\"Article\",\"@id\":\"https:\\\/\\\/www.muyjujuy.com\\\/index.php\\\/2022\\\/07\\\/27\\\/morales-entrego-equipo-y-maquinaria-de-girsu-en-tilcara\\\/#article\",\"isPartOf\":{\"@id\":\"https:\\\/\\\/www.muyjujuy.com\\\/index.php\\\/2022\\\/07\\\/27\\\/morales-entrego-equipo-y-maquinaria-de-girsu-en-tilcara\\\/\"},\"author\":{\"name\":\"Redacci\u00f3n Muy Jujuy\",\"@id\":\"https:\\\/\\\/www.muyjujuy.com\\\/#\\\/schema\\\/person\\\/1d0f6e223ccea9e3f9034c1a5b683bf2\"},\"headline\":\"Morales entreg\u00f3 equipo y maquinaria de GIRSU en Tilcara\",\"datePublished\":\"2022-07-27T17:24:07+00:00\",\"dateModified\":\"2022-07-27T17:24:08+00:00\",\"mainEntityOfPage\":{\"@id\":\"https:\\\/\\\/www.muyjujuy.com\\\/index.php\\\/2022\\\/07\\\/27\\\/morales-entrego-equipo-y-maquinaria-de-girsu-en-tilcara\\\/\"},\"wordCount\":325,\"commentCount\":0,\"publisher\":{\"@id\":\"https:\\\/\\\/www.muyjujuy.com\\\/#organization\"},\"image\":{\"@id\":\"https:\\\/\\\/www.muyjujuy.com\\\/index.php\\\/2022\\\/07\\\/27\\\/morales-entrego-equipo-y-maquinaria-de-girsu-en-tilcara\\\/#primaryimage\"},\"thumbnailUrl\":\"https:\\\/\\\/www.muyjujuy.com\\\/wp-content\\\/uploads\\\/2022\\\/07\\\/WhatsApp-Image-2022-07-27-at-2.10.42-PM.jpeg\",\"keywords\":[\"Gerardo Morales\",\"Jujuy\"],\"articleSection\":[\"Pol\u00edtica\"],\"inLanguage\":\"es-AR\",\"potentialAction\":[{\"@type\":\"CommentAction\",\"name\":\"Comment\",\"target\":[\"https:\\\/\\\/www.muyjujuy.com\\\/index.php\\\/2022\\\/07\\\/27\\\/morales-entrego-equipo-y-maquinaria-de-girsu-en-tilcara\\\/#respond\"]}]},{\"@type\":\"WebPage\",\"@id\":\"https:\\\/\\\/www.muyjujuy.com\\\/index.php\\\/2022\\\/07\\\/27\\\/morales-entrego-equipo-y-maquinaria-de-girsu-en-tilcara\\\/\",\"url\":\"https:\\\/\\\/www.muyjujuy.com\\\/index.php\\\/2022\\\/07\\\/27\\\/morales-entrego-equipo-y-maquinaria-de-girsu-en-tilcara\\\/\",\"name\":\"Morales entreg\u00f3 equipo y maquinaria de GIRSU en Tilcara - Muy Jujuy\",\"isPartOf\":{\"@id\":\"https:\\\/\\\/www.muyjujuy.com\\\/#website\"},\"primaryImageOfPage\":{\"@id\":\"https:\\\/\\\/www.muyjujuy.com\\\/index.php\\\/2022\\\/07\\\/27\\\/morales-entrego-equipo-y-maquinaria-de-girsu-en-tilcara\\\/#primaryimage\"},\"image\":{\"@id\":\"https:\\\/\\\/www.muyjujuy.com\\\/index.php\\\/2022\\\/07\\\/27\\\/morales-entrego-equipo-y-maquinaria-de-girsu-en-tilcara\\\/#primaryimage\"},\"thumbnailUrl\":\"https:\\\/\\\/www.muyjujuy.com\\\/wp-content\\\/uploads\\\/2022\\\/07\\\/WhatsApp-Image-2022-07-27-at-2.10.42-PM.jpeg\",\"datePublished\":\"2022-07-27T17:24:07+00:00\",\"dateModified\":\"2022-07-27T17:24:08+00:00\",\"description\":\"El gobernador de Jujuy, Gerardo Morales, encabez\u00f3 la entrega de equipo y maquinaria de GIRSU en Tilcara y destac\u00f3 el trabajo ambiental.\",\"breadcrumb\":{\"@id\":\"https:\\\/\\\/www.muyjujuy.com\\\/index.php\\\/2022\\\/07\\\/27\\\/morales-entrego-equipo-y-maquinaria-de-girsu-en-tilcara\\\/#breadcrumb\"},\"inLanguage\":\"es-AR\",\"potentialAction\":[{\"@type\":\"ReadAction\",\"target\":[\"https:\\\/\\\/www.muyjujuy.com\\\/index.php\\\/2022\\\/07\\\/27\\\/morales-entrego-equipo-y-maquinaria-de-girsu-en-tilcara\\\/\"]}]},{\"@type\":\"ImageObject\",\"inLanguage\":\"es-AR\",\"@id\":\"https:\\\/\\\/www.muyjujuy.com\\\/index.php\\\/2022\\\/07\\\/27\\\/morales-entrego-equipo-y-maquinaria-de-girsu-en-tilcara\\\/#primaryimage\",\"url\":\"https:\\\/\\\/www.muyjujuy.com\\\/wp-content\\\/uploads\\\/2022\\\/07\\\/WhatsApp-Image-2022-07-27-at-2.10.42-PM.jpeg\",\"contentUrl\":\"https:\\\/\\\/www.muyjujuy.com\\\/wp-content\\\/uploads\\\/2022\\\/07\\\/WhatsApp-Image-2022-07-27-at-2.10.42-PM.jpeg\",\"width\":1200,\"height\":800},{\"@type\":\"BreadcrumbList\",\"@id\":\"https:\\\/\\\/www.muyjujuy.com\\\/index.php\\\/2022\\\/07\\\/27\\\/morales-entrego-equipo-y-maquinaria-de-girsu-en-tilcara\\\/#breadcrumb\",\"itemListElement\":[{\"@type\":\"ListItem\",\"position\":1,\"name\":\"Inicio\",\"item\":\"https:\\\/\\\/www.muyjujuy.com\\\/\"},{\"@type\":\"ListItem\",\"position\":2,\"name\":\"Morales entreg\u00f3 equipo y maquinaria de GIRSU en Tilcara\"}]},{\"@type\":\"WebSite\",\"@id\":\"https:\\\/\\\/www.muyjujuy.com\\\/#website\",\"url\":\"https:\\\/\\\/www.muyjujuy.com\\\/\",\"name\":\"Muy Jujuy\",\"description\":\"\",\"publisher\":{\"@id\":\"https:\\\/\\\/www.muyjujuy.com\\\/#organization\"},\"potentialAction\":[{\"@type\":\"SearchAction\",\"target\":{\"@type\":\"EntryPoint\",\"urlTemplate\":\"https:\\\/\\\/www.muyjujuy.com\\\/?s={search_term_string}\"},\"query-input\":{\"@type\":\"PropertyValueSpecification\",\"valueRequired\":true,\"valueName\":\"search_term_string\"}}],\"inLanguage\":\"es-AR\"},{\"@type\":\"Organization\",\"@id\":\"https:\\\/\\\/www.muyjujuy.com\\\/#organization\",\"name\":\"Muy Jujuy\",\"url\":\"https:\\\/\\\/www.muyjujuy.com\\\/\",\"logo\":{\"@type\":\"ImageObject\",\"inLanguage\":\"es-AR\",\"@id\":\"https:\\\/\\\/www.muyjujuy.com\\\/#\\\/schema\\\/logo\\\/image\\\/\",\"url\":\"http:\\\/\\\/www.muyjujuy.com\\\/wp-content\\\/uploads\\\/2022\\\/05\\\/logo-mobil-jujuy.png\",\"contentUrl\":\"http:\\\/\\\/www.muyjujuy.com\\\/wp-content\\\/uploads\\\/2022\\\/05\\\/logo-mobil-jujuy.png\",\"width\":174,\"height\":81,\"caption\":\"Muy Jujuy\"},\"image\":{\"@id\":\"https:\\\/\\\/www.muyjujuy.com\\\/#\\\/schema\\\/logo\\\/image\\\/\"},\"sameAs\":[\"https:\\\/\\\/www.facebook.com\\\/muyjujuycom\",\"https:\\\/\\\/x.com\\\/muyjujuy\",\"https:\\\/\\\/www.instagram.com\\\/muyjujuycom\"]},{\"@type\":\"Person\",\"@id\":\"https:\\\/\\\/www.muyjujuy.com\\\/#\\\/schema\\\/person\\\/1d0f6e223ccea9e3f9034c1a5b683bf2\",\"name\":\"Redacci\u00f3n Muy Jujuy\",\"image\":{\"@type\":\"ImageObject\",\"inLanguage\":\"es-AR\",\"@id\":\"https:\\\/\\\/secure.gravatar.com\\\/avatar\\\/fec5f6f1893d741ed5eecccff109ce43e67a855411202a3212a058cb8e5c27d4?s=96&d=mm&r=g\",\"url\":\"https:\\\/\\\/secure.gravatar.com\\\/avatar\\\/fec5f6f1893d741ed5eecccff109ce43e67a855411202a3212a058cb8e5c27d4?s=96&d=mm&r=g\",\"contentUrl\":\"https:\\\/\\\/secure.gravatar.com\\\/avatar\\\/fec5f6f1893d741ed5eecccff109ce43e67a855411202a3212a058cb8e5c27d4?s=96&d=mm&r=g\",\"caption\":\"Redacci\u00f3n Muy Jujuy\"},\"url\":\"https:\\\/\\\/www.muyjujuy.com\\\/index.php\\\/author\\\/editor\\\/\"}]}<\/script>\n<!-- \/ Yoast SEO plugin. -->","yoast_head_json":{"title":"Morales entreg\u00f3 equipo y maquinaria de GIRSU en Tilcara - Muy Jujuy","description":"El gobernador de Jujuy, Gerardo Morales, encabez\u00f3 la entrega de equipo y maquinaria de GIRSU en Tilcara y destac\u00f3 el trabajo ambiental.","robots":{"index":"index","follow":"follow","max-snippet":"max-snippet:-1","max-image-preview":"max-image-preview:large","max-video-preview":"max-video-preview:-1"},"canonical":"https:\/\/www.muyjujuy.com\/index.php\/2022\/07\/27\/morales-entrego-equipo-y-maquinaria-de-girsu-en-tilcara\/","og_locale":"es_ES","og_type":"article","og_title":"Morales entreg\u00f3 equipo y maquinaria de GIRSU en Tilcara - Muy Jujuy","og_description":"El gobernador de Jujuy, Gerardo Morales, encabez\u00f3 la entrega de equipo y maquinaria de GIRSU en Tilcara y destac\u00f3 el trabajo ambiental.","og_url":"https:\/\/www.muyjujuy.com\/index.php\/2022\/07\/27\/morales-entrego-equipo-y-maquinaria-de-girsu-en-tilcara\/","og_site_name":"Muy Jujuy","article_publisher":"https:\/\/www.facebook.com\/muyjujuycom","article_published_time":"2022-07-27T17:24:07+00:00","article_modified_time":"2022-07-27T17:24:08+00:00","og_image":[{"width":1200,"height":800,"url":"https:\/\/www.muyjujuy.com\/wp-content\/uploads\/2022\/07\/WhatsApp-Image-2022-07-27-at-2.10.42-PM.jpeg","type":"image\/jpeg"}],"author":"Redacci\u00f3n Muy Jujuy","twitter_card":"summary_large_image","twitter_creator":"@muyjujuy","twitter_site":"@muyjujuy","twitter_misc":{"Escrito por":"Redacci\u00f3n Muy Jujuy","Tiempo de lectura":"2 minutos"},"schema":{"@context":"https:\/\/schema.org","@graph":[{"@type":"Article","@id":"https:\/\/www.muyjujuy.com\/index.php\/2022\/07\/27\/morales-entrego-equipo-y-maquinaria-de-girsu-en-tilcara\/#article","isPartOf":{"@id":"https:\/\/www.muyjujuy.com\/index.php\/2022\/07\/27\/morales-entrego-equipo-y-maquinaria-de-girsu-en-tilcara\/"},"author":{"name":"Redacci\u00f3n Muy Jujuy","@id":"https:\/\/www.muyjujuy.com\/#\/schema\/person\/1d0f6e223ccea9e3f9034c1a5b683bf2"},"headline":"Morales entreg\u00f3 equipo y maquinaria de GIRSU en Tilcara","datePublished":"2022-07-27T17:24:07+00:00","dateModified":"2022-07-27T17:24:08+00:00","mainEntityOfPage":{"@id":"https:\/\/www.muyjujuy.com\/index.php\/2022\/07\/27\/morales-entrego-equipo-y-maquinaria-de-girsu-en-tilcara\/"},"wordCount":325,"commentCount":0,"publisher":{"@id":"https:\/\/www.muyjujuy.com\/#organization"},"image":{"@id":"https:\/\/www.muyjujuy.com\/index.php\/2022\/07\/27\/morales-entrego-equipo-y-maquinaria-de-girsu-en-tilcara\/#primaryimage"},"thumbnailUrl":"https:\/\/www.muyjujuy.com\/wp-content\/uploads\/2022\/07\/WhatsApp-Image-2022-07-27-at-2.10.42-PM.jpeg","keywords":["Gerardo Morales","Jujuy"],"articleSection":["Pol\u00edtica"],"inLanguage":"es-AR","potentialAction":[{"@type":"CommentAction","name":"Comment","target":["https:\/\/www.muyjujuy.com\/index.php\/2022\/07\/27\/morales-entrego-equipo-y-maquinaria-de-girsu-en-tilcara\/#respond"]}]},{"@type":"WebPage","@id":"https:\/\/www.muyjujuy.com\/index.php\/2022\/07\/27\/morales-entrego-equipo-y-maquinaria-de-girsu-en-tilcara\/","url":"https:\/\/www.muyjujuy.com\/index.php\/2022\/07\/27\/morales-entrego-equipo-y-maquinaria-de-girsu-en-tilcara\/","name":"Morales entreg\u00f3 equipo y maquinaria de GIRSU en Tilcara - Muy Jujuy","isPartOf":{"@id":"https:\/\/www.muyjujuy.com\/#website"},"primaryImageOfPage":{"@id":"https:\/\/www.muyjujuy.com\/index.php\/2022\/07\/27\/morales-entrego-equipo-y-maquinaria-de-girsu-en-tilcara\/#primaryimage"},"image":{"@id":"https:\/\/www.muyjujuy.com\/index.php\/2022\/07\/27\/morales-entrego-equipo-y-maquinaria-de-girsu-en-tilcara\/#primaryimage"},"thumbnailUrl":"https:\/\/www.muyjujuy.com\/wp-content\/uploads\/2022\/07\/WhatsApp-Image-2022-07-27-at-2.10.42-PM.jpeg","datePublished":"2022-07-27T17:24:07+00:00","dateModified":"2022-07-27T17:24:08+00:00","description":"El gobernador de Jujuy, Gerardo Morales, encabez\u00f3 la entrega de equipo y maquinaria de GIRSU en Tilcara y destac\u00f3 el trabajo ambiental.","breadcrumb":{"@id":"https:\/\/www.muyjujuy.com\/index.php\/2022\/07\/27\/morales-entrego-equipo-y-maquinaria-de-girsu-en-tilcara\/#breadcrumb"},"inLanguage":"es-AR","potentialAction":[{"@type":"ReadAction","target":["https:\/\/www.muyjujuy.com\/index.php\/2022\/07\/27\/morales-entrego-equipo-y-maquinaria-de-girsu-en-tilcara\/"]}]},{"@type":"ImageObject","inLanguage":"es-AR","@id":"https:\/\/www.muyjujuy.com\/index.php\/2022\/07\/27\/morales-entrego-equipo-y-maquinaria-de-girsu-en-tilcara\/#primaryimage","url":"https:\/\/www.muyjujuy.com\/wp-content\/uploads\/2022\/07\/WhatsApp-Image-2022-07-27-at-2.10.42-PM.jpeg","contentUrl":"https:\/\/www.muyjujuy.com\/wp-content\/uploads\/2022\/07\/WhatsApp-Image-2022-07-27-at-2.10.42-PM.jpeg","width":1200,"height":800},{"@type":"BreadcrumbList","@id":"https:\/\/www.muyjujuy.com\/index.php\/2022\/07\/27\/morales-entrego-equipo-y-maquinaria-de-girsu-en-tilcara\/#breadcrumb","itemListElement":[{"@type":"ListItem","position":1,"name":"Inicio","item":"https:\/\/www.muyjujuy.com\/"},{"@type":"ListItem","position":2,"name":"Morales entreg\u00f3 equipo y maquinaria de GIRSU en Tilcara"}]},{"@type":"WebSite","@id":"https:\/\/www.muyjujuy.com\/#website","url":"https:\/\/www.muyjujuy.com\/","name":"Muy Jujuy","description":"","publisher":{"@id":"https:\/\/www.muyjujuy.com\/#organization"},"potentialAction":[{"@type":"SearchAction","target":{"@type":"EntryPoint","urlTemplate":"https:\/\/www.muyjujuy.com\/?s={search_term_string}"},"query-input":{"@type":"PropertyValueSpecification","valueRequired":true,"valueName":"search_term_string"}}],"inLanguage":"es-AR"},{"@type":"Organization","@id":"https:\/\/www.muyjujuy.com\/#organization","name":"Muy Jujuy","url":"https:\/\/www.muyjujuy.com\/","logo":{"@type":"ImageObject","inLanguage":"es-AR","@id":"https:\/\/www.muyjujuy.com\/#\/schema\/logo\/image\/","url":"http:\/\/www.muyjujuy.com\/wp-content\/uploads\/2022\/05\/logo-mobil-jujuy.png","contentUrl":"http:\/\/www.muyjujuy.com\/wp-content\/uploads\/2022\/05\/logo-mobil-jujuy.png","width":174,"height":81,"caption":"Muy Jujuy"},"image":{"@id":"https:\/\/www.muyjujuy.com\/#\/schema\/logo\/image\/"},"sameAs":["https:\/\/www.facebook.com\/muyjujuycom","https:\/\/x.com\/muyjujuy","https:\/\/www.instagram.com\/muyjujuycom"]},{"@type":"Person","@id":"https:\/\/www.muyjujuy.com\/#\/schema\/person\/1d0f6e223ccea9e3f9034c1a5b683bf2","name":"Redacci\u00f3n Muy Jujuy","image":{"@type":"ImageObject","inLanguage":"es-AR","@id":"https:\/\/secure.gravatar.com\/avatar\/fec5f6f1893d741ed5eecccff109ce43e67a855411202a3212a058cb8e5c27d4?s=96&d=mm&r=g","url":"https:\/\/secure.gravatar.com\/avatar\/fec5f6f1893d741ed5eecccff109ce43e67a855411202a3212a058cb8e5c27d4?s=96&d=mm&r=g","contentUrl":"https:\/\/secure.gravatar.com\/avatar\/fec5f6f1893d741ed5eecccff109ce43e67a855411202a3212a058cb8e5c27d4?s=96&d=mm&r=g","caption":"Redacci\u00f3n Muy Jujuy"},"url":"https:\/\/www.muyjujuy.com\/index.php\/author\/editor\/"}]}},"_links":{"self":[{"href":"https:\/\/www.muyjujuy.com\/index.php\/wp-json\/wp\/v2\/posts\/1018","targetHints":{"allow":["GET"]}}],"collection":[{"href":"https:\/\/www.muyjujuy.com\/index.php\/wp-json\/wp\/v2\/posts"}],"about":[{"href":"https:\/\/www.muyjujuy.com\/index.php\/wp-json\/wp\/v2\/types\/post"}],"author":[{"embeddable":true,"href":"https:\/\/www.muyjujuy.com\/index.php\/wp-json\/wp\/v2\/users\/3"}],"replies":[{"embeddable":true,"href":"https:\/\/www.muyjujuy.com\/index.php\/wp-json\/wp\/v2\/comments?post=1018"}],"version-history":[{"count":1,"href":"https:\/\/www.muyjujuy.com\/index.php\/wp-json\/wp\/v2\/posts\/1018\/revisions"}],"predecessor-version":[{"id":1020,"href":"https:\/\/www.muyjujuy.com\/index.php\/wp-json\/wp\/v2\/posts\/1018\/revisions\/1020"}],"wp:featuredmedia":[{"embeddable":true,"href":"https:\/\/www.muyjujuy.com\/index.php\/wp-json\/wp\/v2\/media\/1019"}],"wp:attachment":[{"href":"https:\/\/www.muyjujuy.com\/index.php\/wp-json\/wp\/v2\/media?parent=1018"}],"wp:term":[{"taxonomy":"category","embeddable":true,"href":"https:\/\/www.muyjujuy.com\/index.php\/wp-json\/wp\/v2\/categories?post=1018"},{"taxonomy":"post_tag","embeddable":true,"href":"https:\/\/www.muyjujuy.com\/index.php\/wp-json\/wp\/v2\/tags?post=1018"}],"curies":[{"name":"wp","href":"https:\/\/api.w.org\/{rel}","templated":true}]}}