{"id":1021,"date":"2022-07-27T14:38:39","date_gmt":"2022-07-27T17:38:39","guid":{"rendered":"https:\/\/www.muyjujuy.com\/?p=1021"},"modified":"2022-07-27T14:38:41","modified_gmt":"2022-07-27T17:38:41","slug":"rio-blanco-construiran-un-monumento-en-honor-a-la-virgen-del-rosario-y-a-pedro-ortiz-de-zarate","status":"publish","type":"post","link":"https:\/\/www.muyjujuy.com\/index.php\/2022\/07\/27\/rio-blanco-construiran-un-monumento-en-honor-a-la-virgen-del-rosario-y-a-pedro-ortiz-de-zarate\/","title":{"rendered":"R\u00edo Blanco: construir\u00e1n un monumento en honor a la Virgen del Rosario y a Pedro Ortiz de Z\u00e1rate"},"content":{"rendered":"\n<p><em>La Virgen del Rosario de R\u00edo Blanco y el beato Pedro Ortiz de Z\u00e1rate ser\u00e1n homenajeados y se esper que la obra est\u00e9 lista para octubre.<\/em> <\/p>\n\n\n\n<p>La comunidad religiosa de Palpal\u00e1 avanza en la construcci\u00f3n de un monumento para homenajear a la Virgen del Rosario de R\u00edo Blanco y al <a href=\"https:\/\/www.muyjujuy.com\/index.php\/2022\/07\/04\/jujuy-celebro-la-beatificacion-de-don-pedro-ortiz-de-zarate\/\">beato juje\u00f1o Pedro Ortiz de Z\u00e1rate. <\/a> <\/p>\n\n\n\n<p>La construcci\u00f3n se lleva a cabo a pocas semanas del inicio de las fiestas patronales en honor a la Virgen del Rosario de R\u00edo Blanco y Paypaya. <strong>El monumento tendr\u00e1 una altura de entre 3 y 6 metros <\/strong>y estar\u00e1 emplazado en el ingreso a la localidad de R\u00edo Blanco.<\/p>\n\n\n\n<p><strong>Germ\u00e1n Maccagno<\/strong>, p\u00e1rroco del Santuario de Nuestra Se\u00f1ora del Rosario de R\u00edo Blanco, explic\u00f3 a <em>Canal 7 <\/em>que el proyecto ya se encuentra en progreso. <strong>&#8220;Ya tenemos el lugar y est\u00e1 trabajando el artesano. <\/strong>La Municipalidad de Palpal\u00e1 estar\u00e1 a cargo del terrapl\u00e9n en donde se emplazar\u00e1n las im\u00e1genes&#8221;, indic\u00f3.<\/p>\n\n\n\n<h2 class=\"wp-block-heading\"><strong>Homenaje a la Virgen del Rosario<\/strong> <strong>en R\u00edo Blanco<\/strong><\/h2>\n\n\n\n<p>Maccagno inst\u00f3 que <strong>&#8220;el Santuario de R\u00edo Banco tiene que ser el centro espiritual de la di\u00f3cesis de Jujuy<\/strong>. Tiene que transformarse en un lugar tur\u00edstico para que la gente que visita la provincia llegue hasta el sitio y conozca la devoci\u00f3n que tenemos por la patrona de Jujuy&#8221;.<\/p>\n\n\n\n<p>Por otro lado, el padre anticip\u00f3 que la intensi\u00f3n es que el monumento con las dos im\u00e1genes sea inaugurado en octubre en el marco de las celebraciones religiosas por el mes de la Virgen del Rosario de R\u00edo Blanco y Paypaya.<\/p>\n","protected":false},"excerpt":{"rendered":"<p>La Virgen del Rosario de R\u00edo Blanco y el beato Pedro Ortiz de Z\u00e1rate ser\u00e1n homenajeados y se esper que la obra est\u00e9 lista para octubre. La comunidad religiosa de Palpal\u00e1 avanza en la construcci\u00f3n de un monumento para homenajear a la Virgen del Rosario de R\u00edo Blanco y al beato juje\u00f1o Pedro Ortiz de [&hellip;]<\/p>\n","protected":false},"author":3,"featured_media":1022,"comment_status":"open","ping_status":"open","sticky":false,"template":"","format":"standard","meta":{"footnotes":""},"categories":[25],"tags":[8,741,742],"class_list":{"0":"post-1021","1":"post","2":"type-post","3":"status-publish","4":"format-standard","5":"has-post-thumbnail","7":"category-sociedad","8":"tag-jujuy","9":"tag-pedro-ortiz-de-zarate","10":"tag-virgen-del-rosario"},"yoast_head":"<!-- This site is optimized with the Yoast SEO plugin v27.5 - https:\/\/yoast.com\/product\/yoast-seo-wordpress\/ -->\n<title>R\u00edo Blanco: construir\u00e1n un monumento en honor a la Virgen del Rosario y a Pedro Ortiz de Z\u00e1rate<\/title>\n<meta name=\"description\" content=\"Avanza en la construcci\u00f3n de un monumento para homenajear a la Virgen del Rosario de R\u00edo Blanco y al beato juje\u00f1o Pedro Ortiz de Z\u00e1rate.\" \/>\n<meta name=\"robots\" content=\"index, follow, max-snippet:-1, max-image-preview:large, max-video-preview:-1\" \/>\n<link rel=\"canonical\" href=\"https:\/\/www.muyjujuy.com\/index.php\/2022\/07\/27\/rio-blanco-construiran-un-monumento-en-honor-a-la-virgen-del-rosario-y-a-pedro-ortiz-de-zarate\/\" \/>\n<meta property=\"og:locale\" content=\"es_ES\" \/>\n<meta property=\"og:type\" content=\"article\" \/>\n<meta property=\"og:title\" content=\"R\u00edo Blanco: construir\u00e1n un monumento en honor a la Virgen del Rosario y a Pedro Ortiz de Z\u00e1rate\" \/>\n<meta property=\"og:description\" content=\"Avanza en la construcci\u00f3n de un monumento para homenajear a la Virgen del Rosario de R\u00edo Blanco y al beato juje\u00f1o Pedro Ortiz de Z\u00e1rate.\" \/>\n<meta property=\"og:url\" content=\"https:\/\/www.muyjujuy.com\/index.php\/2022\/07\/27\/rio-blanco-construiran-un-monumento-en-honor-a-la-virgen-del-rosario-y-a-pedro-ortiz-de-zarate\/\" \/>\n<meta property=\"og:site_name\" content=\"Muy Jujuy\" \/>\n<meta property=\"article:publisher\" content=\"https:\/\/www.facebook.com\/muyjujuycom\" \/>\n<meta property=\"article:published_time\" content=\"2022-07-27T17:38:39+00:00\" \/>\n<meta property=\"article:modified_time\" content=\"2022-07-27T17:38:41+00:00\" \/>\n<meta property=\"og:image\" content=\"https:\/\/www.muyjujuy.com\/wp-content\/uploads\/2022\/07\/WhatsApp-Image-2022-07-27-at-2.36.17-PM.jpeg\" \/>\n\t<meta property=\"og:image:width\" content=\"990\" \/>\n\t<meta property=\"og:image:height\" content=\"610\" \/>\n\t<meta property=\"og:image:type\" content=\"image\/jpeg\" \/>\n<meta name=\"author\" content=\"Redacci\u00f3n Muy Jujuy\" \/>\n<meta name=\"twitter:card\" content=\"summary_large_image\" \/>\n<meta name=\"twitter:creator\" content=\"@muyjujuy\" \/>\n<meta name=\"twitter:site\" content=\"@muyjujuy\" \/>\n<meta name=\"twitter:label1\" content=\"Escrito por\" \/>\n\t<meta name=\"twitter:data1\" content=\"Redacci\u00f3n Muy Jujuy\" \/>\n\t<meta name=\"twitter:label2\" content=\"Tiempo de lectura\" \/>\n\t<meta name=\"twitter:data2\" content=\"2 minutos\" \/>\n<script type=\"application\/ld+json\" class=\"yoast-schema-graph\">{\"@context\":\"https:\\\/\\\/schema.org\",\"@graph\":[{\"@type\":\"Article\",\"@id\":\"https:\\\/\\\/www.muyjujuy.com\\\/index.php\\\/2022\\\/07\\\/27\\\/rio-blanco-construiran-un-monumento-en-honor-a-la-virgen-del-rosario-y-a-pedro-ortiz-de-zarate\\\/#article\",\"isPartOf\":{\"@id\":\"https:\\\/\\\/www.muyjujuy.com\\\/index.php\\\/2022\\\/07\\\/27\\\/rio-blanco-construiran-un-monumento-en-honor-a-la-virgen-del-rosario-y-a-pedro-ortiz-de-zarate\\\/\"},\"author\":{\"name\":\"Redacci\u00f3n Muy Jujuy\",\"@id\":\"https:\\\/\\\/www.muyjujuy.com\\\/#\\\/schema\\\/person\\\/1d0f6e223ccea9e3f9034c1a5b683bf2\"},\"headline\":\"R\u00edo Blanco: construir\u00e1n un monumento en honor a la Virgen del Rosario y a Pedro Ortiz de Z\u00e1rate\",\"datePublished\":\"2022-07-27T17:38:39+00:00\",\"dateModified\":\"2022-07-27T17:38:41+00:00\",\"mainEntityOfPage\":{\"@id\":\"https:\\\/\\\/www.muyjujuy.com\\\/index.php\\\/2022\\\/07\\\/27\\\/rio-blanco-construiran-un-monumento-en-honor-a-la-virgen-del-rosario-y-a-pedro-ortiz-de-zarate\\\/\"},\"wordCount\":298,\"commentCount\":0,\"publisher\":{\"@id\":\"https:\\\/\\\/www.muyjujuy.com\\\/#organization\"},\"image\":{\"@id\":\"https:\\\/\\\/www.muyjujuy.com\\\/index.php\\\/2022\\\/07\\\/27\\\/rio-blanco-construiran-un-monumento-en-honor-a-la-virgen-del-rosario-y-a-pedro-ortiz-de-zarate\\\/#primaryimage\"},\"thumbnailUrl\":\"https:\\\/\\\/www.muyjujuy.com\\\/wp-content\\\/uploads\\\/2022\\\/07\\\/WhatsApp-Image-2022-07-27-at-2.36.17-PM.jpeg\",\"keywords\":[\"Jujuy\",\"Pedro Ortiz de Z\u00e1rate\",\"Virgen del Rosario\"],\"articleSection\":[\"Sociedad\"],\"inLanguage\":\"es-AR\",\"potentialAction\":[{\"@type\":\"CommentAction\",\"name\":\"Comment\",\"target\":[\"https:\\\/\\\/www.muyjujuy.com\\\/index.php\\\/2022\\\/07\\\/27\\\/rio-blanco-construiran-un-monumento-en-honor-a-la-virgen-del-rosario-y-a-pedro-ortiz-de-zarate\\\/#respond\"]}]},{\"@type\":\"WebPage\",\"@id\":\"https:\\\/\\\/www.muyjujuy.com\\\/index.php\\\/2022\\\/07\\\/27\\\/rio-blanco-construiran-un-monumento-en-honor-a-la-virgen-del-rosario-y-a-pedro-ortiz-de-zarate\\\/\",\"url\":\"https:\\\/\\\/www.muyjujuy.com\\\/index.php\\\/2022\\\/07\\\/27\\\/rio-blanco-construiran-un-monumento-en-honor-a-la-virgen-del-rosario-y-a-pedro-ortiz-de-zarate\\\/\",\"name\":\"R\u00edo Blanco: construir\u00e1n un monumento en honor a la Virgen del Rosario y a Pedro Ortiz de Z\u00e1rate\",\"isPartOf\":{\"@id\":\"https:\\\/\\\/www.muyjujuy.com\\\/#website\"},\"primaryImageOfPage\":{\"@id\":\"https:\\\/\\\/www.muyjujuy.com\\\/index.php\\\/2022\\\/07\\\/27\\\/rio-blanco-construiran-un-monumento-en-honor-a-la-virgen-del-rosario-y-a-pedro-ortiz-de-zarate\\\/#primaryimage\"},\"image\":{\"@id\":\"https:\\\/\\\/www.muyjujuy.com\\\/index.php\\\/2022\\\/07\\\/27\\\/rio-blanco-construiran-un-monumento-en-honor-a-la-virgen-del-rosario-y-a-pedro-ortiz-de-zarate\\\/#primaryimage\"},\"thumbnailUrl\":\"https:\\\/\\\/www.muyjujuy.com\\\/wp-content\\\/uploads\\\/2022\\\/07\\\/WhatsApp-Image-2022-07-27-at-2.36.17-PM.jpeg\",\"datePublished\":\"2022-07-27T17:38:39+00:00\",\"dateModified\":\"2022-07-27T17:38:41+00:00\",\"description\":\"Avanza en la construcci\u00f3n de un monumento para homenajear a la Virgen del Rosario de R\u00edo Blanco y al beato juje\u00f1o Pedro Ortiz de Z\u00e1rate.\",\"breadcrumb\":{\"@id\":\"https:\\\/\\\/www.muyjujuy.com\\\/index.php\\\/2022\\\/07\\\/27\\\/rio-blanco-construiran-un-monumento-en-honor-a-la-virgen-del-rosario-y-a-pedro-ortiz-de-zarate\\\/#breadcrumb\"},\"inLanguage\":\"es-AR\",\"potentialAction\":[{\"@type\":\"ReadAction\",\"target\":[\"https:\\\/\\\/www.muyjujuy.com\\\/index.php\\\/2022\\\/07\\\/27\\\/rio-blanco-construiran-un-monumento-en-honor-a-la-virgen-del-rosario-y-a-pedro-ortiz-de-zarate\\\/\"]}]},{\"@type\":\"ImageObject\",\"inLanguage\":\"es-AR\",\"@id\":\"https:\\\/\\\/www.muyjujuy.com\\\/index.php\\\/2022\\\/07\\\/27\\\/rio-blanco-construiran-un-monumento-en-honor-a-la-virgen-del-rosario-y-a-pedro-ortiz-de-zarate\\\/#primaryimage\",\"url\":\"https:\\\/\\\/www.muyjujuy.com\\\/wp-content\\\/uploads\\\/2022\\\/07\\\/WhatsApp-Image-2022-07-27-at-2.36.17-PM.jpeg\",\"contentUrl\":\"https:\\\/\\\/www.muyjujuy.com\\\/wp-content\\\/uploads\\\/2022\\\/07\\\/WhatsApp-Image-2022-07-27-at-2.36.17-PM.jpeg\",\"width\":990,\"height\":610},{\"@type\":\"BreadcrumbList\",\"@id\":\"https:\\\/\\\/www.muyjujuy.com\\\/index.php\\\/2022\\\/07\\\/27\\\/rio-blanco-construiran-un-monumento-en-honor-a-la-virgen-del-rosario-y-a-pedro-ortiz-de-zarate\\\/#breadcrumb\",\"itemListElement\":[{\"@type\":\"ListItem\",\"position\":1,\"name\":\"Inicio\",\"item\":\"https:\\\/\\\/www.muyjujuy.com\\\/\"},{\"@type\":\"ListItem\",\"position\":2,\"name\":\"R\u00edo Blanco: construir\u00e1n un monumento en honor a la Virgen del Rosario y a Pedro Ortiz de Z\u00e1rate\"}]},{\"@type\":\"WebSite\",\"@id\":\"https:\\\/\\\/www.muyjujuy.com\\\/#website\",\"url\":\"https:\\\/\\\/www.muyjujuy.com\\\/\",\"name\":\"Muy Jujuy\",\"description\":\"\",\"publisher\":{\"@id\":\"https:\\\/\\\/www.muyjujuy.com\\\/#organization\"},\"potentialAction\":[{\"@type\":\"SearchAction\",\"target\":{\"@type\":\"EntryPoint\",\"urlTemplate\":\"https:\\\/\\\/www.muyjujuy.com\\\/?s={search_term_string}\"},\"query-input\":{\"@type\":\"PropertyValueSpecification\",\"valueRequired\":true,\"valueName\":\"search_term_string\"}}],\"inLanguage\":\"es-AR\"},{\"@type\":\"Organization\",\"@id\":\"https:\\\/\\\/www.muyjujuy.com\\\/#organization\",\"name\":\"Muy Jujuy\",\"url\":\"https:\\\/\\\/www.muyjujuy.com\\\/\",\"logo\":{\"@type\":\"ImageObject\",\"inLanguage\":\"es-AR\",\"@id\":\"https:\\\/\\\/www.muyjujuy.com\\\/#\\\/schema\\\/logo\\\/image\\\/\",\"url\":\"http:\\\/\\\/www.muyjujuy.com\\\/wp-content\\\/uploads\\\/2022\\\/05\\\/logo-mobil-jujuy.png\",\"contentUrl\":\"http:\\\/\\\/www.muyjujuy.com\\\/wp-content\\\/uploads\\\/2022\\\/05\\\/logo-mobil-jujuy.png\",\"width\":174,\"height\":81,\"caption\":\"Muy Jujuy\"},\"image\":{\"@id\":\"https:\\\/\\\/www.muyjujuy.com\\\/#\\\/schema\\\/logo\\\/image\\\/\"},\"sameAs\":[\"https:\\\/\\\/www.facebook.com\\\/muyjujuycom\",\"https:\\\/\\\/x.com\\\/muyjujuy\",\"https:\\\/\\\/www.instagram.com\\\/muyjujuycom\"]},{\"@type\":\"Person\",\"@id\":\"https:\\\/\\\/www.muyjujuy.com\\\/#\\\/schema\\\/person\\\/1d0f6e223ccea9e3f9034c1a5b683bf2\",\"name\":\"Redacci\u00f3n Muy Jujuy\",\"image\":{\"@type\":\"ImageObject\",\"inLanguage\":\"es-AR\",\"@id\":\"https:\\\/\\\/secure.gravatar.com\\\/avatar\\\/fec5f6f1893d741ed5eecccff109ce43e67a855411202a3212a058cb8e5c27d4?s=96&d=mm&r=g\",\"url\":\"https:\\\/\\\/secure.gravatar.com\\\/avatar\\\/fec5f6f1893d741ed5eecccff109ce43e67a855411202a3212a058cb8e5c27d4?s=96&d=mm&r=g\",\"contentUrl\":\"https:\\\/\\\/secure.gravatar.com\\\/avatar\\\/fec5f6f1893d741ed5eecccff109ce43e67a855411202a3212a058cb8e5c27d4?s=96&d=mm&r=g\",\"caption\":\"Redacci\u00f3n Muy Jujuy\"},\"url\":\"https:\\\/\\\/www.muyjujuy.com\\\/index.php\\\/author\\\/editor\\\/\"}]}<\/script>\n<!-- \/ Yoast SEO plugin. -->","yoast_head_json":{"title":"R\u00edo Blanco: construir\u00e1n un monumento en honor a la Virgen del Rosario y a Pedro Ortiz de Z\u00e1rate","description":"Avanza en la construcci\u00f3n de un monumento para homenajear a la Virgen del Rosario de R\u00edo Blanco y al beato juje\u00f1o Pedro Ortiz de Z\u00e1rate.","robots":{"index":"index","follow":"follow","max-snippet":"max-snippet:-1","max-image-preview":"max-image-preview:large","max-video-preview":"max-video-preview:-1"},"canonical":"https:\/\/www.muyjujuy.com\/index.php\/2022\/07\/27\/rio-blanco-construiran-un-monumento-en-honor-a-la-virgen-del-rosario-y-a-pedro-ortiz-de-zarate\/","og_locale":"es_ES","og_type":"article","og_title":"R\u00edo Blanco: construir\u00e1n un monumento en honor a la Virgen del Rosario y a Pedro Ortiz de Z\u00e1rate","og_description":"Avanza en la construcci\u00f3n de un monumento para homenajear a la Virgen del Rosario de R\u00edo Blanco y al beato juje\u00f1o Pedro Ortiz de Z\u00e1rate.","og_url":"https:\/\/www.muyjujuy.com\/index.php\/2022\/07\/27\/rio-blanco-construiran-un-monumento-en-honor-a-la-virgen-del-rosario-y-a-pedro-ortiz-de-zarate\/","og_site_name":"Muy Jujuy","article_publisher":"https:\/\/www.facebook.com\/muyjujuycom","article_published_time":"2022-07-27T17:38:39+00:00","article_modified_time":"2022-07-27T17:38:41+00:00","og_image":[{"width":990,"height":610,"url":"https:\/\/www.muyjujuy.com\/wp-content\/uploads\/2022\/07\/WhatsApp-Image-2022-07-27-at-2.36.17-PM.jpeg","type":"image\/jpeg"}],"author":"Redacci\u00f3n Muy Jujuy","twitter_card":"summary_large_image","twitter_creator":"@muyjujuy","twitter_site":"@muyjujuy","twitter_misc":{"Escrito por":"Redacci\u00f3n Muy Jujuy","Tiempo de lectura":"2 minutos"},"schema":{"@context":"https:\/\/schema.org","@graph":[{"@type":"Article","@id":"https:\/\/www.muyjujuy.com\/index.php\/2022\/07\/27\/rio-blanco-construiran-un-monumento-en-honor-a-la-virgen-del-rosario-y-a-pedro-ortiz-de-zarate\/#article","isPartOf":{"@id":"https:\/\/www.muyjujuy.com\/index.php\/2022\/07\/27\/rio-blanco-construiran-un-monumento-en-honor-a-la-virgen-del-rosario-y-a-pedro-ortiz-de-zarate\/"},"author":{"name":"Redacci\u00f3n Muy Jujuy","@id":"https:\/\/www.muyjujuy.com\/#\/schema\/person\/1d0f6e223ccea9e3f9034c1a5b683bf2"},"headline":"R\u00edo Blanco: construir\u00e1n un monumento en honor a la Virgen del Rosario y a Pedro Ortiz de Z\u00e1rate","datePublished":"2022-07-27T17:38:39+00:00","dateModified":"2022-07-27T17:38:41+00:00","mainEntityOfPage":{"@id":"https:\/\/www.muyjujuy.com\/index.php\/2022\/07\/27\/rio-blanco-construiran-un-monumento-en-honor-a-la-virgen-del-rosario-y-a-pedro-ortiz-de-zarate\/"},"wordCount":298,"commentCount":0,"publisher":{"@id":"https:\/\/www.muyjujuy.com\/#organization"},"image":{"@id":"https:\/\/www.muyjujuy.com\/index.php\/2022\/07\/27\/rio-blanco-construiran-un-monumento-en-honor-a-la-virgen-del-rosario-y-a-pedro-ortiz-de-zarate\/#primaryimage"},"thumbnailUrl":"https:\/\/www.muyjujuy.com\/wp-content\/uploads\/2022\/07\/WhatsApp-Image-2022-07-27-at-2.36.17-PM.jpeg","keywords":["Jujuy","Pedro Ortiz de Z\u00e1rate","Virgen del Rosario"],"articleSection":["Sociedad"],"inLanguage":"es-AR","potentialAction":[{"@type":"CommentAction","name":"Comment","target":["https:\/\/www.muyjujuy.com\/index.php\/2022\/07\/27\/rio-blanco-construiran-un-monumento-en-honor-a-la-virgen-del-rosario-y-a-pedro-ortiz-de-zarate\/#respond"]}]},{"@type":"WebPage","@id":"https:\/\/www.muyjujuy.com\/index.php\/2022\/07\/27\/rio-blanco-construiran-un-monumento-en-honor-a-la-virgen-del-rosario-y-a-pedro-ortiz-de-zarate\/","url":"https:\/\/www.muyjujuy.com\/index.php\/2022\/07\/27\/rio-blanco-construiran-un-monumento-en-honor-a-la-virgen-del-rosario-y-a-pedro-ortiz-de-zarate\/","name":"R\u00edo Blanco: construir\u00e1n un monumento en honor a la Virgen del Rosario y a Pedro Ortiz de Z\u00e1rate","isPartOf":{"@id":"https:\/\/www.muyjujuy.com\/#website"},"primaryImageOfPage":{"@id":"https:\/\/www.muyjujuy.com\/index.php\/2022\/07\/27\/rio-blanco-construiran-un-monumento-en-honor-a-la-virgen-del-rosario-y-a-pedro-ortiz-de-zarate\/#primaryimage"},"image":{"@id":"https:\/\/www.muyjujuy.com\/index.php\/2022\/07\/27\/rio-blanco-construiran-un-monumento-en-honor-a-la-virgen-del-rosario-y-a-pedro-ortiz-de-zarate\/#primaryimage"},"thumbnailUrl":"https:\/\/www.muyjujuy.com\/wp-content\/uploads\/2022\/07\/WhatsApp-Image-2022-07-27-at-2.36.17-PM.jpeg","datePublished":"2022-07-27T17:38:39+00:00","dateModified":"2022-07-27T17:38:41+00:00","description":"Avanza en la construcci\u00f3n de un monumento para homenajear a la Virgen del Rosario de R\u00edo Blanco y al beato juje\u00f1o Pedro Ortiz de Z\u00e1rate.","breadcrumb":{"@id":"https:\/\/www.muyjujuy.com\/index.php\/2022\/07\/27\/rio-blanco-construiran-un-monumento-en-honor-a-la-virgen-del-rosario-y-a-pedro-ortiz-de-zarate\/#breadcrumb"},"inLanguage":"es-AR","potentialAction":[{"@type":"ReadAction","target":["https:\/\/www.muyjujuy.com\/index.php\/2022\/07\/27\/rio-blanco-construiran-un-monumento-en-honor-a-la-virgen-del-rosario-y-a-pedro-ortiz-de-zarate\/"]}]},{"@type":"ImageObject","inLanguage":"es-AR","@id":"https:\/\/www.muyjujuy.com\/index.php\/2022\/07\/27\/rio-blanco-construiran-un-monumento-en-honor-a-la-virgen-del-rosario-y-a-pedro-ortiz-de-zarate\/#primaryimage","url":"https:\/\/www.muyjujuy.com\/wp-content\/uploads\/2022\/07\/WhatsApp-Image-2022-07-27-at-2.36.17-PM.jpeg","contentUrl":"https:\/\/www.muyjujuy.com\/wp-content\/uploads\/2022\/07\/WhatsApp-Image-2022-07-27-at-2.36.17-PM.jpeg","width":990,"height":610},{"@type":"BreadcrumbList","@id":"https:\/\/www.muyjujuy.com\/index.php\/2022\/07\/27\/rio-blanco-construiran-un-monumento-en-honor-a-la-virgen-del-rosario-y-a-pedro-ortiz-de-zarate\/#breadcrumb","itemListElement":[{"@type":"ListItem","position":1,"name":"Inicio","item":"https:\/\/www.muyjujuy.com\/"},{"@type":"ListItem","position":2,"name":"R\u00edo Blanco: construir\u00e1n un monumento en honor a la Virgen del Rosario y a Pedro Ortiz de Z\u00e1rate"}]},{"@type":"WebSite","@id":"https:\/\/www.muyjujuy.com\/#website","url":"https:\/\/www.muyjujuy.com\/","name":"Muy Jujuy","description":"","publisher":{"@id":"https:\/\/www.muyjujuy.com\/#organization"},"potentialAction":[{"@type":"SearchAction","target":{"@type":"EntryPoint","urlTemplate":"https:\/\/www.muyjujuy.com\/?s={search_term_string}"},"query-input":{"@type":"PropertyValueSpecification","valueRequired":true,"valueName":"search_term_string"}}],"inLanguage":"es-AR"},{"@type":"Organization","@id":"https:\/\/www.muyjujuy.com\/#organization","name":"Muy Jujuy","url":"https:\/\/www.muyjujuy.com\/","logo":{"@type":"ImageObject","inLanguage":"es-AR","@id":"https:\/\/www.muyjujuy.com\/#\/schema\/logo\/image\/","url":"http:\/\/www.muyjujuy.com\/wp-content\/uploads\/2022\/05\/logo-mobil-jujuy.png","contentUrl":"http:\/\/www.muyjujuy.com\/wp-content\/uploads\/2022\/05\/logo-mobil-jujuy.png","width":174,"height":81,"caption":"Muy Jujuy"},"image":{"@id":"https:\/\/www.muyjujuy.com\/#\/schema\/logo\/image\/"},"sameAs":["https:\/\/www.facebook.com\/muyjujuycom","https:\/\/x.com\/muyjujuy","https:\/\/www.instagram.com\/muyjujuycom"]},{"@type":"Person","@id":"https:\/\/www.muyjujuy.com\/#\/schema\/person\/1d0f6e223ccea9e3f9034c1a5b683bf2","name":"Redacci\u00f3n Muy Jujuy","image":{"@type":"ImageObject","inLanguage":"es-AR","@id":"https:\/\/secure.gravatar.com\/avatar\/fec5f6f1893d741ed5eecccff109ce43e67a855411202a3212a058cb8e5c27d4?s=96&d=mm&r=g","url":"https:\/\/secure.gravatar.com\/avatar\/fec5f6f1893d741ed5eecccff109ce43e67a855411202a3212a058cb8e5c27d4?s=96&d=mm&r=g","contentUrl":"https:\/\/secure.gravatar.com\/avatar\/fec5f6f1893d741ed5eecccff109ce43e67a855411202a3212a058cb8e5c27d4?s=96&d=mm&r=g","caption":"Redacci\u00f3n Muy Jujuy"},"url":"https:\/\/www.muyjujuy.com\/index.php\/author\/editor\/"}]}},"_links":{"self":[{"href":"https:\/\/www.muyjujuy.com\/index.php\/wp-json\/wp\/v2\/posts\/1021","targetHints":{"allow":["GET"]}}],"collection":[{"href":"https:\/\/www.muyjujuy.com\/index.php\/wp-json\/wp\/v2\/posts"}],"about":[{"href":"https:\/\/www.muyjujuy.com\/index.php\/wp-json\/wp\/v2\/types\/post"}],"author":[{"embeddable":true,"href":"https:\/\/www.muyjujuy.com\/index.php\/wp-json\/wp\/v2\/users\/3"}],"replies":[{"embeddable":true,"href":"https:\/\/www.muyjujuy.com\/index.php\/wp-json\/wp\/v2\/comments?post=1021"}],"version-history":[{"count":1,"href":"https:\/\/www.muyjujuy.com\/index.php\/wp-json\/wp\/v2\/posts\/1021\/revisions"}],"predecessor-version":[{"id":1023,"href":"https:\/\/www.muyjujuy.com\/index.php\/wp-json\/wp\/v2\/posts\/1021\/revisions\/1023"}],"wp:featuredmedia":[{"embeddable":true,"href":"https:\/\/www.muyjujuy.com\/index.php\/wp-json\/wp\/v2\/media\/1022"}],"wp:attachment":[{"href":"https:\/\/www.muyjujuy.com\/index.php\/wp-json\/wp\/v2\/media?parent=1021"}],"wp:term":[{"taxonomy":"category","embeddable":true,"href":"https:\/\/www.muyjujuy.com\/index.php\/wp-json\/wp\/v2\/categories?post=1021"},{"taxonomy":"post_tag","embeddable":true,"href":"https:\/\/www.muyjujuy.com\/index.php\/wp-json\/wp\/v2\/tags?post=1021"}],"curies":[{"name":"wp","href":"https:\/\/api.w.org\/{rel}","templated":true}]}}