{"id":1053,"date":"2022-07-29T16:01:22","date_gmt":"2022-07-29T19:01:22","guid":{"rendered":"https:\/\/www.muyjujuy.com\/?p=1053"},"modified":"2022-07-29T16:01:25","modified_gmt":"2022-07-29T19:01:25","slug":"humahuaca-atropellaron-a-un-nene-de-10-anos-y-su-estado-es-critico","status":"publish","type":"post","link":"https:\/\/www.muyjujuy.com\/index.php\/2022\/07\/29\/humahuaca-atropellaron-a-un-nene-de-10-anos-y-su-estado-es-critico\/","title":{"rendered":"Humahuaca: atropellaron a un nene de 10 a\u00f1os y su estado es cr\u00edtico"},"content":{"rendered":"\n<p><em>El accidente conmocion\u00f3 a Humahuaca y el menor se encuentra internado en terapia intensiva en el Hospital Materno Infantil.<\/em><\/p>\n\n\n\n<p>Un ni\u00f1o de 10 a\u00f1os fue atropellado por un auto cuando cruzaba la ruta en Humahuaca. El hecho ocurri\u00f3 el jueves a \u00faltima hora y el estado del menor es <\/p>\n\n\n\n<p><strong>El nene fue trasladado de urgencia hacia el Hospital Materno Infantil de la capital juje\u00f1a <\/strong>donde quedo internado bajo un pron\u00f3stico reservado. Al respecto, el subdirector del Hospital Materno Infantil, Jorge Valdez, explic\u00f3 a Somos Jujuy: <strong>\u201cLos terapistas est\u00e1n trabajando muy intensamente con el ni\u00f1o\u201d.<\/strong><\/p>\n\n\n\n<p>En cuanto al estado de salud del menor, Valdez inform\u00f3: \u201cEstuve en contacto hasta hace unos minutos por unos estudios que hay que realizarle. No hay mayores datos precisos\u201d.<\/p>\n\n\n\n<p>Por otro lado, el subdirector neg\u00f3 que el menor tenga muerte cerebral. No es algo que se haya confirmado, son estudios que est\u00e1n pendientes. <strong>En este momento ese dato no es preciso<\/strong>&#8220;.<\/p>\n\n\n\n<p>Adem\u00e1s Valdez indic\u00f3: \u201cSe est\u00e1n esperando culminar con algunos estudios y programando otros para realizar en horas de la tarde de este viernes para definir el estado de salud del ni\u00f1o\u201d.<\/p>\n\n\n\n<p>&#8220;Los terapistas siguen trabajando muy intensamente con el ni\u00f1o, pero esto es muy momento a momento&#8221;, cerr\u00f3.<\/p>\n","protected":false},"excerpt":{"rendered":"<p>El accidente conmocion\u00f3 a Humahuaca y el menor se encuentra internado en terapia intensiva en el Hospital Materno Infantil. Un ni\u00f1o de 10 a\u00f1os fue atropellado por un auto cuando cruzaba la ruta en Humahuaca. El hecho ocurri\u00f3 el jueves a \u00faltima hora y el estado del menor es El nene fue trasladado de urgencia [&hellip;]<\/p>\n","protected":false},"author":3,"featured_media":1054,"comment_status":"open","ping_status":"open","sticky":false,"template":"","format":"standard","meta":{"footnotes":""},"categories":[25],"tags":[30,8],"class_list":{"0":"post-1053","1":"post","2":"type-post","3":"status-publish","4":"format-standard","5":"has-post-thumbnail","7":"category-sociedad","8":"tag-humahuaca","9":"tag-jujuy"},"yoast_head":"<!-- This site is optimized with the Yoast SEO plugin v27.5 - https:\/\/yoast.com\/product\/yoast-seo-wordpress\/ -->\n<title>Humahuaca: atropellaron a un nene de 10 a\u00f1os y su estado es cr\u00edtico -<\/title>\n<meta name=\"description\" content=\"El accidente conmocion\u00f3 a Humahuaca y el menor se encuentra internado en terapia intensiva en el Hospital Materno Infantil.\" \/>\n<meta name=\"robots\" content=\"index, follow, max-snippet:-1, max-image-preview:large, max-video-preview:-1\" \/>\n<link rel=\"canonical\" href=\"https:\/\/www.muyjujuy.com\/index.php\/2022\/07\/29\/humahuaca-atropellaron-a-un-nene-de-10-anos-y-su-estado-es-critico\/\" \/>\n<meta property=\"og:locale\" content=\"es_ES\" \/>\n<meta property=\"og:type\" content=\"article\" \/>\n<meta property=\"og:title\" content=\"Humahuaca: atropellaron a un nene de 10 a\u00f1os y su estado es cr\u00edtico -\" \/>\n<meta property=\"og:description\" content=\"El accidente conmocion\u00f3 a Humahuaca y el menor se encuentra internado en terapia intensiva en el Hospital Materno Infantil.\" \/>\n<meta property=\"og:url\" content=\"https:\/\/www.muyjujuy.com\/index.php\/2022\/07\/29\/humahuaca-atropellaron-a-un-nene-de-10-anos-y-su-estado-es-critico\/\" \/>\n<meta property=\"og:site_name\" content=\"Muy Jujuy\" \/>\n<meta property=\"article:publisher\" content=\"https:\/\/www.facebook.com\/muyjujuycom\" \/>\n<meta property=\"article:published_time\" content=\"2022-07-29T19:01:22+00:00\" \/>\n<meta property=\"article:modified_time\" content=\"2022-07-29T19:01:25+00:00\" \/>\n<meta property=\"og:image\" content=\"https:\/\/www.muyjujuy.com\/wp-content\/uploads\/2022\/07\/WhatsApp-Image-2022-07-29-at-3.59.21-PM.jpeg\" \/>\n\t<meta property=\"og:image:width\" content=\"990\" \/>\n\t<meta property=\"og:image:height\" content=\"610\" \/>\n\t<meta property=\"og:image:type\" content=\"image\/jpeg\" \/>\n<meta name=\"author\" content=\"Redacci\u00f3n Muy Jujuy\" \/>\n<meta name=\"twitter:card\" content=\"summary_large_image\" \/>\n<meta name=\"twitter:creator\" content=\"@muyjujuy\" \/>\n<meta name=\"twitter:site\" content=\"@muyjujuy\" \/>\n<meta name=\"twitter:label1\" content=\"Escrito por\" \/>\n\t<meta name=\"twitter:data1\" content=\"Redacci\u00f3n Muy Jujuy\" \/>\n\t<meta name=\"twitter:label2\" content=\"Tiempo de lectura\" \/>\n\t<meta name=\"twitter:data2\" content=\"1 minuto\" \/>\n<script type=\"application\/ld+json\" class=\"yoast-schema-graph\">{\"@context\":\"https:\\\/\\\/schema.org\",\"@graph\":[{\"@type\":\"Article\",\"@id\":\"https:\\\/\\\/www.muyjujuy.com\\\/index.php\\\/2022\\\/07\\\/29\\\/humahuaca-atropellaron-a-un-nene-de-10-anos-y-su-estado-es-critico\\\/#article\",\"isPartOf\":{\"@id\":\"https:\\\/\\\/www.muyjujuy.com\\\/index.php\\\/2022\\\/07\\\/29\\\/humahuaca-atropellaron-a-un-nene-de-10-anos-y-su-estado-es-critico\\\/\"},\"author\":{\"name\":\"Redacci\u00f3n Muy Jujuy\",\"@id\":\"https:\\\/\\\/www.muyjujuy.com\\\/#\\\/schema\\\/person\\\/1d0f6e223ccea9e3f9034c1a5b683bf2\"},\"headline\":\"Humahuaca: atropellaron a un nene de 10 a\u00f1os y su estado es cr\u00edtico\",\"datePublished\":\"2022-07-29T19:01:22+00:00\",\"dateModified\":\"2022-07-29T19:01:25+00:00\",\"mainEntityOfPage\":{\"@id\":\"https:\\\/\\\/www.muyjujuy.com\\\/index.php\\\/2022\\\/07\\\/29\\\/humahuaca-atropellaron-a-un-nene-de-10-anos-y-su-estado-es-critico\\\/\"},\"wordCount\":227,\"commentCount\":0,\"publisher\":{\"@id\":\"https:\\\/\\\/www.muyjujuy.com\\\/#organization\"},\"image\":{\"@id\":\"https:\\\/\\\/www.muyjujuy.com\\\/index.php\\\/2022\\\/07\\\/29\\\/humahuaca-atropellaron-a-un-nene-de-10-anos-y-su-estado-es-critico\\\/#primaryimage\"},\"thumbnailUrl\":\"https:\\\/\\\/www.muyjujuy.com\\\/wp-content\\\/uploads\\\/2022\\\/07\\\/WhatsApp-Image-2022-07-29-at-3.59.21-PM.jpeg\",\"keywords\":[\"Humahuaca\",\"Jujuy\"],\"articleSection\":[\"Sociedad\"],\"inLanguage\":\"es-AR\",\"potentialAction\":[{\"@type\":\"CommentAction\",\"name\":\"Comment\",\"target\":[\"https:\\\/\\\/www.muyjujuy.com\\\/index.php\\\/2022\\\/07\\\/29\\\/humahuaca-atropellaron-a-un-nene-de-10-anos-y-su-estado-es-critico\\\/#respond\"]}]},{\"@type\":\"WebPage\",\"@id\":\"https:\\\/\\\/www.muyjujuy.com\\\/index.php\\\/2022\\\/07\\\/29\\\/humahuaca-atropellaron-a-un-nene-de-10-anos-y-su-estado-es-critico\\\/\",\"url\":\"https:\\\/\\\/www.muyjujuy.com\\\/index.php\\\/2022\\\/07\\\/29\\\/humahuaca-atropellaron-a-un-nene-de-10-anos-y-su-estado-es-critico\\\/\",\"name\":\"Humahuaca: atropellaron a un nene de 10 a\u00f1os y su estado es cr\u00edtico -\",\"isPartOf\":{\"@id\":\"https:\\\/\\\/www.muyjujuy.com\\\/#website\"},\"primaryImageOfPage\":{\"@id\":\"https:\\\/\\\/www.muyjujuy.com\\\/index.php\\\/2022\\\/07\\\/29\\\/humahuaca-atropellaron-a-un-nene-de-10-anos-y-su-estado-es-critico\\\/#primaryimage\"},\"image\":{\"@id\":\"https:\\\/\\\/www.muyjujuy.com\\\/index.php\\\/2022\\\/07\\\/29\\\/humahuaca-atropellaron-a-un-nene-de-10-anos-y-su-estado-es-critico\\\/#primaryimage\"},\"thumbnailUrl\":\"https:\\\/\\\/www.muyjujuy.com\\\/wp-content\\\/uploads\\\/2022\\\/07\\\/WhatsApp-Image-2022-07-29-at-3.59.21-PM.jpeg\",\"datePublished\":\"2022-07-29T19:01:22+00:00\",\"dateModified\":\"2022-07-29T19:01:25+00:00\",\"description\":\"El accidente conmocion\u00f3 a Humahuaca y el menor se encuentra internado en terapia intensiva en el Hospital Materno Infantil.\",\"breadcrumb\":{\"@id\":\"https:\\\/\\\/www.muyjujuy.com\\\/index.php\\\/2022\\\/07\\\/29\\\/humahuaca-atropellaron-a-un-nene-de-10-anos-y-su-estado-es-critico\\\/#breadcrumb\"},\"inLanguage\":\"es-AR\",\"potentialAction\":[{\"@type\":\"ReadAction\",\"target\":[\"https:\\\/\\\/www.muyjujuy.com\\\/index.php\\\/2022\\\/07\\\/29\\\/humahuaca-atropellaron-a-un-nene-de-10-anos-y-su-estado-es-critico\\\/\"]}]},{\"@type\":\"ImageObject\",\"inLanguage\":\"es-AR\",\"@id\":\"https:\\\/\\\/www.muyjujuy.com\\\/index.php\\\/2022\\\/07\\\/29\\\/humahuaca-atropellaron-a-un-nene-de-10-anos-y-su-estado-es-critico\\\/#primaryimage\",\"url\":\"https:\\\/\\\/www.muyjujuy.com\\\/wp-content\\\/uploads\\\/2022\\\/07\\\/WhatsApp-Image-2022-07-29-at-3.59.21-PM.jpeg\",\"contentUrl\":\"https:\\\/\\\/www.muyjujuy.com\\\/wp-content\\\/uploads\\\/2022\\\/07\\\/WhatsApp-Image-2022-07-29-at-3.59.21-PM.jpeg\",\"width\":990,\"height\":610},{\"@type\":\"BreadcrumbList\",\"@id\":\"https:\\\/\\\/www.muyjujuy.com\\\/index.php\\\/2022\\\/07\\\/29\\\/humahuaca-atropellaron-a-un-nene-de-10-anos-y-su-estado-es-critico\\\/#breadcrumb\",\"itemListElement\":[{\"@type\":\"ListItem\",\"position\":1,\"name\":\"Inicio\",\"item\":\"https:\\\/\\\/www.muyjujuy.com\\\/\"},{\"@type\":\"ListItem\",\"position\":2,\"name\":\"Humahuaca: atropellaron a un nene de 10 a\u00f1os y su estado es cr\u00edtico\"}]},{\"@type\":\"WebSite\",\"@id\":\"https:\\\/\\\/www.muyjujuy.com\\\/#website\",\"url\":\"https:\\\/\\\/www.muyjujuy.com\\\/\",\"name\":\"Muy Jujuy\",\"description\":\"\",\"publisher\":{\"@id\":\"https:\\\/\\\/www.muyjujuy.com\\\/#organization\"},\"potentialAction\":[{\"@type\":\"SearchAction\",\"target\":{\"@type\":\"EntryPoint\",\"urlTemplate\":\"https:\\\/\\\/www.muyjujuy.com\\\/?s={search_term_string}\"},\"query-input\":{\"@type\":\"PropertyValueSpecification\",\"valueRequired\":true,\"valueName\":\"search_term_string\"}}],\"inLanguage\":\"es-AR\"},{\"@type\":\"Organization\",\"@id\":\"https:\\\/\\\/www.muyjujuy.com\\\/#organization\",\"name\":\"Muy Jujuy\",\"url\":\"https:\\\/\\\/www.muyjujuy.com\\\/\",\"logo\":{\"@type\":\"ImageObject\",\"inLanguage\":\"es-AR\",\"@id\":\"https:\\\/\\\/www.muyjujuy.com\\\/#\\\/schema\\\/logo\\\/image\\\/\",\"url\":\"http:\\\/\\\/www.muyjujuy.com\\\/wp-content\\\/uploads\\\/2022\\\/05\\\/logo-mobil-jujuy.png\",\"contentUrl\":\"http:\\\/\\\/www.muyjujuy.com\\\/wp-content\\\/uploads\\\/2022\\\/05\\\/logo-mobil-jujuy.png\",\"width\":174,\"height\":81,\"caption\":\"Muy Jujuy\"},\"image\":{\"@id\":\"https:\\\/\\\/www.muyjujuy.com\\\/#\\\/schema\\\/logo\\\/image\\\/\"},\"sameAs\":[\"https:\\\/\\\/www.facebook.com\\\/muyjujuycom\",\"https:\\\/\\\/x.com\\\/muyjujuy\",\"https:\\\/\\\/www.instagram.com\\\/muyjujuycom\"]},{\"@type\":\"Person\",\"@id\":\"https:\\\/\\\/www.muyjujuy.com\\\/#\\\/schema\\\/person\\\/1d0f6e223ccea9e3f9034c1a5b683bf2\",\"name\":\"Redacci\u00f3n Muy Jujuy\",\"image\":{\"@type\":\"ImageObject\",\"inLanguage\":\"es-AR\",\"@id\":\"https:\\\/\\\/secure.gravatar.com\\\/avatar\\\/fec5f6f1893d741ed5eecccff109ce43e67a855411202a3212a058cb8e5c27d4?s=96&d=mm&r=g\",\"url\":\"https:\\\/\\\/secure.gravatar.com\\\/avatar\\\/fec5f6f1893d741ed5eecccff109ce43e67a855411202a3212a058cb8e5c27d4?s=96&d=mm&r=g\",\"contentUrl\":\"https:\\\/\\\/secure.gravatar.com\\\/avatar\\\/fec5f6f1893d741ed5eecccff109ce43e67a855411202a3212a058cb8e5c27d4?s=96&d=mm&r=g\",\"caption\":\"Redacci\u00f3n Muy Jujuy\"},\"url\":\"https:\\\/\\\/www.muyjujuy.com\\\/index.php\\\/author\\\/editor\\\/\"}]}<\/script>\n<!-- \/ Yoast SEO plugin. -->","yoast_head_json":{"title":"Humahuaca: atropellaron a un nene de 10 a\u00f1os y su estado es cr\u00edtico -","description":"El accidente conmocion\u00f3 a Humahuaca y el menor se encuentra internado en terapia intensiva en el Hospital Materno Infantil.","robots":{"index":"index","follow":"follow","max-snippet":"max-snippet:-1","max-image-preview":"max-image-preview:large","max-video-preview":"max-video-preview:-1"},"canonical":"https:\/\/www.muyjujuy.com\/index.php\/2022\/07\/29\/humahuaca-atropellaron-a-un-nene-de-10-anos-y-su-estado-es-critico\/","og_locale":"es_ES","og_type":"article","og_title":"Humahuaca: atropellaron a un nene de 10 a\u00f1os y su estado es cr\u00edtico -","og_description":"El accidente conmocion\u00f3 a Humahuaca y el menor se encuentra internado en terapia intensiva en el Hospital Materno Infantil.","og_url":"https:\/\/www.muyjujuy.com\/index.php\/2022\/07\/29\/humahuaca-atropellaron-a-un-nene-de-10-anos-y-su-estado-es-critico\/","og_site_name":"Muy Jujuy","article_publisher":"https:\/\/www.facebook.com\/muyjujuycom","article_published_time":"2022-07-29T19:01:22+00:00","article_modified_time":"2022-07-29T19:01:25+00:00","og_image":[{"width":990,"height":610,"url":"https:\/\/www.muyjujuy.com\/wp-content\/uploads\/2022\/07\/WhatsApp-Image-2022-07-29-at-3.59.21-PM.jpeg","type":"image\/jpeg"}],"author":"Redacci\u00f3n Muy Jujuy","twitter_card":"summary_large_image","twitter_creator":"@muyjujuy","twitter_site":"@muyjujuy","twitter_misc":{"Escrito por":"Redacci\u00f3n Muy Jujuy","Tiempo de lectura":"1 minuto"},"schema":{"@context":"https:\/\/schema.org","@graph":[{"@type":"Article","@id":"https:\/\/www.muyjujuy.com\/index.php\/2022\/07\/29\/humahuaca-atropellaron-a-un-nene-de-10-anos-y-su-estado-es-critico\/#article","isPartOf":{"@id":"https:\/\/www.muyjujuy.com\/index.php\/2022\/07\/29\/humahuaca-atropellaron-a-un-nene-de-10-anos-y-su-estado-es-critico\/"},"author":{"name":"Redacci\u00f3n Muy Jujuy","@id":"https:\/\/www.muyjujuy.com\/#\/schema\/person\/1d0f6e223ccea9e3f9034c1a5b683bf2"},"headline":"Humahuaca: atropellaron a un nene de 10 a\u00f1os y su estado es cr\u00edtico","datePublished":"2022-07-29T19:01:22+00:00","dateModified":"2022-07-29T19:01:25+00:00","mainEntityOfPage":{"@id":"https:\/\/www.muyjujuy.com\/index.php\/2022\/07\/29\/humahuaca-atropellaron-a-un-nene-de-10-anos-y-su-estado-es-critico\/"},"wordCount":227,"commentCount":0,"publisher":{"@id":"https:\/\/www.muyjujuy.com\/#organization"},"image":{"@id":"https:\/\/www.muyjujuy.com\/index.php\/2022\/07\/29\/humahuaca-atropellaron-a-un-nene-de-10-anos-y-su-estado-es-critico\/#primaryimage"},"thumbnailUrl":"https:\/\/www.muyjujuy.com\/wp-content\/uploads\/2022\/07\/WhatsApp-Image-2022-07-29-at-3.59.21-PM.jpeg","keywords":["Humahuaca","Jujuy"],"articleSection":["Sociedad"],"inLanguage":"es-AR","potentialAction":[{"@type":"CommentAction","name":"Comment","target":["https:\/\/www.muyjujuy.com\/index.php\/2022\/07\/29\/humahuaca-atropellaron-a-un-nene-de-10-anos-y-su-estado-es-critico\/#respond"]}]},{"@type":"WebPage","@id":"https:\/\/www.muyjujuy.com\/index.php\/2022\/07\/29\/humahuaca-atropellaron-a-un-nene-de-10-anos-y-su-estado-es-critico\/","url":"https:\/\/www.muyjujuy.com\/index.php\/2022\/07\/29\/humahuaca-atropellaron-a-un-nene-de-10-anos-y-su-estado-es-critico\/","name":"Humahuaca: atropellaron a un nene de 10 a\u00f1os y su estado es cr\u00edtico -","isPartOf":{"@id":"https:\/\/www.muyjujuy.com\/#website"},"primaryImageOfPage":{"@id":"https:\/\/www.muyjujuy.com\/index.php\/2022\/07\/29\/humahuaca-atropellaron-a-un-nene-de-10-anos-y-su-estado-es-critico\/#primaryimage"},"image":{"@id":"https:\/\/www.muyjujuy.com\/index.php\/2022\/07\/29\/humahuaca-atropellaron-a-un-nene-de-10-anos-y-su-estado-es-critico\/#primaryimage"},"thumbnailUrl":"https:\/\/www.muyjujuy.com\/wp-content\/uploads\/2022\/07\/WhatsApp-Image-2022-07-29-at-3.59.21-PM.jpeg","datePublished":"2022-07-29T19:01:22+00:00","dateModified":"2022-07-29T19:01:25+00:00","description":"El accidente conmocion\u00f3 a Humahuaca y el menor se encuentra internado en terapia intensiva en el Hospital Materno Infantil.","breadcrumb":{"@id":"https:\/\/www.muyjujuy.com\/index.php\/2022\/07\/29\/humahuaca-atropellaron-a-un-nene-de-10-anos-y-su-estado-es-critico\/#breadcrumb"},"inLanguage":"es-AR","potentialAction":[{"@type":"ReadAction","target":["https:\/\/www.muyjujuy.com\/index.php\/2022\/07\/29\/humahuaca-atropellaron-a-un-nene-de-10-anos-y-su-estado-es-critico\/"]}]},{"@type":"ImageObject","inLanguage":"es-AR","@id":"https:\/\/www.muyjujuy.com\/index.php\/2022\/07\/29\/humahuaca-atropellaron-a-un-nene-de-10-anos-y-su-estado-es-critico\/#primaryimage","url":"https:\/\/www.muyjujuy.com\/wp-content\/uploads\/2022\/07\/WhatsApp-Image-2022-07-29-at-3.59.21-PM.jpeg","contentUrl":"https:\/\/www.muyjujuy.com\/wp-content\/uploads\/2022\/07\/WhatsApp-Image-2022-07-29-at-3.59.21-PM.jpeg","width":990,"height":610},{"@type":"BreadcrumbList","@id":"https:\/\/www.muyjujuy.com\/index.php\/2022\/07\/29\/humahuaca-atropellaron-a-un-nene-de-10-anos-y-su-estado-es-critico\/#breadcrumb","itemListElement":[{"@type":"ListItem","position":1,"name":"Inicio","item":"https:\/\/www.muyjujuy.com\/"},{"@type":"ListItem","position":2,"name":"Humahuaca: atropellaron a un nene de 10 a\u00f1os y su estado es cr\u00edtico"}]},{"@type":"WebSite","@id":"https:\/\/www.muyjujuy.com\/#website","url":"https:\/\/www.muyjujuy.com\/","name":"Muy Jujuy","description":"","publisher":{"@id":"https:\/\/www.muyjujuy.com\/#organization"},"potentialAction":[{"@type":"SearchAction","target":{"@type":"EntryPoint","urlTemplate":"https:\/\/www.muyjujuy.com\/?s={search_term_string}"},"query-input":{"@type":"PropertyValueSpecification","valueRequired":true,"valueName":"search_term_string"}}],"inLanguage":"es-AR"},{"@type":"Organization","@id":"https:\/\/www.muyjujuy.com\/#organization","name":"Muy Jujuy","url":"https:\/\/www.muyjujuy.com\/","logo":{"@type":"ImageObject","inLanguage":"es-AR","@id":"https:\/\/www.muyjujuy.com\/#\/schema\/logo\/image\/","url":"http:\/\/www.muyjujuy.com\/wp-content\/uploads\/2022\/05\/logo-mobil-jujuy.png","contentUrl":"http:\/\/www.muyjujuy.com\/wp-content\/uploads\/2022\/05\/logo-mobil-jujuy.png","width":174,"height":81,"caption":"Muy Jujuy"},"image":{"@id":"https:\/\/www.muyjujuy.com\/#\/schema\/logo\/image\/"},"sameAs":["https:\/\/www.facebook.com\/muyjujuycom","https:\/\/x.com\/muyjujuy","https:\/\/www.instagram.com\/muyjujuycom"]},{"@type":"Person","@id":"https:\/\/www.muyjujuy.com\/#\/schema\/person\/1d0f6e223ccea9e3f9034c1a5b683bf2","name":"Redacci\u00f3n Muy Jujuy","image":{"@type":"ImageObject","inLanguage":"es-AR","@id":"https:\/\/secure.gravatar.com\/avatar\/fec5f6f1893d741ed5eecccff109ce43e67a855411202a3212a058cb8e5c27d4?s=96&d=mm&r=g","url":"https:\/\/secure.gravatar.com\/avatar\/fec5f6f1893d741ed5eecccff109ce43e67a855411202a3212a058cb8e5c27d4?s=96&d=mm&r=g","contentUrl":"https:\/\/secure.gravatar.com\/avatar\/fec5f6f1893d741ed5eecccff109ce43e67a855411202a3212a058cb8e5c27d4?s=96&d=mm&r=g","caption":"Redacci\u00f3n Muy Jujuy"},"url":"https:\/\/www.muyjujuy.com\/index.php\/author\/editor\/"}]}},"_links":{"self":[{"href":"https:\/\/www.muyjujuy.com\/index.php\/wp-json\/wp\/v2\/posts\/1053","targetHints":{"allow":["GET"]}}],"collection":[{"href":"https:\/\/www.muyjujuy.com\/index.php\/wp-json\/wp\/v2\/posts"}],"about":[{"href":"https:\/\/www.muyjujuy.com\/index.php\/wp-json\/wp\/v2\/types\/post"}],"author":[{"embeddable":true,"href":"https:\/\/www.muyjujuy.com\/index.php\/wp-json\/wp\/v2\/users\/3"}],"replies":[{"embeddable":true,"href":"https:\/\/www.muyjujuy.com\/index.php\/wp-json\/wp\/v2\/comments?post=1053"}],"version-history":[{"count":1,"href":"https:\/\/www.muyjujuy.com\/index.php\/wp-json\/wp\/v2\/posts\/1053\/revisions"}],"predecessor-version":[{"id":1055,"href":"https:\/\/www.muyjujuy.com\/index.php\/wp-json\/wp\/v2\/posts\/1053\/revisions\/1055"}],"wp:featuredmedia":[{"embeddable":true,"href":"https:\/\/www.muyjujuy.com\/index.php\/wp-json\/wp\/v2\/media\/1054"}],"wp:attachment":[{"href":"https:\/\/www.muyjujuy.com\/index.php\/wp-json\/wp\/v2\/media?parent=1053"}],"wp:term":[{"taxonomy":"category","embeddable":true,"href":"https:\/\/www.muyjujuy.com\/index.php\/wp-json\/wp\/v2\/categories?post=1053"},{"taxonomy":"post_tag","embeddable":true,"href":"https:\/\/www.muyjujuy.com\/index.php\/wp-json\/wp\/v2\/tags?post=1053"}],"curies":[{"name":"wp","href":"https:\/\/api.w.org\/{rel}","templated":true}]}}