{"id":1081,"date":"2022-08-03T12:53:26","date_gmt":"2022-08-03T15:53:26","guid":{"rendered":"https:\/\/www.muyjujuy.com\/?p=1081"},"modified":"2022-08-03T12:53:59","modified_gmt":"2022-08-03T15:53:59","slug":"jujuy-en-2023-82-nuevas-escuelas-primarias-tendran-jornada-extendida","status":"publish","type":"post","link":"https:\/\/www.muyjujuy.com\/index.php\/2022\/08\/03\/jujuy-en-2023-82-nuevas-escuelas-primarias-tendran-jornada-extendida\/","title":{"rendered":"Jujuy: en 2023, 82 nuevas escuelas primarias tendr\u00e1n jornada extendida"},"content":{"rendered":"\n<p><em>El Gobierno de Jujuy avanza junto a Naci\u00f3n en ampliar la jornada extendida en m\u00e1s establecimientos.<\/em><\/p>\n\n\n\n<p><a href=\"https:\/\/www.muyjujuy.com\/index.php\/2022\/07\/18\/confirmaron-que-la-hora-extra-en-escuelas-se-implementara-desde-el-2023-en-jujuy\/\">El Gobierno provincial avanza en la jornada extendida en las escuelas de Jujuy<\/a> y<strong> se proyecta que 82 nuevos establecimientos incorporar\u00e1n esta modalidad.<\/strong> Este mes se comenz\u00f3 a aplicar en 64 colegios. <\/p>\n\n\n\n<p>la informaci\u00f3n fue adelantada por el director de Educaci\u00f3n Primaria del Ministerio de Educaci\u00f3n de Jujuy, <strong>Diego Cruz<\/strong>, quien en di\u00e1logo con el programa La Primera Hora de LW8. Explic\u00f3 que <strong>se viene trabajando en ese sentido con las autoridades de Naci\u00f3n.<\/strong><\/p>\n\n\n\n<p>&#8220;Avanzamos en un acuerdo con Naci\u00f3n para llevar<strong> estas 64 escuelas a jornada extendida\u201d<\/strong>, indic\u00f3 el funcionario y adelant\u00f3: <strong>&#8220;El compromiso nuestro es que a principios del a\u00f1o 2023 vamos a llevar 82 escuelas m\u00e1s y 108 van a pasar a extensi\u00f3n de la jornada, <\/strong>que es extender de 20 a 25 horas semanales el horario escolar\u201d.<\/p>\n\n\n\n<p>Asimismo, Cruz explic\u00f3 que para extender las jornada se tiene en cuenta varios factores. <strong>&#8220;La primera preocupaci\u00f3n para implementarlo es que las escuelas tengan los espacios f\u00edsicos suficientes, <\/strong>porque hay algunas que comparten el edificio con un secundario&#8221;, apunt\u00f3.<\/p>\n\n\n\n<p>Asegur\u00f3, adem\u00e1s que <strong>&#8220;esto viene a cambiar en todo sentido la vida de los docentes y de los estudiantes\u201d. <\/strong>Y remarc\u00f3 que esto implica <strong>&#8220;reacomodar a las familias porque est\u00e1n acostumbrados a un ritmo y a un horario determinado\u201d.<\/strong><\/p>\n\n\n\n<p>Resalt\u00f3 a su vez que se modificar\u00e1 el transporte de los docentes y cambios en la parte administrativa de las escuelas.<\/p>\n\n\n\n<h2 class=\"wp-block-heading\"><strong>Reuni\u00f3n por jornada extendida<\/strong><\/h2>\n\n\n\n<p>Cruz anticip\u00f3 que <strong>este viernes est\u00e1 prevista una reuni\u00f3n con los directores de las 64 escuelas <\/strong>en las que este mes se implementar\u00e1 la nueva modalidad. <\/p>\n\n\n\n<p>\u201cEs para que les demos todas las indicaciones necesarias para que hasta el 10 podamos hacer que entren todas estas modificaciones administrativas y a fines de agosto los docentes puedan cobrar con esta jornada extendida\u201d, concluy\u00f3.<\/p>\n","protected":false},"excerpt":{"rendered":"<p>El Gobierno de Jujuy avanza junto a Naci\u00f3n en ampliar la jornada extendida en m\u00e1s establecimientos. El Gobierno provincial avanza en la jornada extendida en las escuelas de Jujuy y se proyecta que 82 nuevos establecimientos incorporar\u00e1n esta modalidad. Este mes se comenz\u00f3 a aplicar en 64 colegios. la informaci\u00f3n fue adelantada por el director [&hellip;]<\/p>\n","protected":false},"author":3,"featured_media":1082,"comment_status":"open","ping_status":"open","sticky":false,"template":"","format":"standard","meta":{"footnotes":""},"categories":[25],"tags":[5,8],"class_list":{"0":"post-1081","1":"post","2":"type-post","3":"status-publish","4":"format-standard","5":"has-post-thumbnail","7":"category-sociedad","8":"tag-gerardo-morales","9":"tag-jujuy"},"yoast_head":"<!-- This site is optimized with the Yoast SEO plugin v27.5 - https:\/\/yoast.com\/product\/yoast-seo-wordpress\/ -->\n<title>Jujuy: en 2023, 82 nuevas escuelas primarias tendr\u00e1n jornada extendida -<\/title>\n<meta name=\"description\" content=\"El Gobierno provincial avanza en la jornada extendida en las escuelas de Jujuy y se proyecta que 82 nuevos establecimientos incorporar\u00e1n esta modalidad\" \/>\n<meta name=\"robots\" content=\"index, follow, max-snippet:-1, max-image-preview:large, max-video-preview:-1\" \/>\n<link rel=\"canonical\" href=\"https:\/\/www.muyjujuy.com\/index.php\/2022\/08\/03\/jujuy-en-2023-82-nuevas-escuelas-primarias-tendran-jornada-extendida\/\" \/>\n<meta property=\"og:locale\" content=\"es_ES\" \/>\n<meta property=\"og:type\" content=\"article\" \/>\n<meta property=\"og:title\" content=\"Jujuy: en 2023, 82 nuevas escuelas primarias tendr\u00e1n jornada extendida -\" \/>\n<meta property=\"og:description\" content=\"El Gobierno provincial avanza en la jornada extendida en las escuelas de Jujuy y se proyecta que 82 nuevos establecimientos incorporar\u00e1n esta modalidad\" \/>\n<meta property=\"og:url\" content=\"https:\/\/www.muyjujuy.com\/index.php\/2022\/08\/03\/jujuy-en-2023-82-nuevas-escuelas-primarias-tendran-jornada-extendida\/\" \/>\n<meta property=\"og:site_name\" content=\"Muy Jujuy\" \/>\n<meta property=\"article:publisher\" content=\"https:\/\/www.facebook.com\/muyjujuycom\" \/>\n<meta property=\"article:published_time\" content=\"2022-08-03T15:53:26+00:00\" \/>\n<meta property=\"article:modified_time\" content=\"2022-08-03T15:53:59+00:00\" \/>\n<meta property=\"og:image\" content=\"https:\/\/www.muyjujuy.com\/wp-content\/uploads\/2022\/08\/nino-escuela-abrigado.jpg\" \/>\n\t<meta property=\"og:image:width\" content=\"990\" \/>\n\t<meta property=\"og:image:height\" content=\"610\" \/>\n\t<meta property=\"og:image:type\" content=\"image\/jpeg\" \/>\n<meta name=\"author\" content=\"Redacci\u00f3n Muy Jujuy\" \/>\n<meta name=\"twitter:card\" content=\"summary_large_image\" \/>\n<meta name=\"twitter:creator\" content=\"@muyjujuy\" \/>\n<meta name=\"twitter:site\" content=\"@muyjujuy\" \/>\n<meta name=\"twitter:label1\" content=\"Escrito por\" \/>\n\t<meta name=\"twitter:data1\" content=\"Redacci\u00f3n Muy Jujuy\" \/>\n\t<meta name=\"twitter:label2\" content=\"Tiempo de lectura\" \/>\n\t<meta name=\"twitter:data2\" content=\"2 minutos\" \/>\n<script type=\"application\/ld+json\" class=\"yoast-schema-graph\">{\"@context\":\"https:\\\/\\\/schema.org\",\"@graph\":[{\"@type\":\"Article\",\"@id\":\"https:\\\/\\\/www.muyjujuy.com\\\/index.php\\\/2022\\\/08\\\/03\\\/jujuy-en-2023-82-nuevas-escuelas-primarias-tendran-jornada-extendida\\\/#article\",\"isPartOf\":{\"@id\":\"https:\\\/\\\/www.muyjujuy.com\\\/index.php\\\/2022\\\/08\\\/03\\\/jujuy-en-2023-82-nuevas-escuelas-primarias-tendran-jornada-extendida\\\/\"},\"author\":{\"name\":\"Redacci\u00f3n Muy Jujuy\",\"@id\":\"https:\\\/\\\/www.muyjujuy.com\\\/#\\\/schema\\\/person\\\/1d0f6e223ccea9e3f9034c1a5b683bf2\"},\"headline\":\"Jujuy: en 2023, 82 nuevas escuelas primarias tendr\u00e1n jornada extendida\",\"datePublished\":\"2022-08-03T15:53:26+00:00\",\"dateModified\":\"2022-08-03T15:53:59+00:00\",\"mainEntityOfPage\":{\"@id\":\"https:\\\/\\\/www.muyjujuy.com\\\/index.php\\\/2022\\\/08\\\/03\\\/jujuy-en-2023-82-nuevas-escuelas-primarias-tendran-jornada-extendida\\\/\"},\"wordCount\":329,\"commentCount\":0,\"publisher\":{\"@id\":\"https:\\\/\\\/www.muyjujuy.com\\\/#organization\"},\"image\":{\"@id\":\"https:\\\/\\\/www.muyjujuy.com\\\/index.php\\\/2022\\\/08\\\/03\\\/jujuy-en-2023-82-nuevas-escuelas-primarias-tendran-jornada-extendida\\\/#primaryimage\"},\"thumbnailUrl\":\"https:\\\/\\\/www.muyjujuy.com\\\/wp-content\\\/uploads\\\/2022\\\/08\\\/nino-escuela-abrigado.jpg\",\"keywords\":[\"Gerardo Morales\",\"Jujuy\"],\"articleSection\":[\"Sociedad\"],\"inLanguage\":\"es-AR\",\"potentialAction\":[{\"@type\":\"CommentAction\",\"name\":\"Comment\",\"target\":[\"https:\\\/\\\/www.muyjujuy.com\\\/index.php\\\/2022\\\/08\\\/03\\\/jujuy-en-2023-82-nuevas-escuelas-primarias-tendran-jornada-extendida\\\/#respond\"]}]},{\"@type\":\"WebPage\",\"@id\":\"https:\\\/\\\/www.muyjujuy.com\\\/index.php\\\/2022\\\/08\\\/03\\\/jujuy-en-2023-82-nuevas-escuelas-primarias-tendran-jornada-extendida\\\/\",\"url\":\"https:\\\/\\\/www.muyjujuy.com\\\/index.php\\\/2022\\\/08\\\/03\\\/jujuy-en-2023-82-nuevas-escuelas-primarias-tendran-jornada-extendida\\\/\",\"name\":\"Jujuy: en 2023, 82 nuevas escuelas primarias tendr\u00e1n jornada extendida -\",\"isPartOf\":{\"@id\":\"https:\\\/\\\/www.muyjujuy.com\\\/#website\"},\"primaryImageOfPage\":{\"@id\":\"https:\\\/\\\/www.muyjujuy.com\\\/index.php\\\/2022\\\/08\\\/03\\\/jujuy-en-2023-82-nuevas-escuelas-primarias-tendran-jornada-extendida\\\/#primaryimage\"},\"image\":{\"@id\":\"https:\\\/\\\/www.muyjujuy.com\\\/index.php\\\/2022\\\/08\\\/03\\\/jujuy-en-2023-82-nuevas-escuelas-primarias-tendran-jornada-extendida\\\/#primaryimage\"},\"thumbnailUrl\":\"https:\\\/\\\/www.muyjujuy.com\\\/wp-content\\\/uploads\\\/2022\\\/08\\\/nino-escuela-abrigado.jpg\",\"datePublished\":\"2022-08-03T15:53:26+00:00\",\"dateModified\":\"2022-08-03T15:53:59+00:00\",\"description\":\"El Gobierno provincial avanza en la jornada extendida en las escuelas de Jujuy y se proyecta que 82 nuevos establecimientos incorporar\u00e1n esta modalidad\",\"breadcrumb\":{\"@id\":\"https:\\\/\\\/www.muyjujuy.com\\\/index.php\\\/2022\\\/08\\\/03\\\/jujuy-en-2023-82-nuevas-escuelas-primarias-tendran-jornada-extendida\\\/#breadcrumb\"},\"inLanguage\":\"es-AR\",\"potentialAction\":[{\"@type\":\"ReadAction\",\"target\":[\"https:\\\/\\\/www.muyjujuy.com\\\/index.php\\\/2022\\\/08\\\/03\\\/jujuy-en-2023-82-nuevas-escuelas-primarias-tendran-jornada-extendida\\\/\"]}]},{\"@type\":\"ImageObject\",\"inLanguage\":\"es-AR\",\"@id\":\"https:\\\/\\\/www.muyjujuy.com\\\/index.php\\\/2022\\\/08\\\/03\\\/jujuy-en-2023-82-nuevas-escuelas-primarias-tendran-jornada-extendida\\\/#primaryimage\",\"url\":\"https:\\\/\\\/www.muyjujuy.com\\\/wp-content\\\/uploads\\\/2022\\\/08\\\/nino-escuela-abrigado.jpg\",\"contentUrl\":\"https:\\\/\\\/www.muyjujuy.com\\\/wp-content\\\/uploads\\\/2022\\\/08\\\/nino-escuela-abrigado.jpg\",\"width\":990,\"height\":610},{\"@type\":\"BreadcrumbList\",\"@id\":\"https:\\\/\\\/www.muyjujuy.com\\\/index.php\\\/2022\\\/08\\\/03\\\/jujuy-en-2023-82-nuevas-escuelas-primarias-tendran-jornada-extendida\\\/#breadcrumb\",\"itemListElement\":[{\"@type\":\"ListItem\",\"position\":1,\"name\":\"Inicio\",\"item\":\"https:\\\/\\\/www.muyjujuy.com\\\/\"},{\"@type\":\"ListItem\",\"position\":2,\"name\":\"Jujuy: en 2023, 82 nuevas escuelas primarias tendr\u00e1n jornada extendida\"}]},{\"@type\":\"WebSite\",\"@id\":\"https:\\\/\\\/www.muyjujuy.com\\\/#website\",\"url\":\"https:\\\/\\\/www.muyjujuy.com\\\/\",\"name\":\"Muy Jujuy\",\"description\":\"\",\"publisher\":{\"@id\":\"https:\\\/\\\/www.muyjujuy.com\\\/#organization\"},\"potentialAction\":[{\"@type\":\"SearchAction\",\"target\":{\"@type\":\"EntryPoint\",\"urlTemplate\":\"https:\\\/\\\/www.muyjujuy.com\\\/?s={search_term_string}\"},\"query-input\":{\"@type\":\"PropertyValueSpecification\",\"valueRequired\":true,\"valueName\":\"search_term_string\"}}],\"inLanguage\":\"es-AR\"},{\"@type\":\"Organization\",\"@id\":\"https:\\\/\\\/www.muyjujuy.com\\\/#organization\",\"name\":\"Muy Jujuy\",\"url\":\"https:\\\/\\\/www.muyjujuy.com\\\/\",\"logo\":{\"@type\":\"ImageObject\",\"inLanguage\":\"es-AR\",\"@id\":\"https:\\\/\\\/www.muyjujuy.com\\\/#\\\/schema\\\/logo\\\/image\\\/\",\"url\":\"http:\\\/\\\/www.muyjujuy.com\\\/wp-content\\\/uploads\\\/2022\\\/05\\\/logo-mobil-jujuy.png\",\"contentUrl\":\"http:\\\/\\\/www.muyjujuy.com\\\/wp-content\\\/uploads\\\/2022\\\/05\\\/logo-mobil-jujuy.png\",\"width\":174,\"height\":81,\"caption\":\"Muy Jujuy\"},\"image\":{\"@id\":\"https:\\\/\\\/www.muyjujuy.com\\\/#\\\/schema\\\/logo\\\/image\\\/\"},\"sameAs\":[\"https:\\\/\\\/www.facebook.com\\\/muyjujuycom\",\"https:\\\/\\\/x.com\\\/muyjujuy\",\"https:\\\/\\\/www.instagram.com\\\/muyjujuycom\"]},{\"@type\":\"Person\",\"@id\":\"https:\\\/\\\/www.muyjujuy.com\\\/#\\\/schema\\\/person\\\/1d0f6e223ccea9e3f9034c1a5b683bf2\",\"name\":\"Redacci\u00f3n Muy Jujuy\",\"image\":{\"@type\":\"ImageObject\",\"inLanguage\":\"es-AR\",\"@id\":\"https:\\\/\\\/secure.gravatar.com\\\/avatar\\\/fec5f6f1893d741ed5eecccff109ce43e67a855411202a3212a058cb8e5c27d4?s=96&d=mm&r=g\",\"url\":\"https:\\\/\\\/secure.gravatar.com\\\/avatar\\\/fec5f6f1893d741ed5eecccff109ce43e67a855411202a3212a058cb8e5c27d4?s=96&d=mm&r=g\",\"contentUrl\":\"https:\\\/\\\/secure.gravatar.com\\\/avatar\\\/fec5f6f1893d741ed5eecccff109ce43e67a855411202a3212a058cb8e5c27d4?s=96&d=mm&r=g\",\"caption\":\"Redacci\u00f3n Muy Jujuy\"},\"url\":\"https:\\\/\\\/www.muyjujuy.com\\\/index.php\\\/author\\\/editor\\\/\"}]}<\/script>\n<!-- \/ Yoast SEO plugin. -->","yoast_head_json":{"title":"Jujuy: en 2023, 82 nuevas escuelas primarias tendr\u00e1n jornada extendida -","description":"El Gobierno provincial avanza en la jornada extendida en las escuelas de Jujuy y se proyecta que 82 nuevos establecimientos incorporar\u00e1n esta modalidad","robots":{"index":"index","follow":"follow","max-snippet":"max-snippet:-1","max-image-preview":"max-image-preview:large","max-video-preview":"max-video-preview:-1"},"canonical":"https:\/\/www.muyjujuy.com\/index.php\/2022\/08\/03\/jujuy-en-2023-82-nuevas-escuelas-primarias-tendran-jornada-extendida\/","og_locale":"es_ES","og_type":"article","og_title":"Jujuy: en 2023, 82 nuevas escuelas primarias tendr\u00e1n jornada extendida -","og_description":"El Gobierno provincial avanza en la jornada extendida en las escuelas de Jujuy y se proyecta que 82 nuevos establecimientos incorporar\u00e1n esta modalidad","og_url":"https:\/\/www.muyjujuy.com\/index.php\/2022\/08\/03\/jujuy-en-2023-82-nuevas-escuelas-primarias-tendran-jornada-extendida\/","og_site_name":"Muy Jujuy","article_publisher":"https:\/\/www.facebook.com\/muyjujuycom","article_published_time":"2022-08-03T15:53:26+00:00","article_modified_time":"2022-08-03T15:53:59+00:00","og_image":[{"width":990,"height":610,"url":"https:\/\/www.muyjujuy.com\/wp-content\/uploads\/2022\/08\/nino-escuela-abrigado.jpg","type":"image\/jpeg"}],"author":"Redacci\u00f3n Muy Jujuy","twitter_card":"summary_large_image","twitter_creator":"@muyjujuy","twitter_site":"@muyjujuy","twitter_misc":{"Escrito por":"Redacci\u00f3n Muy Jujuy","Tiempo de lectura":"2 minutos"},"schema":{"@context":"https:\/\/schema.org","@graph":[{"@type":"Article","@id":"https:\/\/www.muyjujuy.com\/index.php\/2022\/08\/03\/jujuy-en-2023-82-nuevas-escuelas-primarias-tendran-jornada-extendida\/#article","isPartOf":{"@id":"https:\/\/www.muyjujuy.com\/index.php\/2022\/08\/03\/jujuy-en-2023-82-nuevas-escuelas-primarias-tendran-jornada-extendida\/"},"author":{"name":"Redacci\u00f3n Muy Jujuy","@id":"https:\/\/www.muyjujuy.com\/#\/schema\/person\/1d0f6e223ccea9e3f9034c1a5b683bf2"},"headline":"Jujuy: en 2023, 82 nuevas escuelas primarias tendr\u00e1n jornada extendida","datePublished":"2022-08-03T15:53:26+00:00","dateModified":"2022-08-03T15:53:59+00:00","mainEntityOfPage":{"@id":"https:\/\/www.muyjujuy.com\/index.php\/2022\/08\/03\/jujuy-en-2023-82-nuevas-escuelas-primarias-tendran-jornada-extendida\/"},"wordCount":329,"commentCount":0,"publisher":{"@id":"https:\/\/www.muyjujuy.com\/#organization"},"image":{"@id":"https:\/\/www.muyjujuy.com\/index.php\/2022\/08\/03\/jujuy-en-2023-82-nuevas-escuelas-primarias-tendran-jornada-extendida\/#primaryimage"},"thumbnailUrl":"https:\/\/www.muyjujuy.com\/wp-content\/uploads\/2022\/08\/nino-escuela-abrigado.jpg","keywords":["Gerardo Morales","Jujuy"],"articleSection":["Sociedad"],"inLanguage":"es-AR","potentialAction":[{"@type":"CommentAction","name":"Comment","target":["https:\/\/www.muyjujuy.com\/index.php\/2022\/08\/03\/jujuy-en-2023-82-nuevas-escuelas-primarias-tendran-jornada-extendida\/#respond"]}]},{"@type":"WebPage","@id":"https:\/\/www.muyjujuy.com\/index.php\/2022\/08\/03\/jujuy-en-2023-82-nuevas-escuelas-primarias-tendran-jornada-extendida\/","url":"https:\/\/www.muyjujuy.com\/index.php\/2022\/08\/03\/jujuy-en-2023-82-nuevas-escuelas-primarias-tendran-jornada-extendida\/","name":"Jujuy: en 2023, 82 nuevas escuelas primarias tendr\u00e1n jornada extendida -","isPartOf":{"@id":"https:\/\/www.muyjujuy.com\/#website"},"primaryImageOfPage":{"@id":"https:\/\/www.muyjujuy.com\/index.php\/2022\/08\/03\/jujuy-en-2023-82-nuevas-escuelas-primarias-tendran-jornada-extendida\/#primaryimage"},"image":{"@id":"https:\/\/www.muyjujuy.com\/index.php\/2022\/08\/03\/jujuy-en-2023-82-nuevas-escuelas-primarias-tendran-jornada-extendida\/#primaryimage"},"thumbnailUrl":"https:\/\/www.muyjujuy.com\/wp-content\/uploads\/2022\/08\/nino-escuela-abrigado.jpg","datePublished":"2022-08-03T15:53:26+00:00","dateModified":"2022-08-03T15:53:59+00:00","description":"El Gobierno provincial avanza en la jornada extendida en las escuelas de Jujuy y se proyecta que 82 nuevos establecimientos incorporar\u00e1n esta modalidad","breadcrumb":{"@id":"https:\/\/www.muyjujuy.com\/index.php\/2022\/08\/03\/jujuy-en-2023-82-nuevas-escuelas-primarias-tendran-jornada-extendida\/#breadcrumb"},"inLanguage":"es-AR","potentialAction":[{"@type":"ReadAction","target":["https:\/\/www.muyjujuy.com\/index.php\/2022\/08\/03\/jujuy-en-2023-82-nuevas-escuelas-primarias-tendran-jornada-extendida\/"]}]},{"@type":"ImageObject","inLanguage":"es-AR","@id":"https:\/\/www.muyjujuy.com\/index.php\/2022\/08\/03\/jujuy-en-2023-82-nuevas-escuelas-primarias-tendran-jornada-extendida\/#primaryimage","url":"https:\/\/www.muyjujuy.com\/wp-content\/uploads\/2022\/08\/nino-escuela-abrigado.jpg","contentUrl":"https:\/\/www.muyjujuy.com\/wp-content\/uploads\/2022\/08\/nino-escuela-abrigado.jpg","width":990,"height":610},{"@type":"BreadcrumbList","@id":"https:\/\/www.muyjujuy.com\/index.php\/2022\/08\/03\/jujuy-en-2023-82-nuevas-escuelas-primarias-tendran-jornada-extendida\/#breadcrumb","itemListElement":[{"@type":"ListItem","position":1,"name":"Inicio","item":"https:\/\/www.muyjujuy.com\/"},{"@type":"ListItem","position":2,"name":"Jujuy: en 2023, 82 nuevas escuelas primarias tendr\u00e1n jornada extendida"}]},{"@type":"WebSite","@id":"https:\/\/www.muyjujuy.com\/#website","url":"https:\/\/www.muyjujuy.com\/","name":"Muy Jujuy","description":"","publisher":{"@id":"https:\/\/www.muyjujuy.com\/#organization"},"potentialAction":[{"@type":"SearchAction","target":{"@type":"EntryPoint","urlTemplate":"https:\/\/www.muyjujuy.com\/?s={search_term_string}"},"query-input":{"@type":"PropertyValueSpecification","valueRequired":true,"valueName":"search_term_string"}}],"inLanguage":"es-AR"},{"@type":"Organization","@id":"https:\/\/www.muyjujuy.com\/#organization","name":"Muy Jujuy","url":"https:\/\/www.muyjujuy.com\/","logo":{"@type":"ImageObject","inLanguage":"es-AR","@id":"https:\/\/www.muyjujuy.com\/#\/schema\/logo\/image\/","url":"http:\/\/www.muyjujuy.com\/wp-content\/uploads\/2022\/05\/logo-mobil-jujuy.png","contentUrl":"http:\/\/www.muyjujuy.com\/wp-content\/uploads\/2022\/05\/logo-mobil-jujuy.png","width":174,"height":81,"caption":"Muy Jujuy"},"image":{"@id":"https:\/\/www.muyjujuy.com\/#\/schema\/logo\/image\/"},"sameAs":["https:\/\/www.facebook.com\/muyjujuycom","https:\/\/x.com\/muyjujuy","https:\/\/www.instagram.com\/muyjujuycom"]},{"@type":"Person","@id":"https:\/\/www.muyjujuy.com\/#\/schema\/person\/1d0f6e223ccea9e3f9034c1a5b683bf2","name":"Redacci\u00f3n Muy Jujuy","image":{"@type":"ImageObject","inLanguage":"es-AR","@id":"https:\/\/secure.gravatar.com\/avatar\/fec5f6f1893d741ed5eecccff109ce43e67a855411202a3212a058cb8e5c27d4?s=96&d=mm&r=g","url":"https:\/\/secure.gravatar.com\/avatar\/fec5f6f1893d741ed5eecccff109ce43e67a855411202a3212a058cb8e5c27d4?s=96&d=mm&r=g","contentUrl":"https:\/\/secure.gravatar.com\/avatar\/fec5f6f1893d741ed5eecccff109ce43e67a855411202a3212a058cb8e5c27d4?s=96&d=mm&r=g","caption":"Redacci\u00f3n Muy Jujuy"},"url":"https:\/\/www.muyjujuy.com\/index.php\/author\/editor\/"}]}},"_links":{"self":[{"href":"https:\/\/www.muyjujuy.com\/index.php\/wp-json\/wp\/v2\/posts\/1081","targetHints":{"allow":["GET"]}}],"collection":[{"href":"https:\/\/www.muyjujuy.com\/index.php\/wp-json\/wp\/v2\/posts"}],"about":[{"href":"https:\/\/www.muyjujuy.com\/index.php\/wp-json\/wp\/v2\/types\/post"}],"author":[{"embeddable":true,"href":"https:\/\/www.muyjujuy.com\/index.php\/wp-json\/wp\/v2\/users\/3"}],"replies":[{"embeddable":true,"href":"https:\/\/www.muyjujuy.com\/index.php\/wp-json\/wp\/v2\/comments?post=1081"}],"version-history":[{"count":2,"href":"https:\/\/www.muyjujuy.com\/index.php\/wp-json\/wp\/v2\/posts\/1081\/revisions"}],"predecessor-version":[{"id":1084,"href":"https:\/\/www.muyjujuy.com\/index.php\/wp-json\/wp\/v2\/posts\/1081\/revisions\/1084"}],"wp:featuredmedia":[{"embeddable":true,"href":"https:\/\/www.muyjujuy.com\/index.php\/wp-json\/wp\/v2\/media\/1082"}],"wp:attachment":[{"href":"https:\/\/www.muyjujuy.com\/index.php\/wp-json\/wp\/v2\/media?parent=1081"}],"wp:term":[{"taxonomy":"category","embeddable":true,"href":"https:\/\/www.muyjujuy.com\/index.php\/wp-json\/wp\/v2\/categories?post=1081"},{"taxonomy":"post_tag","embeddable":true,"href":"https:\/\/www.muyjujuy.com\/index.php\/wp-json\/wp\/v2\/tags?post=1081"}],"curies":[{"name":"wp","href":"https:\/\/api.w.org\/{rel}","templated":true}]}}