{"id":1096,"date":"2022-08-04T12:45:55","date_gmt":"2022-08-04T15:45:55","guid":{"rendered":"https:\/\/www.muyjujuy.com\/?p=1096"},"modified":"2022-08-04T13:27:27","modified_gmt":"2022-08-04T16:27:27","slug":"morales-se-reunio-con-concejales-bonaerenses","status":"publish","type":"post","link":"https:\/\/www.muyjujuy.com\/index.php\/2022\/08\/04\/morales-se-reunio-con-concejales-bonaerenses\/","title":{"rendered":"Morales se reuni\u00f3 con concejales bonaerenses"},"content":{"rendered":"\n<p><em>El gobernador mantuvo un encuentro con concejales de Buenos Aires y tuvo como principal eje de conversaci\u00f3n el modelo productivo de Jujuy.<\/em><\/p>\n\n\n\n<p>El gobernador <a href=\"https:\/\/twitter.com\/GerardoMorales\">Gerardo Morales <\/a>se reuni\u00f3 con concejales de Buenos Aires con eje en los proyectos productivos que lleva adelante Jujuy en materia de litio y energ\u00eda renovables. <\/p>\n\n\n\n<p>Del encuentro particip\u00f3 el secretario de Gobierno Diego Rotela y ediles y representantes municipales de la VI Secci\u00f3n Electoral de Buenos Aires, en su mayor\u00eda de la jurisdicci\u00f3n correspondiente a Bah\u00eda Blanca. La comitiva estuvo encabezada por el diputado bonaerense <strong>Emiliano Balb\u00edn<\/strong>.<br><br>Al respecto, Diego Rotela se\u00f1al\u00f3 que los concejales <strong>\u201cvinieron a ver y recorrer parte del proyecto de gobierno que tenemos y a nutrirse de la experiencia de la gesti\u00f3n provincial\u201d.<\/strong><br><br>Tambi\u00e9n estuvieron presentes representantes de la Universidad del Sur y emprendedores bonaerenses, quienes buscan establecerse como <strong>productores privados de cannabis con fines medicinales. <\/strong>Ven en el modelo juje\u00f1o un camino a seguir.<br><br><strong>\u201cEllos est\u00e1n trabajando en un proyecto incipiente de cannabis medicinal<\/strong>, aunque se est\u00e1 trabajando desde los municipios porque no cuentan con una Ley Provincial. Por cuestiones internas del Gobierno provincial el proyecto perdi\u00f3 estado parlamentario\u201d, indic\u00f3 el secretario de Gobierno. <br><\/p>\n\n\n\n<h2 class=\"wp-block-heading\"><strong>Reuni\u00f3n con concejales <\/strong><\/h2>\n\n\n\n<p>Por su parte, el diputado <strong>Emiliano Balb\u00edn <\/strong>remarc\u00f3 que el encuentro <strong>\u201csirvi\u00f3 para afianzar lazos con Jujuy<\/strong>, con la idea de replicar en Buenos Aires lo que se est\u00e1 haciendo en \u00e9sta provincia\u201d. <\/p>\n\n\n\n<p><strong>\u201cEs positivo que tanto funcionarios como representantes de la actividad acad\u00e9mica <\/strong>y privada puedan escuchar al gobernador Morales c\u00f3mo logr\u00f3 el desarrollo del litio, la energ\u00eda solar y cannabis medicinal\u201d, puntualiz\u00f3. <br><br>Y enfatiz\u00f3: <strong>\u201cUno lo puede leer, pero es muy distinto verlo hecho realidad a este proyecto\u201d. <\/strong>Asimjismo, record\u00f3 que \u201chace algunos a\u00f1os la mirada que ten\u00edamos de Jujuy era negativa. Una provincia pobre que parec\u00eda inviable, sin embargo, en los \u00faltimos a\u00f1os se ha recuperado parte de su tradici\u00f3n&#8221;.<\/p>\n\n\n\n<p><strong>&#8220;Jujuy est\u00e1 encaminada a la prosperidad\u201d, <\/strong>destac\u00f3 el legislador. <\/p>\n","protected":false},"excerpt":{"rendered":"<p>El gobernador mantuvo un encuentro con concejales de Buenos Aires y tuvo como principal eje de conversaci\u00f3n el modelo productivo de Jujuy. El gobernador Gerardo Morales se reuni\u00f3 con concejales de Buenos Aires con eje en los proyectos productivos que lleva adelante Jujuy en materia de litio y energ\u00eda renovables. Del encuentro particip\u00f3 el secretario [&hellip;]<\/p>\n","protected":false},"author":3,"featured_media":1097,"comment_status":"open","ping_status":"open","sticky":false,"template":"","format":"standard","meta":{"footnotes":""},"categories":[24],"tags":[5,8],"class_list":{"0":"post-1096","1":"post","2":"type-post","3":"status-publish","4":"format-standard","5":"has-post-thumbnail","7":"category-politica","8":"tag-gerardo-morales","9":"tag-jujuy"},"yoast_head":"<!-- This site is optimized with the Yoast SEO plugin v27.5 - https:\/\/yoast.com\/product\/yoast-seo-wordpress\/ -->\n<title>Morales se reuni\u00f3 con concejales bonaerenses - Muy Jujuy<\/title>\n<meta name=\"description\" content=\"El gobernador mantuvo un encuentro con concejales de Buenos Aires y tuvo como principal eje de conversaci\u00f3n el modelo productivo de Jujuy.\" \/>\n<meta name=\"robots\" content=\"index, follow, max-snippet:-1, max-image-preview:large, max-video-preview:-1\" \/>\n<link rel=\"canonical\" href=\"https:\/\/www.muyjujuy.com\/index.php\/2022\/08\/04\/morales-se-reunio-con-concejales-bonaerenses\/\" \/>\n<meta property=\"og:locale\" content=\"es_ES\" \/>\n<meta property=\"og:type\" content=\"article\" \/>\n<meta property=\"og:title\" content=\"Morales se reuni\u00f3 con concejales bonaerenses - Muy Jujuy\" \/>\n<meta property=\"og:description\" content=\"El gobernador mantuvo un encuentro con concejales de Buenos Aires y tuvo como principal eje de conversaci\u00f3n el modelo productivo de Jujuy.\" \/>\n<meta property=\"og:url\" content=\"https:\/\/www.muyjujuy.com\/index.php\/2022\/08\/04\/morales-se-reunio-con-concejales-bonaerenses\/\" \/>\n<meta property=\"og:site_name\" content=\"Muy Jujuy\" \/>\n<meta property=\"article:publisher\" content=\"https:\/\/www.facebook.com\/muyjujuycom\" \/>\n<meta property=\"article:published_time\" content=\"2022-08-04T15:45:55+00:00\" \/>\n<meta property=\"article:modified_time\" content=\"2022-08-04T16:27:27+00:00\" \/>\n<meta property=\"og:image\" content=\"https:\/\/www.muyjujuy.com\/wp-content\/uploads\/2022\/08\/WhatsApp-Image-2022-08-04-at-12.43.12-PM.jpeg\" \/>\n\t<meta property=\"og:image:width\" content=\"1012\" \/>\n\t<meta property=\"og:image:height\" content=\"675\" \/>\n\t<meta property=\"og:image:type\" content=\"image\/jpeg\" \/>\n<meta name=\"author\" content=\"Redacci\u00f3n Muy Jujuy\" \/>\n<meta name=\"twitter:card\" content=\"summary_large_image\" \/>\n<meta name=\"twitter:creator\" content=\"@muyjujuy\" \/>\n<meta name=\"twitter:site\" content=\"@muyjujuy\" \/>\n<meta name=\"twitter:label1\" content=\"Escrito por\" \/>\n\t<meta name=\"twitter:data1\" content=\"Redacci\u00f3n Muy Jujuy\" \/>\n\t<meta name=\"twitter:label2\" content=\"Tiempo de lectura\" \/>\n\t<meta name=\"twitter:data2\" content=\"2 minutos\" \/>\n<script type=\"application\/ld+json\" class=\"yoast-schema-graph\">{\"@context\":\"https:\\\/\\\/schema.org\",\"@graph\":[{\"@type\":\"Article\",\"@id\":\"https:\\\/\\\/www.muyjujuy.com\\\/index.php\\\/2022\\\/08\\\/04\\\/morales-se-reunio-con-concejales-bonaerenses\\\/#article\",\"isPartOf\":{\"@id\":\"https:\\\/\\\/www.muyjujuy.com\\\/index.php\\\/2022\\\/08\\\/04\\\/morales-se-reunio-con-concejales-bonaerenses\\\/\"},\"author\":{\"name\":\"Redacci\u00f3n Muy Jujuy\",\"@id\":\"https:\\\/\\\/www.muyjujuy.com\\\/#\\\/schema\\\/person\\\/1d0f6e223ccea9e3f9034c1a5b683bf2\"},\"headline\":\"Morales se reuni\u00f3 con concejales bonaerenses\",\"datePublished\":\"2022-08-04T15:45:55+00:00\",\"dateModified\":\"2022-08-04T16:27:27+00:00\",\"mainEntityOfPage\":{\"@id\":\"https:\\\/\\\/www.muyjujuy.com\\\/index.php\\\/2022\\\/08\\\/04\\\/morales-se-reunio-con-concejales-bonaerenses\\\/\"},\"wordCount\":347,\"commentCount\":0,\"publisher\":{\"@id\":\"https:\\\/\\\/www.muyjujuy.com\\\/#organization\"},\"image\":{\"@id\":\"https:\\\/\\\/www.muyjujuy.com\\\/index.php\\\/2022\\\/08\\\/04\\\/morales-se-reunio-con-concejales-bonaerenses\\\/#primaryimage\"},\"thumbnailUrl\":\"https:\\\/\\\/www.muyjujuy.com\\\/wp-content\\\/uploads\\\/2022\\\/08\\\/WhatsApp-Image-2022-08-04-at-12.43.12-PM.jpeg\",\"keywords\":[\"Gerardo Morales\",\"Jujuy\"],\"articleSection\":[\"Pol\u00edtica\"],\"inLanguage\":\"es-AR\",\"potentialAction\":[{\"@type\":\"CommentAction\",\"name\":\"Comment\",\"target\":[\"https:\\\/\\\/www.muyjujuy.com\\\/index.php\\\/2022\\\/08\\\/04\\\/morales-se-reunio-con-concejales-bonaerenses\\\/#respond\"]}]},{\"@type\":\"WebPage\",\"@id\":\"https:\\\/\\\/www.muyjujuy.com\\\/index.php\\\/2022\\\/08\\\/04\\\/morales-se-reunio-con-concejales-bonaerenses\\\/\",\"url\":\"https:\\\/\\\/www.muyjujuy.com\\\/index.php\\\/2022\\\/08\\\/04\\\/morales-se-reunio-con-concejales-bonaerenses\\\/\",\"name\":\"Morales se reuni\u00f3 con concejales bonaerenses - Muy Jujuy\",\"isPartOf\":{\"@id\":\"https:\\\/\\\/www.muyjujuy.com\\\/#website\"},\"primaryImageOfPage\":{\"@id\":\"https:\\\/\\\/www.muyjujuy.com\\\/index.php\\\/2022\\\/08\\\/04\\\/morales-se-reunio-con-concejales-bonaerenses\\\/#primaryimage\"},\"image\":{\"@id\":\"https:\\\/\\\/www.muyjujuy.com\\\/index.php\\\/2022\\\/08\\\/04\\\/morales-se-reunio-con-concejales-bonaerenses\\\/#primaryimage\"},\"thumbnailUrl\":\"https:\\\/\\\/www.muyjujuy.com\\\/wp-content\\\/uploads\\\/2022\\\/08\\\/WhatsApp-Image-2022-08-04-at-12.43.12-PM.jpeg\",\"datePublished\":\"2022-08-04T15:45:55+00:00\",\"dateModified\":\"2022-08-04T16:27:27+00:00\",\"description\":\"El gobernador mantuvo un encuentro con concejales de Buenos Aires y tuvo como principal eje de conversaci\u00f3n el modelo productivo de Jujuy.\",\"breadcrumb\":{\"@id\":\"https:\\\/\\\/www.muyjujuy.com\\\/index.php\\\/2022\\\/08\\\/04\\\/morales-se-reunio-con-concejales-bonaerenses\\\/#breadcrumb\"},\"inLanguage\":\"es-AR\",\"potentialAction\":[{\"@type\":\"ReadAction\",\"target\":[\"https:\\\/\\\/www.muyjujuy.com\\\/index.php\\\/2022\\\/08\\\/04\\\/morales-se-reunio-con-concejales-bonaerenses\\\/\"]}]},{\"@type\":\"ImageObject\",\"inLanguage\":\"es-AR\",\"@id\":\"https:\\\/\\\/www.muyjujuy.com\\\/index.php\\\/2022\\\/08\\\/04\\\/morales-se-reunio-con-concejales-bonaerenses\\\/#primaryimage\",\"url\":\"https:\\\/\\\/www.muyjujuy.com\\\/wp-content\\\/uploads\\\/2022\\\/08\\\/WhatsApp-Image-2022-08-04-at-12.43.12-PM.jpeg\",\"contentUrl\":\"https:\\\/\\\/www.muyjujuy.com\\\/wp-content\\\/uploads\\\/2022\\\/08\\\/WhatsApp-Image-2022-08-04-at-12.43.12-PM.jpeg\",\"width\":1012,\"height\":675},{\"@type\":\"BreadcrumbList\",\"@id\":\"https:\\\/\\\/www.muyjujuy.com\\\/index.php\\\/2022\\\/08\\\/04\\\/morales-se-reunio-con-concejales-bonaerenses\\\/#breadcrumb\",\"itemListElement\":[{\"@type\":\"ListItem\",\"position\":1,\"name\":\"Inicio\",\"item\":\"https:\\\/\\\/www.muyjujuy.com\\\/\"},{\"@type\":\"ListItem\",\"position\":2,\"name\":\"Morales se reuni\u00f3 con concejales bonaerenses\"}]},{\"@type\":\"WebSite\",\"@id\":\"https:\\\/\\\/www.muyjujuy.com\\\/#website\",\"url\":\"https:\\\/\\\/www.muyjujuy.com\\\/\",\"name\":\"Muy Jujuy\",\"description\":\"\",\"publisher\":{\"@id\":\"https:\\\/\\\/www.muyjujuy.com\\\/#organization\"},\"potentialAction\":[{\"@type\":\"SearchAction\",\"target\":{\"@type\":\"EntryPoint\",\"urlTemplate\":\"https:\\\/\\\/www.muyjujuy.com\\\/?s={search_term_string}\"},\"query-input\":{\"@type\":\"PropertyValueSpecification\",\"valueRequired\":true,\"valueName\":\"search_term_string\"}}],\"inLanguage\":\"es-AR\"},{\"@type\":\"Organization\",\"@id\":\"https:\\\/\\\/www.muyjujuy.com\\\/#organization\",\"name\":\"Muy Jujuy\",\"url\":\"https:\\\/\\\/www.muyjujuy.com\\\/\",\"logo\":{\"@type\":\"ImageObject\",\"inLanguage\":\"es-AR\",\"@id\":\"https:\\\/\\\/www.muyjujuy.com\\\/#\\\/schema\\\/logo\\\/image\\\/\",\"url\":\"http:\\\/\\\/www.muyjujuy.com\\\/wp-content\\\/uploads\\\/2022\\\/05\\\/logo-mobil-jujuy.png\",\"contentUrl\":\"http:\\\/\\\/www.muyjujuy.com\\\/wp-content\\\/uploads\\\/2022\\\/05\\\/logo-mobil-jujuy.png\",\"width\":174,\"height\":81,\"caption\":\"Muy Jujuy\"},\"image\":{\"@id\":\"https:\\\/\\\/www.muyjujuy.com\\\/#\\\/schema\\\/logo\\\/image\\\/\"},\"sameAs\":[\"https:\\\/\\\/www.facebook.com\\\/muyjujuycom\",\"https:\\\/\\\/x.com\\\/muyjujuy\",\"https:\\\/\\\/www.instagram.com\\\/muyjujuycom\"]},{\"@type\":\"Person\",\"@id\":\"https:\\\/\\\/www.muyjujuy.com\\\/#\\\/schema\\\/person\\\/1d0f6e223ccea9e3f9034c1a5b683bf2\",\"name\":\"Redacci\u00f3n Muy Jujuy\",\"image\":{\"@type\":\"ImageObject\",\"inLanguage\":\"es-AR\",\"@id\":\"https:\\\/\\\/secure.gravatar.com\\\/avatar\\\/fec5f6f1893d741ed5eecccff109ce43e67a855411202a3212a058cb8e5c27d4?s=96&d=mm&r=g\",\"url\":\"https:\\\/\\\/secure.gravatar.com\\\/avatar\\\/fec5f6f1893d741ed5eecccff109ce43e67a855411202a3212a058cb8e5c27d4?s=96&d=mm&r=g\",\"contentUrl\":\"https:\\\/\\\/secure.gravatar.com\\\/avatar\\\/fec5f6f1893d741ed5eecccff109ce43e67a855411202a3212a058cb8e5c27d4?s=96&d=mm&r=g\",\"caption\":\"Redacci\u00f3n Muy Jujuy\"},\"url\":\"https:\\\/\\\/www.muyjujuy.com\\\/index.php\\\/author\\\/editor\\\/\"}]}<\/script>\n<!-- \/ Yoast SEO plugin. -->","yoast_head_json":{"title":"Morales se reuni\u00f3 con concejales bonaerenses - Muy Jujuy","description":"El gobernador mantuvo un encuentro con concejales de Buenos Aires y tuvo como principal eje de conversaci\u00f3n el modelo productivo de Jujuy.","robots":{"index":"index","follow":"follow","max-snippet":"max-snippet:-1","max-image-preview":"max-image-preview:large","max-video-preview":"max-video-preview:-1"},"canonical":"https:\/\/www.muyjujuy.com\/index.php\/2022\/08\/04\/morales-se-reunio-con-concejales-bonaerenses\/","og_locale":"es_ES","og_type":"article","og_title":"Morales se reuni\u00f3 con concejales bonaerenses - Muy Jujuy","og_description":"El gobernador mantuvo un encuentro con concejales de Buenos Aires y tuvo como principal eje de conversaci\u00f3n el modelo productivo de Jujuy.","og_url":"https:\/\/www.muyjujuy.com\/index.php\/2022\/08\/04\/morales-se-reunio-con-concejales-bonaerenses\/","og_site_name":"Muy Jujuy","article_publisher":"https:\/\/www.facebook.com\/muyjujuycom","article_published_time":"2022-08-04T15:45:55+00:00","article_modified_time":"2022-08-04T16:27:27+00:00","og_image":[{"width":1012,"height":675,"url":"https:\/\/www.muyjujuy.com\/wp-content\/uploads\/2022\/08\/WhatsApp-Image-2022-08-04-at-12.43.12-PM.jpeg","type":"image\/jpeg"}],"author":"Redacci\u00f3n Muy Jujuy","twitter_card":"summary_large_image","twitter_creator":"@muyjujuy","twitter_site":"@muyjujuy","twitter_misc":{"Escrito por":"Redacci\u00f3n Muy Jujuy","Tiempo de lectura":"2 minutos"},"schema":{"@context":"https:\/\/schema.org","@graph":[{"@type":"Article","@id":"https:\/\/www.muyjujuy.com\/index.php\/2022\/08\/04\/morales-se-reunio-con-concejales-bonaerenses\/#article","isPartOf":{"@id":"https:\/\/www.muyjujuy.com\/index.php\/2022\/08\/04\/morales-se-reunio-con-concejales-bonaerenses\/"},"author":{"name":"Redacci\u00f3n Muy Jujuy","@id":"https:\/\/www.muyjujuy.com\/#\/schema\/person\/1d0f6e223ccea9e3f9034c1a5b683bf2"},"headline":"Morales se reuni\u00f3 con concejales bonaerenses","datePublished":"2022-08-04T15:45:55+00:00","dateModified":"2022-08-04T16:27:27+00:00","mainEntityOfPage":{"@id":"https:\/\/www.muyjujuy.com\/index.php\/2022\/08\/04\/morales-se-reunio-con-concejales-bonaerenses\/"},"wordCount":347,"commentCount":0,"publisher":{"@id":"https:\/\/www.muyjujuy.com\/#organization"},"image":{"@id":"https:\/\/www.muyjujuy.com\/index.php\/2022\/08\/04\/morales-se-reunio-con-concejales-bonaerenses\/#primaryimage"},"thumbnailUrl":"https:\/\/www.muyjujuy.com\/wp-content\/uploads\/2022\/08\/WhatsApp-Image-2022-08-04-at-12.43.12-PM.jpeg","keywords":["Gerardo Morales","Jujuy"],"articleSection":["Pol\u00edtica"],"inLanguage":"es-AR","potentialAction":[{"@type":"CommentAction","name":"Comment","target":["https:\/\/www.muyjujuy.com\/index.php\/2022\/08\/04\/morales-se-reunio-con-concejales-bonaerenses\/#respond"]}]},{"@type":"WebPage","@id":"https:\/\/www.muyjujuy.com\/index.php\/2022\/08\/04\/morales-se-reunio-con-concejales-bonaerenses\/","url":"https:\/\/www.muyjujuy.com\/index.php\/2022\/08\/04\/morales-se-reunio-con-concejales-bonaerenses\/","name":"Morales se reuni\u00f3 con concejales bonaerenses - Muy Jujuy","isPartOf":{"@id":"https:\/\/www.muyjujuy.com\/#website"},"primaryImageOfPage":{"@id":"https:\/\/www.muyjujuy.com\/index.php\/2022\/08\/04\/morales-se-reunio-con-concejales-bonaerenses\/#primaryimage"},"image":{"@id":"https:\/\/www.muyjujuy.com\/index.php\/2022\/08\/04\/morales-se-reunio-con-concejales-bonaerenses\/#primaryimage"},"thumbnailUrl":"https:\/\/www.muyjujuy.com\/wp-content\/uploads\/2022\/08\/WhatsApp-Image-2022-08-04-at-12.43.12-PM.jpeg","datePublished":"2022-08-04T15:45:55+00:00","dateModified":"2022-08-04T16:27:27+00:00","description":"El gobernador mantuvo un encuentro con concejales de Buenos Aires y tuvo como principal eje de conversaci\u00f3n el modelo productivo de Jujuy.","breadcrumb":{"@id":"https:\/\/www.muyjujuy.com\/index.php\/2022\/08\/04\/morales-se-reunio-con-concejales-bonaerenses\/#breadcrumb"},"inLanguage":"es-AR","potentialAction":[{"@type":"ReadAction","target":["https:\/\/www.muyjujuy.com\/index.php\/2022\/08\/04\/morales-se-reunio-con-concejales-bonaerenses\/"]}]},{"@type":"ImageObject","inLanguage":"es-AR","@id":"https:\/\/www.muyjujuy.com\/index.php\/2022\/08\/04\/morales-se-reunio-con-concejales-bonaerenses\/#primaryimage","url":"https:\/\/www.muyjujuy.com\/wp-content\/uploads\/2022\/08\/WhatsApp-Image-2022-08-04-at-12.43.12-PM.jpeg","contentUrl":"https:\/\/www.muyjujuy.com\/wp-content\/uploads\/2022\/08\/WhatsApp-Image-2022-08-04-at-12.43.12-PM.jpeg","width":1012,"height":675},{"@type":"BreadcrumbList","@id":"https:\/\/www.muyjujuy.com\/index.php\/2022\/08\/04\/morales-se-reunio-con-concejales-bonaerenses\/#breadcrumb","itemListElement":[{"@type":"ListItem","position":1,"name":"Inicio","item":"https:\/\/www.muyjujuy.com\/"},{"@type":"ListItem","position":2,"name":"Morales se reuni\u00f3 con concejales bonaerenses"}]},{"@type":"WebSite","@id":"https:\/\/www.muyjujuy.com\/#website","url":"https:\/\/www.muyjujuy.com\/","name":"Muy Jujuy","description":"","publisher":{"@id":"https:\/\/www.muyjujuy.com\/#organization"},"potentialAction":[{"@type":"SearchAction","target":{"@type":"EntryPoint","urlTemplate":"https:\/\/www.muyjujuy.com\/?s={search_term_string}"},"query-input":{"@type":"PropertyValueSpecification","valueRequired":true,"valueName":"search_term_string"}}],"inLanguage":"es-AR"},{"@type":"Organization","@id":"https:\/\/www.muyjujuy.com\/#organization","name":"Muy Jujuy","url":"https:\/\/www.muyjujuy.com\/","logo":{"@type":"ImageObject","inLanguage":"es-AR","@id":"https:\/\/www.muyjujuy.com\/#\/schema\/logo\/image\/","url":"http:\/\/www.muyjujuy.com\/wp-content\/uploads\/2022\/05\/logo-mobil-jujuy.png","contentUrl":"http:\/\/www.muyjujuy.com\/wp-content\/uploads\/2022\/05\/logo-mobil-jujuy.png","width":174,"height":81,"caption":"Muy Jujuy"},"image":{"@id":"https:\/\/www.muyjujuy.com\/#\/schema\/logo\/image\/"},"sameAs":["https:\/\/www.facebook.com\/muyjujuycom","https:\/\/x.com\/muyjujuy","https:\/\/www.instagram.com\/muyjujuycom"]},{"@type":"Person","@id":"https:\/\/www.muyjujuy.com\/#\/schema\/person\/1d0f6e223ccea9e3f9034c1a5b683bf2","name":"Redacci\u00f3n Muy Jujuy","image":{"@type":"ImageObject","inLanguage":"es-AR","@id":"https:\/\/secure.gravatar.com\/avatar\/fec5f6f1893d741ed5eecccff109ce43e67a855411202a3212a058cb8e5c27d4?s=96&d=mm&r=g","url":"https:\/\/secure.gravatar.com\/avatar\/fec5f6f1893d741ed5eecccff109ce43e67a855411202a3212a058cb8e5c27d4?s=96&d=mm&r=g","contentUrl":"https:\/\/secure.gravatar.com\/avatar\/fec5f6f1893d741ed5eecccff109ce43e67a855411202a3212a058cb8e5c27d4?s=96&d=mm&r=g","caption":"Redacci\u00f3n Muy Jujuy"},"url":"https:\/\/www.muyjujuy.com\/index.php\/author\/editor\/"}]}},"_links":{"self":[{"href":"https:\/\/www.muyjujuy.com\/index.php\/wp-json\/wp\/v2\/posts\/1096","targetHints":{"allow":["GET"]}}],"collection":[{"href":"https:\/\/www.muyjujuy.com\/index.php\/wp-json\/wp\/v2\/posts"}],"about":[{"href":"https:\/\/www.muyjujuy.com\/index.php\/wp-json\/wp\/v2\/types\/post"}],"author":[{"embeddable":true,"href":"https:\/\/www.muyjujuy.com\/index.php\/wp-json\/wp\/v2\/users\/3"}],"replies":[{"embeddable":true,"href":"https:\/\/www.muyjujuy.com\/index.php\/wp-json\/wp\/v2\/comments?post=1096"}],"version-history":[{"count":2,"href":"https:\/\/www.muyjujuy.com\/index.php\/wp-json\/wp\/v2\/posts\/1096\/revisions"}],"predecessor-version":[{"id":1099,"href":"https:\/\/www.muyjujuy.com\/index.php\/wp-json\/wp\/v2\/posts\/1096\/revisions\/1099"}],"wp:featuredmedia":[{"embeddable":true,"href":"https:\/\/www.muyjujuy.com\/index.php\/wp-json\/wp\/v2\/media\/1097"}],"wp:attachment":[{"href":"https:\/\/www.muyjujuy.com\/index.php\/wp-json\/wp\/v2\/media?parent=1096"}],"wp:term":[{"taxonomy":"category","embeddable":true,"href":"https:\/\/www.muyjujuy.com\/index.php\/wp-json\/wp\/v2\/categories?post=1096"},{"taxonomy":"post_tag","embeddable":true,"href":"https:\/\/www.muyjujuy.com\/index.php\/wp-json\/wp\/v2\/tags?post=1096"}],"curies":[{"name":"wp","href":"https:\/\/api.w.org\/{rel}","templated":true}]}}