{"id":1100,"date":"2022-08-04T13:42:27","date_gmt":"2022-08-04T16:42:27","guid":{"rendered":"https:\/\/www.muyjujuy.com\/?p=1100"},"modified":"2022-08-04T13:42:30","modified_gmt":"2022-08-04T16:42:30","slug":"morales-inauguro-la-avenida-congreso-de-perico","status":"publish","type":"post","link":"https:\/\/www.muyjujuy.com\/index.php\/2022\/08\/04\/morales-inauguro-la-avenida-congreso-de-perico\/","title":{"rendered":"Morales inaugur\u00f3 la Avenida Congreso de Perico"},"content":{"rendered":"\n<p><em>El gobernador dej\u00f3 inaugurada la nueva avenida Congreso en el barrio Santa Rosa y reafirm\u00f3 su compromiso con Perico.<\/em><\/p>\n\n\n\n<p>El gobernador <a href=\"https:\/\/twitter.com\/GerardoMorales\">Gerardo Morales <\/a>encabez\u00f3 la inauguraci\u00f3n de la Avenida Congreso del<a href=\"https:\/\/www.google.com\/search?rlz=1C1CHBD_esAR965AR965&amp;sxsrf=ALiCzsZm2ko7wNdvur6YQm8DcniBRD1tFg:1659630958883&amp;q=barrio+Santa+Rosa+en+Perico.&amp;npsic=0&amp;rflfq=1&amp;rldoc=1&amp;rllag=-24379822,-65117227,678&amp;tbm=lcl&amp;sa=X&amp;ved=2ahUKEwjIr4yOz635AhUguZUCHRkTCnQQtgN6BAgIEAE&amp;biw=1280&amp;bih=552&amp;dpr=1.5#rlfi=hd:;si:;mv:[[-24.3557179,-65.04360009999999],[-24.6940811,-65.1252252]];tbs:lrf:!1m4!1u3!2m2!3m1!1e1!1m4!1u2!2m2!2m1!1e1!2m1!1e2!2m1!1e3!3sIAE,lf:1,lf_ui:10\"> barrio Santa Rosa en Perico.<\/a> La obra consisti\u00f3 en repavimentar toda la calzada y permitir\u00e1 una mayor fluidez a los vecinos y a los comerciantes de la zona.<\/p>\n\n\n\n<p>El mandatario provincial salud\u00f3 a las autoridades presentes y a los vecinos de esa zona. Adem\u00e1s augur\u00f3 un <strong>&#8220;feliz pachamama para todos los presentes&#8221;<\/strong>. Adem\u00e1s, explic\u00f3 que &#8220;es un mes importante para todos por la esencia cultural de la madre tierra&#8221;.<br><br><strong>\u201cVengo a ratificar mi compromiso con esta ciudad y con el municipio. <\/strong>La mejor manera de resolver el problema del vecino es trabajar en forma conjunta. En este momento dif\u00edcil, debemos seguir este camino\u201d, manifest\u00f3 Morales.<br><br>En ese sentido, valor\u00f3 el trabajo que viene realizando Agua Potable en toda la Provincia. Esta obra es una m\u00e1s de sus intervenciones. <strong>\u201cVamos a continuar con las obras en Perico\u201d, <\/strong>reafirm\u00f3 el gobernador y en ese contexto se refiri\u00f3 a la obra de la terminal de \u00f3mnibus &#8220;es un proyecto que debemos retomar, estoy esperando la transferencia desde naci\u00f3n&#8221;.<\/p>\n\n\n\n<p>Con respecto a la <strong>Zona Franca<\/strong>, Morales indic\u00f3: <strong>&#8220;En dos meses est\u00e1 previsto la inauguraci\u00f3n. <\/strong>Vamos a acompa\u00f1ar con el proyecto del parque industrial, como tambi\u00e9n el gas&#8221;.<\/p>\n\n\n\n<p> Asimismo, record\u00f3: <strong>&#8220;Pronto vamos inaugurar establecimientos educativos como tambi\u00e9n obra de salud\u201d. <\/strong>\u201cCuenten con este Gobierno, vamos a estar siempre, trabajando para todos los vecinos\u201d, concluy\u00f3.<\/p>\n","protected":false},"excerpt":{"rendered":"<p>El gobernador dej\u00f3 inaugurada la nueva avenida Congreso en el barrio Santa Rosa y reafirm\u00f3 su compromiso con Perico. El gobernador Gerardo Morales encabez\u00f3 la inauguraci\u00f3n de la Avenida Congreso del barrio Santa Rosa en Perico. La obra consisti\u00f3 en repavimentar toda la calzada y permitir\u00e1 una mayor fluidez a los vecinos y a los [&hellip;]<\/p>\n","protected":false},"author":3,"featured_media":1101,"comment_status":"open","ping_status":"open","sticky":false,"template":"","format":"standard","meta":{"footnotes":""},"categories":[24],"tags":[5,8],"class_list":{"0":"post-1100","1":"post","2":"type-post","3":"status-publish","4":"format-standard","5":"has-post-thumbnail","7":"category-politica","8":"tag-gerardo-morales","9":"tag-jujuy"},"yoast_head":"<!-- This site is optimized with the Yoast SEO plugin v27.5 - https:\/\/yoast.com\/product\/yoast-seo-wordpress\/ -->\n<title>Morales inaugur\u00f3 la Avenida Congreso de Perico - Muy Jujuy<\/title>\n<meta name=\"description\" content=\"El gobernador Gerardo Morales encabez\u00f3 la inauguraci\u00f3n de la Avenida Congreso del barrio Santa Rosa en Perico.\" \/>\n<meta name=\"robots\" content=\"index, follow, max-snippet:-1, max-image-preview:large, max-video-preview:-1\" \/>\n<link rel=\"canonical\" href=\"https:\/\/www.muyjujuy.com\/index.php\/2022\/08\/04\/morales-inauguro-la-avenida-congreso-de-perico\/\" \/>\n<meta property=\"og:locale\" content=\"es_ES\" \/>\n<meta property=\"og:type\" content=\"article\" \/>\n<meta property=\"og:title\" content=\"Morales inaugur\u00f3 la Avenida Congreso de Perico - Muy Jujuy\" \/>\n<meta property=\"og:description\" content=\"El gobernador Gerardo Morales encabez\u00f3 la inauguraci\u00f3n de la Avenida Congreso del barrio Santa Rosa en Perico.\" \/>\n<meta property=\"og:url\" content=\"https:\/\/www.muyjujuy.com\/index.php\/2022\/08\/04\/morales-inauguro-la-avenida-congreso-de-perico\/\" \/>\n<meta property=\"og:site_name\" content=\"Muy Jujuy\" \/>\n<meta property=\"article:publisher\" content=\"https:\/\/www.facebook.com\/muyjujuycom\" \/>\n<meta property=\"article:published_time\" content=\"2022-08-04T16:42:27+00:00\" \/>\n<meta property=\"article:modified_time\" content=\"2022-08-04T16:42:30+00:00\" \/>\n<meta property=\"og:image\" content=\"https:\/\/www.muyjujuy.com\/wp-content\/uploads\/2022\/08\/WhatsApp-Image-2022-08-04-at-1.40.02-PM.jpeg\" \/>\n\t<meta property=\"og:image:width\" content=\"1200\" \/>\n\t<meta property=\"og:image:height\" content=\"800\" \/>\n\t<meta property=\"og:image:type\" content=\"image\/jpeg\" \/>\n<meta name=\"author\" content=\"Redacci\u00f3n Muy Jujuy\" \/>\n<meta name=\"twitter:card\" content=\"summary_large_image\" \/>\n<meta name=\"twitter:creator\" content=\"@muyjujuy\" \/>\n<meta name=\"twitter:site\" content=\"@muyjujuy\" \/>\n<meta name=\"twitter:label1\" content=\"Escrito por\" \/>\n\t<meta name=\"twitter:data1\" content=\"Redacci\u00f3n Muy Jujuy\" \/>\n\t<meta name=\"twitter:label2\" content=\"Tiempo de lectura\" \/>\n\t<meta name=\"twitter:data2\" content=\"2 minutos\" \/>\n<script type=\"application\/ld+json\" class=\"yoast-schema-graph\">{\"@context\":\"https:\\\/\\\/schema.org\",\"@graph\":[{\"@type\":\"Article\",\"@id\":\"https:\\\/\\\/www.muyjujuy.com\\\/index.php\\\/2022\\\/08\\\/04\\\/morales-inauguro-la-avenida-congreso-de-perico\\\/#article\",\"isPartOf\":{\"@id\":\"https:\\\/\\\/www.muyjujuy.com\\\/index.php\\\/2022\\\/08\\\/04\\\/morales-inauguro-la-avenida-congreso-de-perico\\\/\"},\"author\":{\"name\":\"Redacci\u00f3n Muy Jujuy\",\"@id\":\"https:\\\/\\\/www.muyjujuy.com\\\/#\\\/schema\\\/person\\\/1d0f6e223ccea9e3f9034c1a5b683bf2\"},\"headline\":\"Morales inaugur\u00f3 la Avenida Congreso de Perico\",\"datePublished\":\"2022-08-04T16:42:27+00:00\",\"dateModified\":\"2022-08-04T16:42:30+00:00\",\"mainEntityOfPage\":{\"@id\":\"https:\\\/\\\/www.muyjujuy.com\\\/index.php\\\/2022\\\/08\\\/04\\\/morales-inauguro-la-avenida-congreso-de-perico\\\/\"},\"wordCount\":267,\"commentCount\":0,\"publisher\":{\"@id\":\"https:\\\/\\\/www.muyjujuy.com\\\/#organization\"},\"image\":{\"@id\":\"https:\\\/\\\/www.muyjujuy.com\\\/index.php\\\/2022\\\/08\\\/04\\\/morales-inauguro-la-avenida-congreso-de-perico\\\/#primaryimage\"},\"thumbnailUrl\":\"https:\\\/\\\/www.muyjujuy.com\\\/wp-content\\\/uploads\\\/2022\\\/08\\\/WhatsApp-Image-2022-08-04-at-1.40.02-PM.jpeg\",\"keywords\":[\"Gerardo Morales\",\"Jujuy\"],\"articleSection\":[\"Pol\u00edtica\"],\"inLanguage\":\"es-AR\",\"potentialAction\":[{\"@type\":\"CommentAction\",\"name\":\"Comment\",\"target\":[\"https:\\\/\\\/www.muyjujuy.com\\\/index.php\\\/2022\\\/08\\\/04\\\/morales-inauguro-la-avenida-congreso-de-perico\\\/#respond\"]}]},{\"@type\":\"WebPage\",\"@id\":\"https:\\\/\\\/www.muyjujuy.com\\\/index.php\\\/2022\\\/08\\\/04\\\/morales-inauguro-la-avenida-congreso-de-perico\\\/\",\"url\":\"https:\\\/\\\/www.muyjujuy.com\\\/index.php\\\/2022\\\/08\\\/04\\\/morales-inauguro-la-avenida-congreso-de-perico\\\/\",\"name\":\"Morales inaugur\u00f3 la Avenida Congreso de Perico - Muy Jujuy\",\"isPartOf\":{\"@id\":\"https:\\\/\\\/www.muyjujuy.com\\\/#website\"},\"primaryImageOfPage\":{\"@id\":\"https:\\\/\\\/www.muyjujuy.com\\\/index.php\\\/2022\\\/08\\\/04\\\/morales-inauguro-la-avenida-congreso-de-perico\\\/#primaryimage\"},\"image\":{\"@id\":\"https:\\\/\\\/www.muyjujuy.com\\\/index.php\\\/2022\\\/08\\\/04\\\/morales-inauguro-la-avenida-congreso-de-perico\\\/#primaryimage\"},\"thumbnailUrl\":\"https:\\\/\\\/www.muyjujuy.com\\\/wp-content\\\/uploads\\\/2022\\\/08\\\/WhatsApp-Image-2022-08-04-at-1.40.02-PM.jpeg\",\"datePublished\":\"2022-08-04T16:42:27+00:00\",\"dateModified\":\"2022-08-04T16:42:30+00:00\",\"description\":\"El gobernador Gerardo Morales encabez\u00f3 la inauguraci\u00f3n de la Avenida Congreso del barrio Santa Rosa en Perico.\",\"breadcrumb\":{\"@id\":\"https:\\\/\\\/www.muyjujuy.com\\\/index.php\\\/2022\\\/08\\\/04\\\/morales-inauguro-la-avenida-congreso-de-perico\\\/#breadcrumb\"},\"inLanguage\":\"es-AR\",\"potentialAction\":[{\"@type\":\"ReadAction\",\"target\":[\"https:\\\/\\\/www.muyjujuy.com\\\/index.php\\\/2022\\\/08\\\/04\\\/morales-inauguro-la-avenida-congreso-de-perico\\\/\"]}]},{\"@type\":\"ImageObject\",\"inLanguage\":\"es-AR\",\"@id\":\"https:\\\/\\\/www.muyjujuy.com\\\/index.php\\\/2022\\\/08\\\/04\\\/morales-inauguro-la-avenida-congreso-de-perico\\\/#primaryimage\",\"url\":\"https:\\\/\\\/www.muyjujuy.com\\\/wp-content\\\/uploads\\\/2022\\\/08\\\/WhatsApp-Image-2022-08-04-at-1.40.02-PM.jpeg\",\"contentUrl\":\"https:\\\/\\\/www.muyjujuy.com\\\/wp-content\\\/uploads\\\/2022\\\/08\\\/WhatsApp-Image-2022-08-04-at-1.40.02-PM.jpeg\",\"width\":1200,\"height\":800},{\"@type\":\"BreadcrumbList\",\"@id\":\"https:\\\/\\\/www.muyjujuy.com\\\/index.php\\\/2022\\\/08\\\/04\\\/morales-inauguro-la-avenida-congreso-de-perico\\\/#breadcrumb\",\"itemListElement\":[{\"@type\":\"ListItem\",\"position\":1,\"name\":\"Inicio\",\"item\":\"https:\\\/\\\/www.muyjujuy.com\\\/\"},{\"@type\":\"ListItem\",\"position\":2,\"name\":\"Morales inaugur\u00f3 la Avenida Congreso de Perico\"}]},{\"@type\":\"WebSite\",\"@id\":\"https:\\\/\\\/www.muyjujuy.com\\\/#website\",\"url\":\"https:\\\/\\\/www.muyjujuy.com\\\/\",\"name\":\"Muy Jujuy\",\"description\":\"\",\"publisher\":{\"@id\":\"https:\\\/\\\/www.muyjujuy.com\\\/#organization\"},\"potentialAction\":[{\"@type\":\"SearchAction\",\"target\":{\"@type\":\"EntryPoint\",\"urlTemplate\":\"https:\\\/\\\/www.muyjujuy.com\\\/?s={search_term_string}\"},\"query-input\":{\"@type\":\"PropertyValueSpecification\",\"valueRequired\":true,\"valueName\":\"search_term_string\"}}],\"inLanguage\":\"es-AR\"},{\"@type\":\"Organization\",\"@id\":\"https:\\\/\\\/www.muyjujuy.com\\\/#organization\",\"name\":\"Muy Jujuy\",\"url\":\"https:\\\/\\\/www.muyjujuy.com\\\/\",\"logo\":{\"@type\":\"ImageObject\",\"inLanguage\":\"es-AR\",\"@id\":\"https:\\\/\\\/www.muyjujuy.com\\\/#\\\/schema\\\/logo\\\/image\\\/\",\"url\":\"http:\\\/\\\/www.muyjujuy.com\\\/wp-content\\\/uploads\\\/2022\\\/05\\\/logo-mobil-jujuy.png\",\"contentUrl\":\"http:\\\/\\\/www.muyjujuy.com\\\/wp-content\\\/uploads\\\/2022\\\/05\\\/logo-mobil-jujuy.png\",\"width\":174,\"height\":81,\"caption\":\"Muy Jujuy\"},\"image\":{\"@id\":\"https:\\\/\\\/www.muyjujuy.com\\\/#\\\/schema\\\/logo\\\/image\\\/\"},\"sameAs\":[\"https:\\\/\\\/www.facebook.com\\\/muyjujuycom\",\"https:\\\/\\\/x.com\\\/muyjujuy\",\"https:\\\/\\\/www.instagram.com\\\/muyjujuycom\"]},{\"@type\":\"Person\",\"@id\":\"https:\\\/\\\/www.muyjujuy.com\\\/#\\\/schema\\\/person\\\/1d0f6e223ccea9e3f9034c1a5b683bf2\",\"name\":\"Redacci\u00f3n Muy Jujuy\",\"image\":{\"@type\":\"ImageObject\",\"inLanguage\":\"es-AR\",\"@id\":\"https:\\\/\\\/secure.gravatar.com\\\/avatar\\\/fec5f6f1893d741ed5eecccff109ce43e67a855411202a3212a058cb8e5c27d4?s=96&d=mm&r=g\",\"url\":\"https:\\\/\\\/secure.gravatar.com\\\/avatar\\\/fec5f6f1893d741ed5eecccff109ce43e67a855411202a3212a058cb8e5c27d4?s=96&d=mm&r=g\",\"contentUrl\":\"https:\\\/\\\/secure.gravatar.com\\\/avatar\\\/fec5f6f1893d741ed5eecccff109ce43e67a855411202a3212a058cb8e5c27d4?s=96&d=mm&r=g\",\"caption\":\"Redacci\u00f3n Muy Jujuy\"},\"url\":\"https:\\\/\\\/www.muyjujuy.com\\\/index.php\\\/author\\\/editor\\\/\"}]}<\/script>\n<!-- \/ Yoast SEO plugin. -->","yoast_head_json":{"title":"Morales inaugur\u00f3 la Avenida Congreso de Perico - Muy Jujuy","description":"El gobernador Gerardo Morales encabez\u00f3 la inauguraci\u00f3n de la Avenida Congreso del barrio Santa Rosa en Perico.","robots":{"index":"index","follow":"follow","max-snippet":"max-snippet:-1","max-image-preview":"max-image-preview:large","max-video-preview":"max-video-preview:-1"},"canonical":"https:\/\/www.muyjujuy.com\/index.php\/2022\/08\/04\/morales-inauguro-la-avenida-congreso-de-perico\/","og_locale":"es_ES","og_type":"article","og_title":"Morales inaugur\u00f3 la Avenida Congreso de Perico - Muy Jujuy","og_description":"El gobernador Gerardo Morales encabez\u00f3 la inauguraci\u00f3n de la Avenida Congreso del barrio Santa Rosa en Perico.","og_url":"https:\/\/www.muyjujuy.com\/index.php\/2022\/08\/04\/morales-inauguro-la-avenida-congreso-de-perico\/","og_site_name":"Muy Jujuy","article_publisher":"https:\/\/www.facebook.com\/muyjujuycom","article_published_time":"2022-08-04T16:42:27+00:00","article_modified_time":"2022-08-04T16:42:30+00:00","og_image":[{"width":1200,"height":800,"url":"https:\/\/www.muyjujuy.com\/wp-content\/uploads\/2022\/08\/WhatsApp-Image-2022-08-04-at-1.40.02-PM.jpeg","type":"image\/jpeg"}],"author":"Redacci\u00f3n Muy Jujuy","twitter_card":"summary_large_image","twitter_creator":"@muyjujuy","twitter_site":"@muyjujuy","twitter_misc":{"Escrito por":"Redacci\u00f3n Muy Jujuy","Tiempo de lectura":"2 minutos"},"schema":{"@context":"https:\/\/schema.org","@graph":[{"@type":"Article","@id":"https:\/\/www.muyjujuy.com\/index.php\/2022\/08\/04\/morales-inauguro-la-avenida-congreso-de-perico\/#article","isPartOf":{"@id":"https:\/\/www.muyjujuy.com\/index.php\/2022\/08\/04\/morales-inauguro-la-avenida-congreso-de-perico\/"},"author":{"name":"Redacci\u00f3n Muy Jujuy","@id":"https:\/\/www.muyjujuy.com\/#\/schema\/person\/1d0f6e223ccea9e3f9034c1a5b683bf2"},"headline":"Morales inaugur\u00f3 la Avenida Congreso de Perico","datePublished":"2022-08-04T16:42:27+00:00","dateModified":"2022-08-04T16:42:30+00:00","mainEntityOfPage":{"@id":"https:\/\/www.muyjujuy.com\/index.php\/2022\/08\/04\/morales-inauguro-la-avenida-congreso-de-perico\/"},"wordCount":267,"commentCount":0,"publisher":{"@id":"https:\/\/www.muyjujuy.com\/#organization"},"image":{"@id":"https:\/\/www.muyjujuy.com\/index.php\/2022\/08\/04\/morales-inauguro-la-avenida-congreso-de-perico\/#primaryimage"},"thumbnailUrl":"https:\/\/www.muyjujuy.com\/wp-content\/uploads\/2022\/08\/WhatsApp-Image-2022-08-04-at-1.40.02-PM.jpeg","keywords":["Gerardo Morales","Jujuy"],"articleSection":["Pol\u00edtica"],"inLanguage":"es-AR","potentialAction":[{"@type":"CommentAction","name":"Comment","target":["https:\/\/www.muyjujuy.com\/index.php\/2022\/08\/04\/morales-inauguro-la-avenida-congreso-de-perico\/#respond"]}]},{"@type":"WebPage","@id":"https:\/\/www.muyjujuy.com\/index.php\/2022\/08\/04\/morales-inauguro-la-avenida-congreso-de-perico\/","url":"https:\/\/www.muyjujuy.com\/index.php\/2022\/08\/04\/morales-inauguro-la-avenida-congreso-de-perico\/","name":"Morales inaugur\u00f3 la Avenida Congreso de Perico - Muy Jujuy","isPartOf":{"@id":"https:\/\/www.muyjujuy.com\/#website"},"primaryImageOfPage":{"@id":"https:\/\/www.muyjujuy.com\/index.php\/2022\/08\/04\/morales-inauguro-la-avenida-congreso-de-perico\/#primaryimage"},"image":{"@id":"https:\/\/www.muyjujuy.com\/index.php\/2022\/08\/04\/morales-inauguro-la-avenida-congreso-de-perico\/#primaryimage"},"thumbnailUrl":"https:\/\/www.muyjujuy.com\/wp-content\/uploads\/2022\/08\/WhatsApp-Image-2022-08-04-at-1.40.02-PM.jpeg","datePublished":"2022-08-04T16:42:27+00:00","dateModified":"2022-08-04T16:42:30+00:00","description":"El gobernador Gerardo Morales encabez\u00f3 la inauguraci\u00f3n de la Avenida Congreso del barrio Santa Rosa en Perico.","breadcrumb":{"@id":"https:\/\/www.muyjujuy.com\/index.php\/2022\/08\/04\/morales-inauguro-la-avenida-congreso-de-perico\/#breadcrumb"},"inLanguage":"es-AR","potentialAction":[{"@type":"ReadAction","target":["https:\/\/www.muyjujuy.com\/index.php\/2022\/08\/04\/morales-inauguro-la-avenida-congreso-de-perico\/"]}]},{"@type":"ImageObject","inLanguage":"es-AR","@id":"https:\/\/www.muyjujuy.com\/index.php\/2022\/08\/04\/morales-inauguro-la-avenida-congreso-de-perico\/#primaryimage","url":"https:\/\/www.muyjujuy.com\/wp-content\/uploads\/2022\/08\/WhatsApp-Image-2022-08-04-at-1.40.02-PM.jpeg","contentUrl":"https:\/\/www.muyjujuy.com\/wp-content\/uploads\/2022\/08\/WhatsApp-Image-2022-08-04-at-1.40.02-PM.jpeg","width":1200,"height":800},{"@type":"BreadcrumbList","@id":"https:\/\/www.muyjujuy.com\/index.php\/2022\/08\/04\/morales-inauguro-la-avenida-congreso-de-perico\/#breadcrumb","itemListElement":[{"@type":"ListItem","position":1,"name":"Inicio","item":"https:\/\/www.muyjujuy.com\/"},{"@type":"ListItem","position":2,"name":"Morales inaugur\u00f3 la Avenida Congreso de Perico"}]},{"@type":"WebSite","@id":"https:\/\/www.muyjujuy.com\/#website","url":"https:\/\/www.muyjujuy.com\/","name":"Muy Jujuy","description":"","publisher":{"@id":"https:\/\/www.muyjujuy.com\/#organization"},"potentialAction":[{"@type":"SearchAction","target":{"@type":"EntryPoint","urlTemplate":"https:\/\/www.muyjujuy.com\/?s={search_term_string}"},"query-input":{"@type":"PropertyValueSpecification","valueRequired":true,"valueName":"search_term_string"}}],"inLanguage":"es-AR"},{"@type":"Organization","@id":"https:\/\/www.muyjujuy.com\/#organization","name":"Muy Jujuy","url":"https:\/\/www.muyjujuy.com\/","logo":{"@type":"ImageObject","inLanguage":"es-AR","@id":"https:\/\/www.muyjujuy.com\/#\/schema\/logo\/image\/","url":"http:\/\/www.muyjujuy.com\/wp-content\/uploads\/2022\/05\/logo-mobil-jujuy.png","contentUrl":"http:\/\/www.muyjujuy.com\/wp-content\/uploads\/2022\/05\/logo-mobil-jujuy.png","width":174,"height":81,"caption":"Muy Jujuy"},"image":{"@id":"https:\/\/www.muyjujuy.com\/#\/schema\/logo\/image\/"},"sameAs":["https:\/\/www.facebook.com\/muyjujuycom","https:\/\/x.com\/muyjujuy","https:\/\/www.instagram.com\/muyjujuycom"]},{"@type":"Person","@id":"https:\/\/www.muyjujuy.com\/#\/schema\/person\/1d0f6e223ccea9e3f9034c1a5b683bf2","name":"Redacci\u00f3n Muy Jujuy","image":{"@type":"ImageObject","inLanguage":"es-AR","@id":"https:\/\/secure.gravatar.com\/avatar\/fec5f6f1893d741ed5eecccff109ce43e67a855411202a3212a058cb8e5c27d4?s=96&d=mm&r=g","url":"https:\/\/secure.gravatar.com\/avatar\/fec5f6f1893d741ed5eecccff109ce43e67a855411202a3212a058cb8e5c27d4?s=96&d=mm&r=g","contentUrl":"https:\/\/secure.gravatar.com\/avatar\/fec5f6f1893d741ed5eecccff109ce43e67a855411202a3212a058cb8e5c27d4?s=96&d=mm&r=g","caption":"Redacci\u00f3n Muy Jujuy"},"url":"https:\/\/www.muyjujuy.com\/index.php\/author\/editor\/"}]}},"_links":{"self":[{"href":"https:\/\/www.muyjujuy.com\/index.php\/wp-json\/wp\/v2\/posts\/1100","targetHints":{"allow":["GET"]}}],"collection":[{"href":"https:\/\/www.muyjujuy.com\/index.php\/wp-json\/wp\/v2\/posts"}],"about":[{"href":"https:\/\/www.muyjujuy.com\/index.php\/wp-json\/wp\/v2\/types\/post"}],"author":[{"embeddable":true,"href":"https:\/\/www.muyjujuy.com\/index.php\/wp-json\/wp\/v2\/users\/3"}],"replies":[{"embeddable":true,"href":"https:\/\/www.muyjujuy.com\/index.php\/wp-json\/wp\/v2\/comments?post=1100"}],"version-history":[{"count":1,"href":"https:\/\/www.muyjujuy.com\/index.php\/wp-json\/wp\/v2\/posts\/1100\/revisions"}],"predecessor-version":[{"id":1102,"href":"https:\/\/www.muyjujuy.com\/index.php\/wp-json\/wp\/v2\/posts\/1100\/revisions\/1102"}],"wp:featuredmedia":[{"embeddable":true,"href":"https:\/\/www.muyjujuy.com\/index.php\/wp-json\/wp\/v2\/media\/1101"}],"wp:attachment":[{"href":"https:\/\/www.muyjujuy.com\/index.php\/wp-json\/wp\/v2\/media?parent=1100"}],"wp:term":[{"taxonomy":"category","embeddable":true,"href":"https:\/\/www.muyjujuy.com\/index.php\/wp-json\/wp\/v2\/categories?post=1100"},{"taxonomy":"post_tag","embeddable":true,"href":"https:\/\/www.muyjujuy.com\/index.php\/wp-json\/wp\/v2\/tags?post=1100"}],"curies":[{"name":"wp","href":"https:\/\/api.w.org\/{rel}","templated":true}]}}