{"id":1103,"date":"2022-08-04T15:23:13","date_gmt":"2022-08-04T18:23:13","guid":{"rendered":"https:\/\/www.muyjujuy.com\/?p=1103"},"modified":"2022-08-05T10:35:36","modified_gmt":"2022-08-05T13:35:36","slug":"en-jujuy-la-cuota-de-los-colegios-privados-subio-hasta-un-30","status":"publish","type":"post","link":"https:\/\/www.muyjujuy.com\/index.php\/2022\/08\/04\/en-jujuy-la-cuota-de-los-colegios-privados-subio-hasta-un-30\/","title":{"rendered":"En Jujuy la cuota de los colegios privados subi\u00f3 hasta un 30%"},"content":{"rendered":"\n<p><em>Los colegios privados registraron una suba de entre el 10 y 30% para esta parte del a\u00f1o.<\/em><\/p>\n\n\n\n<p>La inflaci\u00f3n no da tregua y <strong>los colegios privados de la provincia de Jujuy registraron una suba del alrededor del 30% en sus cuotas de lo que va del a\u00f1o<\/strong>. Desde las instituciones advierten que el porcentaje es menor que la inflaci\u00f3n.<\/p>\n\n\n\n<p>Norma Lozano, miembro de la Asociaci\u00f3n Juje\u00f1a de Instituciones Educativas Privadas (Ajiep), confirm\u00f3 la suba en las cuotas de los establecimientos privaos y explic\u00f3 <strong>la forma de organizaci\u00f3n financiera de los colegios.<\/strong><\/p>\n\n\n\n<p><strong>&#8220;En general el aumento que se est\u00e1 dando ronda entre un 10% y un 30%\u201d, <\/strong>precis\u00f3. Ese es el porcentaje que los padres deben afrontar para enviar a sus hijos a estudiar durante la segunda mitad del a\u00f1o.<\/p>\n\n\n\n<p>\u201cCada instituci\u00f3n tiene su propia organizaci\u00f3n: <strong>algunas organizan aumentos de manera bimestral, de acuerdo a la organizaci\u00f3n que presentan y otras organizan un aumento anual y esas organizaciones las realizan de manera semestral\u201d,<\/strong> explic\u00f3.<\/p>\n\n\n\n<p>Teniendo en cuenta que el mayor ingreso de los colegios privados es la cuota de los estudiantes, Lozano manifest\u00f3 su preocupaci\u00f3n dado que <strong>el incremento se encuentra por debajo del \u00edndice inflacionario que se proyecta este 2022<\/strong>.<\/p>\n\n\n\n<p>\u201cEs una situaci\u00f3n que nos pone en un momento de reflexi\u00f3n y an\u00e1lisis de la situaci\u00f3n financiera de cada instituci\u00f3n. <strong>Requerir\u00e1 decisiones de cada una de ellas de acuerdo a c\u00f3mo vaya impactando la morosidad<\/strong> y las gestiones con el Ministerio, porque estamos en proceso de tr\u00e1mites de una subvenci\u00f3n\u201d, indic\u00f3.<\/p>\n","protected":false},"excerpt":{"rendered":"<p>Los colegios privados registraron una suba de entre el 10 y 30% para esta parte del a\u00f1o. La inflaci\u00f3n no da tregua y los colegios privados de la provincia de Jujuy registraron una suba del alrededor del 30% en sus cuotas de lo que va del a\u00f1o. Desde las instituciones advierten que el porcentaje es [&hellip;]<\/p>\n","protected":false},"author":3,"featured_media":1104,"comment_status":"open","ping_status":"open","sticky":false,"template":"","format":"standard","meta":{"footnotes":""},"categories":[24,25],"tags":[761,8],"class_list":{"0":"post-1103","1":"post","2":"type-post","3":"status-publish","4":"format-standard","5":"has-post-thumbnail","7":"category-politica","8":"category-sociedad","9":"tag-colegios","10":"tag-jujuy"},"yoast_head":"<!-- This site is optimized with the Yoast SEO plugin v27.5 - https:\/\/yoast.com\/product\/yoast-seo-wordpress\/ -->\n<title>En Jujuy la cuota de los colegios privados subi\u00f3 hasta un 30% - Muy Jujuy<\/title>\n<meta name=\"description\" content=\"La inflaci\u00f3n no da tregua y los colegios privados de la provincia de Jujuy registraron una suba del alrededor del 30% en sus cuotas de lo que va del a\u00f1o.\" \/>\n<meta name=\"robots\" content=\"index, follow, max-snippet:-1, max-image-preview:large, max-video-preview:-1\" \/>\n<link rel=\"canonical\" href=\"https:\/\/www.muyjujuy.com\/index.php\/2022\/08\/04\/en-jujuy-la-cuota-de-los-colegios-privados-subio-hasta-un-30\/\" \/>\n<meta property=\"og:locale\" content=\"es_ES\" \/>\n<meta property=\"og:type\" content=\"article\" \/>\n<meta property=\"og:title\" content=\"En Jujuy la cuota de los colegios privados subi\u00f3 hasta un 30% - Muy Jujuy\" \/>\n<meta property=\"og:description\" content=\"La inflaci\u00f3n no da tregua y los colegios privados de la provincia de Jujuy registraron una suba del alrededor del 30% en sus cuotas de lo que va del a\u00f1o.\" \/>\n<meta property=\"og:url\" content=\"https:\/\/www.muyjujuy.com\/index.php\/2022\/08\/04\/en-jujuy-la-cuota-de-los-colegios-privados-subio-hasta-un-30\/\" \/>\n<meta property=\"og:site_name\" content=\"Muy Jujuy\" \/>\n<meta property=\"article:publisher\" content=\"https:\/\/www.facebook.com\/muyjujuycom\" \/>\n<meta property=\"article:published_time\" content=\"2022-08-04T18:23:13+00:00\" \/>\n<meta property=\"article:modified_time\" content=\"2022-08-05T13:35:36+00:00\" \/>\n<meta property=\"og:image\" content=\"https:\/\/www.muyjujuy.com\/wp-content\/uploads\/2022\/08\/WhatsApp-Image-2022-08-04-at-3.20.10-PM.jpeg\" \/>\n\t<meta property=\"og:image:width\" content=\"990\" \/>\n\t<meta property=\"og:image:height\" content=\"610\" \/>\n\t<meta property=\"og:image:type\" content=\"image\/jpeg\" \/>\n<meta name=\"author\" content=\"Redacci\u00f3n Muy Jujuy\" \/>\n<meta name=\"twitter:card\" content=\"summary_large_image\" \/>\n<meta name=\"twitter:creator\" content=\"@muyjujuy\" \/>\n<meta name=\"twitter:site\" content=\"@muyjujuy\" \/>\n<meta name=\"twitter:label1\" content=\"Escrito por\" \/>\n\t<meta name=\"twitter:data1\" content=\"Redacci\u00f3n Muy Jujuy\" \/>\n\t<meta name=\"twitter:label2\" content=\"Tiempo de lectura\" \/>\n\t<meta name=\"twitter:data2\" content=\"2 minutos\" \/>\n<script type=\"application\/ld+json\" class=\"yoast-schema-graph\">{\"@context\":\"https:\\\/\\\/schema.org\",\"@graph\":[{\"@type\":\"Article\",\"@id\":\"https:\\\/\\\/www.muyjujuy.com\\\/index.php\\\/2022\\\/08\\\/04\\\/en-jujuy-la-cuota-de-los-colegios-privados-subio-hasta-un-30\\\/#article\",\"isPartOf\":{\"@id\":\"https:\\\/\\\/www.muyjujuy.com\\\/index.php\\\/2022\\\/08\\\/04\\\/en-jujuy-la-cuota-de-los-colegios-privados-subio-hasta-un-30\\\/\"},\"author\":{\"name\":\"Redacci\u00f3n Muy Jujuy\",\"@id\":\"https:\\\/\\\/www.muyjujuy.com\\\/#\\\/schema\\\/person\\\/1d0f6e223ccea9e3f9034c1a5b683bf2\"},\"headline\":\"En Jujuy la cuota de los colegios privados subi\u00f3 hasta un 30%\",\"datePublished\":\"2022-08-04T18:23:13+00:00\",\"dateModified\":\"2022-08-05T13:35:36+00:00\",\"mainEntityOfPage\":{\"@id\":\"https:\\\/\\\/www.muyjujuy.com\\\/index.php\\\/2022\\\/08\\\/04\\\/en-jujuy-la-cuota-de-los-colegios-privados-subio-hasta-un-30\\\/\"},\"wordCount\":276,\"commentCount\":0,\"publisher\":{\"@id\":\"https:\\\/\\\/www.muyjujuy.com\\\/#organization\"},\"image\":{\"@id\":\"https:\\\/\\\/www.muyjujuy.com\\\/index.php\\\/2022\\\/08\\\/04\\\/en-jujuy-la-cuota-de-los-colegios-privados-subio-hasta-un-30\\\/#primaryimage\"},\"thumbnailUrl\":\"https:\\\/\\\/www.muyjujuy.com\\\/wp-content\\\/uploads\\\/2022\\\/08\\\/WhatsApp-Image-2022-08-04-at-3.20.10-PM.jpeg\",\"keywords\":[\"colegios\",\"Jujuy\"],\"articleSection\":[\"Pol\u00edtica\",\"Sociedad\"],\"inLanguage\":\"es-AR\",\"potentialAction\":[{\"@type\":\"CommentAction\",\"name\":\"Comment\",\"target\":[\"https:\\\/\\\/www.muyjujuy.com\\\/index.php\\\/2022\\\/08\\\/04\\\/en-jujuy-la-cuota-de-los-colegios-privados-subio-hasta-un-30\\\/#respond\"]}]},{\"@type\":\"WebPage\",\"@id\":\"https:\\\/\\\/www.muyjujuy.com\\\/index.php\\\/2022\\\/08\\\/04\\\/en-jujuy-la-cuota-de-los-colegios-privados-subio-hasta-un-30\\\/\",\"url\":\"https:\\\/\\\/www.muyjujuy.com\\\/index.php\\\/2022\\\/08\\\/04\\\/en-jujuy-la-cuota-de-los-colegios-privados-subio-hasta-un-30\\\/\",\"name\":\"En Jujuy la cuota de los colegios privados subi\u00f3 hasta un 30% - Muy Jujuy\",\"isPartOf\":{\"@id\":\"https:\\\/\\\/www.muyjujuy.com\\\/#website\"},\"primaryImageOfPage\":{\"@id\":\"https:\\\/\\\/www.muyjujuy.com\\\/index.php\\\/2022\\\/08\\\/04\\\/en-jujuy-la-cuota-de-los-colegios-privados-subio-hasta-un-30\\\/#primaryimage\"},\"image\":{\"@id\":\"https:\\\/\\\/www.muyjujuy.com\\\/index.php\\\/2022\\\/08\\\/04\\\/en-jujuy-la-cuota-de-los-colegios-privados-subio-hasta-un-30\\\/#primaryimage\"},\"thumbnailUrl\":\"https:\\\/\\\/www.muyjujuy.com\\\/wp-content\\\/uploads\\\/2022\\\/08\\\/WhatsApp-Image-2022-08-04-at-3.20.10-PM.jpeg\",\"datePublished\":\"2022-08-04T18:23:13+00:00\",\"dateModified\":\"2022-08-05T13:35:36+00:00\",\"description\":\"La inflaci\u00f3n no da tregua y los colegios privados de la provincia de Jujuy registraron una suba del alrededor del 30% en sus cuotas de lo que va del a\u00f1o.\",\"breadcrumb\":{\"@id\":\"https:\\\/\\\/www.muyjujuy.com\\\/index.php\\\/2022\\\/08\\\/04\\\/en-jujuy-la-cuota-de-los-colegios-privados-subio-hasta-un-30\\\/#breadcrumb\"},\"inLanguage\":\"es-AR\",\"potentialAction\":[{\"@type\":\"ReadAction\",\"target\":[\"https:\\\/\\\/www.muyjujuy.com\\\/index.php\\\/2022\\\/08\\\/04\\\/en-jujuy-la-cuota-de-los-colegios-privados-subio-hasta-un-30\\\/\"]}]},{\"@type\":\"ImageObject\",\"inLanguage\":\"es-AR\",\"@id\":\"https:\\\/\\\/www.muyjujuy.com\\\/index.php\\\/2022\\\/08\\\/04\\\/en-jujuy-la-cuota-de-los-colegios-privados-subio-hasta-un-30\\\/#primaryimage\",\"url\":\"https:\\\/\\\/www.muyjujuy.com\\\/wp-content\\\/uploads\\\/2022\\\/08\\\/WhatsApp-Image-2022-08-04-at-3.20.10-PM.jpeg\",\"contentUrl\":\"https:\\\/\\\/www.muyjujuy.com\\\/wp-content\\\/uploads\\\/2022\\\/08\\\/WhatsApp-Image-2022-08-04-at-3.20.10-PM.jpeg\",\"width\":990,\"height\":610},{\"@type\":\"BreadcrumbList\",\"@id\":\"https:\\\/\\\/www.muyjujuy.com\\\/index.php\\\/2022\\\/08\\\/04\\\/en-jujuy-la-cuota-de-los-colegios-privados-subio-hasta-un-30\\\/#breadcrumb\",\"itemListElement\":[{\"@type\":\"ListItem\",\"position\":1,\"name\":\"Inicio\",\"item\":\"https:\\\/\\\/www.muyjujuy.com\\\/\"},{\"@type\":\"ListItem\",\"position\":2,\"name\":\"En Jujuy la cuota de los colegios privados subi\u00f3 hasta un 30%\"}]},{\"@type\":\"WebSite\",\"@id\":\"https:\\\/\\\/www.muyjujuy.com\\\/#website\",\"url\":\"https:\\\/\\\/www.muyjujuy.com\\\/\",\"name\":\"Muy Jujuy\",\"description\":\"\",\"publisher\":{\"@id\":\"https:\\\/\\\/www.muyjujuy.com\\\/#organization\"},\"potentialAction\":[{\"@type\":\"SearchAction\",\"target\":{\"@type\":\"EntryPoint\",\"urlTemplate\":\"https:\\\/\\\/www.muyjujuy.com\\\/?s={search_term_string}\"},\"query-input\":{\"@type\":\"PropertyValueSpecification\",\"valueRequired\":true,\"valueName\":\"search_term_string\"}}],\"inLanguage\":\"es-AR\"},{\"@type\":\"Organization\",\"@id\":\"https:\\\/\\\/www.muyjujuy.com\\\/#organization\",\"name\":\"Muy Jujuy\",\"url\":\"https:\\\/\\\/www.muyjujuy.com\\\/\",\"logo\":{\"@type\":\"ImageObject\",\"inLanguage\":\"es-AR\",\"@id\":\"https:\\\/\\\/www.muyjujuy.com\\\/#\\\/schema\\\/logo\\\/image\\\/\",\"url\":\"http:\\\/\\\/www.muyjujuy.com\\\/wp-content\\\/uploads\\\/2022\\\/05\\\/logo-mobil-jujuy.png\",\"contentUrl\":\"http:\\\/\\\/www.muyjujuy.com\\\/wp-content\\\/uploads\\\/2022\\\/05\\\/logo-mobil-jujuy.png\",\"width\":174,\"height\":81,\"caption\":\"Muy Jujuy\"},\"image\":{\"@id\":\"https:\\\/\\\/www.muyjujuy.com\\\/#\\\/schema\\\/logo\\\/image\\\/\"},\"sameAs\":[\"https:\\\/\\\/www.facebook.com\\\/muyjujuycom\",\"https:\\\/\\\/x.com\\\/muyjujuy\",\"https:\\\/\\\/www.instagram.com\\\/muyjujuycom\"]},{\"@type\":\"Person\",\"@id\":\"https:\\\/\\\/www.muyjujuy.com\\\/#\\\/schema\\\/person\\\/1d0f6e223ccea9e3f9034c1a5b683bf2\",\"name\":\"Redacci\u00f3n Muy Jujuy\",\"image\":{\"@type\":\"ImageObject\",\"inLanguage\":\"es-AR\",\"@id\":\"https:\\\/\\\/secure.gravatar.com\\\/avatar\\\/fec5f6f1893d741ed5eecccff109ce43e67a855411202a3212a058cb8e5c27d4?s=96&d=mm&r=g\",\"url\":\"https:\\\/\\\/secure.gravatar.com\\\/avatar\\\/fec5f6f1893d741ed5eecccff109ce43e67a855411202a3212a058cb8e5c27d4?s=96&d=mm&r=g\",\"contentUrl\":\"https:\\\/\\\/secure.gravatar.com\\\/avatar\\\/fec5f6f1893d741ed5eecccff109ce43e67a855411202a3212a058cb8e5c27d4?s=96&d=mm&r=g\",\"caption\":\"Redacci\u00f3n Muy Jujuy\"},\"url\":\"https:\\\/\\\/www.muyjujuy.com\\\/index.php\\\/author\\\/editor\\\/\"}]}<\/script>\n<!-- \/ Yoast SEO plugin. -->","yoast_head_json":{"title":"En Jujuy la cuota de los colegios privados subi\u00f3 hasta un 30% - Muy Jujuy","description":"La inflaci\u00f3n no da tregua y los colegios privados de la provincia de Jujuy registraron una suba del alrededor del 30% en sus cuotas de lo que va del a\u00f1o.","robots":{"index":"index","follow":"follow","max-snippet":"max-snippet:-1","max-image-preview":"max-image-preview:large","max-video-preview":"max-video-preview:-1"},"canonical":"https:\/\/www.muyjujuy.com\/index.php\/2022\/08\/04\/en-jujuy-la-cuota-de-los-colegios-privados-subio-hasta-un-30\/","og_locale":"es_ES","og_type":"article","og_title":"En Jujuy la cuota de los colegios privados subi\u00f3 hasta un 30% - Muy Jujuy","og_description":"La inflaci\u00f3n no da tregua y los colegios privados de la provincia de Jujuy registraron una suba del alrededor del 30% en sus cuotas de lo que va del a\u00f1o.","og_url":"https:\/\/www.muyjujuy.com\/index.php\/2022\/08\/04\/en-jujuy-la-cuota-de-los-colegios-privados-subio-hasta-un-30\/","og_site_name":"Muy Jujuy","article_publisher":"https:\/\/www.facebook.com\/muyjujuycom","article_published_time":"2022-08-04T18:23:13+00:00","article_modified_time":"2022-08-05T13:35:36+00:00","og_image":[{"width":990,"height":610,"url":"https:\/\/www.muyjujuy.com\/wp-content\/uploads\/2022\/08\/WhatsApp-Image-2022-08-04-at-3.20.10-PM.jpeg","type":"image\/jpeg"}],"author":"Redacci\u00f3n Muy Jujuy","twitter_card":"summary_large_image","twitter_creator":"@muyjujuy","twitter_site":"@muyjujuy","twitter_misc":{"Escrito por":"Redacci\u00f3n Muy Jujuy","Tiempo de lectura":"2 minutos"},"schema":{"@context":"https:\/\/schema.org","@graph":[{"@type":"Article","@id":"https:\/\/www.muyjujuy.com\/index.php\/2022\/08\/04\/en-jujuy-la-cuota-de-los-colegios-privados-subio-hasta-un-30\/#article","isPartOf":{"@id":"https:\/\/www.muyjujuy.com\/index.php\/2022\/08\/04\/en-jujuy-la-cuota-de-los-colegios-privados-subio-hasta-un-30\/"},"author":{"name":"Redacci\u00f3n Muy Jujuy","@id":"https:\/\/www.muyjujuy.com\/#\/schema\/person\/1d0f6e223ccea9e3f9034c1a5b683bf2"},"headline":"En Jujuy la cuota de los colegios privados subi\u00f3 hasta un 30%","datePublished":"2022-08-04T18:23:13+00:00","dateModified":"2022-08-05T13:35:36+00:00","mainEntityOfPage":{"@id":"https:\/\/www.muyjujuy.com\/index.php\/2022\/08\/04\/en-jujuy-la-cuota-de-los-colegios-privados-subio-hasta-un-30\/"},"wordCount":276,"commentCount":0,"publisher":{"@id":"https:\/\/www.muyjujuy.com\/#organization"},"image":{"@id":"https:\/\/www.muyjujuy.com\/index.php\/2022\/08\/04\/en-jujuy-la-cuota-de-los-colegios-privados-subio-hasta-un-30\/#primaryimage"},"thumbnailUrl":"https:\/\/www.muyjujuy.com\/wp-content\/uploads\/2022\/08\/WhatsApp-Image-2022-08-04-at-3.20.10-PM.jpeg","keywords":["colegios","Jujuy"],"articleSection":["Pol\u00edtica","Sociedad"],"inLanguage":"es-AR","potentialAction":[{"@type":"CommentAction","name":"Comment","target":["https:\/\/www.muyjujuy.com\/index.php\/2022\/08\/04\/en-jujuy-la-cuota-de-los-colegios-privados-subio-hasta-un-30\/#respond"]}]},{"@type":"WebPage","@id":"https:\/\/www.muyjujuy.com\/index.php\/2022\/08\/04\/en-jujuy-la-cuota-de-los-colegios-privados-subio-hasta-un-30\/","url":"https:\/\/www.muyjujuy.com\/index.php\/2022\/08\/04\/en-jujuy-la-cuota-de-los-colegios-privados-subio-hasta-un-30\/","name":"En Jujuy la cuota de los colegios privados subi\u00f3 hasta un 30% - Muy Jujuy","isPartOf":{"@id":"https:\/\/www.muyjujuy.com\/#website"},"primaryImageOfPage":{"@id":"https:\/\/www.muyjujuy.com\/index.php\/2022\/08\/04\/en-jujuy-la-cuota-de-los-colegios-privados-subio-hasta-un-30\/#primaryimage"},"image":{"@id":"https:\/\/www.muyjujuy.com\/index.php\/2022\/08\/04\/en-jujuy-la-cuota-de-los-colegios-privados-subio-hasta-un-30\/#primaryimage"},"thumbnailUrl":"https:\/\/www.muyjujuy.com\/wp-content\/uploads\/2022\/08\/WhatsApp-Image-2022-08-04-at-3.20.10-PM.jpeg","datePublished":"2022-08-04T18:23:13+00:00","dateModified":"2022-08-05T13:35:36+00:00","description":"La inflaci\u00f3n no da tregua y los colegios privados de la provincia de Jujuy registraron una suba del alrededor del 30% en sus cuotas de lo que va del a\u00f1o.","breadcrumb":{"@id":"https:\/\/www.muyjujuy.com\/index.php\/2022\/08\/04\/en-jujuy-la-cuota-de-los-colegios-privados-subio-hasta-un-30\/#breadcrumb"},"inLanguage":"es-AR","potentialAction":[{"@type":"ReadAction","target":["https:\/\/www.muyjujuy.com\/index.php\/2022\/08\/04\/en-jujuy-la-cuota-de-los-colegios-privados-subio-hasta-un-30\/"]}]},{"@type":"ImageObject","inLanguage":"es-AR","@id":"https:\/\/www.muyjujuy.com\/index.php\/2022\/08\/04\/en-jujuy-la-cuota-de-los-colegios-privados-subio-hasta-un-30\/#primaryimage","url":"https:\/\/www.muyjujuy.com\/wp-content\/uploads\/2022\/08\/WhatsApp-Image-2022-08-04-at-3.20.10-PM.jpeg","contentUrl":"https:\/\/www.muyjujuy.com\/wp-content\/uploads\/2022\/08\/WhatsApp-Image-2022-08-04-at-3.20.10-PM.jpeg","width":990,"height":610},{"@type":"BreadcrumbList","@id":"https:\/\/www.muyjujuy.com\/index.php\/2022\/08\/04\/en-jujuy-la-cuota-de-los-colegios-privados-subio-hasta-un-30\/#breadcrumb","itemListElement":[{"@type":"ListItem","position":1,"name":"Inicio","item":"https:\/\/www.muyjujuy.com\/"},{"@type":"ListItem","position":2,"name":"En Jujuy la cuota de los colegios privados subi\u00f3 hasta un 30%"}]},{"@type":"WebSite","@id":"https:\/\/www.muyjujuy.com\/#website","url":"https:\/\/www.muyjujuy.com\/","name":"Muy Jujuy","description":"","publisher":{"@id":"https:\/\/www.muyjujuy.com\/#organization"},"potentialAction":[{"@type":"SearchAction","target":{"@type":"EntryPoint","urlTemplate":"https:\/\/www.muyjujuy.com\/?s={search_term_string}"},"query-input":{"@type":"PropertyValueSpecification","valueRequired":true,"valueName":"search_term_string"}}],"inLanguage":"es-AR"},{"@type":"Organization","@id":"https:\/\/www.muyjujuy.com\/#organization","name":"Muy Jujuy","url":"https:\/\/www.muyjujuy.com\/","logo":{"@type":"ImageObject","inLanguage":"es-AR","@id":"https:\/\/www.muyjujuy.com\/#\/schema\/logo\/image\/","url":"http:\/\/www.muyjujuy.com\/wp-content\/uploads\/2022\/05\/logo-mobil-jujuy.png","contentUrl":"http:\/\/www.muyjujuy.com\/wp-content\/uploads\/2022\/05\/logo-mobil-jujuy.png","width":174,"height":81,"caption":"Muy Jujuy"},"image":{"@id":"https:\/\/www.muyjujuy.com\/#\/schema\/logo\/image\/"},"sameAs":["https:\/\/www.facebook.com\/muyjujuycom","https:\/\/x.com\/muyjujuy","https:\/\/www.instagram.com\/muyjujuycom"]},{"@type":"Person","@id":"https:\/\/www.muyjujuy.com\/#\/schema\/person\/1d0f6e223ccea9e3f9034c1a5b683bf2","name":"Redacci\u00f3n Muy Jujuy","image":{"@type":"ImageObject","inLanguage":"es-AR","@id":"https:\/\/secure.gravatar.com\/avatar\/fec5f6f1893d741ed5eecccff109ce43e67a855411202a3212a058cb8e5c27d4?s=96&d=mm&r=g","url":"https:\/\/secure.gravatar.com\/avatar\/fec5f6f1893d741ed5eecccff109ce43e67a855411202a3212a058cb8e5c27d4?s=96&d=mm&r=g","contentUrl":"https:\/\/secure.gravatar.com\/avatar\/fec5f6f1893d741ed5eecccff109ce43e67a855411202a3212a058cb8e5c27d4?s=96&d=mm&r=g","caption":"Redacci\u00f3n Muy Jujuy"},"url":"https:\/\/www.muyjujuy.com\/index.php\/author\/editor\/"}]}},"_links":{"self":[{"href":"https:\/\/www.muyjujuy.com\/index.php\/wp-json\/wp\/v2\/posts\/1103","targetHints":{"allow":["GET"]}}],"collection":[{"href":"https:\/\/www.muyjujuy.com\/index.php\/wp-json\/wp\/v2\/posts"}],"about":[{"href":"https:\/\/www.muyjujuy.com\/index.php\/wp-json\/wp\/v2\/types\/post"}],"author":[{"embeddable":true,"href":"https:\/\/www.muyjujuy.com\/index.php\/wp-json\/wp\/v2\/users\/3"}],"replies":[{"embeddable":true,"href":"https:\/\/www.muyjujuy.com\/index.php\/wp-json\/wp\/v2\/comments?post=1103"}],"version-history":[{"count":2,"href":"https:\/\/www.muyjujuy.com\/index.php\/wp-json\/wp\/v2\/posts\/1103\/revisions"}],"predecessor-version":[{"id":1111,"href":"https:\/\/www.muyjujuy.com\/index.php\/wp-json\/wp\/v2\/posts\/1103\/revisions\/1111"}],"wp:featuredmedia":[{"embeddable":true,"href":"https:\/\/www.muyjujuy.com\/index.php\/wp-json\/wp\/v2\/media\/1104"}],"wp:attachment":[{"href":"https:\/\/www.muyjujuy.com\/index.php\/wp-json\/wp\/v2\/media?parent=1103"}],"wp:term":[{"taxonomy":"category","embeddable":true,"href":"https:\/\/www.muyjujuy.com\/index.php\/wp-json\/wp\/v2\/categories?post=1103"},{"taxonomy":"post_tag","embeddable":true,"href":"https:\/\/www.muyjujuy.com\/index.php\/wp-json\/wp\/v2\/tags?post=1103"}],"curies":[{"name":"wp","href":"https:\/\/api.w.org\/{rel}","templated":true}]}}