{"id":1124,"date":"2022-08-08T11:54:11","date_gmt":"2022-08-08T14:54:11","guid":{"rendered":"https:\/\/www.muyjujuy.com\/?p=1124"},"modified":"2022-08-08T11:54:13","modified_gmt":"2022-08-08T14:54:13","slug":"morales-inauguro-la-avenida-formosa-de-caimancito","status":"publish","type":"post","link":"https:\/\/www.muyjujuy.com\/index.php\/2022\/08\/08\/morales-inauguro-la-avenida-formosa-de-caimancito\/","title":{"rendered":"Morales inaugur\u00f3 la Avenida Formosa de Caimancito"},"content":{"rendered":"\n<p><em>La obra beneficiar\u00e1 a toda la comunidad de Caimancito que es una de las promesas que realiz\u00f3 el Gobierno provincial.<\/em><\/p>\n\n\n\n<p>El gobernador de Jujuy, Gerardo Morales, inaugur\u00f3 la pavimentaci\u00f3n de la <strong>Avenida Formosa de <a href=\"https:\/\/www.google.com\/maps\/place\/Caimancito,+Jujuy\/data=!4m2!3m1!1s0x941abc6d8593e3fd:0x659ea99255c5f330?sa=X&amp;ved=2ahUKEwiG2PDHvrf5AhVrspUCHRWaB4wQ8gF6BAhnEAE\">Caimancito<\/a><\/strong>, una de las arterias principales de la localidad. &#8220;Es un gusto participar de la inauguraci\u00f3n de \u00e9sta obra. <strong>Hace mucho tiempo que se solicit\u00f3 y hoy se cumple esta obra para la comunidad&#8221;, <\/strong>enfatiz\u00f3.<br><br>En ese sentido, el gobernante inst\u00f3 a que haya trabajo y no falte el pan a las familias en este momento dif\u00edcil que atraviesa el pa\u00eds. Invoc\u00f3 a San Cayetano para que <strong>&#8220;ilumine todos los hogares de las familias juje\u00f1a&#8221;.<\/strong><br><br>Se\u00f1al\u00f3 que esta obra <strong>es parte de la primera etapa <\/strong>y que los servicios para la avenida ser\u00e1 la continuaci\u00f3n del proyecto. Adem\u00e1s, anticip\u00f3: <strong>\u201cTenemos m\u00e1s obras para Caimancito, <\/strong>el crecimiento est\u00e1 en marcha para este hermoso pueblo\u201d.<\/p>\n\n\n\n<h2 class=\"wp-block-heading\"><strong>Obras en Caimancito<\/strong><\/h2>\n\n\n\n<p>A su turno, el ministro de Infraestructura provincial,<strong> Carlos Stanic<\/strong>, asegur\u00f3: <strong>&#8220;\u00c9ste es el convenio m\u00e1s importante que hemos firmado <\/strong>en lo que tiene que ver con los municipios&#8221;. <\/p>\n\n\n\n<p>Asimismo explic\u00f3 que hubo varias dificultades naturales en el proceso de la obra y se mostr\u00f3 satisfecho de cumplir con el objetivo. <strong>&#8220;Es una realidad \u00e9sta avenida, hoy podemos disfrutar\u201d, <\/strong>cerr\u00f3 su discurso.<br><br>El secretario de Energ\u00eda juje\u00f1o , Mario Pizarro, explic\u00f3 \u201cse realiz\u00f3 obras que tiene que ver con el tendido de red de baja y de media&#8221; y expres\u00f3 <strong>&#8220;tiene que ver con el alumbrado p\u00fablico<\/strong>, como tambi\u00e9n, iluminamos diferentes sectores del pueblo&#8221;.<\/p>\n","protected":false},"excerpt":{"rendered":"<p>La obra beneficiar\u00e1 a toda la comunidad de Caimancito que es una de las promesas que realiz\u00f3 el Gobierno provincial. El gobernador de Jujuy, Gerardo Morales, inaugur\u00f3 la pavimentaci\u00f3n de la Avenida Formosa de Caimancito, una de las arterias principales de la localidad. &#8220;Es un gusto participar de la inauguraci\u00f3n de \u00e9sta obra. Hace mucho [&hellip;]<\/p>\n","protected":false},"author":3,"featured_media":1125,"comment_status":"open","ping_status":"open","sticky":false,"template":"","format":"standard","meta":{"footnotes":""},"categories":[24],"tags":[5,8],"class_list":{"0":"post-1124","1":"post","2":"type-post","3":"status-publish","4":"format-standard","5":"has-post-thumbnail","7":"category-politica","8":"tag-gerardo-morales","9":"tag-jujuy"},"yoast_head":"<!-- This site is optimized with the Yoast SEO plugin v27.5 - https:\/\/yoast.com\/product\/yoast-seo-wordpress\/ -->\n<title>Morales inaugur\u00f3 la Avenida Formosa de Caimancito - Muy Jujuy<\/title>\n<meta name=\"description\" content=\"El gobernador de Jujuy, Gerardo Morales, inaugur\u00f3 la pavimentaci\u00f3n de la Avenida Formosa de Caimancito, una de las arterias principales de la localidad.\" \/>\n<meta name=\"robots\" content=\"index, follow, max-snippet:-1, max-image-preview:large, max-video-preview:-1\" \/>\n<link rel=\"canonical\" href=\"https:\/\/www.muyjujuy.com\/index.php\/2022\/08\/08\/morales-inauguro-la-avenida-formosa-de-caimancito\/\" \/>\n<meta property=\"og:locale\" content=\"es_ES\" \/>\n<meta property=\"og:type\" content=\"article\" \/>\n<meta property=\"og:title\" content=\"Morales inaugur\u00f3 la Avenida Formosa de Caimancito - Muy Jujuy\" \/>\n<meta property=\"og:description\" content=\"El gobernador de Jujuy, Gerardo Morales, inaugur\u00f3 la pavimentaci\u00f3n de la Avenida Formosa de Caimancito, una de las arterias principales de la localidad.\" \/>\n<meta property=\"og:url\" content=\"https:\/\/www.muyjujuy.com\/index.php\/2022\/08\/08\/morales-inauguro-la-avenida-formosa-de-caimancito\/\" \/>\n<meta property=\"og:site_name\" content=\"Muy Jujuy\" \/>\n<meta property=\"article:publisher\" content=\"https:\/\/www.facebook.com\/muyjujuycom\" \/>\n<meta property=\"article:published_time\" content=\"2022-08-08T14:54:11+00:00\" \/>\n<meta property=\"article:modified_time\" content=\"2022-08-08T14:54:13+00:00\" \/>\n<meta property=\"og:image\" content=\"https:\/\/www.muyjujuy.com\/wp-content\/uploads\/2022\/08\/WhatsApp-Image-2022-08-08-at-11.51.28-AM.jpeg\" \/>\n\t<meta property=\"og:image:width\" content=\"1200\" \/>\n\t<meta property=\"og:image:height\" content=\"825\" \/>\n\t<meta property=\"og:image:type\" content=\"image\/jpeg\" \/>\n<meta name=\"author\" content=\"Redacci\u00f3n Muy Jujuy\" \/>\n<meta name=\"twitter:card\" content=\"summary_large_image\" \/>\n<meta name=\"twitter:creator\" content=\"@muyjujuy\" \/>\n<meta name=\"twitter:site\" content=\"@muyjujuy\" \/>\n<meta name=\"twitter:label1\" content=\"Escrito por\" \/>\n\t<meta name=\"twitter:data1\" content=\"Redacci\u00f3n Muy Jujuy\" \/>\n\t<meta name=\"twitter:label2\" content=\"Tiempo de lectura\" \/>\n\t<meta name=\"twitter:data2\" content=\"2 minutos\" \/>\n<script type=\"application\/ld+json\" class=\"yoast-schema-graph\">{\"@context\":\"https:\\\/\\\/schema.org\",\"@graph\":[{\"@type\":\"Article\",\"@id\":\"https:\\\/\\\/www.muyjujuy.com\\\/index.php\\\/2022\\\/08\\\/08\\\/morales-inauguro-la-avenida-formosa-de-caimancito\\\/#article\",\"isPartOf\":{\"@id\":\"https:\\\/\\\/www.muyjujuy.com\\\/index.php\\\/2022\\\/08\\\/08\\\/morales-inauguro-la-avenida-formosa-de-caimancito\\\/\"},\"author\":{\"name\":\"Redacci\u00f3n Muy Jujuy\",\"@id\":\"https:\\\/\\\/www.muyjujuy.com\\\/#\\\/schema\\\/person\\\/1d0f6e223ccea9e3f9034c1a5b683bf2\"},\"headline\":\"Morales inaugur\u00f3 la Avenida Formosa de Caimancito\",\"datePublished\":\"2022-08-08T14:54:11+00:00\",\"dateModified\":\"2022-08-08T14:54:13+00:00\",\"mainEntityOfPage\":{\"@id\":\"https:\\\/\\\/www.muyjujuy.com\\\/index.php\\\/2022\\\/08\\\/08\\\/morales-inauguro-la-avenida-formosa-de-caimancito\\\/\"},\"wordCount\":274,\"commentCount\":0,\"publisher\":{\"@id\":\"https:\\\/\\\/www.muyjujuy.com\\\/#organization\"},\"image\":{\"@id\":\"https:\\\/\\\/www.muyjujuy.com\\\/index.php\\\/2022\\\/08\\\/08\\\/morales-inauguro-la-avenida-formosa-de-caimancito\\\/#primaryimage\"},\"thumbnailUrl\":\"https:\\\/\\\/www.muyjujuy.com\\\/wp-content\\\/uploads\\\/2022\\\/08\\\/WhatsApp-Image-2022-08-08-at-11.51.28-AM.jpeg\",\"keywords\":[\"Gerardo Morales\",\"Jujuy\"],\"articleSection\":[\"Pol\u00edtica\"],\"inLanguage\":\"es-AR\",\"potentialAction\":[{\"@type\":\"CommentAction\",\"name\":\"Comment\",\"target\":[\"https:\\\/\\\/www.muyjujuy.com\\\/index.php\\\/2022\\\/08\\\/08\\\/morales-inauguro-la-avenida-formosa-de-caimancito\\\/#respond\"]}]},{\"@type\":\"WebPage\",\"@id\":\"https:\\\/\\\/www.muyjujuy.com\\\/index.php\\\/2022\\\/08\\\/08\\\/morales-inauguro-la-avenida-formosa-de-caimancito\\\/\",\"url\":\"https:\\\/\\\/www.muyjujuy.com\\\/index.php\\\/2022\\\/08\\\/08\\\/morales-inauguro-la-avenida-formosa-de-caimancito\\\/\",\"name\":\"Morales inaugur\u00f3 la Avenida Formosa de Caimancito - Muy Jujuy\",\"isPartOf\":{\"@id\":\"https:\\\/\\\/www.muyjujuy.com\\\/#website\"},\"primaryImageOfPage\":{\"@id\":\"https:\\\/\\\/www.muyjujuy.com\\\/index.php\\\/2022\\\/08\\\/08\\\/morales-inauguro-la-avenida-formosa-de-caimancito\\\/#primaryimage\"},\"image\":{\"@id\":\"https:\\\/\\\/www.muyjujuy.com\\\/index.php\\\/2022\\\/08\\\/08\\\/morales-inauguro-la-avenida-formosa-de-caimancito\\\/#primaryimage\"},\"thumbnailUrl\":\"https:\\\/\\\/www.muyjujuy.com\\\/wp-content\\\/uploads\\\/2022\\\/08\\\/WhatsApp-Image-2022-08-08-at-11.51.28-AM.jpeg\",\"datePublished\":\"2022-08-08T14:54:11+00:00\",\"dateModified\":\"2022-08-08T14:54:13+00:00\",\"description\":\"El gobernador de Jujuy, Gerardo Morales, inaugur\u00f3 la pavimentaci\u00f3n de la Avenida Formosa de Caimancito, una de las arterias principales de la localidad.\",\"breadcrumb\":{\"@id\":\"https:\\\/\\\/www.muyjujuy.com\\\/index.php\\\/2022\\\/08\\\/08\\\/morales-inauguro-la-avenida-formosa-de-caimancito\\\/#breadcrumb\"},\"inLanguage\":\"es-AR\",\"potentialAction\":[{\"@type\":\"ReadAction\",\"target\":[\"https:\\\/\\\/www.muyjujuy.com\\\/index.php\\\/2022\\\/08\\\/08\\\/morales-inauguro-la-avenida-formosa-de-caimancito\\\/\"]}]},{\"@type\":\"ImageObject\",\"inLanguage\":\"es-AR\",\"@id\":\"https:\\\/\\\/www.muyjujuy.com\\\/index.php\\\/2022\\\/08\\\/08\\\/morales-inauguro-la-avenida-formosa-de-caimancito\\\/#primaryimage\",\"url\":\"https:\\\/\\\/www.muyjujuy.com\\\/wp-content\\\/uploads\\\/2022\\\/08\\\/WhatsApp-Image-2022-08-08-at-11.51.28-AM.jpeg\",\"contentUrl\":\"https:\\\/\\\/www.muyjujuy.com\\\/wp-content\\\/uploads\\\/2022\\\/08\\\/WhatsApp-Image-2022-08-08-at-11.51.28-AM.jpeg\",\"width\":1200,\"height\":825},{\"@type\":\"BreadcrumbList\",\"@id\":\"https:\\\/\\\/www.muyjujuy.com\\\/index.php\\\/2022\\\/08\\\/08\\\/morales-inauguro-la-avenida-formosa-de-caimancito\\\/#breadcrumb\",\"itemListElement\":[{\"@type\":\"ListItem\",\"position\":1,\"name\":\"Inicio\",\"item\":\"https:\\\/\\\/www.muyjujuy.com\\\/\"},{\"@type\":\"ListItem\",\"position\":2,\"name\":\"Morales inaugur\u00f3 la Avenida Formosa de Caimancito\"}]},{\"@type\":\"WebSite\",\"@id\":\"https:\\\/\\\/www.muyjujuy.com\\\/#website\",\"url\":\"https:\\\/\\\/www.muyjujuy.com\\\/\",\"name\":\"Muy Jujuy\",\"description\":\"\",\"publisher\":{\"@id\":\"https:\\\/\\\/www.muyjujuy.com\\\/#organization\"},\"potentialAction\":[{\"@type\":\"SearchAction\",\"target\":{\"@type\":\"EntryPoint\",\"urlTemplate\":\"https:\\\/\\\/www.muyjujuy.com\\\/?s={search_term_string}\"},\"query-input\":{\"@type\":\"PropertyValueSpecification\",\"valueRequired\":true,\"valueName\":\"search_term_string\"}}],\"inLanguage\":\"es-AR\"},{\"@type\":\"Organization\",\"@id\":\"https:\\\/\\\/www.muyjujuy.com\\\/#organization\",\"name\":\"Muy Jujuy\",\"url\":\"https:\\\/\\\/www.muyjujuy.com\\\/\",\"logo\":{\"@type\":\"ImageObject\",\"inLanguage\":\"es-AR\",\"@id\":\"https:\\\/\\\/www.muyjujuy.com\\\/#\\\/schema\\\/logo\\\/image\\\/\",\"url\":\"http:\\\/\\\/www.muyjujuy.com\\\/wp-content\\\/uploads\\\/2022\\\/05\\\/logo-mobil-jujuy.png\",\"contentUrl\":\"http:\\\/\\\/www.muyjujuy.com\\\/wp-content\\\/uploads\\\/2022\\\/05\\\/logo-mobil-jujuy.png\",\"width\":174,\"height\":81,\"caption\":\"Muy Jujuy\"},\"image\":{\"@id\":\"https:\\\/\\\/www.muyjujuy.com\\\/#\\\/schema\\\/logo\\\/image\\\/\"},\"sameAs\":[\"https:\\\/\\\/www.facebook.com\\\/muyjujuycom\",\"https:\\\/\\\/x.com\\\/muyjujuy\",\"https:\\\/\\\/www.instagram.com\\\/muyjujuycom\"]},{\"@type\":\"Person\",\"@id\":\"https:\\\/\\\/www.muyjujuy.com\\\/#\\\/schema\\\/person\\\/1d0f6e223ccea9e3f9034c1a5b683bf2\",\"name\":\"Redacci\u00f3n Muy Jujuy\",\"image\":{\"@type\":\"ImageObject\",\"inLanguage\":\"es-AR\",\"@id\":\"https:\\\/\\\/secure.gravatar.com\\\/avatar\\\/fec5f6f1893d741ed5eecccff109ce43e67a855411202a3212a058cb8e5c27d4?s=96&d=mm&r=g\",\"url\":\"https:\\\/\\\/secure.gravatar.com\\\/avatar\\\/fec5f6f1893d741ed5eecccff109ce43e67a855411202a3212a058cb8e5c27d4?s=96&d=mm&r=g\",\"contentUrl\":\"https:\\\/\\\/secure.gravatar.com\\\/avatar\\\/fec5f6f1893d741ed5eecccff109ce43e67a855411202a3212a058cb8e5c27d4?s=96&d=mm&r=g\",\"caption\":\"Redacci\u00f3n Muy Jujuy\"},\"url\":\"https:\\\/\\\/www.muyjujuy.com\\\/index.php\\\/author\\\/editor\\\/\"}]}<\/script>\n<!-- \/ Yoast SEO plugin. -->","yoast_head_json":{"title":"Morales inaugur\u00f3 la Avenida Formosa de Caimancito - Muy Jujuy","description":"El gobernador de Jujuy, Gerardo Morales, inaugur\u00f3 la pavimentaci\u00f3n de la Avenida Formosa de Caimancito, una de las arterias principales de la localidad.","robots":{"index":"index","follow":"follow","max-snippet":"max-snippet:-1","max-image-preview":"max-image-preview:large","max-video-preview":"max-video-preview:-1"},"canonical":"https:\/\/www.muyjujuy.com\/index.php\/2022\/08\/08\/morales-inauguro-la-avenida-formosa-de-caimancito\/","og_locale":"es_ES","og_type":"article","og_title":"Morales inaugur\u00f3 la Avenida Formosa de Caimancito - Muy Jujuy","og_description":"El gobernador de Jujuy, Gerardo Morales, inaugur\u00f3 la pavimentaci\u00f3n de la Avenida Formosa de Caimancito, una de las arterias principales de la localidad.","og_url":"https:\/\/www.muyjujuy.com\/index.php\/2022\/08\/08\/morales-inauguro-la-avenida-formosa-de-caimancito\/","og_site_name":"Muy Jujuy","article_publisher":"https:\/\/www.facebook.com\/muyjujuycom","article_published_time":"2022-08-08T14:54:11+00:00","article_modified_time":"2022-08-08T14:54:13+00:00","og_image":[{"width":1200,"height":825,"url":"https:\/\/www.muyjujuy.com\/wp-content\/uploads\/2022\/08\/WhatsApp-Image-2022-08-08-at-11.51.28-AM.jpeg","type":"image\/jpeg"}],"author":"Redacci\u00f3n Muy Jujuy","twitter_card":"summary_large_image","twitter_creator":"@muyjujuy","twitter_site":"@muyjujuy","twitter_misc":{"Escrito por":"Redacci\u00f3n Muy Jujuy","Tiempo de lectura":"2 minutos"},"schema":{"@context":"https:\/\/schema.org","@graph":[{"@type":"Article","@id":"https:\/\/www.muyjujuy.com\/index.php\/2022\/08\/08\/morales-inauguro-la-avenida-formosa-de-caimancito\/#article","isPartOf":{"@id":"https:\/\/www.muyjujuy.com\/index.php\/2022\/08\/08\/morales-inauguro-la-avenida-formosa-de-caimancito\/"},"author":{"name":"Redacci\u00f3n Muy Jujuy","@id":"https:\/\/www.muyjujuy.com\/#\/schema\/person\/1d0f6e223ccea9e3f9034c1a5b683bf2"},"headline":"Morales inaugur\u00f3 la Avenida Formosa de Caimancito","datePublished":"2022-08-08T14:54:11+00:00","dateModified":"2022-08-08T14:54:13+00:00","mainEntityOfPage":{"@id":"https:\/\/www.muyjujuy.com\/index.php\/2022\/08\/08\/morales-inauguro-la-avenida-formosa-de-caimancito\/"},"wordCount":274,"commentCount":0,"publisher":{"@id":"https:\/\/www.muyjujuy.com\/#organization"},"image":{"@id":"https:\/\/www.muyjujuy.com\/index.php\/2022\/08\/08\/morales-inauguro-la-avenida-formosa-de-caimancito\/#primaryimage"},"thumbnailUrl":"https:\/\/www.muyjujuy.com\/wp-content\/uploads\/2022\/08\/WhatsApp-Image-2022-08-08-at-11.51.28-AM.jpeg","keywords":["Gerardo Morales","Jujuy"],"articleSection":["Pol\u00edtica"],"inLanguage":"es-AR","potentialAction":[{"@type":"CommentAction","name":"Comment","target":["https:\/\/www.muyjujuy.com\/index.php\/2022\/08\/08\/morales-inauguro-la-avenida-formosa-de-caimancito\/#respond"]}]},{"@type":"WebPage","@id":"https:\/\/www.muyjujuy.com\/index.php\/2022\/08\/08\/morales-inauguro-la-avenida-formosa-de-caimancito\/","url":"https:\/\/www.muyjujuy.com\/index.php\/2022\/08\/08\/morales-inauguro-la-avenida-formosa-de-caimancito\/","name":"Morales inaugur\u00f3 la Avenida Formosa de Caimancito - Muy Jujuy","isPartOf":{"@id":"https:\/\/www.muyjujuy.com\/#website"},"primaryImageOfPage":{"@id":"https:\/\/www.muyjujuy.com\/index.php\/2022\/08\/08\/morales-inauguro-la-avenida-formosa-de-caimancito\/#primaryimage"},"image":{"@id":"https:\/\/www.muyjujuy.com\/index.php\/2022\/08\/08\/morales-inauguro-la-avenida-formosa-de-caimancito\/#primaryimage"},"thumbnailUrl":"https:\/\/www.muyjujuy.com\/wp-content\/uploads\/2022\/08\/WhatsApp-Image-2022-08-08-at-11.51.28-AM.jpeg","datePublished":"2022-08-08T14:54:11+00:00","dateModified":"2022-08-08T14:54:13+00:00","description":"El gobernador de Jujuy, Gerardo Morales, inaugur\u00f3 la pavimentaci\u00f3n de la Avenida Formosa de Caimancito, una de las arterias principales de la localidad.","breadcrumb":{"@id":"https:\/\/www.muyjujuy.com\/index.php\/2022\/08\/08\/morales-inauguro-la-avenida-formosa-de-caimancito\/#breadcrumb"},"inLanguage":"es-AR","potentialAction":[{"@type":"ReadAction","target":["https:\/\/www.muyjujuy.com\/index.php\/2022\/08\/08\/morales-inauguro-la-avenida-formosa-de-caimancito\/"]}]},{"@type":"ImageObject","inLanguage":"es-AR","@id":"https:\/\/www.muyjujuy.com\/index.php\/2022\/08\/08\/morales-inauguro-la-avenida-formosa-de-caimancito\/#primaryimage","url":"https:\/\/www.muyjujuy.com\/wp-content\/uploads\/2022\/08\/WhatsApp-Image-2022-08-08-at-11.51.28-AM.jpeg","contentUrl":"https:\/\/www.muyjujuy.com\/wp-content\/uploads\/2022\/08\/WhatsApp-Image-2022-08-08-at-11.51.28-AM.jpeg","width":1200,"height":825},{"@type":"BreadcrumbList","@id":"https:\/\/www.muyjujuy.com\/index.php\/2022\/08\/08\/morales-inauguro-la-avenida-formosa-de-caimancito\/#breadcrumb","itemListElement":[{"@type":"ListItem","position":1,"name":"Inicio","item":"https:\/\/www.muyjujuy.com\/"},{"@type":"ListItem","position":2,"name":"Morales inaugur\u00f3 la Avenida Formosa de Caimancito"}]},{"@type":"WebSite","@id":"https:\/\/www.muyjujuy.com\/#website","url":"https:\/\/www.muyjujuy.com\/","name":"Muy Jujuy","description":"","publisher":{"@id":"https:\/\/www.muyjujuy.com\/#organization"},"potentialAction":[{"@type":"SearchAction","target":{"@type":"EntryPoint","urlTemplate":"https:\/\/www.muyjujuy.com\/?s={search_term_string}"},"query-input":{"@type":"PropertyValueSpecification","valueRequired":true,"valueName":"search_term_string"}}],"inLanguage":"es-AR"},{"@type":"Organization","@id":"https:\/\/www.muyjujuy.com\/#organization","name":"Muy Jujuy","url":"https:\/\/www.muyjujuy.com\/","logo":{"@type":"ImageObject","inLanguage":"es-AR","@id":"https:\/\/www.muyjujuy.com\/#\/schema\/logo\/image\/","url":"http:\/\/www.muyjujuy.com\/wp-content\/uploads\/2022\/05\/logo-mobil-jujuy.png","contentUrl":"http:\/\/www.muyjujuy.com\/wp-content\/uploads\/2022\/05\/logo-mobil-jujuy.png","width":174,"height":81,"caption":"Muy Jujuy"},"image":{"@id":"https:\/\/www.muyjujuy.com\/#\/schema\/logo\/image\/"},"sameAs":["https:\/\/www.facebook.com\/muyjujuycom","https:\/\/x.com\/muyjujuy","https:\/\/www.instagram.com\/muyjujuycom"]},{"@type":"Person","@id":"https:\/\/www.muyjujuy.com\/#\/schema\/person\/1d0f6e223ccea9e3f9034c1a5b683bf2","name":"Redacci\u00f3n Muy Jujuy","image":{"@type":"ImageObject","inLanguage":"es-AR","@id":"https:\/\/secure.gravatar.com\/avatar\/fec5f6f1893d741ed5eecccff109ce43e67a855411202a3212a058cb8e5c27d4?s=96&d=mm&r=g","url":"https:\/\/secure.gravatar.com\/avatar\/fec5f6f1893d741ed5eecccff109ce43e67a855411202a3212a058cb8e5c27d4?s=96&d=mm&r=g","contentUrl":"https:\/\/secure.gravatar.com\/avatar\/fec5f6f1893d741ed5eecccff109ce43e67a855411202a3212a058cb8e5c27d4?s=96&d=mm&r=g","caption":"Redacci\u00f3n Muy Jujuy"},"url":"https:\/\/www.muyjujuy.com\/index.php\/author\/editor\/"}]}},"_links":{"self":[{"href":"https:\/\/www.muyjujuy.com\/index.php\/wp-json\/wp\/v2\/posts\/1124","targetHints":{"allow":["GET"]}}],"collection":[{"href":"https:\/\/www.muyjujuy.com\/index.php\/wp-json\/wp\/v2\/posts"}],"about":[{"href":"https:\/\/www.muyjujuy.com\/index.php\/wp-json\/wp\/v2\/types\/post"}],"author":[{"embeddable":true,"href":"https:\/\/www.muyjujuy.com\/index.php\/wp-json\/wp\/v2\/users\/3"}],"replies":[{"embeddable":true,"href":"https:\/\/www.muyjujuy.com\/index.php\/wp-json\/wp\/v2\/comments?post=1124"}],"version-history":[{"count":1,"href":"https:\/\/www.muyjujuy.com\/index.php\/wp-json\/wp\/v2\/posts\/1124\/revisions"}],"predecessor-version":[{"id":1126,"href":"https:\/\/www.muyjujuy.com\/index.php\/wp-json\/wp\/v2\/posts\/1124\/revisions\/1126"}],"wp:featuredmedia":[{"embeddable":true,"href":"https:\/\/www.muyjujuy.com\/index.php\/wp-json\/wp\/v2\/media\/1125"}],"wp:attachment":[{"href":"https:\/\/www.muyjujuy.com\/index.php\/wp-json\/wp\/v2\/media?parent=1124"}],"wp:term":[{"taxonomy":"category","embeddable":true,"href":"https:\/\/www.muyjujuy.com\/index.php\/wp-json\/wp\/v2\/categories?post=1124"},{"taxonomy":"post_tag","embeddable":true,"href":"https:\/\/www.muyjujuy.com\/index.php\/wp-json\/wp\/v2\/tags?post=1124"}],"curies":[{"name":"wp","href":"https:\/\/api.w.org\/{rel}","templated":true}]}}