{"id":1127,"date":"2022-08-08T12:08:18","date_gmt":"2022-08-08T15:08:18","guid":{"rendered":"https:\/\/www.muyjujuy.com\/?p=1127"},"modified":"2022-08-08T12:08:20","modified_gmt":"2022-08-08T15:08:20","slug":"cerraron-el-paso-de-jama-por-fuertes-nevadas-del-lado-de-chile","status":"publish","type":"post","link":"https:\/\/www.muyjujuy.com\/index.php\/2022\/08\/08\/cerraron-el-paso-de-jama-por-fuertes-nevadas-del-lado-de-chile\/","title":{"rendered":"Cerraron el Paso de Jama por fuertes nevadas del lado de Chile"},"content":{"rendered":"\n<p><em>El Paso de Jama conecta a Argentina con Chile a trav\u00e9s de Jujuy. Por el momento permanecer\u00e1 cerrado hasta nuevo aviso.<\/em><\/p>\n\n\n\n<p>Las fuertes nevadas no dan tregua y este lunes<strong> cerraron el Paso de Jama<\/strong> que conecta a Argentina con Chile desde Jujuy por las complicaciones clim\u00e1tica del lado del pa\u00eds vecino.<\/p>\n\n\n\n<p>El camino que se conecta a trav\u00e9s de la Ruta Nacional 52 <strong>permanecer\u00e1 cerrado hasta nuevo aviso<\/strong>. As\u00ed lo inform\u00f3 la Secretar\u00eda de Seguridad Vial a trav\u00e9s de un informe que se public\u00f3 a primera hora de la ma\u00f1ana.<\/p>\n\n\n\n<p>La inhabilitaci\u00f3n del paso fronterizo internacional <strong>se debe a la presencia de hielo y nieve en la calzada de Ruta 27 del lado chileno a partir del Km 57 al km 87.<\/strong><\/p>\n\n\n\n<p>Se espera que en las pr\u00f3ximas horas se emita un nuevo reporte de la situaci\u00f3n.<\/p>\n\n\n\n<h2 class=\"wp-block-heading\"><strong>Fr\u00edo y heladas en Jujuy<\/strong><\/h2>\n\n\n\n<p>A poco m\u00e1s de un mes de que comience la primavera, expertos prev\u00e9n que en los pr\u00f3ximos d\u00edas comenzar\u00e1n a sentirse temperaturas m\u00e1s bajas.<\/p>\n\n\n\n<p>Para julio se pronosticaba uno de los inviernos m\u00e1s crudos, pero los d\u00edas se presentaron templados y hasta c\u00e1lidos provocados por el viento norte. &#8220;Las modificaciones que est\u00e1n ocurriendo son por el cambio clim\u00e1tico o variabilidad&#8221;, explic\u00f3 la docente de Agroclimatolog\u00eda de la Facultad de Ciencias Agrarias <strong>M\u00f3nica Valdiviezo<\/strong>, en <em>Canal 7.<\/em><\/p>\n\n\n\n<p>&#8220;El invierno no fue tan frio, tuvimos dos o tres heladas como m\u00e1ximo y las temperaturas no fueron muy extremas&#8221;, record\u00f3 y estim\u00f3 que podr\u00edan presentarse &#8220;heladas tard\u00edas&#8221;.<\/p>\n\n\n\n<p>&#8220;Estamos llegando a septiembre donde inicia la primavera y es posible que puedan haber heladas primaverales o tard\u00edas&#8221;, concluy\u00f3.<\/p>\n","protected":false},"excerpt":{"rendered":"<p>El Paso de Jama conecta a Argentina con Chile a trav\u00e9s de Jujuy. Por el momento permanecer\u00e1 cerrado hasta nuevo aviso. Las fuertes nevadas no dan tregua y este lunes cerraron el Paso de Jama que conecta a Argentina con Chile desde Jujuy por las complicaciones clim\u00e1tica del lado del pa\u00eds vecino. El camino que [&hellip;]<\/p>\n","protected":false},"author":3,"featured_media":1128,"comment_status":"open","ping_status":"open","sticky":false,"template":"","format":"standard","meta":{"footnotes":""},"categories":[25],"tags":[764,8],"class_list":{"0":"post-1127","1":"post","2":"type-post","3":"status-publish","4":"format-standard","5":"has-post-thumbnail","7":"category-sociedad","8":"tag-chile","9":"tag-jujuy"},"yoast_head":"<!-- This site is optimized with the Yoast SEO plugin v27.5 - https:\/\/yoast.com\/product\/yoast-seo-wordpress\/ -->\n<title>Cerraron el Paso de Jama por fuertes nevadas del lado de Chile -<\/title>\n<meta name=\"description\" content=\"El Paso de Jama conecta a Argentina con Chile a trav\u00e9s de Jujuy. Por el momento permanecer\u00e1 cerrado hasta nuevo aviso.\" \/>\n<meta name=\"robots\" content=\"index, follow, max-snippet:-1, max-image-preview:large, max-video-preview:-1\" \/>\n<link rel=\"canonical\" href=\"https:\/\/www.muyjujuy.com\/index.php\/2022\/08\/08\/cerraron-el-paso-de-jama-por-fuertes-nevadas-del-lado-de-chile\/\" \/>\n<meta property=\"og:locale\" content=\"es_ES\" \/>\n<meta property=\"og:type\" content=\"article\" \/>\n<meta property=\"og:title\" content=\"Cerraron el Paso de Jama por fuertes nevadas del lado de Chile -\" \/>\n<meta property=\"og:description\" content=\"El Paso de Jama conecta a Argentina con Chile a trav\u00e9s de Jujuy. Por el momento permanecer\u00e1 cerrado hasta nuevo aviso.\" \/>\n<meta property=\"og:url\" content=\"https:\/\/www.muyjujuy.com\/index.php\/2022\/08\/08\/cerraron-el-paso-de-jama-por-fuertes-nevadas-del-lado-de-chile\/\" \/>\n<meta property=\"og:site_name\" content=\"Muy Jujuy\" \/>\n<meta property=\"article:publisher\" content=\"https:\/\/www.facebook.com\/muyjujuycom\" \/>\n<meta property=\"article:published_time\" content=\"2022-08-08T15:08:18+00:00\" \/>\n<meta property=\"article:modified_time\" content=\"2022-08-08T15:08:20+00:00\" \/>\n<meta property=\"og:image\" content=\"https:\/\/www.muyjujuy.com\/wp-content\/uploads\/2022\/08\/WhatsApp-Image-2022-08-08-at-11.57.33-AM.jpeg\" \/>\n\t<meta property=\"og:image:width\" content=\"990\" \/>\n\t<meta property=\"og:image:height\" content=\"610\" \/>\n\t<meta property=\"og:image:type\" content=\"image\/jpeg\" \/>\n<meta name=\"author\" content=\"Redacci\u00f3n Muy Jujuy\" \/>\n<meta name=\"twitter:card\" content=\"summary_large_image\" \/>\n<meta name=\"twitter:creator\" content=\"@muyjujuy\" \/>\n<meta name=\"twitter:site\" content=\"@muyjujuy\" \/>\n<meta name=\"twitter:label1\" content=\"Escrito por\" \/>\n\t<meta name=\"twitter:data1\" content=\"Redacci\u00f3n Muy Jujuy\" \/>\n\t<meta name=\"twitter:label2\" content=\"Tiempo de lectura\" \/>\n\t<meta name=\"twitter:data2\" content=\"2 minutos\" \/>\n<script type=\"application\/ld+json\" class=\"yoast-schema-graph\">{\"@context\":\"https:\\\/\\\/schema.org\",\"@graph\":[{\"@type\":\"Article\",\"@id\":\"https:\\\/\\\/www.muyjujuy.com\\\/index.php\\\/2022\\\/08\\\/08\\\/cerraron-el-paso-de-jama-por-fuertes-nevadas-del-lado-de-chile\\\/#article\",\"isPartOf\":{\"@id\":\"https:\\\/\\\/www.muyjujuy.com\\\/index.php\\\/2022\\\/08\\\/08\\\/cerraron-el-paso-de-jama-por-fuertes-nevadas-del-lado-de-chile\\\/\"},\"author\":{\"name\":\"Redacci\u00f3n Muy Jujuy\",\"@id\":\"https:\\\/\\\/www.muyjujuy.com\\\/#\\\/schema\\\/person\\\/1d0f6e223ccea9e3f9034c1a5b683bf2\"},\"headline\":\"Cerraron el Paso de Jama por fuertes nevadas del lado de Chile\",\"datePublished\":\"2022-08-08T15:08:18+00:00\",\"dateModified\":\"2022-08-08T15:08:20+00:00\",\"mainEntityOfPage\":{\"@id\":\"https:\\\/\\\/www.muyjujuy.com\\\/index.php\\\/2022\\\/08\\\/08\\\/cerraron-el-paso-de-jama-por-fuertes-nevadas-del-lado-de-chile\\\/\"},\"wordCount\":301,\"commentCount\":0,\"publisher\":{\"@id\":\"https:\\\/\\\/www.muyjujuy.com\\\/#organization\"},\"image\":{\"@id\":\"https:\\\/\\\/www.muyjujuy.com\\\/index.php\\\/2022\\\/08\\\/08\\\/cerraron-el-paso-de-jama-por-fuertes-nevadas-del-lado-de-chile\\\/#primaryimage\"},\"thumbnailUrl\":\"https:\\\/\\\/www.muyjujuy.com\\\/wp-content\\\/uploads\\\/2022\\\/08\\\/WhatsApp-Image-2022-08-08-at-11.57.33-AM.jpeg\",\"keywords\":[\"Chile\",\"Jujuy\"],\"articleSection\":[\"Sociedad\"],\"inLanguage\":\"es-AR\",\"potentialAction\":[{\"@type\":\"CommentAction\",\"name\":\"Comment\",\"target\":[\"https:\\\/\\\/www.muyjujuy.com\\\/index.php\\\/2022\\\/08\\\/08\\\/cerraron-el-paso-de-jama-por-fuertes-nevadas-del-lado-de-chile\\\/#respond\"]}]},{\"@type\":\"WebPage\",\"@id\":\"https:\\\/\\\/www.muyjujuy.com\\\/index.php\\\/2022\\\/08\\\/08\\\/cerraron-el-paso-de-jama-por-fuertes-nevadas-del-lado-de-chile\\\/\",\"url\":\"https:\\\/\\\/www.muyjujuy.com\\\/index.php\\\/2022\\\/08\\\/08\\\/cerraron-el-paso-de-jama-por-fuertes-nevadas-del-lado-de-chile\\\/\",\"name\":\"Cerraron el Paso de Jama por fuertes nevadas del lado de Chile -\",\"isPartOf\":{\"@id\":\"https:\\\/\\\/www.muyjujuy.com\\\/#website\"},\"primaryImageOfPage\":{\"@id\":\"https:\\\/\\\/www.muyjujuy.com\\\/index.php\\\/2022\\\/08\\\/08\\\/cerraron-el-paso-de-jama-por-fuertes-nevadas-del-lado-de-chile\\\/#primaryimage\"},\"image\":{\"@id\":\"https:\\\/\\\/www.muyjujuy.com\\\/index.php\\\/2022\\\/08\\\/08\\\/cerraron-el-paso-de-jama-por-fuertes-nevadas-del-lado-de-chile\\\/#primaryimage\"},\"thumbnailUrl\":\"https:\\\/\\\/www.muyjujuy.com\\\/wp-content\\\/uploads\\\/2022\\\/08\\\/WhatsApp-Image-2022-08-08-at-11.57.33-AM.jpeg\",\"datePublished\":\"2022-08-08T15:08:18+00:00\",\"dateModified\":\"2022-08-08T15:08:20+00:00\",\"description\":\"El Paso de Jama conecta a Argentina con Chile a trav\u00e9s de Jujuy. Por el momento permanecer\u00e1 cerrado hasta nuevo aviso.\",\"breadcrumb\":{\"@id\":\"https:\\\/\\\/www.muyjujuy.com\\\/index.php\\\/2022\\\/08\\\/08\\\/cerraron-el-paso-de-jama-por-fuertes-nevadas-del-lado-de-chile\\\/#breadcrumb\"},\"inLanguage\":\"es-AR\",\"potentialAction\":[{\"@type\":\"ReadAction\",\"target\":[\"https:\\\/\\\/www.muyjujuy.com\\\/index.php\\\/2022\\\/08\\\/08\\\/cerraron-el-paso-de-jama-por-fuertes-nevadas-del-lado-de-chile\\\/\"]}]},{\"@type\":\"ImageObject\",\"inLanguage\":\"es-AR\",\"@id\":\"https:\\\/\\\/www.muyjujuy.com\\\/index.php\\\/2022\\\/08\\\/08\\\/cerraron-el-paso-de-jama-por-fuertes-nevadas-del-lado-de-chile\\\/#primaryimage\",\"url\":\"https:\\\/\\\/www.muyjujuy.com\\\/wp-content\\\/uploads\\\/2022\\\/08\\\/WhatsApp-Image-2022-08-08-at-11.57.33-AM.jpeg\",\"contentUrl\":\"https:\\\/\\\/www.muyjujuy.com\\\/wp-content\\\/uploads\\\/2022\\\/08\\\/WhatsApp-Image-2022-08-08-at-11.57.33-AM.jpeg\",\"width\":990,\"height\":610},{\"@type\":\"BreadcrumbList\",\"@id\":\"https:\\\/\\\/www.muyjujuy.com\\\/index.php\\\/2022\\\/08\\\/08\\\/cerraron-el-paso-de-jama-por-fuertes-nevadas-del-lado-de-chile\\\/#breadcrumb\",\"itemListElement\":[{\"@type\":\"ListItem\",\"position\":1,\"name\":\"Inicio\",\"item\":\"https:\\\/\\\/www.muyjujuy.com\\\/\"},{\"@type\":\"ListItem\",\"position\":2,\"name\":\"Cerraron el Paso de Jama por fuertes nevadas del lado de Chile\"}]},{\"@type\":\"WebSite\",\"@id\":\"https:\\\/\\\/www.muyjujuy.com\\\/#website\",\"url\":\"https:\\\/\\\/www.muyjujuy.com\\\/\",\"name\":\"Muy Jujuy\",\"description\":\"\",\"publisher\":{\"@id\":\"https:\\\/\\\/www.muyjujuy.com\\\/#organization\"},\"potentialAction\":[{\"@type\":\"SearchAction\",\"target\":{\"@type\":\"EntryPoint\",\"urlTemplate\":\"https:\\\/\\\/www.muyjujuy.com\\\/?s={search_term_string}\"},\"query-input\":{\"@type\":\"PropertyValueSpecification\",\"valueRequired\":true,\"valueName\":\"search_term_string\"}}],\"inLanguage\":\"es-AR\"},{\"@type\":\"Organization\",\"@id\":\"https:\\\/\\\/www.muyjujuy.com\\\/#organization\",\"name\":\"Muy Jujuy\",\"url\":\"https:\\\/\\\/www.muyjujuy.com\\\/\",\"logo\":{\"@type\":\"ImageObject\",\"inLanguage\":\"es-AR\",\"@id\":\"https:\\\/\\\/www.muyjujuy.com\\\/#\\\/schema\\\/logo\\\/image\\\/\",\"url\":\"http:\\\/\\\/www.muyjujuy.com\\\/wp-content\\\/uploads\\\/2022\\\/05\\\/logo-mobil-jujuy.png\",\"contentUrl\":\"http:\\\/\\\/www.muyjujuy.com\\\/wp-content\\\/uploads\\\/2022\\\/05\\\/logo-mobil-jujuy.png\",\"width\":174,\"height\":81,\"caption\":\"Muy Jujuy\"},\"image\":{\"@id\":\"https:\\\/\\\/www.muyjujuy.com\\\/#\\\/schema\\\/logo\\\/image\\\/\"},\"sameAs\":[\"https:\\\/\\\/www.facebook.com\\\/muyjujuycom\",\"https:\\\/\\\/x.com\\\/muyjujuy\",\"https:\\\/\\\/www.instagram.com\\\/muyjujuycom\"]},{\"@type\":\"Person\",\"@id\":\"https:\\\/\\\/www.muyjujuy.com\\\/#\\\/schema\\\/person\\\/1d0f6e223ccea9e3f9034c1a5b683bf2\",\"name\":\"Redacci\u00f3n Muy Jujuy\",\"image\":{\"@type\":\"ImageObject\",\"inLanguage\":\"es-AR\",\"@id\":\"https:\\\/\\\/secure.gravatar.com\\\/avatar\\\/fec5f6f1893d741ed5eecccff109ce43e67a855411202a3212a058cb8e5c27d4?s=96&d=mm&r=g\",\"url\":\"https:\\\/\\\/secure.gravatar.com\\\/avatar\\\/fec5f6f1893d741ed5eecccff109ce43e67a855411202a3212a058cb8e5c27d4?s=96&d=mm&r=g\",\"contentUrl\":\"https:\\\/\\\/secure.gravatar.com\\\/avatar\\\/fec5f6f1893d741ed5eecccff109ce43e67a855411202a3212a058cb8e5c27d4?s=96&d=mm&r=g\",\"caption\":\"Redacci\u00f3n Muy Jujuy\"},\"url\":\"https:\\\/\\\/www.muyjujuy.com\\\/index.php\\\/author\\\/editor\\\/\"}]}<\/script>\n<!-- \/ Yoast SEO plugin. -->","yoast_head_json":{"title":"Cerraron el Paso de Jama por fuertes nevadas del lado de Chile -","description":"El Paso de Jama conecta a Argentina con Chile a trav\u00e9s de Jujuy. Por el momento permanecer\u00e1 cerrado hasta nuevo aviso.","robots":{"index":"index","follow":"follow","max-snippet":"max-snippet:-1","max-image-preview":"max-image-preview:large","max-video-preview":"max-video-preview:-1"},"canonical":"https:\/\/www.muyjujuy.com\/index.php\/2022\/08\/08\/cerraron-el-paso-de-jama-por-fuertes-nevadas-del-lado-de-chile\/","og_locale":"es_ES","og_type":"article","og_title":"Cerraron el Paso de Jama por fuertes nevadas del lado de Chile -","og_description":"El Paso de Jama conecta a Argentina con Chile a trav\u00e9s de Jujuy. Por el momento permanecer\u00e1 cerrado hasta nuevo aviso.","og_url":"https:\/\/www.muyjujuy.com\/index.php\/2022\/08\/08\/cerraron-el-paso-de-jama-por-fuertes-nevadas-del-lado-de-chile\/","og_site_name":"Muy Jujuy","article_publisher":"https:\/\/www.facebook.com\/muyjujuycom","article_published_time":"2022-08-08T15:08:18+00:00","article_modified_time":"2022-08-08T15:08:20+00:00","og_image":[{"width":990,"height":610,"url":"https:\/\/www.muyjujuy.com\/wp-content\/uploads\/2022\/08\/WhatsApp-Image-2022-08-08-at-11.57.33-AM.jpeg","type":"image\/jpeg"}],"author":"Redacci\u00f3n Muy Jujuy","twitter_card":"summary_large_image","twitter_creator":"@muyjujuy","twitter_site":"@muyjujuy","twitter_misc":{"Escrito por":"Redacci\u00f3n Muy Jujuy","Tiempo de lectura":"2 minutos"},"schema":{"@context":"https:\/\/schema.org","@graph":[{"@type":"Article","@id":"https:\/\/www.muyjujuy.com\/index.php\/2022\/08\/08\/cerraron-el-paso-de-jama-por-fuertes-nevadas-del-lado-de-chile\/#article","isPartOf":{"@id":"https:\/\/www.muyjujuy.com\/index.php\/2022\/08\/08\/cerraron-el-paso-de-jama-por-fuertes-nevadas-del-lado-de-chile\/"},"author":{"name":"Redacci\u00f3n Muy Jujuy","@id":"https:\/\/www.muyjujuy.com\/#\/schema\/person\/1d0f6e223ccea9e3f9034c1a5b683bf2"},"headline":"Cerraron el Paso de Jama por fuertes nevadas del lado de Chile","datePublished":"2022-08-08T15:08:18+00:00","dateModified":"2022-08-08T15:08:20+00:00","mainEntityOfPage":{"@id":"https:\/\/www.muyjujuy.com\/index.php\/2022\/08\/08\/cerraron-el-paso-de-jama-por-fuertes-nevadas-del-lado-de-chile\/"},"wordCount":301,"commentCount":0,"publisher":{"@id":"https:\/\/www.muyjujuy.com\/#organization"},"image":{"@id":"https:\/\/www.muyjujuy.com\/index.php\/2022\/08\/08\/cerraron-el-paso-de-jama-por-fuertes-nevadas-del-lado-de-chile\/#primaryimage"},"thumbnailUrl":"https:\/\/www.muyjujuy.com\/wp-content\/uploads\/2022\/08\/WhatsApp-Image-2022-08-08-at-11.57.33-AM.jpeg","keywords":["Chile","Jujuy"],"articleSection":["Sociedad"],"inLanguage":"es-AR","potentialAction":[{"@type":"CommentAction","name":"Comment","target":["https:\/\/www.muyjujuy.com\/index.php\/2022\/08\/08\/cerraron-el-paso-de-jama-por-fuertes-nevadas-del-lado-de-chile\/#respond"]}]},{"@type":"WebPage","@id":"https:\/\/www.muyjujuy.com\/index.php\/2022\/08\/08\/cerraron-el-paso-de-jama-por-fuertes-nevadas-del-lado-de-chile\/","url":"https:\/\/www.muyjujuy.com\/index.php\/2022\/08\/08\/cerraron-el-paso-de-jama-por-fuertes-nevadas-del-lado-de-chile\/","name":"Cerraron el Paso de Jama por fuertes nevadas del lado de Chile -","isPartOf":{"@id":"https:\/\/www.muyjujuy.com\/#website"},"primaryImageOfPage":{"@id":"https:\/\/www.muyjujuy.com\/index.php\/2022\/08\/08\/cerraron-el-paso-de-jama-por-fuertes-nevadas-del-lado-de-chile\/#primaryimage"},"image":{"@id":"https:\/\/www.muyjujuy.com\/index.php\/2022\/08\/08\/cerraron-el-paso-de-jama-por-fuertes-nevadas-del-lado-de-chile\/#primaryimage"},"thumbnailUrl":"https:\/\/www.muyjujuy.com\/wp-content\/uploads\/2022\/08\/WhatsApp-Image-2022-08-08-at-11.57.33-AM.jpeg","datePublished":"2022-08-08T15:08:18+00:00","dateModified":"2022-08-08T15:08:20+00:00","description":"El Paso de Jama conecta a Argentina con Chile a trav\u00e9s de Jujuy. Por el momento permanecer\u00e1 cerrado hasta nuevo aviso.","breadcrumb":{"@id":"https:\/\/www.muyjujuy.com\/index.php\/2022\/08\/08\/cerraron-el-paso-de-jama-por-fuertes-nevadas-del-lado-de-chile\/#breadcrumb"},"inLanguage":"es-AR","potentialAction":[{"@type":"ReadAction","target":["https:\/\/www.muyjujuy.com\/index.php\/2022\/08\/08\/cerraron-el-paso-de-jama-por-fuertes-nevadas-del-lado-de-chile\/"]}]},{"@type":"ImageObject","inLanguage":"es-AR","@id":"https:\/\/www.muyjujuy.com\/index.php\/2022\/08\/08\/cerraron-el-paso-de-jama-por-fuertes-nevadas-del-lado-de-chile\/#primaryimage","url":"https:\/\/www.muyjujuy.com\/wp-content\/uploads\/2022\/08\/WhatsApp-Image-2022-08-08-at-11.57.33-AM.jpeg","contentUrl":"https:\/\/www.muyjujuy.com\/wp-content\/uploads\/2022\/08\/WhatsApp-Image-2022-08-08-at-11.57.33-AM.jpeg","width":990,"height":610},{"@type":"BreadcrumbList","@id":"https:\/\/www.muyjujuy.com\/index.php\/2022\/08\/08\/cerraron-el-paso-de-jama-por-fuertes-nevadas-del-lado-de-chile\/#breadcrumb","itemListElement":[{"@type":"ListItem","position":1,"name":"Inicio","item":"https:\/\/www.muyjujuy.com\/"},{"@type":"ListItem","position":2,"name":"Cerraron el Paso de Jama por fuertes nevadas del lado de Chile"}]},{"@type":"WebSite","@id":"https:\/\/www.muyjujuy.com\/#website","url":"https:\/\/www.muyjujuy.com\/","name":"Muy Jujuy","description":"","publisher":{"@id":"https:\/\/www.muyjujuy.com\/#organization"},"potentialAction":[{"@type":"SearchAction","target":{"@type":"EntryPoint","urlTemplate":"https:\/\/www.muyjujuy.com\/?s={search_term_string}"},"query-input":{"@type":"PropertyValueSpecification","valueRequired":true,"valueName":"search_term_string"}}],"inLanguage":"es-AR"},{"@type":"Organization","@id":"https:\/\/www.muyjujuy.com\/#organization","name":"Muy Jujuy","url":"https:\/\/www.muyjujuy.com\/","logo":{"@type":"ImageObject","inLanguage":"es-AR","@id":"https:\/\/www.muyjujuy.com\/#\/schema\/logo\/image\/","url":"http:\/\/www.muyjujuy.com\/wp-content\/uploads\/2022\/05\/logo-mobil-jujuy.png","contentUrl":"http:\/\/www.muyjujuy.com\/wp-content\/uploads\/2022\/05\/logo-mobil-jujuy.png","width":174,"height":81,"caption":"Muy Jujuy"},"image":{"@id":"https:\/\/www.muyjujuy.com\/#\/schema\/logo\/image\/"},"sameAs":["https:\/\/www.facebook.com\/muyjujuycom","https:\/\/x.com\/muyjujuy","https:\/\/www.instagram.com\/muyjujuycom"]},{"@type":"Person","@id":"https:\/\/www.muyjujuy.com\/#\/schema\/person\/1d0f6e223ccea9e3f9034c1a5b683bf2","name":"Redacci\u00f3n Muy Jujuy","image":{"@type":"ImageObject","inLanguage":"es-AR","@id":"https:\/\/secure.gravatar.com\/avatar\/fec5f6f1893d741ed5eecccff109ce43e67a855411202a3212a058cb8e5c27d4?s=96&d=mm&r=g","url":"https:\/\/secure.gravatar.com\/avatar\/fec5f6f1893d741ed5eecccff109ce43e67a855411202a3212a058cb8e5c27d4?s=96&d=mm&r=g","contentUrl":"https:\/\/secure.gravatar.com\/avatar\/fec5f6f1893d741ed5eecccff109ce43e67a855411202a3212a058cb8e5c27d4?s=96&d=mm&r=g","caption":"Redacci\u00f3n Muy Jujuy"},"url":"https:\/\/www.muyjujuy.com\/index.php\/author\/editor\/"}]}},"_links":{"self":[{"href":"https:\/\/www.muyjujuy.com\/index.php\/wp-json\/wp\/v2\/posts\/1127","targetHints":{"allow":["GET"]}}],"collection":[{"href":"https:\/\/www.muyjujuy.com\/index.php\/wp-json\/wp\/v2\/posts"}],"about":[{"href":"https:\/\/www.muyjujuy.com\/index.php\/wp-json\/wp\/v2\/types\/post"}],"author":[{"embeddable":true,"href":"https:\/\/www.muyjujuy.com\/index.php\/wp-json\/wp\/v2\/users\/3"}],"replies":[{"embeddable":true,"href":"https:\/\/www.muyjujuy.com\/index.php\/wp-json\/wp\/v2\/comments?post=1127"}],"version-history":[{"count":1,"href":"https:\/\/www.muyjujuy.com\/index.php\/wp-json\/wp\/v2\/posts\/1127\/revisions"}],"predecessor-version":[{"id":1129,"href":"https:\/\/www.muyjujuy.com\/index.php\/wp-json\/wp\/v2\/posts\/1127\/revisions\/1129"}],"wp:featuredmedia":[{"embeddable":true,"href":"https:\/\/www.muyjujuy.com\/index.php\/wp-json\/wp\/v2\/media\/1128"}],"wp:attachment":[{"href":"https:\/\/www.muyjujuy.com\/index.php\/wp-json\/wp\/v2\/media?parent=1127"}],"wp:term":[{"taxonomy":"category","embeddable":true,"href":"https:\/\/www.muyjujuy.com\/index.php\/wp-json\/wp\/v2\/categories?post=1127"},{"taxonomy":"post_tag","embeddable":true,"href":"https:\/\/www.muyjujuy.com\/index.php\/wp-json\/wp\/v2\/tags?post=1127"}],"curies":[{"name":"wp","href":"https:\/\/api.w.org\/{rel}","templated":true}]}}