{"id":1137,"date":"2022-08-09T11:42:55","date_gmt":"2022-08-09T14:42:55","guid":{"rendered":"https:\/\/www.muyjujuy.com\/?p=1137"},"modified":"2022-08-09T11:42:57","modified_gmt":"2022-08-09T14:42:57","slug":"fondos-de-regalias-mineras-morales-entrego-maquinaria-para-volcan","status":"publish","type":"post","link":"https:\/\/www.muyjujuy.com\/index.php\/2022\/08\/09\/fondos-de-regalias-mineras-morales-entrego-maquinaria-para-volcan\/","title":{"rendered":"Fondos de regal\u00edas mineras: Morales entreg\u00f3 maquinaria para Volc\u00e1n"},"content":{"rendered":"\n<p><em>El gobernador encabez\u00f3 el acto de entrega de nueva maquinaria para la localidad de Volc\u00e1n.<\/em><\/p>\n\n\n\n<p>El gobernador de Jujuy, <a href=\"https:\/\/twitter.com\/GerardoMorales\">Gerardo Morales, <\/a>entreg\u00f3 una pala retroexcavadora para Volc\u00e1n adquirida con fondos de regal\u00edas mineras. <strong>La maquinaria se destinar\u00e1 a fortalecer las capacidades de gesti\u00f3n en las comunidades de la zona<\/strong>.<\/p>\n\n\n\n<p>El mandatario estuvo acompa\u00f1ado por los ministros de Desarrollo Econ\u00f3mico y Producci\u00f3n provincial, <strong>Exequiel Lello Ivacevich<\/strong>; y de Seguridad, <strong>Luis Mart\u00edn<\/strong>; y el comisionado Municipal de Volc\u00e1n, <strong>Rub\u00e9n Gonz\u00e1lez. <\/strong>Adem\u00e1s, estuvieron presentes los titulares de las secretar\u00edas de la cartera de Desarrollo Econ\u00f3mico y Producci\u00f3n.<br><br>&#8220;Estamos permanentemente llegando con respuestas para la comunidad de Volc\u00e1n&#8221;, subray\u00f3 y destac\u00f3 <strong>&#8220;el trabajo colectivo entre el gobierno provincial y la gesti\u00f3n municipal&#8221;<br><\/strong><br>El mandatario destac\u00f3 que la maquina entregada \u201ces fruto del sistema de regal\u00edas mineras&#8221; e indic\u00f3 que se invirtieron <strong>16.150.000 pesos <\/strong>y ser\u00e1 utilizada para cubrir los requerimientos de las comunidades de <strong>Volc\u00e1n, Coiruro, Chilcayoc, B\u00e1rcena, Paraje La Banda, Los Filtros y Gronda.<\/strong><\/p>\n\n\n\n<p>Asimismo, apunt\u00f3 que <strong>\u201cproducto del incidente sufrido en Volc\u00e1n siempre hay cosas que arreglar y resolver, especialmente con los productores\u201d. <\/strong><br><br>En ese sentido, remarc\u00f3 que \u201cla presencia de los secretarios del ministerio de Desarrollo Econ\u00f3mico y Producci\u00f3n dan cuenta de todo el apoyo a la Comisi\u00f3n Municipal\u201d. <br><br>En lo que respecta al suministro de agua para la localidad, Morales indic\u00f3 que Agua Potable de Jujuy avanza en la recuperaci\u00f3n de la planta de la Quebrada de los Filtros y enfatiz\u00f3: <strong>\u201cEsperamos que con esta obra podamos resolver el tema del agua<\/strong>\u201d.<\/p>\n","protected":false},"excerpt":{"rendered":"<p>El gobernador encabez\u00f3 el acto de entrega de nueva maquinaria para la localidad de Volc\u00e1n. El gobernador de Jujuy, Gerardo Morales, entreg\u00f3 una pala retroexcavadora para Volc\u00e1n adquirida con fondos de regal\u00edas mineras. La maquinaria se destinar\u00e1 a fortalecer las capacidades de gesti\u00f3n en las comunidades de la zona. El mandatario estuvo acompa\u00f1ado por los [&hellip;]<\/p>\n","protected":false},"author":3,"featured_media":1138,"comment_status":"open","ping_status":"open","sticky":false,"template":"","format":"standard","meta":{"footnotes":""},"categories":[25],"tags":[5,8],"class_list":{"0":"post-1137","1":"post","2":"type-post","3":"status-publish","4":"format-standard","5":"has-post-thumbnail","7":"category-sociedad","8":"tag-gerardo-morales","9":"tag-jujuy"},"yoast_head":"<!-- This site is optimized with the Yoast SEO plugin v27.5 - https:\/\/yoast.com\/product\/yoast-seo-wordpress\/ -->\n<title>Fondos de regal\u00edas mineras: Morales entreg\u00f3 maquinaria para Volc\u00e1n - Muy Jujuy<\/title>\n<meta name=\"description\" content=\"El gobernador de Jujuy, Gerardo Morales, entreg\u00f3 una pala retroexcavadora para Volc\u00e1n adquirida con fondos de regal\u00edas mineras.\" \/>\n<meta name=\"robots\" content=\"index, follow, max-snippet:-1, max-image-preview:large, max-video-preview:-1\" \/>\n<link rel=\"canonical\" href=\"https:\/\/www.muyjujuy.com\/index.php\/2022\/08\/09\/fondos-de-regalias-mineras-morales-entrego-maquinaria-para-volcan\/\" \/>\n<meta property=\"og:locale\" content=\"es_ES\" \/>\n<meta property=\"og:type\" content=\"article\" \/>\n<meta property=\"og:title\" content=\"Fondos de regal\u00edas mineras: Morales entreg\u00f3 maquinaria para Volc\u00e1n - Muy Jujuy\" \/>\n<meta property=\"og:description\" content=\"El gobernador de Jujuy, Gerardo Morales, entreg\u00f3 una pala retroexcavadora para Volc\u00e1n adquirida con fondos de regal\u00edas mineras.\" \/>\n<meta property=\"og:url\" content=\"https:\/\/www.muyjujuy.com\/index.php\/2022\/08\/09\/fondos-de-regalias-mineras-morales-entrego-maquinaria-para-volcan\/\" \/>\n<meta property=\"og:site_name\" content=\"Muy Jujuy\" \/>\n<meta property=\"article:publisher\" content=\"https:\/\/www.facebook.com\/muyjujuycom\" \/>\n<meta property=\"article:published_time\" content=\"2022-08-09T14:42:55+00:00\" \/>\n<meta property=\"article:modified_time\" content=\"2022-08-09T14:42:57+00:00\" \/>\n<meta property=\"og:image\" content=\"https:\/\/www.muyjujuy.com\/wp-content\/uploads\/2022\/08\/WhatsApp-Image-2022-08-09-at-11.38.11-AM.jpeg\" \/>\n\t<meta property=\"og:image:width\" content=\"1200\" \/>\n\t<meta property=\"og:image:height\" content=\"800\" \/>\n\t<meta property=\"og:image:type\" content=\"image\/jpeg\" \/>\n<meta name=\"author\" content=\"Redacci\u00f3n Muy Jujuy\" \/>\n<meta name=\"twitter:card\" content=\"summary_large_image\" \/>\n<meta name=\"twitter:creator\" content=\"@muyjujuy\" \/>\n<meta name=\"twitter:site\" content=\"@muyjujuy\" \/>\n<meta name=\"twitter:label1\" content=\"Escrito por\" \/>\n\t<meta name=\"twitter:data1\" content=\"Redacci\u00f3n Muy Jujuy\" \/>\n\t<meta name=\"twitter:label2\" content=\"Tiempo de lectura\" \/>\n\t<meta name=\"twitter:data2\" content=\"2 minutos\" \/>\n<script type=\"application\/ld+json\" class=\"yoast-schema-graph\">{\"@context\":\"https:\\\/\\\/schema.org\",\"@graph\":[{\"@type\":\"Article\",\"@id\":\"https:\\\/\\\/www.muyjujuy.com\\\/index.php\\\/2022\\\/08\\\/09\\\/fondos-de-regalias-mineras-morales-entrego-maquinaria-para-volcan\\\/#article\",\"isPartOf\":{\"@id\":\"https:\\\/\\\/www.muyjujuy.com\\\/index.php\\\/2022\\\/08\\\/09\\\/fondos-de-regalias-mineras-morales-entrego-maquinaria-para-volcan\\\/\"},\"author\":{\"name\":\"Redacci\u00f3n Muy Jujuy\",\"@id\":\"https:\\\/\\\/www.muyjujuy.com\\\/#\\\/schema\\\/person\\\/1d0f6e223ccea9e3f9034c1a5b683bf2\"},\"headline\":\"Fondos de regal\u00edas mineras: Morales entreg\u00f3 maquinaria para Volc\u00e1n\",\"datePublished\":\"2022-08-09T14:42:55+00:00\",\"dateModified\":\"2022-08-09T14:42:57+00:00\",\"mainEntityOfPage\":{\"@id\":\"https:\\\/\\\/www.muyjujuy.com\\\/index.php\\\/2022\\\/08\\\/09\\\/fondos-de-regalias-mineras-morales-entrego-maquinaria-para-volcan\\\/\"},\"wordCount\":287,\"commentCount\":0,\"publisher\":{\"@id\":\"https:\\\/\\\/www.muyjujuy.com\\\/#organization\"},\"image\":{\"@id\":\"https:\\\/\\\/www.muyjujuy.com\\\/index.php\\\/2022\\\/08\\\/09\\\/fondos-de-regalias-mineras-morales-entrego-maquinaria-para-volcan\\\/#primaryimage\"},\"thumbnailUrl\":\"https:\\\/\\\/www.muyjujuy.com\\\/wp-content\\\/uploads\\\/2022\\\/08\\\/WhatsApp-Image-2022-08-09-at-11.38.11-AM.jpeg\",\"keywords\":[\"Gerardo Morales\",\"Jujuy\"],\"articleSection\":[\"Sociedad\"],\"inLanguage\":\"es-AR\",\"potentialAction\":[{\"@type\":\"CommentAction\",\"name\":\"Comment\",\"target\":[\"https:\\\/\\\/www.muyjujuy.com\\\/index.php\\\/2022\\\/08\\\/09\\\/fondos-de-regalias-mineras-morales-entrego-maquinaria-para-volcan\\\/#respond\"]}]},{\"@type\":\"WebPage\",\"@id\":\"https:\\\/\\\/www.muyjujuy.com\\\/index.php\\\/2022\\\/08\\\/09\\\/fondos-de-regalias-mineras-morales-entrego-maquinaria-para-volcan\\\/\",\"url\":\"https:\\\/\\\/www.muyjujuy.com\\\/index.php\\\/2022\\\/08\\\/09\\\/fondos-de-regalias-mineras-morales-entrego-maquinaria-para-volcan\\\/\",\"name\":\"Fondos de regal\u00edas mineras: Morales entreg\u00f3 maquinaria para Volc\u00e1n - Muy Jujuy\",\"isPartOf\":{\"@id\":\"https:\\\/\\\/www.muyjujuy.com\\\/#website\"},\"primaryImageOfPage\":{\"@id\":\"https:\\\/\\\/www.muyjujuy.com\\\/index.php\\\/2022\\\/08\\\/09\\\/fondos-de-regalias-mineras-morales-entrego-maquinaria-para-volcan\\\/#primaryimage\"},\"image\":{\"@id\":\"https:\\\/\\\/www.muyjujuy.com\\\/index.php\\\/2022\\\/08\\\/09\\\/fondos-de-regalias-mineras-morales-entrego-maquinaria-para-volcan\\\/#primaryimage\"},\"thumbnailUrl\":\"https:\\\/\\\/www.muyjujuy.com\\\/wp-content\\\/uploads\\\/2022\\\/08\\\/WhatsApp-Image-2022-08-09-at-11.38.11-AM.jpeg\",\"datePublished\":\"2022-08-09T14:42:55+00:00\",\"dateModified\":\"2022-08-09T14:42:57+00:00\",\"description\":\"El gobernador de Jujuy, Gerardo Morales, entreg\u00f3 una pala retroexcavadora para Volc\u00e1n adquirida con fondos de regal\u00edas mineras.\",\"breadcrumb\":{\"@id\":\"https:\\\/\\\/www.muyjujuy.com\\\/index.php\\\/2022\\\/08\\\/09\\\/fondos-de-regalias-mineras-morales-entrego-maquinaria-para-volcan\\\/#breadcrumb\"},\"inLanguage\":\"es-AR\",\"potentialAction\":[{\"@type\":\"ReadAction\",\"target\":[\"https:\\\/\\\/www.muyjujuy.com\\\/index.php\\\/2022\\\/08\\\/09\\\/fondos-de-regalias-mineras-morales-entrego-maquinaria-para-volcan\\\/\"]}]},{\"@type\":\"ImageObject\",\"inLanguage\":\"es-AR\",\"@id\":\"https:\\\/\\\/www.muyjujuy.com\\\/index.php\\\/2022\\\/08\\\/09\\\/fondos-de-regalias-mineras-morales-entrego-maquinaria-para-volcan\\\/#primaryimage\",\"url\":\"https:\\\/\\\/www.muyjujuy.com\\\/wp-content\\\/uploads\\\/2022\\\/08\\\/WhatsApp-Image-2022-08-09-at-11.38.11-AM.jpeg\",\"contentUrl\":\"https:\\\/\\\/www.muyjujuy.com\\\/wp-content\\\/uploads\\\/2022\\\/08\\\/WhatsApp-Image-2022-08-09-at-11.38.11-AM.jpeg\",\"width\":1200,\"height\":800},{\"@type\":\"BreadcrumbList\",\"@id\":\"https:\\\/\\\/www.muyjujuy.com\\\/index.php\\\/2022\\\/08\\\/09\\\/fondos-de-regalias-mineras-morales-entrego-maquinaria-para-volcan\\\/#breadcrumb\",\"itemListElement\":[{\"@type\":\"ListItem\",\"position\":1,\"name\":\"Inicio\",\"item\":\"https:\\\/\\\/www.muyjujuy.com\\\/\"},{\"@type\":\"ListItem\",\"position\":2,\"name\":\"Fondos de regal\u00edas mineras: Morales entreg\u00f3 maquinaria para Volc\u00e1n\"}]},{\"@type\":\"WebSite\",\"@id\":\"https:\\\/\\\/www.muyjujuy.com\\\/#website\",\"url\":\"https:\\\/\\\/www.muyjujuy.com\\\/\",\"name\":\"Muy Jujuy\",\"description\":\"\",\"publisher\":{\"@id\":\"https:\\\/\\\/www.muyjujuy.com\\\/#organization\"},\"potentialAction\":[{\"@type\":\"SearchAction\",\"target\":{\"@type\":\"EntryPoint\",\"urlTemplate\":\"https:\\\/\\\/www.muyjujuy.com\\\/?s={search_term_string}\"},\"query-input\":{\"@type\":\"PropertyValueSpecification\",\"valueRequired\":true,\"valueName\":\"search_term_string\"}}],\"inLanguage\":\"es-AR\"},{\"@type\":\"Organization\",\"@id\":\"https:\\\/\\\/www.muyjujuy.com\\\/#organization\",\"name\":\"Muy Jujuy\",\"url\":\"https:\\\/\\\/www.muyjujuy.com\\\/\",\"logo\":{\"@type\":\"ImageObject\",\"inLanguage\":\"es-AR\",\"@id\":\"https:\\\/\\\/www.muyjujuy.com\\\/#\\\/schema\\\/logo\\\/image\\\/\",\"url\":\"http:\\\/\\\/www.muyjujuy.com\\\/wp-content\\\/uploads\\\/2022\\\/05\\\/logo-mobil-jujuy.png\",\"contentUrl\":\"http:\\\/\\\/www.muyjujuy.com\\\/wp-content\\\/uploads\\\/2022\\\/05\\\/logo-mobil-jujuy.png\",\"width\":174,\"height\":81,\"caption\":\"Muy Jujuy\"},\"image\":{\"@id\":\"https:\\\/\\\/www.muyjujuy.com\\\/#\\\/schema\\\/logo\\\/image\\\/\"},\"sameAs\":[\"https:\\\/\\\/www.facebook.com\\\/muyjujuycom\",\"https:\\\/\\\/x.com\\\/muyjujuy\",\"https:\\\/\\\/www.instagram.com\\\/muyjujuycom\"]},{\"@type\":\"Person\",\"@id\":\"https:\\\/\\\/www.muyjujuy.com\\\/#\\\/schema\\\/person\\\/1d0f6e223ccea9e3f9034c1a5b683bf2\",\"name\":\"Redacci\u00f3n Muy Jujuy\",\"image\":{\"@type\":\"ImageObject\",\"inLanguage\":\"es-AR\",\"@id\":\"https:\\\/\\\/secure.gravatar.com\\\/avatar\\\/fec5f6f1893d741ed5eecccff109ce43e67a855411202a3212a058cb8e5c27d4?s=96&d=mm&r=g\",\"url\":\"https:\\\/\\\/secure.gravatar.com\\\/avatar\\\/fec5f6f1893d741ed5eecccff109ce43e67a855411202a3212a058cb8e5c27d4?s=96&d=mm&r=g\",\"contentUrl\":\"https:\\\/\\\/secure.gravatar.com\\\/avatar\\\/fec5f6f1893d741ed5eecccff109ce43e67a855411202a3212a058cb8e5c27d4?s=96&d=mm&r=g\",\"caption\":\"Redacci\u00f3n Muy Jujuy\"},\"url\":\"https:\\\/\\\/www.muyjujuy.com\\\/index.php\\\/author\\\/editor\\\/\"}]}<\/script>\n<!-- \/ Yoast SEO plugin. -->","yoast_head_json":{"title":"Fondos de regal\u00edas mineras: Morales entreg\u00f3 maquinaria para Volc\u00e1n - Muy Jujuy","description":"El gobernador de Jujuy, Gerardo Morales, entreg\u00f3 una pala retroexcavadora para Volc\u00e1n adquirida con fondos de regal\u00edas mineras.","robots":{"index":"index","follow":"follow","max-snippet":"max-snippet:-1","max-image-preview":"max-image-preview:large","max-video-preview":"max-video-preview:-1"},"canonical":"https:\/\/www.muyjujuy.com\/index.php\/2022\/08\/09\/fondos-de-regalias-mineras-morales-entrego-maquinaria-para-volcan\/","og_locale":"es_ES","og_type":"article","og_title":"Fondos de regal\u00edas mineras: Morales entreg\u00f3 maquinaria para Volc\u00e1n - Muy Jujuy","og_description":"El gobernador de Jujuy, Gerardo Morales, entreg\u00f3 una pala retroexcavadora para Volc\u00e1n adquirida con fondos de regal\u00edas mineras.","og_url":"https:\/\/www.muyjujuy.com\/index.php\/2022\/08\/09\/fondos-de-regalias-mineras-morales-entrego-maquinaria-para-volcan\/","og_site_name":"Muy Jujuy","article_publisher":"https:\/\/www.facebook.com\/muyjujuycom","article_published_time":"2022-08-09T14:42:55+00:00","article_modified_time":"2022-08-09T14:42:57+00:00","og_image":[{"width":1200,"height":800,"url":"https:\/\/www.muyjujuy.com\/wp-content\/uploads\/2022\/08\/WhatsApp-Image-2022-08-09-at-11.38.11-AM.jpeg","type":"image\/jpeg"}],"author":"Redacci\u00f3n Muy Jujuy","twitter_card":"summary_large_image","twitter_creator":"@muyjujuy","twitter_site":"@muyjujuy","twitter_misc":{"Escrito por":"Redacci\u00f3n Muy Jujuy","Tiempo de lectura":"2 minutos"},"schema":{"@context":"https:\/\/schema.org","@graph":[{"@type":"Article","@id":"https:\/\/www.muyjujuy.com\/index.php\/2022\/08\/09\/fondos-de-regalias-mineras-morales-entrego-maquinaria-para-volcan\/#article","isPartOf":{"@id":"https:\/\/www.muyjujuy.com\/index.php\/2022\/08\/09\/fondos-de-regalias-mineras-morales-entrego-maquinaria-para-volcan\/"},"author":{"name":"Redacci\u00f3n Muy Jujuy","@id":"https:\/\/www.muyjujuy.com\/#\/schema\/person\/1d0f6e223ccea9e3f9034c1a5b683bf2"},"headline":"Fondos de regal\u00edas mineras: Morales entreg\u00f3 maquinaria para Volc\u00e1n","datePublished":"2022-08-09T14:42:55+00:00","dateModified":"2022-08-09T14:42:57+00:00","mainEntityOfPage":{"@id":"https:\/\/www.muyjujuy.com\/index.php\/2022\/08\/09\/fondos-de-regalias-mineras-morales-entrego-maquinaria-para-volcan\/"},"wordCount":287,"commentCount":0,"publisher":{"@id":"https:\/\/www.muyjujuy.com\/#organization"},"image":{"@id":"https:\/\/www.muyjujuy.com\/index.php\/2022\/08\/09\/fondos-de-regalias-mineras-morales-entrego-maquinaria-para-volcan\/#primaryimage"},"thumbnailUrl":"https:\/\/www.muyjujuy.com\/wp-content\/uploads\/2022\/08\/WhatsApp-Image-2022-08-09-at-11.38.11-AM.jpeg","keywords":["Gerardo Morales","Jujuy"],"articleSection":["Sociedad"],"inLanguage":"es-AR","potentialAction":[{"@type":"CommentAction","name":"Comment","target":["https:\/\/www.muyjujuy.com\/index.php\/2022\/08\/09\/fondos-de-regalias-mineras-morales-entrego-maquinaria-para-volcan\/#respond"]}]},{"@type":"WebPage","@id":"https:\/\/www.muyjujuy.com\/index.php\/2022\/08\/09\/fondos-de-regalias-mineras-morales-entrego-maquinaria-para-volcan\/","url":"https:\/\/www.muyjujuy.com\/index.php\/2022\/08\/09\/fondos-de-regalias-mineras-morales-entrego-maquinaria-para-volcan\/","name":"Fondos de regal\u00edas mineras: Morales entreg\u00f3 maquinaria para Volc\u00e1n - Muy Jujuy","isPartOf":{"@id":"https:\/\/www.muyjujuy.com\/#website"},"primaryImageOfPage":{"@id":"https:\/\/www.muyjujuy.com\/index.php\/2022\/08\/09\/fondos-de-regalias-mineras-morales-entrego-maquinaria-para-volcan\/#primaryimage"},"image":{"@id":"https:\/\/www.muyjujuy.com\/index.php\/2022\/08\/09\/fondos-de-regalias-mineras-morales-entrego-maquinaria-para-volcan\/#primaryimage"},"thumbnailUrl":"https:\/\/www.muyjujuy.com\/wp-content\/uploads\/2022\/08\/WhatsApp-Image-2022-08-09-at-11.38.11-AM.jpeg","datePublished":"2022-08-09T14:42:55+00:00","dateModified":"2022-08-09T14:42:57+00:00","description":"El gobernador de Jujuy, Gerardo Morales, entreg\u00f3 una pala retroexcavadora para Volc\u00e1n adquirida con fondos de regal\u00edas mineras.","breadcrumb":{"@id":"https:\/\/www.muyjujuy.com\/index.php\/2022\/08\/09\/fondos-de-regalias-mineras-morales-entrego-maquinaria-para-volcan\/#breadcrumb"},"inLanguage":"es-AR","potentialAction":[{"@type":"ReadAction","target":["https:\/\/www.muyjujuy.com\/index.php\/2022\/08\/09\/fondos-de-regalias-mineras-morales-entrego-maquinaria-para-volcan\/"]}]},{"@type":"ImageObject","inLanguage":"es-AR","@id":"https:\/\/www.muyjujuy.com\/index.php\/2022\/08\/09\/fondos-de-regalias-mineras-morales-entrego-maquinaria-para-volcan\/#primaryimage","url":"https:\/\/www.muyjujuy.com\/wp-content\/uploads\/2022\/08\/WhatsApp-Image-2022-08-09-at-11.38.11-AM.jpeg","contentUrl":"https:\/\/www.muyjujuy.com\/wp-content\/uploads\/2022\/08\/WhatsApp-Image-2022-08-09-at-11.38.11-AM.jpeg","width":1200,"height":800},{"@type":"BreadcrumbList","@id":"https:\/\/www.muyjujuy.com\/index.php\/2022\/08\/09\/fondos-de-regalias-mineras-morales-entrego-maquinaria-para-volcan\/#breadcrumb","itemListElement":[{"@type":"ListItem","position":1,"name":"Inicio","item":"https:\/\/www.muyjujuy.com\/"},{"@type":"ListItem","position":2,"name":"Fondos de regal\u00edas mineras: Morales entreg\u00f3 maquinaria para Volc\u00e1n"}]},{"@type":"WebSite","@id":"https:\/\/www.muyjujuy.com\/#website","url":"https:\/\/www.muyjujuy.com\/","name":"Muy Jujuy","description":"","publisher":{"@id":"https:\/\/www.muyjujuy.com\/#organization"},"potentialAction":[{"@type":"SearchAction","target":{"@type":"EntryPoint","urlTemplate":"https:\/\/www.muyjujuy.com\/?s={search_term_string}"},"query-input":{"@type":"PropertyValueSpecification","valueRequired":true,"valueName":"search_term_string"}}],"inLanguage":"es-AR"},{"@type":"Organization","@id":"https:\/\/www.muyjujuy.com\/#organization","name":"Muy Jujuy","url":"https:\/\/www.muyjujuy.com\/","logo":{"@type":"ImageObject","inLanguage":"es-AR","@id":"https:\/\/www.muyjujuy.com\/#\/schema\/logo\/image\/","url":"http:\/\/www.muyjujuy.com\/wp-content\/uploads\/2022\/05\/logo-mobil-jujuy.png","contentUrl":"http:\/\/www.muyjujuy.com\/wp-content\/uploads\/2022\/05\/logo-mobil-jujuy.png","width":174,"height":81,"caption":"Muy Jujuy"},"image":{"@id":"https:\/\/www.muyjujuy.com\/#\/schema\/logo\/image\/"},"sameAs":["https:\/\/www.facebook.com\/muyjujuycom","https:\/\/x.com\/muyjujuy","https:\/\/www.instagram.com\/muyjujuycom"]},{"@type":"Person","@id":"https:\/\/www.muyjujuy.com\/#\/schema\/person\/1d0f6e223ccea9e3f9034c1a5b683bf2","name":"Redacci\u00f3n Muy Jujuy","image":{"@type":"ImageObject","inLanguage":"es-AR","@id":"https:\/\/secure.gravatar.com\/avatar\/fec5f6f1893d741ed5eecccff109ce43e67a855411202a3212a058cb8e5c27d4?s=96&d=mm&r=g","url":"https:\/\/secure.gravatar.com\/avatar\/fec5f6f1893d741ed5eecccff109ce43e67a855411202a3212a058cb8e5c27d4?s=96&d=mm&r=g","contentUrl":"https:\/\/secure.gravatar.com\/avatar\/fec5f6f1893d741ed5eecccff109ce43e67a855411202a3212a058cb8e5c27d4?s=96&d=mm&r=g","caption":"Redacci\u00f3n Muy Jujuy"},"url":"https:\/\/www.muyjujuy.com\/index.php\/author\/editor\/"}]}},"_links":{"self":[{"href":"https:\/\/www.muyjujuy.com\/index.php\/wp-json\/wp\/v2\/posts\/1137","targetHints":{"allow":["GET"]}}],"collection":[{"href":"https:\/\/www.muyjujuy.com\/index.php\/wp-json\/wp\/v2\/posts"}],"about":[{"href":"https:\/\/www.muyjujuy.com\/index.php\/wp-json\/wp\/v2\/types\/post"}],"author":[{"embeddable":true,"href":"https:\/\/www.muyjujuy.com\/index.php\/wp-json\/wp\/v2\/users\/3"}],"replies":[{"embeddable":true,"href":"https:\/\/www.muyjujuy.com\/index.php\/wp-json\/wp\/v2\/comments?post=1137"}],"version-history":[{"count":1,"href":"https:\/\/www.muyjujuy.com\/index.php\/wp-json\/wp\/v2\/posts\/1137\/revisions"}],"predecessor-version":[{"id":1139,"href":"https:\/\/www.muyjujuy.com\/index.php\/wp-json\/wp\/v2\/posts\/1137\/revisions\/1139"}],"wp:featuredmedia":[{"embeddable":true,"href":"https:\/\/www.muyjujuy.com\/index.php\/wp-json\/wp\/v2\/media\/1138"}],"wp:attachment":[{"href":"https:\/\/www.muyjujuy.com\/index.php\/wp-json\/wp\/v2\/media?parent=1137"}],"wp:term":[{"taxonomy":"category","embeddable":true,"href":"https:\/\/www.muyjujuy.com\/index.php\/wp-json\/wp\/v2\/categories?post=1137"},{"taxonomy":"post_tag","embeddable":true,"href":"https:\/\/www.muyjujuy.com\/index.php\/wp-json\/wp\/v2\/tags?post=1137"}],"curies":[{"name":"wp","href":"https:\/\/api.w.org\/{rel}","templated":true}]}}