{"id":1143,"date":"2022-08-09T15:45:12","date_gmt":"2022-08-09T18:45:12","guid":{"rendered":"https:\/\/www.muyjujuy.com\/?p=1143"},"modified":"2022-08-09T15:45:14","modified_gmt":"2022-08-09T18:45:14","slug":"continua-cerrado-el-paso-de-jama-por-el-temporal-de-nieve-del-lado-chileno","status":"publish","type":"post","link":"https:\/\/www.muyjujuy.com\/index.php\/2022\/08\/09\/continua-cerrado-el-paso-de-jama-por-el-temporal-de-nieve-del-lado-chileno\/","title":{"rendered":"Contin\u00faa cerrado el Paso de Jama por el temporal de nieve del lado chileno"},"content":{"rendered":"\n<p><em>El Paso de Jama se encuentra cerrado desde hace tres d\u00edas y desde la Secretar\u00eda de Seguridad Vial explicaron la situaci\u00f3n.<\/em><\/p>\n\n\n\n<p>El <strong>Paso de Jama<\/strong>, que vincula el norte argentino con Chile en Jujuy, <a href=\"https:\/\/www.muyjujuy.com\/index.php\/2022\/08\/08\/cerraron-el-paso-de-jama-por-fuertes-nevadas-del-lado-de-chile\/\">se encuentra <strong>&#8220;inhabilitado&#8221;<\/strong> <\/a>a causa de un fuerte temporal de nieve que se registra desde hace algunos d\u00edas en el lado chileno. Lo inform\u00f3 este martes la Secretar\u00eda de Seguridad Vial juje\u00f1a.<\/p>\n\n\n\n<p>Por esa raz\u00f3n, el tr\u00e1nsito vehicular se encuentra interrumpido <strong>\u201cdesde hace tres d\u00edas de forma permanente <\/strong>a causa de las condiciones reinantes en la zona cordillerana&#8221;. Esta complicaci\u00f3n <strong>&#8220;se extiende hacia otros pasos ubicados hacia el sur del pa\u00eds\u201d<\/strong>, explic\u00f3 el titular del organismo provincial, <strong>Alejandro Marenco<\/strong>, a <em>T\u00e9lam.<\/em><\/p>\n\n\n\n<p>De acuerdo al reporte del Ministerio de Seguridad de Jujuy, la inhabilitaci\u00f3n del paso fronterizo Jama s<strong>e debe a la presencia de hielo en la calzada de la Ruta 27 de Chile a partir del kil\u00f3metro 64.<\/strong><\/p>\n\n\n\n<p>Las inclemencias clim\u00e1ticas <strong>no est\u00e1n afectando al propio paso ni a la ruta 52 del lado argentino<\/strong>, por lo que se puede transitar por esa traza.<\/p>\n\n\n\n<p>Por el Paso de Jama, ubicado a 4.200 metros sobre el nivel de mar, actualmente cruzan alrededor 100 veh\u00edculos de carga por d\u00eda.<\/p>\n","protected":false},"excerpt":{"rendered":"<p>El Paso de Jama se encuentra cerrado desde hace tres d\u00edas y desde la Secretar\u00eda de Seguridad Vial explicaron la situaci\u00f3n. El Paso de Jama, que vincula el norte argentino con Chile en Jujuy, se encuentra &#8220;inhabilitado&#8221; a causa de un fuerte temporal de nieve que se registra desde hace algunos d\u00edas en el lado [&hellip;]<\/p>\n","protected":false},"author":3,"featured_media":1144,"comment_status":"open","ping_status":"open","sticky":false,"template":"","format":"standard","meta":{"footnotes":""},"categories":[25],"tags":[764,8,766],"class_list":{"0":"post-1143","1":"post","2":"type-post","3":"status-publish","4":"format-standard","5":"has-post-thumbnail","7":"category-sociedad","8":"tag-chile","9":"tag-jujuy","10":"tag-paso-de-jama"},"yoast_head":"<!-- This site is optimized with the Yoast SEO plugin v27.5 - https:\/\/yoast.com\/product\/yoast-seo-wordpress\/ -->\n<title>Contin\u00faa cerrado el Paso de Jama por el temporal de nieve del lado chileno - Muy Jujuy<\/title>\n<meta name=\"description\" content=\"El Paso de Jama, que vincula el norte argentino con Chile en Jujuy, se encuentra &quot;inhabilitado&quot; a causa de un fuerte temporal de nieve.\" \/>\n<meta name=\"robots\" content=\"index, follow, max-snippet:-1, max-image-preview:large, max-video-preview:-1\" \/>\n<link rel=\"canonical\" href=\"https:\/\/www.muyjujuy.com\/index.php\/2022\/08\/09\/continua-cerrado-el-paso-de-jama-por-el-temporal-de-nieve-del-lado-chileno\/\" \/>\n<meta property=\"og:locale\" content=\"es_ES\" \/>\n<meta property=\"og:type\" content=\"article\" \/>\n<meta property=\"og:title\" content=\"Contin\u00faa cerrado el Paso de Jama por el temporal de nieve del lado chileno - Muy Jujuy\" \/>\n<meta property=\"og:description\" content=\"El Paso de Jama, que vincula el norte argentino con Chile en Jujuy, se encuentra &quot;inhabilitado&quot; a causa de un fuerte temporal de nieve.\" \/>\n<meta property=\"og:url\" content=\"https:\/\/www.muyjujuy.com\/index.php\/2022\/08\/09\/continua-cerrado-el-paso-de-jama-por-el-temporal-de-nieve-del-lado-chileno\/\" \/>\n<meta property=\"og:site_name\" content=\"Muy Jujuy\" \/>\n<meta property=\"article:publisher\" content=\"https:\/\/www.facebook.com\/muyjujuycom\" \/>\n<meta property=\"article:published_time\" content=\"2022-08-09T18:45:12+00:00\" \/>\n<meta property=\"article:modified_time\" content=\"2022-08-09T18:45:14+00:00\" \/>\n<meta property=\"og:image\" content=\"https:\/\/www.muyjujuy.com\/wp-content\/uploads\/2022\/08\/WhatsApp-Image-2022-08-09-at-3.42.32-PM.jpeg\" \/>\n\t<meta property=\"og:image:width\" content=\"1200\" \/>\n\t<meta property=\"og:image:height\" content=\"675\" \/>\n\t<meta property=\"og:image:type\" content=\"image\/jpeg\" \/>\n<meta name=\"author\" content=\"Redacci\u00f3n Muy Jujuy\" \/>\n<meta name=\"twitter:card\" content=\"summary_large_image\" \/>\n<meta name=\"twitter:creator\" content=\"@muyjujuy\" \/>\n<meta name=\"twitter:site\" content=\"@muyjujuy\" \/>\n<meta name=\"twitter:label1\" content=\"Escrito por\" \/>\n\t<meta name=\"twitter:data1\" content=\"Redacci\u00f3n Muy Jujuy\" \/>\n\t<meta name=\"twitter:label2\" content=\"Tiempo de lectura\" \/>\n\t<meta name=\"twitter:data2\" content=\"1 minuto\" \/>\n<script type=\"application\/ld+json\" class=\"yoast-schema-graph\">{\"@context\":\"https:\\\/\\\/schema.org\",\"@graph\":[{\"@type\":\"Article\",\"@id\":\"https:\\\/\\\/www.muyjujuy.com\\\/index.php\\\/2022\\\/08\\\/09\\\/continua-cerrado-el-paso-de-jama-por-el-temporal-de-nieve-del-lado-chileno\\\/#article\",\"isPartOf\":{\"@id\":\"https:\\\/\\\/www.muyjujuy.com\\\/index.php\\\/2022\\\/08\\\/09\\\/continua-cerrado-el-paso-de-jama-por-el-temporal-de-nieve-del-lado-chileno\\\/\"},\"author\":{\"name\":\"Redacci\u00f3n Muy Jujuy\",\"@id\":\"https:\\\/\\\/www.muyjujuy.com\\\/#\\\/schema\\\/person\\\/1d0f6e223ccea9e3f9034c1a5b683bf2\"},\"headline\":\"Contin\u00faa cerrado el Paso de Jama por el temporal de nieve del lado chileno\",\"datePublished\":\"2022-08-09T18:45:12+00:00\",\"dateModified\":\"2022-08-09T18:45:14+00:00\",\"mainEntityOfPage\":{\"@id\":\"https:\\\/\\\/www.muyjujuy.com\\\/index.php\\\/2022\\\/08\\\/09\\\/continua-cerrado-el-paso-de-jama-por-el-temporal-de-nieve-del-lado-chileno\\\/\"},\"wordCount\":229,\"commentCount\":0,\"publisher\":{\"@id\":\"https:\\\/\\\/www.muyjujuy.com\\\/#organization\"},\"image\":{\"@id\":\"https:\\\/\\\/www.muyjujuy.com\\\/index.php\\\/2022\\\/08\\\/09\\\/continua-cerrado-el-paso-de-jama-por-el-temporal-de-nieve-del-lado-chileno\\\/#primaryimage\"},\"thumbnailUrl\":\"https:\\\/\\\/www.muyjujuy.com\\\/wp-content\\\/uploads\\\/2022\\\/08\\\/WhatsApp-Image-2022-08-09-at-3.42.32-PM.jpeg\",\"keywords\":[\"Chile\",\"Jujuy\",\"Paso de Jama\"],\"articleSection\":[\"Sociedad\"],\"inLanguage\":\"es-AR\",\"potentialAction\":[{\"@type\":\"CommentAction\",\"name\":\"Comment\",\"target\":[\"https:\\\/\\\/www.muyjujuy.com\\\/index.php\\\/2022\\\/08\\\/09\\\/continua-cerrado-el-paso-de-jama-por-el-temporal-de-nieve-del-lado-chileno\\\/#respond\"]}]},{\"@type\":\"WebPage\",\"@id\":\"https:\\\/\\\/www.muyjujuy.com\\\/index.php\\\/2022\\\/08\\\/09\\\/continua-cerrado-el-paso-de-jama-por-el-temporal-de-nieve-del-lado-chileno\\\/\",\"url\":\"https:\\\/\\\/www.muyjujuy.com\\\/index.php\\\/2022\\\/08\\\/09\\\/continua-cerrado-el-paso-de-jama-por-el-temporal-de-nieve-del-lado-chileno\\\/\",\"name\":\"Contin\u00faa cerrado el Paso de Jama por el temporal de nieve del lado chileno - Muy Jujuy\",\"isPartOf\":{\"@id\":\"https:\\\/\\\/www.muyjujuy.com\\\/#website\"},\"primaryImageOfPage\":{\"@id\":\"https:\\\/\\\/www.muyjujuy.com\\\/index.php\\\/2022\\\/08\\\/09\\\/continua-cerrado-el-paso-de-jama-por-el-temporal-de-nieve-del-lado-chileno\\\/#primaryimage\"},\"image\":{\"@id\":\"https:\\\/\\\/www.muyjujuy.com\\\/index.php\\\/2022\\\/08\\\/09\\\/continua-cerrado-el-paso-de-jama-por-el-temporal-de-nieve-del-lado-chileno\\\/#primaryimage\"},\"thumbnailUrl\":\"https:\\\/\\\/www.muyjujuy.com\\\/wp-content\\\/uploads\\\/2022\\\/08\\\/WhatsApp-Image-2022-08-09-at-3.42.32-PM.jpeg\",\"datePublished\":\"2022-08-09T18:45:12+00:00\",\"dateModified\":\"2022-08-09T18:45:14+00:00\",\"description\":\"El Paso de Jama, que vincula el norte argentino con Chile en Jujuy, se encuentra \\\"inhabilitado\\\" a causa de un fuerte temporal de nieve.\",\"breadcrumb\":{\"@id\":\"https:\\\/\\\/www.muyjujuy.com\\\/index.php\\\/2022\\\/08\\\/09\\\/continua-cerrado-el-paso-de-jama-por-el-temporal-de-nieve-del-lado-chileno\\\/#breadcrumb\"},\"inLanguage\":\"es-AR\",\"potentialAction\":[{\"@type\":\"ReadAction\",\"target\":[\"https:\\\/\\\/www.muyjujuy.com\\\/index.php\\\/2022\\\/08\\\/09\\\/continua-cerrado-el-paso-de-jama-por-el-temporal-de-nieve-del-lado-chileno\\\/\"]}]},{\"@type\":\"ImageObject\",\"inLanguage\":\"es-AR\",\"@id\":\"https:\\\/\\\/www.muyjujuy.com\\\/index.php\\\/2022\\\/08\\\/09\\\/continua-cerrado-el-paso-de-jama-por-el-temporal-de-nieve-del-lado-chileno\\\/#primaryimage\",\"url\":\"https:\\\/\\\/www.muyjujuy.com\\\/wp-content\\\/uploads\\\/2022\\\/08\\\/WhatsApp-Image-2022-08-09-at-3.42.32-PM.jpeg\",\"contentUrl\":\"https:\\\/\\\/www.muyjujuy.com\\\/wp-content\\\/uploads\\\/2022\\\/08\\\/WhatsApp-Image-2022-08-09-at-3.42.32-PM.jpeg\",\"width\":1200,\"height\":675},{\"@type\":\"BreadcrumbList\",\"@id\":\"https:\\\/\\\/www.muyjujuy.com\\\/index.php\\\/2022\\\/08\\\/09\\\/continua-cerrado-el-paso-de-jama-por-el-temporal-de-nieve-del-lado-chileno\\\/#breadcrumb\",\"itemListElement\":[{\"@type\":\"ListItem\",\"position\":1,\"name\":\"Inicio\",\"item\":\"https:\\\/\\\/www.muyjujuy.com\\\/\"},{\"@type\":\"ListItem\",\"position\":2,\"name\":\"Contin\u00faa cerrado el Paso de Jama por el temporal de nieve del lado chileno\"}]},{\"@type\":\"WebSite\",\"@id\":\"https:\\\/\\\/www.muyjujuy.com\\\/#website\",\"url\":\"https:\\\/\\\/www.muyjujuy.com\\\/\",\"name\":\"Muy Jujuy\",\"description\":\"\",\"publisher\":{\"@id\":\"https:\\\/\\\/www.muyjujuy.com\\\/#organization\"},\"potentialAction\":[{\"@type\":\"SearchAction\",\"target\":{\"@type\":\"EntryPoint\",\"urlTemplate\":\"https:\\\/\\\/www.muyjujuy.com\\\/?s={search_term_string}\"},\"query-input\":{\"@type\":\"PropertyValueSpecification\",\"valueRequired\":true,\"valueName\":\"search_term_string\"}}],\"inLanguage\":\"es-AR\"},{\"@type\":\"Organization\",\"@id\":\"https:\\\/\\\/www.muyjujuy.com\\\/#organization\",\"name\":\"Muy Jujuy\",\"url\":\"https:\\\/\\\/www.muyjujuy.com\\\/\",\"logo\":{\"@type\":\"ImageObject\",\"inLanguage\":\"es-AR\",\"@id\":\"https:\\\/\\\/www.muyjujuy.com\\\/#\\\/schema\\\/logo\\\/image\\\/\",\"url\":\"http:\\\/\\\/www.muyjujuy.com\\\/wp-content\\\/uploads\\\/2022\\\/05\\\/logo-mobil-jujuy.png\",\"contentUrl\":\"http:\\\/\\\/www.muyjujuy.com\\\/wp-content\\\/uploads\\\/2022\\\/05\\\/logo-mobil-jujuy.png\",\"width\":174,\"height\":81,\"caption\":\"Muy Jujuy\"},\"image\":{\"@id\":\"https:\\\/\\\/www.muyjujuy.com\\\/#\\\/schema\\\/logo\\\/image\\\/\"},\"sameAs\":[\"https:\\\/\\\/www.facebook.com\\\/muyjujuycom\",\"https:\\\/\\\/x.com\\\/muyjujuy\",\"https:\\\/\\\/www.instagram.com\\\/muyjujuycom\"]},{\"@type\":\"Person\",\"@id\":\"https:\\\/\\\/www.muyjujuy.com\\\/#\\\/schema\\\/person\\\/1d0f6e223ccea9e3f9034c1a5b683bf2\",\"name\":\"Redacci\u00f3n Muy Jujuy\",\"image\":{\"@type\":\"ImageObject\",\"inLanguage\":\"es-AR\",\"@id\":\"https:\\\/\\\/secure.gravatar.com\\\/avatar\\\/fec5f6f1893d741ed5eecccff109ce43e67a855411202a3212a058cb8e5c27d4?s=96&d=mm&r=g\",\"url\":\"https:\\\/\\\/secure.gravatar.com\\\/avatar\\\/fec5f6f1893d741ed5eecccff109ce43e67a855411202a3212a058cb8e5c27d4?s=96&d=mm&r=g\",\"contentUrl\":\"https:\\\/\\\/secure.gravatar.com\\\/avatar\\\/fec5f6f1893d741ed5eecccff109ce43e67a855411202a3212a058cb8e5c27d4?s=96&d=mm&r=g\",\"caption\":\"Redacci\u00f3n Muy Jujuy\"},\"url\":\"https:\\\/\\\/www.muyjujuy.com\\\/index.php\\\/author\\\/editor\\\/\"}]}<\/script>\n<!-- \/ Yoast SEO plugin. -->","yoast_head_json":{"title":"Contin\u00faa cerrado el Paso de Jama por el temporal de nieve del lado chileno - Muy Jujuy","description":"El Paso de Jama, que vincula el norte argentino con Chile en Jujuy, se encuentra \"inhabilitado\" a causa de un fuerte temporal de nieve.","robots":{"index":"index","follow":"follow","max-snippet":"max-snippet:-1","max-image-preview":"max-image-preview:large","max-video-preview":"max-video-preview:-1"},"canonical":"https:\/\/www.muyjujuy.com\/index.php\/2022\/08\/09\/continua-cerrado-el-paso-de-jama-por-el-temporal-de-nieve-del-lado-chileno\/","og_locale":"es_ES","og_type":"article","og_title":"Contin\u00faa cerrado el Paso de Jama por el temporal de nieve del lado chileno - Muy Jujuy","og_description":"El Paso de Jama, que vincula el norte argentino con Chile en Jujuy, se encuentra \"inhabilitado\" a causa de un fuerte temporal de nieve.","og_url":"https:\/\/www.muyjujuy.com\/index.php\/2022\/08\/09\/continua-cerrado-el-paso-de-jama-por-el-temporal-de-nieve-del-lado-chileno\/","og_site_name":"Muy Jujuy","article_publisher":"https:\/\/www.facebook.com\/muyjujuycom","article_published_time":"2022-08-09T18:45:12+00:00","article_modified_time":"2022-08-09T18:45:14+00:00","og_image":[{"width":1200,"height":675,"url":"https:\/\/www.muyjujuy.com\/wp-content\/uploads\/2022\/08\/WhatsApp-Image-2022-08-09-at-3.42.32-PM.jpeg","type":"image\/jpeg"}],"author":"Redacci\u00f3n Muy Jujuy","twitter_card":"summary_large_image","twitter_creator":"@muyjujuy","twitter_site":"@muyjujuy","twitter_misc":{"Escrito por":"Redacci\u00f3n Muy Jujuy","Tiempo de lectura":"1 minuto"},"schema":{"@context":"https:\/\/schema.org","@graph":[{"@type":"Article","@id":"https:\/\/www.muyjujuy.com\/index.php\/2022\/08\/09\/continua-cerrado-el-paso-de-jama-por-el-temporal-de-nieve-del-lado-chileno\/#article","isPartOf":{"@id":"https:\/\/www.muyjujuy.com\/index.php\/2022\/08\/09\/continua-cerrado-el-paso-de-jama-por-el-temporal-de-nieve-del-lado-chileno\/"},"author":{"name":"Redacci\u00f3n Muy Jujuy","@id":"https:\/\/www.muyjujuy.com\/#\/schema\/person\/1d0f6e223ccea9e3f9034c1a5b683bf2"},"headline":"Contin\u00faa cerrado el Paso de Jama por el temporal de nieve del lado chileno","datePublished":"2022-08-09T18:45:12+00:00","dateModified":"2022-08-09T18:45:14+00:00","mainEntityOfPage":{"@id":"https:\/\/www.muyjujuy.com\/index.php\/2022\/08\/09\/continua-cerrado-el-paso-de-jama-por-el-temporal-de-nieve-del-lado-chileno\/"},"wordCount":229,"commentCount":0,"publisher":{"@id":"https:\/\/www.muyjujuy.com\/#organization"},"image":{"@id":"https:\/\/www.muyjujuy.com\/index.php\/2022\/08\/09\/continua-cerrado-el-paso-de-jama-por-el-temporal-de-nieve-del-lado-chileno\/#primaryimage"},"thumbnailUrl":"https:\/\/www.muyjujuy.com\/wp-content\/uploads\/2022\/08\/WhatsApp-Image-2022-08-09-at-3.42.32-PM.jpeg","keywords":["Chile","Jujuy","Paso de Jama"],"articleSection":["Sociedad"],"inLanguage":"es-AR","potentialAction":[{"@type":"CommentAction","name":"Comment","target":["https:\/\/www.muyjujuy.com\/index.php\/2022\/08\/09\/continua-cerrado-el-paso-de-jama-por-el-temporal-de-nieve-del-lado-chileno\/#respond"]}]},{"@type":"WebPage","@id":"https:\/\/www.muyjujuy.com\/index.php\/2022\/08\/09\/continua-cerrado-el-paso-de-jama-por-el-temporal-de-nieve-del-lado-chileno\/","url":"https:\/\/www.muyjujuy.com\/index.php\/2022\/08\/09\/continua-cerrado-el-paso-de-jama-por-el-temporal-de-nieve-del-lado-chileno\/","name":"Contin\u00faa cerrado el Paso de Jama por el temporal de nieve del lado chileno - Muy Jujuy","isPartOf":{"@id":"https:\/\/www.muyjujuy.com\/#website"},"primaryImageOfPage":{"@id":"https:\/\/www.muyjujuy.com\/index.php\/2022\/08\/09\/continua-cerrado-el-paso-de-jama-por-el-temporal-de-nieve-del-lado-chileno\/#primaryimage"},"image":{"@id":"https:\/\/www.muyjujuy.com\/index.php\/2022\/08\/09\/continua-cerrado-el-paso-de-jama-por-el-temporal-de-nieve-del-lado-chileno\/#primaryimage"},"thumbnailUrl":"https:\/\/www.muyjujuy.com\/wp-content\/uploads\/2022\/08\/WhatsApp-Image-2022-08-09-at-3.42.32-PM.jpeg","datePublished":"2022-08-09T18:45:12+00:00","dateModified":"2022-08-09T18:45:14+00:00","description":"El Paso de Jama, que vincula el norte argentino con Chile en Jujuy, se encuentra \"inhabilitado\" a causa de un fuerte temporal de nieve.","breadcrumb":{"@id":"https:\/\/www.muyjujuy.com\/index.php\/2022\/08\/09\/continua-cerrado-el-paso-de-jama-por-el-temporal-de-nieve-del-lado-chileno\/#breadcrumb"},"inLanguage":"es-AR","potentialAction":[{"@type":"ReadAction","target":["https:\/\/www.muyjujuy.com\/index.php\/2022\/08\/09\/continua-cerrado-el-paso-de-jama-por-el-temporal-de-nieve-del-lado-chileno\/"]}]},{"@type":"ImageObject","inLanguage":"es-AR","@id":"https:\/\/www.muyjujuy.com\/index.php\/2022\/08\/09\/continua-cerrado-el-paso-de-jama-por-el-temporal-de-nieve-del-lado-chileno\/#primaryimage","url":"https:\/\/www.muyjujuy.com\/wp-content\/uploads\/2022\/08\/WhatsApp-Image-2022-08-09-at-3.42.32-PM.jpeg","contentUrl":"https:\/\/www.muyjujuy.com\/wp-content\/uploads\/2022\/08\/WhatsApp-Image-2022-08-09-at-3.42.32-PM.jpeg","width":1200,"height":675},{"@type":"BreadcrumbList","@id":"https:\/\/www.muyjujuy.com\/index.php\/2022\/08\/09\/continua-cerrado-el-paso-de-jama-por-el-temporal-de-nieve-del-lado-chileno\/#breadcrumb","itemListElement":[{"@type":"ListItem","position":1,"name":"Inicio","item":"https:\/\/www.muyjujuy.com\/"},{"@type":"ListItem","position":2,"name":"Contin\u00faa cerrado el Paso de Jama por el temporal de nieve del lado chileno"}]},{"@type":"WebSite","@id":"https:\/\/www.muyjujuy.com\/#website","url":"https:\/\/www.muyjujuy.com\/","name":"Muy Jujuy","description":"","publisher":{"@id":"https:\/\/www.muyjujuy.com\/#organization"},"potentialAction":[{"@type":"SearchAction","target":{"@type":"EntryPoint","urlTemplate":"https:\/\/www.muyjujuy.com\/?s={search_term_string}"},"query-input":{"@type":"PropertyValueSpecification","valueRequired":true,"valueName":"search_term_string"}}],"inLanguage":"es-AR"},{"@type":"Organization","@id":"https:\/\/www.muyjujuy.com\/#organization","name":"Muy Jujuy","url":"https:\/\/www.muyjujuy.com\/","logo":{"@type":"ImageObject","inLanguage":"es-AR","@id":"https:\/\/www.muyjujuy.com\/#\/schema\/logo\/image\/","url":"http:\/\/www.muyjujuy.com\/wp-content\/uploads\/2022\/05\/logo-mobil-jujuy.png","contentUrl":"http:\/\/www.muyjujuy.com\/wp-content\/uploads\/2022\/05\/logo-mobil-jujuy.png","width":174,"height":81,"caption":"Muy Jujuy"},"image":{"@id":"https:\/\/www.muyjujuy.com\/#\/schema\/logo\/image\/"},"sameAs":["https:\/\/www.facebook.com\/muyjujuycom","https:\/\/x.com\/muyjujuy","https:\/\/www.instagram.com\/muyjujuycom"]},{"@type":"Person","@id":"https:\/\/www.muyjujuy.com\/#\/schema\/person\/1d0f6e223ccea9e3f9034c1a5b683bf2","name":"Redacci\u00f3n Muy Jujuy","image":{"@type":"ImageObject","inLanguage":"es-AR","@id":"https:\/\/secure.gravatar.com\/avatar\/fec5f6f1893d741ed5eecccff109ce43e67a855411202a3212a058cb8e5c27d4?s=96&d=mm&r=g","url":"https:\/\/secure.gravatar.com\/avatar\/fec5f6f1893d741ed5eecccff109ce43e67a855411202a3212a058cb8e5c27d4?s=96&d=mm&r=g","contentUrl":"https:\/\/secure.gravatar.com\/avatar\/fec5f6f1893d741ed5eecccff109ce43e67a855411202a3212a058cb8e5c27d4?s=96&d=mm&r=g","caption":"Redacci\u00f3n Muy Jujuy"},"url":"https:\/\/www.muyjujuy.com\/index.php\/author\/editor\/"}]}},"_links":{"self":[{"href":"https:\/\/www.muyjujuy.com\/index.php\/wp-json\/wp\/v2\/posts\/1143","targetHints":{"allow":["GET"]}}],"collection":[{"href":"https:\/\/www.muyjujuy.com\/index.php\/wp-json\/wp\/v2\/posts"}],"about":[{"href":"https:\/\/www.muyjujuy.com\/index.php\/wp-json\/wp\/v2\/types\/post"}],"author":[{"embeddable":true,"href":"https:\/\/www.muyjujuy.com\/index.php\/wp-json\/wp\/v2\/users\/3"}],"replies":[{"embeddable":true,"href":"https:\/\/www.muyjujuy.com\/index.php\/wp-json\/wp\/v2\/comments?post=1143"}],"version-history":[{"count":1,"href":"https:\/\/www.muyjujuy.com\/index.php\/wp-json\/wp\/v2\/posts\/1143\/revisions"}],"predecessor-version":[{"id":1145,"href":"https:\/\/www.muyjujuy.com\/index.php\/wp-json\/wp\/v2\/posts\/1143\/revisions\/1145"}],"wp:featuredmedia":[{"embeddable":true,"href":"https:\/\/www.muyjujuy.com\/index.php\/wp-json\/wp\/v2\/media\/1144"}],"wp:attachment":[{"href":"https:\/\/www.muyjujuy.com\/index.php\/wp-json\/wp\/v2\/media?parent=1143"}],"wp:term":[{"taxonomy":"category","embeddable":true,"href":"https:\/\/www.muyjujuy.com\/index.php\/wp-json\/wp\/v2\/categories?post=1143"},{"taxonomy":"post_tag","embeddable":true,"href":"https:\/\/www.muyjujuy.com\/index.php\/wp-json\/wp\/v2\/tags?post=1143"}],"curies":[{"name":"wp","href":"https:\/\/api.w.org\/{rel}","templated":true}]}}