{"id":1149,"date":"2022-08-10T09:37:37","date_gmt":"2022-08-10T12:37:37","guid":{"rendered":"https:\/\/www.muyjujuy.com\/?p=1149"},"modified":"2022-08-10T12:14:53","modified_gmt":"2022-08-10T15:14:53","slug":"jujuy-realiza-su-primer-censo-provincial-de-condores","status":"publish","type":"post","link":"https:\/\/www.muyjujuy.com\/index.php\/2022\/08\/10\/jujuy-realiza-su-primer-censo-provincial-de-condores\/","title":{"rendered":"Jujuy realiza su primer censo provincial de c\u00f3ndores"},"content":{"rendered":"\n<p><em>El \u00e1rea de Ambiente llevar\u00e1 a cabo el primer censo de c\u00f3ndores en toda la provincia junto a ONGs<\/em><\/p>\n\n\n\n<p>El Gobierno de Jujuy desarrollar\u00e1 el pr\u00f3ximo jueves su primer censo destinado a generar un registro sobre la poblaci\u00f3n de c\u00f3ndores en la provincia y sus \u00e1reas de distribuci\u00f3n. Es parte del trabajo a nivel local de conservaci\u00f3n de la especie en peligro de extinci\u00f3n.<\/p>\n\n\n\n<p>Jujuy desarrollar\u00e1 el pr\u00f3ximo jueves su primer censo destinado a generar un registro sobre la poblaci\u00f3n de c\u00f3ndores en la provincia y sus \u00e1reas de distribuci\u00f3n, como parte del trabajo a nivel local de conservaci\u00f3n de la especie en peligro de extinci\u00f3n.<\/p>\n\n\n\n<p>La acci\u00f3n es encarada desde el Ministerio de Ambiente y Cambio Clim\u00e1tico provincial y <strong>contar\u00e1 con m\u00e1s de 25 puntos de observaci\u00f3n en simult\u00e1neo fijados en las cuatro regiones de la provincia.<\/strong> Tambi\u00e9n integra la colaboraci\u00f3n de m\u00faltiples actores a nivel local y nacional.<\/p>\n\n\n\n<p>El director de Biodiversidad y \u00e1reas protegidas, <strong>Daniel Zen\u00f3n<\/strong>, detall\u00f3 en dialogo con <em>T\u00e9lam<\/em>, que el censo se concretar\u00e1 este <strong>jueves 11<\/strong>, entre las 8 y las 19. Ser\u00e1 en simult\u00e1neo en los distintos puntos establecidos <strong>\u201cpara que no haya recuento de c\u00f3ndores\u201d.<\/strong><\/p>\n\n\n\n<p>Agreg\u00f3 que el trabajo se est\u00e1 impulsando por el equipo de la Direcci\u00f3n a su cargo junto a <strong>la Fundaci\u00f3n Bioandina<\/strong>, <strong>Parques Nacionales<\/strong>, la Direcci\u00f3n Nacional de Biodiversidad, la Universidad Nacional de Jujuy, investigadores del Conicet, entre otras entidades p\u00fablicas, privadas y organizaciones de la sociedad civil a nivel local.<\/p>\n\n\n\n<h2 class=\"wp-block-heading\"><strong>Censo de c\u00f3ndores<\/strong><\/h2>\n\n\n\n<p>Para el trabajo de campo, el funcionario explic\u00f3 que a lo largo del \u00faltimo mes se concretaron capacitaciones dirigidas a todo el grupo que se encargar\u00e1 de identificar los c\u00f3ndores y llenar las planillas de registro. En las mismas<strong> se incluir\u00e1n clasificaciones como macho, hembra, adultos, juveniles, entre otros.<\/strong><\/p>\n\n\n\n<p>\u201cHay especies que son muy similares as\u00ed que se lo instruy\u00f3 en c\u00f3mo en diferenciarlos, de manera de evitar una sobrevaloraci\u00f3n de la poblaci\u00f3n\u201d, indic\u00f3 Zen\u00f3n sobre la importancia de la formaci\u00f3n previa.<\/p>\n\n\n\n<p>En cuanto a los puntos de observaci\u00f3n, detall\u00f3 que \u201cse trabaj\u00f3 arduamente en la determinaci\u00f3n de los sitios, que <strong>suman m\u00e1s de 26 en toda la provincia. <\/strong>Hay puntos distribuidos en <strong>Santa B\u00e1rbara, Ledesma, Valle Grande, Palpal\u00e1, San Antonio, Tilcara, Humahuaca, Santa Catalina, Yavi y Susques<\/strong>&#8220;. &#8220;Tenemos cubierta casi toda la provincia\u201d, enfatiz\u00f3 el funcionario.<\/p>\n\n\n\n<p>En tanto, sostuvo que se prest\u00f3 especial atenci\u00f3n a lugares que ya marcados con presencia de c\u00f3ndores. <strong>\u201cEst\u00e1n participando muchos investigadores que ya hicieron trabajo de campo <\/strong>y fueron quienes colaboraron a determinar los puntos donde incluso hay presencia de nidos\u201d, se\u00f1al\u00f3.<\/p>\n\n\n\n<p>\u201cHay que recordar que el c\u00f3ndor es una especie en peligro de extinci\u00f3n y en Argentina hay mucha mortandad por envenenamiento y caza. <strong>Los datos a recoger son muy importantes para tener estimaciones m\u00e1s certeras<\/strong>\u201d, concluy\u00f3. <\/p>\n","protected":false},"excerpt":{"rendered":"<p>El \u00e1rea de Ambiente llevar\u00e1 a cabo el primer censo de c\u00f3ndores en toda la provincia junto a ONGs El Gobierno de Jujuy desarrollar\u00e1 el pr\u00f3ximo jueves su primer censo destinado a generar un registro sobre la poblaci\u00f3n de c\u00f3ndores en la provincia y sus \u00e1reas de distribuci\u00f3n. Es parte del trabajo a nivel local [&hellip;]<\/p>\n","protected":false},"author":3,"featured_media":1150,"comment_status":"open","ping_status":"open","sticky":false,"template":"","format":"standard","meta":{"footnotes":""},"categories":[1],"tags":[768,8],"class_list":{"0":"post-1149","1":"post","2":"type-post","3":"status-publish","4":"format-standard","5":"has-post-thumbnail","7":"category-sin-categoria","8":"tag-condores","9":"tag-jujuy"},"yoast_head":"<!-- This site is optimized with the Yoast SEO plugin v27.5 - https:\/\/yoast.com\/product\/yoast-seo-wordpress\/ -->\n<title>Jujuy realiza su primer censo provincial de c\u00f3ndores - Muy Jujuy<\/title>\n<meta name=\"description\" content=\"El Gobierno de Jujuy desarrollar\u00e1 el pr\u00f3ximo jueves su primer censo destinado a generar un registro sobre la poblaci\u00f3n de c\u00f3ndores.\" \/>\n<meta name=\"robots\" content=\"index, follow, max-snippet:-1, max-image-preview:large, max-video-preview:-1\" \/>\n<link rel=\"canonical\" href=\"https:\/\/www.muyjujuy.com\/index.php\/2022\/08\/10\/jujuy-realiza-su-primer-censo-provincial-de-condores\/\" \/>\n<meta property=\"og:locale\" content=\"es_ES\" \/>\n<meta property=\"og:type\" content=\"article\" \/>\n<meta property=\"og:title\" content=\"Jujuy realiza su primer censo provincial de c\u00f3ndores - Muy Jujuy\" \/>\n<meta property=\"og:description\" content=\"El Gobierno de Jujuy desarrollar\u00e1 el pr\u00f3ximo jueves su primer censo destinado a generar un registro sobre la poblaci\u00f3n de c\u00f3ndores.\" \/>\n<meta property=\"og:url\" content=\"https:\/\/www.muyjujuy.com\/index.php\/2022\/08\/10\/jujuy-realiza-su-primer-censo-provincial-de-condores\/\" \/>\n<meta property=\"og:site_name\" content=\"Muy Jujuy\" \/>\n<meta property=\"article:publisher\" content=\"https:\/\/www.facebook.com\/muyjujuycom\" \/>\n<meta property=\"article:published_time\" content=\"2022-08-10T12:37:37+00:00\" \/>\n<meta property=\"article:modified_time\" content=\"2022-08-10T15:14:53+00:00\" \/>\n<meta property=\"og:image\" content=\"https:\/\/www.muyjujuy.com\/wp-content\/uploads\/2022\/08\/WhatsApp-Image-2022-08-10-at-9.35.21-AM.jpeg\" \/>\n\t<meta property=\"og:image:width\" content=\"1100\" \/>\n\t<meta property=\"og:image:height\" content=\"733\" \/>\n\t<meta property=\"og:image:type\" content=\"image\/jpeg\" \/>\n<meta name=\"author\" content=\"Redacci\u00f3n Muy Jujuy\" \/>\n<meta name=\"twitter:card\" content=\"summary_large_image\" \/>\n<meta name=\"twitter:creator\" content=\"@muyjujuy\" \/>\n<meta name=\"twitter:site\" content=\"@muyjujuy\" \/>\n<meta name=\"twitter:label1\" content=\"Escrito por\" \/>\n\t<meta name=\"twitter:data1\" content=\"Redacci\u00f3n Muy Jujuy\" \/>\n\t<meta name=\"twitter:label2\" content=\"Tiempo de lectura\" \/>\n\t<meta name=\"twitter:data2\" content=\"3 minutos\" \/>\n<script type=\"application\/ld+json\" class=\"yoast-schema-graph\">{\"@context\":\"https:\\\/\\\/schema.org\",\"@graph\":[{\"@type\":\"Article\",\"@id\":\"https:\\\/\\\/www.muyjujuy.com\\\/index.php\\\/2022\\\/08\\\/10\\\/jujuy-realiza-su-primer-censo-provincial-de-condores\\\/#article\",\"isPartOf\":{\"@id\":\"https:\\\/\\\/www.muyjujuy.com\\\/index.php\\\/2022\\\/08\\\/10\\\/jujuy-realiza-su-primer-censo-provincial-de-condores\\\/\"},\"author\":{\"name\":\"Redacci\u00f3n Muy Jujuy\",\"@id\":\"https:\\\/\\\/www.muyjujuy.com\\\/#\\\/schema\\\/person\\\/1d0f6e223ccea9e3f9034c1a5b683bf2\"},\"headline\":\"Jujuy realiza su primer censo provincial de c\u00f3ndores\",\"datePublished\":\"2022-08-10T12:37:37+00:00\",\"dateModified\":\"2022-08-10T15:14:53+00:00\",\"mainEntityOfPage\":{\"@id\":\"https:\\\/\\\/www.muyjujuy.com\\\/index.php\\\/2022\\\/08\\\/10\\\/jujuy-realiza-su-primer-censo-provincial-de-condores\\\/\"},\"wordCount\":513,\"commentCount\":0,\"publisher\":{\"@id\":\"https:\\\/\\\/www.muyjujuy.com\\\/#organization\"},\"image\":{\"@id\":\"https:\\\/\\\/www.muyjujuy.com\\\/index.php\\\/2022\\\/08\\\/10\\\/jujuy-realiza-su-primer-censo-provincial-de-condores\\\/#primaryimage\"},\"thumbnailUrl\":\"https:\\\/\\\/www.muyjujuy.com\\\/wp-content\\\/uploads\\\/2022\\\/08\\\/WhatsApp-Image-2022-08-10-at-9.35.21-AM.jpeg\",\"keywords\":[\"C\u00f3ndores\",\"Jujuy\"],\"inLanguage\":\"es-AR\",\"potentialAction\":[{\"@type\":\"CommentAction\",\"name\":\"Comment\",\"target\":[\"https:\\\/\\\/www.muyjujuy.com\\\/index.php\\\/2022\\\/08\\\/10\\\/jujuy-realiza-su-primer-censo-provincial-de-condores\\\/#respond\"]}]},{\"@type\":\"WebPage\",\"@id\":\"https:\\\/\\\/www.muyjujuy.com\\\/index.php\\\/2022\\\/08\\\/10\\\/jujuy-realiza-su-primer-censo-provincial-de-condores\\\/\",\"url\":\"https:\\\/\\\/www.muyjujuy.com\\\/index.php\\\/2022\\\/08\\\/10\\\/jujuy-realiza-su-primer-censo-provincial-de-condores\\\/\",\"name\":\"Jujuy realiza su primer censo provincial de c\u00f3ndores - Muy Jujuy\",\"isPartOf\":{\"@id\":\"https:\\\/\\\/www.muyjujuy.com\\\/#website\"},\"primaryImageOfPage\":{\"@id\":\"https:\\\/\\\/www.muyjujuy.com\\\/index.php\\\/2022\\\/08\\\/10\\\/jujuy-realiza-su-primer-censo-provincial-de-condores\\\/#primaryimage\"},\"image\":{\"@id\":\"https:\\\/\\\/www.muyjujuy.com\\\/index.php\\\/2022\\\/08\\\/10\\\/jujuy-realiza-su-primer-censo-provincial-de-condores\\\/#primaryimage\"},\"thumbnailUrl\":\"https:\\\/\\\/www.muyjujuy.com\\\/wp-content\\\/uploads\\\/2022\\\/08\\\/WhatsApp-Image-2022-08-10-at-9.35.21-AM.jpeg\",\"datePublished\":\"2022-08-10T12:37:37+00:00\",\"dateModified\":\"2022-08-10T15:14:53+00:00\",\"description\":\"El Gobierno de Jujuy desarrollar\u00e1 el pr\u00f3ximo jueves su primer censo destinado a generar un registro sobre la poblaci\u00f3n de c\u00f3ndores.\",\"breadcrumb\":{\"@id\":\"https:\\\/\\\/www.muyjujuy.com\\\/index.php\\\/2022\\\/08\\\/10\\\/jujuy-realiza-su-primer-censo-provincial-de-condores\\\/#breadcrumb\"},\"inLanguage\":\"es-AR\",\"potentialAction\":[{\"@type\":\"ReadAction\",\"target\":[\"https:\\\/\\\/www.muyjujuy.com\\\/index.php\\\/2022\\\/08\\\/10\\\/jujuy-realiza-su-primer-censo-provincial-de-condores\\\/\"]}]},{\"@type\":\"ImageObject\",\"inLanguage\":\"es-AR\",\"@id\":\"https:\\\/\\\/www.muyjujuy.com\\\/index.php\\\/2022\\\/08\\\/10\\\/jujuy-realiza-su-primer-censo-provincial-de-condores\\\/#primaryimage\",\"url\":\"https:\\\/\\\/www.muyjujuy.com\\\/wp-content\\\/uploads\\\/2022\\\/08\\\/WhatsApp-Image-2022-08-10-at-9.35.21-AM.jpeg\",\"contentUrl\":\"https:\\\/\\\/www.muyjujuy.com\\\/wp-content\\\/uploads\\\/2022\\\/08\\\/WhatsApp-Image-2022-08-10-at-9.35.21-AM.jpeg\",\"width\":1100,\"height\":733},{\"@type\":\"BreadcrumbList\",\"@id\":\"https:\\\/\\\/www.muyjujuy.com\\\/index.php\\\/2022\\\/08\\\/10\\\/jujuy-realiza-su-primer-censo-provincial-de-condores\\\/#breadcrumb\",\"itemListElement\":[{\"@type\":\"ListItem\",\"position\":1,\"name\":\"Inicio\",\"item\":\"https:\\\/\\\/www.muyjujuy.com\\\/\"},{\"@type\":\"ListItem\",\"position\":2,\"name\":\"Jujuy realiza su primer censo provincial de c\u00f3ndores\"}]},{\"@type\":\"WebSite\",\"@id\":\"https:\\\/\\\/www.muyjujuy.com\\\/#website\",\"url\":\"https:\\\/\\\/www.muyjujuy.com\\\/\",\"name\":\"Muy Jujuy\",\"description\":\"\",\"publisher\":{\"@id\":\"https:\\\/\\\/www.muyjujuy.com\\\/#organization\"},\"potentialAction\":[{\"@type\":\"SearchAction\",\"target\":{\"@type\":\"EntryPoint\",\"urlTemplate\":\"https:\\\/\\\/www.muyjujuy.com\\\/?s={search_term_string}\"},\"query-input\":{\"@type\":\"PropertyValueSpecification\",\"valueRequired\":true,\"valueName\":\"search_term_string\"}}],\"inLanguage\":\"es-AR\"},{\"@type\":\"Organization\",\"@id\":\"https:\\\/\\\/www.muyjujuy.com\\\/#organization\",\"name\":\"Muy Jujuy\",\"url\":\"https:\\\/\\\/www.muyjujuy.com\\\/\",\"logo\":{\"@type\":\"ImageObject\",\"inLanguage\":\"es-AR\",\"@id\":\"https:\\\/\\\/www.muyjujuy.com\\\/#\\\/schema\\\/logo\\\/image\\\/\",\"url\":\"http:\\\/\\\/www.muyjujuy.com\\\/wp-content\\\/uploads\\\/2022\\\/05\\\/logo-mobil-jujuy.png\",\"contentUrl\":\"http:\\\/\\\/www.muyjujuy.com\\\/wp-content\\\/uploads\\\/2022\\\/05\\\/logo-mobil-jujuy.png\",\"width\":174,\"height\":81,\"caption\":\"Muy Jujuy\"},\"image\":{\"@id\":\"https:\\\/\\\/www.muyjujuy.com\\\/#\\\/schema\\\/logo\\\/image\\\/\"},\"sameAs\":[\"https:\\\/\\\/www.facebook.com\\\/muyjujuycom\",\"https:\\\/\\\/x.com\\\/muyjujuy\",\"https:\\\/\\\/www.instagram.com\\\/muyjujuycom\"]},{\"@type\":\"Person\",\"@id\":\"https:\\\/\\\/www.muyjujuy.com\\\/#\\\/schema\\\/person\\\/1d0f6e223ccea9e3f9034c1a5b683bf2\",\"name\":\"Redacci\u00f3n Muy Jujuy\",\"image\":{\"@type\":\"ImageObject\",\"inLanguage\":\"es-AR\",\"@id\":\"https:\\\/\\\/secure.gravatar.com\\\/avatar\\\/fec5f6f1893d741ed5eecccff109ce43e67a855411202a3212a058cb8e5c27d4?s=96&d=mm&r=g\",\"url\":\"https:\\\/\\\/secure.gravatar.com\\\/avatar\\\/fec5f6f1893d741ed5eecccff109ce43e67a855411202a3212a058cb8e5c27d4?s=96&d=mm&r=g\",\"contentUrl\":\"https:\\\/\\\/secure.gravatar.com\\\/avatar\\\/fec5f6f1893d741ed5eecccff109ce43e67a855411202a3212a058cb8e5c27d4?s=96&d=mm&r=g\",\"caption\":\"Redacci\u00f3n Muy Jujuy\"},\"url\":\"https:\\\/\\\/www.muyjujuy.com\\\/index.php\\\/author\\\/editor\\\/\"}]}<\/script>\n<!-- \/ Yoast SEO plugin. -->","yoast_head_json":{"title":"Jujuy realiza su primer censo provincial de c\u00f3ndores - Muy Jujuy","description":"El Gobierno de Jujuy desarrollar\u00e1 el pr\u00f3ximo jueves su primer censo destinado a generar un registro sobre la poblaci\u00f3n de c\u00f3ndores.","robots":{"index":"index","follow":"follow","max-snippet":"max-snippet:-1","max-image-preview":"max-image-preview:large","max-video-preview":"max-video-preview:-1"},"canonical":"https:\/\/www.muyjujuy.com\/index.php\/2022\/08\/10\/jujuy-realiza-su-primer-censo-provincial-de-condores\/","og_locale":"es_ES","og_type":"article","og_title":"Jujuy realiza su primer censo provincial de c\u00f3ndores - Muy Jujuy","og_description":"El Gobierno de Jujuy desarrollar\u00e1 el pr\u00f3ximo jueves su primer censo destinado a generar un registro sobre la poblaci\u00f3n de c\u00f3ndores.","og_url":"https:\/\/www.muyjujuy.com\/index.php\/2022\/08\/10\/jujuy-realiza-su-primer-censo-provincial-de-condores\/","og_site_name":"Muy Jujuy","article_publisher":"https:\/\/www.facebook.com\/muyjujuycom","article_published_time":"2022-08-10T12:37:37+00:00","article_modified_time":"2022-08-10T15:14:53+00:00","og_image":[{"width":1100,"height":733,"url":"https:\/\/www.muyjujuy.com\/wp-content\/uploads\/2022\/08\/WhatsApp-Image-2022-08-10-at-9.35.21-AM.jpeg","type":"image\/jpeg"}],"author":"Redacci\u00f3n Muy Jujuy","twitter_card":"summary_large_image","twitter_creator":"@muyjujuy","twitter_site":"@muyjujuy","twitter_misc":{"Escrito por":"Redacci\u00f3n Muy Jujuy","Tiempo de lectura":"3 minutos"},"schema":{"@context":"https:\/\/schema.org","@graph":[{"@type":"Article","@id":"https:\/\/www.muyjujuy.com\/index.php\/2022\/08\/10\/jujuy-realiza-su-primer-censo-provincial-de-condores\/#article","isPartOf":{"@id":"https:\/\/www.muyjujuy.com\/index.php\/2022\/08\/10\/jujuy-realiza-su-primer-censo-provincial-de-condores\/"},"author":{"name":"Redacci\u00f3n Muy Jujuy","@id":"https:\/\/www.muyjujuy.com\/#\/schema\/person\/1d0f6e223ccea9e3f9034c1a5b683bf2"},"headline":"Jujuy realiza su primer censo provincial de c\u00f3ndores","datePublished":"2022-08-10T12:37:37+00:00","dateModified":"2022-08-10T15:14:53+00:00","mainEntityOfPage":{"@id":"https:\/\/www.muyjujuy.com\/index.php\/2022\/08\/10\/jujuy-realiza-su-primer-censo-provincial-de-condores\/"},"wordCount":513,"commentCount":0,"publisher":{"@id":"https:\/\/www.muyjujuy.com\/#organization"},"image":{"@id":"https:\/\/www.muyjujuy.com\/index.php\/2022\/08\/10\/jujuy-realiza-su-primer-censo-provincial-de-condores\/#primaryimage"},"thumbnailUrl":"https:\/\/www.muyjujuy.com\/wp-content\/uploads\/2022\/08\/WhatsApp-Image-2022-08-10-at-9.35.21-AM.jpeg","keywords":["C\u00f3ndores","Jujuy"],"inLanguage":"es-AR","potentialAction":[{"@type":"CommentAction","name":"Comment","target":["https:\/\/www.muyjujuy.com\/index.php\/2022\/08\/10\/jujuy-realiza-su-primer-censo-provincial-de-condores\/#respond"]}]},{"@type":"WebPage","@id":"https:\/\/www.muyjujuy.com\/index.php\/2022\/08\/10\/jujuy-realiza-su-primer-censo-provincial-de-condores\/","url":"https:\/\/www.muyjujuy.com\/index.php\/2022\/08\/10\/jujuy-realiza-su-primer-censo-provincial-de-condores\/","name":"Jujuy realiza su primer censo provincial de c\u00f3ndores - Muy Jujuy","isPartOf":{"@id":"https:\/\/www.muyjujuy.com\/#website"},"primaryImageOfPage":{"@id":"https:\/\/www.muyjujuy.com\/index.php\/2022\/08\/10\/jujuy-realiza-su-primer-censo-provincial-de-condores\/#primaryimage"},"image":{"@id":"https:\/\/www.muyjujuy.com\/index.php\/2022\/08\/10\/jujuy-realiza-su-primer-censo-provincial-de-condores\/#primaryimage"},"thumbnailUrl":"https:\/\/www.muyjujuy.com\/wp-content\/uploads\/2022\/08\/WhatsApp-Image-2022-08-10-at-9.35.21-AM.jpeg","datePublished":"2022-08-10T12:37:37+00:00","dateModified":"2022-08-10T15:14:53+00:00","description":"El Gobierno de Jujuy desarrollar\u00e1 el pr\u00f3ximo jueves su primer censo destinado a generar un registro sobre la poblaci\u00f3n de c\u00f3ndores.","breadcrumb":{"@id":"https:\/\/www.muyjujuy.com\/index.php\/2022\/08\/10\/jujuy-realiza-su-primer-censo-provincial-de-condores\/#breadcrumb"},"inLanguage":"es-AR","potentialAction":[{"@type":"ReadAction","target":["https:\/\/www.muyjujuy.com\/index.php\/2022\/08\/10\/jujuy-realiza-su-primer-censo-provincial-de-condores\/"]}]},{"@type":"ImageObject","inLanguage":"es-AR","@id":"https:\/\/www.muyjujuy.com\/index.php\/2022\/08\/10\/jujuy-realiza-su-primer-censo-provincial-de-condores\/#primaryimage","url":"https:\/\/www.muyjujuy.com\/wp-content\/uploads\/2022\/08\/WhatsApp-Image-2022-08-10-at-9.35.21-AM.jpeg","contentUrl":"https:\/\/www.muyjujuy.com\/wp-content\/uploads\/2022\/08\/WhatsApp-Image-2022-08-10-at-9.35.21-AM.jpeg","width":1100,"height":733},{"@type":"BreadcrumbList","@id":"https:\/\/www.muyjujuy.com\/index.php\/2022\/08\/10\/jujuy-realiza-su-primer-censo-provincial-de-condores\/#breadcrumb","itemListElement":[{"@type":"ListItem","position":1,"name":"Inicio","item":"https:\/\/www.muyjujuy.com\/"},{"@type":"ListItem","position":2,"name":"Jujuy realiza su primer censo provincial de c\u00f3ndores"}]},{"@type":"WebSite","@id":"https:\/\/www.muyjujuy.com\/#website","url":"https:\/\/www.muyjujuy.com\/","name":"Muy Jujuy","description":"","publisher":{"@id":"https:\/\/www.muyjujuy.com\/#organization"},"potentialAction":[{"@type":"SearchAction","target":{"@type":"EntryPoint","urlTemplate":"https:\/\/www.muyjujuy.com\/?s={search_term_string}"},"query-input":{"@type":"PropertyValueSpecification","valueRequired":true,"valueName":"search_term_string"}}],"inLanguage":"es-AR"},{"@type":"Organization","@id":"https:\/\/www.muyjujuy.com\/#organization","name":"Muy Jujuy","url":"https:\/\/www.muyjujuy.com\/","logo":{"@type":"ImageObject","inLanguage":"es-AR","@id":"https:\/\/www.muyjujuy.com\/#\/schema\/logo\/image\/","url":"http:\/\/www.muyjujuy.com\/wp-content\/uploads\/2022\/05\/logo-mobil-jujuy.png","contentUrl":"http:\/\/www.muyjujuy.com\/wp-content\/uploads\/2022\/05\/logo-mobil-jujuy.png","width":174,"height":81,"caption":"Muy Jujuy"},"image":{"@id":"https:\/\/www.muyjujuy.com\/#\/schema\/logo\/image\/"},"sameAs":["https:\/\/www.facebook.com\/muyjujuycom","https:\/\/x.com\/muyjujuy","https:\/\/www.instagram.com\/muyjujuycom"]},{"@type":"Person","@id":"https:\/\/www.muyjujuy.com\/#\/schema\/person\/1d0f6e223ccea9e3f9034c1a5b683bf2","name":"Redacci\u00f3n Muy Jujuy","image":{"@type":"ImageObject","inLanguage":"es-AR","@id":"https:\/\/secure.gravatar.com\/avatar\/fec5f6f1893d741ed5eecccff109ce43e67a855411202a3212a058cb8e5c27d4?s=96&d=mm&r=g","url":"https:\/\/secure.gravatar.com\/avatar\/fec5f6f1893d741ed5eecccff109ce43e67a855411202a3212a058cb8e5c27d4?s=96&d=mm&r=g","contentUrl":"https:\/\/secure.gravatar.com\/avatar\/fec5f6f1893d741ed5eecccff109ce43e67a855411202a3212a058cb8e5c27d4?s=96&d=mm&r=g","caption":"Redacci\u00f3n Muy Jujuy"},"url":"https:\/\/www.muyjujuy.com\/index.php\/author\/editor\/"}]}},"_links":{"self":[{"href":"https:\/\/www.muyjujuy.com\/index.php\/wp-json\/wp\/v2\/posts\/1149","targetHints":{"allow":["GET"]}}],"collection":[{"href":"https:\/\/www.muyjujuy.com\/index.php\/wp-json\/wp\/v2\/posts"}],"about":[{"href":"https:\/\/www.muyjujuy.com\/index.php\/wp-json\/wp\/v2\/types\/post"}],"author":[{"embeddable":true,"href":"https:\/\/www.muyjujuy.com\/index.php\/wp-json\/wp\/v2\/users\/3"}],"replies":[{"embeddable":true,"href":"https:\/\/www.muyjujuy.com\/index.php\/wp-json\/wp\/v2\/comments?post=1149"}],"version-history":[{"count":2,"href":"https:\/\/www.muyjujuy.com\/index.php\/wp-json\/wp\/v2\/posts\/1149\/revisions"}],"predecessor-version":[{"id":1153,"href":"https:\/\/www.muyjujuy.com\/index.php\/wp-json\/wp\/v2\/posts\/1149\/revisions\/1153"}],"wp:featuredmedia":[{"embeddable":true,"href":"https:\/\/www.muyjujuy.com\/index.php\/wp-json\/wp\/v2\/media\/1150"}],"wp:attachment":[{"href":"https:\/\/www.muyjujuy.com\/index.php\/wp-json\/wp\/v2\/media?parent=1149"}],"wp:term":[{"taxonomy":"category","embeddable":true,"href":"https:\/\/www.muyjujuy.com\/index.php\/wp-json\/wp\/v2\/categories?post=1149"},{"taxonomy":"post_tag","embeddable":true,"href":"https:\/\/www.muyjujuy.com\/index.php\/wp-json\/wp\/v2\/tags?post=1149"}],"curies":[{"name":"wp","href":"https:\/\/api.w.org\/{rel}","templated":true}]}}