{"id":1159,"date":"2022-08-10T18:46:27","date_gmt":"2022-08-10T21:46:27","guid":{"rendered":"https:\/\/www.muyjujuy.com\/?p=1159"},"modified":"2022-08-10T18:46:30","modified_gmt":"2022-08-10T21:46:30","slug":"morales-acompano-a-la-comunidad-de-calilegua-en-las-honras-a-san-lorenzo","status":"publish","type":"post","link":"https:\/\/www.muyjujuy.com\/index.php\/2022\/08\/10\/morales-acompano-a-la-comunidad-de-calilegua-en-las-honras-a-san-lorenzo\/","title":{"rendered":"Morales acompa\u00f1\u00f3 a la comunidad de Calilegua en las honras a San Lorenzo"},"content":{"rendered":"\n<p><em>El gobernante particip\u00f3 de los festejos patronales en honor a San Lorenzo y adelant\u00f3 que se llevar\u00e1n a cabo tareas de repavimentaci\u00f3n.<\/em><\/p>\n\n\n\n<p>El gobernador de Jujuy, <strong>Gerardo Morales<\/strong>, particip\u00f3 de los festejos patronales en honor a San Lorenzo en Calileguay ratific\u00f3 su compromiso con la comunidad. <strong>&#8220;A no bajar los brazos en estos momentos dif\u00edciles para el pa\u00eds&#8221;<\/strong>, inst\u00f3.<\/p>\n\n\n\n<p>Durante el acto, el gobernador dej\u00f3 inauguradas oficialmente<strong> las remodelaciones y el alumbrado en la plaza central del pueblo<\/strong>. Asimismo, expres\u00f3 su satisfacci\u00f3n \u201cpor acompa\u00f1ar un a\u00f1o m\u00e1s esta fiesta en honor a San Lorenzo\u201d.<br><br>Morales ratific\u00f3<strong> \u201cel compromiso del gobierno provincial con este pueblo y con todas las comunidades juje\u00f1as\u201d <\/strong>y brind\u00f3 \u201c<strong>el apoyo para mejorar toda la infraestructura\u201d<\/strong>. En ese sentido, hizo hincapi\u00e9 en la construcci\u00f3n de los edificios escolares que est\u00e1n en marcha en el barrio Papa Francisco.<br><br>Asimismo, valor\u00f3 el compromiso de la Provincia y la intendencia en la implementaci\u00f3n del plan GIRSU. \u201cMarco en el que entregamos dos camiones en este municipio y vamos a seguir incorporando equipamiento\u201d, se\u00f1al\u00f3.<\/p>\n\n\n\n<p><strong>&#8220;El objetivo es terminar con los basurales a cielo abierto&#8221;, <\/strong>asever\u00f3 Morales y subray\u00f3: <strong>&#8220;Ya est\u00e1 en marcha el Centro de Clasificaci\u00f3n y Transferencia de Libertador General San Mart\u00edn que impactar\u00e1 en la jurisdicci\u00f3n y en los municipios de la zona\u201d.<\/strong><br><br>Morales ponder\u00f3 las \u201cobras de infraestructura importantes para el conglomerado Libertador-Calilegua, como una nueva planta de tratamiento de l\u00edquidos cloacales y una nueva planta de potabilizaci\u00f3n de agua con redes e infraestructura\u201d. <\/p>\n\n\n\n<p>Adelant\u00f3, adem\u00e1s, <strong>la asignaci\u00f3n de presupuesto para la pavimentaci\u00f3n de m\u00e1s calles para las localidades de Calilegua y Fraile Pintado.<\/strong> Por \u00faltimo, inst\u00f3 a la comunidad \u201ca no bajar los brazos en los momentos dif\u00edciles para el pa\u00eds\u201d y a \u201ctrabajar codo a codo en uni\u00f3n y en paz por Jujuy\u201d.<\/p>\n","protected":false},"excerpt":{"rendered":"<p>El gobernante particip\u00f3 de los festejos patronales en honor a San Lorenzo y adelant\u00f3 que se llevar\u00e1n a cabo tareas de repavimentaci\u00f3n. El gobernador de Jujuy, Gerardo Morales, particip\u00f3 de los festejos patronales en honor a San Lorenzo en Calileguay ratific\u00f3 su compromiso con la comunidad. &#8220;A no bajar los brazos en estos momentos dif\u00edciles [&hellip;]<\/p>\n","protected":false},"author":3,"featured_media":1160,"comment_status":"open","ping_status":"open","sticky":false,"template":"","format":"standard","meta":{"footnotes":""},"categories":[24],"tags":[5,8],"class_list":{"0":"post-1159","1":"post","2":"type-post","3":"status-publish","4":"format-standard","5":"has-post-thumbnail","7":"category-politica","8":"tag-gerardo-morales","9":"tag-jujuy"},"yoast_head":"<!-- This site is optimized with the Yoast SEO plugin v27.5 - https:\/\/yoast.com\/product\/yoast-seo-wordpress\/ -->\n<title>Morales acompa\u00f1\u00f3 a la comunidad de Calilegua en las honras a San Lorenzo - Muy Jujuy<\/title>\n<meta name=\"description\" content=\"El gobernador de Jujuy, Gerardo Morales, particip\u00f3 de los festejos patronales en honor a San Lorenzo en Calileguay ratific\u00f3 su compromiso con la comunidad.\" \/>\n<meta name=\"robots\" content=\"index, follow, max-snippet:-1, max-image-preview:large, max-video-preview:-1\" \/>\n<link rel=\"canonical\" href=\"https:\/\/www.muyjujuy.com\/index.php\/2022\/08\/10\/morales-acompano-a-la-comunidad-de-calilegua-en-las-honras-a-san-lorenzo\/\" \/>\n<meta property=\"og:locale\" content=\"es_ES\" \/>\n<meta property=\"og:type\" content=\"article\" \/>\n<meta property=\"og:title\" content=\"Morales acompa\u00f1\u00f3 a la comunidad de Calilegua en las honras a San Lorenzo - Muy Jujuy\" \/>\n<meta property=\"og:description\" content=\"El gobernador de Jujuy, Gerardo Morales, particip\u00f3 de los festejos patronales en honor a San Lorenzo en Calileguay ratific\u00f3 su compromiso con la comunidad.\" \/>\n<meta property=\"og:url\" content=\"https:\/\/www.muyjujuy.com\/index.php\/2022\/08\/10\/morales-acompano-a-la-comunidad-de-calilegua-en-las-honras-a-san-lorenzo\/\" \/>\n<meta property=\"og:site_name\" content=\"Muy Jujuy\" \/>\n<meta property=\"article:publisher\" content=\"https:\/\/www.facebook.com\/muyjujuycom\" \/>\n<meta property=\"article:published_time\" content=\"2022-08-10T21:46:27+00:00\" \/>\n<meta property=\"article:modified_time\" content=\"2022-08-10T21:46:30+00:00\" \/>\n<meta property=\"og:image\" content=\"https:\/\/www.muyjujuy.com\/wp-content\/uploads\/2022\/08\/WhatsApp-Image-2022-08-10-at-6.32.23-PM-1.jpeg\" \/>\n\t<meta property=\"og:image:width\" content=\"1200\" \/>\n\t<meta property=\"og:image:height\" content=\"788\" \/>\n\t<meta property=\"og:image:type\" content=\"image\/jpeg\" \/>\n<meta name=\"author\" content=\"Redacci\u00f3n Muy Jujuy\" \/>\n<meta name=\"twitter:card\" content=\"summary_large_image\" \/>\n<meta name=\"twitter:creator\" content=\"@muyjujuy\" \/>\n<meta name=\"twitter:site\" content=\"@muyjujuy\" \/>\n<meta name=\"twitter:label1\" content=\"Escrito por\" \/>\n\t<meta name=\"twitter:data1\" content=\"Redacci\u00f3n Muy Jujuy\" \/>\n\t<meta name=\"twitter:label2\" content=\"Tiempo de lectura\" \/>\n\t<meta name=\"twitter:data2\" content=\"2 minutos\" \/>\n<script type=\"application\/ld+json\" class=\"yoast-schema-graph\">{\"@context\":\"https:\\\/\\\/schema.org\",\"@graph\":[{\"@type\":\"Article\",\"@id\":\"https:\\\/\\\/www.muyjujuy.com\\\/index.php\\\/2022\\\/08\\\/10\\\/morales-acompano-a-la-comunidad-de-calilegua-en-las-honras-a-san-lorenzo\\\/#article\",\"isPartOf\":{\"@id\":\"https:\\\/\\\/www.muyjujuy.com\\\/index.php\\\/2022\\\/08\\\/10\\\/morales-acompano-a-la-comunidad-de-calilegua-en-las-honras-a-san-lorenzo\\\/\"},\"author\":{\"name\":\"Redacci\u00f3n Muy Jujuy\",\"@id\":\"https:\\\/\\\/www.muyjujuy.com\\\/#\\\/schema\\\/person\\\/1d0f6e223ccea9e3f9034c1a5b683bf2\"},\"headline\":\"Morales acompa\u00f1\u00f3 a la comunidad de Calilegua en las honras a San Lorenzo\",\"datePublished\":\"2022-08-10T21:46:27+00:00\",\"dateModified\":\"2022-08-10T21:46:30+00:00\",\"mainEntityOfPage\":{\"@id\":\"https:\\\/\\\/www.muyjujuy.com\\\/index.php\\\/2022\\\/08\\\/10\\\/morales-acompano-a-la-comunidad-de-calilegua-en-las-honras-a-san-lorenzo\\\/\"},\"wordCount\":335,\"commentCount\":0,\"publisher\":{\"@id\":\"https:\\\/\\\/www.muyjujuy.com\\\/#organization\"},\"image\":{\"@id\":\"https:\\\/\\\/www.muyjujuy.com\\\/index.php\\\/2022\\\/08\\\/10\\\/morales-acompano-a-la-comunidad-de-calilegua-en-las-honras-a-san-lorenzo\\\/#primaryimage\"},\"thumbnailUrl\":\"https:\\\/\\\/www.muyjujuy.com\\\/wp-content\\\/uploads\\\/2022\\\/08\\\/WhatsApp-Image-2022-08-10-at-6.32.23-PM-1.jpeg\",\"keywords\":[\"Gerardo Morales\",\"Jujuy\"],\"articleSection\":[\"Pol\u00edtica\"],\"inLanguage\":\"es-AR\",\"potentialAction\":[{\"@type\":\"CommentAction\",\"name\":\"Comment\",\"target\":[\"https:\\\/\\\/www.muyjujuy.com\\\/index.php\\\/2022\\\/08\\\/10\\\/morales-acompano-a-la-comunidad-de-calilegua-en-las-honras-a-san-lorenzo\\\/#respond\"]}]},{\"@type\":\"WebPage\",\"@id\":\"https:\\\/\\\/www.muyjujuy.com\\\/index.php\\\/2022\\\/08\\\/10\\\/morales-acompano-a-la-comunidad-de-calilegua-en-las-honras-a-san-lorenzo\\\/\",\"url\":\"https:\\\/\\\/www.muyjujuy.com\\\/index.php\\\/2022\\\/08\\\/10\\\/morales-acompano-a-la-comunidad-de-calilegua-en-las-honras-a-san-lorenzo\\\/\",\"name\":\"Morales acompa\u00f1\u00f3 a la comunidad de Calilegua en las honras a San Lorenzo - Muy Jujuy\",\"isPartOf\":{\"@id\":\"https:\\\/\\\/www.muyjujuy.com\\\/#website\"},\"primaryImageOfPage\":{\"@id\":\"https:\\\/\\\/www.muyjujuy.com\\\/index.php\\\/2022\\\/08\\\/10\\\/morales-acompano-a-la-comunidad-de-calilegua-en-las-honras-a-san-lorenzo\\\/#primaryimage\"},\"image\":{\"@id\":\"https:\\\/\\\/www.muyjujuy.com\\\/index.php\\\/2022\\\/08\\\/10\\\/morales-acompano-a-la-comunidad-de-calilegua-en-las-honras-a-san-lorenzo\\\/#primaryimage\"},\"thumbnailUrl\":\"https:\\\/\\\/www.muyjujuy.com\\\/wp-content\\\/uploads\\\/2022\\\/08\\\/WhatsApp-Image-2022-08-10-at-6.32.23-PM-1.jpeg\",\"datePublished\":\"2022-08-10T21:46:27+00:00\",\"dateModified\":\"2022-08-10T21:46:30+00:00\",\"description\":\"El gobernador de Jujuy, Gerardo Morales, particip\u00f3 de los festejos patronales en honor a San Lorenzo en Calileguay ratific\u00f3 su compromiso con la comunidad.\",\"breadcrumb\":{\"@id\":\"https:\\\/\\\/www.muyjujuy.com\\\/index.php\\\/2022\\\/08\\\/10\\\/morales-acompano-a-la-comunidad-de-calilegua-en-las-honras-a-san-lorenzo\\\/#breadcrumb\"},\"inLanguage\":\"es-AR\",\"potentialAction\":[{\"@type\":\"ReadAction\",\"target\":[\"https:\\\/\\\/www.muyjujuy.com\\\/index.php\\\/2022\\\/08\\\/10\\\/morales-acompano-a-la-comunidad-de-calilegua-en-las-honras-a-san-lorenzo\\\/\"]}]},{\"@type\":\"ImageObject\",\"inLanguage\":\"es-AR\",\"@id\":\"https:\\\/\\\/www.muyjujuy.com\\\/index.php\\\/2022\\\/08\\\/10\\\/morales-acompano-a-la-comunidad-de-calilegua-en-las-honras-a-san-lorenzo\\\/#primaryimage\",\"url\":\"https:\\\/\\\/www.muyjujuy.com\\\/wp-content\\\/uploads\\\/2022\\\/08\\\/WhatsApp-Image-2022-08-10-at-6.32.23-PM-1.jpeg\",\"contentUrl\":\"https:\\\/\\\/www.muyjujuy.com\\\/wp-content\\\/uploads\\\/2022\\\/08\\\/WhatsApp-Image-2022-08-10-at-6.32.23-PM-1.jpeg\",\"width\":1200,\"height\":788},{\"@type\":\"BreadcrumbList\",\"@id\":\"https:\\\/\\\/www.muyjujuy.com\\\/index.php\\\/2022\\\/08\\\/10\\\/morales-acompano-a-la-comunidad-de-calilegua-en-las-honras-a-san-lorenzo\\\/#breadcrumb\",\"itemListElement\":[{\"@type\":\"ListItem\",\"position\":1,\"name\":\"Inicio\",\"item\":\"https:\\\/\\\/www.muyjujuy.com\\\/\"},{\"@type\":\"ListItem\",\"position\":2,\"name\":\"Morales acompa\u00f1\u00f3 a la comunidad de Calilegua en las honras a San Lorenzo\"}]},{\"@type\":\"WebSite\",\"@id\":\"https:\\\/\\\/www.muyjujuy.com\\\/#website\",\"url\":\"https:\\\/\\\/www.muyjujuy.com\\\/\",\"name\":\"Muy Jujuy\",\"description\":\"\",\"publisher\":{\"@id\":\"https:\\\/\\\/www.muyjujuy.com\\\/#organization\"},\"potentialAction\":[{\"@type\":\"SearchAction\",\"target\":{\"@type\":\"EntryPoint\",\"urlTemplate\":\"https:\\\/\\\/www.muyjujuy.com\\\/?s={search_term_string}\"},\"query-input\":{\"@type\":\"PropertyValueSpecification\",\"valueRequired\":true,\"valueName\":\"search_term_string\"}}],\"inLanguage\":\"es-AR\"},{\"@type\":\"Organization\",\"@id\":\"https:\\\/\\\/www.muyjujuy.com\\\/#organization\",\"name\":\"Muy Jujuy\",\"url\":\"https:\\\/\\\/www.muyjujuy.com\\\/\",\"logo\":{\"@type\":\"ImageObject\",\"inLanguage\":\"es-AR\",\"@id\":\"https:\\\/\\\/www.muyjujuy.com\\\/#\\\/schema\\\/logo\\\/image\\\/\",\"url\":\"http:\\\/\\\/www.muyjujuy.com\\\/wp-content\\\/uploads\\\/2022\\\/05\\\/logo-mobil-jujuy.png\",\"contentUrl\":\"http:\\\/\\\/www.muyjujuy.com\\\/wp-content\\\/uploads\\\/2022\\\/05\\\/logo-mobil-jujuy.png\",\"width\":174,\"height\":81,\"caption\":\"Muy Jujuy\"},\"image\":{\"@id\":\"https:\\\/\\\/www.muyjujuy.com\\\/#\\\/schema\\\/logo\\\/image\\\/\"},\"sameAs\":[\"https:\\\/\\\/www.facebook.com\\\/muyjujuycom\",\"https:\\\/\\\/x.com\\\/muyjujuy\",\"https:\\\/\\\/www.instagram.com\\\/muyjujuycom\"]},{\"@type\":\"Person\",\"@id\":\"https:\\\/\\\/www.muyjujuy.com\\\/#\\\/schema\\\/person\\\/1d0f6e223ccea9e3f9034c1a5b683bf2\",\"name\":\"Redacci\u00f3n Muy Jujuy\",\"image\":{\"@type\":\"ImageObject\",\"inLanguage\":\"es-AR\",\"@id\":\"https:\\\/\\\/secure.gravatar.com\\\/avatar\\\/fec5f6f1893d741ed5eecccff109ce43e67a855411202a3212a058cb8e5c27d4?s=96&d=mm&r=g\",\"url\":\"https:\\\/\\\/secure.gravatar.com\\\/avatar\\\/fec5f6f1893d741ed5eecccff109ce43e67a855411202a3212a058cb8e5c27d4?s=96&d=mm&r=g\",\"contentUrl\":\"https:\\\/\\\/secure.gravatar.com\\\/avatar\\\/fec5f6f1893d741ed5eecccff109ce43e67a855411202a3212a058cb8e5c27d4?s=96&d=mm&r=g\",\"caption\":\"Redacci\u00f3n Muy Jujuy\"},\"url\":\"https:\\\/\\\/www.muyjujuy.com\\\/index.php\\\/author\\\/editor\\\/\"}]}<\/script>\n<!-- \/ Yoast SEO plugin. -->","yoast_head_json":{"title":"Morales acompa\u00f1\u00f3 a la comunidad de Calilegua en las honras a San Lorenzo - Muy Jujuy","description":"El gobernador de Jujuy, Gerardo Morales, particip\u00f3 de los festejos patronales en honor a San Lorenzo en Calileguay ratific\u00f3 su compromiso con la comunidad.","robots":{"index":"index","follow":"follow","max-snippet":"max-snippet:-1","max-image-preview":"max-image-preview:large","max-video-preview":"max-video-preview:-1"},"canonical":"https:\/\/www.muyjujuy.com\/index.php\/2022\/08\/10\/morales-acompano-a-la-comunidad-de-calilegua-en-las-honras-a-san-lorenzo\/","og_locale":"es_ES","og_type":"article","og_title":"Morales acompa\u00f1\u00f3 a la comunidad de Calilegua en las honras a San Lorenzo - Muy Jujuy","og_description":"El gobernador de Jujuy, Gerardo Morales, particip\u00f3 de los festejos patronales en honor a San Lorenzo en Calileguay ratific\u00f3 su compromiso con la comunidad.","og_url":"https:\/\/www.muyjujuy.com\/index.php\/2022\/08\/10\/morales-acompano-a-la-comunidad-de-calilegua-en-las-honras-a-san-lorenzo\/","og_site_name":"Muy Jujuy","article_publisher":"https:\/\/www.facebook.com\/muyjujuycom","article_published_time":"2022-08-10T21:46:27+00:00","article_modified_time":"2022-08-10T21:46:30+00:00","og_image":[{"width":1200,"height":788,"url":"https:\/\/www.muyjujuy.com\/wp-content\/uploads\/2022\/08\/WhatsApp-Image-2022-08-10-at-6.32.23-PM-1.jpeg","type":"image\/jpeg"}],"author":"Redacci\u00f3n Muy Jujuy","twitter_card":"summary_large_image","twitter_creator":"@muyjujuy","twitter_site":"@muyjujuy","twitter_misc":{"Escrito por":"Redacci\u00f3n Muy Jujuy","Tiempo de lectura":"2 minutos"},"schema":{"@context":"https:\/\/schema.org","@graph":[{"@type":"Article","@id":"https:\/\/www.muyjujuy.com\/index.php\/2022\/08\/10\/morales-acompano-a-la-comunidad-de-calilegua-en-las-honras-a-san-lorenzo\/#article","isPartOf":{"@id":"https:\/\/www.muyjujuy.com\/index.php\/2022\/08\/10\/morales-acompano-a-la-comunidad-de-calilegua-en-las-honras-a-san-lorenzo\/"},"author":{"name":"Redacci\u00f3n Muy Jujuy","@id":"https:\/\/www.muyjujuy.com\/#\/schema\/person\/1d0f6e223ccea9e3f9034c1a5b683bf2"},"headline":"Morales acompa\u00f1\u00f3 a la comunidad de Calilegua en las honras a San Lorenzo","datePublished":"2022-08-10T21:46:27+00:00","dateModified":"2022-08-10T21:46:30+00:00","mainEntityOfPage":{"@id":"https:\/\/www.muyjujuy.com\/index.php\/2022\/08\/10\/morales-acompano-a-la-comunidad-de-calilegua-en-las-honras-a-san-lorenzo\/"},"wordCount":335,"commentCount":0,"publisher":{"@id":"https:\/\/www.muyjujuy.com\/#organization"},"image":{"@id":"https:\/\/www.muyjujuy.com\/index.php\/2022\/08\/10\/morales-acompano-a-la-comunidad-de-calilegua-en-las-honras-a-san-lorenzo\/#primaryimage"},"thumbnailUrl":"https:\/\/www.muyjujuy.com\/wp-content\/uploads\/2022\/08\/WhatsApp-Image-2022-08-10-at-6.32.23-PM-1.jpeg","keywords":["Gerardo Morales","Jujuy"],"articleSection":["Pol\u00edtica"],"inLanguage":"es-AR","potentialAction":[{"@type":"CommentAction","name":"Comment","target":["https:\/\/www.muyjujuy.com\/index.php\/2022\/08\/10\/morales-acompano-a-la-comunidad-de-calilegua-en-las-honras-a-san-lorenzo\/#respond"]}]},{"@type":"WebPage","@id":"https:\/\/www.muyjujuy.com\/index.php\/2022\/08\/10\/morales-acompano-a-la-comunidad-de-calilegua-en-las-honras-a-san-lorenzo\/","url":"https:\/\/www.muyjujuy.com\/index.php\/2022\/08\/10\/morales-acompano-a-la-comunidad-de-calilegua-en-las-honras-a-san-lorenzo\/","name":"Morales acompa\u00f1\u00f3 a la comunidad de Calilegua en las honras a San Lorenzo - Muy Jujuy","isPartOf":{"@id":"https:\/\/www.muyjujuy.com\/#website"},"primaryImageOfPage":{"@id":"https:\/\/www.muyjujuy.com\/index.php\/2022\/08\/10\/morales-acompano-a-la-comunidad-de-calilegua-en-las-honras-a-san-lorenzo\/#primaryimage"},"image":{"@id":"https:\/\/www.muyjujuy.com\/index.php\/2022\/08\/10\/morales-acompano-a-la-comunidad-de-calilegua-en-las-honras-a-san-lorenzo\/#primaryimage"},"thumbnailUrl":"https:\/\/www.muyjujuy.com\/wp-content\/uploads\/2022\/08\/WhatsApp-Image-2022-08-10-at-6.32.23-PM-1.jpeg","datePublished":"2022-08-10T21:46:27+00:00","dateModified":"2022-08-10T21:46:30+00:00","description":"El gobernador de Jujuy, Gerardo Morales, particip\u00f3 de los festejos patronales en honor a San Lorenzo en Calileguay ratific\u00f3 su compromiso con la comunidad.","breadcrumb":{"@id":"https:\/\/www.muyjujuy.com\/index.php\/2022\/08\/10\/morales-acompano-a-la-comunidad-de-calilegua-en-las-honras-a-san-lorenzo\/#breadcrumb"},"inLanguage":"es-AR","potentialAction":[{"@type":"ReadAction","target":["https:\/\/www.muyjujuy.com\/index.php\/2022\/08\/10\/morales-acompano-a-la-comunidad-de-calilegua-en-las-honras-a-san-lorenzo\/"]}]},{"@type":"ImageObject","inLanguage":"es-AR","@id":"https:\/\/www.muyjujuy.com\/index.php\/2022\/08\/10\/morales-acompano-a-la-comunidad-de-calilegua-en-las-honras-a-san-lorenzo\/#primaryimage","url":"https:\/\/www.muyjujuy.com\/wp-content\/uploads\/2022\/08\/WhatsApp-Image-2022-08-10-at-6.32.23-PM-1.jpeg","contentUrl":"https:\/\/www.muyjujuy.com\/wp-content\/uploads\/2022\/08\/WhatsApp-Image-2022-08-10-at-6.32.23-PM-1.jpeg","width":1200,"height":788},{"@type":"BreadcrumbList","@id":"https:\/\/www.muyjujuy.com\/index.php\/2022\/08\/10\/morales-acompano-a-la-comunidad-de-calilegua-en-las-honras-a-san-lorenzo\/#breadcrumb","itemListElement":[{"@type":"ListItem","position":1,"name":"Inicio","item":"https:\/\/www.muyjujuy.com\/"},{"@type":"ListItem","position":2,"name":"Morales acompa\u00f1\u00f3 a la comunidad de Calilegua en las honras a San Lorenzo"}]},{"@type":"WebSite","@id":"https:\/\/www.muyjujuy.com\/#website","url":"https:\/\/www.muyjujuy.com\/","name":"Muy Jujuy","description":"","publisher":{"@id":"https:\/\/www.muyjujuy.com\/#organization"},"potentialAction":[{"@type":"SearchAction","target":{"@type":"EntryPoint","urlTemplate":"https:\/\/www.muyjujuy.com\/?s={search_term_string}"},"query-input":{"@type":"PropertyValueSpecification","valueRequired":true,"valueName":"search_term_string"}}],"inLanguage":"es-AR"},{"@type":"Organization","@id":"https:\/\/www.muyjujuy.com\/#organization","name":"Muy Jujuy","url":"https:\/\/www.muyjujuy.com\/","logo":{"@type":"ImageObject","inLanguage":"es-AR","@id":"https:\/\/www.muyjujuy.com\/#\/schema\/logo\/image\/","url":"http:\/\/www.muyjujuy.com\/wp-content\/uploads\/2022\/05\/logo-mobil-jujuy.png","contentUrl":"http:\/\/www.muyjujuy.com\/wp-content\/uploads\/2022\/05\/logo-mobil-jujuy.png","width":174,"height":81,"caption":"Muy Jujuy"},"image":{"@id":"https:\/\/www.muyjujuy.com\/#\/schema\/logo\/image\/"},"sameAs":["https:\/\/www.facebook.com\/muyjujuycom","https:\/\/x.com\/muyjujuy","https:\/\/www.instagram.com\/muyjujuycom"]},{"@type":"Person","@id":"https:\/\/www.muyjujuy.com\/#\/schema\/person\/1d0f6e223ccea9e3f9034c1a5b683bf2","name":"Redacci\u00f3n Muy Jujuy","image":{"@type":"ImageObject","inLanguage":"es-AR","@id":"https:\/\/secure.gravatar.com\/avatar\/fec5f6f1893d741ed5eecccff109ce43e67a855411202a3212a058cb8e5c27d4?s=96&d=mm&r=g","url":"https:\/\/secure.gravatar.com\/avatar\/fec5f6f1893d741ed5eecccff109ce43e67a855411202a3212a058cb8e5c27d4?s=96&d=mm&r=g","contentUrl":"https:\/\/secure.gravatar.com\/avatar\/fec5f6f1893d741ed5eecccff109ce43e67a855411202a3212a058cb8e5c27d4?s=96&d=mm&r=g","caption":"Redacci\u00f3n Muy Jujuy"},"url":"https:\/\/www.muyjujuy.com\/index.php\/author\/editor\/"}]}},"_links":{"self":[{"href":"https:\/\/www.muyjujuy.com\/index.php\/wp-json\/wp\/v2\/posts\/1159","targetHints":{"allow":["GET"]}}],"collection":[{"href":"https:\/\/www.muyjujuy.com\/index.php\/wp-json\/wp\/v2\/posts"}],"about":[{"href":"https:\/\/www.muyjujuy.com\/index.php\/wp-json\/wp\/v2\/types\/post"}],"author":[{"embeddable":true,"href":"https:\/\/www.muyjujuy.com\/index.php\/wp-json\/wp\/v2\/users\/3"}],"replies":[{"embeddable":true,"href":"https:\/\/www.muyjujuy.com\/index.php\/wp-json\/wp\/v2\/comments?post=1159"}],"version-history":[{"count":1,"href":"https:\/\/www.muyjujuy.com\/index.php\/wp-json\/wp\/v2\/posts\/1159\/revisions"}],"predecessor-version":[{"id":1161,"href":"https:\/\/www.muyjujuy.com\/index.php\/wp-json\/wp\/v2\/posts\/1159\/revisions\/1161"}],"wp:featuredmedia":[{"embeddable":true,"href":"https:\/\/www.muyjujuy.com\/index.php\/wp-json\/wp\/v2\/media\/1160"}],"wp:attachment":[{"href":"https:\/\/www.muyjujuy.com\/index.php\/wp-json\/wp\/v2\/media?parent=1159"}],"wp:term":[{"taxonomy":"category","embeddable":true,"href":"https:\/\/www.muyjujuy.com\/index.php\/wp-json\/wp\/v2\/categories?post=1159"},{"taxonomy":"post_tag","embeddable":true,"href":"https:\/\/www.muyjujuy.com\/index.php\/wp-json\/wp\/v2\/tags?post=1159"}],"curies":[{"name":"wp","href":"https:\/\/api.w.org\/{rel}","templated":true}]}}