{"id":1162,"date":"2022-08-11T11:40:52","date_gmt":"2022-08-11T14:40:52","guid":{"rendered":"https:\/\/www.muyjujuy.com\/?p=1162"},"modified":"2022-08-11T11:40:55","modified_gmt":"2022-08-11T14:40:55","slug":"jujuy-la-legislatura-aprobo-la-designacion-de-tres-vocales-para-el-superior-tribunal-de-justicia","status":"publish","type":"post","link":"https:\/\/www.muyjujuy.com\/index.php\/2022\/08\/11\/jujuy-la-legislatura-aprobo-la-designacion-de-tres-vocales-para-el-superior-tribunal-de-justicia\/","title":{"rendered":"Jujuy: la Legislatura aprob\u00f3 la designaci\u00f3n de tres vocales para el Superior Tribunal de Justicia"},"content":{"rendered":"\n<p><em>Los tres vocales para el Tribunal de Justicia juje\u00f1o fueron designados por mayor\u00eda del oficialismo y parte del peronismo.<\/em><\/p>\n\n\n\n<p>La Legislatura juje\u00f1a aprob\u00f3 <strong>por amplia mayor\u00eda <\/strong>los pedidos de acuerdo de Ejecutivo para <strong>la designaci\u00f3n de tres vocales para el Superior Tribunal de Justicia de la provincia<\/strong>, tras las renuncias de los jueces supremos <strong>Sergio Gonz\u00e1lez, Langhe de Falcone y Beatriz Altamirano.<\/strong><\/p>\n\n\n\n<p>Los diputados del espacio oficialista Frente Cambia Jujuy y el Partido Justicialista fueron clave para prestar el acuerdo requerido en la tercera sesi\u00f3n especial. Se designaron como nuevos jueces a <strong>Mariano Miranda, Mar\u00eda Eugenia Nieva y Mart\u00edn Llamas.<\/strong><\/p>\n\n\n\n<p><strong>Miranda viene de desempe\u00f1arse desde el 2015 como Fiscal de Estado provincial<\/strong>. Es ex apoderado de la UCR. En tanto, <strong>Llamas fue apoderado del Partido Justicialista en Jujuy<\/strong>. Y Nieva fue diputada provincial por la UCR.<\/p>\n\n\n\n<p>El cuerpo parlamentario tambi\u00e9n aprob\u00f3 los acuerdos para designar -conforme a concursos- a <strong>Daniel Camu<\/strong>, como juez del Tribunal del Trabajo de San Salvador de Jujuy; <strong>a Diego Rivas<\/strong>, como juez del Tribunal del Trabajo Sala II \u2013 Vocal\u00eda N\u00ba 6 de San Salvador de Jujuy. <\/p>\n\n\n\n<p>Tambi\u00e9n designaron a <strong>Mar\u00eda Cecilia Rodr\u00edguez<\/strong>, como juez del Tribunal del Trabajo Sala lll \u2013 Vocal\u00eda N\u00ba 7; y <strong>a Andrea Quintos<\/strong>, como juez del Tribunal del Trabajo Sala IV \u2013 Vocal\u00eda N\u00ba 10 de San Pedro de Jujuy.<\/p>\n\n\n\n<p>Adem\u00e1s, se pidi\u00f3 designar a <strong>Mar\u00eda Luisa Arias<\/strong>, como juez del Tribunal de Familia de San Salvador de Jujuy; a <strong>Cristian Molina<\/strong>, como juez de Primera Instancia especializado en Violencia de G\u00e9nero de Ciudad Perico; y a Claudia Moreno, como juez de Primera Instancia especializado en Violencia de G\u00e9nero de Libertador General San Mart\u00edn.<\/p>\n\n\n\n<p>El Ejecutivo juje\u00f1o pidi\u00f3 adem\u00e1s designar como Auditor General de Gesti\u00f3n del Ministerio P\u00fablico de la Acusaci\u00f3n al abogado <strong>Esteban Fado Zamar;<\/strong> como Defensora General del Ministerio P\u00fablico de la Defensa Civil, a <strong>Olga Ivacevich<\/strong> y como Defensor Adjunto de ese ministerio, a Guido Luna.<\/p>\n","protected":false},"excerpt":{"rendered":"<p>Los tres vocales para el Tribunal de Justicia juje\u00f1o fueron designados por mayor\u00eda del oficialismo y parte del peronismo. La Legislatura juje\u00f1a aprob\u00f3 por amplia mayor\u00eda los pedidos de acuerdo de Ejecutivo para la designaci\u00f3n de tres vocales para el Superior Tribunal de Justicia de la provincia, tras las renuncias de los jueces supremos Sergio [&hellip;]<\/p>\n","protected":false},"author":3,"featured_media":1163,"comment_status":"open","ping_status":"open","sticky":false,"template":"","format":"standard","meta":{"footnotes":""},"categories":[24],"tags":[5,8],"class_list":{"0":"post-1162","1":"post","2":"type-post","3":"status-publish","4":"format-standard","5":"has-post-thumbnail","7":"category-politica","8":"tag-gerardo-morales","9":"tag-jujuy"},"yoast_head":"<!-- This site is optimized with the Yoast SEO plugin v27.5 - https:\/\/yoast.com\/product\/yoast-seo-wordpress\/ -->\n<title>Jujuy: la Legislatura aprob\u00f3 la designaci\u00f3n de tres vocales para el Superior Tribunal de Justicia - Muy Jujuy<\/title>\n<meta name=\"description\" content=\"La Legislatura juje\u00f1a aprob\u00f3 los pedidos de acuerdo de Ejecutivo para la designaci\u00f3n de tres vocales para el Superior Tribunal de Justicia de la provincia\" \/>\n<meta name=\"robots\" content=\"index, follow, max-snippet:-1, max-image-preview:large, max-video-preview:-1\" \/>\n<link rel=\"canonical\" href=\"https:\/\/www.muyjujuy.com\/index.php\/2022\/08\/11\/jujuy-la-legislatura-aprobo-la-designacion-de-tres-vocales-para-el-superior-tribunal-de-justicia\/\" \/>\n<meta property=\"og:locale\" content=\"es_ES\" \/>\n<meta property=\"og:type\" content=\"article\" \/>\n<meta property=\"og:title\" content=\"Jujuy: la Legislatura aprob\u00f3 la designaci\u00f3n de tres vocales para el Superior Tribunal de Justicia - Muy Jujuy\" \/>\n<meta property=\"og:description\" content=\"La Legislatura juje\u00f1a aprob\u00f3 los pedidos de acuerdo de Ejecutivo para la designaci\u00f3n de tres vocales para el Superior Tribunal de Justicia de la provincia\" \/>\n<meta property=\"og:url\" content=\"https:\/\/www.muyjujuy.com\/index.php\/2022\/08\/11\/jujuy-la-legislatura-aprobo-la-designacion-de-tres-vocales-para-el-superior-tribunal-de-justicia\/\" \/>\n<meta property=\"og:site_name\" content=\"Muy Jujuy\" \/>\n<meta property=\"article:publisher\" content=\"https:\/\/www.facebook.com\/muyjujuycom\" \/>\n<meta property=\"article:published_time\" content=\"2022-08-11T14:40:52+00:00\" \/>\n<meta property=\"article:modified_time\" content=\"2022-08-11T14:40:55+00:00\" \/>\n<meta property=\"og:image\" content=\"https:\/\/www.muyjujuy.com\/wp-content\/uploads\/2022\/08\/WhatsApp-Image-2022-08-11-at-11.37.28-AM.jpeg\" \/>\n\t<meta property=\"og:image:width\" content=\"575\" \/>\n\t<meta property=\"og:image:height\" content=\"324\" \/>\n\t<meta property=\"og:image:type\" content=\"image\/jpeg\" \/>\n<meta name=\"author\" content=\"Redacci\u00f3n Muy Jujuy\" \/>\n<meta name=\"twitter:card\" content=\"summary_large_image\" \/>\n<meta name=\"twitter:creator\" content=\"@muyjujuy\" \/>\n<meta name=\"twitter:site\" content=\"@muyjujuy\" \/>\n<meta name=\"twitter:label1\" content=\"Escrito por\" \/>\n\t<meta name=\"twitter:data1\" content=\"Redacci\u00f3n Muy Jujuy\" \/>\n\t<meta name=\"twitter:label2\" content=\"Tiempo de lectura\" \/>\n\t<meta name=\"twitter:data2\" content=\"2 minutos\" \/>\n<script type=\"application\/ld+json\" class=\"yoast-schema-graph\">{\"@context\":\"https:\\\/\\\/schema.org\",\"@graph\":[{\"@type\":\"Article\",\"@id\":\"https:\\\/\\\/www.muyjujuy.com\\\/index.php\\\/2022\\\/08\\\/11\\\/jujuy-la-legislatura-aprobo-la-designacion-de-tres-vocales-para-el-superior-tribunal-de-justicia\\\/#article\",\"isPartOf\":{\"@id\":\"https:\\\/\\\/www.muyjujuy.com\\\/index.php\\\/2022\\\/08\\\/11\\\/jujuy-la-legislatura-aprobo-la-designacion-de-tres-vocales-para-el-superior-tribunal-de-justicia\\\/\"},\"author\":{\"name\":\"Redacci\u00f3n Muy Jujuy\",\"@id\":\"https:\\\/\\\/www.muyjujuy.com\\\/#\\\/schema\\\/person\\\/1d0f6e223ccea9e3f9034c1a5b683bf2\"},\"headline\":\"Jujuy: la Legislatura aprob\u00f3 la designaci\u00f3n de tres vocales para el Superior Tribunal de Justicia\",\"datePublished\":\"2022-08-11T14:40:52+00:00\",\"dateModified\":\"2022-08-11T14:40:55+00:00\",\"mainEntityOfPage\":{\"@id\":\"https:\\\/\\\/www.muyjujuy.com\\\/index.php\\\/2022\\\/08\\\/11\\\/jujuy-la-legislatura-aprobo-la-designacion-de-tres-vocales-para-el-superior-tribunal-de-justicia\\\/\"},\"wordCount\":357,\"commentCount\":0,\"publisher\":{\"@id\":\"https:\\\/\\\/www.muyjujuy.com\\\/#organization\"},\"image\":{\"@id\":\"https:\\\/\\\/www.muyjujuy.com\\\/index.php\\\/2022\\\/08\\\/11\\\/jujuy-la-legislatura-aprobo-la-designacion-de-tres-vocales-para-el-superior-tribunal-de-justicia\\\/#primaryimage\"},\"thumbnailUrl\":\"https:\\\/\\\/www.muyjujuy.com\\\/wp-content\\\/uploads\\\/2022\\\/08\\\/WhatsApp-Image-2022-08-11-at-11.37.28-AM.jpeg\",\"keywords\":[\"Gerardo Morales\",\"Jujuy\"],\"articleSection\":[\"Pol\u00edtica\"],\"inLanguage\":\"es-AR\",\"potentialAction\":[{\"@type\":\"CommentAction\",\"name\":\"Comment\",\"target\":[\"https:\\\/\\\/www.muyjujuy.com\\\/index.php\\\/2022\\\/08\\\/11\\\/jujuy-la-legislatura-aprobo-la-designacion-de-tres-vocales-para-el-superior-tribunal-de-justicia\\\/#respond\"]}]},{\"@type\":\"WebPage\",\"@id\":\"https:\\\/\\\/www.muyjujuy.com\\\/index.php\\\/2022\\\/08\\\/11\\\/jujuy-la-legislatura-aprobo-la-designacion-de-tres-vocales-para-el-superior-tribunal-de-justicia\\\/\",\"url\":\"https:\\\/\\\/www.muyjujuy.com\\\/index.php\\\/2022\\\/08\\\/11\\\/jujuy-la-legislatura-aprobo-la-designacion-de-tres-vocales-para-el-superior-tribunal-de-justicia\\\/\",\"name\":\"Jujuy: la Legislatura aprob\u00f3 la designaci\u00f3n de tres vocales para el Superior Tribunal de Justicia - Muy Jujuy\",\"isPartOf\":{\"@id\":\"https:\\\/\\\/www.muyjujuy.com\\\/#website\"},\"primaryImageOfPage\":{\"@id\":\"https:\\\/\\\/www.muyjujuy.com\\\/index.php\\\/2022\\\/08\\\/11\\\/jujuy-la-legislatura-aprobo-la-designacion-de-tres-vocales-para-el-superior-tribunal-de-justicia\\\/#primaryimage\"},\"image\":{\"@id\":\"https:\\\/\\\/www.muyjujuy.com\\\/index.php\\\/2022\\\/08\\\/11\\\/jujuy-la-legislatura-aprobo-la-designacion-de-tres-vocales-para-el-superior-tribunal-de-justicia\\\/#primaryimage\"},\"thumbnailUrl\":\"https:\\\/\\\/www.muyjujuy.com\\\/wp-content\\\/uploads\\\/2022\\\/08\\\/WhatsApp-Image-2022-08-11-at-11.37.28-AM.jpeg\",\"datePublished\":\"2022-08-11T14:40:52+00:00\",\"dateModified\":\"2022-08-11T14:40:55+00:00\",\"description\":\"La Legislatura juje\u00f1a aprob\u00f3 los pedidos de acuerdo de Ejecutivo para la designaci\u00f3n de tres vocales para el Superior Tribunal de Justicia de la provincia\",\"breadcrumb\":{\"@id\":\"https:\\\/\\\/www.muyjujuy.com\\\/index.php\\\/2022\\\/08\\\/11\\\/jujuy-la-legislatura-aprobo-la-designacion-de-tres-vocales-para-el-superior-tribunal-de-justicia\\\/#breadcrumb\"},\"inLanguage\":\"es-AR\",\"potentialAction\":[{\"@type\":\"ReadAction\",\"target\":[\"https:\\\/\\\/www.muyjujuy.com\\\/index.php\\\/2022\\\/08\\\/11\\\/jujuy-la-legislatura-aprobo-la-designacion-de-tres-vocales-para-el-superior-tribunal-de-justicia\\\/\"]}]},{\"@type\":\"ImageObject\",\"inLanguage\":\"es-AR\",\"@id\":\"https:\\\/\\\/www.muyjujuy.com\\\/index.php\\\/2022\\\/08\\\/11\\\/jujuy-la-legislatura-aprobo-la-designacion-de-tres-vocales-para-el-superior-tribunal-de-justicia\\\/#primaryimage\",\"url\":\"https:\\\/\\\/www.muyjujuy.com\\\/wp-content\\\/uploads\\\/2022\\\/08\\\/WhatsApp-Image-2022-08-11-at-11.37.28-AM.jpeg\",\"contentUrl\":\"https:\\\/\\\/www.muyjujuy.com\\\/wp-content\\\/uploads\\\/2022\\\/08\\\/WhatsApp-Image-2022-08-11-at-11.37.28-AM.jpeg\",\"width\":575,\"height\":324},{\"@type\":\"BreadcrumbList\",\"@id\":\"https:\\\/\\\/www.muyjujuy.com\\\/index.php\\\/2022\\\/08\\\/11\\\/jujuy-la-legislatura-aprobo-la-designacion-de-tres-vocales-para-el-superior-tribunal-de-justicia\\\/#breadcrumb\",\"itemListElement\":[{\"@type\":\"ListItem\",\"position\":1,\"name\":\"Inicio\",\"item\":\"https:\\\/\\\/www.muyjujuy.com\\\/\"},{\"@type\":\"ListItem\",\"position\":2,\"name\":\"Jujuy: la Legislatura aprob\u00f3 la designaci\u00f3n de tres vocales para el Superior Tribunal de Justicia\"}]},{\"@type\":\"WebSite\",\"@id\":\"https:\\\/\\\/www.muyjujuy.com\\\/#website\",\"url\":\"https:\\\/\\\/www.muyjujuy.com\\\/\",\"name\":\"Muy Jujuy\",\"description\":\"\",\"publisher\":{\"@id\":\"https:\\\/\\\/www.muyjujuy.com\\\/#organization\"},\"potentialAction\":[{\"@type\":\"SearchAction\",\"target\":{\"@type\":\"EntryPoint\",\"urlTemplate\":\"https:\\\/\\\/www.muyjujuy.com\\\/?s={search_term_string}\"},\"query-input\":{\"@type\":\"PropertyValueSpecification\",\"valueRequired\":true,\"valueName\":\"search_term_string\"}}],\"inLanguage\":\"es-AR\"},{\"@type\":\"Organization\",\"@id\":\"https:\\\/\\\/www.muyjujuy.com\\\/#organization\",\"name\":\"Muy Jujuy\",\"url\":\"https:\\\/\\\/www.muyjujuy.com\\\/\",\"logo\":{\"@type\":\"ImageObject\",\"inLanguage\":\"es-AR\",\"@id\":\"https:\\\/\\\/www.muyjujuy.com\\\/#\\\/schema\\\/logo\\\/image\\\/\",\"url\":\"http:\\\/\\\/www.muyjujuy.com\\\/wp-content\\\/uploads\\\/2022\\\/05\\\/logo-mobil-jujuy.png\",\"contentUrl\":\"http:\\\/\\\/www.muyjujuy.com\\\/wp-content\\\/uploads\\\/2022\\\/05\\\/logo-mobil-jujuy.png\",\"width\":174,\"height\":81,\"caption\":\"Muy Jujuy\"},\"image\":{\"@id\":\"https:\\\/\\\/www.muyjujuy.com\\\/#\\\/schema\\\/logo\\\/image\\\/\"},\"sameAs\":[\"https:\\\/\\\/www.facebook.com\\\/muyjujuycom\",\"https:\\\/\\\/x.com\\\/muyjujuy\",\"https:\\\/\\\/www.instagram.com\\\/muyjujuycom\"]},{\"@type\":\"Person\",\"@id\":\"https:\\\/\\\/www.muyjujuy.com\\\/#\\\/schema\\\/person\\\/1d0f6e223ccea9e3f9034c1a5b683bf2\",\"name\":\"Redacci\u00f3n Muy Jujuy\",\"image\":{\"@type\":\"ImageObject\",\"inLanguage\":\"es-AR\",\"@id\":\"https:\\\/\\\/secure.gravatar.com\\\/avatar\\\/fec5f6f1893d741ed5eecccff109ce43e67a855411202a3212a058cb8e5c27d4?s=96&d=mm&r=g\",\"url\":\"https:\\\/\\\/secure.gravatar.com\\\/avatar\\\/fec5f6f1893d741ed5eecccff109ce43e67a855411202a3212a058cb8e5c27d4?s=96&d=mm&r=g\",\"contentUrl\":\"https:\\\/\\\/secure.gravatar.com\\\/avatar\\\/fec5f6f1893d741ed5eecccff109ce43e67a855411202a3212a058cb8e5c27d4?s=96&d=mm&r=g\",\"caption\":\"Redacci\u00f3n Muy Jujuy\"},\"url\":\"https:\\\/\\\/www.muyjujuy.com\\\/index.php\\\/author\\\/editor\\\/\"}]}<\/script>\n<!-- \/ Yoast SEO plugin. -->","yoast_head_json":{"title":"Jujuy: la Legislatura aprob\u00f3 la designaci\u00f3n de tres vocales para el Superior Tribunal de Justicia - Muy Jujuy","description":"La Legislatura juje\u00f1a aprob\u00f3 los pedidos de acuerdo de Ejecutivo para la designaci\u00f3n de tres vocales para el Superior Tribunal de Justicia de la provincia","robots":{"index":"index","follow":"follow","max-snippet":"max-snippet:-1","max-image-preview":"max-image-preview:large","max-video-preview":"max-video-preview:-1"},"canonical":"https:\/\/www.muyjujuy.com\/index.php\/2022\/08\/11\/jujuy-la-legislatura-aprobo-la-designacion-de-tres-vocales-para-el-superior-tribunal-de-justicia\/","og_locale":"es_ES","og_type":"article","og_title":"Jujuy: la Legislatura aprob\u00f3 la designaci\u00f3n de tres vocales para el Superior Tribunal de Justicia - Muy Jujuy","og_description":"La Legislatura juje\u00f1a aprob\u00f3 los pedidos de acuerdo de Ejecutivo para la designaci\u00f3n de tres vocales para el Superior Tribunal de Justicia de la provincia","og_url":"https:\/\/www.muyjujuy.com\/index.php\/2022\/08\/11\/jujuy-la-legislatura-aprobo-la-designacion-de-tres-vocales-para-el-superior-tribunal-de-justicia\/","og_site_name":"Muy Jujuy","article_publisher":"https:\/\/www.facebook.com\/muyjujuycom","article_published_time":"2022-08-11T14:40:52+00:00","article_modified_time":"2022-08-11T14:40:55+00:00","og_image":[{"width":575,"height":324,"url":"https:\/\/www.muyjujuy.com\/wp-content\/uploads\/2022\/08\/WhatsApp-Image-2022-08-11-at-11.37.28-AM.jpeg","type":"image\/jpeg"}],"author":"Redacci\u00f3n Muy Jujuy","twitter_card":"summary_large_image","twitter_creator":"@muyjujuy","twitter_site":"@muyjujuy","twitter_misc":{"Escrito por":"Redacci\u00f3n Muy Jujuy","Tiempo de lectura":"2 minutos"},"schema":{"@context":"https:\/\/schema.org","@graph":[{"@type":"Article","@id":"https:\/\/www.muyjujuy.com\/index.php\/2022\/08\/11\/jujuy-la-legislatura-aprobo-la-designacion-de-tres-vocales-para-el-superior-tribunal-de-justicia\/#article","isPartOf":{"@id":"https:\/\/www.muyjujuy.com\/index.php\/2022\/08\/11\/jujuy-la-legislatura-aprobo-la-designacion-de-tres-vocales-para-el-superior-tribunal-de-justicia\/"},"author":{"name":"Redacci\u00f3n Muy Jujuy","@id":"https:\/\/www.muyjujuy.com\/#\/schema\/person\/1d0f6e223ccea9e3f9034c1a5b683bf2"},"headline":"Jujuy: la Legislatura aprob\u00f3 la designaci\u00f3n de tres vocales para el Superior Tribunal de Justicia","datePublished":"2022-08-11T14:40:52+00:00","dateModified":"2022-08-11T14:40:55+00:00","mainEntityOfPage":{"@id":"https:\/\/www.muyjujuy.com\/index.php\/2022\/08\/11\/jujuy-la-legislatura-aprobo-la-designacion-de-tres-vocales-para-el-superior-tribunal-de-justicia\/"},"wordCount":357,"commentCount":0,"publisher":{"@id":"https:\/\/www.muyjujuy.com\/#organization"},"image":{"@id":"https:\/\/www.muyjujuy.com\/index.php\/2022\/08\/11\/jujuy-la-legislatura-aprobo-la-designacion-de-tres-vocales-para-el-superior-tribunal-de-justicia\/#primaryimage"},"thumbnailUrl":"https:\/\/www.muyjujuy.com\/wp-content\/uploads\/2022\/08\/WhatsApp-Image-2022-08-11-at-11.37.28-AM.jpeg","keywords":["Gerardo Morales","Jujuy"],"articleSection":["Pol\u00edtica"],"inLanguage":"es-AR","potentialAction":[{"@type":"CommentAction","name":"Comment","target":["https:\/\/www.muyjujuy.com\/index.php\/2022\/08\/11\/jujuy-la-legislatura-aprobo-la-designacion-de-tres-vocales-para-el-superior-tribunal-de-justicia\/#respond"]}]},{"@type":"WebPage","@id":"https:\/\/www.muyjujuy.com\/index.php\/2022\/08\/11\/jujuy-la-legislatura-aprobo-la-designacion-de-tres-vocales-para-el-superior-tribunal-de-justicia\/","url":"https:\/\/www.muyjujuy.com\/index.php\/2022\/08\/11\/jujuy-la-legislatura-aprobo-la-designacion-de-tres-vocales-para-el-superior-tribunal-de-justicia\/","name":"Jujuy: la Legislatura aprob\u00f3 la designaci\u00f3n de tres vocales para el Superior Tribunal de Justicia - Muy Jujuy","isPartOf":{"@id":"https:\/\/www.muyjujuy.com\/#website"},"primaryImageOfPage":{"@id":"https:\/\/www.muyjujuy.com\/index.php\/2022\/08\/11\/jujuy-la-legislatura-aprobo-la-designacion-de-tres-vocales-para-el-superior-tribunal-de-justicia\/#primaryimage"},"image":{"@id":"https:\/\/www.muyjujuy.com\/index.php\/2022\/08\/11\/jujuy-la-legislatura-aprobo-la-designacion-de-tres-vocales-para-el-superior-tribunal-de-justicia\/#primaryimage"},"thumbnailUrl":"https:\/\/www.muyjujuy.com\/wp-content\/uploads\/2022\/08\/WhatsApp-Image-2022-08-11-at-11.37.28-AM.jpeg","datePublished":"2022-08-11T14:40:52+00:00","dateModified":"2022-08-11T14:40:55+00:00","description":"La Legislatura juje\u00f1a aprob\u00f3 los pedidos de acuerdo de Ejecutivo para la designaci\u00f3n de tres vocales para el Superior Tribunal de Justicia de la provincia","breadcrumb":{"@id":"https:\/\/www.muyjujuy.com\/index.php\/2022\/08\/11\/jujuy-la-legislatura-aprobo-la-designacion-de-tres-vocales-para-el-superior-tribunal-de-justicia\/#breadcrumb"},"inLanguage":"es-AR","potentialAction":[{"@type":"ReadAction","target":["https:\/\/www.muyjujuy.com\/index.php\/2022\/08\/11\/jujuy-la-legislatura-aprobo-la-designacion-de-tres-vocales-para-el-superior-tribunal-de-justicia\/"]}]},{"@type":"ImageObject","inLanguage":"es-AR","@id":"https:\/\/www.muyjujuy.com\/index.php\/2022\/08\/11\/jujuy-la-legislatura-aprobo-la-designacion-de-tres-vocales-para-el-superior-tribunal-de-justicia\/#primaryimage","url":"https:\/\/www.muyjujuy.com\/wp-content\/uploads\/2022\/08\/WhatsApp-Image-2022-08-11-at-11.37.28-AM.jpeg","contentUrl":"https:\/\/www.muyjujuy.com\/wp-content\/uploads\/2022\/08\/WhatsApp-Image-2022-08-11-at-11.37.28-AM.jpeg","width":575,"height":324},{"@type":"BreadcrumbList","@id":"https:\/\/www.muyjujuy.com\/index.php\/2022\/08\/11\/jujuy-la-legislatura-aprobo-la-designacion-de-tres-vocales-para-el-superior-tribunal-de-justicia\/#breadcrumb","itemListElement":[{"@type":"ListItem","position":1,"name":"Inicio","item":"https:\/\/www.muyjujuy.com\/"},{"@type":"ListItem","position":2,"name":"Jujuy: la Legislatura aprob\u00f3 la designaci\u00f3n de tres vocales para el Superior Tribunal de Justicia"}]},{"@type":"WebSite","@id":"https:\/\/www.muyjujuy.com\/#website","url":"https:\/\/www.muyjujuy.com\/","name":"Muy Jujuy","description":"","publisher":{"@id":"https:\/\/www.muyjujuy.com\/#organization"},"potentialAction":[{"@type":"SearchAction","target":{"@type":"EntryPoint","urlTemplate":"https:\/\/www.muyjujuy.com\/?s={search_term_string}"},"query-input":{"@type":"PropertyValueSpecification","valueRequired":true,"valueName":"search_term_string"}}],"inLanguage":"es-AR"},{"@type":"Organization","@id":"https:\/\/www.muyjujuy.com\/#organization","name":"Muy Jujuy","url":"https:\/\/www.muyjujuy.com\/","logo":{"@type":"ImageObject","inLanguage":"es-AR","@id":"https:\/\/www.muyjujuy.com\/#\/schema\/logo\/image\/","url":"http:\/\/www.muyjujuy.com\/wp-content\/uploads\/2022\/05\/logo-mobil-jujuy.png","contentUrl":"http:\/\/www.muyjujuy.com\/wp-content\/uploads\/2022\/05\/logo-mobil-jujuy.png","width":174,"height":81,"caption":"Muy Jujuy"},"image":{"@id":"https:\/\/www.muyjujuy.com\/#\/schema\/logo\/image\/"},"sameAs":["https:\/\/www.facebook.com\/muyjujuycom","https:\/\/x.com\/muyjujuy","https:\/\/www.instagram.com\/muyjujuycom"]},{"@type":"Person","@id":"https:\/\/www.muyjujuy.com\/#\/schema\/person\/1d0f6e223ccea9e3f9034c1a5b683bf2","name":"Redacci\u00f3n Muy Jujuy","image":{"@type":"ImageObject","inLanguage":"es-AR","@id":"https:\/\/secure.gravatar.com\/avatar\/fec5f6f1893d741ed5eecccff109ce43e67a855411202a3212a058cb8e5c27d4?s=96&d=mm&r=g","url":"https:\/\/secure.gravatar.com\/avatar\/fec5f6f1893d741ed5eecccff109ce43e67a855411202a3212a058cb8e5c27d4?s=96&d=mm&r=g","contentUrl":"https:\/\/secure.gravatar.com\/avatar\/fec5f6f1893d741ed5eecccff109ce43e67a855411202a3212a058cb8e5c27d4?s=96&d=mm&r=g","caption":"Redacci\u00f3n Muy Jujuy"},"url":"https:\/\/www.muyjujuy.com\/index.php\/author\/editor\/"}]}},"_links":{"self":[{"href":"https:\/\/www.muyjujuy.com\/index.php\/wp-json\/wp\/v2\/posts\/1162","targetHints":{"allow":["GET"]}}],"collection":[{"href":"https:\/\/www.muyjujuy.com\/index.php\/wp-json\/wp\/v2\/posts"}],"about":[{"href":"https:\/\/www.muyjujuy.com\/index.php\/wp-json\/wp\/v2\/types\/post"}],"author":[{"embeddable":true,"href":"https:\/\/www.muyjujuy.com\/index.php\/wp-json\/wp\/v2\/users\/3"}],"replies":[{"embeddable":true,"href":"https:\/\/www.muyjujuy.com\/index.php\/wp-json\/wp\/v2\/comments?post=1162"}],"version-history":[{"count":1,"href":"https:\/\/www.muyjujuy.com\/index.php\/wp-json\/wp\/v2\/posts\/1162\/revisions"}],"predecessor-version":[{"id":1164,"href":"https:\/\/www.muyjujuy.com\/index.php\/wp-json\/wp\/v2\/posts\/1162\/revisions\/1164"}],"wp:featuredmedia":[{"embeddable":true,"href":"https:\/\/www.muyjujuy.com\/index.php\/wp-json\/wp\/v2\/media\/1163"}],"wp:attachment":[{"href":"https:\/\/www.muyjujuy.com\/index.php\/wp-json\/wp\/v2\/media?parent=1162"}],"wp:term":[{"taxonomy":"category","embeddable":true,"href":"https:\/\/www.muyjujuy.com\/index.php\/wp-json\/wp\/v2\/categories?post=1162"},{"taxonomy":"post_tag","embeddable":true,"href":"https:\/\/www.muyjujuy.com\/index.php\/wp-json\/wp\/v2\/tags?post=1162"}],"curies":[{"name":"wp","href":"https:\/\/api.w.org\/{rel}","templated":true}]}}