{"id":1165,"date":"2022-08-11T12:03:40","date_gmt":"2022-08-11T15:03:40","guid":{"rendered":"https:\/\/www.muyjujuy.com\/?p=1165"},"modified":"2022-08-11T12:04:03","modified_gmt":"2022-08-11T15:04:03","slug":"gerardo-morales-el-camino-es-unir-y-consolidar-juntos","status":"publish","type":"post","link":"https:\/\/www.muyjujuy.com\/index.php\/2022\/08\/11\/gerardo-morales-el-camino-es-unir-y-consolidar-juntos\/","title":{"rendered":"Gerardo Morales: &#8220;El camino es unir y consolidar Juntos&#8221;"},"content":{"rendered":"\n<p id=\"titulo_cable\"><em>El gobernador Morales le baj\u00f3 el tono a las declaraciones de Elisa Carri\u00f3 e inst\u00f3 a consolidar la unidad en Juntos por el Cambio.<\/em><\/p>\n\n\n\n<p>El gobernador de Jujuy y titular del Comit\u00e9 Nacional de la UCR, <a href=\"https:\/\/twitter.com\/GerardoMorales\"><strong>Gerardo Morales<\/strong>,<\/a> descart\u00f3 las acusaciones de Elisa Carri\u00f3 e inst\u00f3 a &#8220;unir y consolidar&#8221; la coalici\u00f3n de Juntos por el Cambio.<\/p>\n\n\n\n<p>El dirigente radical asegur\u00f3 desconocer <strong>&#8220;cu\u00e1l es la l\u00f3gica&#8221; <\/strong>que tienen las declaraciones de Carri\u00f3, al aseverar que en Juntos por el Cambio <strong>&#8220;nadie plante\u00f3&#8221; <\/strong>un acuerdo con el ministro de Econom\u00eda, <strong>Sergio Massa.<\/strong><\/p>\n\n\n\n<p>&#8220;Nadie ha planteado un acuerdo con Sergio Massa a futuro. Mi vicegobernador (Carlos Haquim) no participa ya en el Frente Renovador.<strong> Lo que dice Elisa Carri\u00f3 no es verdad.<\/strong> Tenemos sectores peronistas importantes en el Frente de Jujuy como pasa en Mendoza&#8221;, replic\u00f3 Morales en una entrevista en la radio <em>FM Urbana Play<\/em>.<\/p>\n\n\n\n<p>Morales remarc\u00f3 que <strong>&#8220;rechaza terminantemente&#8221; <\/strong>esas acusaciones y enfaitz\u00f3: &#8220;El camino es unir y consolidar&#8221; la coalici\u00f3n opositora.<\/p>\n\n\n\n<p>&#8220;Sergio Massa forma parte del Frente de Todos (FdT), que <strong>es la coalici\u00f3n a la que vamos a enfrentar porque est\u00e1n destruyendo el pa\u00eds&#8221;<\/strong>, aclar\u00f3.<\/p>\n\n\n\n<h2 class=\"wp-block-heading\"><strong>Morales de cara al 2023<\/strong><\/h2>\n\n\n\n<p>Por otro lado, el gobernador de Jujuy anticip\u00f3 que, de cara a las elecciones del 2023, <strong>habr\u00e1 en la coalici\u00f3n opositora una competencia interna entre los postulantes de la UCR y los del PRO, <\/strong>la fuerza pol\u00edtica fundada por el expresidente Mauricio Macri y que encabeza la exministra de Seguridad Patricia Bullrich.<\/p>\n\n\n\n<p><strong>&#8220;A Macri lo veo compitiendo. Creo que s\u00ed. Si ve agua en la pileta, se tira<\/strong>. Tiene todo el derecho de hacerlo. De todos modos, nosotros (el radicalismo) vamos a tener un s\u00f3lo precandidato.<strong> Tenemos que definir cu\u00e1l es el procedimiento&#8221;,<\/strong> puntualiz\u00f3.<\/p>\n","protected":false},"excerpt":{"rendered":"<p>El gobernador Morales le baj\u00f3 el tono a las declaraciones de Elisa Carri\u00f3 e inst\u00f3 a consolidar la unidad en Juntos por el Cambio. El gobernador de Jujuy y titular del Comit\u00e9 Nacional de la UCR, Gerardo Morales, descart\u00f3 las acusaciones de Elisa Carri\u00f3 e inst\u00f3 a &#8220;unir y consolidar&#8221; la coalici\u00f3n de Juntos por [&hellip;]<\/p>\n","protected":false},"author":3,"featured_media":1166,"comment_status":"open","ping_status":"open","sticky":false,"template":"","format":"standard","meta":{"footnotes":""},"categories":[24],"tags":[5,8,6],"class_list":{"0":"post-1165","1":"post","2":"type-post","3":"status-publish","4":"format-standard","5":"has-post-thumbnail","7":"category-politica","8":"tag-gerardo-morales","9":"tag-jujuy","10":"tag-juntos-por-el-cambio"},"yoast_head":"<!-- This site is optimized with the Yoast SEO plugin v27.5 - https:\/\/yoast.com\/product\/yoast-seo-wordpress\/ -->\n<title>Gerardo Morales: &quot;El camino es unir y consolidar Juntos&quot; - Muy Jujuy<\/title>\n<meta name=\"description\" content=\"El gobernador de Jujuy y titular del Comit\u00e9 Nacional de la UCR, Gerardo Morales, descart\u00f3 las acusaciones de Elisa Carri\u00f3.\" \/>\n<meta name=\"robots\" content=\"index, follow, max-snippet:-1, max-image-preview:large, max-video-preview:-1\" \/>\n<link rel=\"canonical\" href=\"https:\/\/www.muyjujuy.com\/index.php\/2022\/08\/11\/gerardo-morales-el-camino-es-unir-y-consolidar-juntos\/\" \/>\n<meta property=\"og:locale\" content=\"es_ES\" \/>\n<meta property=\"og:type\" content=\"article\" \/>\n<meta property=\"og:title\" content=\"Gerardo Morales: &quot;El camino es unir y consolidar Juntos&quot; - Muy Jujuy\" \/>\n<meta property=\"og:description\" content=\"El gobernador de Jujuy y titular del Comit\u00e9 Nacional de la UCR, Gerardo Morales, descart\u00f3 las acusaciones de Elisa Carri\u00f3.\" \/>\n<meta property=\"og:url\" content=\"https:\/\/www.muyjujuy.com\/index.php\/2022\/08\/11\/gerardo-morales-el-camino-es-unir-y-consolidar-juntos\/\" \/>\n<meta property=\"og:site_name\" content=\"Muy Jujuy\" \/>\n<meta property=\"article:publisher\" content=\"https:\/\/www.facebook.com\/muyjujuycom\" \/>\n<meta property=\"article:published_time\" content=\"2022-08-11T15:03:40+00:00\" \/>\n<meta property=\"article:modified_time\" content=\"2022-08-11T15:04:03+00:00\" \/>\n<meta property=\"og:image\" content=\"https:\/\/www.muyjujuy.com\/wp-content\/uploads\/2022\/08\/FZWx4R-WIAA2QHf.jpg\" \/>\n\t<meta property=\"og:image:width\" content=\"2048\" \/>\n\t<meta property=\"og:image:height\" content=\"1366\" \/>\n\t<meta property=\"og:image:type\" content=\"image\/jpeg\" \/>\n<meta name=\"author\" content=\"Redacci\u00f3n Muy Jujuy\" \/>\n<meta name=\"twitter:card\" content=\"summary_large_image\" \/>\n<meta name=\"twitter:creator\" content=\"@muyjujuy\" \/>\n<meta name=\"twitter:site\" content=\"@muyjujuy\" \/>\n<meta name=\"twitter:label1\" content=\"Escrito por\" \/>\n\t<meta name=\"twitter:data1\" content=\"Redacci\u00f3n Muy Jujuy\" \/>\n\t<meta name=\"twitter:label2\" content=\"Tiempo de lectura\" \/>\n\t<meta name=\"twitter:data2\" content=\"2 minutos\" \/>\n<script type=\"application\/ld+json\" class=\"yoast-schema-graph\">{\"@context\":\"https:\\\/\\\/schema.org\",\"@graph\":[{\"@type\":\"Article\",\"@id\":\"https:\\\/\\\/www.muyjujuy.com\\\/index.php\\\/2022\\\/08\\\/11\\\/gerardo-morales-el-camino-es-unir-y-consolidar-juntos\\\/#article\",\"isPartOf\":{\"@id\":\"https:\\\/\\\/www.muyjujuy.com\\\/index.php\\\/2022\\\/08\\\/11\\\/gerardo-morales-el-camino-es-unir-y-consolidar-juntos\\\/\"},\"author\":{\"name\":\"Redacci\u00f3n Muy Jujuy\",\"@id\":\"https:\\\/\\\/www.muyjujuy.com\\\/#\\\/schema\\\/person\\\/1d0f6e223ccea9e3f9034c1a5b683bf2\"},\"headline\":\"Gerardo Morales: &#8220;El camino es unir y consolidar Juntos&#8221;\",\"datePublished\":\"2022-08-11T15:03:40+00:00\",\"dateModified\":\"2022-08-11T15:04:03+00:00\",\"mainEntityOfPage\":{\"@id\":\"https:\\\/\\\/www.muyjujuy.com\\\/index.php\\\/2022\\\/08\\\/11\\\/gerardo-morales-el-camino-es-unir-y-consolidar-juntos\\\/\"},\"wordCount\":305,\"commentCount\":0,\"publisher\":{\"@id\":\"https:\\\/\\\/www.muyjujuy.com\\\/#organization\"},\"image\":{\"@id\":\"https:\\\/\\\/www.muyjujuy.com\\\/index.php\\\/2022\\\/08\\\/11\\\/gerardo-morales-el-camino-es-unir-y-consolidar-juntos\\\/#primaryimage\"},\"thumbnailUrl\":\"https:\\\/\\\/www.muyjujuy.com\\\/wp-content\\\/uploads\\\/2022\\\/08\\\/FZWx4R-WIAA2QHf.jpg\",\"keywords\":[\"Gerardo Morales\",\"Jujuy\",\"Juntos por el Cambio\"],\"articleSection\":[\"Pol\u00edtica\"],\"inLanguage\":\"es-AR\",\"potentialAction\":[{\"@type\":\"CommentAction\",\"name\":\"Comment\",\"target\":[\"https:\\\/\\\/www.muyjujuy.com\\\/index.php\\\/2022\\\/08\\\/11\\\/gerardo-morales-el-camino-es-unir-y-consolidar-juntos\\\/#respond\"]}]},{\"@type\":\"WebPage\",\"@id\":\"https:\\\/\\\/www.muyjujuy.com\\\/index.php\\\/2022\\\/08\\\/11\\\/gerardo-morales-el-camino-es-unir-y-consolidar-juntos\\\/\",\"url\":\"https:\\\/\\\/www.muyjujuy.com\\\/index.php\\\/2022\\\/08\\\/11\\\/gerardo-morales-el-camino-es-unir-y-consolidar-juntos\\\/\",\"name\":\"Gerardo Morales: \\\"El camino es unir y consolidar Juntos\\\" - Muy Jujuy\",\"isPartOf\":{\"@id\":\"https:\\\/\\\/www.muyjujuy.com\\\/#website\"},\"primaryImageOfPage\":{\"@id\":\"https:\\\/\\\/www.muyjujuy.com\\\/index.php\\\/2022\\\/08\\\/11\\\/gerardo-morales-el-camino-es-unir-y-consolidar-juntos\\\/#primaryimage\"},\"image\":{\"@id\":\"https:\\\/\\\/www.muyjujuy.com\\\/index.php\\\/2022\\\/08\\\/11\\\/gerardo-morales-el-camino-es-unir-y-consolidar-juntos\\\/#primaryimage\"},\"thumbnailUrl\":\"https:\\\/\\\/www.muyjujuy.com\\\/wp-content\\\/uploads\\\/2022\\\/08\\\/FZWx4R-WIAA2QHf.jpg\",\"datePublished\":\"2022-08-11T15:03:40+00:00\",\"dateModified\":\"2022-08-11T15:04:03+00:00\",\"description\":\"El gobernador de Jujuy y titular del Comit\u00e9 Nacional de la UCR, Gerardo Morales, descart\u00f3 las acusaciones de Elisa Carri\u00f3.\",\"breadcrumb\":{\"@id\":\"https:\\\/\\\/www.muyjujuy.com\\\/index.php\\\/2022\\\/08\\\/11\\\/gerardo-morales-el-camino-es-unir-y-consolidar-juntos\\\/#breadcrumb\"},\"inLanguage\":\"es-AR\",\"potentialAction\":[{\"@type\":\"ReadAction\",\"target\":[\"https:\\\/\\\/www.muyjujuy.com\\\/index.php\\\/2022\\\/08\\\/11\\\/gerardo-morales-el-camino-es-unir-y-consolidar-juntos\\\/\"]}]},{\"@type\":\"ImageObject\",\"inLanguage\":\"es-AR\",\"@id\":\"https:\\\/\\\/www.muyjujuy.com\\\/index.php\\\/2022\\\/08\\\/11\\\/gerardo-morales-el-camino-es-unir-y-consolidar-juntos\\\/#primaryimage\",\"url\":\"https:\\\/\\\/www.muyjujuy.com\\\/wp-content\\\/uploads\\\/2022\\\/08\\\/FZWx4R-WIAA2QHf.jpg\",\"contentUrl\":\"https:\\\/\\\/www.muyjujuy.com\\\/wp-content\\\/uploads\\\/2022\\\/08\\\/FZWx4R-WIAA2QHf.jpg\",\"width\":2048,\"height\":1366},{\"@type\":\"BreadcrumbList\",\"@id\":\"https:\\\/\\\/www.muyjujuy.com\\\/index.php\\\/2022\\\/08\\\/11\\\/gerardo-morales-el-camino-es-unir-y-consolidar-juntos\\\/#breadcrumb\",\"itemListElement\":[{\"@type\":\"ListItem\",\"position\":1,\"name\":\"Inicio\",\"item\":\"https:\\\/\\\/www.muyjujuy.com\\\/\"},{\"@type\":\"ListItem\",\"position\":2,\"name\":\"Gerardo Morales: &#8220;El camino es unir y consolidar Juntos&#8221;\"}]},{\"@type\":\"WebSite\",\"@id\":\"https:\\\/\\\/www.muyjujuy.com\\\/#website\",\"url\":\"https:\\\/\\\/www.muyjujuy.com\\\/\",\"name\":\"Muy Jujuy\",\"description\":\"\",\"publisher\":{\"@id\":\"https:\\\/\\\/www.muyjujuy.com\\\/#organization\"},\"potentialAction\":[{\"@type\":\"SearchAction\",\"target\":{\"@type\":\"EntryPoint\",\"urlTemplate\":\"https:\\\/\\\/www.muyjujuy.com\\\/?s={search_term_string}\"},\"query-input\":{\"@type\":\"PropertyValueSpecification\",\"valueRequired\":true,\"valueName\":\"search_term_string\"}}],\"inLanguage\":\"es-AR\"},{\"@type\":\"Organization\",\"@id\":\"https:\\\/\\\/www.muyjujuy.com\\\/#organization\",\"name\":\"Muy Jujuy\",\"url\":\"https:\\\/\\\/www.muyjujuy.com\\\/\",\"logo\":{\"@type\":\"ImageObject\",\"inLanguage\":\"es-AR\",\"@id\":\"https:\\\/\\\/www.muyjujuy.com\\\/#\\\/schema\\\/logo\\\/image\\\/\",\"url\":\"http:\\\/\\\/www.muyjujuy.com\\\/wp-content\\\/uploads\\\/2022\\\/05\\\/logo-mobil-jujuy.png\",\"contentUrl\":\"http:\\\/\\\/www.muyjujuy.com\\\/wp-content\\\/uploads\\\/2022\\\/05\\\/logo-mobil-jujuy.png\",\"width\":174,\"height\":81,\"caption\":\"Muy Jujuy\"},\"image\":{\"@id\":\"https:\\\/\\\/www.muyjujuy.com\\\/#\\\/schema\\\/logo\\\/image\\\/\"},\"sameAs\":[\"https:\\\/\\\/www.facebook.com\\\/muyjujuycom\",\"https:\\\/\\\/x.com\\\/muyjujuy\",\"https:\\\/\\\/www.instagram.com\\\/muyjujuycom\"]},{\"@type\":\"Person\",\"@id\":\"https:\\\/\\\/www.muyjujuy.com\\\/#\\\/schema\\\/person\\\/1d0f6e223ccea9e3f9034c1a5b683bf2\",\"name\":\"Redacci\u00f3n Muy Jujuy\",\"image\":{\"@type\":\"ImageObject\",\"inLanguage\":\"es-AR\",\"@id\":\"https:\\\/\\\/secure.gravatar.com\\\/avatar\\\/fec5f6f1893d741ed5eecccff109ce43e67a855411202a3212a058cb8e5c27d4?s=96&d=mm&r=g\",\"url\":\"https:\\\/\\\/secure.gravatar.com\\\/avatar\\\/fec5f6f1893d741ed5eecccff109ce43e67a855411202a3212a058cb8e5c27d4?s=96&d=mm&r=g\",\"contentUrl\":\"https:\\\/\\\/secure.gravatar.com\\\/avatar\\\/fec5f6f1893d741ed5eecccff109ce43e67a855411202a3212a058cb8e5c27d4?s=96&d=mm&r=g\",\"caption\":\"Redacci\u00f3n Muy Jujuy\"},\"url\":\"https:\\\/\\\/www.muyjujuy.com\\\/index.php\\\/author\\\/editor\\\/\"}]}<\/script>\n<!-- \/ Yoast SEO plugin. -->","yoast_head_json":{"title":"Gerardo Morales: \"El camino es unir y consolidar Juntos\" - Muy Jujuy","description":"El gobernador de Jujuy y titular del Comit\u00e9 Nacional de la UCR, Gerardo Morales, descart\u00f3 las acusaciones de Elisa Carri\u00f3.","robots":{"index":"index","follow":"follow","max-snippet":"max-snippet:-1","max-image-preview":"max-image-preview:large","max-video-preview":"max-video-preview:-1"},"canonical":"https:\/\/www.muyjujuy.com\/index.php\/2022\/08\/11\/gerardo-morales-el-camino-es-unir-y-consolidar-juntos\/","og_locale":"es_ES","og_type":"article","og_title":"Gerardo Morales: \"El camino es unir y consolidar Juntos\" - Muy Jujuy","og_description":"El gobernador de Jujuy y titular del Comit\u00e9 Nacional de la UCR, Gerardo Morales, descart\u00f3 las acusaciones de Elisa Carri\u00f3.","og_url":"https:\/\/www.muyjujuy.com\/index.php\/2022\/08\/11\/gerardo-morales-el-camino-es-unir-y-consolidar-juntos\/","og_site_name":"Muy Jujuy","article_publisher":"https:\/\/www.facebook.com\/muyjujuycom","article_published_time":"2022-08-11T15:03:40+00:00","article_modified_time":"2022-08-11T15:04:03+00:00","og_image":[{"width":2048,"height":1366,"url":"https:\/\/www.muyjujuy.com\/wp-content\/uploads\/2022\/08\/FZWx4R-WIAA2QHf.jpg","type":"image\/jpeg"}],"author":"Redacci\u00f3n Muy Jujuy","twitter_card":"summary_large_image","twitter_creator":"@muyjujuy","twitter_site":"@muyjujuy","twitter_misc":{"Escrito por":"Redacci\u00f3n Muy Jujuy","Tiempo de lectura":"2 minutos"},"schema":{"@context":"https:\/\/schema.org","@graph":[{"@type":"Article","@id":"https:\/\/www.muyjujuy.com\/index.php\/2022\/08\/11\/gerardo-morales-el-camino-es-unir-y-consolidar-juntos\/#article","isPartOf":{"@id":"https:\/\/www.muyjujuy.com\/index.php\/2022\/08\/11\/gerardo-morales-el-camino-es-unir-y-consolidar-juntos\/"},"author":{"name":"Redacci\u00f3n Muy Jujuy","@id":"https:\/\/www.muyjujuy.com\/#\/schema\/person\/1d0f6e223ccea9e3f9034c1a5b683bf2"},"headline":"Gerardo Morales: &#8220;El camino es unir y consolidar Juntos&#8221;","datePublished":"2022-08-11T15:03:40+00:00","dateModified":"2022-08-11T15:04:03+00:00","mainEntityOfPage":{"@id":"https:\/\/www.muyjujuy.com\/index.php\/2022\/08\/11\/gerardo-morales-el-camino-es-unir-y-consolidar-juntos\/"},"wordCount":305,"commentCount":0,"publisher":{"@id":"https:\/\/www.muyjujuy.com\/#organization"},"image":{"@id":"https:\/\/www.muyjujuy.com\/index.php\/2022\/08\/11\/gerardo-morales-el-camino-es-unir-y-consolidar-juntos\/#primaryimage"},"thumbnailUrl":"https:\/\/www.muyjujuy.com\/wp-content\/uploads\/2022\/08\/FZWx4R-WIAA2QHf.jpg","keywords":["Gerardo Morales","Jujuy","Juntos por el Cambio"],"articleSection":["Pol\u00edtica"],"inLanguage":"es-AR","potentialAction":[{"@type":"CommentAction","name":"Comment","target":["https:\/\/www.muyjujuy.com\/index.php\/2022\/08\/11\/gerardo-morales-el-camino-es-unir-y-consolidar-juntos\/#respond"]}]},{"@type":"WebPage","@id":"https:\/\/www.muyjujuy.com\/index.php\/2022\/08\/11\/gerardo-morales-el-camino-es-unir-y-consolidar-juntos\/","url":"https:\/\/www.muyjujuy.com\/index.php\/2022\/08\/11\/gerardo-morales-el-camino-es-unir-y-consolidar-juntos\/","name":"Gerardo Morales: \"El camino es unir y consolidar Juntos\" - Muy Jujuy","isPartOf":{"@id":"https:\/\/www.muyjujuy.com\/#website"},"primaryImageOfPage":{"@id":"https:\/\/www.muyjujuy.com\/index.php\/2022\/08\/11\/gerardo-morales-el-camino-es-unir-y-consolidar-juntos\/#primaryimage"},"image":{"@id":"https:\/\/www.muyjujuy.com\/index.php\/2022\/08\/11\/gerardo-morales-el-camino-es-unir-y-consolidar-juntos\/#primaryimage"},"thumbnailUrl":"https:\/\/www.muyjujuy.com\/wp-content\/uploads\/2022\/08\/FZWx4R-WIAA2QHf.jpg","datePublished":"2022-08-11T15:03:40+00:00","dateModified":"2022-08-11T15:04:03+00:00","description":"El gobernador de Jujuy y titular del Comit\u00e9 Nacional de la UCR, Gerardo Morales, descart\u00f3 las acusaciones de Elisa Carri\u00f3.","breadcrumb":{"@id":"https:\/\/www.muyjujuy.com\/index.php\/2022\/08\/11\/gerardo-morales-el-camino-es-unir-y-consolidar-juntos\/#breadcrumb"},"inLanguage":"es-AR","potentialAction":[{"@type":"ReadAction","target":["https:\/\/www.muyjujuy.com\/index.php\/2022\/08\/11\/gerardo-morales-el-camino-es-unir-y-consolidar-juntos\/"]}]},{"@type":"ImageObject","inLanguage":"es-AR","@id":"https:\/\/www.muyjujuy.com\/index.php\/2022\/08\/11\/gerardo-morales-el-camino-es-unir-y-consolidar-juntos\/#primaryimage","url":"https:\/\/www.muyjujuy.com\/wp-content\/uploads\/2022\/08\/FZWx4R-WIAA2QHf.jpg","contentUrl":"https:\/\/www.muyjujuy.com\/wp-content\/uploads\/2022\/08\/FZWx4R-WIAA2QHf.jpg","width":2048,"height":1366},{"@type":"BreadcrumbList","@id":"https:\/\/www.muyjujuy.com\/index.php\/2022\/08\/11\/gerardo-morales-el-camino-es-unir-y-consolidar-juntos\/#breadcrumb","itemListElement":[{"@type":"ListItem","position":1,"name":"Inicio","item":"https:\/\/www.muyjujuy.com\/"},{"@type":"ListItem","position":2,"name":"Gerardo Morales: &#8220;El camino es unir y consolidar Juntos&#8221;"}]},{"@type":"WebSite","@id":"https:\/\/www.muyjujuy.com\/#website","url":"https:\/\/www.muyjujuy.com\/","name":"Muy Jujuy","description":"","publisher":{"@id":"https:\/\/www.muyjujuy.com\/#organization"},"potentialAction":[{"@type":"SearchAction","target":{"@type":"EntryPoint","urlTemplate":"https:\/\/www.muyjujuy.com\/?s={search_term_string}"},"query-input":{"@type":"PropertyValueSpecification","valueRequired":true,"valueName":"search_term_string"}}],"inLanguage":"es-AR"},{"@type":"Organization","@id":"https:\/\/www.muyjujuy.com\/#organization","name":"Muy Jujuy","url":"https:\/\/www.muyjujuy.com\/","logo":{"@type":"ImageObject","inLanguage":"es-AR","@id":"https:\/\/www.muyjujuy.com\/#\/schema\/logo\/image\/","url":"http:\/\/www.muyjujuy.com\/wp-content\/uploads\/2022\/05\/logo-mobil-jujuy.png","contentUrl":"http:\/\/www.muyjujuy.com\/wp-content\/uploads\/2022\/05\/logo-mobil-jujuy.png","width":174,"height":81,"caption":"Muy Jujuy"},"image":{"@id":"https:\/\/www.muyjujuy.com\/#\/schema\/logo\/image\/"},"sameAs":["https:\/\/www.facebook.com\/muyjujuycom","https:\/\/x.com\/muyjujuy","https:\/\/www.instagram.com\/muyjujuycom"]},{"@type":"Person","@id":"https:\/\/www.muyjujuy.com\/#\/schema\/person\/1d0f6e223ccea9e3f9034c1a5b683bf2","name":"Redacci\u00f3n Muy Jujuy","image":{"@type":"ImageObject","inLanguage":"es-AR","@id":"https:\/\/secure.gravatar.com\/avatar\/fec5f6f1893d741ed5eecccff109ce43e67a855411202a3212a058cb8e5c27d4?s=96&d=mm&r=g","url":"https:\/\/secure.gravatar.com\/avatar\/fec5f6f1893d741ed5eecccff109ce43e67a855411202a3212a058cb8e5c27d4?s=96&d=mm&r=g","contentUrl":"https:\/\/secure.gravatar.com\/avatar\/fec5f6f1893d741ed5eecccff109ce43e67a855411202a3212a058cb8e5c27d4?s=96&d=mm&r=g","caption":"Redacci\u00f3n Muy Jujuy"},"url":"https:\/\/www.muyjujuy.com\/index.php\/author\/editor\/"}]}},"_links":{"self":[{"href":"https:\/\/www.muyjujuy.com\/index.php\/wp-json\/wp\/v2\/posts\/1165","targetHints":{"allow":["GET"]}}],"collection":[{"href":"https:\/\/www.muyjujuy.com\/index.php\/wp-json\/wp\/v2\/posts"}],"about":[{"href":"https:\/\/www.muyjujuy.com\/index.php\/wp-json\/wp\/v2\/types\/post"}],"author":[{"embeddable":true,"href":"https:\/\/www.muyjujuy.com\/index.php\/wp-json\/wp\/v2\/users\/3"}],"replies":[{"embeddable":true,"href":"https:\/\/www.muyjujuy.com\/index.php\/wp-json\/wp\/v2\/comments?post=1165"}],"version-history":[{"count":1,"href":"https:\/\/www.muyjujuy.com\/index.php\/wp-json\/wp\/v2\/posts\/1165\/revisions"}],"predecessor-version":[{"id":1167,"href":"https:\/\/www.muyjujuy.com\/index.php\/wp-json\/wp\/v2\/posts\/1165\/revisions\/1167"}],"wp:featuredmedia":[{"embeddable":true,"href":"https:\/\/www.muyjujuy.com\/index.php\/wp-json\/wp\/v2\/media\/1166"}],"wp:attachment":[{"href":"https:\/\/www.muyjujuy.com\/index.php\/wp-json\/wp\/v2\/media?parent=1165"}],"wp:term":[{"taxonomy":"category","embeddable":true,"href":"https:\/\/www.muyjujuy.com\/index.php\/wp-json\/wp\/v2\/categories?post=1165"},{"taxonomy":"post_tag","embeddable":true,"href":"https:\/\/www.muyjujuy.com\/index.php\/wp-json\/wp\/v2\/tags?post=1165"}],"curies":[{"name":"wp","href":"https:\/\/api.w.org\/{rel}","templated":true}]}}