{"id":1172,"date":"2022-08-11T12:26:17","date_gmt":"2022-08-11T15:26:17","guid":{"rendered":"https:\/\/www.muyjujuy.com\/?p=1172"},"modified":"2022-08-11T12:26:36","modified_gmt":"2022-08-11T15:26:36","slug":"san-salvador-de-jujuy-se-prepara-para-la-noche-de-los-sandwiches","status":"publish","type":"post","link":"https:\/\/www.muyjujuy.com\/index.php\/2022\/08\/11\/san-salvador-de-jujuy-se-prepara-para-la-noche-de-los-sandwiches\/","title":{"rendered":"San Salvador de Jujuy se prepara para &#8220;La Noche de los Sandwiches&#8221;"},"content":{"rendered":"\n<p><em>La s\u00e9ptima edici\u00f3n de La Noche de los Sandwiches incorporar\u00e1 como condici\u00f3n que los comercios realicen la separaci\u00f3n de los productos pl\u00e1sticos desechables <\/em><\/p>\n\n\n\n<p>Una nueva edici\u00f3n de <strong><a href=\"https:\/\/www.facebook.com\/uejujuy\/posts\/pfbid026b2Be8svmfaXBULpdmH9GfnnMncKcFWUeYM38952ZHfvhHPc7jRdavmqM94B7j59l\">La Noche de los Sandwiches <\/a><\/strong>se llevar\u00e1 a cabo el 30 de agosto en San Salvador de Jujuy. El evento organizado por el Centro Comercial Tacita de Plata de la Uni\u00f3n Empresarios re\u00fane a todos los comercios gastron\u00f3micos de la ciudad. <\/p>\n\n\n\n<p>En ediciones anteriores, los negocios que se adhirieron superaron sus expectativas aumentando considerablemente sus ventas. <\/p>\n\n\n\n<p><strong>La Noche de los Sandwiches<\/strong> es un gran impulso a los comercios locales y desde la organizaci\u00f3n, para esta edici\u00f3n, quieren incorporar el impacto ambiental. Para ello, en esta campa\u00f1a, <strong>como requisito sus participantes deber\u00e1n realizar la separaci\u00f3n de los productos pl\u00e1sticos desechables <\/strong>(botellas, vasos, sorbetes, bandejas, etc.) iniciando as\u00ed nuestro camino de cuidado con el medio ambiente.<\/p>\n\n\n<div class=\"wp-block-image\">\n<figure class=\"aligncenter size-large is-resized\"><img loading=\"lazy\" decoding=\"async\" src=\"https:\/\/www.muyjujuy.com\/wp-content\/uploads\/2022\/08\/WhatsApp-Image-2022-08-11-at-12.12.51-PM-1024x1024.jpeg\" alt=\"\" class=\"wp-image-1173\" width=\"542\" height=\"542\" srcset=\"https:\/\/www.muyjujuy.com\/wp-content\/uploads\/2022\/08\/WhatsApp-Image-2022-08-11-at-12.12.51-PM-1024x1024.jpeg 1024w, https:\/\/www.muyjujuy.com\/wp-content\/uploads\/2022\/08\/WhatsApp-Image-2022-08-11-at-12.12.51-PM-300x300.jpeg 300w, https:\/\/www.muyjujuy.com\/wp-content\/uploads\/2022\/08\/WhatsApp-Image-2022-08-11-at-12.12.51-PM-150x150.jpeg 150w, https:\/\/www.muyjujuy.com\/wp-content\/uploads\/2022\/08\/WhatsApp-Image-2022-08-11-at-12.12.51-PM-768x768.jpeg 768w, https:\/\/www.muyjujuy.com\/wp-content\/uploads\/2022\/08\/WhatsApp-Image-2022-08-11-at-12.12.51-PM-696x696.jpeg 696w, https:\/\/www.muyjujuy.com\/wp-content\/uploads\/2022\/08\/WhatsApp-Image-2022-08-11-at-12.12.51-PM-1068x1068.jpeg 1068w, https:\/\/www.muyjujuy.com\/wp-content\/uploads\/2022\/08\/WhatsApp-Image-2022-08-11-at-12.12.51-PM.jpeg 1200w\" sizes=\"auto, (max-width: 542px) 100vw, 542px\" \/><\/figure>\n<\/div>\n\n\n<h2 class=\"wp-block-heading\"><strong>C\u00f3mo participar en La Noche de los Sandwiches<\/strong><\/h2>\n\n\n\n<ul class=\"wp-block-list\"><li>7\u00b0 Edici\u00f3n: martes 30 de agosto horario nocturno.<\/li><li>Comercios de la ciudad de San Salvador de Jujuy (casco c\u00e9ntrico y barrios aleda\u00f1os)<\/li><li>En cada local comercial deber\u00e1n estar exhibidas las promociones de forma clara y precisa como as\u00ed tambi\u00e9n los precios.<\/li><li>El comercio deber\u00e1 enviar fotos de los afiches de la promoci\u00f3n (obligatorio) que estar\u00e1n ubicados al ingreso del local, y fotos de las mesas durante la noche al tel\u00e9fono celular 3884120424 (Gerente del CCA, Alba Ortiz).<\/li><li>El afiche ser\u00e1 impreso por cada comercio para lo cual se enviara archivo.<\/li><li>Pago- promociones s\u00f3lo en efectivo.<\/li><li>Delivery a cargo del cliente<\/li><li>Los comercios participantes deber\u00e1n completar y enviar el formulario google hasta el d\u00eda mi\u00e9rcoles 17 de agosto: <a href=\"https:\/\/forms.gle\/q3evdkH5iE2vgpBz5\">https:\/\/forms.gle\/q3evdkH5iE2vgpBz5<\/a><\/li><li>Los productos pl\u00e1sticos separados, ser\u00e1n ubicados en el punto verde m\u00e1s pr\u00f3ximo al domicilio del comercio. Quienes deseen que la recolecci\u00f3n sea realizada por una empresa cooperativa, sin costo, deber\u00e1 indicarlo en el formulario.<\/li><\/ul>\n","protected":false},"excerpt":{"rendered":"<p>La s\u00e9ptima edici\u00f3n de La Noche de los Sandwiches incorporar\u00e1 como condici\u00f3n que los comercios realicen la separaci\u00f3n de los productos pl\u00e1sticos desechables Una nueva edici\u00f3n de La Noche de los Sandwiches se llevar\u00e1 a cabo el 30 de agosto en San Salvador de Jujuy. El evento organizado por el Centro Comercial Tacita de Plata [&hellip;]<\/p>\n","protected":false},"author":3,"featured_media":1174,"comment_status":"open","ping_status":"open","sticky":false,"template":"","format":"standard","meta":{"footnotes":""},"categories":[25],"tags":[8,640],"class_list":{"0":"post-1172","1":"post","2":"type-post","3":"status-publish","4":"format-standard","5":"has-post-thumbnail","7":"category-sociedad","8":"tag-jujuy","9":"tag-san-salvador"},"yoast_head":"<!-- This site is optimized with the Yoast SEO plugin v27.5 - https:\/\/yoast.com\/product\/yoast-seo-wordpress\/ -->\n<title>San Salvador de Jujuy se prepara para &quot;La Noche de los Sandwiches&quot; - Muy Jujuy<\/title>\n<meta name=\"description\" content=\"La s\u00e9ptima edici\u00f3n de La Noche de los Sandwiches incorporar\u00e1 como condici\u00f3n que los comercios realicen la separaci\u00f3n de los productos pl\u00e1sticos desechables\" \/>\n<meta name=\"robots\" content=\"index, follow, max-snippet:-1, max-image-preview:large, max-video-preview:-1\" \/>\n<link rel=\"canonical\" href=\"https:\/\/www.muyjujuy.com\/index.php\/2022\/08\/11\/san-salvador-de-jujuy-se-prepara-para-la-noche-de-los-sandwiches\/\" \/>\n<meta property=\"og:locale\" content=\"es_ES\" \/>\n<meta property=\"og:type\" content=\"article\" \/>\n<meta property=\"og:title\" content=\"San Salvador de Jujuy se prepara para &quot;La Noche de los Sandwiches&quot; - Muy Jujuy\" \/>\n<meta property=\"og:description\" content=\"La s\u00e9ptima edici\u00f3n de La Noche de los Sandwiches incorporar\u00e1 como condici\u00f3n que los comercios realicen la separaci\u00f3n de los productos pl\u00e1sticos desechables\" \/>\n<meta property=\"og:url\" content=\"https:\/\/www.muyjujuy.com\/index.php\/2022\/08\/11\/san-salvador-de-jujuy-se-prepara-para-la-noche-de-los-sandwiches\/\" \/>\n<meta property=\"og:site_name\" content=\"Muy Jujuy\" \/>\n<meta property=\"article:publisher\" content=\"https:\/\/www.facebook.com\/muyjujuycom\" \/>\n<meta property=\"article:published_time\" content=\"2022-08-11T15:26:17+00:00\" \/>\n<meta property=\"article:modified_time\" content=\"2022-08-11T15:26:36+00:00\" \/>\n<meta property=\"og:image\" content=\"https:\/\/www.muyjujuy.com\/wp-content\/uploads\/2022\/08\/WhatsApp-Image-2022-08-11-at-12.24.04-PM.jpeg\" \/>\n\t<meta property=\"og:image:width\" content=\"1200\" \/>\n\t<meta property=\"og:image:height\" content=\"715\" \/>\n\t<meta property=\"og:image:type\" content=\"image\/jpeg\" \/>\n<meta name=\"author\" content=\"Redacci\u00f3n Muy Jujuy\" \/>\n<meta name=\"twitter:card\" content=\"summary_large_image\" \/>\n<meta name=\"twitter:creator\" content=\"@muyjujuy\" \/>\n<meta name=\"twitter:site\" content=\"@muyjujuy\" \/>\n<meta name=\"twitter:label1\" content=\"Escrito por\" \/>\n\t<meta name=\"twitter:data1\" content=\"Redacci\u00f3n Muy Jujuy\" \/>\n\t<meta name=\"twitter:label2\" content=\"Tiempo de lectura\" \/>\n\t<meta name=\"twitter:data2\" content=\"2 minutos\" \/>\n<script type=\"application\/ld+json\" class=\"yoast-schema-graph\">{\"@context\":\"https:\\\/\\\/schema.org\",\"@graph\":[{\"@type\":\"Article\",\"@id\":\"https:\\\/\\\/www.muyjujuy.com\\\/index.php\\\/2022\\\/08\\\/11\\\/san-salvador-de-jujuy-se-prepara-para-la-noche-de-los-sandwiches\\\/#article\",\"isPartOf\":{\"@id\":\"https:\\\/\\\/www.muyjujuy.com\\\/index.php\\\/2022\\\/08\\\/11\\\/san-salvador-de-jujuy-se-prepara-para-la-noche-de-los-sandwiches\\\/\"},\"author\":{\"name\":\"Redacci\u00f3n Muy Jujuy\",\"@id\":\"https:\\\/\\\/www.muyjujuy.com\\\/#\\\/schema\\\/person\\\/1d0f6e223ccea9e3f9034c1a5b683bf2\"},\"headline\":\"San Salvador de Jujuy se prepara para &#8220;La Noche de los Sandwiches&#8221;\",\"datePublished\":\"2022-08-11T15:26:17+00:00\",\"dateModified\":\"2022-08-11T15:26:36+00:00\",\"mainEntityOfPage\":{\"@id\":\"https:\\\/\\\/www.muyjujuy.com\\\/index.php\\\/2022\\\/08\\\/11\\\/san-salvador-de-jujuy-se-prepara-para-la-noche-de-los-sandwiches\\\/\"},\"wordCount\":347,\"commentCount\":0,\"publisher\":{\"@id\":\"https:\\\/\\\/www.muyjujuy.com\\\/#organization\"},\"image\":{\"@id\":\"https:\\\/\\\/www.muyjujuy.com\\\/index.php\\\/2022\\\/08\\\/11\\\/san-salvador-de-jujuy-se-prepara-para-la-noche-de-los-sandwiches\\\/#primaryimage\"},\"thumbnailUrl\":\"https:\\\/\\\/www.muyjujuy.com\\\/wp-content\\\/uploads\\\/2022\\\/08\\\/WhatsApp-Image-2022-08-11-at-12.24.04-PM.jpeg\",\"keywords\":[\"Jujuy\",\"San Salvador\"],\"articleSection\":[\"Sociedad\"],\"inLanguage\":\"es-AR\",\"potentialAction\":[{\"@type\":\"CommentAction\",\"name\":\"Comment\",\"target\":[\"https:\\\/\\\/www.muyjujuy.com\\\/index.php\\\/2022\\\/08\\\/11\\\/san-salvador-de-jujuy-se-prepara-para-la-noche-de-los-sandwiches\\\/#respond\"]}]},{\"@type\":\"WebPage\",\"@id\":\"https:\\\/\\\/www.muyjujuy.com\\\/index.php\\\/2022\\\/08\\\/11\\\/san-salvador-de-jujuy-se-prepara-para-la-noche-de-los-sandwiches\\\/\",\"url\":\"https:\\\/\\\/www.muyjujuy.com\\\/index.php\\\/2022\\\/08\\\/11\\\/san-salvador-de-jujuy-se-prepara-para-la-noche-de-los-sandwiches\\\/\",\"name\":\"San Salvador de Jujuy se prepara para \\\"La Noche de los Sandwiches\\\" - Muy Jujuy\",\"isPartOf\":{\"@id\":\"https:\\\/\\\/www.muyjujuy.com\\\/#website\"},\"primaryImageOfPage\":{\"@id\":\"https:\\\/\\\/www.muyjujuy.com\\\/index.php\\\/2022\\\/08\\\/11\\\/san-salvador-de-jujuy-se-prepara-para-la-noche-de-los-sandwiches\\\/#primaryimage\"},\"image\":{\"@id\":\"https:\\\/\\\/www.muyjujuy.com\\\/index.php\\\/2022\\\/08\\\/11\\\/san-salvador-de-jujuy-se-prepara-para-la-noche-de-los-sandwiches\\\/#primaryimage\"},\"thumbnailUrl\":\"https:\\\/\\\/www.muyjujuy.com\\\/wp-content\\\/uploads\\\/2022\\\/08\\\/WhatsApp-Image-2022-08-11-at-12.24.04-PM.jpeg\",\"datePublished\":\"2022-08-11T15:26:17+00:00\",\"dateModified\":\"2022-08-11T15:26:36+00:00\",\"description\":\"La s\u00e9ptima edici\u00f3n de La Noche de los Sandwiches incorporar\u00e1 como condici\u00f3n que los comercios realicen la separaci\u00f3n de los productos pl\u00e1sticos desechables\",\"breadcrumb\":{\"@id\":\"https:\\\/\\\/www.muyjujuy.com\\\/index.php\\\/2022\\\/08\\\/11\\\/san-salvador-de-jujuy-se-prepara-para-la-noche-de-los-sandwiches\\\/#breadcrumb\"},\"inLanguage\":\"es-AR\",\"potentialAction\":[{\"@type\":\"ReadAction\",\"target\":[\"https:\\\/\\\/www.muyjujuy.com\\\/index.php\\\/2022\\\/08\\\/11\\\/san-salvador-de-jujuy-se-prepara-para-la-noche-de-los-sandwiches\\\/\"]}]},{\"@type\":\"ImageObject\",\"inLanguage\":\"es-AR\",\"@id\":\"https:\\\/\\\/www.muyjujuy.com\\\/index.php\\\/2022\\\/08\\\/11\\\/san-salvador-de-jujuy-se-prepara-para-la-noche-de-los-sandwiches\\\/#primaryimage\",\"url\":\"https:\\\/\\\/www.muyjujuy.com\\\/wp-content\\\/uploads\\\/2022\\\/08\\\/WhatsApp-Image-2022-08-11-at-12.24.04-PM.jpeg\",\"contentUrl\":\"https:\\\/\\\/www.muyjujuy.com\\\/wp-content\\\/uploads\\\/2022\\\/08\\\/WhatsApp-Image-2022-08-11-at-12.24.04-PM.jpeg\",\"width\":1200,\"height\":715},{\"@type\":\"BreadcrumbList\",\"@id\":\"https:\\\/\\\/www.muyjujuy.com\\\/index.php\\\/2022\\\/08\\\/11\\\/san-salvador-de-jujuy-se-prepara-para-la-noche-de-los-sandwiches\\\/#breadcrumb\",\"itemListElement\":[{\"@type\":\"ListItem\",\"position\":1,\"name\":\"Inicio\",\"item\":\"https:\\\/\\\/www.muyjujuy.com\\\/\"},{\"@type\":\"ListItem\",\"position\":2,\"name\":\"San Salvador de Jujuy se prepara para &#8220;La Noche de los Sandwiches&#8221;\"}]},{\"@type\":\"WebSite\",\"@id\":\"https:\\\/\\\/www.muyjujuy.com\\\/#website\",\"url\":\"https:\\\/\\\/www.muyjujuy.com\\\/\",\"name\":\"Muy Jujuy\",\"description\":\"\",\"publisher\":{\"@id\":\"https:\\\/\\\/www.muyjujuy.com\\\/#organization\"},\"potentialAction\":[{\"@type\":\"SearchAction\",\"target\":{\"@type\":\"EntryPoint\",\"urlTemplate\":\"https:\\\/\\\/www.muyjujuy.com\\\/?s={search_term_string}\"},\"query-input\":{\"@type\":\"PropertyValueSpecification\",\"valueRequired\":true,\"valueName\":\"search_term_string\"}}],\"inLanguage\":\"es-AR\"},{\"@type\":\"Organization\",\"@id\":\"https:\\\/\\\/www.muyjujuy.com\\\/#organization\",\"name\":\"Muy Jujuy\",\"url\":\"https:\\\/\\\/www.muyjujuy.com\\\/\",\"logo\":{\"@type\":\"ImageObject\",\"inLanguage\":\"es-AR\",\"@id\":\"https:\\\/\\\/www.muyjujuy.com\\\/#\\\/schema\\\/logo\\\/image\\\/\",\"url\":\"http:\\\/\\\/www.muyjujuy.com\\\/wp-content\\\/uploads\\\/2022\\\/05\\\/logo-mobil-jujuy.png\",\"contentUrl\":\"http:\\\/\\\/www.muyjujuy.com\\\/wp-content\\\/uploads\\\/2022\\\/05\\\/logo-mobil-jujuy.png\",\"width\":174,\"height\":81,\"caption\":\"Muy Jujuy\"},\"image\":{\"@id\":\"https:\\\/\\\/www.muyjujuy.com\\\/#\\\/schema\\\/logo\\\/image\\\/\"},\"sameAs\":[\"https:\\\/\\\/www.facebook.com\\\/muyjujuycom\",\"https:\\\/\\\/x.com\\\/muyjujuy\",\"https:\\\/\\\/www.instagram.com\\\/muyjujuycom\"]},{\"@type\":\"Person\",\"@id\":\"https:\\\/\\\/www.muyjujuy.com\\\/#\\\/schema\\\/person\\\/1d0f6e223ccea9e3f9034c1a5b683bf2\",\"name\":\"Redacci\u00f3n Muy Jujuy\",\"image\":{\"@type\":\"ImageObject\",\"inLanguage\":\"es-AR\",\"@id\":\"https:\\\/\\\/secure.gravatar.com\\\/avatar\\\/fec5f6f1893d741ed5eecccff109ce43e67a855411202a3212a058cb8e5c27d4?s=96&d=mm&r=g\",\"url\":\"https:\\\/\\\/secure.gravatar.com\\\/avatar\\\/fec5f6f1893d741ed5eecccff109ce43e67a855411202a3212a058cb8e5c27d4?s=96&d=mm&r=g\",\"contentUrl\":\"https:\\\/\\\/secure.gravatar.com\\\/avatar\\\/fec5f6f1893d741ed5eecccff109ce43e67a855411202a3212a058cb8e5c27d4?s=96&d=mm&r=g\",\"caption\":\"Redacci\u00f3n Muy Jujuy\"},\"url\":\"https:\\\/\\\/www.muyjujuy.com\\\/index.php\\\/author\\\/editor\\\/\"}]}<\/script>\n<!-- \/ Yoast SEO plugin. -->","yoast_head_json":{"title":"San Salvador de Jujuy se prepara para \"La Noche de los Sandwiches\" - Muy Jujuy","description":"La s\u00e9ptima edici\u00f3n de La Noche de los Sandwiches incorporar\u00e1 como condici\u00f3n que los comercios realicen la separaci\u00f3n de los productos pl\u00e1sticos desechables","robots":{"index":"index","follow":"follow","max-snippet":"max-snippet:-1","max-image-preview":"max-image-preview:large","max-video-preview":"max-video-preview:-1"},"canonical":"https:\/\/www.muyjujuy.com\/index.php\/2022\/08\/11\/san-salvador-de-jujuy-se-prepara-para-la-noche-de-los-sandwiches\/","og_locale":"es_ES","og_type":"article","og_title":"San Salvador de Jujuy se prepara para \"La Noche de los Sandwiches\" - Muy Jujuy","og_description":"La s\u00e9ptima edici\u00f3n de La Noche de los Sandwiches incorporar\u00e1 como condici\u00f3n que los comercios realicen la separaci\u00f3n de los productos pl\u00e1sticos desechables","og_url":"https:\/\/www.muyjujuy.com\/index.php\/2022\/08\/11\/san-salvador-de-jujuy-se-prepara-para-la-noche-de-los-sandwiches\/","og_site_name":"Muy Jujuy","article_publisher":"https:\/\/www.facebook.com\/muyjujuycom","article_published_time":"2022-08-11T15:26:17+00:00","article_modified_time":"2022-08-11T15:26:36+00:00","og_image":[{"width":1200,"height":715,"url":"https:\/\/www.muyjujuy.com\/wp-content\/uploads\/2022\/08\/WhatsApp-Image-2022-08-11-at-12.24.04-PM.jpeg","type":"image\/jpeg"}],"author":"Redacci\u00f3n Muy Jujuy","twitter_card":"summary_large_image","twitter_creator":"@muyjujuy","twitter_site":"@muyjujuy","twitter_misc":{"Escrito por":"Redacci\u00f3n Muy Jujuy","Tiempo de lectura":"2 minutos"},"schema":{"@context":"https:\/\/schema.org","@graph":[{"@type":"Article","@id":"https:\/\/www.muyjujuy.com\/index.php\/2022\/08\/11\/san-salvador-de-jujuy-se-prepara-para-la-noche-de-los-sandwiches\/#article","isPartOf":{"@id":"https:\/\/www.muyjujuy.com\/index.php\/2022\/08\/11\/san-salvador-de-jujuy-se-prepara-para-la-noche-de-los-sandwiches\/"},"author":{"name":"Redacci\u00f3n Muy Jujuy","@id":"https:\/\/www.muyjujuy.com\/#\/schema\/person\/1d0f6e223ccea9e3f9034c1a5b683bf2"},"headline":"San Salvador de Jujuy se prepara para &#8220;La Noche de los Sandwiches&#8221;","datePublished":"2022-08-11T15:26:17+00:00","dateModified":"2022-08-11T15:26:36+00:00","mainEntityOfPage":{"@id":"https:\/\/www.muyjujuy.com\/index.php\/2022\/08\/11\/san-salvador-de-jujuy-se-prepara-para-la-noche-de-los-sandwiches\/"},"wordCount":347,"commentCount":0,"publisher":{"@id":"https:\/\/www.muyjujuy.com\/#organization"},"image":{"@id":"https:\/\/www.muyjujuy.com\/index.php\/2022\/08\/11\/san-salvador-de-jujuy-se-prepara-para-la-noche-de-los-sandwiches\/#primaryimage"},"thumbnailUrl":"https:\/\/www.muyjujuy.com\/wp-content\/uploads\/2022\/08\/WhatsApp-Image-2022-08-11-at-12.24.04-PM.jpeg","keywords":["Jujuy","San Salvador"],"articleSection":["Sociedad"],"inLanguage":"es-AR","potentialAction":[{"@type":"CommentAction","name":"Comment","target":["https:\/\/www.muyjujuy.com\/index.php\/2022\/08\/11\/san-salvador-de-jujuy-se-prepara-para-la-noche-de-los-sandwiches\/#respond"]}]},{"@type":"WebPage","@id":"https:\/\/www.muyjujuy.com\/index.php\/2022\/08\/11\/san-salvador-de-jujuy-se-prepara-para-la-noche-de-los-sandwiches\/","url":"https:\/\/www.muyjujuy.com\/index.php\/2022\/08\/11\/san-salvador-de-jujuy-se-prepara-para-la-noche-de-los-sandwiches\/","name":"San Salvador de Jujuy se prepara para \"La Noche de los Sandwiches\" - Muy Jujuy","isPartOf":{"@id":"https:\/\/www.muyjujuy.com\/#website"},"primaryImageOfPage":{"@id":"https:\/\/www.muyjujuy.com\/index.php\/2022\/08\/11\/san-salvador-de-jujuy-se-prepara-para-la-noche-de-los-sandwiches\/#primaryimage"},"image":{"@id":"https:\/\/www.muyjujuy.com\/index.php\/2022\/08\/11\/san-salvador-de-jujuy-se-prepara-para-la-noche-de-los-sandwiches\/#primaryimage"},"thumbnailUrl":"https:\/\/www.muyjujuy.com\/wp-content\/uploads\/2022\/08\/WhatsApp-Image-2022-08-11-at-12.24.04-PM.jpeg","datePublished":"2022-08-11T15:26:17+00:00","dateModified":"2022-08-11T15:26:36+00:00","description":"La s\u00e9ptima edici\u00f3n de La Noche de los Sandwiches incorporar\u00e1 como condici\u00f3n que los comercios realicen la separaci\u00f3n de los productos pl\u00e1sticos desechables","breadcrumb":{"@id":"https:\/\/www.muyjujuy.com\/index.php\/2022\/08\/11\/san-salvador-de-jujuy-se-prepara-para-la-noche-de-los-sandwiches\/#breadcrumb"},"inLanguage":"es-AR","potentialAction":[{"@type":"ReadAction","target":["https:\/\/www.muyjujuy.com\/index.php\/2022\/08\/11\/san-salvador-de-jujuy-se-prepara-para-la-noche-de-los-sandwiches\/"]}]},{"@type":"ImageObject","inLanguage":"es-AR","@id":"https:\/\/www.muyjujuy.com\/index.php\/2022\/08\/11\/san-salvador-de-jujuy-se-prepara-para-la-noche-de-los-sandwiches\/#primaryimage","url":"https:\/\/www.muyjujuy.com\/wp-content\/uploads\/2022\/08\/WhatsApp-Image-2022-08-11-at-12.24.04-PM.jpeg","contentUrl":"https:\/\/www.muyjujuy.com\/wp-content\/uploads\/2022\/08\/WhatsApp-Image-2022-08-11-at-12.24.04-PM.jpeg","width":1200,"height":715},{"@type":"BreadcrumbList","@id":"https:\/\/www.muyjujuy.com\/index.php\/2022\/08\/11\/san-salvador-de-jujuy-se-prepara-para-la-noche-de-los-sandwiches\/#breadcrumb","itemListElement":[{"@type":"ListItem","position":1,"name":"Inicio","item":"https:\/\/www.muyjujuy.com\/"},{"@type":"ListItem","position":2,"name":"San Salvador de Jujuy se prepara para &#8220;La Noche de los Sandwiches&#8221;"}]},{"@type":"WebSite","@id":"https:\/\/www.muyjujuy.com\/#website","url":"https:\/\/www.muyjujuy.com\/","name":"Muy Jujuy","description":"","publisher":{"@id":"https:\/\/www.muyjujuy.com\/#organization"},"potentialAction":[{"@type":"SearchAction","target":{"@type":"EntryPoint","urlTemplate":"https:\/\/www.muyjujuy.com\/?s={search_term_string}"},"query-input":{"@type":"PropertyValueSpecification","valueRequired":true,"valueName":"search_term_string"}}],"inLanguage":"es-AR"},{"@type":"Organization","@id":"https:\/\/www.muyjujuy.com\/#organization","name":"Muy Jujuy","url":"https:\/\/www.muyjujuy.com\/","logo":{"@type":"ImageObject","inLanguage":"es-AR","@id":"https:\/\/www.muyjujuy.com\/#\/schema\/logo\/image\/","url":"http:\/\/www.muyjujuy.com\/wp-content\/uploads\/2022\/05\/logo-mobil-jujuy.png","contentUrl":"http:\/\/www.muyjujuy.com\/wp-content\/uploads\/2022\/05\/logo-mobil-jujuy.png","width":174,"height":81,"caption":"Muy Jujuy"},"image":{"@id":"https:\/\/www.muyjujuy.com\/#\/schema\/logo\/image\/"},"sameAs":["https:\/\/www.facebook.com\/muyjujuycom","https:\/\/x.com\/muyjujuy","https:\/\/www.instagram.com\/muyjujuycom"]},{"@type":"Person","@id":"https:\/\/www.muyjujuy.com\/#\/schema\/person\/1d0f6e223ccea9e3f9034c1a5b683bf2","name":"Redacci\u00f3n Muy Jujuy","image":{"@type":"ImageObject","inLanguage":"es-AR","@id":"https:\/\/secure.gravatar.com\/avatar\/fec5f6f1893d741ed5eecccff109ce43e67a855411202a3212a058cb8e5c27d4?s=96&d=mm&r=g","url":"https:\/\/secure.gravatar.com\/avatar\/fec5f6f1893d741ed5eecccff109ce43e67a855411202a3212a058cb8e5c27d4?s=96&d=mm&r=g","contentUrl":"https:\/\/secure.gravatar.com\/avatar\/fec5f6f1893d741ed5eecccff109ce43e67a855411202a3212a058cb8e5c27d4?s=96&d=mm&r=g","caption":"Redacci\u00f3n Muy Jujuy"},"url":"https:\/\/www.muyjujuy.com\/index.php\/author\/editor\/"}]}},"_links":{"self":[{"href":"https:\/\/www.muyjujuy.com\/index.php\/wp-json\/wp\/v2\/posts\/1172","targetHints":{"allow":["GET"]}}],"collection":[{"href":"https:\/\/www.muyjujuy.com\/index.php\/wp-json\/wp\/v2\/posts"}],"about":[{"href":"https:\/\/www.muyjujuy.com\/index.php\/wp-json\/wp\/v2\/types\/post"}],"author":[{"embeddable":true,"href":"https:\/\/www.muyjujuy.com\/index.php\/wp-json\/wp\/v2\/users\/3"}],"replies":[{"embeddable":true,"href":"https:\/\/www.muyjujuy.com\/index.php\/wp-json\/wp\/v2\/comments?post=1172"}],"version-history":[{"count":1,"href":"https:\/\/www.muyjujuy.com\/index.php\/wp-json\/wp\/v2\/posts\/1172\/revisions"}],"predecessor-version":[{"id":1176,"href":"https:\/\/www.muyjujuy.com\/index.php\/wp-json\/wp\/v2\/posts\/1172\/revisions\/1176"}],"wp:featuredmedia":[{"embeddable":true,"href":"https:\/\/www.muyjujuy.com\/index.php\/wp-json\/wp\/v2\/media\/1174"}],"wp:attachment":[{"href":"https:\/\/www.muyjujuy.com\/index.php\/wp-json\/wp\/v2\/media?parent=1172"}],"wp:term":[{"taxonomy":"category","embeddable":true,"href":"https:\/\/www.muyjujuy.com\/index.php\/wp-json\/wp\/v2\/categories?post=1172"},{"taxonomy":"post_tag","embeddable":true,"href":"https:\/\/www.muyjujuy.com\/index.php\/wp-json\/wp\/v2\/tags?post=1172"}],"curies":[{"name":"wp","href":"https:\/\/api.w.org\/{rel}","templated":true}]}}