{"id":1186,"date":"2022-08-12T11:58:45","date_gmt":"2022-08-12T14:58:45","guid":{"rendered":"https:\/\/www.muyjujuy.com\/?p=1186"},"modified":"2022-08-12T11:58:50","modified_gmt":"2022-08-12T14:58:50","slug":"con-la-participacion-de-manzur-se-lleva-a-cabo-el-parlamento-del-norte-grande-en-jujuy","status":"publish","type":"post","link":"https:\/\/www.muyjujuy.com\/index.php\/2022\/08\/12\/con-la-participacion-de-manzur-se-lleva-a-cabo-el-parlamento-del-norte-grande-en-jujuy\/","title":{"rendered":"Con la participaci\u00f3n de Manzur, se lleva a cabo el Parlamento del Norte Grande en Jujuy"},"content":{"rendered":"\n<p><em>Por segundo d\u00eda, se continuar\u00e1n con los debates en el Parlamento del Norte Grande que se realiza en Jujuy<\/em><\/p>\n\n\n\n<p>El Parlamento del Norte Grande contin\u00faa este viernes <strong>los debates <\/strong>en <strong>Jujuy para avanzar en el an\u00e1lisis de pol\u00edticas de igualdad <\/strong>que favorezcan a esa regi\u00f3n. Del encuentro participa el jefe de Gabinete, <strong><a href=\"https:\/\/twitter.com\/JuanManzurOK\">Juan Manzur.<\/a><\/strong><\/p>\n\n\n\n<p>Los vicegobernadores y legisladores de las 10 provincias que integran el Parlamento del Norte Grande iniciaron el jueves en San Salvador de Jujuy el encuentro. El mismo se realiza en un hotel ubicado en las afueras de la capital juje\u00f1a.<\/p>\n\n\n\n<p>Participan representantes de S<strong>alta, Tucum\u00e1n, La Rioja, Misiones, Formosa, Santiago del Estero, Catamarca, Chaco, Corrientes y Jujuy.<\/strong><\/p>\n\n\n\n<p>El vicegobernador de Jujuy,<strong> Carlos Haquim<\/strong>, fue el anfitri\u00f3n y encargado de dar la bienvenida a sus pares y referentes de las provincias norte\u00f1as. <\/p>\n\n\n\n<h2 class=\"wp-block-heading\"><strong>Parlamento del Norte Grande<\/strong><\/h2>\n\n\n\n<p>Durante la jornada de los representantes de las diez provincias se repartieron en las comisiones de <strong>Salud, Prevenci\u00f3n e Inclusi\u00f3n<\/strong>;<strong> Asuntos Constitucionales y Legislaci\u00f3n General<\/strong>;<strong> Educaci\u00f3n, Modernizaci\u00f3n, Ciencia y T\u00e9cnica; Recursos Naturales, Miner\u00eda y Medio Ambiente, Industria, Comercio, Agricultura y Ganader\u00eda.<\/strong><\/p>\n\n\n\n<p>A las que se sumaron las comisiones de Turismo, Deporte y Cultura; Obras Infraestructura y Transporte, Seguridad, Justicia y Derechos Humanos; Derechos del Consumo, Usuarios y Servicios P\u00fablicos; Genero, Mujer, Diversidad e Igualdad, Trabajo, Seguridad Social e Impuestos; y Econom\u00eda, Planificaci\u00f3n e Inversi\u00f3n.<\/p>\n\n\n\n<p>En las comisiones se lleva adelante la diagramaci\u00f3n de <strong>&#8220;propuestas para acercar a legisladores nacionales tendientes a acabar con las asimetr\u00edas<\/strong> y desigualdades del centro del pa\u00eds con las provincias del norte&#8221;.<\/p>\n\n\n\n<p>Por su parte, el diputado del PJ juje\u00f1o,<strong> Pedro Beliz\u00e1n, <\/strong>explic\u00f3 que se busca en la reuni\u00f3n de comisiones <strong>&#8220;aunar criterios a beneficios del Norte Grand<\/strong>e para cortar con las asimetr\u00edas que hay con las provincias del interior con los sectores concentrados&#8221;.<\/p>\n\n\n\n<p><strong>&#8220;Entendemos nosotros que no todas las provincias son reconocidas de la misma manera <\/strong>en relaci\u00f3n a la otorgaci\u00f3n de <a href=\"https:\/\/www.muyjujuy.com\/index.php\/2022\/07\/22\/ante-la-demora-de-nacion-provincia-anticipa-subsidios-a-empresas-de-transporte-para-pagar-sueldos\/\">los subsidios de transporte<\/a> y energ\u00eda&#8221;, advirti\u00f3. Adem\u00e1s, celebr\u00f3 la integraci\u00f3n de las discusiones vigentes a las provincias del NEA &#8220;con las cuales nos une los mismos reclamos&#8221;.<\/p>\n\n\n\n<h2 class=\"wp-block-heading\"><strong>Propuestas<\/strong><\/h2>\n\n\n\n<p>Entre las propuestas que se analiza se encuentra <strong>el pedido de pavimentaci\u00f3n y puesta valor de tramos de las Ruta 40<\/strong>. &#8220;Esto beneficiar\u00e1 a cinco provincias del norte argentino que ayudar\u00e1n tambi\u00e9n a la producci\u00f3n a la vez de acortar distancias con los pueblos&#8221;, afirm\u00f3 Beliz\u00e1n.<\/p>\n\n\n\n<p>&#8220;El objetivo es unir fuerzas para hacernos valer como una parte importante del pa\u00eds en beneficio de nuestra regi\u00f3n generando propuestas que luego se ratifiquen en el Congreso de la Naci\u00f3n&#8221;, concluy\u00f3.<\/p>\n","protected":false},"excerpt":{"rendered":"<p>Por segundo d\u00eda, se continuar\u00e1n con los debates en el Parlamento del Norte Grande que se realiza en Jujuy El Parlamento del Norte Grande contin\u00faa este viernes los debates en Jujuy para avanzar en el an\u00e1lisis de pol\u00edticas de igualdad que favorezcan a esa regi\u00f3n. Del encuentro participa el jefe de Gabinete, Juan Manzur. Los [&hellip;]<\/p>\n","protected":false},"author":3,"featured_media":1187,"comment_status":"open","ping_status":"open","sticky":false,"template":"","format":"standard","meta":{"footnotes":""},"categories":[24],"tags":[5,8,525],"class_list":{"0":"post-1186","1":"post","2":"type-post","3":"status-publish","4":"format-standard","5":"has-post-thumbnail","7":"category-politica","8":"tag-gerardo-morales","9":"tag-jujuy","10":"tag-norte-grande"},"yoast_head":"<!-- This site is optimized with the Yoast SEO plugin v27.5 - https:\/\/yoast.com\/product\/yoast-seo-wordpress\/ -->\n<title>Con la participaci\u00f3n de Manzur, se lleva a cabo el Parlamento del Norte Grande en Jujuy - Muy Jujuy<\/title>\n<meta name=\"description\" content=\"El Parlamento del Norte Grande contin\u00faa este viernes los debates en Jujuy para avanzar en el an\u00e1lisis de pol\u00edticas de igualdad que favorezcan a esa regi\u00f3n.\" \/>\n<meta name=\"robots\" content=\"index, follow, max-snippet:-1, max-image-preview:large, max-video-preview:-1\" \/>\n<link rel=\"canonical\" href=\"https:\/\/www.muyjujuy.com\/index.php\/2022\/08\/12\/con-la-participacion-de-manzur-se-lleva-a-cabo-el-parlamento-del-norte-grande-en-jujuy\/\" \/>\n<meta property=\"og:locale\" content=\"es_ES\" \/>\n<meta property=\"og:type\" content=\"article\" \/>\n<meta property=\"og:title\" content=\"Con la participaci\u00f3n de Manzur, se lleva a cabo el Parlamento del Norte Grande en Jujuy - Muy Jujuy\" \/>\n<meta property=\"og:description\" content=\"El Parlamento del Norte Grande contin\u00faa este viernes los debates en Jujuy para avanzar en el an\u00e1lisis de pol\u00edticas de igualdad que favorezcan a esa regi\u00f3n.\" \/>\n<meta property=\"og:url\" content=\"https:\/\/www.muyjujuy.com\/index.php\/2022\/08\/12\/con-la-participacion-de-manzur-se-lleva-a-cabo-el-parlamento-del-norte-grande-en-jujuy\/\" \/>\n<meta property=\"og:site_name\" content=\"Muy Jujuy\" \/>\n<meta property=\"article:publisher\" content=\"https:\/\/www.facebook.com\/muyjujuycom\" \/>\n<meta property=\"article:published_time\" content=\"2022-08-12T14:58:45+00:00\" \/>\n<meta property=\"article:modified_time\" content=\"2022-08-12T14:58:50+00:00\" \/>\n<meta property=\"og:image\" content=\"https:\/\/www.muyjujuy.com\/wp-content\/uploads\/2022\/08\/WhatsApp-Image-2022-08-12-at-11.55.55-AM.jpeg\" \/>\n\t<meta property=\"og:image:width\" content=\"990\" \/>\n\t<meta property=\"og:image:height\" content=\"610\" \/>\n\t<meta property=\"og:image:type\" content=\"image\/jpeg\" \/>\n<meta name=\"author\" content=\"Redacci\u00f3n Muy Jujuy\" \/>\n<meta name=\"twitter:card\" content=\"summary_large_image\" \/>\n<meta name=\"twitter:creator\" content=\"@muyjujuy\" \/>\n<meta name=\"twitter:site\" content=\"@muyjujuy\" \/>\n<meta name=\"twitter:label1\" content=\"Escrito por\" \/>\n\t<meta name=\"twitter:data1\" content=\"Redacci\u00f3n Muy Jujuy\" \/>\n\t<meta name=\"twitter:label2\" content=\"Tiempo de lectura\" \/>\n\t<meta name=\"twitter:data2\" content=\"2 minutos\" \/>\n<script type=\"application\/ld+json\" class=\"yoast-schema-graph\">{\"@context\":\"https:\\\/\\\/schema.org\",\"@graph\":[{\"@type\":\"Article\",\"@id\":\"https:\\\/\\\/www.muyjujuy.com\\\/index.php\\\/2022\\\/08\\\/12\\\/con-la-participacion-de-manzur-se-lleva-a-cabo-el-parlamento-del-norte-grande-en-jujuy\\\/#article\",\"isPartOf\":{\"@id\":\"https:\\\/\\\/www.muyjujuy.com\\\/index.php\\\/2022\\\/08\\\/12\\\/con-la-participacion-de-manzur-se-lleva-a-cabo-el-parlamento-del-norte-grande-en-jujuy\\\/\"},\"author\":{\"name\":\"Redacci\u00f3n Muy Jujuy\",\"@id\":\"https:\\\/\\\/www.muyjujuy.com\\\/#\\\/schema\\\/person\\\/1d0f6e223ccea9e3f9034c1a5b683bf2\"},\"headline\":\"Con la participaci\u00f3n de Manzur, se lleva a cabo el Parlamento del Norte Grande en Jujuy\",\"datePublished\":\"2022-08-12T14:58:45+00:00\",\"dateModified\":\"2022-08-12T14:58:50+00:00\",\"mainEntityOfPage\":{\"@id\":\"https:\\\/\\\/www.muyjujuy.com\\\/index.php\\\/2022\\\/08\\\/12\\\/con-la-participacion-de-manzur-se-lleva-a-cabo-el-parlamento-del-norte-grande-en-jujuy\\\/\"},\"wordCount\":480,\"commentCount\":0,\"publisher\":{\"@id\":\"https:\\\/\\\/www.muyjujuy.com\\\/#organization\"},\"image\":{\"@id\":\"https:\\\/\\\/www.muyjujuy.com\\\/index.php\\\/2022\\\/08\\\/12\\\/con-la-participacion-de-manzur-se-lleva-a-cabo-el-parlamento-del-norte-grande-en-jujuy\\\/#primaryimage\"},\"thumbnailUrl\":\"https:\\\/\\\/www.muyjujuy.com\\\/wp-content\\\/uploads\\\/2022\\\/08\\\/WhatsApp-Image-2022-08-12-at-11.55.55-AM.jpeg\",\"keywords\":[\"Gerardo Morales\",\"Jujuy\",\"Norte Grande\"],\"articleSection\":[\"Pol\u00edtica\"],\"inLanguage\":\"es-AR\",\"potentialAction\":[{\"@type\":\"CommentAction\",\"name\":\"Comment\",\"target\":[\"https:\\\/\\\/www.muyjujuy.com\\\/index.php\\\/2022\\\/08\\\/12\\\/con-la-participacion-de-manzur-se-lleva-a-cabo-el-parlamento-del-norte-grande-en-jujuy\\\/#respond\"]}]},{\"@type\":\"WebPage\",\"@id\":\"https:\\\/\\\/www.muyjujuy.com\\\/index.php\\\/2022\\\/08\\\/12\\\/con-la-participacion-de-manzur-se-lleva-a-cabo-el-parlamento-del-norte-grande-en-jujuy\\\/\",\"url\":\"https:\\\/\\\/www.muyjujuy.com\\\/index.php\\\/2022\\\/08\\\/12\\\/con-la-participacion-de-manzur-se-lleva-a-cabo-el-parlamento-del-norte-grande-en-jujuy\\\/\",\"name\":\"Con la participaci\u00f3n de Manzur, se lleva a cabo el Parlamento del Norte Grande en Jujuy - Muy Jujuy\",\"isPartOf\":{\"@id\":\"https:\\\/\\\/www.muyjujuy.com\\\/#website\"},\"primaryImageOfPage\":{\"@id\":\"https:\\\/\\\/www.muyjujuy.com\\\/index.php\\\/2022\\\/08\\\/12\\\/con-la-participacion-de-manzur-se-lleva-a-cabo-el-parlamento-del-norte-grande-en-jujuy\\\/#primaryimage\"},\"image\":{\"@id\":\"https:\\\/\\\/www.muyjujuy.com\\\/index.php\\\/2022\\\/08\\\/12\\\/con-la-participacion-de-manzur-se-lleva-a-cabo-el-parlamento-del-norte-grande-en-jujuy\\\/#primaryimage\"},\"thumbnailUrl\":\"https:\\\/\\\/www.muyjujuy.com\\\/wp-content\\\/uploads\\\/2022\\\/08\\\/WhatsApp-Image-2022-08-12-at-11.55.55-AM.jpeg\",\"datePublished\":\"2022-08-12T14:58:45+00:00\",\"dateModified\":\"2022-08-12T14:58:50+00:00\",\"description\":\"El Parlamento del Norte Grande contin\u00faa este viernes los debates en Jujuy para avanzar en el an\u00e1lisis de pol\u00edticas de igualdad que favorezcan a esa regi\u00f3n.\",\"breadcrumb\":{\"@id\":\"https:\\\/\\\/www.muyjujuy.com\\\/index.php\\\/2022\\\/08\\\/12\\\/con-la-participacion-de-manzur-se-lleva-a-cabo-el-parlamento-del-norte-grande-en-jujuy\\\/#breadcrumb\"},\"inLanguage\":\"es-AR\",\"potentialAction\":[{\"@type\":\"ReadAction\",\"target\":[\"https:\\\/\\\/www.muyjujuy.com\\\/index.php\\\/2022\\\/08\\\/12\\\/con-la-participacion-de-manzur-se-lleva-a-cabo-el-parlamento-del-norte-grande-en-jujuy\\\/\"]}]},{\"@type\":\"ImageObject\",\"inLanguage\":\"es-AR\",\"@id\":\"https:\\\/\\\/www.muyjujuy.com\\\/index.php\\\/2022\\\/08\\\/12\\\/con-la-participacion-de-manzur-se-lleva-a-cabo-el-parlamento-del-norte-grande-en-jujuy\\\/#primaryimage\",\"url\":\"https:\\\/\\\/www.muyjujuy.com\\\/wp-content\\\/uploads\\\/2022\\\/08\\\/WhatsApp-Image-2022-08-12-at-11.55.55-AM.jpeg\",\"contentUrl\":\"https:\\\/\\\/www.muyjujuy.com\\\/wp-content\\\/uploads\\\/2022\\\/08\\\/WhatsApp-Image-2022-08-12-at-11.55.55-AM.jpeg\",\"width\":990,\"height\":610},{\"@type\":\"BreadcrumbList\",\"@id\":\"https:\\\/\\\/www.muyjujuy.com\\\/index.php\\\/2022\\\/08\\\/12\\\/con-la-participacion-de-manzur-se-lleva-a-cabo-el-parlamento-del-norte-grande-en-jujuy\\\/#breadcrumb\",\"itemListElement\":[{\"@type\":\"ListItem\",\"position\":1,\"name\":\"Inicio\",\"item\":\"https:\\\/\\\/www.muyjujuy.com\\\/\"},{\"@type\":\"ListItem\",\"position\":2,\"name\":\"Con la participaci\u00f3n de Manzur, se lleva a cabo el Parlamento del Norte Grande en Jujuy\"}]},{\"@type\":\"WebSite\",\"@id\":\"https:\\\/\\\/www.muyjujuy.com\\\/#website\",\"url\":\"https:\\\/\\\/www.muyjujuy.com\\\/\",\"name\":\"Muy Jujuy\",\"description\":\"\",\"publisher\":{\"@id\":\"https:\\\/\\\/www.muyjujuy.com\\\/#organization\"},\"potentialAction\":[{\"@type\":\"SearchAction\",\"target\":{\"@type\":\"EntryPoint\",\"urlTemplate\":\"https:\\\/\\\/www.muyjujuy.com\\\/?s={search_term_string}\"},\"query-input\":{\"@type\":\"PropertyValueSpecification\",\"valueRequired\":true,\"valueName\":\"search_term_string\"}}],\"inLanguage\":\"es-AR\"},{\"@type\":\"Organization\",\"@id\":\"https:\\\/\\\/www.muyjujuy.com\\\/#organization\",\"name\":\"Muy Jujuy\",\"url\":\"https:\\\/\\\/www.muyjujuy.com\\\/\",\"logo\":{\"@type\":\"ImageObject\",\"inLanguage\":\"es-AR\",\"@id\":\"https:\\\/\\\/www.muyjujuy.com\\\/#\\\/schema\\\/logo\\\/image\\\/\",\"url\":\"http:\\\/\\\/www.muyjujuy.com\\\/wp-content\\\/uploads\\\/2022\\\/05\\\/logo-mobil-jujuy.png\",\"contentUrl\":\"http:\\\/\\\/www.muyjujuy.com\\\/wp-content\\\/uploads\\\/2022\\\/05\\\/logo-mobil-jujuy.png\",\"width\":174,\"height\":81,\"caption\":\"Muy Jujuy\"},\"image\":{\"@id\":\"https:\\\/\\\/www.muyjujuy.com\\\/#\\\/schema\\\/logo\\\/image\\\/\"},\"sameAs\":[\"https:\\\/\\\/www.facebook.com\\\/muyjujuycom\",\"https:\\\/\\\/x.com\\\/muyjujuy\",\"https:\\\/\\\/www.instagram.com\\\/muyjujuycom\"]},{\"@type\":\"Person\",\"@id\":\"https:\\\/\\\/www.muyjujuy.com\\\/#\\\/schema\\\/person\\\/1d0f6e223ccea9e3f9034c1a5b683bf2\",\"name\":\"Redacci\u00f3n Muy Jujuy\",\"image\":{\"@type\":\"ImageObject\",\"inLanguage\":\"es-AR\",\"@id\":\"https:\\\/\\\/secure.gravatar.com\\\/avatar\\\/fec5f6f1893d741ed5eecccff109ce43e67a855411202a3212a058cb8e5c27d4?s=96&d=mm&r=g\",\"url\":\"https:\\\/\\\/secure.gravatar.com\\\/avatar\\\/fec5f6f1893d741ed5eecccff109ce43e67a855411202a3212a058cb8e5c27d4?s=96&d=mm&r=g\",\"contentUrl\":\"https:\\\/\\\/secure.gravatar.com\\\/avatar\\\/fec5f6f1893d741ed5eecccff109ce43e67a855411202a3212a058cb8e5c27d4?s=96&d=mm&r=g\",\"caption\":\"Redacci\u00f3n Muy Jujuy\"},\"url\":\"https:\\\/\\\/www.muyjujuy.com\\\/index.php\\\/author\\\/editor\\\/\"}]}<\/script>\n<!-- \/ Yoast SEO plugin. -->","yoast_head_json":{"title":"Con la participaci\u00f3n de Manzur, se lleva a cabo el Parlamento del Norte Grande en Jujuy - Muy Jujuy","description":"El Parlamento del Norte Grande contin\u00faa este viernes los debates en Jujuy para avanzar en el an\u00e1lisis de pol\u00edticas de igualdad que favorezcan a esa regi\u00f3n.","robots":{"index":"index","follow":"follow","max-snippet":"max-snippet:-1","max-image-preview":"max-image-preview:large","max-video-preview":"max-video-preview:-1"},"canonical":"https:\/\/www.muyjujuy.com\/index.php\/2022\/08\/12\/con-la-participacion-de-manzur-se-lleva-a-cabo-el-parlamento-del-norte-grande-en-jujuy\/","og_locale":"es_ES","og_type":"article","og_title":"Con la participaci\u00f3n de Manzur, se lleva a cabo el Parlamento del Norte Grande en Jujuy - Muy Jujuy","og_description":"El Parlamento del Norte Grande contin\u00faa este viernes los debates en Jujuy para avanzar en el an\u00e1lisis de pol\u00edticas de igualdad que favorezcan a esa regi\u00f3n.","og_url":"https:\/\/www.muyjujuy.com\/index.php\/2022\/08\/12\/con-la-participacion-de-manzur-se-lleva-a-cabo-el-parlamento-del-norte-grande-en-jujuy\/","og_site_name":"Muy Jujuy","article_publisher":"https:\/\/www.facebook.com\/muyjujuycom","article_published_time":"2022-08-12T14:58:45+00:00","article_modified_time":"2022-08-12T14:58:50+00:00","og_image":[{"width":990,"height":610,"url":"https:\/\/www.muyjujuy.com\/wp-content\/uploads\/2022\/08\/WhatsApp-Image-2022-08-12-at-11.55.55-AM.jpeg","type":"image\/jpeg"}],"author":"Redacci\u00f3n Muy Jujuy","twitter_card":"summary_large_image","twitter_creator":"@muyjujuy","twitter_site":"@muyjujuy","twitter_misc":{"Escrito por":"Redacci\u00f3n Muy Jujuy","Tiempo de lectura":"2 minutos"},"schema":{"@context":"https:\/\/schema.org","@graph":[{"@type":"Article","@id":"https:\/\/www.muyjujuy.com\/index.php\/2022\/08\/12\/con-la-participacion-de-manzur-se-lleva-a-cabo-el-parlamento-del-norte-grande-en-jujuy\/#article","isPartOf":{"@id":"https:\/\/www.muyjujuy.com\/index.php\/2022\/08\/12\/con-la-participacion-de-manzur-se-lleva-a-cabo-el-parlamento-del-norte-grande-en-jujuy\/"},"author":{"name":"Redacci\u00f3n Muy Jujuy","@id":"https:\/\/www.muyjujuy.com\/#\/schema\/person\/1d0f6e223ccea9e3f9034c1a5b683bf2"},"headline":"Con la participaci\u00f3n de Manzur, se lleva a cabo el Parlamento del Norte Grande en Jujuy","datePublished":"2022-08-12T14:58:45+00:00","dateModified":"2022-08-12T14:58:50+00:00","mainEntityOfPage":{"@id":"https:\/\/www.muyjujuy.com\/index.php\/2022\/08\/12\/con-la-participacion-de-manzur-se-lleva-a-cabo-el-parlamento-del-norte-grande-en-jujuy\/"},"wordCount":480,"commentCount":0,"publisher":{"@id":"https:\/\/www.muyjujuy.com\/#organization"},"image":{"@id":"https:\/\/www.muyjujuy.com\/index.php\/2022\/08\/12\/con-la-participacion-de-manzur-se-lleva-a-cabo-el-parlamento-del-norte-grande-en-jujuy\/#primaryimage"},"thumbnailUrl":"https:\/\/www.muyjujuy.com\/wp-content\/uploads\/2022\/08\/WhatsApp-Image-2022-08-12-at-11.55.55-AM.jpeg","keywords":["Gerardo Morales","Jujuy","Norte Grande"],"articleSection":["Pol\u00edtica"],"inLanguage":"es-AR","potentialAction":[{"@type":"CommentAction","name":"Comment","target":["https:\/\/www.muyjujuy.com\/index.php\/2022\/08\/12\/con-la-participacion-de-manzur-se-lleva-a-cabo-el-parlamento-del-norte-grande-en-jujuy\/#respond"]}]},{"@type":"WebPage","@id":"https:\/\/www.muyjujuy.com\/index.php\/2022\/08\/12\/con-la-participacion-de-manzur-se-lleva-a-cabo-el-parlamento-del-norte-grande-en-jujuy\/","url":"https:\/\/www.muyjujuy.com\/index.php\/2022\/08\/12\/con-la-participacion-de-manzur-se-lleva-a-cabo-el-parlamento-del-norte-grande-en-jujuy\/","name":"Con la participaci\u00f3n de Manzur, se lleva a cabo el Parlamento del Norte Grande en Jujuy - Muy Jujuy","isPartOf":{"@id":"https:\/\/www.muyjujuy.com\/#website"},"primaryImageOfPage":{"@id":"https:\/\/www.muyjujuy.com\/index.php\/2022\/08\/12\/con-la-participacion-de-manzur-se-lleva-a-cabo-el-parlamento-del-norte-grande-en-jujuy\/#primaryimage"},"image":{"@id":"https:\/\/www.muyjujuy.com\/index.php\/2022\/08\/12\/con-la-participacion-de-manzur-se-lleva-a-cabo-el-parlamento-del-norte-grande-en-jujuy\/#primaryimage"},"thumbnailUrl":"https:\/\/www.muyjujuy.com\/wp-content\/uploads\/2022\/08\/WhatsApp-Image-2022-08-12-at-11.55.55-AM.jpeg","datePublished":"2022-08-12T14:58:45+00:00","dateModified":"2022-08-12T14:58:50+00:00","description":"El Parlamento del Norte Grande contin\u00faa este viernes los debates en Jujuy para avanzar en el an\u00e1lisis de pol\u00edticas de igualdad que favorezcan a esa regi\u00f3n.","breadcrumb":{"@id":"https:\/\/www.muyjujuy.com\/index.php\/2022\/08\/12\/con-la-participacion-de-manzur-se-lleva-a-cabo-el-parlamento-del-norte-grande-en-jujuy\/#breadcrumb"},"inLanguage":"es-AR","potentialAction":[{"@type":"ReadAction","target":["https:\/\/www.muyjujuy.com\/index.php\/2022\/08\/12\/con-la-participacion-de-manzur-se-lleva-a-cabo-el-parlamento-del-norte-grande-en-jujuy\/"]}]},{"@type":"ImageObject","inLanguage":"es-AR","@id":"https:\/\/www.muyjujuy.com\/index.php\/2022\/08\/12\/con-la-participacion-de-manzur-se-lleva-a-cabo-el-parlamento-del-norte-grande-en-jujuy\/#primaryimage","url":"https:\/\/www.muyjujuy.com\/wp-content\/uploads\/2022\/08\/WhatsApp-Image-2022-08-12-at-11.55.55-AM.jpeg","contentUrl":"https:\/\/www.muyjujuy.com\/wp-content\/uploads\/2022\/08\/WhatsApp-Image-2022-08-12-at-11.55.55-AM.jpeg","width":990,"height":610},{"@type":"BreadcrumbList","@id":"https:\/\/www.muyjujuy.com\/index.php\/2022\/08\/12\/con-la-participacion-de-manzur-se-lleva-a-cabo-el-parlamento-del-norte-grande-en-jujuy\/#breadcrumb","itemListElement":[{"@type":"ListItem","position":1,"name":"Inicio","item":"https:\/\/www.muyjujuy.com\/"},{"@type":"ListItem","position":2,"name":"Con la participaci\u00f3n de Manzur, se lleva a cabo el Parlamento del Norte Grande en Jujuy"}]},{"@type":"WebSite","@id":"https:\/\/www.muyjujuy.com\/#website","url":"https:\/\/www.muyjujuy.com\/","name":"Muy Jujuy","description":"","publisher":{"@id":"https:\/\/www.muyjujuy.com\/#organization"},"potentialAction":[{"@type":"SearchAction","target":{"@type":"EntryPoint","urlTemplate":"https:\/\/www.muyjujuy.com\/?s={search_term_string}"},"query-input":{"@type":"PropertyValueSpecification","valueRequired":true,"valueName":"search_term_string"}}],"inLanguage":"es-AR"},{"@type":"Organization","@id":"https:\/\/www.muyjujuy.com\/#organization","name":"Muy Jujuy","url":"https:\/\/www.muyjujuy.com\/","logo":{"@type":"ImageObject","inLanguage":"es-AR","@id":"https:\/\/www.muyjujuy.com\/#\/schema\/logo\/image\/","url":"http:\/\/www.muyjujuy.com\/wp-content\/uploads\/2022\/05\/logo-mobil-jujuy.png","contentUrl":"http:\/\/www.muyjujuy.com\/wp-content\/uploads\/2022\/05\/logo-mobil-jujuy.png","width":174,"height":81,"caption":"Muy Jujuy"},"image":{"@id":"https:\/\/www.muyjujuy.com\/#\/schema\/logo\/image\/"},"sameAs":["https:\/\/www.facebook.com\/muyjujuycom","https:\/\/x.com\/muyjujuy","https:\/\/www.instagram.com\/muyjujuycom"]},{"@type":"Person","@id":"https:\/\/www.muyjujuy.com\/#\/schema\/person\/1d0f6e223ccea9e3f9034c1a5b683bf2","name":"Redacci\u00f3n Muy Jujuy","image":{"@type":"ImageObject","inLanguage":"es-AR","@id":"https:\/\/secure.gravatar.com\/avatar\/fec5f6f1893d741ed5eecccff109ce43e67a855411202a3212a058cb8e5c27d4?s=96&d=mm&r=g","url":"https:\/\/secure.gravatar.com\/avatar\/fec5f6f1893d741ed5eecccff109ce43e67a855411202a3212a058cb8e5c27d4?s=96&d=mm&r=g","contentUrl":"https:\/\/secure.gravatar.com\/avatar\/fec5f6f1893d741ed5eecccff109ce43e67a855411202a3212a058cb8e5c27d4?s=96&d=mm&r=g","caption":"Redacci\u00f3n Muy Jujuy"},"url":"https:\/\/www.muyjujuy.com\/index.php\/author\/editor\/"}]}},"_links":{"self":[{"href":"https:\/\/www.muyjujuy.com\/index.php\/wp-json\/wp\/v2\/posts\/1186","targetHints":{"allow":["GET"]}}],"collection":[{"href":"https:\/\/www.muyjujuy.com\/index.php\/wp-json\/wp\/v2\/posts"}],"about":[{"href":"https:\/\/www.muyjujuy.com\/index.php\/wp-json\/wp\/v2\/types\/post"}],"author":[{"embeddable":true,"href":"https:\/\/www.muyjujuy.com\/index.php\/wp-json\/wp\/v2\/users\/3"}],"replies":[{"embeddable":true,"href":"https:\/\/www.muyjujuy.com\/index.php\/wp-json\/wp\/v2\/comments?post=1186"}],"version-history":[{"count":1,"href":"https:\/\/www.muyjujuy.com\/index.php\/wp-json\/wp\/v2\/posts\/1186\/revisions"}],"predecessor-version":[{"id":1188,"href":"https:\/\/www.muyjujuy.com\/index.php\/wp-json\/wp\/v2\/posts\/1186\/revisions\/1188"}],"wp:featuredmedia":[{"embeddable":true,"href":"https:\/\/www.muyjujuy.com\/index.php\/wp-json\/wp\/v2\/media\/1187"}],"wp:attachment":[{"href":"https:\/\/www.muyjujuy.com\/index.php\/wp-json\/wp\/v2\/media?parent=1186"}],"wp:term":[{"taxonomy":"category","embeddable":true,"href":"https:\/\/www.muyjujuy.com\/index.php\/wp-json\/wp\/v2\/categories?post=1186"},{"taxonomy":"post_tag","embeddable":true,"href":"https:\/\/www.muyjujuy.com\/index.php\/wp-json\/wp\/v2\/tags?post=1186"}],"curies":[{"name":"wp","href":"https:\/\/api.w.org\/{rel}","templated":true}]}}