{"id":1197,"date":"2022-08-16T09:51:46","date_gmt":"2022-08-16T12:51:46","guid":{"rendered":"https:\/\/www.muyjujuy.com\/?p=1197"},"modified":"2022-08-16T15:34:50","modified_gmt":"2022-08-16T18:34:50","slug":"preocupacion-por-incendios-forestales-en-distintos-puntos-de-la-provincia","status":"publish","type":"post","link":"https:\/\/www.muyjujuy.com\/index.php\/2022\/08\/16\/preocupacion-por-incendios-forestales-en-distintos-puntos-de-la-provincia\/","title":{"rendered":"Preocupaci\u00f3n por incendios forestales en distintos puntos de la provincia"},"content":{"rendered":"\n<p><strong>Las principales autoridades provinciales expresaron su preocupaci\u00f3n por los incendios sucedidos en los \u00faltimos d\u00edas.<\/strong><\/p>\n\n\n\n<p>Este \u00faltimo fin de semana se produjeron numerosos incendios en distintos puntos de la provincia de Jujuy, se puede mencionar entre ellos a <strong>Alto Comedero, Palpal\u00e1, San Pedro, El Brete <\/strong>y hubo focos \u00edgneos tambi\u00e9n en la<strong> ruta provincial N\u00ba1<\/strong>. La gran cantidad de focos \u00edgneos preocupa a las autoridades ya que temen que se provoquen grandes incendios. <\/p>\n\n\n\n<p> Alejandro Cooke, Director de Incendios y Emergencias Ambientales, explic\u00f3 en di\u00e1logo con Canal 4 que actualmente la provincia de Jujuy se encuentra en una situaci\u00f3n \u201cextrema. <em><strong>\u201cDurante toda la ma\u00f1ana y el mediod\u00eda estuvimos con diversos incendios y lo m\u00e1s preocupante de todo es que ninguno fue por causas naturales\u201d<\/strong><\/em>.<\/p>\n\n\n\n<p>Cooke asimismo indic\u00f3 que los trabajos se mantendr\u00e1n a lo largo de toda la jornada de hoy y parte de ma\u00f1ana ya que por el momento quedan a\u00fan muchos focos activos de incendio.<strong><em> \u201cMa\u00f1ana enviaremos refuerzos porque hay algunos que no se van a apagar y necesitamos controlar\u201d<\/em><\/strong>.<\/p>\n\n\n\n<h2 class=\"wp-block-heading\">El funcionario dio algunas recomendaciones para prevenir incendios<\/h2>\n\n\n\n<p>Cooke record\u00f3 a la gente que no es momento desde ahora hasta el mes de diciembre, <strong>de hacer quemas, ni podas, tampoco tirar cigarrillos como tampoco hacer asados en lugares no permitidos<\/strong>. En caso de hacerlo en lugares habilitados, asegurarse de que no quede nada prendido por obvias razones.<\/p>\n\n\n\n<p><strong><em>\u201cDesde el gobierno de la provincia y el Ministerio de Ambiente realizamos todas las actividades para evitar que se provoquen incendios. Podemos atacarlos y detenerlos, pero si los brigadistas que tambi\u00e9n son los propios juje\u00f1os, no ayudan, as\u00ed no se puede\u201d<\/em><\/strong>, expres\u00f3 con pesar el Director de Incendios de la provincia.<\/p>\n\n\n\n<p>Por otro lado record\u00f3 tambi\u00e9n que ante cualquier foco \u00edgneo que un vecino pueda observar, se debe comunicar de inmediato al 911, o al 100 para que acudan al lugar de forma inmediata. <em>\u201cEs preferible alertar sin estar totalmente seguros de si se trata de un incendio, a que dejar que pase el tiempo y que se convierta en algo peor\u201d<\/em>, indic\u00f3 Alejandro Cooke.<\/p>\n\n\n\n<h2 class=\"wp-block-heading\">C\u00f3mo se presentar\u00e1 el clima en los pr\u00f3ximos d\u00edas <\/h2>\n\n\n\n<p>Con respecto a la situaci\u00f3n clim\u00e1tica para los pr\u00f3ximos d\u00edas, seg\u00fan anticip\u00f3 el entrevistado, no hay anuncio de lluvias durante las pr\u00f3ximas semanas. Sin bien las temperaturas van a descender un poco, el ambiente se mantendr\u00e1 seco y las condiciones no ser\u00e1n las mejores si se vuelven a dar episodios de viento norte.<\/p>\n\n\n\n<p>\u201c<em>La situaci\u00f3n est\u00e1 muy cr\u00edtica por lo que debemos tener much\u00edsimo cuidado porque est\u00e1n dadas todas las condiciones para que este tipo de focos se produzcan\u201d<\/em>, indic\u00f3. El clima ser\u00e1 seco y favorecer\u00e1 los focos \u00edgneos a crecer a\u00fan m\u00e1s. <\/p>\n\n\n\n<p>Otro de los datos alarmantes que brind\u00f3 Alejandro Cooke fue que a nivel general entre ayer y hoy se quemaron entre 30 y 40 hect\u00e1reas en toda la provincia, con posibilidades de que este n\u00famero crezca en los pr\u00f3ximos d\u00edas. <\/p>\n\n\n\n<p>Record\u00e1 informarte sobre todo lo que sucede en la provincia de Jujuy, en el pa\u00eds y en el mundo en&nbsp;<a href=\"https:\/\/muyjujuy.com\/\">Muy Jujuy<\/a><\/p>\n","protected":false},"excerpt":{"rendered":"<p>Las principales autoridades provinciales expresaron su preocupaci\u00f3n por los incendios sucedidos en los \u00faltimos d\u00edas. Este \u00faltimo fin de semana se produjeron numerosos incendios en distintos puntos de la provincia de Jujuy, se puede mencionar entre ellos a Alto Comedero, Palpal\u00e1, San Pedro, El Brete y hubo focos \u00edgneos tambi\u00e9n en la ruta provincial N\u00ba1. [&hellip;]<\/p>\n","protected":false},"author":5,"featured_media":1198,"comment_status":"open","ping_status":"open","sticky":false,"template":"","format":"standard","meta":{"footnotes":""},"categories":[25],"tags":[647,5,735,8],"class_list":{"0":"post-1197","1":"post","2":"type-post","3":"status-publish","4":"format-standard","5":"has-post-thumbnail","7":"category-sociedad","8":"tag-alto-comedero","9":"tag-gerardo-morales","10":"tag-incendios-forestales","11":"tag-jujuy"},"yoast_head":"<!-- This site is optimized with the Yoast SEO plugin v27.5 - https:\/\/yoast.com\/product\/yoast-seo-wordpress\/ -->\n<title>Preocupaci\u00f3n por incendios forestales en distintos puntos de la provincia - Muy Jujuy<\/title>\n<meta name=\"robots\" content=\"index, follow, max-snippet:-1, max-image-preview:large, max-video-preview:-1\" \/>\n<link rel=\"canonical\" href=\"https:\/\/www.muyjujuy.com\/index.php\/2022\/08\/16\/preocupacion-por-incendios-forestales-en-distintos-puntos-de-la-provincia\/\" \/>\n<meta property=\"og:locale\" content=\"es_ES\" \/>\n<meta property=\"og:type\" content=\"article\" \/>\n<meta property=\"og:title\" content=\"Preocupaci\u00f3n por incendios forestales en distintos puntos de la provincia - Muy Jujuy\" \/>\n<meta property=\"og:description\" content=\"Las principales autoridades provinciales expresaron su preocupaci\u00f3n por los incendios sucedidos en los \u00faltimos d\u00edas. Este \u00faltimo fin de semana se produjeron numerosos incendios en distintos puntos de la provincia de Jujuy, se puede mencionar entre ellos a Alto Comedero, Palpal\u00e1, San Pedro, El Brete y hubo focos \u00edgneos tambi\u00e9n en la ruta provincial N\u00ba1. [&hellip;]\" \/>\n<meta property=\"og:url\" content=\"https:\/\/www.muyjujuy.com\/index.php\/2022\/08\/16\/preocupacion-por-incendios-forestales-en-distintos-puntos-de-la-provincia\/\" \/>\n<meta property=\"og:site_name\" content=\"Muy Jujuy\" \/>\n<meta property=\"article:publisher\" content=\"https:\/\/www.facebook.com\/muyjujuycom\" \/>\n<meta property=\"article:published_time\" content=\"2022-08-16T12:51:46+00:00\" \/>\n<meta property=\"article:modified_time\" content=\"2022-08-16T18:34:50+00:00\" \/>\n<meta property=\"og:image\" content=\"https:\/\/www.muyjujuy.com\/wp-content\/uploads\/2022\/08\/incendios-forestalesjujy.jpg\" \/>\n\t<meta property=\"og:image:width\" content=\"990\" \/>\n\t<meta property=\"og:image:height\" content=\"610\" \/>\n\t<meta property=\"og:image:type\" content=\"image\/jpeg\" \/>\n<meta name=\"author\" content=\"Redactor\" \/>\n<meta name=\"twitter:card\" content=\"summary_large_image\" \/>\n<meta name=\"twitter:creator\" content=\"@muyjujuy\" \/>\n<meta name=\"twitter:site\" content=\"@muyjujuy\" \/>\n<meta name=\"twitter:label1\" content=\"Escrito por\" \/>\n\t<meta name=\"twitter:data1\" content=\"Redactor\" \/>\n\t<meta name=\"twitter:label2\" content=\"Tiempo de lectura\" \/>\n\t<meta name=\"twitter:data2\" content=\"3 minutos\" \/>\n<script type=\"application\/ld+json\" class=\"yoast-schema-graph\">{\"@context\":\"https:\\\/\\\/schema.org\",\"@graph\":[{\"@type\":\"Article\",\"@id\":\"https:\\\/\\\/www.muyjujuy.com\\\/index.php\\\/2022\\\/08\\\/16\\\/preocupacion-por-incendios-forestales-en-distintos-puntos-de-la-provincia\\\/#article\",\"isPartOf\":{\"@id\":\"https:\\\/\\\/www.muyjujuy.com\\\/index.php\\\/2022\\\/08\\\/16\\\/preocupacion-por-incendios-forestales-en-distintos-puntos-de-la-provincia\\\/\"},\"author\":{\"name\":\"Redactor\",\"@id\":\"https:\\\/\\\/www.muyjujuy.com\\\/#\\\/schema\\\/person\\\/0912feea916a101cf58b29a51bd43824\"},\"headline\":\"Preocupaci\u00f3n por incendios forestales en distintos puntos de la provincia\",\"datePublished\":\"2022-08-16T12:51:46+00:00\",\"dateModified\":\"2022-08-16T18:34:50+00:00\",\"mainEntityOfPage\":{\"@id\":\"https:\\\/\\\/www.muyjujuy.com\\\/index.php\\\/2022\\\/08\\\/16\\\/preocupacion-por-incendios-forestales-en-distintos-puntos-de-la-provincia\\\/\"},\"wordCount\":550,\"commentCount\":0,\"publisher\":{\"@id\":\"https:\\\/\\\/www.muyjujuy.com\\\/#organization\"},\"image\":{\"@id\":\"https:\\\/\\\/www.muyjujuy.com\\\/index.php\\\/2022\\\/08\\\/16\\\/preocupacion-por-incendios-forestales-en-distintos-puntos-de-la-provincia\\\/#primaryimage\"},\"thumbnailUrl\":\"https:\\\/\\\/www.muyjujuy.com\\\/wp-content\\\/uploads\\\/2022\\\/08\\\/incendios-forestalesjujy.jpg\",\"keywords\":[\"Alto Comedero\",\"Gerardo Morales\",\"Incendios forestales\",\"Jujuy\"],\"articleSection\":[\"Sociedad\"],\"inLanguage\":\"es-AR\",\"potentialAction\":[{\"@type\":\"CommentAction\",\"name\":\"Comment\",\"target\":[\"https:\\\/\\\/www.muyjujuy.com\\\/index.php\\\/2022\\\/08\\\/16\\\/preocupacion-por-incendios-forestales-en-distintos-puntos-de-la-provincia\\\/#respond\"]}]},{\"@type\":\"WebPage\",\"@id\":\"https:\\\/\\\/www.muyjujuy.com\\\/index.php\\\/2022\\\/08\\\/16\\\/preocupacion-por-incendios-forestales-en-distintos-puntos-de-la-provincia\\\/\",\"url\":\"https:\\\/\\\/www.muyjujuy.com\\\/index.php\\\/2022\\\/08\\\/16\\\/preocupacion-por-incendios-forestales-en-distintos-puntos-de-la-provincia\\\/\",\"name\":\"Preocupaci\u00f3n por incendios forestales en distintos puntos de la provincia - Muy Jujuy\",\"isPartOf\":{\"@id\":\"https:\\\/\\\/www.muyjujuy.com\\\/#website\"},\"primaryImageOfPage\":{\"@id\":\"https:\\\/\\\/www.muyjujuy.com\\\/index.php\\\/2022\\\/08\\\/16\\\/preocupacion-por-incendios-forestales-en-distintos-puntos-de-la-provincia\\\/#primaryimage\"},\"image\":{\"@id\":\"https:\\\/\\\/www.muyjujuy.com\\\/index.php\\\/2022\\\/08\\\/16\\\/preocupacion-por-incendios-forestales-en-distintos-puntos-de-la-provincia\\\/#primaryimage\"},\"thumbnailUrl\":\"https:\\\/\\\/www.muyjujuy.com\\\/wp-content\\\/uploads\\\/2022\\\/08\\\/incendios-forestalesjujy.jpg\",\"datePublished\":\"2022-08-16T12:51:46+00:00\",\"dateModified\":\"2022-08-16T18:34:50+00:00\",\"breadcrumb\":{\"@id\":\"https:\\\/\\\/www.muyjujuy.com\\\/index.php\\\/2022\\\/08\\\/16\\\/preocupacion-por-incendios-forestales-en-distintos-puntos-de-la-provincia\\\/#breadcrumb\"},\"inLanguage\":\"es-AR\",\"potentialAction\":[{\"@type\":\"ReadAction\",\"target\":[\"https:\\\/\\\/www.muyjujuy.com\\\/index.php\\\/2022\\\/08\\\/16\\\/preocupacion-por-incendios-forestales-en-distintos-puntos-de-la-provincia\\\/\"]}]},{\"@type\":\"ImageObject\",\"inLanguage\":\"es-AR\",\"@id\":\"https:\\\/\\\/www.muyjujuy.com\\\/index.php\\\/2022\\\/08\\\/16\\\/preocupacion-por-incendios-forestales-en-distintos-puntos-de-la-provincia\\\/#primaryimage\",\"url\":\"https:\\\/\\\/www.muyjujuy.com\\\/wp-content\\\/uploads\\\/2022\\\/08\\\/incendios-forestalesjujy.jpg\",\"contentUrl\":\"https:\\\/\\\/www.muyjujuy.com\\\/wp-content\\\/uploads\\\/2022\\\/08\\\/incendios-forestalesjujy.jpg\",\"width\":990,\"height\":610},{\"@type\":\"BreadcrumbList\",\"@id\":\"https:\\\/\\\/www.muyjujuy.com\\\/index.php\\\/2022\\\/08\\\/16\\\/preocupacion-por-incendios-forestales-en-distintos-puntos-de-la-provincia\\\/#breadcrumb\",\"itemListElement\":[{\"@type\":\"ListItem\",\"position\":1,\"name\":\"Inicio\",\"item\":\"https:\\\/\\\/www.muyjujuy.com\\\/\"},{\"@type\":\"ListItem\",\"position\":2,\"name\":\"Preocupaci\u00f3n por incendios forestales en distintos puntos de la provincia\"}]},{\"@type\":\"WebSite\",\"@id\":\"https:\\\/\\\/www.muyjujuy.com\\\/#website\",\"url\":\"https:\\\/\\\/www.muyjujuy.com\\\/\",\"name\":\"Muy Jujuy\",\"description\":\"\",\"publisher\":{\"@id\":\"https:\\\/\\\/www.muyjujuy.com\\\/#organization\"},\"potentialAction\":[{\"@type\":\"SearchAction\",\"target\":{\"@type\":\"EntryPoint\",\"urlTemplate\":\"https:\\\/\\\/www.muyjujuy.com\\\/?s={search_term_string}\"},\"query-input\":{\"@type\":\"PropertyValueSpecification\",\"valueRequired\":true,\"valueName\":\"search_term_string\"}}],\"inLanguage\":\"es-AR\"},{\"@type\":\"Organization\",\"@id\":\"https:\\\/\\\/www.muyjujuy.com\\\/#organization\",\"name\":\"Muy Jujuy\",\"url\":\"https:\\\/\\\/www.muyjujuy.com\\\/\",\"logo\":{\"@type\":\"ImageObject\",\"inLanguage\":\"es-AR\",\"@id\":\"https:\\\/\\\/www.muyjujuy.com\\\/#\\\/schema\\\/logo\\\/image\\\/\",\"url\":\"http:\\\/\\\/www.muyjujuy.com\\\/wp-content\\\/uploads\\\/2022\\\/05\\\/logo-mobil-jujuy.png\",\"contentUrl\":\"http:\\\/\\\/www.muyjujuy.com\\\/wp-content\\\/uploads\\\/2022\\\/05\\\/logo-mobil-jujuy.png\",\"width\":174,\"height\":81,\"caption\":\"Muy Jujuy\"},\"image\":{\"@id\":\"https:\\\/\\\/www.muyjujuy.com\\\/#\\\/schema\\\/logo\\\/image\\\/\"},\"sameAs\":[\"https:\\\/\\\/www.facebook.com\\\/muyjujuycom\",\"https:\\\/\\\/x.com\\\/muyjujuy\",\"https:\\\/\\\/www.instagram.com\\\/muyjujuycom\"]},{\"@type\":\"Person\",\"@id\":\"https:\\\/\\\/www.muyjujuy.com\\\/#\\\/schema\\\/person\\\/0912feea916a101cf58b29a51bd43824\",\"name\":\"Redactor\",\"image\":{\"@type\":\"ImageObject\",\"inLanguage\":\"es-AR\",\"@id\":\"https:\\\/\\\/secure.gravatar.com\\\/avatar\\\/c07d71e867cb39c58973815e9a9714afdaa60c3e7fafdabfb21605f2d13255be?s=96&d=mm&r=g\",\"url\":\"https:\\\/\\\/secure.gravatar.com\\\/avatar\\\/c07d71e867cb39c58973815e9a9714afdaa60c3e7fafdabfb21605f2d13255be?s=96&d=mm&r=g\",\"contentUrl\":\"https:\\\/\\\/secure.gravatar.com\\\/avatar\\\/c07d71e867cb39c58973815e9a9714afdaa60c3e7fafdabfb21605f2d13255be?s=96&d=mm&r=g\",\"caption\":\"Redactor\"},\"url\":\"https:\\\/\\\/www.muyjujuy.com\\\/index.php\\\/author\\\/redactor\\\/\"}]}<\/script>\n<!-- \/ Yoast SEO plugin. -->","yoast_head_json":{"title":"Preocupaci\u00f3n por incendios forestales en distintos puntos de la provincia - Muy Jujuy","robots":{"index":"index","follow":"follow","max-snippet":"max-snippet:-1","max-image-preview":"max-image-preview:large","max-video-preview":"max-video-preview:-1"},"canonical":"https:\/\/www.muyjujuy.com\/index.php\/2022\/08\/16\/preocupacion-por-incendios-forestales-en-distintos-puntos-de-la-provincia\/","og_locale":"es_ES","og_type":"article","og_title":"Preocupaci\u00f3n por incendios forestales en distintos puntos de la provincia - Muy Jujuy","og_description":"Las principales autoridades provinciales expresaron su preocupaci\u00f3n por los incendios sucedidos en los \u00faltimos d\u00edas. Este \u00faltimo fin de semana se produjeron numerosos incendios en distintos puntos de la provincia de Jujuy, se puede mencionar entre ellos a Alto Comedero, Palpal\u00e1, San Pedro, El Brete y hubo focos \u00edgneos tambi\u00e9n en la ruta provincial N\u00ba1. [&hellip;]","og_url":"https:\/\/www.muyjujuy.com\/index.php\/2022\/08\/16\/preocupacion-por-incendios-forestales-en-distintos-puntos-de-la-provincia\/","og_site_name":"Muy Jujuy","article_publisher":"https:\/\/www.facebook.com\/muyjujuycom","article_published_time":"2022-08-16T12:51:46+00:00","article_modified_time":"2022-08-16T18:34:50+00:00","og_image":[{"width":990,"height":610,"url":"https:\/\/www.muyjujuy.com\/wp-content\/uploads\/2022\/08\/incendios-forestalesjujy.jpg","type":"image\/jpeg"}],"author":"Redactor","twitter_card":"summary_large_image","twitter_creator":"@muyjujuy","twitter_site":"@muyjujuy","twitter_misc":{"Escrito por":"Redactor","Tiempo de lectura":"3 minutos"},"schema":{"@context":"https:\/\/schema.org","@graph":[{"@type":"Article","@id":"https:\/\/www.muyjujuy.com\/index.php\/2022\/08\/16\/preocupacion-por-incendios-forestales-en-distintos-puntos-de-la-provincia\/#article","isPartOf":{"@id":"https:\/\/www.muyjujuy.com\/index.php\/2022\/08\/16\/preocupacion-por-incendios-forestales-en-distintos-puntos-de-la-provincia\/"},"author":{"name":"Redactor","@id":"https:\/\/www.muyjujuy.com\/#\/schema\/person\/0912feea916a101cf58b29a51bd43824"},"headline":"Preocupaci\u00f3n por incendios forestales en distintos puntos de la provincia","datePublished":"2022-08-16T12:51:46+00:00","dateModified":"2022-08-16T18:34:50+00:00","mainEntityOfPage":{"@id":"https:\/\/www.muyjujuy.com\/index.php\/2022\/08\/16\/preocupacion-por-incendios-forestales-en-distintos-puntos-de-la-provincia\/"},"wordCount":550,"commentCount":0,"publisher":{"@id":"https:\/\/www.muyjujuy.com\/#organization"},"image":{"@id":"https:\/\/www.muyjujuy.com\/index.php\/2022\/08\/16\/preocupacion-por-incendios-forestales-en-distintos-puntos-de-la-provincia\/#primaryimage"},"thumbnailUrl":"https:\/\/www.muyjujuy.com\/wp-content\/uploads\/2022\/08\/incendios-forestalesjujy.jpg","keywords":["Alto Comedero","Gerardo Morales","Incendios forestales","Jujuy"],"articleSection":["Sociedad"],"inLanguage":"es-AR","potentialAction":[{"@type":"CommentAction","name":"Comment","target":["https:\/\/www.muyjujuy.com\/index.php\/2022\/08\/16\/preocupacion-por-incendios-forestales-en-distintos-puntos-de-la-provincia\/#respond"]}]},{"@type":"WebPage","@id":"https:\/\/www.muyjujuy.com\/index.php\/2022\/08\/16\/preocupacion-por-incendios-forestales-en-distintos-puntos-de-la-provincia\/","url":"https:\/\/www.muyjujuy.com\/index.php\/2022\/08\/16\/preocupacion-por-incendios-forestales-en-distintos-puntos-de-la-provincia\/","name":"Preocupaci\u00f3n por incendios forestales en distintos puntos de la provincia - Muy Jujuy","isPartOf":{"@id":"https:\/\/www.muyjujuy.com\/#website"},"primaryImageOfPage":{"@id":"https:\/\/www.muyjujuy.com\/index.php\/2022\/08\/16\/preocupacion-por-incendios-forestales-en-distintos-puntos-de-la-provincia\/#primaryimage"},"image":{"@id":"https:\/\/www.muyjujuy.com\/index.php\/2022\/08\/16\/preocupacion-por-incendios-forestales-en-distintos-puntos-de-la-provincia\/#primaryimage"},"thumbnailUrl":"https:\/\/www.muyjujuy.com\/wp-content\/uploads\/2022\/08\/incendios-forestalesjujy.jpg","datePublished":"2022-08-16T12:51:46+00:00","dateModified":"2022-08-16T18:34:50+00:00","breadcrumb":{"@id":"https:\/\/www.muyjujuy.com\/index.php\/2022\/08\/16\/preocupacion-por-incendios-forestales-en-distintos-puntos-de-la-provincia\/#breadcrumb"},"inLanguage":"es-AR","potentialAction":[{"@type":"ReadAction","target":["https:\/\/www.muyjujuy.com\/index.php\/2022\/08\/16\/preocupacion-por-incendios-forestales-en-distintos-puntos-de-la-provincia\/"]}]},{"@type":"ImageObject","inLanguage":"es-AR","@id":"https:\/\/www.muyjujuy.com\/index.php\/2022\/08\/16\/preocupacion-por-incendios-forestales-en-distintos-puntos-de-la-provincia\/#primaryimage","url":"https:\/\/www.muyjujuy.com\/wp-content\/uploads\/2022\/08\/incendios-forestalesjujy.jpg","contentUrl":"https:\/\/www.muyjujuy.com\/wp-content\/uploads\/2022\/08\/incendios-forestalesjujy.jpg","width":990,"height":610},{"@type":"BreadcrumbList","@id":"https:\/\/www.muyjujuy.com\/index.php\/2022\/08\/16\/preocupacion-por-incendios-forestales-en-distintos-puntos-de-la-provincia\/#breadcrumb","itemListElement":[{"@type":"ListItem","position":1,"name":"Inicio","item":"https:\/\/www.muyjujuy.com\/"},{"@type":"ListItem","position":2,"name":"Preocupaci\u00f3n por incendios forestales en distintos puntos de la provincia"}]},{"@type":"WebSite","@id":"https:\/\/www.muyjujuy.com\/#website","url":"https:\/\/www.muyjujuy.com\/","name":"Muy Jujuy","description":"","publisher":{"@id":"https:\/\/www.muyjujuy.com\/#organization"},"potentialAction":[{"@type":"SearchAction","target":{"@type":"EntryPoint","urlTemplate":"https:\/\/www.muyjujuy.com\/?s={search_term_string}"},"query-input":{"@type":"PropertyValueSpecification","valueRequired":true,"valueName":"search_term_string"}}],"inLanguage":"es-AR"},{"@type":"Organization","@id":"https:\/\/www.muyjujuy.com\/#organization","name":"Muy Jujuy","url":"https:\/\/www.muyjujuy.com\/","logo":{"@type":"ImageObject","inLanguage":"es-AR","@id":"https:\/\/www.muyjujuy.com\/#\/schema\/logo\/image\/","url":"http:\/\/www.muyjujuy.com\/wp-content\/uploads\/2022\/05\/logo-mobil-jujuy.png","contentUrl":"http:\/\/www.muyjujuy.com\/wp-content\/uploads\/2022\/05\/logo-mobil-jujuy.png","width":174,"height":81,"caption":"Muy Jujuy"},"image":{"@id":"https:\/\/www.muyjujuy.com\/#\/schema\/logo\/image\/"},"sameAs":["https:\/\/www.facebook.com\/muyjujuycom","https:\/\/x.com\/muyjujuy","https:\/\/www.instagram.com\/muyjujuycom"]},{"@type":"Person","@id":"https:\/\/www.muyjujuy.com\/#\/schema\/person\/0912feea916a101cf58b29a51bd43824","name":"Redactor","image":{"@type":"ImageObject","inLanguage":"es-AR","@id":"https:\/\/secure.gravatar.com\/avatar\/c07d71e867cb39c58973815e9a9714afdaa60c3e7fafdabfb21605f2d13255be?s=96&d=mm&r=g","url":"https:\/\/secure.gravatar.com\/avatar\/c07d71e867cb39c58973815e9a9714afdaa60c3e7fafdabfb21605f2d13255be?s=96&d=mm&r=g","contentUrl":"https:\/\/secure.gravatar.com\/avatar\/c07d71e867cb39c58973815e9a9714afdaa60c3e7fafdabfb21605f2d13255be?s=96&d=mm&r=g","caption":"Redactor"},"url":"https:\/\/www.muyjujuy.com\/index.php\/author\/redactor\/"}]}},"_links":{"self":[{"href":"https:\/\/www.muyjujuy.com\/index.php\/wp-json\/wp\/v2\/posts\/1197","targetHints":{"allow":["GET"]}}],"collection":[{"href":"https:\/\/www.muyjujuy.com\/index.php\/wp-json\/wp\/v2\/posts"}],"about":[{"href":"https:\/\/www.muyjujuy.com\/index.php\/wp-json\/wp\/v2\/types\/post"}],"author":[{"embeddable":true,"href":"https:\/\/www.muyjujuy.com\/index.php\/wp-json\/wp\/v2\/users\/5"}],"replies":[{"embeddable":true,"href":"https:\/\/www.muyjujuy.com\/index.php\/wp-json\/wp\/v2\/comments?post=1197"}],"version-history":[{"count":4,"href":"https:\/\/www.muyjujuy.com\/index.php\/wp-json\/wp\/v2\/posts\/1197\/revisions"}],"predecessor-version":[{"id":1212,"href":"https:\/\/www.muyjujuy.com\/index.php\/wp-json\/wp\/v2\/posts\/1197\/revisions\/1212"}],"wp:featuredmedia":[{"embeddable":true,"href":"https:\/\/www.muyjujuy.com\/index.php\/wp-json\/wp\/v2\/media\/1198"}],"wp:attachment":[{"href":"https:\/\/www.muyjujuy.com\/index.php\/wp-json\/wp\/v2\/media?parent=1197"}],"wp:term":[{"taxonomy":"category","embeddable":true,"href":"https:\/\/www.muyjujuy.com\/index.php\/wp-json\/wp\/v2\/categories?post=1197"},{"taxonomy":"post_tag","embeddable":true,"href":"https:\/\/www.muyjujuy.com\/index.php\/wp-json\/wp\/v2\/tags?post=1197"}],"curies":[{"name":"wp","href":"https:\/\/api.w.org\/{rel}","templated":true}]}}