{"id":1226,"date":"2022-08-17T17:22:56","date_gmt":"2022-08-17T20:22:56","guid":{"rendered":"https:\/\/www.muyjujuy.com\/?p=1226"},"modified":"2022-08-17T17:23:00","modified_gmt":"2022-08-17T20:23:00","slug":"gerardo-morales-la-corrupcion-degrado-moralmente-a-la-argentina","status":"publish","type":"post","link":"https:\/\/www.muyjujuy.com\/index.php\/2022\/08\/17\/gerardo-morales-la-corrupcion-degrado-moralmente-a-la-argentina\/","title":{"rendered":"Gerardo Morales: &#8220;La corrupci\u00f3n degrad\u00f3 moralmente a la Argentina&#8221;"},"content":{"rendered":"\n<p><strong>El gobernador estuvo de visita en la ciudad bonaerense de Trenque Lauquen y dio un contundente discurso.<\/strong><\/p>\n\n\n\n<p>El gobernador de Jujuy y presidente de la UCR, <strong>Gerardo Morales<\/strong>, cerr\u00f3 su visita a la ciudad bonaerense de Trenque Lauquen con un importante acto en el Comit\u00e9 de la UCR local. Durante su discurso Morales expres\u00f3:<\/p>\n\n\n\n<p><em>&#8220;Vivimos una situaci\u00f3n muy complicada en el pa\u00eds, una crisis que es responsabilidad exclusiva del FDT, porque cuando dejamos el gobierno en 2019 hab\u00eda equilibrio fiscal, y el d\u00e9ficit en la cuenta de energ\u00eda era de 4500 millones de d\u00f3lares, hoy es de 16 mil millones. Lo que ha hecho este gobierno es generarnos este problema que tenemos, en 2 a\u00f1os y unos pocos meses aumentaron el d\u00e9ficit s\u00f3lo en esa cuenta 12 mil millones de d\u00f3lares, por eso no hay d\u00f3lares en el Banco Central&#8221;<\/em>, sostuvo. <\/p>\n\n\n\n<h2 class=\"wp-block-heading\">Morales habl\u00f3 de las causas de corrupci\u00f3n<\/h2>\n\n\n\n<p><em>&#8220;Hoy se est\u00e1 llevando a cabo uno de los juicios m\u00e1s importantes, que tiene que ver con desnudar la matriz de corrupci\u00f3n que degrad\u00f3 culturalmente a la Rep\u00fablica Argentina&#8221;<\/em>.<\/p>\n\n\n\n<p><em>&#8220;La gente est\u00e1 volviendo a ver a la Uni\u00f3n C\u00edvica Radical, por eso tenemos que actuar con una gran responsabilidad en este partido, que es un partido moderno. Abrazamos una agenda moderna en Corrientes, en Mendoza, en cada uno de los municipios donde gobierna la UCR<\/em>&#8220;.<\/p>\n\n\n\n<p>&#8220;<em>Abrazamos tambi\u00e9n una agenda moderna en Jujuy, donde resolvimos lo primero que hab\u00eda que resolver y que es algo que tenemos pendiente todav\u00eda en todo el territorio de la Rep\u00fablica Argentina, porque es en Jujuy donde se dio la matriz de corrupci\u00f3n y de violencia de la mano de algunas organizaciones sociales con las que hab\u00eda que terminar para recuperar la paz en Jujuy, para devolverle el orden democr\u00e1tico a la provincia, para convertir una provincia que se dec\u00eda inviable en una provincia con proyectos y futuro, como es cada una de las provincias de la Rep\u00fablica Argentina&#8221;<\/em><\/p>\n\n\n\n<h2 class=\"wp-block-heading\">Morales habl\u00f3 de la interna de Juntos por el Cambio<\/h2>\n\n\n\n<p><em>&#8220;Tenemos que dar un debate en Juntos por el Cambio, tenemos que darnos un plan de gobierno y saldar algunas cuestiones de diferencias que tenemos con nuestros socios en Juntos por el Cambio, tenemos que parar a la coalici\u00f3n en el centro, tenemos que romper esa grieta que le ha hecho tanto mal a la Rep\u00fablica Argentina y sembrar el camino, tenemos que tener un plan de gobierno y tener di\u00e1logo para construir consensos por el pa\u00eds para las actuales y futuras generaciones&#8221;.<\/em><\/p>\n\n\n\n<p>Junto al mandatario provincial estuvieron presentes en el acto <strong>Miguel Fern\u00e1ndez<\/strong>, intendente de Trenque Lauquen, el intendente del partido de Pellegrini, Jorge Pacheco, el diputado nacional Jorge Rizotti, la senadora Provincial Erica Revilla, el prosecretario parlamentario del Senado Jorge Tunesi, Manuel Cisneros presidente de la juventud radical de la provincia de Buenos Aires, Gabriela Aymar presidente del comit\u00e9 de Trenque Lauquen, dirigentes, funcionarios y militantes de la UCR de toda la provincia de Buenos Aires.<\/p>\n\n\n\n<p><strong>Antes de ese acto Morales firm\u00f3 un acuerdo de cooperaci\u00f3n con el intendente de Trenque Lauquen dirigido a compartir informaci\u00f3n y promover acciones de colaboraci\u00f3n productiva y cient\u00edfica para el estudio y producci\u00f3n de cannabis con fines medicinales.<\/strong><\/p>\n\n\n\n<p>La recorrida de Morales por la provincia de Buenos Aires continuar\u00e1 en Azul y Olavarr\u00eda, donde desarrollar\u00e1 una intensa agenda con el objetivo de fortalecer el rol de la UCR en Juntos por el Cambio, adem\u00e1s de consolidar y ampliar el principal espacio opositor de la Argentina.<\/p>\n","protected":false},"excerpt":{"rendered":"<p>El gobernador estuvo de visita en la ciudad bonaerense de Trenque Lauquen y dio un contundente discurso. El gobernador de Jujuy y presidente de la UCR, Gerardo Morales, cerr\u00f3 su visita a la ciudad bonaerense de Trenque Lauquen con un importante acto en el Comit\u00e9 de la UCR local. Durante su discurso Morales expres\u00f3: &#8220;Vivimos [&hellip;]<\/p>\n","protected":false},"author":5,"featured_media":1227,"comment_status":"open","ping_status":"open","sticky":false,"template":"","format":"standard","meta":{"footnotes":""},"categories":[24],"tags":[5,8,777],"class_list":{"0":"post-1226","1":"post","2":"type-post","3":"status-publish","4":"format-standard","5":"has-post-thumbnail","7":"category-politica","8":"tag-gerardo-morales","9":"tag-jujuy","10":"tag-union-civica-radical"},"yoast_head":"<!-- This site is optimized with the Yoast SEO plugin v27.5 - https:\/\/yoast.com\/product\/yoast-seo-wordpress\/ -->\n<title>Gerardo Morales: &quot;La corrupci\u00f3n degrad\u00f3 moralmente a la Argentina&quot; - Muy Jujuy<\/title>\n<meta name=\"robots\" content=\"index, follow, max-snippet:-1, max-image-preview:large, max-video-preview:-1\" \/>\n<link rel=\"canonical\" href=\"https:\/\/www.muyjujuy.com\/index.php\/2022\/08\/17\/gerardo-morales-la-corrupcion-degrado-moralmente-a-la-argentina\/\" \/>\n<meta property=\"og:locale\" content=\"es_ES\" \/>\n<meta property=\"og:type\" content=\"article\" \/>\n<meta property=\"og:title\" content=\"Gerardo Morales: &quot;La corrupci\u00f3n degrad\u00f3 moralmente a la Argentina&quot; - Muy Jujuy\" \/>\n<meta property=\"og:description\" content=\"El gobernador estuvo de visita en la ciudad bonaerense de Trenque Lauquen y dio un contundente discurso. El gobernador de Jujuy y presidente de la UCR, Gerardo Morales, cerr\u00f3 su visita a la ciudad bonaerense de Trenque Lauquen con un importante acto en el Comit\u00e9 de la UCR local. Durante su discurso Morales expres\u00f3: &#8220;Vivimos [&hellip;]\" \/>\n<meta property=\"og:url\" content=\"https:\/\/www.muyjujuy.com\/index.php\/2022\/08\/17\/gerardo-morales-la-corrupcion-degrado-moralmente-a-la-argentina\/\" \/>\n<meta property=\"og:site_name\" content=\"Muy Jujuy\" \/>\n<meta property=\"article:publisher\" content=\"https:\/\/www.facebook.com\/muyjujuycom\" \/>\n<meta property=\"article:published_time\" content=\"2022-08-17T20:22:56+00:00\" \/>\n<meta property=\"article:modified_time\" content=\"2022-08-17T20:23:00+00:00\" \/>\n<meta property=\"og:image\" content=\"https:\/\/www.muyjujuy.com\/wp-content\/uploads\/2022\/08\/morales2.png\" \/>\n\t<meta property=\"og:image:width\" content=\"561\" \/>\n\t<meta property=\"og:image:height\" content=\"420\" \/>\n\t<meta property=\"og:image:type\" content=\"image\/png\" \/>\n<meta name=\"author\" content=\"Redactor\" \/>\n<meta name=\"twitter:card\" content=\"summary_large_image\" \/>\n<meta name=\"twitter:creator\" content=\"@muyjujuy\" \/>\n<meta name=\"twitter:site\" content=\"@muyjujuy\" \/>\n<meta name=\"twitter:label1\" content=\"Escrito por\" \/>\n\t<meta name=\"twitter:data1\" content=\"Redactor\" \/>\n\t<meta name=\"twitter:label2\" content=\"Tiempo de lectura\" \/>\n\t<meta name=\"twitter:data2\" content=\"3 minutos\" \/>\n<script type=\"application\/ld+json\" class=\"yoast-schema-graph\">{\"@context\":\"https:\\\/\\\/schema.org\",\"@graph\":[{\"@type\":\"Article\",\"@id\":\"https:\\\/\\\/www.muyjujuy.com\\\/index.php\\\/2022\\\/08\\\/17\\\/gerardo-morales-la-corrupcion-degrado-moralmente-a-la-argentina\\\/#article\",\"isPartOf\":{\"@id\":\"https:\\\/\\\/www.muyjujuy.com\\\/index.php\\\/2022\\\/08\\\/17\\\/gerardo-morales-la-corrupcion-degrado-moralmente-a-la-argentina\\\/\"},\"author\":{\"name\":\"Redactor\",\"@id\":\"https:\\\/\\\/www.muyjujuy.com\\\/#\\\/schema\\\/person\\\/0912feea916a101cf58b29a51bd43824\"},\"headline\":\"Gerardo Morales: &#8220;La corrupci\u00f3n degrad\u00f3 moralmente a la Argentina&#8221;\",\"datePublished\":\"2022-08-17T20:22:56+00:00\",\"dateModified\":\"2022-08-17T20:23:00+00:00\",\"mainEntityOfPage\":{\"@id\":\"https:\\\/\\\/www.muyjujuy.com\\\/index.php\\\/2022\\\/08\\\/17\\\/gerardo-morales-la-corrupcion-degrado-moralmente-a-la-argentina\\\/\"},\"wordCount\":617,\"commentCount\":0,\"publisher\":{\"@id\":\"https:\\\/\\\/www.muyjujuy.com\\\/#organization\"},\"image\":{\"@id\":\"https:\\\/\\\/www.muyjujuy.com\\\/index.php\\\/2022\\\/08\\\/17\\\/gerardo-morales-la-corrupcion-degrado-moralmente-a-la-argentina\\\/#primaryimage\"},\"thumbnailUrl\":\"https:\\\/\\\/www.muyjujuy.com\\\/wp-content\\\/uploads\\\/2022\\\/08\\\/morales2.png\",\"keywords\":[\"Gerardo Morales\",\"Jujuy\",\"Uni\u00f3n C\u00edvica Radical\"],\"articleSection\":[\"Pol\u00edtica\"],\"inLanguage\":\"es-AR\",\"potentialAction\":[{\"@type\":\"CommentAction\",\"name\":\"Comment\",\"target\":[\"https:\\\/\\\/www.muyjujuy.com\\\/index.php\\\/2022\\\/08\\\/17\\\/gerardo-morales-la-corrupcion-degrado-moralmente-a-la-argentina\\\/#respond\"]}]},{\"@type\":\"WebPage\",\"@id\":\"https:\\\/\\\/www.muyjujuy.com\\\/index.php\\\/2022\\\/08\\\/17\\\/gerardo-morales-la-corrupcion-degrado-moralmente-a-la-argentina\\\/\",\"url\":\"https:\\\/\\\/www.muyjujuy.com\\\/index.php\\\/2022\\\/08\\\/17\\\/gerardo-morales-la-corrupcion-degrado-moralmente-a-la-argentina\\\/\",\"name\":\"Gerardo Morales: \\\"La corrupci\u00f3n degrad\u00f3 moralmente a la Argentina\\\" - Muy Jujuy\",\"isPartOf\":{\"@id\":\"https:\\\/\\\/www.muyjujuy.com\\\/#website\"},\"primaryImageOfPage\":{\"@id\":\"https:\\\/\\\/www.muyjujuy.com\\\/index.php\\\/2022\\\/08\\\/17\\\/gerardo-morales-la-corrupcion-degrado-moralmente-a-la-argentina\\\/#primaryimage\"},\"image\":{\"@id\":\"https:\\\/\\\/www.muyjujuy.com\\\/index.php\\\/2022\\\/08\\\/17\\\/gerardo-morales-la-corrupcion-degrado-moralmente-a-la-argentina\\\/#primaryimage\"},\"thumbnailUrl\":\"https:\\\/\\\/www.muyjujuy.com\\\/wp-content\\\/uploads\\\/2022\\\/08\\\/morales2.png\",\"datePublished\":\"2022-08-17T20:22:56+00:00\",\"dateModified\":\"2022-08-17T20:23:00+00:00\",\"breadcrumb\":{\"@id\":\"https:\\\/\\\/www.muyjujuy.com\\\/index.php\\\/2022\\\/08\\\/17\\\/gerardo-morales-la-corrupcion-degrado-moralmente-a-la-argentina\\\/#breadcrumb\"},\"inLanguage\":\"es-AR\",\"potentialAction\":[{\"@type\":\"ReadAction\",\"target\":[\"https:\\\/\\\/www.muyjujuy.com\\\/index.php\\\/2022\\\/08\\\/17\\\/gerardo-morales-la-corrupcion-degrado-moralmente-a-la-argentina\\\/\"]}]},{\"@type\":\"ImageObject\",\"inLanguage\":\"es-AR\",\"@id\":\"https:\\\/\\\/www.muyjujuy.com\\\/index.php\\\/2022\\\/08\\\/17\\\/gerardo-morales-la-corrupcion-degrado-moralmente-a-la-argentina\\\/#primaryimage\",\"url\":\"https:\\\/\\\/www.muyjujuy.com\\\/wp-content\\\/uploads\\\/2022\\\/08\\\/morales2.png\",\"contentUrl\":\"https:\\\/\\\/www.muyjujuy.com\\\/wp-content\\\/uploads\\\/2022\\\/08\\\/morales2.png\",\"width\":561,\"height\":420},{\"@type\":\"BreadcrumbList\",\"@id\":\"https:\\\/\\\/www.muyjujuy.com\\\/index.php\\\/2022\\\/08\\\/17\\\/gerardo-morales-la-corrupcion-degrado-moralmente-a-la-argentina\\\/#breadcrumb\",\"itemListElement\":[{\"@type\":\"ListItem\",\"position\":1,\"name\":\"Inicio\",\"item\":\"https:\\\/\\\/www.muyjujuy.com\\\/\"},{\"@type\":\"ListItem\",\"position\":2,\"name\":\"Gerardo Morales: &#8220;La corrupci\u00f3n degrad\u00f3 moralmente a la Argentina&#8221;\"}]},{\"@type\":\"WebSite\",\"@id\":\"https:\\\/\\\/www.muyjujuy.com\\\/#website\",\"url\":\"https:\\\/\\\/www.muyjujuy.com\\\/\",\"name\":\"Muy Jujuy\",\"description\":\"\",\"publisher\":{\"@id\":\"https:\\\/\\\/www.muyjujuy.com\\\/#organization\"},\"potentialAction\":[{\"@type\":\"SearchAction\",\"target\":{\"@type\":\"EntryPoint\",\"urlTemplate\":\"https:\\\/\\\/www.muyjujuy.com\\\/?s={search_term_string}\"},\"query-input\":{\"@type\":\"PropertyValueSpecification\",\"valueRequired\":true,\"valueName\":\"search_term_string\"}}],\"inLanguage\":\"es-AR\"},{\"@type\":\"Organization\",\"@id\":\"https:\\\/\\\/www.muyjujuy.com\\\/#organization\",\"name\":\"Muy Jujuy\",\"url\":\"https:\\\/\\\/www.muyjujuy.com\\\/\",\"logo\":{\"@type\":\"ImageObject\",\"inLanguage\":\"es-AR\",\"@id\":\"https:\\\/\\\/www.muyjujuy.com\\\/#\\\/schema\\\/logo\\\/image\\\/\",\"url\":\"http:\\\/\\\/www.muyjujuy.com\\\/wp-content\\\/uploads\\\/2022\\\/05\\\/logo-mobil-jujuy.png\",\"contentUrl\":\"http:\\\/\\\/www.muyjujuy.com\\\/wp-content\\\/uploads\\\/2022\\\/05\\\/logo-mobil-jujuy.png\",\"width\":174,\"height\":81,\"caption\":\"Muy Jujuy\"},\"image\":{\"@id\":\"https:\\\/\\\/www.muyjujuy.com\\\/#\\\/schema\\\/logo\\\/image\\\/\"},\"sameAs\":[\"https:\\\/\\\/www.facebook.com\\\/muyjujuycom\",\"https:\\\/\\\/x.com\\\/muyjujuy\",\"https:\\\/\\\/www.instagram.com\\\/muyjujuycom\"]},{\"@type\":\"Person\",\"@id\":\"https:\\\/\\\/www.muyjujuy.com\\\/#\\\/schema\\\/person\\\/0912feea916a101cf58b29a51bd43824\",\"name\":\"Redactor\",\"image\":{\"@type\":\"ImageObject\",\"inLanguage\":\"es-AR\",\"@id\":\"https:\\\/\\\/secure.gravatar.com\\\/avatar\\\/c07d71e867cb39c58973815e9a9714afdaa60c3e7fafdabfb21605f2d13255be?s=96&d=mm&r=g\",\"url\":\"https:\\\/\\\/secure.gravatar.com\\\/avatar\\\/c07d71e867cb39c58973815e9a9714afdaa60c3e7fafdabfb21605f2d13255be?s=96&d=mm&r=g\",\"contentUrl\":\"https:\\\/\\\/secure.gravatar.com\\\/avatar\\\/c07d71e867cb39c58973815e9a9714afdaa60c3e7fafdabfb21605f2d13255be?s=96&d=mm&r=g\",\"caption\":\"Redactor\"},\"url\":\"https:\\\/\\\/www.muyjujuy.com\\\/index.php\\\/author\\\/redactor\\\/\"}]}<\/script>\n<!-- \/ Yoast SEO plugin. -->","yoast_head_json":{"title":"Gerardo Morales: \"La corrupci\u00f3n degrad\u00f3 moralmente a la Argentina\" - Muy Jujuy","robots":{"index":"index","follow":"follow","max-snippet":"max-snippet:-1","max-image-preview":"max-image-preview:large","max-video-preview":"max-video-preview:-1"},"canonical":"https:\/\/www.muyjujuy.com\/index.php\/2022\/08\/17\/gerardo-morales-la-corrupcion-degrado-moralmente-a-la-argentina\/","og_locale":"es_ES","og_type":"article","og_title":"Gerardo Morales: \"La corrupci\u00f3n degrad\u00f3 moralmente a la Argentina\" - Muy Jujuy","og_description":"El gobernador estuvo de visita en la ciudad bonaerense de Trenque Lauquen y dio un contundente discurso. El gobernador de Jujuy y presidente de la UCR, Gerardo Morales, cerr\u00f3 su visita a la ciudad bonaerense de Trenque Lauquen con un importante acto en el Comit\u00e9 de la UCR local. Durante su discurso Morales expres\u00f3: &#8220;Vivimos [&hellip;]","og_url":"https:\/\/www.muyjujuy.com\/index.php\/2022\/08\/17\/gerardo-morales-la-corrupcion-degrado-moralmente-a-la-argentina\/","og_site_name":"Muy Jujuy","article_publisher":"https:\/\/www.facebook.com\/muyjujuycom","article_published_time":"2022-08-17T20:22:56+00:00","article_modified_time":"2022-08-17T20:23:00+00:00","og_image":[{"width":561,"height":420,"url":"https:\/\/www.muyjujuy.com\/wp-content\/uploads\/2022\/08\/morales2.png","type":"image\/png"}],"author":"Redactor","twitter_card":"summary_large_image","twitter_creator":"@muyjujuy","twitter_site":"@muyjujuy","twitter_misc":{"Escrito por":"Redactor","Tiempo de lectura":"3 minutos"},"schema":{"@context":"https:\/\/schema.org","@graph":[{"@type":"Article","@id":"https:\/\/www.muyjujuy.com\/index.php\/2022\/08\/17\/gerardo-morales-la-corrupcion-degrado-moralmente-a-la-argentina\/#article","isPartOf":{"@id":"https:\/\/www.muyjujuy.com\/index.php\/2022\/08\/17\/gerardo-morales-la-corrupcion-degrado-moralmente-a-la-argentina\/"},"author":{"name":"Redactor","@id":"https:\/\/www.muyjujuy.com\/#\/schema\/person\/0912feea916a101cf58b29a51bd43824"},"headline":"Gerardo Morales: &#8220;La corrupci\u00f3n degrad\u00f3 moralmente a la Argentina&#8221;","datePublished":"2022-08-17T20:22:56+00:00","dateModified":"2022-08-17T20:23:00+00:00","mainEntityOfPage":{"@id":"https:\/\/www.muyjujuy.com\/index.php\/2022\/08\/17\/gerardo-morales-la-corrupcion-degrado-moralmente-a-la-argentina\/"},"wordCount":617,"commentCount":0,"publisher":{"@id":"https:\/\/www.muyjujuy.com\/#organization"},"image":{"@id":"https:\/\/www.muyjujuy.com\/index.php\/2022\/08\/17\/gerardo-morales-la-corrupcion-degrado-moralmente-a-la-argentina\/#primaryimage"},"thumbnailUrl":"https:\/\/www.muyjujuy.com\/wp-content\/uploads\/2022\/08\/morales2.png","keywords":["Gerardo Morales","Jujuy","Uni\u00f3n C\u00edvica Radical"],"articleSection":["Pol\u00edtica"],"inLanguage":"es-AR","potentialAction":[{"@type":"CommentAction","name":"Comment","target":["https:\/\/www.muyjujuy.com\/index.php\/2022\/08\/17\/gerardo-morales-la-corrupcion-degrado-moralmente-a-la-argentina\/#respond"]}]},{"@type":"WebPage","@id":"https:\/\/www.muyjujuy.com\/index.php\/2022\/08\/17\/gerardo-morales-la-corrupcion-degrado-moralmente-a-la-argentina\/","url":"https:\/\/www.muyjujuy.com\/index.php\/2022\/08\/17\/gerardo-morales-la-corrupcion-degrado-moralmente-a-la-argentina\/","name":"Gerardo Morales: \"La corrupci\u00f3n degrad\u00f3 moralmente a la Argentina\" - Muy Jujuy","isPartOf":{"@id":"https:\/\/www.muyjujuy.com\/#website"},"primaryImageOfPage":{"@id":"https:\/\/www.muyjujuy.com\/index.php\/2022\/08\/17\/gerardo-morales-la-corrupcion-degrado-moralmente-a-la-argentina\/#primaryimage"},"image":{"@id":"https:\/\/www.muyjujuy.com\/index.php\/2022\/08\/17\/gerardo-morales-la-corrupcion-degrado-moralmente-a-la-argentina\/#primaryimage"},"thumbnailUrl":"https:\/\/www.muyjujuy.com\/wp-content\/uploads\/2022\/08\/morales2.png","datePublished":"2022-08-17T20:22:56+00:00","dateModified":"2022-08-17T20:23:00+00:00","breadcrumb":{"@id":"https:\/\/www.muyjujuy.com\/index.php\/2022\/08\/17\/gerardo-morales-la-corrupcion-degrado-moralmente-a-la-argentina\/#breadcrumb"},"inLanguage":"es-AR","potentialAction":[{"@type":"ReadAction","target":["https:\/\/www.muyjujuy.com\/index.php\/2022\/08\/17\/gerardo-morales-la-corrupcion-degrado-moralmente-a-la-argentina\/"]}]},{"@type":"ImageObject","inLanguage":"es-AR","@id":"https:\/\/www.muyjujuy.com\/index.php\/2022\/08\/17\/gerardo-morales-la-corrupcion-degrado-moralmente-a-la-argentina\/#primaryimage","url":"https:\/\/www.muyjujuy.com\/wp-content\/uploads\/2022\/08\/morales2.png","contentUrl":"https:\/\/www.muyjujuy.com\/wp-content\/uploads\/2022\/08\/morales2.png","width":561,"height":420},{"@type":"BreadcrumbList","@id":"https:\/\/www.muyjujuy.com\/index.php\/2022\/08\/17\/gerardo-morales-la-corrupcion-degrado-moralmente-a-la-argentina\/#breadcrumb","itemListElement":[{"@type":"ListItem","position":1,"name":"Inicio","item":"https:\/\/www.muyjujuy.com\/"},{"@type":"ListItem","position":2,"name":"Gerardo Morales: &#8220;La corrupci\u00f3n degrad\u00f3 moralmente a la Argentina&#8221;"}]},{"@type":"WebSite","@id":"https:\/\/www.muyjujuy.com\/#website","url":"https:\/\/www.muyjujuy.com\/","name":"Muy Jujuy","description":"","publisher":{"@id":"https:\/\/www.muyjujuy.com\/#organization"},"potentialAction":[{"@type":"SearchAction","target":{"@type":"EntryPoint","urlTemplate":"https:\/\/www.muyjujuy.com\/?s={search_term_string}"},"query-input":{"@type":"PropertyValueSpecification","valueRequired":true,"valueName":"search_term_string"}}],"inLanguage":"es-AR"},{"@type":"Organization","@id":"https:\/\/www.muyjujuy.com\/#organization","name":"Muy Jujuy","url":"https:\/\/www.muyjujuy.com\/","logo":{"@type":"ImageObject","inLanguage":"es-AR","@id":"https:\/\/www.muyjujuy.com\/#\/schema\/logo\/image\/","url":"http:\/\/www.muyjujuy.com\/wp-content\/uploads\/2022\/05\/logo-mobil-jujuy.png","contentUrl":"http:\/\/www.muyjujuy.com\/wp-content\/uploads\/2022\/05\/logo-mobil-jujuy.png","width":174,"height":81,"caption":"Muy Jujuy"},"image":{"@id":"https:\/\/www.muyjujuy.com\/#\/schema\/logo\/image\/"},"sameAs":["https:\/\/www.facebook.com\/muyjujuycom","https:\/\/x.com\/muyjujuy","https:\/\/www.instagram.com\/muyjujuycom"]},{"@type":"Person","@id":"https:\/\/www.muyjujuy.com\/#\/schema\/person\/0912feea916a101cf58b29a51bd43824","name":"Redactor","image":{"@type":"ImageObject","inLanguage":"es-AR","@id":"https:\/\/secure.gravatar.com\/avatar\/c07d71e867cb39c58973815e9a9714afdaa60c3e7fafdabfb21605f2d13255be?s=96&d=mm&r=g","url":"https:\/\/secure.gravatar.com\/avatar\/c07d71e867cb39c58973815e9a9714afdaa60c3e7fafdabfb21605f2d13255be?s=96&d=mm&r=g","contentUrl":"https:\/\/secure.gravatar.com\/avatar\/c07d71e867cb39c58973815e9a9714afdaa60c3e7fafdabfb21605f2d13255be?s=96&d=mm&r=g","caption":"Redactor"},"url":"https:\/\/www.muyjujuy.com\/index.php\/author\/redactor\/"}]}},"_links":{"self":[{"href":"https:\/\/www.muyjujuy.com\/index.php\/wp-json\/wp\/v2\/posts\/1226","targetHints":{"allow":["GET"]}}],"collection":[{"href":"https:\/\/www.muyjujuy.com\/index.php\/wp-json\/wp\/v2\/posts"}],"about":[{"href":"https:\/\/www.muyjujuy.com\/index.php\/wp-json\/wp\/v2\/types\/post"}],"author":[{"embeddable":true,"href":"https:\/\/www.muyjujuy.com\/index.php\/wp-json\/wp\/v2\/users\/5"}],"replies":[{"embeddable":true,"href":"https:\/\/www.muyjujuy.com\/index.php\/wp-json\/wp\/v2\/comments?post=1226"}],"version-history":[{"count":1,"href":"https:\/\/www.muyjujuy.com\/index.php\/wp-json\/wp\/v2\/posts\/1226\/revisions"}],"predecessor-version":[{"id":1228,"href":"https:\/\/www.muyjujuy.com\/index.php\/wp-json\/wp\/v2\/posts\/1226\/revisions\/1228"}],"wp:featuredmedia":[{"embeddable":true,"href":"https:\/\/www.muyjujuy.com\/index.php\/wp-json\/wp\/v2\/media\/1227"}],"wp:attachment":[{"href":"https:\/\/www.muyjujuy.com\/index.php\/wp-json\/wp\/v2\/media?parent=1226"}],"wp:term":[{"taxonomy":"category","embeddable":true,"href":"https:\/\/www.muyjujuy.com\/index.php\/wp-json\/wp\/v2\/categories?post=1226"},{"taxonomy":"post_tag","embeddable":true,"href":"https:\/\/www.muyjujuy.com\/index.php\/wp-json\/wp\/v2\/tags?post=1226"}],"curies":[{"name":"wp","href":"https:\/\/api.w.org\/{rel}","templated":true}]}}