{"id":1232,"date":"2022-08-18T13:48:42","date_gmt":"2022-08-18T16:48:42","guid":{"rendered":"https:\/\/www.muyjujuy.com\/?p=1232"},"modified":"2022-08-18T13:48:48","modified_gmt":"2022-08-18T16:48:48","slug":"advierten-que-jujuy-sigue-en-zona-roja-por-los-incencios-forestales","status":"publish","type":"post","link":"https:\/\/www.muyjujuy.com\/index.php\/2022\/08\/18\/advierten-que-jujuy-sigue-en-zona-roja-por-los-incencios-forestales\/","title":{"rendered":"Advierten que Jujuy sigue en zona roja por los incencios forestales"},"content":{"rendered":"\n<p><strong>Una serie de focos \u00edgneos en distintos puntos de la provincia, multiplica el trabajo de bomberos y rescatistas<\/strong>.<\/p>\n\n\n\n<p>La provincia de Jujuy contin\u00faa en la clasificaci\u00f3n de zona roja por los distintos focos de incendios, que ya afectaron cientos de hect\u00e1reas en los \u00faltimos d\u00edas. <\/p>\n\n\n\n<p>De acuerdo al informe del Servicio Nacional de Manejo del Fuego (SNMF), <strong>Jujuy contin\u00faa con un foco activo<\/strong>. Se ubica en San Bernardo, Tilcara, y a\u00fan se sigue combatiendo. La buena noticia es que personal de ese organismo, logr\u00f3 extinguir otros que generaban alarma. <\/p>\n\n\n\n<p>En concreto, se trata de los focos ubicados en Sumada, La Ruta en El Carmen; el de San Pedro de Juan Pablo, y el ubicado en el departamento Manuel Belgrano en la zona conocida como Membrillo, El Mirador, La Botella; mientras el de Ledesma ya est\u00e1 contenido.<\/p>\n\n\n\n<h2 class=\"wp-block-heading\">Agosto es el mes m\u00e1s complicado en cuanto incendios en la zona<\/h2>\n\n\n\n<p>El Ministerio de Ambiente y Desarrollo Sustentable, alert\u00f3 d\u00edas atr\u00e1s que los \u00edndices de peligro de incendios forestales en la provincia son muy altos. La combinaci\u00f3n de las altas temperaturas, el viento y sobre todo las acciones de los hombres, ponen en peligro cientos de hect\u00e1reas por el paso arrasador de las llamas.<\/p>\n\n\n\n<p>El 1 de julio se inici\u00f3 la temporada alta de incendios forestales, en una temporada complicada por la acci\u00f3n inescrupulosa del hombre, el cambio clim\u00e1tico y la sequ\u00eda imperante. El Gobierno subray\u00f3 que est\u00e1 terminantemente prohibido hacer fuego en toda la provincia como punto clave de prevenci\u00f3n.<\/p>\n\n\n\n<p>La Direcci\u00f3n de Incendios de Vegetaci\u00f3n y Emergencias Ambientales acotaron que este a\u00f1o llovi\u00f3 250 mm menos de la media, con una sequ\u00eda y situaci\u00f3n similar a la del 2013, por lo que la vegetaci\u00f3n est\u00e1 muy predispuesta para incendiarse y expandirse en forma r\u00e1pida. <\/p>\n\n\n\n<p>Las bases contra los incendios en Jujuy<\/p>\n\n\n\n<p>Jujuy tiene\u00a0<strong>tres bases operativas para combatir incendios forestales<\/strong>: la base central est\u00e1 en El Brete, la otra en San Pedro, y la tercera en Yuto. El cuerpo de brigadistas, uno de los m\u00e1s valorados a nivel nacional, tambi\u00e9n dispone de 62 brigadistas de los cuales 10 son mujeres y 52, hombres.<\/p>\n\n\n\n<p><\/p>\n","protected":false},"excerpt":{"rendered":"<p>Una serie de focos \u00edgneos en distintos puntos de la provincia, multiplica el trabajo de bomberos y rescatistas. La provincia de Jujuy contin\u00faa en la clasificaci\u00f3n de zona roja por los distintos focos de incendios, que ya afectaron cientos de hect\u00e1reas en los \u00faltimos d\u00edas. De acuerdo al informe del Servicio Nacional de Manejo del [&hellip;]<\/p>\n","protected":false},"author":5,"featured_media":1233,"comment_status":"open","ping_status":"open","sticky":false,"template":"","format":"standard","meta":{"footnotes":""},"categories":[1],"tags":[5,8,640],"class_list":{"0":"post-1232","1":"post","2":"type-post","3":"status-publish","4":"format-standard","5":"has-post-thumbnail","7":"category-sin-categoria","8":"tag-gerardo-morales","9":"tag-jujuy","10":"tag-san-salvador"},"yoast_head":"<!-- This site is optimized with the Yoast SEO plugin v27.5 - https:\/\/yoast.com\/product\/yoast-seo-wordpress\/ -->\n<title>Advierten que Jujuy sigue en zona roja por los incencios forestales - Muy Jujuy<\/title>\n<meta name=\"robots\" content=\"index, follow, max-snippet:-1, max-image-preview:large, max-video-preview:-1\" \/>\n<link rel=\"canonical\" href=\"https:\/\/www.muyjujuy.com\/index.php\/2022\/08\/18\/advierten-que-jujuy-sigue-en-zona-roja-por-los-incencios-forestales\/\" \/>\n<meta property=\"og:locale\" content=\"es_ES\" \/>\n<meta property=\"og:type\" content=\"article\" \/>\n<meta property=\"og:title\" content=\"Advierten que Jujuy sigue en zona roja por los incencios forestales - Muy Jujuy\" \/>\n<meta property=\"og:description\" content=\"Una serie de focos \u00edgneos en distintos puntos de la provincia, multiplica el trabajo de bomberos y rescatistas. La provincia de Jujuy contin\u00faa en la clasificaci\u00f3n de zona roja por los distintos focos de incendios, que ya afectaron cientos de hect\u00e1reas en los \u00faltimos d\u00edas. De acuerdo al informe del Servicio Nacional de Manejo del [&hellip;]\" \/>\n<meta property=\"og:url\" content=\"https:\/\/www.muyjujuy.com\/index.php\/2022\/08\/18\/advierten-que-jujuy-sigue-en-zona-roja-por-los-incencios-forestales\/\" \/>\n<meta property=\"og:site_name\" content=\"Muy Jujuy\" \/>\n<meta property=\"article:publisher\" content=\"https:\/\/www.facebook.com\/muyjujuycom\" \/>\n<meta property=\"article:published_time\" content=\"2022-08-18T16:48:42+00:00\" \/>\n<meta property=\"article:modified_time\" content=\"2022-08-18T16:48:48+00:00\" \/>\n<meta property=\"og:image\" content=\"https:\/\/www.muyjujuy.com\/wp-content\/uploads\/2022\/08\/i9922-incendios.jpg\" \/>\n\t<meta property=\"og:image:width\" content=\"1200\" \/>\n\t<meta property=\"og:image:height\" content=\"526\" \/>\n\t<meta property=\"og:image:type\" content=\"image\/jpeg\" \/>\n<meta name=\"author\" content=\"Redactor\" \/>\n<meta name=\"twitter:card\" content=\"summary_large_image\" \/>\n<meta name=\"twitter:creator\" content=\"@muyjujuy\" \/>\n<meta name=\"twitter:site\" content=\"@muyjujuy\" \/>\n<meta name=\"twitter:label1\" content=\"Escrito por\" \/>\n\t<meta name=\"twitter:data1\" content=\"Redactor\" \/>\n\t<meta name=\"twitter:label2\" content=\"Tiempo de lectura\" \/>\n\t<meta name=\"twitter:data2\" content=\"2 minutos\" \/>\n<script type=\"application\/ld+json\" class=\"yoast-schema-graph\">{\"@context\":\"https:\\\/\\\/schema.org\",\"@graph\":[{\"@type\":\"Article\",\"@id\":\"https:\\\/\\\/www.muyjujuy.com\\\/index.php\\\/2022\\\/08\\\/18\\\/advierten-que-jujuy-sigue-en-zona-roja-por-los-incencios-forestales\\\/#article\",\"isPartOf\":{\"@id\":\"https:\\\/\\\/www.muyjujuy.com\\\/index.php\\\/2022\\\/08\\\/18\\\/advierten-que-jujuy-sigue-en-zona-roja-por-los-incencios-forestales\\\/\"},\"author\":{\"name\":\"Redactor\",\"@id\":\"https:\\\/\\\/www.muyjujuy.com\\\/#\\\/schema\\\/person\\\/0912feea916a101cf58b29a51bd43824\"},\"headline\":\"Advierten que Jujuy sigue en zona roja por los incencios forestales\",\"datePublished\":\"2022-08-18T16:48:42+00:00\",\"dateModified\":\"2022-08-18T16:48:48+00:00\",\"mainEntityOfPage\":{\"@id\":\"https:\\\/\\\/www.muyjujuy.com\\\/index.php\\\/2022\\\/08\\\/18\\\/advierten-que-jujuy-sigue-en-zona-roja-por-los-incencios-forestales\\\/\"},\"wordCount\":381,\"commentCount\":0,\"publisher\":{\"@id\":\"https:\\\/\\\/www.muyjujuy.com\\\/#organization\"},\"image\":{\"@id\":\"https:\\\/\\\/www.muyjujuy.com\\\/index.php\\\/2022\\\/08\\\/18\\\/advierten-que-jujuy-sigue-en-zona-roja-por-los-incencios-forestales\\\/#primaryimage\"},\"thumbnailUrl\":\"https:\\\/\\\/www.muyjujuy.com\\\/wp-content\\\/uploads\\\/2022\\\/08\\\/i9922-incendios.jpg\",\"keywords\":[\"Gerardo Morales\",\"Jujuy\",\"San Salvador\"],\"inLanguage\":\"es-AR\",\"potentialAction\":[{\"@type\":\"CommentAction\",\"name\":\"Comment\",\"target\":[\"https:\\\/\\\/www.muyjujuy.com\\\/index.php\\\/2022\\\/08\\\/18\\\/advierten-que-jujuy-sigue-en-zona-roja-por-los-incencios-forestales\\\/#respond\"]}]},{\"@type\":\"WebPage\",\"@id\":\"https:\\\/\\\/www.muyjujuy.com\\\/index.php\\\/2022\\\/08\\\/18\\\/advierten-que-jujuy-sigue-en-zona-roja-por-los-incencios-forestales\\\/\",\"url\":\"https:\\\/\\\/www.muyjujuy.com\\\/index.php\\\/2022\\\/08\\\/18\\\/advierten-que-jujuy-sigue-en-zona-roja-por-los-incencios-forestales\\\/\",\"name\":\"Advierten que Jujuy sigue en zona roja por los incencios forestales - Muy Jujuy\",\"isPartOf\":{\"@id\":\"https:\\\/\\\/www.muyjujuy.com\\\/#website\"},\"primaryImageOfPage\":{\"@id\":\"https:\\\/\\\/www.muyjujuy.com\\\/index.php\\\/2022\\\/08\\\/18\\\/advierten-que-jujuy-sigue-en-zona-roja-por-los-incencios-forestales\\\/#primaryimage\"},\"image\":{\"@id\":\"https:\\\/\\\/www.muyjujuy.com\\\/index.php\\\/2022\\\/08\\\/18\\\/advierten-que-jujuy-sigue-en-zona-roja-por-los-incencios-forestales\\\/#primaryimage\"},\"thumbnailUrl\":\"https:\\\/\\\/www.muyjujuy.com\\\/wp-content\\\/uploads\\\/2022\\\/08\\\/i9922-incendios.jpg\",\"datePublished\":\"2022-08-18T16:48:42+00:00\",\"dateModified\":\"2022-08-18T16:48:48+00:00\",\"breadcrumb\":{\"@id\":\"https:\\\/\\\/www.muyjujuy.com\\\/index.php\\\/2022\\\/08\\\/18\\\/advierten-que-jujuy-sigue-en-zona-roja-por-los-incencios-forestales\\\/#breadcrumb\"},\"inLanguage\":\"es-AR\",\"potentialAction\":[{\"@type\":\"ReadAction\",\"target\":[\"https:\\\/\\\/www.muyjujuy.com\\\/index.php\\\/2022\\\/08\\\/18\\\/advierten-que-jujuy-sigue-en-zona-roja-por-los-incencios-forestales\\\/\"]}]},{\"@type\":\"ImageObject\",\"inLanguage\":\"es-AR\",\"@id\":\"https:\\\/\\\/www.muyjujuy.com\\\/index.php\\\/2022\\\/08\\\/18\\\/advierten-que-jujuy-sigue-en-zona-roja-por-los-incencios-forestales\\\/#primaryimage\",\"url\":\"https:\\\/\\\/www.muyjujuy.com\\\/wp-content\\\/uploads\\\/2022\\\/08\\\/i9922-incendios.jpg\",\"contentUrl\":\"https:\\\/\\\/www.muyjujuy.com\\\/wp-content\\\/uploads\\\/2022\\\/08\\\/i9922-incendios.jpg\",\"width\":1200,\"height\":526},{\"@type\":\"BreadcrumbList\",\"@id\":\"https:\\\/\\\/www.muyjujuy.com\\\/index.php\\\/2022\\\/08\\\/18\\\/advierten-que-jujuy-sigue-en-zona-roja-por-los-incencios-forestales\\\/#breadcrumb\",\"itemListElement\":[{\"@type\":\"ListItem\",\"position\":1,\"name\":\"Inicio\",\"item\":\"https:\\\/\\\/www.muyjujuy.com\\\/\"},{\"@type\":\"ListItem\",\"position\":2,\"name\":\"Advierten que Jujuy sigue en zona roja por los incencios forestales\"}]},{\"@type\":\"WebSite\",\"@id\":\"https:\\\/\\\/www.muyjujuy.com\\\/#website\",\"url\":\"https:\\\/\\\/www.muyjujuy.com\\\/\",\"name\":\"Muy Jujuy\",\"description\":\"\",\"publisher\":{\"@id\":\"https:\\\/\\\/www.muyjujuy.com\\\/#organization\"},\"potentialAction\":[{\"@type\":\"SearchAction\",\"target\":{\"@type\":\"EntryPoint\",\"urlTemplate\":\"https:\\\/\\\/www.muyjujuy.com\\\/?s={search_term_string}\"},\"query-input\":{\"@type\":\"PropertyValueSpecification\",\"valueRequired\":true,\"valueName\":\"search_term_string\"}}],\"inLanguage\":\"es-AR\"},{\"@type\":\"Organization\",\"@id\":\"https:\\\/\\\/www.muyjujuy.com\\\/#organization\",\"name\":\"Muy Jujuy\",\"url\":\"https:\\\/\\\/www.muyjujuy.com\\\/\",\"logo\":{\"@type\":\"ImageObject\",\"inLanguage\":\"es-AR\",\"@id\":\"https:\\\/\\\/www.muyjujuy.com\\\/#\\\/schema\\\/logo\\\/image\\\/\",\"url\":\"http:\\\/\\\/www.muyjujuy.com\\\/wp-content\\\/uploads\\\/2022\\\/05\\\/logo-mobil-jujuy.png\",\"contentUrl\":\"http:\\\/\\\/www.muyjujuy.com\\\/wp-content\\\/uploads\\\/2022\\\/05\\\/logo-mobil-jujuy.png\",\"width\":174,\"height\":81,\"caption\":\"Muy Jujuy\"},\"image\":{\"@id\":\"https:\\\/\\\/www.muyjujuy.com\\\/#\\\/schema\\\/logo\\\/image\\\/\"},\"sameAs\":[\"https:\\\/\\\/www.facebook.com\\\/muyjujuycom\",\"https:\\\/\\\/x.com\\\/muyjujuy\",\"https:\\\/\\\/www.instagram.com\\\/muyjujuycom\"]},{\"@type\":\"Person\",\"@id\":\"https:\\\/\\\/www.muyjujuy.com\\\/#\\\/schema\\\/person\\\/0912feea916a101cf58b29a51bd43824\",\"name\":\"Redactor\",\"image\":{\"@type\":\"ImageObject\",\"inLanguage\":\"es-AR\",\"@id\":\"https:\\\/\\\/secure.gravatar.com\\\/avatar\\\/c07d71e867cb39c58973815e9a9714afdaa60c3e7fafdabfb21605f2d13255be?s=96&d=mm&r=g\",\"url\":\"https:\\\/\\\/secure.gravatar.com\\\/avatar\\\/c07d71e867cb39c58973815e9a9714afdaa60c3e7fafdabfb21605f2d13255be?s=96&d=mm&r=g\",\"contentUrl\":\"https:\\\/\\\/secure.gravatar.com\\\/avatar\\\/c07d71e867cb39c58973815e9a9714afdaa60c3e7fafdabfb21605f2d13255be?s=96&d=mm&r=g\",\"caption\":\"Redactor\"},\"url\":\"https:\\\/\\\/www.muyjujuy.com\\\/index.php\\\/author\\\/redactor\\\/\"}]}<\/script>\n<!-- \/ Yoast SEO plugin. -->","yoast_head_json":{"title":"Advierten que Jujuy sigue en zona roja por los incencios forestales - Muy Jujuy","robots":{"index":"index","follow":"follow","max-snippet":"max-snippet:-1","max-image-preview":"max-image-preview:large","max-video-preview":"max-video-preview:-1"},"canonical":"https:\/\/www.muyjujuy.com\/index.php\/2022\/08\/18\/advierten-que-jujuy-sigue-en-zona-roja-por-los-incencios-forestales\/","og_locale":"es_ES","og_type":"article","og_title":"Advierten que Jujuy sigue en zona roja por los incencios forestales - Muy Jujuy","og_description":"Una serie de focos \u00edgneos en distintos puntos de la provincia, multiplica el trabajo de bomberos y rescatistas. La provincia de Jujuy contin\u00faa en la clasificaci\u00f3n de zona roja por los distintos focos de incendios, que ya afectaron cientos de hect\u00e1reas en los \u00faltimos d\u00edas. De acuerdo al informe del Servicio Nacional de Manejo del [&hellip;]","og_url":"https:\/\/www.muyjujuy.com\/index.php\/2022\/08\/18\/advierten-que-jujuy-sigue-en-zona-roja-por-los-incencios-forestales\/","og_site_name":"Muy Jujuy","article_publisher":"https:\/\/www.facebook.com\/muyjujuycom","article_published_time":"2022-08-18T16:48:42+00:00","article_modified_time":"2022-08-18T16:48:48+00:00","og_image":[{"width":1200,"height":526,"url":"https:\/\/www.muyjujuy.com\/wp-content\/uploads\/2022\/08\/i9922-incendios.jpg","type":"image\/jpeg"}],"author":"Redactor","twitter_card":"summary_large_image","twitter_creator":"@muyjujuy","twitter_site":"@muyjujuy","twitter_misc":{"Escrito por":"Redactor","Tiempo de lectura":"2 minutos"},"schema":{"@context":"https:\/\/schema.org","@graph":[{"@type":"Article","@id":"https:\/\/www.muyjujuy.com\/index.php\/2022\/08\/18\/advierten-que-jujuy-sigue-en-zona-roja-por-los-incencios-forestales\/#article","isPartOf":{"@id":"https:\/\/www.muyjujuy.com\/index.php\/2022\/08\/18\/advierten-que-jujuy-sigue-en-zona-roja-por-los-incencios-forestales\/"},"author":{"name":"Redactor","@id":"https:\/\/www.muyjujuy.com\/#\/schema\/person\/0912feea916a101cf58b29a51bd43824"},"headline":"Advierten que Jujuy sigue en zona roja por los incencios forestales","datePublished":"2022-08-18T16:48:42+00:00","dateModified":"2022-08-18T16:48:48+00:00","mainEntityOfPage":{"@id":"https:\/\/www.muyjujuy.com\/index.php\/2022\/08\/18\/advierten-que-jujuy-sigue-en-zona-roja-por-los-incencios-forestales\/"},"wordCount":381,"commentCount":0,"publisher":{"@id":"https:\/\/www.muyjujuy.com\/#organization"},"image":{"@id":"https:\/\/www.muyjujuy.com\/index.php\/2022\/08\/18\/advierten-que-jujuy-sigue-en-zona-roja-por-los-incencios-forestales\/#primaryimage"},"thumbnailUrl":"https:\/\/www.muyjujuy.com\/wp-content\/uploads\/2022\/08\/i9922-incendios.jpg","keywords":["Gerardo Morales","Jujuy","San Salvador"],"inLanguage":"es-AR","potentialAction":[{"@type":"CommentAction","name":"Comment","target":["https:\/\/www.muyjujuy.com\/index.php\/2022\/08\/18\/advierten-que-jujuy-sigue-en-zona-roja-por-los-incencios-forestales\/#respond"]}]},{"@type":"WebPage","@id":"https:\/\/www.muyjujuy.com\/index.php\/2022\/08\/18\/advierten-que-jujuy-sigue-en-zona-roja-por-los-incencios-forestales\/","url":"https:\/\/www.muyjujuy.com\/index.php\/2022\/08\/18\/advierten-que-jujuy-sigue-en-zona-roja-por-los-incencios-forestales\/","name":"Advierten que Jujuy sigue en zona roja por los incencios forestales - Muy Jujuy","isPartOf":{"@id":"https:\/\/www.muyjujuy.com\/#website"},"primaryImageOfPage":{"@id":"https:\/\/www.muyjujuy.com\/index.php\/2022\/08\/18\/advierten-que-jujuy-sigue-en-zona-roja-por-los-incencios-forestales\/#primaryimage"},"image":{"@id":"https:\/\/www.muyjujuy.com\/index.php\/2022\/08\/18\/advierten-que-jujuy-sigue-en-zona-roja-por-los-incencios-forestales\/#primaryimage"},"thumbnailUrl":"https:\/\/www.muyjujuy.com\/wp-content\/uploads\/2022\/08\/i9922-incendios.jpg","datePublished":"2022-08-18T16:48:42+00:00","dateModified":"2022-08-18T16:48:48+00:00","breadcrumb":{"@id":"https:\/\/www.muyjujuy.com\/index.php\/2022\/08\/18\/advierten-que-jujuy-sigue-en-zona-roja-por-los-incencios-forestales\/#breadcrumb"},"inLanguage":"es-AR","potentialAction":[{"@type":"ReadAction","target":["https:\/\/www.muyjujuy.com\/index.php\/2022\/08\/18\/advierten-que-jujuy-sigue-en-zona-roja-por-los-incencios-forestales\/"]}]},{"@type":"ImageObject","inLanguage":"es-AR","@id":"https:\/\/www.muyjujuy.com\/index.php\/2022\/08\/18\/advierten-que-jujuy-sigue-en-zona-roja-por-los-incencios-forestales\/#primaryimage","url":"https:\/\/www.muyjujuy.com\/wp-content\/uploads\/2022\/08\/i9922-incendios.jpg","contentUrl":"https:\/\/www.muyjujuy.com\/wp-content\/uploads\/2022\/08\/i9922-incendios.jpg","width":1200,"height":526},{"@type":"BreadcrumbList","@id":"https:\/\/www.muyjujuy.com\/index.php\/2022\/08\/18\/advierten-que-jujuy-sigue-en-zona-roja-por-los-incencios-forestales\/#breadcrumb","itemListElement":[{"@type":"ListItem","position":1,"name":"Inicio","item":"https:\/\/www.muyjujuy.com\/"},{"@type":"ListItem","position":2,"name":"Advierten que Jujuy sigue en zona roja por los incencios forestales"}]},{"@type":"WebSite","@id":"https:\/\/www.muyjujuy.com\/#website","url":"https:\/\/www.muyjujuy.com\/","name":"Muy Jujuy","description":"","publisher":{"@id":"https:\/\/www.muyjujuy.com\/#organization"},"potentialAction":[{"@type":"SearchAction","target":{"@type":"EntryPoint","urlTemplate":"https:\/\/www.muyjujuy.com\/?s={search_term_string}"},"query-input":{"@type":"PropertyValueSpecification","valueRequired":true,"valueName":"search_term_string"}}],"inLanguage":"es-AR"},{"@type":"Organization","@id":"https:\/\/www.muyjujuy.com\/#organization","name":"Muy Jujuy","url":"https:\/\/www.muyjujuy.com\/","logo":{"@type":"ImageObject","inLanguage":"es-AR","@id":"https:\/\/www.muyjujuy.com\/#\/schema\/logo\/image\/","url":"http:\/\/www.muyjujuy.com\/wp-content\/uploads\/2022\/05\/logo-mobil-jujuy.png","contentUrl":"http:\/\/www.muyjujuy.com\/wp-content\/uploads\/2022\/05\/logo-mobil-jujuy.png","width":174,"height":81,"caption":"Muy Jujuy"},"image":{"@id":"https:\/\/www.muyjujuy.com\/#\/schema\/logo\/image\/"},"sameAs":["https:\/\/www.facebook.com\/muyjujuycom","https:\/\/x.com\/muyjujuy","https:\/\/www.instagram.com\/muyjujuycom"]},{"@type":"Person","@id":"https:\/\/www.muyjujuy.com\/#\/schema\/person\/0912feea916a101cf58b29a51bd43824","name":"Redactor","image":{"@type":"ImageObject","inLanguage":"es-AR","@id":"https:\/\/secure.gravatar.com\/avatar\/c07d71e867cb39c58973815e9a9714afdaa60c3e7fafdabfb21605f2d13255be?s=96&d=mm&r=g","url":"https:\/\/secure.gravatar.com\/avatar\/c07d71e867cb39c58973815e9a9714afdaa60c3e7fafdabfb21605f2d13255be?s=96&d=mm&r=g","contentUrl":"https:\/\/secure.gravatar.com\/avatar\/c07d71e867cb39c58973815e9a9714afdaa60c3e7fafdabfb21605f2d13255be?s=96&d=mm&r=g","caption":"Redactor"},"url":"https:\/\/www.muyjujuy.com\/index.php\/author\/redactor\/"}]}},"_links":{"self":[{"href":"https:\/\/www.muyjujuy.com\/index.php\/wp-json\/wp\/v2\/posts\/1232","targetHints":{"allow":["GET"]}}],"collection":[{"href":"https:\/\/www.muyjujuy.com\/index.php\/wp-json\/wp\/v2\/posts"}],"about":[{"href":"https:\/\/www.muyjujuy.com\/index.php\/wp-json\/wp\/v2\/types\/post"}],"author":[{"embeddable":true,"href":"https:\/\/www.muyjujuy.com\/index.php\/wp-json\/wp\/v2\/users\/5"}],"replies":[{"embeddable":true,"href":"https:\/\/www.muyjujuy.com\/index.php\/wp-json\/wp\/v2\/comments?post=1232"}],"version-history":[{"count":1,"href":"https:\/\/www.muyjujuy.com\/index.php\/wp-json\/wp\/v2\/posts\/1232\/revisions"}],"predecessor-version":[{"id":1234,"href":"https:\/\/www.muyjujuy.com\/index.php\/wp-json\/wp\/v2\/posts\/1232\/revisions\/1234"}],"wp:featuredmedia":[{"embeddable":true,"href":"https:\/\/www.muyjujuy.com\/index.php\/wp-json\/wp\/v2\/media\/1233"}],"wp:attachment":[{"href":"https:\/\/www.muyjujuy.com\/index.php\/wp-json\/wp\/v2\/media?parent=1232"}],"wp:term":[{"taxonomy":"category","embeddable":true,"href":"https:\/\/www.muyjujuy.com\/index.php\/wp-json\/wp\/v2\/categories?post=1232"},{"taxonomy":"post_tag","embeddable":true,"href":"https:\/\/www.muyjujuy.com\/index.php\/wp-json\/wp\/v2\/tags?post=1232"}],"curies":[{"name":"wp","href":"https:\/\/api.w.org\/{rel}","templated":true}]}}