{"id":1242,"date":"2022-08-19T13:11:07","date_gmt":"2022-08-19T16:11:07","guid":{"rendered":"https:\/\/www.muyjujuy.com\/?p=1242"},"modified":"2022-08-19T13:14:06","modified_gmt":"2022-08-19T16:14:06","slug":"fin-de-semana-muy-frio-en-jujuy","status":"publish","type":"post","link":"https:\/\/www.muyjujuy.com\/index.php\/2022\/08\/19\/fin-de-semana-muy-frio-en-jujuy\/","title":{"rendered":"Fin de semana muy fr\u00edo en Jujuy"},"content":{"rendered":"\n<p>Se viene otro fin de semana y el <strong>Servicio Meteorol\u00f3gico Nacional<\/strong> anuncia un clima muy fr\u00edo en todo Jujuy. En el fin de semana donde se celebra el<strong> D\u00eda de la Ni\u00f1ez<\/strong>, har\u00e1 fr\u00edo pero sin embargo aseguran que el sol estar\u00e1 visible la mayor\u00eda del tiempo. <\/p>\n\n\n\n<p>Luego de atravesar d\u00edas de intenso calor producto de jornadas con viento zonda, finalmente desde ayer por la tarde se comenz\u00f3 a percibir un cambio en las temperaturas en la provincia del norte. Lo bueno dentro de todo es que, a diferencia de otras veces, el sol nos va a seguir acompa\u00f1ando ya que por el momento no hay anuncio de inestabilidad ni se habla de la posible llegada de las lluvias a esta parte de la regi\u00f3n del pa\u00eds. <\/p>\n\n\n\n<h2 class=\"wp-block-heading\">Las temperaturas para el fin de semana<\/h2>\n\n\n\n<p>En concreto hablando de temperaturas, ya desde hoy se comenzaron a sentir el descenso. Este viernes arranc\u00f3 con cielo totalmente despejado y una m\u00ednima de <strong>2\u00baC<\/strong>. En cuanto a la m\u00e1xima no superar\u00eda los<strong> 16\u00baC. <\/strong>Por el momento no hay anuncio de lluvias. <\/p>\n\n\n\n<p>En cuanto a los d\u00edas del fin de semana, el Servicio Meteorol\u00f3gico Nacional anuncia que el s\u00e1bado llega con una m\u00ednima de 2\u00baC tambi\u00e9n y en cuanto a la m\u00e1xima alcanzar\u00eda los 18\u00baC. En materia de vientos, \u00e9stos van a soplar predominantemente desde el sector norte. El cielo se va a mantener completamente despejado por lo que va a ser un d\u00eda fr\u00edo pero con sol.<\/p>\n\n\n\n<p>En cuanto al domingo, para este d\u00eda tambi\u00e9n se espera una m\u00ednima de 5\u00baC con cielo totalmente despejado. En este caso la m\u00e1xima llegar\u00eda hasta los 21\u00baC y los vientos van a soplar desde el sector noroeste.<\/p>\n\n\n\n<p>Va a ser un fin de semana fr\u00edo pero soleado ya que no hay anuncio de precipitaciones y por el momento no hay alerta meteorol\u00f3gica por posibles vientos en la zona norte del pa\u00eds.<\/p>\n\n\n\n<p><\/p>\n","protected":false},"excerpt":{"rendered":"<p>Se viene otro fin de semana y el Servicio Meteorol\u00f3gico Nacional anuncia un clima muy fr\u00edo en todo Jujuy. En el fin de semana donde se celebra el D\u00eda de la Ni\u00f1ez, har\u00e1 fr\u00edo pero sin embargo aseguran que el sol estar\u00e1 visible la mayor\u00eda del tiempo. Luego de atravesar d\u00edas de intenso calor producto [&hellip;]<\/p>\n","protected":false},"author":5,"featured_media":1243,"comment_status":"open","ping_status":"open","sticky":false,"template":"","format":"standard","meta":{"footnotes":""},"categories":[25],"tags":[8,640],"class_list":{"0":"post-1242","1":"post","2":"type-post","3":"status-publish","4":"format-standard","5":"has-post-thumbnail","7":"category-sociedad","8":"tag-jujuy","9":"tag-san-salvador"},"yoast_head":"<!-- This site is optimized with the Yoast SEO plugin v27.4 - https:\/\/yoast.com\/product\/yoast-seo-wordpress\/ -->\n<title>Fin de semana muy fr\u00edo en Jujuy - Muy Jujuy<\/title>\n<meta name=\"robots\" content=\"index, follow, max-snippet:-1, max-image-preview:large, max-video-preview:-1\" \/>\n<link rel=\"canonical\" href=\"https:\/\/www.muyjujuy.com\/index.php\/2022\/08\/19\/fin-de-semana-muy-frio-en-jujuy\/\" \/>\n<meta property=\"og:locale\" content=\"es_ES\" \/>\n<meta property=\"og:type\" content=\"article\" \/>\n<meta property=\"og:title\" content=\"Fin de semana muy fr\u00edo en Jujuy - Muy Jujuy\" \/>\n<meta property=\"og:description\" content=\"Se viene otro fin de semana y el Servicio Meteorol\u00f3gico Nacional anuncia un clima muy fr\u00edo en todo Jujuy. En el fin de semana donde se celebra el D\u00eda de la Ni\u00f1ez, har\u00e1 fr\u00edo pero sin embargo aseguran que el sol estar\u00e1 visible la mayor\u00eda del tiempo. Luego de atravesar d\u00edas de intenso calor producto [&hellip;]\" \/>\n<meta property=\"og:url\" content=\"https:\/\/www.muyjujuy.com\/index.php\/2022\/08\/19\/fin-de-semana-muy-frio-en-jujuy\/\" \/>\n<meta property=\"og:site_name\" content=\"Muy Jujuy\" \/>\n<meta property=\"article:publisher\" content=\"https:\/\/www.facebook.com\/muyjujuycom\" \/>\n<meta property=\"article:published_time\" content=\"2022-08-19T16:11:07+00:00\" \/>\n<meta property=\"article:modified_time\" content=\"2022-08-19T16:14:06+00:00\" \/>\n<meta property=\"og:image\" content=\"https:\/\/www.muyjujuy.com\/wp-content\/uploads\/2022\/08\/frio.jpg\" \/>\n\t<meta property=\"og:image:width\" content=\"990\" \/>\n\t<meta property=\"og:image:height\" content=\"610\" \/>\n\t<meta property=\"og:image:type\" content=\"image\/jpeg\" \/>\n<meta name=\"author\" content=\"Redactor\" \/>\n<meta name=\"twitter:card\" content=\"summary_large_image\" \/>\n<meta name=\"twitter:creator\" content=\"@muyjujuy\" \/>\n<meta name=\"twitter:site\" content=\"@muyjujuy\" \/>\n<meta name=\"twitter:label1\" content=\"Escrito por\" \/>\n\t<meta name=\"twitter:data1\" content=\"Redactor\" \/>\n\t<meta name=\"twitter:label2\" content=\"Tiempo de lectura\" \/>\n\t<meta name=\"twitter:data2\" content=\"2 minutos\" \/>\n<script type=\"application\/ld+json\" class=\"yoast-schema-graph\">{\"@context\":\"https:\\\/\\\/schema.org\",\"@graph\":[{\"@type\":\"Article\",\"@id\":\"https:\\\/\\\/www.muyjujuy.com\\\/index.php\\\/2022\\\/08\\\/19\\\/fin-de-semana-muy-frio-en-jujuy\\\/#article\",\"isPartOf\":{\"@id\":\"https:\\\/\\\/www.muyjujuy.com\\\/index.php\\\/2022\\\/08\\\/19\\\/fin-de-semana-muy-frio-en-jujuy\\\/\"},\"author\":{\"name\":\"Redactor\",\"@id\":\"https:\\\/\\\/www.muyjujuy.com\\\/#\\\/schema\\\/person\\\/0912feea916a101cf58b29a51bd43824\"},\"headline\":\"Fin de semana muy fr\u00edo en Jujuy\",\"datePublished\":\"2022-08-19T16:11:07+00:00\",\"dateModified\":\"2022-08-19T16:14:06+00:00\",\"mainEntityOfPage\":{\"@id\":\"https:\\\/\\\/www.muyjujuy.com\\\/index.php\\\/2022\\\/08\\\/19\\\/fin-de-semana-muy-frio-en-jujuy\\\/\"},\"wordCount\":352,\"commentCount\":0,\"publisher\":{\"@id\":\"https:\\\/\\\/www.muyjujuy.com\\\/#organization\"},\"image\":{\"@id\":\"https:\\\/\\\/www.muyjujuy.com\\\/index.php\\\/2022\\\/08\\\/19\\\/fin-de-semana-muy-frio-en-jujuy\\\/#primaryimage\"},\"thumbnailUrl\":\"https:\\\/\\\/www.muyjujuy.com\\\/wp-content\\\/uploads\\\/2022\\\/08\\\/frio.jpg\",\"keywords\":[\"Jujuy\",\"San Salvador\"],\"articleSection\":[\"Sociedad\"],\"inLanguage\":\"es-AR\",\"potentialAction\":[{\"@type\":\"CommentAction\",\"name\":\"Comment\",\"target\":[\"https:\\\/\\\/www.muyjujuy.com\\\/index.php\\\/2022\\\/08\\\/19\\\/fin-de-semana-muy-frio-en-jujuy\\\/#respond\"]}]},{\"@type\":\"WebPage\",\"@id\":\"https:\\\/\\\/www.muyjujuy.com\\\/index.php\\\/2022\\\/08\\\/19\\\/fin-de-semana-muy-frio-en-jujuy\\\/\",\"url\":\"https:\\\/\\\/www.muyjujuy.com\\\/index.php\\\/2022\\\/08\\\/19\\\/fin-de-semana-muy-frio-en-jujuy\\\/\",\"name\":\"Fin de semana muy fr\u00edo en Jujuy - Muy Jujuy\",\"isPartOf\":{\"@id\":\"https:\\\/\\\/www.muyjujuy.com\\\/#website\"},\"primaryImageOfPage\":{\"@id\":\"https:\\\/\\\/www.muyjujuy.com\\\/index.php\\\/2022\\\/08\\\/19\\\/fin-de-semana-muy-frio-en-jujuy\\\/#primaryimage\"},\"image\":{\"@id\":\"https:\\\/\\\/www.muyjujuy.com\\\/index.php\\\/2022\\\/08\\\/19\\\/fin-de-semana-muy-frio-en-jujuy\\\/#primaryimage\"},\"thumbnailUrl\":\"https:\\\/\\\/www.muyjujuy.com\\\/wp-content\\\/uploads\\\/2022\\\/08\\\/frio.jpg\",\"datePublished\":\"2022-08-19T16:11:07+00:00\",\"dateModified\":\"2022-08-19T16:14:06+00:00\",\"breadcrumb\":{\"@id\":\"https:\\\/\\\/www.muyjujuy.com\\\/index.php\\\/2022\\\/08\\\/19\\\/fin-de-semana-muy-frio-en-jujuy\\\/#breadcrumb\"},\"inLanguage\":\"es-AR\",\"potentialAction\":[{\"@type\":\"ReadAction\",\"target\":[\"https:\\\/\\\/www.muyjujuy.com\\\/index.php\\\/2022\\\/08\\\/19\\\/fin-de-semana-muy-frio-en-jujuy\\\/\"]}]},{\"@type\":\"ImageObject\",\"inLanguage\":\"es-AR\",\"@id\":\"https:\\\/\\\/www.muyjujuy.com\\\/index.php\\\/2022\\\/08\\\/19\\\/fin-de-semana-muy-frio-en-jujuy\\\/#primaryimage\",\"url\":\"https:\\\/\\\/www.muyjujuy.com\\\/wp-content\\\/uploads\\\/2022\\\/08\\\/frio.jpg\",\"contentUrl\":\"https:\\\/\\\/www.muyjujuy.com\\\/wp-content\\\/uploads\\\/2022\\\/08\\\/frio.jpg\",\"width\":990,\"height\":610},{\"@type\":\"BreadcrumbList\",\"@id\":\"https:\\\/\\\/www.muyjujuy.com\\\/index.php\\\/2022\\\/08\\\/19\\\/fin-de-semana-muy-frio-en-jujuy\\\/#breadcrumb\",\"itemListElement\":[{\"@type\":\"ListItem\",\"position\":1,\"name\":\"Inicio\",\"item\":\"https:\\\/\\\/www.muyjujuy.com\\\/\"},{\"@type\":\"ListItem\",\"position\":2,\"name\":\"Fin de semana muy fr\u00edo en Jujuy\"}]},{\"@type\":\"WebSite\",\"@id\":\"https:\\\/\\\/www.muyjujuy.com\\\/#website\",\"url\":\"https:\\\/\\\/www.muyjujuy.com\\\/\",\"name\":\"Muy Jujuy\",\"description\":\"\",\"publisher\":{\"@id\":\"https:\\\/\\\/www.muyjujuy.com\\\/#organization\"},\"potentialAction\":[{\"@type\":\"SearchAction\",\"target\":{\"@type\":\"EntryPoint\",\"urlTemplate\":\"https:\\\/\\\/www.muyjujuy.com\\\/?s={search_term_string}\"},\"query-input\":{\"@type\":\"PropertyValueSpecification\",\"valueRequired\":true,\"valueName\":\"search_term_string\"}}],\"inLanguage\":\"es-AR\"},{\"@type\":\"Organization\",\"@id\":\"https:\\\/\\\/www.muyjujuy.com\\\/#organization\",\"name\":\"Muy Jujuy\",\"url\":\"https:\\\/\\\/www.muyjujuy.com\\\/\",\"logo\":{\"@type\":\"ImageObject\",\"inLanguage\":\"es-AR\",\"@id\":\"https:\\\/\\\/www.muyjujuy.com\\\/#\\\/schema\\\/logo\\\/image\\\/\",\"url\":\"http:\\\/\\\/www.muyjujuy.com\\\/wp-content\\\/uploads\\\/2022\\\/05\\\/logo-mobil-jujuy.png\",\"contentUrl\":\"http:\\\/\\\/www.muyjujuy.com\\\/wp-content\\\/uploads\\\/2022\\\/05\\\/logo-mobil-jujuy.png\",\"width\":174,\"height\":81,\"caption\":\"Muy Jujuy\"},\"image\":{\"@id\":\"https:\\\/\\\/www.muyjujuy.com\\\/#\\\/schema\\\/logo\\\/image\\\/\"},\"sameAs\":[\"https:\\\/\\\/www.facebook.com\\\/muyjujuycom\",\"https:\\\/\\\/x.com\\\/muyjujuy\",\"https:\\\/\\\/www.instagram.com\\\/muyjujuycom\"]},{\"@type\":\"Person\",\"@id\":\"https:\\\/\\\/www.muyjujuy.com\\\/#\\\/schema\\\/person\\\/0912feea916a101cf58b29a51bd43824\",\"name\":\"Redactor\",\"image\":{\"@type\":\"ImageObject\",\"inLanguage\":\"es-AR\",\"@id\":\"https:\\\/\\\/secure.gravatar.com\\\/avatar\\\/c07d71e867cb39c58973815e9a9714afdaa60c3e7fafdabfb21605f2d13255be?s=96&d=mm&r=g\",\"url\":\"https:\\\/\\\/secure.gravatar.com\\\/avatar\\\/c07d71e867cb39c58973815e9a9714afdaa60c3e7fafdabfb21605f2d13255be?s=96&d=mm&r=g\",\"contentUrl\":\"https:\\\/\\\/secure.gravatar.com\\\/avatar\\\/c07d71e867cb39c58973815e9a9714afdaa60c3e7fafdabfb21605f2d13255be?s=96&d=mm&r=g\",\"caption\":\"Redactor\"},\"url\":\"https:\\\/\\\/www.muyjujuy.com\\\/index.php\\\/author\\\/redactor\\\/\"}]}<\/script>\n<!-- \/ Yoast SEO plugin. -->","yoast_head_json":{"title":"Fin de semana muy fr\u00edo en Jujuy - Muy Jujuy","robots":{"index":"index","follow":"follow","max-snippet":"max-snippet:-1","max-image-preview":"max-image-preview:large","max-video-preview":"max-video-preview:-1"},"canonical":"https:\/\/www.muyjujuy.com\/index.php\/2022\/08\/19\/fin-de-semana-muy-frio-en-jujuy\/","og_locale":"es_ES","og_type":"article","og_title":"Fin de semana muy fr\u00edo en Jujuy - Muy Jujuy","og_description":"Se viene otro fin de semana y el Servicio Meteorol\u00f3gico Nacional anuncia un clima muy fr\u00edo en todo Jujuy. En el fin de semana donde se celebra el D\u00eda de la Ni\u00f1ez, har\u00e1 fr\u00edo pero sin embargo aseguran que el sol estar\u00e1 visible la mayor\u00eda del tiempo. Luego de atravesar d\u00edas de intenso calor producto [&hellip;]","og_url":"https:\/\/www.muyjujuy.com\/index.php\/2022\/08\/19\/fin-de-semana-muy-frio-en-jujuy\/","og_site_name":"Muy Jujuy","article_publisher":"https:\/\/www.facebook.com\/muyjujuycom","article_published_time":"2022-08-19T16:11:07+00:00","article_modified_time":"2022-08-19T16:14:06+00:00","og_image":[{"width":990,"height":610,"url":"https:\/\/www.muyjujuy.com\/wp-content\/uploads\/2022\/08\/frio.jpg","type":"image\/jpeg"}],"author":"Redactor","twitter_card":"summary_large_image","twitter_creator":"@muyjujuy","twitter_site":"@muyjujuy","twitter_misc":{"Escrito por":"Redactor","Tiempo de lectura":"2 minutos"},"schema":{"@context":"https:\/\/schema.org","@graph":[{"@type":"Article","@id":"https:\/\/www.muyjujuy.com\/index.php\/2022\/08\/19\/fin-de-semana-muy-frio-en-jujuy\/#article","isPartOf":{"@id":"https:\/\/www.muyjujuy.com\/index.php\/2022\/08\/19\/fin-de-semana-muy-frio-en-jujuy\/"},"author":{"name":"Redactor","@id":"https:\/\/www.muyjujuy.com\/#\/schema\/person\/0912feea916a101cf58b29a51bd43824"},"headline":"Fin de semana muy fr\u00edo en Jujuy","datePublished":"2022-08-19T16:11:07+00:00","dateModified":"2022-08-19T16:14:06+00:00","mainEntityOfPage":{"@id":"https:\/\/www.muyjujuy.com\/index.php\/2022\/08\/19\/fin-de-semana-muy-frio-en-jujuy\/"},"wordCount":352,"commentCount":0,"publisher":{"@id":"https:\/\/www.muyjujuy.com\/#organization"},"image":{"@id":"https:\/\/www.muyjujuy.com\/index.php\/2022\/08\/19\/fin-de-semana-muy-frio-en-jujuy\/#primaryimage"},"thumbnailUrl":"https:\/\/www.muyjujuy.com\/wp-content\/uploads\/2022\/08\/frio.jpg","keywords":["Jujuy","San Salvador"],"articleSection":["Sociedad"],"inLanguage":"es-AR","potentialAction":[{"@type":"CommentAction","name":"Comment","target":["https:\/\/www.muyjujuy.com\/index.php\/2022\/08\/19\/fin-de-semana-muy-frio-en-jujuy\/#respond"]}]},{"@type":"WebPage","@id":"https:\/\/www.muyjujuy.com\/index.php\/2022\/08\/19\/fin-de-semana-muy-frio-en-jujuy\/","url":"https:\/\/www.muyjujuy.com\/index.php\/2022\/08\/19\/fin-de-semana-muy-frio-en-jujuy\/","name":"Fin de semana muy fr\u00edo en Jujuy - Muy Jujuy","isPartOf":{"@id":"https:\/\/www.muyjujuy.com\/#website"},"primaryImageOfPage":{"@id":"https:\/\/www.muyjujuy.com\/index.php\/2022\/08\/19\/fin-de-semana-muy-frio-en-jujuy\/#primaryimage"},"image":{"@id":"https:\/\/www.muyjujuy.com\/index.php\/2022\/08\/19\/fin-de-semana-muy-frio-en-jujuy\/#primaryimage"},"thumbnailUrl":"https:\/\/www.muyjujuy.com\/wp-content\/uploads\/2022\/08\/frio.jpg","datePublished":"2022-08-19T16:11:07+00:00","dateModified":"2022-08-19T16:14:06+00:00","breadcrumb":{"@id":"https:\/\/www.muyjujuy.com\/index.php\/2022\/08\/19\/fin-de-semana-muy-frio-en-jujuy\/#breadcrumb"},"inLanguage":"es-AR","potentialAction":[{"@type":"ReadAction","target":["https:\/\/www.muyjujuy.com\/index.php\/2022\/08\/19\/fin-de-semana-muy-frio-en-jujuy\/"]}]},{"@type":"ImageObject","inLanguage":"es-AR","@id":"https:\/\/www.muyjujuy.com\/index.php\/2022\/08\/19\/fin-de-semana-muy-frio-en-jujuy\/#primaryimage","url":"https:\/\/www.muyjujuy.com\/wp-content\/uploads\/2022\/08\/frio.jpg","contentUrl":"https:\/\/www.muyjujuy.com\/wp-content\/uploads\/2022\/08\/frio.jpg","width":990,"height":610},{"@type":"BreadcrumbList","@id":"https:\/\/www.muyjujuy.com\/index.php\/2022\/08\/19\/fin-de-semana-muy-frio-en-jujuy\/#breadcrumb","itemListElement":[{"@type":"ListItem","position":1,"name":"Inicio","item":"https:\/\/www.muyjujuy.com\/"},{"@type":"ListItem","position":2,"name":"Fin de semana muy fr\u00edo en Jujuy"}]},{"@type":"WebSite","@id":"https:\/\/www.muyjujuy.com\/#website","url":"https:\/\/www.muyjujuy.com\/","name":"Muy Jujuy","description":"","publisher":{"@id":"https:\/\/www.muyjujuy.com\/#organization"},"potentialAction":[{"@type":"SearchAction","target":{"@type":"EntryPoint","urlTemplate":"https:\/\/www.muyjujuy.com\/?s={search_term_string}"},"query-input":{"@type":"PropertyValueSpecification","valueRequired":true,"valueName":"search_term_string"}}],"inLanguage":"es-AR"},{"@type":"Organization","@id":"https:\/\/www.muyjujuy.com\/#organization","name":"Muy Jujuy","url":"https:\/\/www.muyjujuy.com\/","logo":{"@type":"ImageObject","inLanguage":"es-AR","@id":"https:\/\/www.muyjujuy.com\/#\/schema\/logo\/image\/","url":"http:\/\/www.muyjujuy.com\/wp-content\/uploads\/2022\/05\/logo-mobil-jujuy.png","contentUrl":"http:\/\/www.muyjujuy.com\/wp-content\/uploads\/2022\/05\/logo-mobil-jujuy.png","width":174,"height":81,"caption":"Muy Jujuy"},"image":{"@id":"https:\/\/www.muyjujuy.com\/#\/schema\/logo\/image\/"},"sameAs":["https:\/\/www.facebook.com\/muyjujuycom","https:\/\/x.com\/muyjujuy","https:\/\/www.instagram.com\/muyjujuycom"]},{"@type":"Person","@id":"https:\/\/www.muyjujuy.com\/#\/schema\/person\/0912feea916a101cf58b29a51bd43824","name":"Redactor","image":{"@type":"ImageObject","inLanguage":"es-AR","@id":"https:\/\/secure.gravatar.com\/avatar\/c07d71e867cb39c58973815e9a9714afdaa60c3e7fafdabfb21605f2d13255be?s=96&d=mm&r=g","url":"https:\/\/secure.gravatar.com\/avatar\/c07d71e867cb39c58973815e9a9714afdaa60c3e7fafdabfb21605f2d13255be?s=96&d=mm&r=g","contentUrl":"https:\/\/secure.gravatar.com\/avatar\/c07d71e867cb39c58973815e9a9714afdaa60c3e7fafdabfb21605f2d13255be?s=96&d=mm&r=g","caption":"Redactor"},"url":"https:\/\/www.muyjujuy.com\/index.php\/author\/redactor\/"}]}},"_links":{"self":[{"href":"https:\/\/www.muyjujuy.com\/index.php\/wp-json\/wp\/v2\/posts\/1242","targetHints":{"allow":["GET"]}}],"collection":[{"href":"https:\/\/www.muyjujuy.com\/index.php\/wp-json\/wp\/v2\/posts"}],"about":[{"href":"https:\/\/www.muyjujuy.com\/index.php\/wp-json\/wp\/v2\/types\/post"}],"author":[{"embeddable":true,"href":"https:\/\/www.muyjujuy.com\/index.php\/wp-json\/wp\/v2\/users\/5"}],"replies":[{"embeddable":true,"href":"https:\/\/www.muyjujuy.com\/index.php\/wp-json\/wp\/v2\/comments?post=1242"}],"version-history":[{"count":2,"href":"https:\/\/www.muyjujuy.com\/index.php\/wp-json\/wp\/v2\/posts\/1242\/revisions"}],"predecessor-version":[{"id":1245,"href":"https:\/\/www.muyjujuy.com\/index.php\/wp-json\/wp\/v2\/posts\/1242\/revisions\/1245"}],"wp:featuredmedia":[{"embeddable":true,"href":"https:\/\/www.muyjujuy.com\/index.php\/wp-json\/wp\/v2\/media\/1243"}],"wp:attachment":[{"href":"https:\/\/www.muyjujuy.com\/index.php\/wp-json\/wp\/v2\/media?parent=1242"}],"wp:term":[{"taxonomy":"category","embeddable":true,"href":"https:\/\/www.muyjujuy.com\/index.php\/wp-json\/wp\/v2\/categories?post=1242"},{"taxonomy":"post_tag","embeddable":true,"href":"https:\/\/www.muyjujuy.com\/index.php\/wp-json\/wp\/v2\/tags?post=1242"}],"curies":[{"name":"wp","href":"https:\/\/api.w.org\/{rel}","templated":true}]}}