{"id":1246,"date":"2022-08-19T13:48:58","date_gmt":"2022-08-19T16:48:58","guid":{"rendered":"https:\/\/www.muyjujuy.com\/?p=1246"},"modified":"2022-08-19T13:49:01","modified_gmt":"2022-08-19T16:49:01","slug":"gerardo-morales-diserto-en-el-consejo-de-las-americas","status":"publish","type":"post","link":"https:\/\/www.muyjujuy.com\/index.php\/2022\/08\/19\/gerardo-morales-diserto-en-el-consejo-de-las-americas\/","title":{"rendered":"Gerardo Morales disert\u00f3 en el Consejo de las Am\u00e9ricas"},"content":{"rendered":"\n<p><strong>El gobernador de la provincia de Jujuy disert\u00f3 junto a otros mandatarios provinciales del Consejo de las Am\u00e9ricas en donde habl\u00f3 de desarrollo regional. <\/strong><\/p>\n\n\n\n<p>El Gobernador de Jujuy, <strong>Gerardo Morales<\/strong>, particip\u00f3 ayer, en car\u00e1cter de disertante, en la 19\u00ba reuni\u00f3n del Consejo de las Am\u00e9ricas que convoc\u00f3 a funcionarios, dirigentes, diplom\u00e1ticos y empresarios, en el hotel Alvear de la ciudad de Buenos Aires.<\/p>\n\n\n\n<p>En este contexto durante su discurso, Morales llam\u00f3 a autoridades nacionales a definir y ejecutar a la brevedad un plan de inversiones enfocado en infraestructura productiva. El Gobernador juje\u00f1o expuso junto a sus pares de Salta, <strong>Gustavo S\u00e1enz<\/strong>; y de Mendoza, <strong>Rodolfo Su\u00e1rez<\/strong>; especialmente invitados por el Consejo de las Am\u00e9ricas, organizaci\u00f3n de empresarios estadounidenses que impulsa el libre comercio y los mercados abiertos en todo el continente. <\/p>\n\n\n\n<p>Por otro lado, agreg\u00f3 que <em><strong>&#8220;el accionar productivo de las provincias, guarda vinculaci\u00f3n no s\u00f3lo con lo que hagamos los gobernadores, sino con las decisiones que debe tomar el gobierno nacional&#8221;<\/strong><\/em>. En este sentido agreg\u00f3 que <em>&#8220;todo depender\u00e1 de las medidas que adopte en concreto el Gobierno de la Naci\u00f3n que, hasta ahora, solo hizo anuncios generales&#8221;. &#8220;Por nuestra parte y desde Jujuy, tenemos una agenda de esperanza&#8221;, enfatiz\u00f3, ya que &#8220;no hay provincias inviables y todas tenemos grandes proyectos&#8221;.<\/em> <\/p>\n\n\n\n<p>All\u00ed agreg\u00f3 que en las \u00faltimas horas el Ejecutivo nacional, tom\u00f3 la decisi\u00f3n de segmentar las tarifas de los servicios el\u00e9ctricos, en l\u00ednea con lo planteado con el Fondo Monetario Internacional (FMI). A esto consider\u00f3 que <em>&#8220;representa un avance, m\u00e1s all\u00e1 de la discusi\u00f3n sobre si quedaron cortos o largos&#8221;. &#8220;Esta medida es una responsabilidad exclusiva del Frente de Todos que gener\u00f3 esta situaci\u00f3n cr\u00edtica y puso a la Rep\u00fablica Argentina al borde del abismo&#8221;<\/em>. <\/p>\n\n\n\n<h2 class=\"wp-block-heading\">Cr\u00edticas al Gobierno nacional <\/h2>\n\n\n\n<p>El gobernador consider\u00f3 que el Ejeutivo nacional, primero tiene que ordenar las cuentas y resolver el problema de la inflaci\u00f3n&#8221; y en cuanto a la falta de d\u00f3lares, dijo que &#8220;se los gastaron ellos&#8221; y detall\u00f3 que al finalizar el gobierno de Juntos por el Cambio en 2019 &#8220;el d\u00e9ficit era un poco m\u00e1s de 4.000 millones de d\u00f3lares, pero ahora ser\u00e1 de 16.000 millones a fin de a\u00f1o&#8221;.<\/p>\n\n\n\n<p>En este sentido, Morales consider\u00f3 que se deben plantear prioridades y habl\u00f3 de la necesidad de &#8220;establecer normas desde el Banco Central que debe ser independiente&#8221; y propuso debatir un nuevo marco jur\u00eddico para la entidad &#8220;de manera que funcione con autonom\u00eda y no como ap\u00e9ndice del Ministerio de Econom\u00eda&#8221;. <\/p>\n\n\n\n<p>Por otro lado hizo referencia a la necesidad del desarrollo del sector minero, resaltando que <em>&#8220;Chile export\u00f3 63.000 millones de d\u00f3lares en minerales, a diferencia de Argentina que export\u00f3 3.000 millones de d\u00f3lares, cifra menor a lo que exportamos en econom\u00eda del conocimiento con 7.000 millones de d\u00f3lares&#8221;<\/em>.<\/p>\n\n\n\n<p>Asimismo en materia de infraestructura energ\u00e9tica, pidi\u00f3 por el gasoducto N\u00e9stor Kirchner y el gasoducto para conectar con el norte del pa\u00eds y Brasil, lo que permitir\u00e1 evitar la importaci\u00f3n de gas desde Bolivia.<\/p>\n\n\n\n<p>Y entre otros puntos desarrollados Morales observ\u00f3 que las Pymes &#8220;tambi\u00e9n deben ser alcanzadas por una reforma, con nuevo r\u00e9gimen laboral y carga impositiva aliviada&#8221;.<\/p>\n","protected":false},"excerpt":{"rendered":"<p>El gobernador de la provincia de Jujuy disert\u00f3 junto a otros mandatarios provinciales del Consejo de las Am\u00e9ricas en donde habl\u00f3 de desarrollo regional. El Gobernador de Jujuy, Gerardo Morales, particip\u00f3 ayer, en car\u00e1cter de disertante, en la 19\u00ba reuni\u00f3n del Consejo de las Am\u00e9ricas que convoc\u00f3 a funcionarios, dirigentes, diplom\u00e1ticos y empresarios, en el [&hellip;]<\/p>\n","protected":false},"author":5,"featured_media":1247,"comment_status":"open","ping_status":"open","sticky":false,"template":"","format":"standard","meta":{"footnotes":""},"categories":[24],"tags":[5,8],"class_list":{"0":"post-1246","1":"post","2":"type-post","3":"status-publish","4":"format-standard","5":"has-post-thumbnail","7":"category-politica","8":"tag-gerardo-morales","9":"tag-jujuy"},"yoast_head":"<!-- This site is optimized with the Yoast SEO plugin v27.5 - https:\/\/yoast.com\/product\/yoast-seo-wordpress\/ -->\n<title>Gerardo Morales disert\u00f3 en el Consejo de las Am\u00e9ricas - Muy Jujuy<\/title>\n<meta name=\"robots\" content=\"index, follow, max-snippet:-1, max-image-preview:large, max-video-preview:-1\" \/>\n<link rel=\"canonical\" href=\"https:\/\/www.muyjujuy.com\/index.php\/2022\/08\/19\/gerardo-morales-diserto-en-el-consejo-de-las-americas\/\" \/>\n<meta property=\"og:locale\" content=\"es_ES\" \/>\n<meta property=\"og:type\" content=\"article\" \/>\n<meta property=\"og:title\" content=\"Gerardo Morales disert\u00f3 en el Consejo de las Am\u00e9ricas - Muy Jujuy\" \/>\n<meta property=\"og:description\" content=\"El gobernador de la provincia de Jujuy disert\u00f3 junto a otros mandatarios provinciales del Consejo de las Am\u00e9ricas en donde habl\u00f3 de desarrollo regional. El Gobernador de Jujuy, Gerardo Morales, particip\u00f3 ayer, en car\u00e1cter de disertante, en la 19\u00ba reuni\u00f3n del Consejo de las Am\u00e9ricas que convoc\u00f3 a funcionarios, dirigentes, diplom\u00e1ticos y empresarios, en el [&hellip;]\" \/>\n<meta property=\"og:url\" content=\"https:\/\/www.muyjujuy.com\/index.php\/2022\/08\/19\/gerardo-morales-diserto-en-el-consejo-de-las-americas\/\" \/>\n<meta property=\"og:site_name\" content=\"Muy Jujuy\" \/>\n<meta property=\"article:publisher\" content=\"https:\/\/www.facebook.com\/muyjujuycom\" \/>\n<meta property=\"article:published_time\" content=\"2022-08-19T16:48:58+00:00\" \/>\n<meta property=\"article:modified_time\" content=\"2022-08-19T16:49:01+00:00\" \/>\n<meta property=\"og:image\" content=\"https:\/\/www.muyjujuy.com\/wp-content\/uploads\/2022\/08\/gerardo-morales-council-americas.jpg\" \/>\n\t<meta property=\"og:image:width\" content=\"740\" \/>\n\t<meta property=\"og:image:height\" content=\"476\" \/>\n\t<meta property=\"og:image:type\" content=\"image\/jpeg\" \/>\n<meta name=\"author\" content=\"Redactor\" \/>\n<meta name=\"twitter:card\" content=\"summary_large_image\" \/>\n<meta name=\"twitter:creator\" content=\"@muyjujuy\" \/>\n<meta name=\"twitter:site\" content=\"@muyjujuy\" \/>\n<meta name=\"twitter:label1\" content=\"Escrito por\" \/>\n\t<meta name=\"twitter:data1\" content=\"Redactor\" \/>\n\t<meta name=\"twitter:label2\" content=\"Tiempo de lectura\" \/>\n\t<meta name=\"twitter:data2\" content=\"3 minutos\" \/>\n<script type=\"application\/ld+json\" class=\"yoast-schema-graph\">{\"@context\":\"https:\\\/\\\/schema.org\",\"@graph\":[{\"@type\":\"Article\",\"@id\":\"https:\\\/\\\/www.muyjujuy.com\\\/index.php\\\/2022\\\/08\\\/19\\\/gerardo-morales-diserto-en-el-consejo-de-las-americas\\\/#article\",\"isPartOf\":{\"@id\":\"https:\\\/\\\/www.muyjujuy.com\\\/index.php\\\/2022\\\/08\\\/19\\\/gerardo-morales-diserto-en-el-consejo-de-las-americas\\\/\"},\"author\":{\"name\":\"Redactor\",\"@id\":\"https:\\\/\\\/www.muyjujuy.com\\\/#\\\/schema\\\/person\\\/0912feea916a101cf58b29a51bd43824\"},\"headline\":\"Gerardo Morales disert\u00f3 en el Consejo de las Am\u00e9ricas\",\"datePublished\":\"2022-08-19T16:48:58+00:00\",\"dateModified\":\"2022-08-19T16:49:01+00:00\",\"mainEntityOfPage\":{\"@id\":\"https:\\\/\\\/www.muyjujuy.com\\\/index.php\\\/2022\\\/08\\\/19\\\/gerardo-morales-diserto-en-el-consejo-de-las-americas\\\/\"},\"wordCount\":561,\"commentCount\":0,\"publisher\":{\"@id\":\"https:\\\/\\\/www.muyjujuy.com\\\/#organization\"},\"image\":{\"@id\":\"https:\\\/\\\/www.muyjujuy.com\\\/index.php\\\/2022\\\/08\\\/19\\\/gerardo-morales-diserto-en-el-consejo-de-las-americas\\\/#primaryimage\"},\"thumbnailUrl\":\"https:\\\/\\\/www.muyjujuy.com\\\/wp-content\\\/uploads\\\/2022\\\/08\\\/gerardo-morales-council-americas.jpg\",\"keywords\":[\"Gerardo Morales\",\"Jujuy\"],\"articleSection\":[\"Pol\u00edtica\"],\"inLanguage\":\"es-AR\",\"potentialAction\":[{\"@type\":\"CommentAction\",\"name\":\"Comment\",\"target\":[\"https:\\\/\\\/www.muyjujuy.com\\\/index.php\\\/2022\\\/08\\\/19\\\/gerardo-morales-diserto-en-el-consejo-de-las-americas\\\/#respond\"]}]},{\"@type\":\"WebPage\",\"@id\":\"https:\\\/\\\/www.muyjujuy.com\\\/index.php\\\/2022\\\/08\\\/19\\\/gerardo-morales-diserto-en-el-consejo-de-las-americas\\\/\",\"url\":\"https:\\\/\\\/www.muyjujuy.com\\\/index.php\\\/2022\\\/08\\\/19\\\/gerardo-morales-diserto-en-el-consejo-de-las-americas\\\/\",\"name\":\"Gerardo Morales disert\u00f3 en el Consejo de las Am\u00e9ricas - Muy Jujuy\",\"isPartOf\":{\"@id\":\"https:\\\/\\\/www.muyjujuy.com\\\/#website\"},\"primaryImageOfPage\":{\"@id\":\"https:\\\/\\\/www.muyjujuy.com\\\/index.php\\\/2022\\\/08\\\/19\\\/gerardo-morales-diserto-en-el-consejo-de-las-americas\\\/#primaryimage\"},\"image\":{\"@id\":\"https:\\\/\\\/www.muyjujuy.com\\\/index.php\\\/2022\\\/08\\\/19\\\/gerardo-morales-diserto-en-el-consejo-de-las-americas\\\/#primaryimage\"},\"thumbnailUrl\":\"https:\\\/\\\/www.muyjujuy.com\\\/wp-content\\\/uploads\\\/2022\\\/08\\\/gerardo-morales-council-americas.jpg\",\"datePublished\":\"2022-08-19T16:48:58+00:00\",\"dateModified\":\"2022-08-19T16:49:01+00:00\",\"breadcrumb\":{\"@id\":\"https:\\\/\\\/www.muyjujuy.com\\\/index.php\\\/2022\\\/08\\\/19\\\/gerardo-morales-diserto-en-el-consejo-de-las-americas\\\/#breadcrumb\"},\"inLanguage\":\"es-AR\",\"potentialAction\":[{\"@type\":\"ReadAction\",\"target\":[\"https:\\\/\\\/www.muyjujuy.com\\\/index.php\\\/2022\\\/08\\\/19\\\/gerardo-morales-diserto-en-el-consejo-de-las-americas\\\/\"]}]},{\"@type\":\"ImageObject\",\"inLanguage\":\"es-AR\",\"@id\":\"https:\\\/\\\/www.muyjujuy.com\\\/index.php\\\/2022\\\/08\\\/19\\\/gerardo-morales-diserto-en-el-consejo-de-las-americas\\\/#primaryimage\",\"url\":\"https:\\\/\\\/www.muyjujuy.com\\\/wp-content\\\/uploads\\\/2022\\\/08\\\/gerardo-morales-council-americas.jpg\",\"contentUrl\":\"https:\\\/\\\/www.muyjujuy.com\\\/wp-content\\\/uploads\\\/2022\\\/08\\\/gerardo-morales-council-americas.jpg\",\"width\":740,\"height\":476},{\"@type\":\"BreadcrumbList\",\"@id\":\"https:\\\/\\\/www.muyjujuy.com\\\/index.php\\\/2022\\\/08\\\/19\\\/gerardo-morales-diserto-en-el-consejo-de-las-americas\\\/#breadcrumb\",\"itemListElement\":[{\"@type\":\"ListItem\",\"position\":1,\"name\":\"Inicio\",\"item\":\"https:\\\/\\\/www.muyjujuy.com\\\/\"},{\"@type\":\"ListItem\",\"position\":2,\"name\":\"Gerardo Morales disert\u00f3 en el Consejo de las Am\u00e9ricas\"}]},{\"@type\":\"WebSite\",\"@id\":\"https:\\\/\\\/www.muyjujuy.com\\\/#website\",\"url\":\"https:\\\/\\\/www.muyjujuy.com\\\/\",\"name\":\"Muy Jujuy\",\"description\":\"\",\"publisher\":{\"@id\":\"https:\\\/\\\/www.muyjujuy.com\\\/#organization\"},\"potentialAction\":[{\"@type\":\"SearchAction\",\"target\":{\"@type\":\"EntryPoint\",\"urlTemplate\":\"https:\\\/\\\/www.muyjujuy.com\\\/?s={search_term_string}\"},\"query-input\":{\"@type\":\"PropertyValueSpecification\",\"valueRequired\":true,\"valueName\":\"search_term_string\"}}],\"inLanguage\":\"es-AR\"},{\"@type\":\"Organization\",\"@id\":\"https:\\\/\\\/www.muyjujuy.com\\\/#organization\",\"name\":\"Muy Jujuy\",\"url\":\"https:\\\/\\\/www.muyjujuy.com\\\/\",\"logo\":{\"@type\":\"ImageObject\",\"inLanguage\":\"es-AR\",\"@id\":\"https:\\\/\\\/www.muyjujuy.com\\\/#\\\/schema\\\/logo\\\/image\\\/\",\"url\":\"http:\\\/\\\/www.muyjujuy.com\\\/wp-content\\\/uploads\\\/2022\\\/05\\\/logo-mobil-jujuy.png\",\"contentUrl\":\"http:\\\/\\\/www.muyjujuy.com\\\/wp-content\\\/uploads\\\/2022\\\/05\\\/logo-mobil-jujuy.png\",\"width\":174,\"height\":81,\"caption\":\"Muy Jujuy\"},\"image\":{\"@id\":\"https:\\\/\\\/www.muyjujuy.com\\\/#\\\/schema\\\/logo\\\/image\\\/\"},\"sameAs\":[\"https:\\\/\\\/www.facebook.com\\\/muyjujuycom\",\"https:\\\/\\\/x.com\\\/muyjujuy\",\"https:\\\/\\\/www.instagram.com\\\/muyjujuycom\"]},{\"@type\":\"Person\",\"@id\":\"https:\\\/\\\/www.muyjujuy.com\\\/#\\\/schema\\\/person\\\/0912feea916a101cf58b29a51bd43824\",\"name\":\"Redactor\",\"image\":{\"@type\":\"ImageObject\",\"inLanguage\":\"es-AR\",\"@id\":\"https:\\\/\\\/secure.gravatar.com\\\/avatar\\\/c07d71e867cb39c58973815e9a9714afdaa60c3e7fafdabfb21605f2d13255be?s=96&d=mm&r=g\",\"url\":\"https:\\\/\\\/secure.gravatar.com\\\/avatar\\\/c07d71e867cb39c58973815e9a9714afdaa60c3e7fafdabfb21605f2d13255be?s=96&d=mm&r=g\",\"contentUrl\":\"https:\\\/\\\/secure.gravatar.com\\\/avatar\\\/c07d71e867cb39c58973815e9a9714afdaa60c3e7fafdabfb21605f2d13255be?s=96&d=mm&r=g\",\"caption\":\"Redactor\"},\"url\":\"https:\\\/\\\/www.muyjujuy.com\\\/index.php\\\/author\\\/redactor\\\/\"}]}<\/script>\n<!-- \/ Yoast SEO plugin. -->","yoast_head_json":{"title":"Gerardo Morales disert\u00f3 en el Consejo de las Am\u00e9ricas - Muy Jujuy","robots":{"index":"index","follow":"follow","max-snippet":"max-snippet:-1","max-image-preview":"max-image-preview:large","max-video-preview":"max-video-preview:-1"},"canonical":"https:\/\/www.muyjujuy.com\/index.php\/2022\/08\/19\/gerardo-morales-diserto-en-el-consejo-de-las-americas\/","og_locale":"es_ES","og_type":"article","og_title":"Gerardo Morales disert\u00f3 en el Consejo de las Am\u00e9ricas - Muy Jujuy","og_description":"El gobernador de la provincia de Jujuy disert\u00f3 junto a otros mandatarios provinciales del Consejo de las Am\u00e9ricas en donde habl\u00f3 de desarrollo regional. El Gobernador de Jujuy, Gerardo Morales, particip\u00f3 ayer, en car\u00e1cter de disertante, en la 19\u00ba reuni\u00f3n del Consejo de las Am\u00e9ricas que convoc\u00f3 a funcionarios, dirigentes, diplom\u00e1ticos y empresarios, en el [&hellip;]","og_url":"https:\/\/www.muyjujuy.com\/index.php\/2022\/08\/19\/gerardo-morales-diserto-en-el-consejo-de-las-americas\/","og_site_name":"Muy Jujuy","article_publisher":"https:\/\/www.facebook.com\/muyjujuycom","article_published_time":"2022-08-19T16:48:58+00:00","article_modified_time":"2022-08-19T16:49:01+00:00","og_image":[{"width":740,"height":476,"url":"https:\/\/www.muyjujuy.com\/wp-content\/uploads\/2022\/08\/gerardo-morales-council-americas.jpg","type":"image\/jpeg"}],"author":"Redactor","twitter_card":"summary_large_image","twitter_creator":"@muyjujuy","twitter_site":"@muyjujuy","twitter_misc":{"Escrito por":"Redactor","Tiempo de lectura":"3 minutos"},"schema":{"@context":"https:\/\/schema.org","@graph":[{"@type":"Article","@id":"https:\/\/www.muyjujuy.com\/index.php\/2022\/08\/19\/gerardo-morales-diserto-en-el-consejo-de-las-americas\/#article","isPartOf":{"@id":"https:\/\/www.muyjujuy.com\/index.php\/2022\/08\/19\/gerardo-morales-diserto-en-el-consejo-de-las-americas\/"},"author":{"name":"Redactor","@id":"https:\/\/www.muyjujuy.com\/#\/schema\/person\/0912feea916a101cf58b29a51bd43824"},"headline":"Gerardo Morales disert\u00f3 en el Consejo de las Am\u00e9ricas","datePublished":"2022-08-19T16:48:58+00:00","dateModified":"2022-08-19T16:49:01+00:00","mainEntityOfPage":{"@id":"https:\/\/www.muyjujuy.com\/index.php\/2022\/08\/19\/gerardo-morales-diserto-en-el-consejo-de-las-americas\/"},"wordCount":561,"commentCount":0,"publisher":{"@id":"https:\/\/www.muyjujuy.com\/#organization"},"image":{"@id":"https:\/\/www.muyjujuy.com\/index.php\/2022\/08\/19\/gerardo-morales-diserto-en-el-consejo-de-las-americas\/#primaryimage"},"thumbnailUrl":"https:\/\/www.muyjujuy.com\/wp-content\/uploads\/2022\/08\/gerardo-morales-council-americas.jpg","keywords":["Gerardo Morales","Jujuy"],"articleSection":["Pol\u00edtica"],"inLanguage":"es-AR","potentialAction":[{"@type":"CommentAction","name":"Comment","target":["https:\/\/www.muyjujuy.com\/index.php\/2022\/08\/19\/gerardo-morales-diserto-en-el-consejo-de-las-americas\/#respond"]}]},{"@type":"WebPage","@id":"https:\/\/www.muyjujuy.com\/index.php\/2022\/08\/19\/gerardo-morales-diserto-en-el-consejo-de-las-americas\/","url":"https:\/\/www.muyjujuy.com\/index.php\/2022\/08\/19\/gerardo-morales-diserto-en-el-consejo-de-las-americas\/","name":"Gerardo Morales disert\u00f3 en el Consejo de las Am\u00e9ricas - Muy Jujuy","isPartOf":{"@id":"https:\/\/www.muyjujuy.com\/#website"},"primaryImageOfPage":{"@id":"https:\/\/www.muyjujuy.com\/index.php\/2022\/08\/19\/gerardo-morales-diserto-en-el-consejo-de-las-americas\/#primaryimage"},"image":{"@id":"https:\/\/www.muyjujuy.com\/index.php\/2022\/08\/19\/gerardo-morales-diserto-en-el-consejo-de-las-americas\/#primaryimage"},"thumbnailUrl":"https:\/\/www.muyjujuy.com\/wp-content\/uploads\/2022\/08\/gerardo-morales-council-americas.jpg","datePublished":"2022-08-19T16:48:58+00:00","dateModified":"2022-08-19T16:49:01+00:00","breadcrumb":{"@id":"https:\/\/www.muyjujuy.com\/index.php\/2022\/08\/19\/gerardo-morales-diserto-en-el-consejo-de-las-americas\/#breadcrumb"},"inLanguage":"es-AR","potentialAction":[{"@type":"ReadAction","target":["https:\/\/www.muyjujuy.com\/index.php\/2022\/08\/19\/gerardo-morales-diserto-en-el-consejo-de-las-americas\/"]}]},{"@type":"ImageObject","inLanguage":"es-AR","@id":"https:\/\/www.muyjujuy.com\/index.php\/2022\/08\/19\/gerardo-morales-diserto-en-el-consejo-de-las-americas\/#primaryimage","url":"https:\/\/www.muyjujuy.com\/wp-content\/uploads\/2022\/08\/gerardo-morales-council-americas.jpg","contentUrl":"https:\/\/www.muyjujuy.com\/wp-content\/uploads\/2022\/08\/gerardo-morales-council-americas.jpg","width":740,"height":476},{"@type":"BreadcrumbList","@id":"https:\/\/www.muyjujuy.com\/index.php\/2022\/08\/19\/gerardo-morales-diserto-en-el-consejo-de-las-americas\/#breadcrumb","itemListElement":[{"@type":"ListItem","position":1,"name":"Inicio","item":"https:\/\/www.muyjujuy.com\/"},{"@type":"ListItem","position":2,"name":"Gerardo Morales disert\u00f3 en el Consejo de las Am\u00e9ricas"}]},{"@type":"WebSite","@id":"https:\/\/www.muyjujuy.com\/#website","url":"https:\/\/www.muyjujuy.com\/","name":"Muy Jujuy","description":"","publisher":{"@id":"https:\/\/www.muyjujuy.com\/#organization"},"potentialAction":[{"@type":"SearchAction","target":{"@type":"EntryPoint","urlTemplate":"https:\/\/www.muyjujuy.com\/?s={search_term_string}"},"query-input":{"@type":"PropertyValueSpecification","valueRequired":true,"valueName":"search_term_string"}}],"inLanguage":"es-AR"},{"@type":"Organization","@id":"https:\/\/www.muyjujuy.com\/#organization","name":"Muy Jujuy","url":"https:\/\/www.muyjujuy.com\/","logo":{"@type":"ImageObject","inLanguage":"es-AR","@id":"https:\/\/www.muyjujuy.com\/#\/schema\/logo\/image\/","url":"http:\/\/www.muyjujuy.com\/wp-content\/uploads\/2022\/05\/logo-mobil-jujuy.png","contentUrl":"http:\/\/www.muyjujuy.com\/wp-content\/uploads\/2022\/05\/logo-mobil-jujuy.png","width":174,"height":81,"caption":"Muy Jujuy"},"image":{"@id":"https:\/\/www.muyjujuy.com\/#\/schema\/logo\/image\/"},"sameAs":["https:\/\/www.facebook.com\/muyjujuycom","https:\/\/x.com\/muyjujuy","https:\/\/www.instagram.com\/muyjujuycom"]},{"@type":"Person","@id":"https:\/\/www.muyjujuy.com\/#\/schema\/person\/0912feea916a101cf58b29a51bd43824","name":"Redactor","image":{"@type":"ImageObject","inLanguage":"es-AR","@id":"https:\/\/secure.gravatar.com\/avatar\/c07d71e867cb39c58973815e9a9714afdaa60c3e7fafdabfb21605f2d13255be?s=96&d=mm&r=g","url":"https:\/\/secure.gravatar.com\/avatar\/c07d71e867cb39c58973815e9a9714afdaa60c3e7fafdabfb21605f2d13255be?s=96&d=mm&r=g","contentUrl":"https:\/\/secure.gravatar.com\/avatar\/c07d71e867cb39c58973815e9a9714afdaa60c3e7fafdabfb21605f2d13255be?s=96&d=mm&r=g","caption":"Redactor"},"url":"https:\/\/www.muyjujuy.com\/index.php\/author\/redactor\/"}]}},"_links":{"self":[{"href":"https:\/\/www.muyjujuy.com\/index.php\/wp-json\/wp\/v2\/posts\/1246","targetHints":{"allow":["GET"]}}],"collection":[{"href":"https:\/\/www.muyjujuy.com\/index.php\/wp-json\/wp\/v2\/posts"}],"about":[{"href":"https:\/\/www.muyjujuy.com\/index.php\/wp-json\/wp\/v2\/types\/post"}],"author":[{"embeddable":true,"href":"https:\/\/www.muyjujuy.com\/index.php\/wp-json\/wp\/v2\/users\/5"}],"replies":[{"embeddable":true,"href":"https:\/\/www.muyjujuy.com\/index.php\/wp-json\/wp\/v2\/comments?post=1246"}],"version-history":[{"count":1,"href":"https:\/\/www.muyjujuy.com\/index.php\/wp-json\/wp\/v2\/posts\/1246\/revisions"}],"predecessor-version":[{"id":1248,"href":"https:\/\/www.muyjujuy.com\/index.php\/wp-json\/wp\/v2\/posts\/1246\/revisions\/1248"}],"wp:featuredmedia":[{"embeddable":true,"href":"https:\/\/www.muyjujuy.com\/index.php\/wp-json\/wp\/v2\/media\/1247"}],"wp:attachment":[{"href":"https:\/\/www.muyjujuy.com\/index.php\/wp-json\/wp\/v2\/media?parent=1246"}],"wp:term":[{"taxonomy":"category","embeddable":true,"href":"https:\/\/www.muyjujuy.com\/index.php\/wp-json\/wp\/v2\/categories?post=1246"},{"taxonomy":"post_tag","embeddable":true,"href":"https:\/\/www.muyjujuy.com\/index.php\/wp-json\/wp\/v2\/tags?post=1246"}],"curies":[{"name":"wp","href":"https:\/\/api.w.org\/{rel}","templated":true}]}}