{"id":1252,"date":"2022-08-22T10:49:59","date_gmt":"2022-08-22T13:49:59","guid":{"rendered":"https:\/\/www.muyjujuy.com\/?p=1252"},"modified":"2022-08-22T10:50:01","modified_gmt":"2022-08-22T13:50:01","slug":"condolencias-del-arco-politico-por-la-muerte-de-monica-snopek-cunada-de-gerardo-morales","status":"publish","type":"post","link":"https:\/\/www.muyjujuy.com\/index.php\/2022\/08\/22\/condolencias-del-arco-politico-por-la-muerte-de-monica-snopek-cunada-de-gerardo-morales\/","title":{"rendered":"Condolencias del arco pol\u00edtico por la muerte de M\u00f3nica Snopek, cu\u00f1ada de Gerardo Morales"},"content":{"rendered":"\n<p><em>El accidente ocurri\u00f3 el domingo a la tarde noche. Snopek viajaba junto a su pareja y a sus suegros.<\/em><\/p>\n\n\n\n<p>El fallecimiento de <strong>Mar\u00eda M\u00f3nica Snopek<\/strong>, cu\u00f1ada del gobernador juje\u00f1o Gerardo Morales, conmocion\u00f3 a la provincia y al arco pol\u00edtico a nivel nacional. El impactante choque ocurri\u00f3 el domingo en Campo Ram\u00f3n.<\/p>\n\n\n\n<p>Fueron cuatro las v\u00edctimas fatales, mientras que una quinta personas se encontraba en estado cr\u00edtico. <strong>Adem\u00e1s de Snopek, murieron sus suegros<\/strong>, que iban junto a ella y su pareja (que est\u00e1 hospitalizado) en una camioneta; y el conductor del cami\u00f3n con el que colisionaron de frente.<br><br>Snopek era la hermana del senador del Frente de Todos <strong>Guillermo Snopek <\/strong>y de <strong>Tulia Snopek<\/strong>, la abogada que en diciembre del 2018 se cas\u00f3 con el gobernador Morales.<\/p>\n\n\n\n<p>Dirigentes del Frente de Todos como de Juntos por el Cambio manifestaron sus condolencias tanto para la familia Snopek como para la familia Morales.<\/p>\n\n\n\n<h2 class=\"wp-block-heading\"><strong>Los sentidos mensajes por la muerte de Mar\u00eda Snopek<\/strong><\/h2>\n\n\n\n<figure class=\"wp-block-embed is-type-rich is-provider-twitter wp-block-embed-twitter\"><div class=\"wp-block-embed__wrapper\">\n<blockquote class=\"twitter-tweet\" data-width=\"550\" data-dnt=\"true\"><p lang=\"es\" dir=\"ltr\">\u2022 Los Senadores y las Senadoras Nacionales del Interbloque del <a href=\"https:\/\/twitter.com\/FrenteDeTodos?ref_src=twsrc%5Etfw\">@FrenteDeTodos<\/a> expresamos nuestras condolencias al compa\u00f1ero Senador <a href=\"https:\/\/twitter.com\/guillermosnopek?ref_src=twsrc%5Etfw\">@guillermosnopek<\/a>, por el fallecimiento de su hermana,Mar\u00eda M\u00f3nica Snopek.<br>Hacemos extensivo el acompa\u00f1amiento a toda la familia,amigos y allegados.<\/p>&mdash; Senadores de TOD\u2600\ufe0fS (@Senadores_Todos) <a href=\"https:\/\/twitter.com\/Senadores_Todos\/status\/1561535899392806913?ref_src=twsrc%5Etfw\">August 22, 2022<\/a><\/blockquote><script async src=\"https:\/\/platform.twitter.com\/widgets.js\" charset=\"utf-8\"><\/script>\n<\/div><\/figure>\n\n\n\n<figure class=\"wp-block-embed is-type-rich is-provider-twitter wp-block-embed-twitter\"><div class=\"wp-block-embed__wrapper\">\n<blockquote class=\"twitter-tweet\" data-width=\"550\" data-dnt=\"true\"><p lang=\"es\" dir=\"ltr\">Hago llegar mis condolencias al senador Guillermo Snopek y su familia en este momento de dolor.<\/p>&mdash; Carlos Linares (@LinaresCarlosCR) <a href=\"https:\/\/twitter.com\/LinaresCarlosCR\/status\/1561534966038675458?ref_src=twsrc%5Etfw\">August 22, 2022<\/a><\/blockquote><script async src=\"https:\/\/platform.twitter.com\/widgets.js\" charset=\"utf-8\"><\/script>\n<\/div><\/figure>\n\n\n\n<figure class=\"wp-block-embed is-type-rich is-provider-twitter wp-block-embed-twitter\"><div class=\"wp-block-embed__wrapper\">\n<blockquote class=\"twitter-tweet\" data-width=\"550\" data-dnt=\"true\"><p lang=\"es\" dir=\"ltr\">Acompa\u00f1o en este doloroso momento a la familia Snopek y a Gerardo Morales ante la tr\u00e1gica noticia del fallecimiento de M\u00f3nica Snopek<\/p>&mdash; Jorge Macri (@jorgemacri) <a href=\"https:\/\/twitter.com\/jorgemacri\/status\/1561519441875128320?ref_src=twsrc%5Etfw\">August 22, 2022<\/a><\/blockquote><script async src=\"https:\/\/platform.twitter.com\/widgets.js\" charset=\"utf-8\"><\/script>\n<\/div><\/figure>\n\n\n\n<figure class=\"wp-block-embed is-type-rich is-provider-twitter wp-block-embed-twitter\"><div class=\"wp-block-embed__wrapper\">\n<blockquote class=\"twitter-tweet\" data-width=\"550\" data-dnt=\"true\"><p lang=\"es\" dir=\"ltr\">Lamentamos profundamente el fallecimiento de Mar\u00eda M\u00f3nica Snopek. Nuestras condolencias y acompa\u00f1amiento a Tulia, <a href=\"https:\/\/twitter.com\/GerardoMorales?ref_src=twsrc%5Etfw\">@GerardoMorales<\/a> y familia Snopek en este momento tan dif\u00edcil.<\/p>&mdash; Julio Cobos (@juliocobos) <a href=\"https:\/\/twitter.com\/juliocobos\/status\/1561512262073872384?ref_src=twsrc%5Etfw\">August 22, 2022<\/a><\/blockquote><script async src=\"https:\/\/platform.twitter.com\/widgets.js\" charset=\"utf-8\"><\/script>\n<\/div><\/figure>\n\n\n\n<figure class=\"wp-block-embed is-type-rich is-provider-twitter wp-block-embed-twitter\"><div class=\"wp-block-embed__wrapper\">\n<blockquote class=\"twitter-tweet\" data-width=\"550\" data-dnt=\"true\"><p lang=\"es\" dir=\"ltr\">Todo mi acompa\u00f1amiento al senador <a href=\"https:\/\/twitter.com\/guillermosnopek?ref_src=twsrc%5Etfw\">@guillermosnopek<\/a> y su familia en este momento de dolor por la p\u00e9rdida de su hermana, Mar\u00eda M\u00f3nica Snopek. Mis m\u00e1s profundas condolencias. Que en paz descanse<\/p>&mdash; Clara Vega (@vegaclara) <a href=\"https:\/\/twitter.com\/vegaclara\/status\/1561682069901774848?ref_src=twsrc%5Etfw\">August 22, 2022<\/a><\/blockquote><script async src=\"https:\/\/platform.twitter.com\/widgets.js\" charset=\"utf-8\"><\/script>\n<\/div><\/figure>\n\n\n\n<figure class=\"wp-block-embed is-type-rich is-provider-twitter wp-block-embed-twitter\"><div class=\"wp-block-embed__wrapper\">\n<blockquote class=\"twitter-tweet\" data-width=\"550\" data-dnt=\"true\"><p lang=\"es\" dir=\"ltr\">Lamento el fallecimiento de Mar\u00eda M\u00f3nica Snopek. Nuestras  condolencias y acompa\u00f1amiento a Tulia, <a href=\"https:\/\/twitter.com\/GerardoMorales?ref_src=twsrc%5Etfw\">@GerardoMorales<\/a> y familia en este triste y dif\u00edcil momento.<\/p>&mdash; maxi ferraro (@Maxiferraro) <a href=\"https:\/\/twitter.com\/Maxiferraro\/status\/1561687394339938307?ref_src=twsrc%5Etfw\">August 22, 2022<\/a><\/blockquote><script async src=\"https:\/\/platform.twitter.com\/widgets.js\" charset=\"utf-8\"><\/script>\n<\/div><\/figure>\n","protected":false},"excerpt":{"rendered":"<p>El accidente ocurri\u00f3 el domingo a la tarde noche. Snopek viajaba junto a su pareja y a sus suegros. El fallecimiento de Mar\u00eda M\u00f3nica Snopek, cu\u00f1ada del gobernador juje\u00f1o Gerardo Morales, conmocion\u00f3 a la provincia y al arco pol\u00edtico a nivel nacional. El impactante choque ocurri\u00f3 el domingo en Campo Ram\u00f3n. Fueron cuatro las v\u00edctimas [&hellip;]<\/p>\n","protected":false},"author":3,"featured_media":1253,"comment_status":"open","ping_status":"open","sticky":false,"template":"","format":"standard","meta":{"footnotes":""},"categories":[24],"tags":[5,8,781],"class_list":{"0":"post-1252","1":"post","2":"type-post","3":"status-publish","4":"format-standard","5":"has-post-thumbnail","7":"category-politica","8":"tag-gerardo-morales","9":"tag-jujuy","10":"tag-maria-snopek"},"yoast_head":"<!-- This site is optimized with the Yoast SEO plugin v27.5 - https:\/\/yoast.com\/product\/yoast-seo-wordpress\/ -->\n<title>Condolencias del arco pol\u00edtico por la muerte de M\u00f3nica Snopek, cu\u00f1ada de Gerardo Morales - Muy Jujuy<\/title>\n<meta name=\"description\" content=\"El fallecimiento de Mar\u00eda M\u00f3nica Snopek, cu\u00f1ada del gobernador juje\u00f1o Gerardo Morales, conmocion\u00f3 a la provincia y al arco pol\u00edtico a nivel nacional\" \/>\n<meta name=\"robots\" content=\"index, follow, max-snippet:-1, max-image-preview:large, max-video-preview:-1\" \/>\n<link rel=\"canonical\" href=\"https:\/\/www.muyjujuy.com\/index.php\/2022\/08\/22\/condolencias-del-arco-politico-por-la-muerte-de-monica-snopek-cunada-de-gerardo-morales\/\" \/>\n<meta property=\"og:locale\" content=\"es_ES\" \/>\n<meta property=\"og:type\" content=\"article\" \/>\n<meta property=\"og:title\" content=\"Condolencias del arco pol\u00edtico por la muerte de M\u00f3nica Snopek, cu\u00f1ada de Gerardo Morales - Muy Jujuy\" \/>\n<meta property=\"og:description\" content=\"El fallecimiento de Mar\u00eda M\u00f3nica Snopek, cu\u00f1ada del gobernador juje\u00f1o Gerardo Morales, conmocion\u00f3 a la provincia y al arco pol\u00edtico a nivel nacional\" \/>\n<meta property=\"og:url\" content=\"https:\/\/www.muyjujuy.com\/index.php\/2022\/08\/22\/condolencias-del-arco-politico-por-la-muerte-de-monica-snopek-cunada-de-gerardo-morales\/\" \/>\n<meta property=\"og:site_name\" content=\"Muy Jujuy\" \/>\n<meta property=\"article:publisher\" content=\"https:\/\/www.facebook.com\/muyjujuycom\" \/>\n<meta property=\"article:published_time\" content=\"2022-08-22T13:49:59+00:00\" \/>\n<meta property=\"article:modified_time\" content=\"2022-08-22T13:50:01+00:00\" \/>\n<meta property=\"og:image\" content=\"https:\/\/www.muyjujuy.com\/wp-content\/uploads\/2022\/08\/WhatsApp-Image-2022-08-22-at-10.46.45-AM.jpeg\" \/>\n\t<meta property=\"og:image:width\" content=\"1200\" \/>\n\t<meta property=\"og:image:height\" content=\"600\" \/>\n\t<meta property=\"og:image:type\" content=\"image\/jpeg\" \/>\n<meta name=\"author\" content=\"Redacci\u00f3n Muy Jujuy\" \/>\n<meta name=\"twitter:card\" content=\"summary_large_image\" \/>\n<meta name=\"twitter:creator\" content=\"@muyjujuy\" \/>\n<meta name=\"twitter:site\" content=\"@muyjujuy\" \/>\n<meta name=\"twitter:label1\" content=\"Escrito por\" \/>\n\t<meta name=\"twitter:data1\" content=\"Redacci\u00f3n Muy Jujuy\" \/>\n\t<meta name=\"twitter:label2\" content=\"Tiempo de lectura\" \/>\n\t<meta name=\"twitter:data2\" content=\"1 minuto\" \/>\n<script type=\"application\/ld+json\" class=\"yoast-schema-graph\">{\"@context\":\"https:\\\/\\\/schema.org\",\"@graph\":[{\"@type\":\"Article\",\"@id\":\"https:\\\/\\\/www.muyjujuy.com\\\/index.php\\\/2022\\\/08\\\/22\\\/condolencias-del-arco-politico-por-la-muerte-de-monica-snopek-cunada-de-gerardo-morales\\\/#article\",\"isPartOf\":{\"@id\":\"https:\\\/\\\/www.muyjujuy.com\\\/index.php\\\/2022\\\/08\\\/22\\\/condolencias-del-arco-politico-por-la-muerte-de-monica-snopek-cunada-de-gerardo-morales\\\/\"},\"author\":{\"name\":\"Redacci\u00f3n Muy Jujuy\",\"@id\":\"https:\\\/\\\/www.muyjujuy.com\\\/#\\\/schema\\\/person\\\/1d0f6e223ccea9e3f9034c1a5b683bf2\"},\"headline\":\"Condolencias del arco pol\u00edtico por la muerte de M\u00f3nica Snopek, cu\u00f1ada de Gerardo Morales\",\"datePublished\":\"2022-08-22T13:49:59+00:00\",\"dateModified\":\"2022-08-22T13:50:01+00:00\",\"mainEntityOfPage\":{\"@id\":\"https:\\\/\\\/www.muyjujuy.com\\\/index.php\\\/2022\\\/08\\\/22\\\/condolencias-del-arco-politico-por-la-muerte-de-monica-snopek-cunada-de-gerardo-morales\\\/\"},\"wordCount\":353,\"commentCount\":0,\"publisher\":{\"@id\":\"https:\\\/\\\/www.muyjujuy.com\\\/#organization\"},\"image\":{\"@id\":\"https:\\\/\\\/www.muyjujuy.com\\\/index.php\\\/2022\\\/08\\\/22\\\/condolencias-del-arco-politico-por-la-muerte-de-monica-snopek-cunada-de-gerardo-morales\\\/#primaryimage\"},\"thumbnailUrl\":\"https:\\\/\\\/www.muyjujuy.com\\\/wp-content\\\/uploads\\\/2022\\\/08\\\/WhatsApp-Image-2022-08-22-at-10.46.45-AM.jpeg\",\"keywords\":[\"Gerardo Morales\",\"Jujuy\",\"Mar\u00eda Snopek\"],\"articleSection\":[\"Pol\u00edtica\"],\"inLanguage\":\"es-AR\",\"potentialAction\":[{\"@type\":\"CommentAction\",\"name\":\"Comment\",\"target\":[\"https:\\\/\\\/www.muyjujuy.com\\\/index.php\\\/2022\\\/08\\\/22\\\/condolencias-del-arco-politico-por-la-muerte-de-monica-snopek-cunada-de-gerardo-morales\\\/#respond\"]}]},{\"@type\":\"WebPage\",\"@id\":\"https:\\\/\\\/www.muyjujuy.com\\\/index.php\\\/2022\\\/08\\\/22\\\/condolencias-del-arco-politico-por-la-muerte-de-monica-snopek-cunada-de-gerardo-morales\\\/\",\"url\":\"https:\\\/\\\/www.muyjujuy.com\\\/index.php\\\/2022\\\/08\\\/22\\\/condolencias-del-arco-politico-por-la-muerte-de-monica-snopek-cunada-de-gerardo-morales\\\/\",\"name\":\"Condolencias del arco pol\u00edtico por la muerte de M\u00f3nica Snopek, cu\u00f1ada de Gerardo Morales - Muy Jujuy\",\"isPartOf\":{\"@id\":\"https:\\\/\\\/www.muyjujuy.com\\\/#website\"},\"primaryImageOfPage\":{\"@id\":\"https:\\\/\\\/www.muyjujuy.com\\\/index.php\\\/2022\\\/08\\\/22\\\/condolencias-del-arco-politico-por-la-muerte-de-monica-snopek-cunada-de-gerardo-morales\\\/#primaryimage\"},\"image\":{\"@id\":\"https:\\\/\\\/www.muyjujuy.com\\\/index.php\\\/2022\\\/08\\\/22\\\/condolencias-del-arco-politico-por-la-muerte-de-monica-snopek-cunada-de-gerardo-morales\\\/#primaryimage\"},\"thumbnailUrl\":\"https:\\\/\\\/www.muyjujuy.com\\\/wp-content\\\/uploads\\\/2022\\\/08\\\/WhatsApp-Image-2022-08-22-at-10.46.45-AM.jpeg\",\"datePublished\":\"2022-08-22T13:49:59+00:00\",\"dateModified\":\"2022-08-22T13:50:01+00:00\",\"description\":\"El fallecimiento de Mar\u00eda M\u00f3nica Snopek, cu\u00f1ada del gobernador juje\u00f1o Gerardo Morales, conmocion\u00f3 a la provincia y al arco pol\u00edtico a nivel nacional\",\"breadcrumb\":{\"@id\":\"https:\\\/\\\/www.muyjujuy.com\\\/index.php\\\/2022\\\/08\\\/22\\\/condolencias-del-arco-politico-por-la-muerte-de-monica-snopek-cunada-de-gerardo-morales\\\/#breadcrumb\"},\"inLanguage\":\"es-AR\",\"potentialAction\":[{\"@type\":\"ReadAction\",\"target\":[\"https:\\\/\\\/www.muyjujuy.com\\\/index.php\\\/2022\\\/08\\\/22\\\/condolencias-del-arco-politico-por-la-muerte-de-monica-snopek-cunada-de-gerardo-morales\\\/\"]}]},{\"@type\":\"ImageObject\",\"inLanguage\":\"es-AR\",\"@id\":\"https:\\\/\\\/www.muyjujuy.com\\\/index.php\\\/2022\\\/08\\\/22\\\/condolencias-del-arco-politico-por-la-muerte-de-monica-snopek-cunada-de-gerardo-morales\\\/#primaryimage\",\"url\":\"https:\\\/\\\/www.muyjujuy.com\\\/wp-content\\\/uploads\\\/2022\\\/08\\\/WhatsApp-Image-2022-08-22-at-10.46.45-AM.jpeg\",\"contentUrl\":\"https:\\\/\\\/www.muyjujuy.com\\\/wp-content\\\/uploads\\\/2022\\\/08\\\/WhatsApp-Image-2022-08-22-at-10.46.45-AM.jpeg\",\"width\":1200,\"height\":600},{\"@type\":\"BreadcrumbList\",\"@id\":\"https:\\\/\\\/www.muyjujuy.com\\\/index.php\\\/2022\\\/08\\\/22\\\/condolencias-del-arco-politico-por-la-muerte-de-monica-snopek-cunada-de-gerardo-morales\\\/#breadcrumb\",\"itemListElement\":[{\"@type\":\"ListItem\",\"position\":1,\"name\":\"Inicio\",\"item\":\"https:\\\/\\\/www.muyjujuy.com\\\/\"},{\"@type\":\"ListItem\",\"position\":2,\"name\":\"Condolencias del arco pol\u00edtico por la muerte de M\u00f3nica Snopek, cu\u00f1ada de Gerardo Morales\"}]},{\"@type\":\"WebSite\",\"@id\":\"https:\\\/\\\/www.muyjujuy.com\\\/#website\",\"url\":\"https:\\\/\\\/www.muyjujuy.com\\\/\",\"name\":\"Muy Jujuy\",\"description\":\"\",\"publisher\":{\"@id\":\"https:\\\/\\\/www.muyjujuy.com\\\/#organization\"},\"potentialAction\":[{\"@type\":\"SearchAction\",\"target\":{\"@type\":\"EntryPoint\",\"urlTemplate\":\"https:\\\/\\\/www.muyjujuy.com\\\/?s={search_term_string}\"},\"query-input\":{\"@type\":\"PropertyValueSpecification\",\"valueRequired\":true,\"valueName\":\"search_term_string\"}}],\"inLanguage\":\"es-AR\"},{\"@type\":\"Organization\",\"@id\":\"https:\\\/\\\/www.muyjujuy.com\\\/#organization\",\"name\":\"Muy Jujuy\",\"url\":\"https:\\\/\\\/www.muyjujuy.com\\\/\",\"logo\":{\"@type\":\"ImageObject\",\"inLanguage\":\"es-AR\",\"@id\":\"https:\\\/\\\/www.muyjujuy.com\\\/#\\\/schema\\\/logo\\\/image\\\/\",\"url\":\"http:\\\/\\\/www.muyjujuy.com\\\/wp-content\\\/uploads\\\/2022\\\/05\\\/logo-mobil-jujuy.png\",\"contentUrl\":\"http:\\\/\\\/www.muyjujuy.com\\\/wp-content\\\/uploads\\\/2022\\\/05\\\/logo-mobil-jujuy.png\",\"width\":174,\"height\":81,\"caption\":\"Muy Jujuy\"},\"image\":{\"@id\":\"https:\\\/\\\/www.muyjujuy.com\\\/#\\\/schema\\\/logo\\\/image\\\/\"},\"sameAs\":[\"https:\\\/\\\/www.facebook.com\\\/muyjujuycom\",\"https:\\\/\\\/x.com\\\/muyjujuy\",\"https:\\\/\\\/www.instagram.com\\\/muyjujuycom\"]},{\"@type\":\"Person\",\"@id\":\"https:\\\/\\\/www.muyjujuy.com\\\/#\\\/schema\\\/person\\\/1d0f6e223ccea9e3f9034c1a5b683bf2\",\"name\":\"Redacci\u00f3n Muy Jujuy\",\"image\":{\"@type\":\"ImageObject\",\"inLanguage\":\"es-AR\",\"@id\":\"https:\\\/\\\/secure.gravatar.com\\\/avatar\\\/fec5f6f1893d741ed5eecccff109ce43e67a855411202a3212a058cb8e5c27d4?s=96&d=mm&r=g\",\"url\":\"https:\\\/\\\/secure.gravatar.com\\\/avatar\\\/fec5f6f1893d741ed5eecccff109ce43e67a855411202a3212a058cb8e5c27d4?s=96&d=mm&r=g\",\"contentUrl\":\"https:\\\/\\\/secure.gravatar.com\\\/avatar\\\/fec5f6f1893d741ed5eecccff109ce43e67a855411202a3212a058cb8e5c27d4?s=96&d=mm&r=g\",\"caption\":\"Redacci\u00f3n Muy Jujuy\"},\"url\":\"https:\\\/\\\/www.muyjujuy.com\\\/index.php\\\/author\\\/editor\\\/\"}]}<\/script>\n<!-- \/ Yoast SEO plugin. -->","yoast_head_json":{"title":"Condolencias del arco pol\u00edtico por la muerte de M\u00f3nica Snopek, cu\u00f1ada de Gerardo Morales - Muy Jujuy","description":"El fallecimiento de Mar\u00eda M\u00f3nica Snopek, cu\u00f1ada del gobernador juje\u00f1o Gerardo Morales, conmocion\u00f3 a la provincia y al arco pol\u00edtico a nivel nacional","robots":{"index":"index","follow":"follow","max-snippet":"max-snippet:-1","max-image-preview":"max-image-preview:large","max-video-preview":"max-video-preview:-1"},"canonical":"https:\/\/www.muyjujuy.com\/index.php\/2022\/08\/22\/condolencias-del-arco-politico-por-la-muerte-de-monica-snopek-cunada-de-gerardo-morales\/","og_locale":"es_ES","og_type":"article","og_title":"Condolencias del arco pol\u00edtico por la muerte de M\u00f3nica Snopek, cu\u00f1ada de Gerardo Morales - Muy Jujuy","og_description":"El fallecimiento de Mar\u00eda M\u00f3nica Snopek, cu\u00f1ada del gobernador juje\u00f1o Gerardo Morales, conmocion\u00f3 a la provincia y al arco pol\u00edtico a nivel nacional","og_url":"https:\/\/www.muyjujuy.com\/index.php\/2022\/08\/22\/condolencias-del-arco-politico-por-la-muerte-de-monica-snopek-cunada-de-gerardo-morales\/","og_site_name":"Muy Jujuy","article_publisher":"https:\/\/www.facebook.com\/muyjujuycom","article_published_time":"2022-08-22T13:49:59+00:00","article_modified_time":"2022-08-22T13:50:01+00:00","og_image":[{"width":1200,"height":600,"url":"https:\/\/www.muyjujuy.com\/wp-content\/uploads\/2022\/08\/WhatsApp-Image-2022-08-22-at-10.46.45-AM.jpeg","type":"image\/jpeg"}],"author":"Redacci\u00f3n Muy Jujuy","twitter_card":"summary_large_image","twitter_creator":"@muyjujuy","twitter_site":"@muyjujuy","twitter_misc":{"Escrito por":"Redacci\u00f3n Muy Jujuy","Tiempo de lectura":"1 minuto"},"schema":{"@context":"https:\/\/schema.org","@graph":[{"@type":"Article","@id":"https:\/\/www.muyjujuy.com\/index.php\/2022\/08\/22\/condolencias-del-arco-politico-por-la-muerte-de-monica-snopek-cunada-de-gerardo-morales\/#article","isPartOf":{"@id":"https:\/\/www.muyjujuy.com\/index.php\/2022\/08\/22\/condolencias-del-arco-politico-por-la-muerte-de-monica-snopek-cunada-de-gerardo-morales\/"},"author":{"name":"Redacci\u00f3n Muy Jujuy","@id":"https:\/\/www.muyjujuy.com\/#\/schema\/person\/1d0f6e223ccea9e3f9034c1a5b683bf2"},"headline":"Condolencias del arco pol\u00edtico por la muerte de M\u00f3nica Snopek, cu\u00f1ada de Gerardo Morales","datePublished":"2022-08-22T13:49:59+00:00","dateModified":"2022-08-22T13:50:01+00:00","mainEntityOfPage":{"@id":"https:\/\/www.muyjujuy.com\/index.php\/2022\/08\/22\/condolencias-del-arco-politico-por-la-muerte-de-monica-snopek-cunada-de-gerardo-morales\/"},"wordCount":353,"commentCount":0,"publisher":{"@id":"https:\/\/www.muyjujuy.com\/#organization"},"image":{"@id":"https:\/\/www.muyjujuy.com\/index.php\/2022\/08\/22\/condolencias-del-arco-politico-por-la-muerte-de-monica-snopek-cunada-de-gerardo-morales\/#primaryimage"},"thumbnailUrl":"https:\/\/www.muyjujuy.com\/wp-content\/uploads\/2022\/08\/WhatsApp-Image-2022-08-22-at-10.46.45-AM.jpeg","keywords":["Gerardo Morales","Jujuy","Mar\u00eda Snopek"],"articleSection":["Pol\u00edtica"],"inLanguage":"es-AR","potentialAction":[{"@type":"CommentAction","name":"Comment","target":["https:\/\/www.muyjujuy.com\/index.php\/2022\/08\/22\/condolencias-del-arco-politico-por-la-muerte-de-monica-snopek-cunada-de-gerardo-morales\/#respond"]}]},{"@type":"WebPage","@id":"https:\/\/www.muyjujuy.com\/index.php\/2022\/08\/22\/condolencias-del-arco-politico-por-la-muerte-de-monica-snopek-cunada-de-gerardo-morales\/","url":"https:\/\/www.muyjujuy.com\/index.php\/2022\/08\/22\/condolencias-del-arco-politico-por-la-muerte-de-monica-snopek-cunada-de-gerardo-morales\/","name":"Condolencias del arco pol\u00edtico por la muerte de M\u00f3nica Snopek, cu\u00f1ada de Gerardo Morales - Muy Jujuy","isPartOf":{"@id":"https:\/\/www.muyjujuy.com\/#website"},"primaryImageOfPage":{"@id":"https:\/\/www.muyjujuy.com\/index.php\/2022\/08\/22\/condolencias-del-arco-politico-por-la-muerte-de-monica-snopek-cunada-de-gerardo-morales\/#primaryimage"},"image":{"@id":"https:\/\/www.muyjujuy.com\/index.php\/2022\/08\/22\/condolencias-del-arco-politico-por-la-muerte-de-monica-snopek-cunada-de-gerardo-morales\/#primaryimage"},"thumbnailUrl":"https:\/\/www.muyjujuy.com\/wp-content\/uploads\/2022\/08\/WhatsApp-Image-2022-08-22-at-10.46.45-AM.jpeg","datePublished":"2022-08-22T13:49:59+00:00","dateModified":"2022-08-22T13:50:01+00:00","description":"El fallecimiento de Mar\u00eda M\u00f3nica Snopek, cu\u00f1ada del gobernador juje\u00f1o Gerardo Morales, conmocion\u00f3 a la provincia y al arco pol\u00edtico a nivel nacional","breadcrumb":{"@id":"https:\/\/www.muyjujuy.com\/index.php\/2022\/08\/22\/condolencias-del-arco-politico-por-la-muerte-de-monica-snopek-cunada-de-gerardo-morales\/#breadcrumb"},"inLanguage":"es-AR","potentialAction":[{"@type":"ReadAction","target":["https:\/\/www.muyjujuy.com\/index.php\/2022\/08\/22\/condolencias-del-arco-politico-por-la-muerte-de-monica-snopek-cunada-de-gerardo-morales\/"]}]},{"@type":"ImageObject","inLanguage":"es-AR","@id":"https:\/\/www.muyjujuy.com\/index.php\/2022\/08\/22\/condolencias-del-arco-politico-por-la-muerte-de-monica-snopek-cunada-de-gerardo-morales\/#primaryimage","url":"https:\/\/www.muyjujuy.com\/wp-content\/uploads\/2022\/08\/WhatsApp-Image-2022-08-22-at-10.46.45-AM.jpeg","contentUrl":"https:\/\/www.muyjujuy.com\/wp-content\/uploads\/2022\/08\/WhatsApp-Image-2022-08-22-at-10.46.45-AM.jpeg","width":1200,"height":600},{"@type":"BreadcrumbList","@id":"https:\/\/www.muyjujuy.com\/index.php\/2022\/08\/22\/condolencias-del-arco-politico-por-la-muerte-de-monica-snopek-cunada-de-gerardo-morales\/#breadcrumb","itemListElement":[{"@type":"ListItem","position":1,"name":"Inicio","item":"https:\/\/www.muyjujuy.com\/"},{"@type":"ListItem","position":2,"name":"Condolencias del arco pol\u00edtico por la muerte de M\u00f3nica Snopek, cu\u00f1ada de Gerardo Morales"}]},{"@type":"WebSite","@id":"https:\/\/www.muyjujuy.com\/#website","url":"https:\/\/www.muyjujuy.com\/","name":"Muy Jujuy","description":"","publisher":{"@id":"https:\/\/www.muyjujuy.com\/#organization"},"potentialAction":[{"@type":"SearchAction","target":{"@type":"EntryPoint","urlTemplate":"https:\/\/www.muyjujuy.com\/?s={search_term_string}"},"query-input":{"@type":"PropertyValueSpecification","valueRequired":true,"valueName":"search_term_string"}}],"inLanguage":"es-AR"},{"@type":"Organization","@id":"https:\/\/www.muyjujuy.com\/#organization","name":"Muy Jujuy","url":"https:\/\/www.muyjujuy.com\/","logo":{"@type":"ImageObject","inLanguage":"es-AR","@id":"https:\/\/www.muyjujuy.com\/#\/schema\/logo\/image\/","url":"http:\/\/www.muyjujuy.com\/wp-content\/uploads\/2022\/05\/logo-mobil-jujuy.png","contentUrl":"http:\/\/www.muyjujuy.com\/wp-content\/uploads\/2022\/05\/logo-mobil-jujuy.png","width":174,"height":81,"caption":"Muy Jujuy"},"image":{"@id":"https:\/\/www.muyjujuy.com\/#\/schema\/logo\/image\/"},"sameAs":["https:\/\/www.facebook.com\/muyjujuycom","https:\/\/x.com\/muyjujuy","https:\/\/www.instagram.com\/muyjujuycom"]},{"@type":"Person","@id":"https:\/\/www.muyjujuy.com\/#\/schema\/person\/1d0f6e223ccea9e3f9034c1a5b683bf2","name":"Redacci\u00f3n Muy Jujuy","image":{"@type":"ImageObject","inLanguage":"es-AR","@id":"https:\/\/secure.gravatar.com\/avatar\/fec5f6f1893d741ed5eecccff109ce43e67a855411202a3212a058cb8e5c27d4?s=96&d=mm&r=g","url":"https:\/\/secure.gravatar.com\/avatar\/fec5f6f1893d741ed5eecccff109ce43e67a855411202a3212a058cb8e5c27d4?s=96&d=mm&r=g","contentUrl":"https:\/\/secure.gravatar.com\/avatar\/fec5f6f1893d741ed5eecccff109ce43e67a855411202a3212a058cb8e5c27d4?s=96&d=mm&r=g","caption":"Redacci\u00f3n Muy Jujuy"},"url":"https:\/\/www.muyjujuy.com\/index.php\/author\/editor\/"}]}},"_links":{"self":[{"href":"https:\/\/www.muyjujuy.com\/index.php\/wp-json\/wp\/v2\/posts\/1252","targetHints":{"allow":["GET"]}}],"collection":[{"href":"https:\/\/www.muyjujuy.com\/index.php\/wp-json\/wp\/v2\/posts"}],"about":[{"href":"https:\/\/www.muyjujuy.com\/index.php\/wp-json\/wp\/v2\/types\/post"}],"author":[{"embeddable":true,"href":"https:\/\/www.muyjujuy.com\/index.php\/wp-json\/wp\/v2\/users\/3"}],"replies":[{"embeddable":true,"href":"https:\/\/www.muyjujuy.com\/index.php\/wp-json\/wp\/v2\/comments?post=1252"}],"version-history":[{"count":1,"href":"https:\/\/www.muyjujuy.com\/index.php\/wp-json\/wp\/v2\/posts\/1252\/revisions"}],"predecessor-version":[{"id":1254,"href":"https:\/\/www.muyjujuy.com\/index.php\/wp-json\/wp\/v2\/posts\/1252\/revisions\/1254"}],"wp:featuredmedia":[{"embeddable":true,"href":"https:\/\/www.muyjujuy.com\/index.php\/wp-json\/wp\/v2\/media\/1253"}],"wp:attachment":[{"href":"https:\/\/www.muyjujuy.com\/index.php\/wp-json\/wp\/v2\/media?parent=1252"}],"wp:term":[{"taxonomy":"category","embeddable":true,"href":"https:\/\/www.muyjujuy.com\/index.php\/wp-json\/wp\/v2\/categories?post=1252"},{"taxonomy":"post_tag","embeddable":true,"href":"https:\/\/www.muyjujuy.com\/index.php\/wp-json\/wp\/v2\/tags?post=1252"}],"curies":[{"name":"wp","href":"https:\/\/api.w.org\/{rel}","templated":true}]}}