{"id":1283,"date":"2022-08-24T11:29:42","date_gmt":"2022-08-24T14:29:42","guid":{"rendered":"https:\/\/www.muyjujuy.com\/?p=1283"},"modified":"2022-08-24T11:31:15","modified_gmt":"2022-08-24T14:31:15","slug":"incendios-forestales-alertan-que-el-fuego-puede-llegar-al-parque-calilegua","status":"publish","type":"post","link":"https:\/\/www.muyjujuy.com\/index.php\/2022\/08\/24\/incendios-forestales-alertan-que-el-fuego-puede-llegar-al-parque-calilegua\/","title":{"rendered":"Incendios forestales: alertan que el fuego puede llegar al Parque Calilegua"},"content":{"rendered":"\n<p><em>Un gran  equipo de bomberos y brigadistas trabajaban en la zona de Yungas para contener el fuego de los incendios forestales.<\/em><\/p>\n\n\n\n<p><strong>M\u00e1s de 50 fotos de incendios forestales se registraron en la \u00faltima semana en la zona de Yungas<\/strong> entre la localidad de Colonia Santa Rosa &#8211; Or\u00e1n. Los equipos de Salta y Jujuy trabajan incansablemente para evitar que el fuego llegue al <a href=\"https:\/\/www.google.com\/maps\/place\/Parque+Nacional+Calilegua\/@-23.6715743,-64.8668311,11z\/data=!4m5!3m4!1s0x0:0xae490df85dbf4c67!8m2!3d-23.6715743!4d-64.8668311\">Parque Calilegua.<\/a><\/p>\n\n\n\n<p>El director de Incendios de Vegetaci\u00f3n y Emergencias Ambientales de Jujuy, Alejandro Cooke, indic\u00f3 que llevan adelante un trabajo en conjunto con Salta para combatir los incendios provocados intencionalmente. <\/p>\n\n\n\n<p>En di\u00e1logo con <em>Todo Jujuy<\/em>,  el funcionario detall\u00f3 que el jefe de Brigada de Yuto <strong>se reuni\u00f3 con personal de Salta coordinando actividades para impedir que los incendios forestales que hay en Colonia Santa Rosa, lleguen a Jujuy.<\/strong><br><br>&#8220;El incendio est\u00e1 lejos de Jujuy, si bien sabemos que con el cambio clim\u00e1tico y sequedad podemos tenerlo prontamente en nuestra provincia,<strong> no vamos a permitir que llegue<\/strong>&#8220;, advirti\u00f3 Cooke.<\/p>\n\n\n\n<h2 class=\"wp-block-heading\"><strong>Incendios forestales<\/strong><\/h2>\n\n\n\n<p>Hasta el momento hay m\u00e1s de <strong>50 focos de incendio en una vasta zona de Yungas <\/strong>de la localidad de Colonia Santa Rosa. El cuartel de bomberos local<strong> hace esfuerzos por contener la voracidad de las llamas<\/strong>, que se acercan a los sectores urbanos que ya provocaron enormes da\u00f1os a la naturaleza.<\/p>\n\n\n\n<p>Adem\u00e1s, se sum\u00f3 la colaboraci\u00f3n de<strong> bomberos de Embarcaci\u00f3n y de Urundel, <\/strong>con el escaso equipamiento con el que cuentan.<\/p>\n\n\n\n<p>De acuerdo a las primeras estimaciones, ya ser\u00edan miles de hect\u00e1reas afectadas. El incendio se origin\u00f3 en zona de Yungas, a unos 5 kil\u00f3metros al suroeste del casco urbano de localidad.<\/p>\n","protected":false},"excerpt":{"rendered":"<p>Un gran equipo de bomberos y brigadistas trabajaban en la zona de Yungas para contener el fuego de los incendios forestales. M\u00e1s de 50 fotos de incendios forestales se registraron en la \u00faltima semana en la zona de Yungas entre la localidad de Colonia Santa Rosa &#8211; Or\u00e1n. Los equipos de Salta y Jujuy trabajan [&hellip;]<\/p>\n","protected":false},"author":3,"featured_media":1284,"comment_status":"open","ping_status":"open","sticky":false,"template":"","format":"standard","meta":{"footnotes":""},"categories":[25],"tags":[735,8,755],"class_list":{"0":"post-1283","1":"post","2":"type-post","3":"status-publish","4":"format-standard","5":"has-post-thumbnail","7":"category-sociedad","8":"tag-incendios-forestales","9":"tag-jujuy","10":"tag-yungas"},"yoast_head":"<!-- This site is optimized with the Yoast SEO plugin v27.5 - https:\/\/yoast.com\/product\/yoast-seo-wordpress\/ -->\n<title>incendios-forestales-alertan-que-el-fuego-puede-llegar-al-parque-calilegua<\/title>\n<meta name=\"description\" content=\"Un gran equipo de bomberos y brigadistas trabajaban en la zona de Yungas para contener el fuego de los incendios forestales.\" \/>\n<meta name=\"robots\" content=\"index, follow, max-snippet:-1, max-image-preview:large, max-video-preview:-1\" \/>\n<link rel=\"canonical\" href=\"https:\/\/www.muyjujuy.com\/index.php\/2022\/08\/24\/incendios-forestales-alertan-que-el-fuego-puede-llegar-al-parque-calilegua\/\" \/>\n<meta property=\"og:locale\" content=\"es_ES\" \/>\n<meta property=\"og:type\" content=\"article\" \/>\n<meta property=\"og:title\" content=\"incendios-forestales-alertan-que-el-fuego-puede-llegar-al-parque-calilegua\" \/>\n<meta property=\"og:description\" content=\"Un gran equipo de bomberos y brigadistas trabajaban en la zona de Yungas para contener el fuego de los incendios forestales.\" \/>\n<meta property=\"og:url\" content=\"https:\/\/www.muyjujuy.com\/index.php\/2022\/08\/24\/incendios-forestales-alertan-que-el-fuego-puede-llegar-al-parque-calilegua\/\" \/>\n<meta property=\"og:site_name\" content=\"Muy Jujuy\" \/>\n<meta property=\"article:publisher\" content=\"https:\/\/www.facebook.com\/muyjujuycom\" \/>\n<meta property=\"article:published_time\" content=\"2022-08-24T14:29:42+00:00\" \/>\n<meta property=\"article:modified_time\" content=\"2022-08-24T14:31:15+00:00\" \/>\n<meta property=\"og:image\" content=\"https:\/\/www.muyjujuy.com\/wp-content\/uploads\/2022\/08\/WhatsApp-Image-2022-08-24-at-11.26.34-AM.jpeg\" \/>\n\t<meta property=\"og:image:width\" content=\"970\" \/>\n\t<meta property=\"og:image:height\" content=\"546\" \/>\n\t<meta property=\"og:image:type\" content=\"image\/jpeg\" \/>\n<meta name=\"author\" content=\"Redacci\u00f3n Muy Jujuy\" \/>\n<meta name=\"twitter:card\" content=\"summary_large_image\" \/>\n<meta name=\"twitter:creator\" content=\"@muyjujuy\" \/>\n<meta name=\"twitter:site\" content=\"@muyjujuy\" \/>\n<meta name=\"twitter:label1\" content=\"Escrito por\" \/>\n\t<meta name=\"twitter:data1\" content=\"Redacci\u00f3n Muy Jujuy\" \/>\n\t<meta name=\"twitter:label2\" content=\"Tiempo de lectura\" \/>\n\t<meta name=\"twitter:data2\" content=\"2 minutos\" \/>\n<script type=\"application\/ld+json\" class=\"yoast-schema-graph\">{\"@context\":\"https:\\\/\\\/schema.org\",\"@graph\":[{\"@type\":\"Article\",\"@id\":\"https:\\\/\\\/www.muyjujuy.com\\\/index.php\\\/2022\\\/08\\\/24\\\/incendios-forestales-alertan-que-el-fuego-puede-llegar-al-parque-calilegua\\\/#article\",\"isPartOf\":{\"@id\":\"https:\\\/\\\/www.muyjujuy.com\\\/index.php\\\/2022\\\/08\\\/24\\\/incendios-forestales-alertan-que-el-fuego-puede-llegar-al-parque-calilegua\\\/\"},\"author\":{\"name\":\"Redacci\u00f3n Muy Jujuy\",\"@id\":\"https:\\\/\\\/www.muyjujuy.com\\\/#\\\/schema\\\/person\\\/1d0f6e223ccea9e3f9034c1a5b683bf2\"},\"headline\":\"Incendios forestales: alertan que el fuego puede llegar al Parque Calilegua\",\"datePublished\":\"2022-08-24T14:29:42+00:00\",\"dateModified\":\"2022-08-24T14:31:15+00:00\",\"mainEntityOfPage\":{\"@id\":\"https:\\\/\\\/www.muyjujuy.com\\\/index.php\\\/2022\\\/08\\\/24\\\/incendios-forestales-alertan-que-el-fuego-puede-llegar-al-parque-calilegua\\\/\"},\"wordCount\":288,\"commentCount\":0,\"publisher\":{\"@id\":\"https:\\\/\\\/www.muyjujuy.com\\\/#organization\"},\"image\":{\"@id\":\"https:\\\/\\\/www.muyjujuy.com\\\/index.php\\\/2022\\\/08\\\/24\\\/incendios-forestales-alertan-que-el-fuego-puede-llegar-al-parque-calilegua\\\/#primaryimage\"},\"thumbnailUrl\":\"https:\\\/\\\/www.muyjujuy.com\\\/wp-content\\\/uploads\\\/2022\\\/08\\\/WhatsApp-Image-2022-08-24-at-11.26.34-AM.jpeg\",\"keywords\":[\"Incendios forestales\",\"Jujuy\",\"Yungas\"],\"articleSection\":[\"Sociedad\"],\"inLanguage\":\"es-AR\",\"potentialAction\":[{\"@type\":\"CommentAction\",\"name\":\"Comment\",\"target\":[\"https:\\\/\\\/www.muyjujuy.com\\\/index.php\\\/2022\\\/08\\\/24\\\/incendios-forestales-alertan-que-el-fuego-puede-llegar-al-parque-calilegua\\\/#respond\"]}]},{\"@type\":\"WebPage\",\"@id\":\"https:\\\/\\\/www.muyjujuy.com\\\/index.php\\\/2022\\\/08\\\/24\\\/incendios-forestales-alertan-que-el-fuego-puede-llegar-al-parque-calilegua\\\/\",\"url\":\"https:\\\/\\\/www.muyjujuy.com\\\/index.php\\\/2022\\\/08\\\/24\\\/incendios-forestales-alertan-que-el-fuego-puede-llegar-al-parque-calilegua\\\/\",\"name\":\"incendios-forestales-alertan-que-el-fuego-puede-llegar-al-parque-calilegua\",\"isPartOf\":{\"@id\":\"https:\\\/\\\/www.muyjujuy.com\\\/#website\"},\"primaryImageOfPage\":{\"@id\":\"https:\\\/\\\/www.muyjujuy.com\\\/index.php\\\/2022\\\/08\\\/24\\\/incendios-forestales-alertan-que-el-fuego-puede-llegar-al-parque-calilegua\\\/#primaryimage\"},\"image\":{\"@id\":\"https:\\\/\\\/www.muyjujuy.com\\\/index.php\\\/2022\\\/08\\\/24\\\/incendios-forestales-alertan-que-el-fuego-puede-llegar-al-parque-calilegua\\\/#primaryimage\"},\"thumbnailUrl\":\"https:\\\/\\\/www.muyjujuy.com\\\/wp-content\\\/uploads\\\/2022\\\/08\\\/WhatsApp-Image-2022-08-24-at-11.26.34-AM.jpeg\",\"datePublished\":\"2022-08-24T14:29:42+00:00\",\"dateModified\":\"2022-08-24T14:31:15+00:00\",\"description\":\"Un gran equipo de bomberos y brigadistas trabajaban en la zona de Yungas para contener el fuego de los incendios forestales.\",\"breadcrumb\":{\"@id\":\"https:\\\/\\\/www.muyjujuy.com\\\/index.php\\\/2022\\\/08\\\/24\\\/incendios-forestales-alertan-que-el-fuego-puede-llegar-al-parque-calilegua\\\/#breadcrumb\"},\"inLanguage\":\"es-AR\",\"potentialAction\":[{\"@type\":\"ReadAction\",\"target\":[\"https:\\\/\\\/www.muyjujuy.com\\\/index.php\\\/2022\\\/08\\\/24\\\/incendios-forestales-alertan-que-el-fuego-puede-llegar-al-parque-calilegua\\\/\"]}]},{\"@type\":\"ImageObject\",\"inLanguage\":\"es-AR\",\"@id\":\"https:\\\/\\\/www.muyjujuy.com\\\/index.php\\\/2022\\\/08\\\/24\\\/incendios-forestales-alertan-que-el-fuego-puede-llegar-al-parque-calilegua\\\/#primaryimage\",\"url\":\"https:\\\/\\\/www.muyjujuy.com\\\/wp-content\\\/uploads\\\/2022\\\/08\\\/WhatsApp-Image-2022-08-24-at-11.26.34-AM.jpeg\",\"contentUrl\":\"https:\\\/\\\/www.muyjujuy.com\\\/wp-content\\\/uploads\\\/2022\\\/08\\\/WhatsApp-Image-2022-08-24-at-11.26.34-AM.jpeg\",\"width\":970,\"height\":546},{\"@type\":\"BreadcrumbList\",\"@id\":\"https:\\\/\\\/www.muyjujuy.com\\\/index.php\\\/2022\\\/08\\\/24\\\/incendios-forestales-alertan-que-el-fuego-puede-llegar-al-parque-calilegua\\\/#breadcrumb\",\"itemListElement\":[{\"@type\":\"ListItem\",\"position\":1,\"name\":\"Inicio\",\"item\":\"https:\\\/\\\/www.muyjujuy.com\\\/\"},{\"@type\":\"ListItem\",\"position\":2,\"name\":\"Incendios forestales: alertan que el fuego puede llegar al Parque Calilegua\"}]},{\"@type\":\"WebSite\",\"@id\":\"https:\\\/\\\/www.muyjujuy.com\\\/#website\",\"url\":\"https:\\\/\\\/www.muyjujuy.com\\\/\",\"name\":\"Muy Jujuy\",\"description\":\"\",\"publisher\":{\"@id\":\"https:\\\/\\\/www.muyjujuy.com\\\/#organization\"},\"potentialAction\":[{\"@type\":\"SearchAction\",\"target\":{\"@type\":\"EntryPoint\",\"urlTemplate\":\"https:\\\/\\\/www.muyjujuy.com\\\/?s={search_term_string}\"},\"query-input\":{\"@type\":\"PropertyValueSpecification\",\"valueRequired\":true,\"valueName\":\"search_term_string\"}}],\"inLanguage\":\"es-AR\"},{\"@type\":\"Organization\",\"@id\":\"https:\\\/\\\/www.muyjujuy.com\\\/#organization\",\"name\":\"Muy Jujuy\",\"url\":\"https:\\\/\\\/www.muyjujuy.com\\\/\",\"logo\":{\"@type\":\"ImageObject\",\"inLanguage\":\"es-AR\",\"@id\":\"https:\\\/\\\/www.muyjujuy.com\\\/#\\\/schema\\\/logo\\\/image\\\/\",\"url\":\"http:\\\/\\\/www.muyjujuy.com\\\/wp-content\\\/uploads\\\/2022\\\/05\\\/logo-mobil-jujuy.png\",\"contentUrl\":\"http:\\\/\\\/www.muyjujuy.com\\\/wp-content\\\/uploads\\\/2022\\\/05\\\/logo-mobil-jujuy.png\",\"width\":174,\"height\":81,\"caption\":\"Muy Jujuy\"},\"image\":{\"@id\":\"https:\\\/\\\/www.muyjujuy.com\\\/#\\\/schema\\\/logo\\\/image\\\/\"},\"sameAs\":[\"https:\\\/\\\/www.facebook.com\\\/muyjujuycom\",\"https:\\\/\\\/x.com\\\/muyjujuy\",\"https:\\\/\\\/www.instagram.com\\\/muyjujuycom\"]},{\"@type\":\"Person\",\"@id\":\"https:\\\/\\\/www.muyjujuy.com\\\/#\\\/schema\\\/person\\\/1d0f6e223ccea9e3f9034c1a5b683bf2\",\"name\":\"Redacci\u00f3n Muy Jujuy\",\"image\":{\"@type\":\"ImageObject\",\"inLanguage\":\"es-AR\",\"@id\":\"https:\\\/\\\/secure.gravatar.com\\\/avatar\\\/fec5f6f1893d741ed5eecccff109ce43e67a855411202a3212a058cb8e5c27d4?s=96&d=mm&r=g\",\"url\":\"https:\\\/\\\/secure.gravatar.com\\\/avatar\\\/fec5f6f1893d741ed5eecccff109ce43e67a855411202a3212a058cb8e5c27d4?s=96&d=mm&r=g\",\"contentUrl\":\"https:\\\/\\\/secure.gravatar.com\\\/avatar\\\/fec5f6f1893d741ed5eecccff109ce43e67a855411202a3212a058cb8e5c27d4?s=96&d=mm&r=g\",\"caption\":\"Redacci\u00f3n Muy Jujuy\"},\"url\":\"https:\\\/\\\/www.muyjujuy.com\\\/index.php\\\/author\\\/editor\\\/\"}]}<\/script>\n<!-- \/ Yoast SEO plugin. -->","yoast_head_json":{"title":"incendios-forestales-alertan-que-el-fuego-puede-llegar-al-parque-calilegua","description":"Un gran equipo de bomberos y brigadistas trabajaban en la zona de Yungas para contener el fuego de los incendios forestales.","robots":{"index":"index","follow":"follow","max-snippet":"max-snippet:-1","max-image-preview":"max-image-preview:large","max-video-preview":"max-video-preview:-1"},"canonical":"https:\/\/www.muyjujuy.com\/index.php\/2022\/08\/24\/incendios-forestales-alertan-que-el-fuego-puede-llegar-al-parque-calilegua\/","og_locale":"es_ES","og_type":"article","og_title":"incendios-forestales-alertan-que-el-fuego-puede-llegar-al-parque-calilegua","og_description":"Un gran equipo de bomberos y brigadistas trabajaban en la zona de Yungas para contener el fuego de los incendios forestales.","og_url":"https:\/\/www.muyjujuy.com\/index.php\/2022\/08\/24\/incendios-forestales-alertan-que-el-fuego-puede-llegar-al-parque-calilegua\/","og_site_name":"Muy Jujuy","article_publisher":"https:\/\/www.facebook.com\/muyjujuycom","article_published_time":"2022-08-24T14:29:42+00:00","article_modified_time":"2022-08-24T14:31:15+00:00","og_image":[{"width":970,"height":546,"url":"https:\/\/www.muyjujuy.com\/wp-content\/uploads\/2022\/08\/WhatsApp-Image-2022-08-24-at-11.26.34-AM.jpeg","type":"image\/jpeg"}],"author":"Redacci\u00f3n Muy Jujuy","twitter_card":"summary_large_image","twitter_creator":"@muyjujuy","twitter_site":"@muyjujuy","twitter_misc":{"Escrito por":"Redacci\u00f3n Muy Jujuy","Tiempo de lectura":"2 minutos"},"schema":{"@context":"https:\/\/schema.org","@graph":[{"@type":"Article","@id":"https:\/\/www.muyjujuy.com\/index.php\/2022\/08\/24\/incendios-forestales-alertan-que-el-fuego-puede-llegar-al-parque-calilegua\/#article","isPartOf":{"@id":"https:\/\/www.muyjujuy.com\/index.php\/2022\/08\/24\/incendios-forestales-alertan-que-el-fuego-puede-llegar-al-parque-calilegua\/"},"author":{"name":"Redacci\u00f3n Muy Jujuy","@id":"https:\/\/www.muyjujuy.com\/#\/schema\/person\/1d0f6e223ccea9e3f9034c1a5b683bf2"},"headline":"Incendios forestales: alertan que el fuego puede llegar al Parque Calilegua","datePublished":"2022-08-24T14:29:42+00:00","dateModified":"2022-08-24T14:31:15+00:00","mainEntityOfPage":{"@id":"https:\/\/www.muyjujuy.com\/index.php\/2022\/08\/24\/incendios-forestales-alertan-que-el-fuego-puede-llegar-al-parque-calilegua\/"},"wordCount":288,"commentCount":0,"publisher":{"@id":"https:\/\/www.muyjujuy.com\/#organization"},"image":{"@id":"https:\/\/www.muyjujuy.com\/index.php\/2022\/08\/24\/incendios-forestales-alertan-que-el-fuego-puede-llegar-al-parque-calilegua\/#primaryimage"},"thumbnailUrl":"https:\/\/www.muyjujuy.com\/wp-content\/uploads\/2022\/08\/WhatsApp-Image-2022-08-24-at-11.26.34-AM.jpeg","keywords":["Incendios forestales","Jujuy","Yungas"],"articleSection":["Sociedad"],"inLanguage":"es-AR","potentialAction":[{"@type":"CommentAction","name":"Comment","target":["https:\/\/www.muyjujuy.com\/index.php\/2022\/08\/24\/incendios-forestales-alertan-que-el-fuego-puede-llegar-al-parque-calilegua\/#respond"]}]},{"@type":"WebPage","@id":"https:\/\/www.muyjujuy.com\/index.php\/2022\/08\/24\/incendios-forestales-alertan-que-el-fuego-puede-llegar-al-parque-calilegua\/","url":"https:\/\/www.muyjujuy.com\/index.php\/2022\/08\/24\/incendios-forestales-alertan-que-el-fuego-puede-llegar-al-parque-calilegua\/","name":"incendios-forestales-alertan-que-el-fuego-puede-llegar-al-parque-calilegua","isPartOf":{"@id":"https:\/\/www.muyjujuy.com\/#website"},"primaryImageOfPage":{"@id":"https:\/\/www.muyjujuy.com\/index.php\/2022\/08\/24\/incendios-forestales-alertan-que-el-fuego-puede-llegar-al-parque-calilegua\/#primaryimage"},"image":{"@id":"https:\/\/www.muyjujuy.com\/index.php\/2022\/08\/24\/incendios-forestales-alertan-que-el-fuego-puede-llegar-al-parque-calilegua\/#primaryimage"},"thumbnailUrl":"https:\/\/www.muyjujuy.com\/wp-content\/uploads\/2022\/08\/WhatsApp-Image-2022-08-24-at-11.26.34-AM.jpeg","datePublished":"2022-08-24T14:29:42+00:00","dateModified":"2022-08-24T14:31:15+00:00","description":"Un gran equipo de bomberos y brigadistas trabajaban en la zona de Yungas para contener el fuego de los incendios forestales.","breadcrumb":{"@id":"https:\/\/www.muyjujuy.com\/index.php\/2022\/08\/24\/incendios-forestales-alertan-que-el-fuego-puede-llegar-al-parque-calilegua\/#breadcrumb"},"inLanguage":"es-AR","potentialAction":[{"@type":"ReadAction","target":["https:\/\/www.muyjujuy.com\/index.php\/2022\/08\/24\/incendios-forestales-alertan-que-el-fuego-puede-llegar-al-parque-calilegua\/"]}]},{"@type":"ImageObject","inLanguage":"es-AR","@id":"https:\/\/www.muyjujuy.com\/index.php\/2022\/08\/24\/incendios-forestales-alertan-que-el-fuego-puede-llegar-al-parque-calilegua\/#primaryimage","url":"https:\/\/www.muyjujuy.com\/wp-content\/uploads\/2022\/08\/WhatsApp-Image-2022-08-24-at-11.26.34-AM.jpeg","contentUrl":"https:\/\/www.muyjujuy.com\/wp-content\/uploads\/2022\/08\/WhatsApp-Image-2022-08-24-at-11.26.34-AM.jpeg","width":970,"height":546},{"@type":"BreadcrumbList","@id":"https:\/\/www.muyjujuy.com\/index.php\/2022\/08\/24\/incendios-forestales-alertan-que-el-fuego-puede-llegar-al-parque-calilegua\/#breadcrumb","itemListElement":[{"@type":"ListItem","position":1,"name":"Inicio","item":"https:\/\/www.muyjujuy.com\/"},{"@type":"ListItem","position":2,"name":"Incendios forestales: alertan que el fuego puede llegar al Parque Calilegua"}]},{"@type":"WebSite","@id":"https:\/\/www.muyjujuy.com\/#website","url":"https:\/\/www.muyjujuy.com\/","name":"Muy Jujuy","description":"","publisher":{"@id":"https:\/\/www.muyjujuy.com\/#organization"},"potentialAction":[{"@type":"SearchAction","target":{"@type":"EntryPoint","urlTemplate":"https:\/\/www.muyjujuy.com\/?s={search_term_string}"},"query-input":{"@type":"PropertyValueSpecification","valueRequired":true,"valueName":"search_term_string"}}],"inLanguage":"es-AR"},{"@type":"Organization","@id":"https:\/\/www.muyjujuy.com\/#organization","name":"Muy Jujuy","url":"https:\/\/www.muyjujuy.com\/","logo":{"@type":"ImageObject","inLanguage":"es-AR","@id":"https:\/\/www.muyjujuy.com\/#\/schema\/logo\/image\/","url":"http:\/\/www.muyjujuy.com\/wp-content\/uploads\/2022\/05\/logo-mobil-jujuy.png","contentUrl":"http:\/\/www.muyjujuy.com\/wp-content\/uploads\/2022\/05\/logo-mobil-jujuy.png","width":174,"height":81,"caption":"Muy Jujuy"},"image":{"@id":"https:\/\/www.muyjujuy.com\/#\/schema\/logo\/image\/"},"sameAs":["https:\/\/www.facebook.com\/muyjujuycom","https:\/\/x.com\/muyjujuy","https:\/\/www.instagram.com\/muyjujuycom"]},{"@type":"Person","@id":"https:\/\/www.muyjujuy.com\/#\/schema\/person\/1d0f6e223ccea9e3f9034c1a5b683bf2","name":"Redacci\u00f3n Muy Jujuy","image":{"@type":"ImageObject","inLanguage":"es-AR","@id":"https:\/\/secure.gravatar.com\/avatar\/fec5f6f1893d741ed5eecccff109ce43e67a855411202a3212a058cb8e5c27d4?s=96&d=mm&r=g","url":"https:\/\/secure.gravatar.com\/avatar\/fec5f6f1893d741ed5eecccff109ce43e67a855411202a3212a058cb8e5c27d4?s=96&d=mm&r=g","contentUrl":"https:\/\/secure.gravatar.com\/avatar\/fec5f6f1893d741ed5eecccff109ce43e67a855411202a3212a058cb8e5c27d4?s=96&d=mm&r=g","caption":"Redacci\u00f3n Muy Jujuy"},"url":"https:\/\/www.muyjujuy.com\/index.php\/author\/editor\/"}]}},"_links":{"self":[{"href":"https:\/\/www.muyjujuy.com\/index.php\/wp-json\/wp\/v2\/posts\/1283","targetHints":{"allow":["GET"]}}],"collection":[{"href":"https:\/\/www.muyjujuy.com\/index.php\/wp-json\/wp\/v2\/posts"}],"about":[{"href":"https:\/\/www.muyjujuy.com\/index.php\/wp-json\/wp\/v2\/types\/post"}],"author":[{"embeddable":true,"href":"https:\/\/www.muyjujuy.com\/index.php\/wp-json\/wp\/v2\/users\/3"}],"replies":[{"embeddable":true,"href":"https:\/\/www.muyjujuy.com\/index.php\/wp-json\/wp\/v2\/comments?post=1283"}],"version-history":[{"count":2,"href":"https:\/\/www.muyjujuy.com\/index.php\/wp-json\/wp\/v2\/posts\/1283\/revisions"}],"predecessor-version":[{"id":1287,"href":"https:\/\/www.muyjujuy.com\/index.php\/wp-json\/wp\/v2\/posts\/1283\/revisions\/1287"}],"wp:featuredmedia":[{"embeddable":true,"href":"https:\/\/www.muyjujuy.com\/index.php\/wp-json\/wp\/v2\/media\/1284"}],"wp:attachment":[{"href":"https:\/\/www.muyjujuy.com\/index.php\/wp-json\/wp\/v2\/media?parent=1283"}],"wp:term":[{"taxonomy":"category","embeddable":true,"href":"https:\/\/www.muyjujuy.com\/index.php\/wp-json\/wp\/v2\/categories?post=1283"},{"taxonomy":"post_tag","embeddable":true,"href":"https:\/\/www.muyjujuy.com\/index.php\/wp-json\/wp\/v2\/tags?post=1283"}],"curies":[{"name":"wp","href":"https:\/\/api.w.org\/{rel}","templated":true}]}}