{"id":1291,"date":"2022-08-24T15:00:22","date_gmt":"2022-08-24T18:00:22","guid":{"rendered":"https:\/\/www.muyjujuy.com\/?p=1291"},"modified":"2022-08-24T15:00:23","modified_gmt":"2022-08-24T18:00:23","slug":"san-pedro-detuvieron-a-un-hombre-con-un-kilo-de-cocaina","status":"publish","type":"post","link":"https:\/\/www.muyjujuy.com\/index.php\/2022\/08\/24\/san-pedro-detuvieron-a-un-hombre-con-un-kilo-de-cocaina\/","title":{"rendered":"San Pedro: detuvieron a un hombre con un kilo de coca\u00edna"},"content":{"rendered":"\n<p><em>El hombre se excus\u00f3 con que era remisero para evadir el control vehicular, pero los uniformados lo detuvieron con m\u00e1s de un kilo de coca\u00edna.<\/em> <\/p>\n\n\n\n<p>Efectivos de la Direcci\u00f3n General de Narcotr\u00e1fico <strong>detuvieron a un hombre en San Pedro de Jujuy y se le incaut\u00f3 m\u00e1s de un kilo de coca\u00edna. <\/strong><\/p>\n\n\n\n<p>Los oficiales notaron una actitud sospechosa del detenido que ten\u00eda oculto entre sus cosas paquetes de coca\u00edna de alta pureza.<\/p>\n\n\n\n<p><strong>La detenci\u00f3n se realiz\u00f3 mientras realizaban un control vehicular<\/strong> de rutina sobre la ruta provincial N\u00b0 1. All\u00ed detuvieron a un veh\u00edculo con cinco pasajeros, cuatro hombres y una muje<strong>r. Le pidieron la documentaci\u00f3n del auto y notaron que estaban nerviosos.<\/strong><\/p>\n\n\n\n<p>El conductor se excus\u00f3 con que era remisero y <strong>asegur\u00f3 que estaba apurado<\/strong>, lo que llam\u00f3 m\u00e1s la atenci\u00f3n de los agentes. <strong>En tanto, no pudo acreditar que cumpl\u00eda ese servicio de transporte alternativo,<\/strong> por lo que decidieron pedir autorizaci\u00f3n para revisar el veh\u00edculo.<\/p>\n\n\n\n<p>La Delegaci\u00f3n Fiscal Federal permiti\u00f3 la requisa y encontraron un paquete rectangular que conten\u00eda una sustancia blanquecina compactada. <\/p>\n\n\n\n<p>Tras realizar una <strong>prueba de campo de narco test<\/strong>, se confirm\u00f3 que se trataba de clorhidrato de coca\u00edna y\/o pasta base con un peso total de 1,021 kilogramos.<\/p>\n\n\n\n<p>La Auxiliar Fiscal dispuso que el chofer del veh\u00edculo qued\u00f3 detenido  por transportar sustancias estupefacientes.<\/p>\n","protected":false},"excerpt":{"rendered":"<p>El hombre se excus\u00f3 con que era remisero para evadir el control vehicular, pero los uniformados lo detuvieron con m\u00e1s de un kilo de coca\u00edna. Efectivos de la Direcci\u00f3n General de Narcotr\u00e1fico detuvieron a un hombre en San Pedro de Jujuy y se le incaut\u00f3 m\u00e1s de un kilo de coca\u00edna. Los oficiales notaron una [&hellip;]<\/p>\n","protected":false},"author":3,"featured_media":1292,"comment_status":"open","ping_status":"open","sticky":false,"template":"","format":"standard","meta":{"footnotes":""},"categories":[27],"tags":[8,522,676],"class_list":{"0":"post-1291","1":"post","2":"type-post","3":"status-publish","4":"format-standard","5":"has-post-thumbnail","7":"category-seguridad","8":"tag-jujuy","9":"tag-narcotrafico","10":"tag-san-pedro"},"yoast_head":"<!-- This site is optimized with the Yoast SEO plugin v27.5 - https:\/\/yoast.com\/product\/yoast-seo-wordpress\/ -->\n<title>San Pedro: detuvieron a un hombre con un kilo de coca\u00edna - Muy Jujuy<\/title>\n<meta name=\"description\" content=\"El hombre se excus\u00f3 con que era remisero para evadir el control vehicular, pero los uniformados lo detuvieron con m\u00e1s de un kilo de coca\u00edna.\" \/>\n<meta name=\"robots\" content=\"index, follow, max-snippet:-1, max-image-preview:large, max-video-preview:-1\" \/>\n<link rel=\"canonical\" href=\"https:\/\/www.muyjujuy.com\/index.php\/2022\/08\/24\/san-pedro-detuvieron-a-un-hombre-con-un-kilo-de-cocaina\/\" \/>\n<meta property=\"og:locale\" content=\"es_ES\" \/>\n<meta property=\"og:type\" content=\"article\" \/>\n<meta property=\"og:title\" content=\"San Pedro: detuvieron a un hombre con un kilo de coca\u00edna - Muy Jujuy\" \/>\n<meta property=\"og:description\" content=\"El hombre se excus\u00f3 con que era remisero para evadir el control vehicular, pero los uniformados lo detuvieron con m\u00e1s de un kilo de coca\u00edna.\" \/>\n<meta property=\"og:url\" content=\"https:\/\/www.muyjujuy.com\/index.php\/2022\/08\/24\/san-pedro-detuvieron-a-un-hombre-con-un-kilo-de-cocaina\/\" \/>\n<meta property=\"og:site_name\" content=\"Muy Jujuy\" \/>\n<meta property=\"article:publisher\" content=\"https:\/\/www.facebook.com\/muyjujuycom\" \/>\n<meta property=\"article:published_time\" content=\"2022-08-24T18:00:22+00:00\" \/>\n<meta property=\"article:modified_time\" content=\"2022-08-24T18:00:23+00:00\" \/>\n<meta property=\"og:image\" content=\"https:\/\/www.muyjujuy.com\/wp-content\/uploads\/2022\/08\/WhatsApp-Image-2022-08-24-at-2.57.35-PM.jpeg\" \/>\n\t<meta property=\"og:image:width\" content=\"970\" \/>\n\t<meta property=\"og:image:height\" content=\"546\" \/>\n\t<meta property=\"og:image:type\" content=\"image\/jpeg\" \/>\n<meta name=\"author\" content=\"Redacci\u00f3n Muy Jujuy\" \/>\n<meta name=\"twitter:card\" content=\"summary_large_image\" \/>\n<meta name=\"twitter:creator\" content=\"@muyjujuy\" \/>\n<meta name=\"twitter:site\" content=\"@muyjujuy\" \/>\n<meta name=\"twitter:label1\" content=\"Escrito por\" \/>\n\t<meta name=\"twitter:data1\" content=\"Redacci\u00f3n Muy Jujuy\" \/>\n\t<meta name=\"twitter:label2\" content=\"Tiempo de lectura\" \/>\n\t<meta name=\"twitter:data2\" content=\"1 minuto\" \/>\n<script type=\"application\/ld+json\" class=\"yoast-schema-graph\">{\"@context\":\"https:\\\/\\\/schema.org\",\"@graph\":[{\"@type\":\"Article\",\"@id\":\"https:\\\/\\\/www.muyjujuy.com\\\/index.php\\\/2022\\\/08\\\/24\\\/san-pedro-detuvieron-a-un-hombre-con-un-kilo-de-cocaina\\\/#article\",\"isPartOf\":{\"@id\":\"https:\\\/\\\/www.muyjujuy.com\\\/index.php\\\/2022\\\/08\\\/24\\\/san-pedro-detuvieron-a-un-hombre-con-un-kilo-de-cocaina\\\/\"},\"author\":{\"name\":\"Redacci\u00f3n Muy Jujuy\",\"@id\":\"https:\\\/\\\/www.muyjujuy.com\\\/#\\\/schema\\\/person\\\/1d0f6e223ccea9e3f9034c1a5b683bf2\"},\"headline\":\"San Pedro: detuvieron a un hombre con un kilo de coca\u00edna\",\"datePublished\":\"2022-08-24T18:00:22+00:00\",\"dateModified\":\"2022-08-24T18:00:23+00:00\",\"mainEntityOfPage\":{\"@id\":\"https:\\\/\\\/www.muyjujuy.com\\\/index.php\\\/2022\\\/08\\\/24\\\/san-pedro-detuvieron-a-un-hombre-con-un-kilo-de-cocaina\\\/\"},\"wordCount\":248,\"commentCount\":0,\"publisher\":{\"@id\":\"https:\\\/\\\/www.muyjujuy.com\\\/#organization\"},\"image\":{\"@id\":\"https:\\\/\\\/www.muyjujuy.com\\\/index.php\\\/2022\\\/08\\\/24\\\/san-pedro-detuvieron-a-un-hombre-con-un-kilo-de-cocaina\\\/#primaryimage\"},\"thumbnailUrl\":\"https:\\\/\\\/www.muyjujuy.com\\\/wp-content\\\/uploads\\\/2022\\\/08\\\/WhatsApp-Image-2022-08-24-at-2.57.35-PM.jpeg\",\"keywords\":[\"Jujuy\",\"Narcotr\u00e1fico\",\"San Pedro\"],\"articleSection\":[\"Seguridad\"],\"inLanguage\":\"es-AR\",\"potentialAction\":[{\"@type\":\"CommentAction\",\"name\":\"Comment\",\"target\":[\"https:\\\/\\\/www.muyjujuy.com\\\/index.php\\\/2022\\\/08\\\/24\\\/san-pedro-detuvieron-a-un-hombre-con-un-kilo-de-cocaina\\\/#respond\"]}]},{\"@type\":\"WebPage\",\"@id\":\"https:\\\/\\\/www.muyjujuy.com\\\/index.php\\\/2022\\\/08\\\/24\\\/san-pedro-detuvieron-a-un-hombre-con-un-kilo-de-cocaina\\\/\",\"url\":\"https:\\\/\\\/www.muyjujuy.com\\\/index.php\\\/2022\\\/08\\\/24\\\/san-pedro-detuvieron-a-un-hombre-con-un-kilo-de-cocaina\\\/\",\"name\":\"San Pedro: detuvieron a un hombre con un kilo de coca\u00edna - Muy Jujuy\",\"isPartOf\":{\"@id\":\"https:\\\/\\\/www.muyjujuy.com\\\/#website\"},\"primaryImageOfPage\":{\"@id\":\"https:\\\/\\\/www.muyjujuy.com\\\/index.php\\\/2022\\\/08\\\/24\\\/san-pedro-detuvieron-a-un-hombre-con-un-kilo-de-cocaina\\\/#primaryimage\"},\"image\":{\"@id\":\"https:\\\/\\\/www.muyjujuy.com\\\/index.php\\\/2022\\\/08\\\/24\\\/san-pedro-detuvieron-a-un-hombre-con-un-kilo-de-cocaina\\\/#primaryimage\"},\"thumbnailUrl\":\"https:\\\/\\\/www.muyjujuy.com\\\/wp-content\\\/uploads\\\/2022\\\/08\\\/WhatsApp-Image-2022-08-24-at-2.57.35-PM.jpeg\",\"datePublished\":\"2022-08-24T18:00:22+00:00\",\"dateModified\":\"2022-08-24T18:00:23+00:00\",\"description\":\"El hombre se excus\u00f3 con que era remisero para evadir el control vehicular, pero los uniformados lo detuvieron con m\u00e1s de un kilo de coca\u00edna.\",\"breadcrumb\":{\"@id\":\"https:\\\/\\\/www.muyjujuy.com\\\/index.php\\\/2022\\\/08\\\/24\\\/san-pedro-detuvieron-a-un-hombre-con-un-kilo-de-cocaina\\\/#breadcrumb\"},\"inLanguage\":\"es-AR\",\"potentialAction\":[{\"@type\":\"ReadAction\",\"target\":[\"https:\\\/\\\/www.muyjujuy.com\\\/index.php\\\/2022\\\/08\\\/24\\\/san-pedro-detuvieron-a-un-hombre-con-un-kilo-de-cocaina\\\/\"]}]},{\"@type\":\"ImageObject\",\"inLanguage\":\"es-AR\",\"@id\":\"https:\\\/\\\/www.muyjujuy.com\\\/index.php\\\/2022\\\/08\\\/24\\\/san-pedro-detuvieron-a-un-hombre-con-un-kilo-de-cocaina\\\/#primaryimage\",\"url\":\"https:\\\/\\\/www.muyjujuy.com\\\/wp-content\\\/uploads\\\/2022\\\/08\\\/WhatsApp-Image-2022-08-24-at-2.57.35-PM.jpeg\",\"contentUrl\":\"https:\\\/\\\/www.muyjujuy.com\\\/wp-content\\\/uploads\\\/2022\\\/08\\\/WhatsApp-Image-2022-08-24-at-2.57.35-PM.jpeg\",\"width\":970,\"height\":546},{\"@type\":\"BreadcrumbList\",\"@id\":\"https:\\\/\\\/www.muyjujuy.com\\\/index.php\\\/2022\\\/08\\\/24\\\/san-pedro-detuvieron-a-un-hombre-con-un-kilo-de-cocaina\\\/#breadcrumb\",\"itemListElement\":[{\"@type\":\"ListItem\",\"position\":1,\"name\":\"Inicio\",\"item\":\"https:\\\/\\\/www.muyjujuy.com\\\/\"},{\"@type\":\"ListItem\",\"position\":2,\"name\":\"San Pedro: detuvieron a un hombre con un kilo de coca\u00edna\"}]},{\"@type\":\"WebSite\",\"@id\":\"https:\\\/\\\/www.muyjujuy.com\\\/#website\",\"url\":\"https:\\\/\\\/www.muyjujuy.com\\\/\",\"name\":\"Muy Jujuy\",\"description\":\"\",\"publisher\":{\"@id\":\"https:\\\/\\\/www.muyjujuy.com\\\/#organization\"},\"potentialAction\":[{\"@type\":\"SearchAction\",\"target\":{\"@type\":\"EntryPoint\",\"urlTemplate\":\"https:\\\/\\\/www.muyjujuy.com\\\/?s={search_term_string}\"},\"query-input\":{\"@type\":\"PropertyValueSpecification\",\"valueRequired\":true,\"valueName\":\"search_term_string\"}}],\"inLanguage\":\"es-AR\"},{\"@type\":\"Organization\",\"@id\":\"https:\\\/\\\/www.muyjujuy.com\\\/#organization\",\"name\":\"Muy Jujuy\",\"url\":\"https:\\\/\\\/www.muyjujuy.com\\\/\",\"logo\":{\"@type\":\"ImageObject\",\"inLanguage\":\"es-AR\",\"@id\":\"https:\\\/\\\/www.muyjujuy.com\\\/#\\\/schema\\\/logo\\\/image\\\/\",\"url\":\"http:\\\/\\\/www.muyjujuy.com\\\/wp-content\\\/uploads\\\/2022\\\/05\\\/logo-mobil-jujuy.png\",\"contentUrl\":\"http:\\\/\\\/www.muyjujuy.com\\\/wp-content\\\/uploads\\\/2022\\\/05\\\/logo-mobil-jujuy.png\",\"width\":174,\"height\":81,\"caption\":\"Muy Jujuy\"},\"image\":{\"@id\":\"https:\\\/\\\/www.muyjujuy.com\\\/#\\\/schema\\\/logo\\\/image\\\/\"},\"sameAs\":[\"https:\\\/\\\/www.facebook.com\\\/muyjujuycom\",\"https:\\\/\\\/x.com\\\/muyjujuy\",\"https:\\\/\\\/www.instagram.com\\\/muyjujuycom\"]},{\"@type\":\"Person\",\"@id\":\"https:\\\/\\\/www.muyjujuy.com\\\/#\\\/schema\\\/person\\\/1d0f6e223ccea9e3f9034c1a5b683bf2\",\"name\":\"Redacci\u00f3n Muy Jujuy\",\"image\":{\"@type\":\"ImageObject\",\"inLanguage\":\"es-AR\",\"@id\":\"https:\\\/\\\/secure.gravatar.com\\\/avatar\\\/fec5f6f1893d741ed5eecccff109ce43e67a855411202a3212a058cb8e5c27d4?s=96&d=mm&r=g\",\"url\":\"https:\\\/\\\/secure.gravatar.com\\\/avatar\\\/fec5f6f1893d741ed5eecccff109ce43e67a855411202a3212a058cb8e5c27d4?s=96&d=mm&r=g\",\"contentUrl\":\"https:\\\/\\\/secure.gravatar.com\\\/avatar\\\/fec5f6f1893d741ed5eecccff109ce43e67a855411202a3212a058cb8e5c27d4?s=96&d=mm&r=g\",\"caption\":\"Redacci\u00f3n Muy Jujuy\"},\"url\":\"https:\\\/\\\/www.muyjujuy.com\\\/index.php\\\/author\\\/editor\\\/\"}]}<\/script>\n<!-- \/ Yoast SEO plugin. -->","yoast_head_json":{"title":"San Pedro: detuvieron a un hombre con un kilo de coca\u00edna - Muy Jujuy","description":"El hombre se excus\u00f3 con que era remisero para evadir el control vehicular, pero los uniformados lo detuvieron con m\u00e1s de un kilo de coca\u00edna.","robots":{"index":"index","follow":"follow","max-snippet":"max-snippet:-1","max-image-preview":"max-image-preview:large","max-video-preview":"max-video-preview:-1"},"canonical":"https:\/\/www.muyjujuy.com\/index.php\/2022\/08\/24\/san-pedro-detuvieron-a-un-hombre-con-un-kilo-de-cocaina\/","og_locale":"es_ES","og_type":"article","og_title":"San Pedro: detuvieron a un hombre con un kilo de coca\u00edna - Muy Jujuy","og_description":"El hombre se excus\u00f3 con que era remisero para evadir el control vehicular, pero los uniformados lo detuvieron con m\u00e1s de un kilo de coca\u00edna.","og_url":"https:\/\/www.muyjujuy.com\/index.php\/2022\/08\/24\/san-pedro-detuvieron-a-un-hombre-con-un-kilo-de-cocaina\/","og_site_name":"Muy Jujuy","article_publisher":"https:\/\/www.facebook.com\/muyjujuycom","article_published_time":"2022-08-24T18:00:22+00:00","article_modified_time":"2022-08-24T18:00:23+00:00","og_image":[{"width":970,"height":546,"url":"https:\/\/www.muyjujuy.com\/wp-content\/uploads\/2022\/08\/WhatsApp-Image-2022-08-24-at-2.57.35-PM.jpeg","type":"image\/jpeg"}],"author":"Redacci\u00f3n Muy Jujuy","twitter_card":"summary_large_image","twitter_creator":"@muyjujuy","twitter_site":"@muyjujuy","twitter_misc":{"Escrito por":"Redacci\u00f3n Muy Jujuy","Tiempo de lectura":"1 minuto"},"schema":{"@context":"https:\/\/schema.org","@graph":[{"@type":"Article","@id":"https:\/\/www.muyjujuy.com\/index.php\/2022\/08\/24\/san-pedro-detuvieron-a-un-hombre-con-un-kilo-de-cocaina\/#article","isPartOf":{"@id":"https:\/\/www.muyjujuy.com\/index.php\/2022\/08\/24\/san-pedro-detuvieron-a-un-hombre-con-un-kilo-de-cocaina\/"},"author":{"name":"Redacci\u00f3n Muy Jujuy","@id":"https:\/\/www.muyjujuy.com\/#\/schema\/person\/1d0f6e223ccea9e3f9034c1a5b683bf2"},"headline":"San Pedro: detuvieron a un hombre con un kilo de coca\u00edna","datePublished":"2022-08-24T18:00:22+00:00","dateModified":"2022-08-24T18:00:23+00:00","mainEntityOfPage":{"@id":"https:\/\/www.muyjujuy.com\/index.php\/2022\/08\/24\/san-pedro-detuvieron-a-un-hombre-con-un-kilo-de-cocaina\/"},"wordCount":248,"commentCount":0,"publisher":{"@id":"https:\/\/www.muyjujuy.com\/#organization"},"image":{"@id":"https:\/\/www.muyjujuy.com\/index.php\/2022\/08\/24\/san-pedro-detuvieron-a-un-hombre-con-un-kilo-de-cocaina\/#primaryimage"},"thumbnailUrl":"https:\/\/www.muyjujuy.com\/wp-content\/uploads\/2022\/08\/WhatsApp-Image-2022-08-24-at-2.57.35-PM.jpeg","keywords":["Jujuy","Narcotr\u00e1fico","San Pedro"],"articleSection":["Seguridad"],"inLanguage":"es-AR","potentialAction":[{"@type":"CommentAction","name":"Comment","target":["https:\/\/www.muyjujuy.com\/index.php\/2022\/08\/24\/san-pedro-detuvieron-a-un-hombre-con-un-kilo-de-cocaina\/#respond"]}]},{"@type":"WebPage","@id":"https:\/\/www.muyjujuy.com\/index.php\/2022\/08\/24\/san-pedro-detuvieron-a-un-hombre-con-un-kilo-de-cocaina\/","url":"https:\/\/www.muyjujuy.com\/index.php\/2022\/08\/24\/san-pedro-detuvieron-a-un-hombre-con-un-kilo-de-cocaina\/","name":"San Pedro: detuvieron a un hombre con un kilo de coca\u00edna - Muy Jujuy","isPartOf":{"@id":"https:\/\/www.muyjujuy.com\/#website"},"primaryImageOfPage":{"@id":"https:\/\/www.muyjujuy.com\/index.php\/2022\/08\/24\/san-pedro-detuvieron-a-un-hombre-con-un-kilo-de-cocaina\/#primaryimage"},"image":{"@id":"https:\/\/www.muyjujuy.com\/index.php\/2022\/08\/24\/san-pedro-detuvieron-a-un-hombre-con-un-kilo-de-cocaina\/#primaryimage"},"thumbnailUrl":"https:\/\/www.muyjujuy.com\/wp-content\/uploads\/2022\/08\/WhatsApp-Image-2022-08-24-at-2.57.35-PM.jpeg","datePublished":"2022-08-24T18:00:22+00:00","dateModified":"2022-08-24T18:00:23+00:00","description":"El hombre se excus\u00f3 con que era remisero para evadir el control vehicular, pero los uniformados lo detuvieron con m\u00e1s de un kilo de coca\u00edna.","breadcrumb":{"@id":"https:\/\/www.muyjujuy.com\/index.php\/2022\/08\/24\/san-pedro-detuvieron-a-un-hombre-con-un-kilo-de-cocaina\/#breadcrumb"},"inLanguage":"es-AR","potentialAction":[{"@type":"ReadAction","target":["https:\/\/www.muyjujuy.com\/index.php\/2022\/08\/24\/san-pedro-detuvieron-a-un-hombre-con-un-kilo-de-cocaina\/"]}]},{"@type":"ImageObject","inLanguage":"es-AR","@id":"https:\/\/www.muyjujuy.com\/index.php\/2022\/08\/24\/san-pedro-detuvieron-a-un-hombre-con-un-kilo-de-cocaina\/#primaryimage","url":"https:\/\/www.muyjujuy.com\/wp-content\/uploads\/2022\/08\/WhatsApp-Image-2022-08-24-at-2.57.35-PM.jpeg","contentUrl":"https:\/\/www.muyjujuy.com\/wp-content\/uploads\/2022\/08\/WhatsApp-Image-2022-08-24-at-2.57.35-PM.jpeg","width":970,"height":546},{"@type":"BreadcrumbList","@id":"https:\/\/www.muyjujuy.com\/index.php\/2022\/08\/24\/san-pedro-detuvieron-a-un-hombre-con-un-kilo-de-cocaina\/#breadcrumb","itemListElement":[{"@type":"ListItem","position":1,"name":"Inicio","item":"https:\/\/www.muyjujuy.com\/"},{"@type":"ListItem","position":2,"name":"San Pedro: detuvieron a un hombre con un kilo de coca\u00edna"}]},{"@type":"WebSite","@id":"https:\/\/www.muyjujuy.com\/#website","url":"https:\/\/www.muyjujuy.com\/","name":"Muy Jujuy","description":"","publisher":{"@id":"https:\/\/www.muyjujuy.com\/#organization"},"potentialAction":[{"@type":"SearchAction","target":{"@type":"EntryPoint","urlTemplate":"https:\/\/www.muyjujuy.com\/?s={search_term_string}"},"query-input":{"@type":"PropertyValueSpecification","valueRequired":true,"valueName":"search_term_string"}}],"inLanguage":"es-AR"},{"@type":"Organization","@id":"https:\/\/www.muyjujuy.com\/#organization","name":"Muy Jujuy","url":"https:\/\/www.muyjujuy.com\/","logo":{"@type":"ImageObject","inLanguage":"es-AR","@id":"https:\/\/www.muyjujuy.com\/#\/schema\/logo\/image\/","url":"http:\/\/www.muyjujuy.com\/wp-content\/uploads\/2022\/05\/logo-mobil-jujuy.png","contentUrl":"http:\/\/www.muyjujuy.com\/wp-content\/uploads\/2022\/05\/logo-mobil-jujuy.png","width":174,"height":81,"caption":"Muy Jujuy"},"image":{"@id":"https:\/\/www.muyjujuy.com\/#\/schema\/logo\/image\/"},"sameAs":["https:\/\/www.facebook.com\/muyjujuycom","https:\/\/x.com\/muyjujuy","https:\/\/www.instagram.com\/muyjujuycom"]},{"@type":"Person","@id":"https:\/\/www.muyjujuy.com\/#\/schema\/person\/1d0f6e223ccea9e3f9034c1a5b683bf2","name":"Redacci\u00f3n Muy Jujuy","image":{"@type":"ImageObject","inLanguage":"es-AR","@id":"https:\/\/secure.gravatar.com\/avatar\/fec5f6f1893d741ed5eecccff109ce43e67a855411202a3212a058cb8e5c27d4?s=96&d=mm&r=g","url":"https:\/\/secure.gravatar.com\/avatar\/fec5f6f1893d741ed5eecccff109ce43e67a855411202a3212a058cb8e5c27d4?s=96&d=mm&r=g","contentUrl":"https:\/\/secure.gravatar.com\/avatar\/fec5f6f1893d741ed5eecccff109ce43e67a855411202a3212a058cb8e5c27d4?s=96&d=mm&r=g","caption":"Redacci\u00f3n Muy Jujuy"},"url":"https:\/\/www.muyjujuy.com\/index.php\/author\/editor\/"}]}},"_links":{"self":[{"href":"https:\/\/www.muyjujuy.com\/index.php\/wp-json\/wp\/v2\/posts\/1291","targetHints":{"allow":["GET"]}}],"collection":[{"href":"https:\/\/www.muyjujuy.com\/index.php\/wp-json\/wp\/v2\/posts"}],"about":[{"href":"https:\/\/www.muyjujuy.com\/index.php\/wp-json\/wp\/v2\/types\/post"}],"author":[{"embeddable":true,"href":"https:\/\/www.muyjujuy.com\/index.php\/wp-json\/wp\/v2\/users\/3"}],"replies":[{"embeddable":true,"href":"https:\/\/www.muyjujuy.com\/index.php\/wp-json\/wp\/v2\/comments?post=1291"}],"version-history":[{"count":1,"href":"https:\/\/www.muyjujuy.com\/index.php\/wp-json\/wp\/v2\/posts\/1291\/revisions"}],"predecessor-version":[{"id":1293,"href":"https:\/\/www.muyjujuy.com\/index.php\/wp-json\/wp\/v2\/posts\/1291\/revisions\/1293"}],"wp:featuredmedia":[{"embeddable":true,"href":"https:\/\/www.muyjujuy.com\/index.php\/wp-json\/wp\/v2\/media\/1292"}],"wp:attachment":[{"href":"https:\/\/www.muyjujuy.com\/index.php\/wp-json\/wp\/v2\/media?parent=1291"}],"wp:term":[{"taxonomy":"category","embeddable":true,"href":"https:\/\/www.muyjujuy.com\/index.php\/wp-json\/wp\/v2\/categories?post=1291"},{"taxonomy":"post_tag","embeddable":true,"href":"https:\/\/www.muyjujuy.com\/index.php\/wp-json\/wp\/v2\/tags?post=1291"}],"curies":[{"name":"wp","href":"https:\/\/api.w.org\/{rel}","templated":true}]}}