{"id":1342,"date":"2022-08-30T15:12:27","date_gmt":"2022-08-30T18:12:27","guid":{"rendered":"https:\/\/www.muyjujuy.com\/?p=1342"},"modified":"2022-08-30T15:14:06","modified_gmt":"2022-08-30T18:14:06","slug":"morales-inauguro-el-nuevo-puesto-de-salud-de-el-pongo","status":"publish","type":"post","link":"https:\/\/www.muyjujuy.com\/index.php\/2022\/08\/30\/morales-inauguro-el-nuevo-puesto-de-salud-de-el-pongo\/","title":{"rendered":"Morales inaugur\u00f3 el nuevo Puesto de Salud de El Pongo"},"content":{"rendered":"\n<p><em>El edificio sanitario reforzar\u00e1 la atenci\u00f3n primeria en El Pongo. El mismo s<\/em>e <em>construy\u00f3 con el aporte de la empresa Cannava S.E<\/em>. <\/p>\n\n\n\n<p>El gobernador de Jujuy, <strong>Gerardo Morales<\/strong>, junto al presidente de <a href=\"https:\/\/www.muyjujuy.com\/index.php\/2022\/08\/30\/morales-recorrio-los-nuevos-invernaderos-para-producir-cannabis-medicinal-de-alta-calidad\/\">Cannava S.E<\/a><strong>, Gast\u00f3n Morales, <\/strong>inauguraron el nuevo edificio del Puesto de Salud de Finca El Pongo. <strong>El edificio fue construido con el aporte de la empresa estatal mencionada.<\/strong><\/p>\n\n\n\n<p>La obra fue llevada adelante por el Gobierno de la provincia a trav\u00e9s de la empresa Cannava Sociedad del Estado<strong>. El objetivo es mejorar la atenci\u00f3n sanitaria a los miembros de la comunidad de El Pongo.<\/strong><br><br>En ese marco, Morales ponder\u00f3 que <strong>&#8220;se siga fortaleciendo el sistema sanitario de la provincia, particularmente en la jurisdicci\u00f3n de Perico y en El Pongo&#8221;.<br><\/strong><br>En ese orden, detall\u00f3 las acciones en materia sanitaria para el hospital Arturo Zabala: <strong>\u201cLas obras de ampliaci\u00f3n del hospital, la incorporaci\u00f3n de equipamiento y la construcci\u00f3n de consultorios\u201d.<\/strong> Asimismo, sum\u00f3 el tom\u00f3grafo donado por Cannava y el equipo de laboratorio. <\/p>\n\n\n\n<p><strong>&#8220;Estamos haciendo la inversi\u00f3n m\u00e1s grande que un Gobierno provinc<\/strong>i<strong>al haya hecho en el hospital <\/strong>con lo producido de Finca El Pongo. Era un reclamo de la gente del pueblo y de Perico&#8221;, expres\u00f3 Morales. Y afirm\u00f3: <strong>\u201cVamos a seguir dotando de equipamiento\u201d. <\/strong><\/p>\n\n\n\n<p>En ese sentido, remarc\u00f3 <strong>\u201cla importancia de Cannava\u201d <\/strong>para la comunidad y <strong>le augur\u00f3 un constante crecimiento <\/strong>que impactar\u00e1 positivamente con mejoras en la infraestructura vial, sanitaria y educativa de la zona. <\/p>\n\n\n\n<p>Morales felicit\u00f3 a los directivos que Cannava por \u201cel compromiso asumido con el pueblo de El Pongo\u201d. <\/p>\n\n\n\n<p><strong>&#8220;Este proyecto es emblem\u00e1tico porque va generar una transformaci\u00f3n en la provincia&#8221;<\/strong>, concluy\u00f3.<\/p>\n","protected":false},"excerpt":{"rendered":"<p>El edificio sanitario reforzar\u00e1 la atenci\u00f3n primeria en El Pongo. El mismo se construy\u00f3 con el aporte de la empresa Cannava S.E. El gobernador de Jujuy, Gerardo Morales, junto al presidente de Cannava S.E, Gast\u00f3n Morales, inauguraron el nuevo edificio del Puesto de Salud de Finca El Pongo. El edificio fue construido con el aporte [&hellip;]<\/p>\n","protected":false},"author":3,"featured_media":1344,"comment_status":"open","ping_status":"open","sticky":false,"template":"","format":"standard","meta":{"footnotes":""},"categories":[24],"tags":[5,8],"class_list":{"0":"post-1342","1":"post","2":"type-post","3":"status-publish","4":"format-standard","5":"has-post-thumbnail","7":"category-politica","8":"tag-gerardo-morales","9":"tag-jujuy"},"yoast_head":"<!-- This site is optimized with the Yoast SEO plugin v27.5 - https:\/\/yoast.com\/product\/yoast-seo-wordpress\/ -->\n<title>Morales inaugur\u00f3 el nuevo Puesto de Salud de El Pongo - Muy Jujuy<\/title>\n<meta name=\"description\" content=\"El edificio sanitario reforzar\u00e1 la atenci\u00f3n primeria en El Pongo. El mismo fue construido con el aporte de la empresa Cannava S.E.\" \/>\n<meta name=\"robots\" content=\"index, follow, max-snippet:-1, max-image-preview:large, max-video-preview:-1\" \/>\n<link rel=\"canonical\" href=\"https:\/\/www.muyjujuy.com\/index.php\/2022\/08\/30\/morales-inauguro-el-nuevo-puesto-de-salud-de-el-pongo\/\" \/>\n<meta property=\"og:locale\" content=\"es_ES\" \/>\n<meta property=\"og:type\" content=\"article\" \/>\n<meta property=\"og:title\" content=\"Morales inaugur\u00f3 el nuevo Puesto de Salud de El Pongo - Muy Jujuy\" \/>\n<meta property=\"og:description\" content=\"El edificio sanitario reforzar\u00e1 la atenci\u00f3n primeria en El Pongo. El mismo fue construido con el aporte de la empresa Cannava S.E.\" \/>\n<meta property=\"og:url\" content=\"https:\/\/www.muyjujuy.com\/index.php\/2022\/08\/30\/morales-inauguro-el-nuevo-puesto-de-salud-de-el-pongo\/\" \/>\n<meta property=\"og:site_name\" content=\"Muy Jujuy\" \/>\n<meta property=\"article:publisher\" content=\"https:\/\/www.facebook.com\/muyjujuycom\" \/>\n<meta property=\"article:published_time\" content=\"2022-08-30T18:12:27+00:00\" \/>\n<meta property=\"article:modified_time\" content=\"2022-08-30T18:14:06+00:00\" \/>\n<meta property=\"og:image\" content=\"https:\/\/www.muyjujuy.com\/wp-content\/uploads\/2022\/08\/WhatsApp-Image-2022-08-30-at-3.05.34-PM-1.jpeg\" \/>\n\t<meta property=\"og:image:width\" content=\"1200\" \/>\n\t<meta property=\"og:image:height\" content=\"800\" \/>\n\t<meta property=\"og:image:type\" content=\"image\/jpeg\" \/>\n<meta name=\"author\" content=\"Redacci\u00f3n Muy Jujuy\" \/>\n<meta name=\"twitter:card\" content=\"summary_large_image\" \/>\n<meta name=\"twitter:creator\" content=\"@muyjujuy\" \/>\n<meta name=\"twitter:site\" content=\"@muyjujuy\" \/>\n<meta name=\"twitter:label1\" content=\"Escrito por\" \/>\n\t<meta name=\"twitter:data1\" content=\"Redacci\u00f3n Muy Jujuy\" \/>\n\t<meta name=\"twitter:label2\" content=\"Tiempo de lectura\" \/>\n\t<meta name=\"twitter:data2\" content=\"2 minutos\" \/>\n<script type=\"application\/ld+json\" class=\"yoast-schema-graph\">{\"@context\":\"https:\\\/\\\/schema.org\",\"@graph\":[{\"@type\":\"Article\",\"@id\":\"https:\\\/\\\/www.muyjujuy.com\\\/index.php\\\/2022\\\/08\\\/30\\\/morales-inauguro-el-nuevo-puesto-de-salud-de-el-pongo\\\/#article\",\"isPartOf\":{\"@id\":\"https:\\\/\\\/www.muyjujuy.com\\\/index.php\\\/2022\\\/08\\\/30\\\/morales-inauguro-el-nuevo-puesto-de-salud-de-el-pongo\\\/\"},\"author\":{\"name\":\"Redacci\u00f3n Muy Jujuy\",\"@id\":\"https:\\\/\\\/www.muyjujuy.com\\\/#\\\/schema\\\/person\\\/1d0f6e223ccea9e3f9034c1a5b683bf2\"},\"headline\":\"Morales inaugur\u00f3 el nuevo Puesto de Salud de El Pongo\",\"datePublished\":\"2022-08-30T18:12:27+00:00\",\"dateModified\":\"2022-08-30T18:14:06+00:00\",\"mainEntityOfPage\":{\"@id\":\"https:\\\/\\\/www.muyjujuy.com\\\/index.php\\\/2022\\\/08\\\/30\\\/morales-inauguro-el-nuevo-puesto-de-salud-de-el-pongo\\\/\"},\"wordCount\":292,\"commentCount\":0,\"publisher\":{\"@id\":\"https:\\\/\\\/www.muyjujuy.com\\\/#organization\"},\"image\":{\"@id\":\"https:\\\/\\\/www.muyjujuy.com\\\/index.php\\\/2022\\\/08\\\/30\\\/morales-inauguro-el-nuevo-puesto-de-salud-de-el-pongo\\\/#primaryimage\"},\"thumbnailUrl\":\"https:\\\/\\\/www.muyjujuy.com\\\/wp-content\\\/uploads\\\/2022\\\/08\\\/WhatsApp-Image-2022-08-30-at-3.05.34-PM-1.jpeg\",\"keywords\":[\"Gerardo Morales\",\"Jujuy\"],\"articleSection\":[\"Pol\u00edtica\"],\"inLanguage\":\"es-AR\",\"potentialAction\":[{\"@type\":\"CommentAction\",\"name\":\"Comment\",\"target\":[\"https:\\\/\\\/www.muyjujuy.com\\\/index.php\\\/2022\\\/08\\\/30\\\/morales-inauguro-el-nuevo-puesto-de-salud-de-el-pongo\\\/#respond\"]}]},{\"@type\":\"WebPage\",\"@id\":\"https:\\\/\\\/www.muyjujuy.com\\\/index.php\\\/2022\\\/08\\\/30\\\/morales-inauguro-el-nuevo-puesto-de-salud-de-el-pongo\\\/\",\"url\":\"https:\\\/\\\/www.muyjujuy.com\\\/index.php\\\/2022\\\/08\\\/30\\\/morales-inauguro-el-nuevo-puesto-de-salud-de-el-pongo\\\/\",\"name\":\"Morales inaugur\u00f3 el nuevo Puesto de Salud de El Pongo - Muy Jujuy\",\"isPartOf\":{\"@id\":\"https:\\\/\\\/www.muyjujuy.com\\\/#website\"},\"primaryImageOfPage\":{\"@id\":\"https:\\\/\\\/www.muyjujuy.com\\\/index.php\\\/2022\\\/08\\\/30\\\/morales-inauguro-el-nuevo-puesto-de-salud-de-el-pongo\\\/#primaryimage\"},\"image\":{\"@id\":\"https:\\\/\\\/www.muyjujuy.com\\\/index.php\\\/2022\\\/08\\\/30\\\/morales-inauguro-el-nuevo-puesto-de-salud-de-el-pongo\\\/#primaryimage\"},\"thumbnailUrl\":\"https:\\\/\\\/www.muyjujuy.com\\\/wp-content\\\/uploads\\\/2022\\\/08\\\/WhatsApp-Image-2022-08-30-at-3.05.34-PM-1.jpeg\",\"datePublished\":\"2022-08-30T18:12:27+00:00\",\"dateModified\":\"2022-08-30T18:14:06+00:00\",\"description\":\"El edificio sanitario reforzar\u00e1 la atenci\u00f3n primeria en El Pongo. El mismo fue construido con el aporte de la empresa Cannava S.E.\",\"breadcrumb\":{\"@id\":\"https:\\\/\\\/www.muyjujuy.com\\\/index.php\\\/2022\\\/08\\\/30\\\/morales-inauguro-el-nuevo-puesto-de-salud-de-el-pongo\\\/#breadcrumb\"},\"inLanguage\":\"es-AR\",\"potentialAction\":[{\"@type\":\"ReadAction\",\"target\":[\"https:\\\/\\\/www.muyjujuy.com\\\/index.php\\\/2022\\\/08\\\/30\\\/morales-inauguro-el-nuevo-puesto-de-salud-de-el-pongo\\\/\"]}]},{\"@type\":\"ImageObject\",\"inLanguage\":\"es-AR\",\"@id\":\"https:\\\/\\\/www.muyjujuy.com\\\/index.php\\\/2022\\\/08\\\/30\\\/morales-inauguro-el-nuevo-puesto-de-salud-de-el-pongo\\\/#primaryimage\",\"url\":\"https:\\\/\\\/www.muyjujuy.com\\\/wp-content\\\/uploads\\\/2022\\\/08\\\/WhatsApp-Image-2022-08-30-at-3.05.34-PM-1.jpeg\",\"contentUrl\":\"https:\\\/\\\/www.muyjujuy.com\\\/wp-content\\\/uploads\\\/2022\\\/08\\\/WhatsApp-Image-2022-08-30-at-3.05.34-PM-1.jpeg\",\"width\":1200,\"height\":800},{\"@type\":\"BreadcrumbList\",\"@id\":\"https:\\\/\\\/www.muyjujuy.com\\\/index.php\\\/2022\\\/08\\\/30\\\/morales-inauguro-el-nuevo-puesto-de-salud-de-el-pongo\\\/#breadcrumb\",\"itemListElement\":[{\"@type\":\"ListItem\",\"position\":1,\"name\":\"Inicio\",\"item\":\"https:\\\/\\\/www.muyjujuy.com\\\/\"},{\"@type\":\"ListItem\",\"position\":2,\"name\":\"Morales inaugur\u00f3 el nuevo Puesto de Salud de El Pongo\"}]},{\"@type\":\"WebSite\",\"@id\":\"https:\\\/\\\/www.muyjujuy.com\\\/#website\",\"url\":\"https:\\\/\\\/www.muyjujuy.com\\\/\",\"name\":\"Muy Jujuy\",\"description\":\"\",\"publisher\":{\"@id\":\"https:\\\/\\\/www.muyjujuy.com\\\/#organization\"},\"potentialAction\":[{\"@type\":\"SearchAction\",\"target\":{\"@type\":\"EntryPoint\",\"urlTemplate\":\"https:\\\/\\\/www.muyjujuy.com\\\/?s={search_term_string}\"},\"query-input\":{\"@type\":\"PropertyValueSpecification\",\"valueRequired\":true,\"valueName\":\"search_term_string\"}}],\"inLanguage\":\"es-AR\"},{\"@type\":\"Organization\",\"@id\":\"https:\\\/\\\/www.muyjujuy.com\\\/#organization\",\"name\":\"Muy Jujuy\",\"url\":\"https:\\\/\\\/www.muyjujuy.com\\\/\",\"logo\":{\"@type\":\"ImageObject\",\"inLanguage\":\"es-AR\",\"@id\":\"https:\\\/\\\/www.muyjujuy.com\\\/#\\\/schema\\\/logo\\\/image\\\/\",\"url\":\"http:\\\/\\\/www.muyjujuy.com\\\/wp-content\\\/uploads\\\/2022\\\/05\\\/logo-mobil-jujuy.png\",\"contentUrl\":\"http:\\\/\\\/www.muyjujuy.com\\\/wp-content\\\/uploads\\\/2022\\\/05\\\/logo-mobil-jujuy.png\",\"width\":174,\"height\":81,\"caption\":\"Muy Jujuy\"},\"image\":{\"@id\":\"https:\\\/\\\/www.muyjujuy.com\\\/#\\\/schema\\\/logo\\\/image\\\/\"},\"sameAs\":[\"https:\\\/\\\/www.facebook.com\\\/muyjujuycom\",\"https:\\\/\\\/x.com\\\/muyjujuy\",\"https:\\\/\\\/www.instagram.com\\\/muyjujuycom\"]},{\"@type\":\"Person\",\"@id\":\"https:\\\/\\\/www.muyjujuy.com\\\/#\\\/schema\\\/person\\\/1d0f6e223ccea9e3f9034c1a5b683bf2\",\"name\":\"Redacci\u00f3n Muy Jujuy\",\"image\":{\"@type\":\"ImageObject\",\"inLanguage\":\"es-AR\",\"@id\":\"https:\\\/\\\/secure.gravatar.com\\\/avatar\\\/fec5f6f1893d741ed5eecccff109ce43e67a855411202a3212a058cb8e5c27d4?s=96&d=mm&r=g\",\"url\":\"https:\\\/\\\/secure.gravatar.com\\\/avatar\\\/fec5f6f1893d741ed5eecccff109ce43e67a855411202a3212a058cb8e5c27d4?s=96&d=mm&r=g\",\"contentUrl\":\"https:\\\/\\\/secure.gravatar.com\\\/avatar\\\/fec5f6f1893d741ed5eecccff109ce43e67a855411202a3212a058cb8e5c27d4?s=96&d=mm&r=g\",\"caption\":\"Redacci\u00f3n Muy Jujuy\"},\"url\":\"https:\\\/\\\/www.muyjujuy.com\\\/index.php\\\/author\\\/editor\\\/\"}]}<\/script>\n<!-- \/ Yoast SEO plugin. -->","yoast_head_json":{"title":"Morales inaugur\u00f3 el nuevo Puesto de Salud de El Pongo - Muy Jujuy","description":"El edificio sanitario reforzar\u00e1 la atenci\u00f3n primeria en El Pongo. El mismo fue construido con el aporte de la empresa Cannava S.E.","robots":{"index":"index","follow":"follow","max-snippet":"max-snippet:-1","max-image-preview":"max-image-preview:large","max-video-preview":"max-video-preview:-1"},"canonical":"https:\/\/www.muyjujuy.com\/index.php\/2022\/08\/30\/morales-inauguro-el-nuevo-puesto-de-salud-de-el-pongo\/","og_locale":"es_ES","og_type":"article","og_title":"Morales inaugur\u00f3 el nuevo Puesto de Salud de El Pongo - Muy Jujuy","og_description":"El edificio sanitario reforzar\u00e1 la atenci\u00f3n primeria en El Pongo. El mismo fue construido con el aporte de la empresa Cannava S.E.","og_url":"https:\/\/www.muyjujuy.com\/index.php\/2022\/08\/30\/morales-inauguro-el-nuevo-puesto-de-salud-de-el-pongo\/","og_site_name":"Muy Jujuy","article_publisher":"https:\/\/www.facebook.com\/muyjujuycom","article_published_time":"2022-08-30T18:12:27+00:00","article_modified_time":"2022-08-30T18:14:06+00:00","og_image":[{"width":1200,"height":800,"url":"https:\/\/www.muyjujuy.com\/wp-content\/uploads\/2022\/08\/WhatsApp-Image-2022-08-30-at-3.05.34-PM-1.jpeg","type":"image\/jpeg"}],"author":"Redacci\u00f3n Muy Jujuy","twitter_card":"summary_large_image","twitter_creator":"@muyjujuy","twitter_site":"@muyjujuy","twitter_misc":{"Escrito por":"Redacci\u00f3n Muy Jujuy","Tiempo de lectura":"2 minutos"},"schema":{"@context":"https:\/\/schema.org","@graph":[{"@type":"Article","@id":"https:\/\/www.muyjujuy.com\/index.php\/2022\/08\/30\/morales-inauguro-el-nuevo-puesto-de-salud-de-el-pongo\/#article","isPartOf":{"@id":"https:\/\/www.muyjujuy.com\/index.php\/2022\/08\/30\/morales-inauguro-el-nuevo-puesto-de-salud-de-el-pongo\/"},"author":{"name":"Redacci\u00f3n Muy Jujuy","@id":"https:\/\/www.muyjujuy.com\/#\/schema\/person\/1d0f6e223ccea9e3f9034c1a5b683bf2"},"headline":"Morales inaugur\u00f3 el nuevo Puesto de Salud de El Pongo","datePublished":"2022-08-30T18:12:27+00:00","dateModified":"2022-08-30T18:14:06+00:00","mainEntityOfPage":{"@id":"https:\/\/www.muyjujuy.com\/index.php\/2022\/08\/30\/morales-inauguro-el-nuevo-puesto-de-salud-de-el-pongo\/"},"wordCount":292,"commentCount":0,"publisher":{"@id":"https:\/\/www.muyjujuy.com\/#organization"},"image":{"@id":"https:\/\/www.muyjujuy.com\/index.php\/2022\/08\/30\/morales-inauguro-el-nuevo-puesto-de-salud-de-el-pongo\/#primaryimage"},"thumbnailUrl":"https:\/\/www.muyjujuy.com\/wp-content\/uploads\/2022\/08\/WhatsApp-Image-2022-08-30-at-3.05.34-PM-1.jpeg","keywords":["Gerardo Morales","Jujuy"],"articleSection":["Pol\u00edtica"],"inLanguage":"es-AR","potentialAction":[{"@type":"CommentAction","name":"Comment","target":["https:\/\/www.muyjujuy.com\/index.php\/2022\/08\/30\/morales-inauguro-el-nuevo-puesto-de-salud-de-el-pongo\/#respond"]}]},{"@type":"WebPage","@id":"https:\/\/www.muyjujuy.com\/index.php\/2022\/08\/30\/morales-inauguro-el-nuevo-puesto-de-salud-de-el-pongo\/","url":"https:\/\/www.muyjujuy.com\/index.php\/2022\/08\/30\/morales-inauguro-el-nuevo-puesto-de-salud-de-el-pongo\/","name":"Morales inaugur\u00f3 el nuevo Puesto de Salud de El Pongo - Muy Jujuy","isPartOf":{"@id":"https:\/\/www.muyjujuy.com\/#website"},"primaryImageOfPage":{"@id":"https:\/\/www.muyjujuy.com\/index.php\/2022\/08\/30\/morales-inauguro-el-nuevo-puesto-de-salud-de-el-pongo\/#primaryimage"},"image":{"@id":"https:\/\/www.muyjujuy.com\/index.php\/2022\/08\/30\/morales-inauguro-el-nuevo-puesto-de-salud-de-el-pongo\/#primaryimage"},"thumbnailUrl":"https:\/\/www.muyjujuy.com\/wp-content\/uploads\/2022\/08\/WhatsApp-Image-2022-08-30-at-3.05.34-PM-1.jpeg","datePublished":"2022-08-30T18:12:27+00:00","dateModified":"2022-08-30T18:14:06+00:00","description":"El edificio sanitario reforzar\u00e1 la atenci\u00f3n primeria en El Pongo. El mismo fue construido con el aporte de la empresa Cannava S.E.","breadcrumb":{"@id":"https:\/\/www.muyjujuy.com\/index.php\/2022\/08\/30\/morales-inauguro-el-nuevo-puesto-de-salud-de-el-pongo\/#breadcrumb"},"inLanguage":"es-AR","potentialAction":[{"@type":"ReadAction","target":["https:\/\/www.muyjujuy.com\/index.php\/2022\/08\/30\/morales-inauguro-el-nuevo-puesto-de-salud-de-el-pongo\/"]}]},{"@type":"ImageObject","inLanguage":"es-AR","@id":"https:\/\/www.muyjujuy.com\/index.php\/2022\/08\/30\/morales-inauguro-el-nuevo-puesto-de-salud-de-el-pongo\/#primaryimage","url":"https:\/\/www.muyjujuy.com\/wp-content\/uploads\/2022\/08\/WhatsApp-Image-2022-08-30-at-3.05.34-PM-1.jpeg","contentUrl":"https:\/\/www.muyjujuy.com\/wp-content\/uploads\/2022\/08\/WhatsApp-Image-2022-08-30-at-3.05.34-PM-1.jpeg","width":1200,"height":800},{"@type":"BreadcrumbList","@id":"https:\/\/www.muyjujuy.com\/index.php\/2022\/08\/30\/morales-inauguro-el-nuevo-puesto-de-salud-de-el-pongo\/#breadcrumb","itemListElement":[{"@type":"ListItem","position":1,"name":"Inicio","item":"https:\/\/www.muyjujuy.com\/"},{"@type":"ListItem","position":2,"name":"Morales inaugur\u00f3 el nuevo Puesto de Salud de El Pongo"}]},{"@type":"WebSite","@id":"https:\/\/www.muyjujuy.com\/#website","url":"https:\/\/www.muyjujuy.com\/","name":"Muy Jujuy","description":"","publisher":{"@id":"https:\/\/www.muyjujuy.com\/#organization"},"potentialAction":[{"@type":"SearchAction","target":{"@type":"EntryPoint","urlTemplate":"https:\/\/www.muyjujuy.com\/?s={search_term_string}"},"query-input":{"@type":"PropertyValueSpecification","valueRequired":true,"valueName":"search_term_string"}}],"inLanguage":"es-AR"},{"@type":"Organization","@id":"https:\/\/www.muyjujuy.com\/#organization","name":"Muy Jujuy","url":"https:\/\/www.muyjujuy.com\/","logo":{"@type":"ImageObject","inLanguage":"es-AR","@id":"https:\/\/www.muyjujuy.com\/#\/schema\/logo\/image\/","url":"http:\/\/www.muyjujuy.com\/wp-content\/uploads\/2022\/05\/logo-mobil-jujuy.png","contentUrl":"http:\/\/www.muyjujuy.com\/wp-content\/uploads\/2022\/05\/logo-mobil-jujuy.png","width":174,"height":81,"caption":"Muy Jujuy"},"image":{"@id":"https:\/\/www.muyjujuy.com\/#\/schema\/logo\/image\/"},"sameAs":["https:\/\/www.facebook.com\/muyjujuycom","https:\/\/x.com\/muyjujuy","https:\/\/www.instagram.com\/muyjujuycom"]},{"@type":"Person","@id":"https:\/\/www.muyjujuy.com\/#\/schema\/person\/1d0f6e223ccea9e3f9034c1a5b683bf2","name":"Redacci\u00f3n Muy Jujuy","image":{"@type":"ImageObject","inLanguage":"es-AR","@id":"https:\/\/secure.gravatar.com\/avatar\/fec5f6f1893d741ed5eecccff109ce43e67a855411202a3212a058cb8e5c27d4?s=96&d=mm&r=g","url":"https:\/\/secure.gravatar.com\/avatar\/fec5f6f1893d741ed5eecccff109ce43e67a855411202a3212a058cb8e5c27d4?s=96&d=mm&r=g","contentUrl":"https:\/\/secure.gravatar.com\/avatar\/fec5f6f1893d741ed5eecccff109ce43e67a855411202a3212a058cb8e5c27d4?s=96&d=mm&r=g","caption":"Redacci\u00f3n Muy Jujuy"},"url":"https:\/\/www.muyjujuy.com\/index.php\/author\/editor\/"}]}},"_links":{"self":[{"href":"https:\/\/www.muyjujuy.com\/index.php\/wp-json\/wp\/v2\/posts\/1342","targetHints":{"allow":["GET"]}}],"collection":[{"href":"https:\/\/www.muyjujuy.com\/index.php\/wp-json\/wp\/v2\/posts"}],"about":[{"href":"https:\/\/www.muyjujuy.com\/index.php\/wp-json\/wp\/v2\/types\/post"}],"author":[{"embeddable":true,"href":"https:\/\/www.muyjujuy.com\/index.php\/wp-json\/wp\/v2\/users\/3"}],"replies":[{"embeddable":true,"href":"https:\/\/www.muyjujuy.com\/index.php\/wp-json\/wp\/v2\/comments?post=1342"}],"version-history":[{"count":1,"href":"https:\/\/www.muyjujuy.com\/index.php\/wp-json\/wp\/v2\/posts\/1342\/revisions"}],"predecessor-version":[{"id":1343,"href":"https:\/\/www.muyjujuy.com\/index.php\/wp-json\/wp\/v2\/posts\/1342\/revisions\/1343"}],"wp:featuredmedia":[{"embeddable":true,"href":"https:\/\/www.muyjujuy.com\/index.php\/wp-json\/wp\/v2\/media\/1344"}],"wp:attachment":[{"href":"https:\/\/www.muyjujuy.com\/index.php\/wp-json\/wp\/v2\/media?parent=1342"}],"wp:term":[{"taxonomy":"category","embeddable":true,"href":"https:\/\/www.muyjujuy.com\/index.php\/wp-json\/wp\/v2\/categories?post=1342"},{"taxonomy":"post_tag","embeddable":true,"href":"https:\/\/www.muyjujuy.com\/index.php\/wp-json\/wp\/v2\/tags?post=1342"}],"curies":[{"name":"wp","href":"https:\/\/api.w.org\/{rel}","templated":true}]}}