{"id":1368,"date":"2022-09-01T16:01:45","date_gmt":"2022-09-01T19:01:45","guid":{"rendered":"https:\/\/www.muyjujuy.com\/?p=1368"},"modified":"2022-09-01T16:01:47","modified_gmt":"2022-09-01T19:01:47","slug":"reactivacion-productiva-reabriran-la-mina-el-aguilar-en-jujuy","status":"publish","type":"post","link":"https:\/\/www.muyjujuy.com\/index.php\/2022\/09\/01\/reactivacion-productiva-reabriran-la-mina-el-aguilar-en-jujuy\/","title":{"rendered":"Reactivaci\u00f3n productiva: reabrir\u00e1n la Mina El Aguilar en Jujuy"},"content":{"rendered":"\n<p><em>La Mina El Aguilar dej\u00f3 de funcionar el a\u00f1o pasado y ser\u00e1 reactivada en las pr\u00f3ximas semanas y existen expectativas por su reactivaci\u00f3n.<\/em><\/p>\n\n\n\n<p id=\"titulo_cable\"><\/p>\n\n\n\n<p>La <strong>Mina El Aguilar<\/strong> retomar\u00e1 la extracci\u00f3n de plomo y zinc luego de una inversi\u00f3n de capitales nacionales, <strong>tras un a\u00f1o del cierre de sus operaciones<\/strong>. La informaci\u00f3n fue confirmada por el intendente <strong>Sergio Alejo.<\/strong><\/p>\n\n\n\n<p>El centro productivo hab\u00eda dejado de operar en enero del a\u00f1o pasado luego de que la compa\u00f1\u00eda Minera Aguilar dependiente de la firma internacional<strong> Glencore<\/strong>, anunciara que cesaba la explotaci\u00f3<strong>n, debido a la &#8220;declinaci\u00f3n de los recursos y reservas del mineral&#8221;.<\/strong><\/p>\n\n\n\n<p>Al respecto, Alejo expres\u00f3: <strong>&#8220;Estamos con una linda expectativa porque venimos trabajando con una nueva empresa, el Gobierno provincial y las comunidades&#8221;<\/strong>.<\/p>\n\n\n\n<p>&#8220;El Grupo Integra de capitales nacionales,<strong> se hizo cargo de la explotaci\u00f3n minera permitiendo la incorporaci\u00f3n de mano de obra local para la extracci\u00f3n de plomo y zinc&#8221;,<\/strong> sostuvo el intendente.<\/p>\n\n\n\n<p>En ese marco, Alejo estim\u00f3 que <strong>dentro de 20 o 30 d\u00edas se realizar\u00e1 la apertura oficial de las operaciones mineras<\/strong>, la cual hasta la fecha, &#8220;absorbi\u00f3 a 200 operarios y hacia fin de a\u00f1o llamar\u00edan a 100 trabajadores m\u00e1s&#8221;, estim\u00f3.<\/p>\n\n\n\n<p><strong>&#8220;Desde el municipio estamos tratando de cuidar que se haga con el orden que se merece y que se pueda garantizar el trabajo para el futuro&#8221;,<\/strong> precis\u00f3. <\/p>\n\n\n\n<p>Asimismo, afirm\u00f3 que <strong>&#8220;alrededor de 80 trabajadores&#8221; <\/strong>que cumpl\u00edan funciones con la empresa anterior se sumaron a la nueva firma.<\/p>\n\n\n\n<h2 class=\"wp-block-heading\"><strong>Mina El Aguilar<\/strong><\/h2>\n\n\n\n<p>El reducto de Mina El Aguilar se enclava en el extremo norte del Departamento de Humahuaca, a m\u00e1s de 4.000 metros de altura sobre el nivel del mar. Desde hace 91 a\u00f1os se extraen all\u00ed plomo y zinc.<\/p>\n\n\n\n<p>Sobre la situaci\u00f3n del campamento y las casas donde habitan los trabajadores, explic\u00f3 que &#8220;se realizar\u00e1 el traspaso a cargo de la nueva firma&#8221;. Y garantiz\u00f3 que los pobladores no perder\u00e1n sus hogares.<\/p>\n\n\n\n<p>&#8220;Ten\u00edamos un pueblo desocupado y paralizado. Desde la Municipalidad colaboramos para que la minera arranque, es nuestra prioridad&#8221;, sostuvo el jefe comunal y explic\u00f3 que se busca el marco legal para la reactivaci\u00f3n.<\/p>\n\n\n\n<p>En el a\u00f1o 2021 m\u00e1s de 600 trabajadores de la mina El Aguilar, debieron abandonar sus puestos laborales luego de que el centro productivo administrado por la firma Glencore, anunciara el cese de las operaciones.<\/p>\n","protected":false},"excerpt":{"rendered":"<p>La Mina El Aguilar dej\u00f3 de funcionar el a\u00f1o pasado y ser\u00e1 reactivada en las pr\u00f3ximas semanas y existen expectativas por su reactivaci\u00f3n. La Mina El Aguilar retomar\u00e1 la extracci\u00f3n de plomo y zinc luego de una inversi\u00f3n de capitales nacionales, tras un a\u00f1o del cierre de sus operaciones. La informaci\u00f3n fue confirmada por el [&hellip;]<\/p>\n","protected":false},"author":3,"featured_media":1369,"comment_status":"open","ping_status":"open","sticky":false,"template":"","format":"standard","meta":{"footnotes":""},"categories":[25],"tags":[8,791],"class_list":{"0":"post-1368","1":"post","2":"type-post","3":"status-publish","4":"format-standard","5":"has-post-thumbnail","7":"category-sociedad","8":"tag-jujuy","9":"tag-mina-el-aguilar"},"yoast_head":"<!-- This site is optimized with the Yoast SEO plugin v27.5 - https:\/\/yoast.com\/product\/yoast-seo-wordpress\/ -->\n<title>Reactivaci\u00f3n productiva: reabrir\u00e1n la Mina El Aguilar en Jujuy - Muy Jujuy<\/title>\n<meta name=\"description\" content=\"La Mina El Aguilar dej\u00f3 de funcionar el a\u00f1o pasado y ser\u00e1 reactivada en las pr\u00f3ximas semanas y existen expectativas por su reactivaci\u00f3n.\" \/>\n<meta name=\"robots\" content=\"index, follow, max-snippet:-1, max-image-preview:large, max-video-preview:-1\" \/>\n<link rel=\"canonical\" href=\"https:\/\/www.muyjujuy.com\/index.php\/2022\/09\/01\/reactivacion-productiva-reabriran-la-mina-el-aguilar-en-jujuy\/\" \/>\n<meta property=\"og:locale\" content=\"es_ES\" \/>\n<meta property=\"og:type\" content=\"article\" \/>\n<meta property=\"og:title\" content=\"Reactivaci\u00f3n productiva: reabrir\u00e1n la Mina El Aguilar en Jujuy - Muy Jujuy\" \/>\n<meta property=\"og:description\" content=\"La Mina El Aguilar dej\u00f3 de funcionar el a\u00f1o pasado y ser\u00e1 reactivada en las pr\u00f3ximas semanas y existen expectativas por su reactivaci\u00f3n.\" \/>\n<meta property=\"og:url\" content=\"https:\/\/www.muyjujuy.com\/index.php\/2022\/09\/01\/reactivacion-productiva-reabriran-la-mina-el-aguilar-en-jujuy\/\" \/>\n<meta property=\"og:site_name\" content=\"Muy Jujuy\" \/>\n<meta property=\"article:publisher\" content=\"https:\/\/www.facebook.com\/muyjujuycom\" \/>\n<meta property=\"article:published_time\" content=\"2022-09-01T19:01:45+00:00\" \/>\n<meta property=\"article:modified_time\" content=\"2022-09-01T19:01:47+00:00\" \/>\n<meta property=\"og:image\" content=\"https:\/\/www.muyjujuy.com\/wp-content\/uploads\/2022\/09\/WhatsApp-Image-2022-09-01-at-15.58.01.jpeg\" \/>\n\t<meta property=\"og:image:width\" content=\"990\" \/>\n\t<meta property=\"og:image:height\" content=\"610\" \/>\n\t<meta property=\"og:image:type\" content=\"image\/jpeg\" \/>\n<meta name=\"author\" content=\"Redacci\u00f3n Muy Jujuy\" \/>\n<meta name=\"twitter:card\" content=\"summary_large_image\" \/>\n<meta name=\"twitter:creator\" content=\"@muyjujuy\" \/>\n<meta name=\"twitter:site\" content=\"@muyjujuy\" \/>\n<meta name=\"twitter:label1\" content=\"Escrito por\" \/>\n\t<meta name=\"twitter:data1\" content=\"Redacci\u00f3n Muy Jujuy\" \/>\n\t<meta name=\"twitter:label2\" content=\"Tiempo de lectura\" \/>\n\t<meta name=\"twitter:data2\" content=\"2 minutos\" \/>\n<script type=\"application\/ld+json\" class=\"yoast-schema-graph\">{\"@context\":\"https:\\\/\\\/schema.org\",\"@graph\":[{\"@type\":\"Article\",\"@id\":\"https:\\\/\\\/www.muyjujuy.com\\\/index.php\\\/2022\\\/09\\\/01\\\/reactivacion-productiva-reabriran-la-mina-el-aguilar-en-jujuy\\\/#article\",\"isPartOf\":{\"@id\":\"https:\\\/\\\/www.muyjujuy.com\\\/index.php\\\/2022\\\/09\\\/01\\\/reactivacion-productiva-reabriran-la-mina-el-aguilar-en-jujuy\\\/\"},\"author\":{\"name\":\"Redacci\u00f3n Muy Jujuy\",\"@id\":\"https:\\\/\\\/www.muyjujuy.com\\\/#\\\/schema\\\/person\\\/1d0f6e223ccea9e3f9034c1a5b683bf2\"},\"headline\":\"Reactivaci\u00f3n productiva: reabrir\u00e1n la Mina El Aguilar en Jujuy\",\"datePublished\":\"2022-09-01T19:01:45+00:00\",\"dateModified\":\"2022-09-01T19:01:47+00:00\",\"mainEntityOfPage\":{\"@id\":\"https:\\\/\\\/www.muyjujuy.com\\\/index.php\\\/2022\\\/09\\\/01\\\/reactivacion-productiva-reabriran-la-mina-el-aguilar-en-jujuy\\\/\"},\"wordCount\":412,\"commentCount\":0,\"publisher\":{\"@id\":\"https:\\\/\\\/www.muyjujuy.com\\\/#organization\"},\"image\":{\"@id\":\"https:\\\/\\\/www.muyjujuy.com\\\/index.php\\\/2022\\\/09\\\/01\\\/reactivacion-productiva-reabriran-la-mina-el-aguilar-en-jujuy\\\/#primaryimage\"},\"thumbnailUrl\":\"https:\\\/\\\/www.muyjujuy.com\\\/wp-content\\\/uploads\\\/2022\\\/09\\\/WhatsApp-Image-2022-09-01-at-15.58.01.jpeg\",\"keywords\":[\"Jujuy\",\"Mina El Aguilar\"],\"articleSection\":[\"Sociedad\"],\"inLanguage\":\"es-AR\",\"potentialAction\":[{\"@type\":\"CommentAction\",\"name\":\"Comment\",\"target\":[\"https:\\\/\\\/www.muyjujuy.com\\\/index.php\\\/2022\\\/09\\\/01\\\/reactivacion-productiva-reabriran-la-mina-el-aguilar-en-jujuy\\\/#respond\"]}]},{\"@type\":\"WebPage\",\"@id\":\"https:\\\/\\\/www.muyjujuy.com\\\/index.php\\\/2022\\\/09\\\/01\\\/reactivacion-productiva-reabriran-la-mina-el-aguilar-en-jujuy\\\/\",\"url\":\"https:\\\/\\\/www.muyjujuy.com\\\/index.php\\\/2022\\\/09\\\/01\\\/reactivacion-productiva-reabriran-la-mina-el-aguilar-en-jujuy\\\/\",\"name\":\"Reactivaci\u00f3n productiva: reabrir\u00e1n la Mina El Aguilar en Jujuy - Muy Jujuy\",\"isPartOf\":{\"@id\":\"https:\\\/\\\/www.muyjujuy.com\\\/#website\"},\"primaryImageOfPage\":{\"@id\":\"https:\\\/\\\/www.muyjujuy.com\\\/index.php\\\/2022\\\/09\\\/01\\\/reactivacion-productiva-reabriran-la-mina-el-aguilar-en-jujuy\\\/#primaryimage\"},\"image\":{\"@id\":\"https:\\\/\\\/www.muyjujuy.com\\\/index.php\\\/2022\\\/09\\\/01\\\/reactivacion-productiva-reabriran-la-mina-el-aguilar-en-jujuy\\\/#primaryimage\"},\"thumbnailUrl\":\"https:\\\/\\\/www.muyjujuy.com\\\/wp-content\\\/uploads\\\/2022\\\/09\\\/WhatsApp-Image-2022-09-01-at-15.58.01.jpeg\",\"datePublished\":\"2022-09-01T19:01:45+00:00\",\"dateModified\":\"2022-09-01T19:01:47+00:00\",\"description\":\"La Mina El Aguilar dej\u00f3 de funcionar el a\u00f1o pasado y ser\u00e1 reactivada en las pr\u00f3ximas semanas y existen expectativas por su reactivaci\u00f3n.\",\"breadcrumb\":{\"@id\":\"https:\\\/\\\/www.muyjujuy.com\\\/index.php\\\/2022\\\/09\\\/01\\\/reactivacion-productiva-reabriran-la-mina-el-aguilar-en-jujuy\\\/#breadcrumb\"},\"inLanguage\":\"es-AR\",\"potentialAction\":[{\"@type\":\"ReadAction\",\"target\":[\"https:\\\/\\\/www.muyjujuy.com\\\/index.php\\\/2022\\\/09\\\/01\\\/reactivacion-productiva-reabriran-la-mina-el-aguilar-en-jujuy\\\/\"]}]},{\"@type\":\"ImageObject\",\"inLanguage\":\"es-AR\",\"@id\":\"https:\\\/\\\/www.muyjujuy.com\\\/index.php\\\/2022\\\/09\\\/01\\\/reactivacion-productiva-reabriran-la-mina-el-aguilar-en-jujuy\\\/#primaryimage\",\"url\":\"https:\\\/\\\/www.muyjujuy.com\\\/wp-content\\\/uploads\\\/2022\\\/09\\\/WhatsApp-Image-2022-09-01-at-15.58.01.jpeg\",\"contentUrl\":\"https:\\\/\\\/www.muyjujuy.com\\\/wp-content\\\/uploads\\\/2022\\\/09\\\/WhatsApp-Image-2022-09-01-at-15.58.01.jpeg\",\"width\":990,\"height\":610},{\"@type\":\"BreadcrumbList\",\"@id\":\"https:\\\/\\\/www.muyjujuy.com\\\/index.php\\\/2022\\\/09\\\/01\\\/reactivacion-productiva-reabriran-la-mina-el-aguilar-en-jujuy\\\/#breadcrumb\",\"itemListElement\":[{\"@type\":\"ListItem\",\"position\":1,\"name\":\"Inicio\",\"item\":\"https:\\\/\\\/www.muyjujuy.com\\\/\"},{\"@type\":\"ListItem\",\"position\":2,\"name\":\"Reactivaci\u00f3n productiva: reabrir\u00e1n la Mina El Aguilar en Jujuy\"}]},{\"@type\":\"WebSite\",\"@id\":\"https:\\\/\\\/www.muyjujuy.com\\\/#website\",\"url\":\"https:\\\/\\\/www.muyjujuy.com\\\/\",\"name\":\"Muy Jujuy\",\"description\":\"\",\"publisher\":{\"@id\":\"https:\\\/\\\/www.muyjujuy.com\\\/#organization\"},\"potentialAction\":[{\"@type\":\"SearchAction\",\"target\":{\"@type\":\"EntryPoint\",\"urlTemplate\":\"https:\\\/\\\/www.muyjujuy.com\\\/?s={search_term_string}\"},\"query-input\":{\"@type\":\"PropertyValueSpecification\",\"valueRequired\":true,\"valueName\":\"search_term_string\"}}],\"inLanguage\":\"es-AR\"},{\"@type\":\"Organization\",\"@id\":\"https:\\\/\\\/www.muyjujuy.com\\\/#organization\",\"name\":\"Muy Jujuy\",\"url\":\"https:\\\/\\\/www.muyjujuy.com\\\/\",\"logo\":{\"@type\":\"ImageObject\",\"inLanguage\":\"es-AR\",\"@id\":\"https:\\\/\\\/www.muyjujuy.com\\\/#\\\/schema\\\/logo\\\/image\\\/\",\"url\":\"http:\\\/\\\/www.muyjujuy.com\\\/wp-content\\\/uploads\\\/2022\\\/05\\\/logo-mobil-jujuy.png\",\"contentUrl\":\"http:\\\/\\\/www.muyjujuy.com\\\/wp-content\\\/uploads\\\/2022\\\/05\\\/logo-mobil-jujuy.png\",\"width\":174,\"height\":81,\"caption\":\"Muy Jujuy\"},\"image\":{\"@id\":\"https:\\\/\\\/www.muyjujuy.com\\\/#\\\/schema\\\/logo\\\/image\\\/\"},\"sameAs\":[\"https:\\\/\\\/www.facebook.com\\\/muyjujuycom\",\"https:\\\/\\\/x.com\\\/muyjujuy\",\"https:\\\/\\\/www.instagram.com\\\/muyjujuycom\"]},{\"@type\":\"Person\",\"@id\":\"https:\\\/\\\/www.muyjujuy.com\\\/#\\\/schema\\\/person\\\/1d0f6e223ccea9e3f9034c1a5b683bf2\",\"name\":\"Redacci\u00f3n Muy Jujuy\",\"image\":{\"@type\":\"ImageObject\",\"inLanguage\":\"es-AR\",\"@id\":\"https:\\\/\\\/secure.gravatar.com\\\/avatar\\\/fec5f6f1893d741ed5eecccff109ce43e67a855411202a3212a058cb8e5c27d4?s=96&d=mm&r=g\",\"url\":\"https:\\\/\\\/secure.gravatar.com\\\/avatar\\\/fec5f6f1893d741ed5eecccff109ce43e67a855411202a3212a058cb8e5c27d4?s=96&d=mm&r=g\",\"contentUrl\":\"https:\\\/\\\/secure.gravatar.com\\\/avatar\\\/fec5f6f1893d741ed5eecccff109ce43e67a855411202a3212a058cb8e5c27d4?s=96&d=mm&r=g\",\"caption\":\"Redacci\u00f3n Muy Jujuy\"},\"url\":\"https:\\\/\\\/www.muyjujuy.com\\\/index.php\\\/author\\\/editor\\\/\"}]}<\/script>\n<!-- \/ Yoast SEO plugin. -->","yoast_head_json":{"title":"Reactivaci\u00f3n productiva: reabrir\u00e1n la Mina El Aguilar en Jujuy - Muy Jujuy","description":"La Mina El Aguilar dej\u00f3 de funcionar el a\u00f1o pasado y ser\u00e1 reactivada en las pr\u00f3ximas semanas y existen expectativas por su reactivaci\u00f3n.","robots":{"index":"index","follow":"follow","max-snippet":"max-snippet:-1","max-image-preview":"max-image-preview:large","max-video-preview":"max-video-preview:-1"},"canonical":"https:\/\/www.muyjujuy.com\/index.php\/2022\/09\/01\/reactivacion-productiva-reabriran-la-mina-el-aguilar-en-jujuy\/","og_locale":"es_ES","og_type":"article","og_title":"Reactivaci\u00f3n productiva: reabrir\u00e1n la Mina El Aguilar en Jujuy - Muy Jujuy","og_description":"La Mina El Aguilar dej\u00f3 de funcionar el a\u00f1o pasado y ser\u00e1 reactivada en las pr\u00f3ximas semanas y existen expectativas por su reactivaci\u00f3n.","og_url":"https:\/\/www.muyjujuy.com\/index.php\/2022\/09\/01\/reactivacion-productiva-reabriran-la-mina-el-aguilar-en-jujuy\/","og_site_name":"Muy Jujuy","article_publisher":"https:\/\/www.facebook.com\/muyjujuycom","article_published_time":"2022-09-01T19:01:45+00:00","article_modified_time":"2022-09-01T19:01:47+00:00","og_image":[{"width":990,"height":610,"url":"https:\/\/www.muyjujuy.com\/wp-content\/uploads\/2022\/09\/WhatsApp-Image-2022-09-01-at-15.58.01.jpeg","type":"image\/jpeg"}],"author":"Redacci\u00f3n Muy Jujuy","twitter_card":"summary_large_image","twitter_creator":"@muyjujuy","twitter_site":"@muyjujuy","twitter_misc":{"Escrito por":"Redacci\u00f3n Muy Jujuy","Tiempo de lectura":"2 minutos"},"schema":{"@context":"https:\/\/schema.org","@graph":[{"@type":"Article","@id":"https:\/\/www.muyjujuy.com\/index.php\/2022\/09\/01\/reactivacion-productiva-reabriran-la-mina-el-aguilar-en-jujuy\/#article","isPartOf":{"@id":"https:\/\/www.muyjujuy.com\/index.php\/2022\/09\/01\/reactivacion-productiva-reabriran-la-mina-el-aguilar-en-jujuy\/"},"author":{"name":"Redacci\u00f3n Muy Jujuy","@id":"https:\/\/www.muyjujuy.com\/#\/schema\/person\/1d0f6e223ccea9e3f9034c1a5b683bf2"},"headline":"Reactivaci\u00f3n productiva: reabrir\u00e1n la Mina El Aguilar en Jujuy","datePublished":"2022-09-01T19:01:45+00:00","dateModified":"2022-09-01T19:01:47+00:00","mainEntityOfPage":{"@id":"https:\/\/www.muyjujuy.com\/index.php\/2022\/09\/01\/reactivacion-productiva-reabriran-la-mina-el-aguilar-en-jujuy\/"},"wordCount":412,"commentCount":0,"publisher":{"@id":"https:\/\/www.muyjujuy.com\/#organization"},"image":{"@id":"https:\/\/www.muyjujuy.com\/index.php\/2022\/09\/01\/reactivacion-productiva-reabriran-la-mina-el-aguilar-en-jujuy\/#primaryimage"},"thumbnailUrl":"https:\/\/www.muyjujuy.com\/wp-content\/uploads\/2022\/09\/WhatsApp-Image-2022-09-01-at-15.58.01.jpeg","keywords":["Jujuy","Mina El Aguilar"],"articleSection":["Sociedad"],"inLanguage":"es-AR","potentialAction":[{"@type":"CommentAction","name":"Comment","target":["https:\/\/www.muyjujuy.com\/index.php\/2022\/09\/01\/reactivacion-productiva-reabriran-la-mina-el-aguilar-en-jujuy\/#respond"]}]},{"@type":"WebPage","@id":"https:\/\/www.muyjujuy.com\/index.php\/2022\/09\/01\/reactivacion-productiva-reabriran-la-mina-el-aguilar-en-jujuy\/","url":"https:\/\/www.muyjujuy.com\/index.php\/2022\/09\/01\/reactivacion-productiva-reabriran-la-mina-el-aguilar-en-jujuy\/","name":"Reactivaci\u00f3n productiva: reabrir\u00e1n la Mina El Aguilar en Jujuy - Muy Jujuy","isPartOf":{"@id":"https:\/\/www.muyjujuy.com\/#website"},"primaryImageOfPage":{"@id":"https:\/\/www.muyjujuy.com\/index.php\/2022\/09\/01\/reactivacion-productiva-reabriran-la-mina-el-aguilar-en-jujuy\/#primaryimage"},"image":{"@id":"https:\/\/www.muyjujuy.com\/index.php\/2022\/09\/01\/reactivacion-productiva-reabriran-la-mina-el-aguilar-en-jujuy\/#primaryimage"},"thumbnailUrl":"https:\/\/www.muyjujuy.com\/wp-content\/uploads\/2022\/09\/WhatsApp-Image-2022-09-01-at-15.58.01.jpeg","datePublished":"2022-09-01T19:01:45+00:00","dateModified":"2022-09-01T19:01:47+00:00","description":"La Mina El Aguilar dej\u00f3 de funcionar el a\u00f1o pasado y ser\u00e1 reactivada en las pr\u00f3ximas semanas y existen expectativas por su reactivaci\u00f3n.","breadcrumb":{"@id":"https:\/\/www.muyjujuy.com\/index.php\/2022\/09\/01\/reactivacion-productiva-reabriran-la-mina-el-aguilar-en-jujuy\/#breadcrumb"},"inLanguage":"es-AR","potentialAction":[{"@type":"ReadAction","target":["https:\/\/www.muyjujuy.com\/index.php\/2022\/09\/01\/reactivacion-productiva-reabriran-la-mina-el-aguilar-en-jujuy\/"]}]},{"@type":"ImageObject","inLanguage":"es-AR","@id":"https:\/\/www.muyjujuy.com\/index.php\/2022\/09\/01\/reactivacion-productiva-reabriran-la-mina-el-aguilar-en-jujuy\/#primaryimage","url":"https:\/\/www.muyjujuy.com\/wp-content\/uploads\/2022\/09\/WhatsApp-Image-2022-09-01-at-15.58.01.jpeg","contentUrl":"https:\/\/www.muyjujuy.com\/wp-content\/uploads\/2022\/09\/WhatsApp-Image-2022-09-01-at-15.58.01.jpeg","width":990,"height":610},{"@type":"BreadcrumbList","@id":"https:\/\/www.muyjujuy.com\/index.php\/2022\/09\/01\/reactivacion-productiva-reabriran-la-mina-el-aguilar-en-jujuy\/#breadcrumb","itemListElement":[{"@type":"ListItem","position":1,"name":"Inicio","item":"https:\/\/www.muyjujuy.com\/"},{"@type":"ListItem","position":2,"name":"Reactivaci\u00f3n productiva: reabrir\u00e1n la Mina El Aguilar en Jujuy"}]},{"@type":"WebSite","@id":"https:\/\/www.muyjujuy.com\/#website","url":"https:\/\/www.muyjujuy.com\/","name":"Muy Jujuy","description":"","publisher":{"@id":"https:\/\/www.muyjujuy.com\/#organization"},"potentialAction":[{"@type":"SearchAction","target":{"@type":"EntryPoint","urlTemplate":"https:\/\/www.muyjujuy.com\/?s={search_term_string}"},"query-input":{"@type":"PropertyValueSpecification","valueRequired":true,"valueName":"search_term_string"}}],"inLanguage":"es-AR"},{"@type":"Organization","@id":"https:\/\/www.muyjujuy.com\/#organization","name":"Muy Jujuy","url":"https:\/\/www.muyjujuy.com\/","logo":{"@type":"ImageObject","inLanguage":"es-AR","@id":"https:\/\/www.muyjujuy.com\/#\/schema\/logo\/image\/","url":"http:\/\/www.muyjujuy.com\/wp-content\/uploads\/2022\/05\/logo-mobil-jujuy.png","contentUrl":"http:\/\/www.muyjujuy.com\/wp-content\/uploads\/2022\/05\/logo-mobil-jujuy.png","width":174,"height":81,"caption":"Muy Jujuy"},"image":{"@id":"https:\/\/www.muyjujuy.com\/#\/schema\/logo\/image\/"},"sameAs":["https:\/\/www.facebook.com\/muyjujuycom","https:\/\/x.com\/muyjujuy","https:\/\/www.instagram.com\/muyjujuycom"]},{"@type":"Person","@id":"https:\/\/www.muyjujuy.com\/#\/schema\/person\/1d0f6e223ccea9e3f9034c1a5b683bf2","name":"Redacci\u00f3n Muy Jujuy","image":{"@type":"ImageObject","inLanguage":"es-AR","@id":"https:\/\/secure.gravatar.com\/avatar\/fec5f6f1893d741ed5eecccff109ce43e67a855411202a3212a058cb8e5c27d4?s=96&d=mm&r=g","url":"https:\/\/secure.gravatar.com\/avatar\/fec5f6f1893d741ed5eecccff109ce43e67a855411202a3212a058cb8e5c27d4?s=96&d=mm&r=g","contentUrl":"https:\/\/secure.gravatar.com\/avatar\/fec5f6f1893d741ed5eecccff109ce43e67a855411202a3212a058cb8e5c27d4?s=96&d=mm&r=g","caption":"Redacci\u00f3n Muy Jujuy"},"url":"https:\/\/www.muyjujuy.com\/index.php\/author\/editor\/"}]}},"_links":{"self":[{"href":"https:\/\/www.muyjujuy.com\/index.php\/wp-json\/wp\/v2\/posts\/1368","targetHints":{"allow":["GET"]}}],"collection":[{"href":"https:\/\/www.muyjujuy.com\/index.php\/wp-json\/wp\/v2\/posts"}],"about":[{"href":"https:\/\/www.muyjujuy.com\/index.php\/wp-json\/wp\/v2\/types\/post"}],"author":[{"embeddable":true,"href":"https:\/\/www.muyjujuy.com\/index.php\/wp-json\/wp\/v2\/users\/3"}],"replies":[{"embeddable":true,"href":"https:\/\/www.muyjujuy.com\/index.php\/wp-json\/wp\/v2\/comments?post=1368"}],"version-history":[{"count":1,"href":"https:\/\/www.muyjujuy.com\/index.php\/wp-json\/wp\/v2\/posts\/1368\/revisions"}],"predecessor-version":[{"id":1370,"href":"https:\/\/www.muyjujuy.com\/index.php\/wp-json\/wp\/v2\/posts\/1368\/revisions\/1370"}],"wp:featuredmedia":[{"embeddable":true,"href":"https:\/\/www.muyjujuy.com\/index.php\/wp-json\/wp\/v2\/media\/1369"}],"wp:attachment":[{"href":"https:\/\/www.muyjujuy.com\/index.php\/wp-json\/wp\/v2\/media?parent=1368"}],"wp:term":[{"taxonomy":"category","embeddable":true,"href":"https:\/\/www.muyjujuy.com\/index.php\/wp-json\/wp\/v2\/categories?post=1368"},{"taxonomy":"post_tag","embeddable":true,"href":"https:\/\/www.muyjujuy.com\/index.php\/wp-json\/wp\/v2\/tags?post=1368"}],"curies":[{"name":"wp","href":"https:\/\/api.w.org\/{rel}","templated":true}]}}