{"id":1392,"date":"2022-09-05T12:58:00","date_gmt":"2022-09-05T15:58:00","guid":{"rendered":"https:\/\/www.muyjujuy.com\/?p=1392"},"modified":"2022-09-05T12:58:26","modified_gmt":"2022-09-05T15:58:26","slug":"palpala-detuvieron-a-un-hombre-con-sustancias-ilicitas","status":"publish","type":"post","link":"https:\/\/www.muyjujuy.com\/index.php\/2022\/09\/05\/palpala-detuvieron-a-un-hombre-con-sustancias-ilicitas\/","title":{"rendered":"Palpal\u00e1: detuvieron a un hombre con sustancias il\u00edcitas"},"content":{"rendered":"\n<p><em>El hecho ocurri\u00f3 el fin de semana en el marco de de la Elecci\u00f3n Reina Departamental de Palpal\u00e1. Los efectivos encontraron suma de dinero en efectivo.<\/em><\/p>\n\n\n\n<p>Los efectivos de la Brigada de Narcotr\u00e1fico de Palpal\u00e1 detuvo a un hombre que ten\u00eda en su poder sustancias il\u00edcitas y dinero en efectivo. El hecho ocurri\u00f3 el fin de semana.<\/p>\n\n\n\n<p>Los uniformados se encontraba realizando recorridos preventivos, en el marco de la <strong>Elecci\u00f3n Reina Departamental de Palpal\u00e1, <\/strong>divisaron por la Plaza de los Duendes <strong>a un joven en una motocicleta circulando de manera sospechosa.<\/strong><\/p>\n\n\n\n<p>Los efectivos se acercaron al sujeto quien se puso nervioso contradiciendo su testimonio e intent\u00f3 darse a la fuga. <\/p>\n\n\n\n<p>Tras consultar con la Unidad Fiscal, <strong>se autoriz\u00f3 la requisa del hombre<\/strong> <strong>y encontraron en su poder envoltorios con sustancias toxicas y dinero en efectivo. <\/strong>Por lo que se procedi\u00f3 a su demora, como as\u00ed tambi\u00e9n al secuestro del rodado.<\/p>\n","protected":false},"excerpt":{"rendered":"<p>El hecho ocurri\u00f3 el fin de semana en el marco de de la Elecci\u00f3n Reina Departamental de Palpal\u00e1. Los efectivos encontraron suma de dinero en efectivo. Los efectivos de la Brigada de Narcotr\u00e1fico de Palpal\u00e1 detuvo a un hombre que ten\u00eda en su poder sustancias il\u00edcitas y dinero en efectivo. El hecho ocurri\u00f3 el fin [&hellip;]<\/p>\n","protected":false},"author":3,"featured_media":1395,"comment_status":"open","ping_status":"open","sticky":false,"template":"","format":"standard","meta":{"footnotes":""},"categories":[27],"tags":[8,610],"class_list":{"0":"post-1392","1":"post","2":"type-post","3":"status-publish","4":"format-standard","5":"has-post-thumbnail","7":"category-seguridad","8":"tag-jujuy","9":"tag-palpala"},"yoast_head":"<!-- This site is optimized with the Yoast SEO plugin v27.5 - https:\/\/yoast.com\/product\/yoast-seo-wordpress\/ -->\n<title>Palpal\u00e1: detuvieron a un hombre con sustancias il\u00edcitas - Muy Jujuy<\/title>\n<meta name=\"description\" content=\"El hecho ocurri\u00f3 el fin de semana en el marco de de la Elecci\u00f3n Reina Departamental de Palpal\u00e1. Los efectivos encontraron suma de dinero en efectivo.\" \/>\n<meta name=\"robots\" content=\"index, follow, max-snippet:-1, max-image-preview:large, max-video-preview:-1\" \/>\n<link rel=\"canonical\" href=\"https:\/\/www.muyjujuy.com\/index.php\/2022\/09\/05\/palpala-detuvieron-a-un-hombre-con-sustancias-ilicitas\/\" \/>\n<meta property=\"og:locale\" content=\"es_ES\" \/>\n<meta property=\"og:type\" content=\"article\" \/>\n<meta property=\"og:title\" content=\"Palpal\u00e1: detuvieron a un hombre con sustancias il\u00edcitas - Muy Jujuy\" \/>\n<meta property=\"og:description\" content=\"El hecho ocurri\u00f3 el fin de semana en el marco de de la Elecci\u00f3n Reina Departamental de Palpal\u00e1. Los efectivos encontraron suma de dinero en efectivo.\" \/>\n<meta property=\"og:url\" content=\"https:\/\/www.muyjujuy.com\/index.php\/2022\/09\/05\/palpala-detuvieron-a-un-hombre-con-sustancias-ilicitas\/\" \/>\n<meta property=\"og:site_name\" content=\"Muy Jujuy\" \/>\n<meta property=\"article:publisher\" content=\"https:\/\/www.facebook.com\/muyjujuycom\" \/>\n<meta property=\"article:published_time\" content=\"2022-09-05T15:58:00+00:00\" \/>\n<meta property=\"article:modified_time\" content=\"2022-09-05T15:58:26+00:00\" \/>\n<meta property=\"og:image\" content=\"https:\/\/www.muyjujuy.com\/wp-content\/uploads\/2022\/09\/WhatsApp-Image-2022-09-05-at-12.54.19.jpeg\" \/>\n\t<meta property=\"og:image:width\" content=\"990\" \/>\n\t<meta property=\"og:image:height\" content=\"610\" \/>\n\t<meta property=\"og:image:type\" content=\"image\/jpeg\" \/>\n<meta name=\"author\" content=\"Redacci\u00f3n Muy Jujuy\" \/>\n<meta name=\"twitter:card\" content=\"summary_large_image\" \/>\n<meta name=\"twitter:creator\" content=\"@muyjujuy\" \/>\n<meta name=\"twitter:site\" content=\"@muyjujuy\" \/>\n<meta name=\"twitter:label1\" content=\"Escrito por\" \/>\n\t<meta name=\"twitter:data1\" content=\"Redacci\u00f3n Muy Jujuy\" \/>\n\t<meta name=\"twitter:label2\" content=\"Tiempo de lectura\" \/>\n\t<meta name=\"twitter:data2\" content=\"1 minuto\" \/>\n<script type=\"application\/ld+json\" class=\"yoast-schema-graph\">{\"@context\":\"https:\\\/\\\/schema.org\",\"@graph\":[{\"@type\":\"Article\",\"@id\":\"https:\\\/\\\/www.muyjujuy.com\\\/index.php\\\/2022\\\/09\\\/05\\\/palpala-detuvieron-a-un-hombre-con-sustancias-ilicitas\\\/#article\",\"isPartOf\":{\"@id\":\"https:\\\/\\\/www.muyjujuy.com\\\/index.php\\\/2022\\\/09\\\/05\\\/palpala-detuvieron-a-un-hombre-con-sustancias-ilicitas\\\/\"},\"author\":{\"name\":\"Redacci\u00f3n Muy Jujuy\",\"@id\":\"https:\\\/\\\/www.muyjujuy.com\\\/#\\\/schema\\\/person\\\/1d0f6e223ccea9e3f9034c1a5b683bf2\"},\"headline\":\"Palpal\u00e1: detuvieron a un hombre con sustancias il\u00edcitas\",\"datePublished\":\"2022-09-05T15:58:00+00:00\",\"dateModified\":\"2022-09-05T15:58:26+00:00\",\"mainEntityOfPage\":{\"@id\":\"https:\\\/\\\/www.muyjujuy.com\\\/index.php\\\/2022\\\/09\\\/05\\\/palpala-detuvieron-a-un-hombre-con-sustancias-ilicitas\\\/\"},\"wordCount\":165,\"commentCount\":0,\"publisher\":{\"@id\":\"https:\\\/\\\/www.muyjujuy.com\\\/#organization\"},\"image\":{\"@id\":\"https:\\\/\\\/www.muyjujuy.com\\\/index.php\\\/2022\\\/09\\\/05\\\/palpala-detuvieron-a-un-hombre-con-sustancias-ilicitas\\\/#primaryimage\"},\"thumbnailUrl\":\"https:\\\/\\\/www.muyjujuy.com\\\/wp-content\\\/uploads\\\/2022\\\/09\\\/WhatsApp-Image-2022-09-05-at-12.54.19.jpeg\",\"keywords\":[\"Jujuy\",\"Palpal\u00e1\"],\"articleSection\":[\"Seguridad\"],\"inLanguage\":\"es-AR\",\"potentialAction\":[{\"@type\":\"CommentAction\",\"name\":\"Comment\",\"target\":[\"https:\\\/\\\/www.muyjujuy.com\\\/index.php\\\/2022\\\/09\\\/05\\\/palpala-detuvieron-a-un-hombre-con-sustancias-ilicitas\\\/#respond\"]}]},{\"@type\":\"WebPage\",\"@id\":\"https:\\\/\\\/www.muyjujuy.com\\\/index.php\\\/2022\\\/09\\\/05\\\/palpala-detuvieron-a-un-hombre-con-sustancias-ilicitas\\\/\",\"url\":\"https:\\\/\\\/www.muyjujuy.com\\\/index.php\\\/2022\\\/09\\\/05\\\/palpala-detuvieron-a-un-hombre-con-sustancias-ilicitas\\\/\",\"name\":\"Palpal\u00e1: detuvieron a un hombre con sustancias il\u00edcitas - Muy Jujuy\",\"isPartOf\":{\"@id\":\"https:\\\/\\\/www.muyjujuy.com\\\/#website\"},\"primaryImageOfPage\":{\"@id\":\"https:\\\/\\\/www.muyjujuy.com\\\/index.php\\\/2022\\\/09\\\/05\\\/palpala-detuvieron-a-un-hombre-con-sustancias-ilicitas\\\/#primaryimage\"},\"image\":{\"@id\":\"https:\\\/\\\/www.muyjujuy.com\\\/index.php\\\/2022\\\/09\\\/05\\\/palpala-detuvieron-a-un-hombre-con-sustancias-ilicitas\\\/#primaryimage\"},\"thumbnailUrl\":\"https:\\\/\\\/www.muyjujuy.com\\\/wp-content\\\/uploads\\\/2022\\\/09\\\/WhatsApp-Image-2022-09-05-at-12.54.19.jpeg\",\"datePublished\":\"2022-09-05T15:58:00+00:00\",\"dateModified\":\"2022-09-05T15:58:26+00:00\",\"description\":\"El hecho ocurri\u00f3 el fin de semana en el marco de de la Elecci\u00f3n Reina Departamental de Palpal\u00e1. Los efectivos encontraron suma de dinero en efectivo.\",\"breadcrumb\":{\"@id\":\"https:\\\/\\\/www.muyjujuy.com\\\/index.php\\\/2022\\\/09\\\/05\\\/palpala-detuvieron-a-un-hombre-con-sustancias-ilicitas\\\/#breadcrumb\"},\"inLanguage\":\"es-AR\",\"potentialAction\":[{\"@type\":\"ReadAction\",\"target\":[\"https:\\\/\\\/www.muyjujuy.com\\\/index.php\\\/2022\\\/09\\\/05\\\/palpala-detuvieron-a-un-hombre-con-sustancias-ilicitas\\\/\"]}]},{\"@type\":\"ImageObject\",\"inLanguage\":\"es-AR\",\"@id\":\"https:\\\/\\\/www.muyjujuy.com\\\/index.php\\\/2022\\\/09\\\/05\\\/palpala-detuvieron-a-un-hombre-con-sustancias-ilicitas\\\/#primaryimage\",\"url\":\"https:\\\/\\\/www.muyjujuy.com\\\/wp-content\\\/uploads\\\/2022\\\/09\\\/WhatsApp-Image-2022-09-05-at-12.54.19.jpeg\",\"contentUrl\":\"https:\\\/\\\/www.muyjujuy.com\\\/wp-content\\\/uploads\\\/2022\\\/09\\\/WhatsApp-Image-2022-09-05-at-12.54.19.jpeg\",\"width\":990,\"height\":610},{\"@type\":\"BreadcrumbList\",\"@id\":\"https:\\\/\\\/www.muyjujuy.com\\\/index.php\\\/2022\\\/09\\\/05\\\/palpala-detuvieron-a-un-hombre-con-sustancias-ilicitas\\\/#breadcrumb\",\"itemListElement\":[{\"@type\":\"ListItem\",\"position\":1,\"name\":\"Inicio\",\"item\":\"https:\\\/\\\/www.muyjujuy.com\\\/\"},{\"@type\":\"ListItem\",\"position\":2,\"name\":\"Palpal\u00e1: detuvieron a un hombre con sustancias il\u00edcitas\"}]},{\"@type\":\"WebSite\",\"@id\":\"https:\\\/\\\/www.muyjujuy.com\\\/#website\",\"url\":\"https:\\\/\\\/www.muyjujuy.com\\\/\",\"name\":\"Muy Jujuy\",\"description\":\"\",\"publisher\":{\"@id\":\"https:\\\/\\\/www.muyjujuy.com\\\/#organization\"},\"potentialAction\":[{\"@type\":\"SearchAction\",\"target\":{\"@type\":\"EntryPoint\",\"urlTemplate\":\"https:\\\/\\\/www.muyjujuy.com\\\/?s={search_term_string}\"},\"query-input\":{\"@type\":\"PropertyValueSpecification\",\"valueRequired\":true,\"valueName\":\"search_term_string\"}}],\"inLanguage\":\"es-AR\"},{\"@type\":\"Organization\",\"@id\":\"https:\\\/\\\/www.muyjujuy.com\\\/#organization\",\"name\":\"Muy Jujuy\",\"url\":\"https:\\\/\\\/www.muyjujuy.com\\\/\",\"logo\":{\"@type\":\"ImageObject\",\"inLanguage\":\"es-AR\",\"@id\":\"https:\\\/\\\/www.muyjujuy.com\\\/#\\\/schema\\\/logo\\\/image\\\/\",\"url\":\"http:\\\/\\\/www.muyjujuy.com\\\/wp-content\\\/uploads\\\/2022\\\/05\\\/logo-mobil-jujuy.png\",\"contentUrl\":\"http:\\\/\\\/www.muyjujuy.com\\\/wp-content\\\/uploads\\\/2022\\\/05\\\/logo-mobil-jujuy.png\",\"width\":174,\"height\":81,\"caption\":\"Muy Jujuy\"},\"image\":{\"@id\":\"https:\\\/\\\/www.muyjujuy.com\\\/#\\\/schema\\\/logo\\\/image\\\/\"},\"sameAs\":[\"https:\\\/\\\/www.facebook.com\\\/muyjujuycom\",\"https:\\\/\\\/x.com\\\/muyjujuy\",\"https:\\\/\\\/www.instagram.com\\\/muyjujuycom\"]},{\"@type\":\"Person\",\"@id\":\"https:\\\/\\\/www.muyjujuy.com\\\/#\\\/schema\\\/person\\\/1d0f6e223ccea9e3f9034c1a5b683bf2\",\"name\":\"Redacci\u00f3n Muy Jujuy\",\"image\":{\"@type\":\"ImageObject\",\"inLanguage\":\"es-AR\",\"@id\":\"https:\\\/\\\/secure.gravatar.com\\\/avatar\\\/fec5f6f1893d741ed5eecccff109ce43e67a855411202a3212a058cb8e5c27d4?s=96&d=mm&r=g\",\"url\":\"https:\\\/\\\/secure.gravatar.com\\\/avatar\\\/fec5f6f1893d741ed5eecccff109ce43e67a855411202a3212a058cb8e5c27d4?s=96&d=mm&r=g\",\"contentUrl\":\"https:\\\/\\\/secure.gravatar.com\\\/avatar\\\/fec5f6f1893d741ed5eecccff109ce43e67a855411202a3212a058cb8e5c27d4?s=96&d=mm&r=g\",\"caption\":\"Redacci\u00f3n Muy Jujuy\"},\"url\":\"https:\\\/\\\/www.muyjujuy.com\\\/index.php\\\/author\\\/editor\\\/\"}]}<\/script>\n<!-- \/ Yoast SEO plugin. -->","yoast_head_json":{"title":"Palpal\u00e1: detuvieron a un hombre con sustancias il\u00edcitas - Muy Jujuy","description":"El hecho ocurri\u00f3 el fin de semana en el marco de de la Elecci\u00f3n Reina Departamental de Palpal\u00e1. Los efectivos encontraron suma de dinero en efectivo.","robots":{"index":"index","follow":"follow","max-snippet":"max-snippet:-1","max-image-preview":"max-image-preview:large","max-video-preview":"max-video-preview:-1"},"canonical":"https:\/\/www.muyjujuy.com\/index.php\/2022\/09\/05\/palpala-detuvieron-a-un-hombre-con-sustancias-ilicitas\/","og_locale":"es_ES","og_type":"article","og_title":"Palpal\u00e1: detuvieron a un hombre con sustancias il\u00edcitas - Muy Jujuy","og_description":"El hecho ocurri\u00f3 el fin de semana en el marco de de la Elecci\u00f3n Reina Departamental de Palpal\u00e1. Los efectivos encontraron suma de dinero en efectivo.","og_url":"https:\/\/www.muyjujuy.com\/index.php\/2022\/09\/05\/palpala-detuvieron-a-un-hombre-con-sustancias-ilicitas\/","og_site_name":"Muy Jujuy","article_publisher":"https:\/\/www.facebook.com\/muyjujuycom","article_published_time":"2022-09-05T15:58:00+00:00","article_modified_time":"2022-09-05T15:58:26+00:00","og_image":[{"width":990,"height":610,"url":"https:\/\/www.muyjujuy.com\/wp-content\/uploads\/2022\/09\/WhatsApp-Image-2022-09-05-at-12.54.19.jpeg","type":"image\/jpeg"}],"author":"Redacci\u00f3n Muy Jujuy","twitter_card":"summary_large_image","twitter_creator":"@muyjujuy","twitter_site":"@muyjujuy","twitter_misc":{"Escrito por":"Redacci\u00f3n Muy Jujuy","Tiempo de lectura":"1 minuto"},"schema":{"@context":"https:\/\/schema.org","@graph":[{"@type":"Article","@id":"https:\/\/www.muyjujuy.com\/index.php\/2022\/09\/05\/palpala-detuvieron-a-un-hombre-con-sustancias-ilicitas\/#article","isPartOf":{"@id":"https:\/\/www.muyjujuy.com\/index.php\/2022\/09\/05\/palpala-detuvieron-a-un-hombre-con-sustancias-ilicitas\/"},"author":{"name":"Redacci\u00f3n Muy Jujuy","@id":"https:\/\/www.muyjujuy.com\/#\/schema\/person\/1d0f6e223ccea9e3f9034c1a5b683bf2"},"headline":"Palpal\u00e1: detuvieron a un hombre con sustancias il\u00edcitas","datePublished":"2022-09-05T15:58:00+00:00","dateModified":"2022-09-05T15:58:26+00:00","mainEntityOfPage":{"@id":"https:\/\/www.muyjujuy.com\/index.php\/2022\/09\/05\/palpala-detuvieron-a-un-hombre-con-sustancias-ilicitas\/"},"wordCount":165,"commentCount":0,"publisher":{"@id":"https:\/\/www.muyjujuy.com\/#organization"},"image":{"@id":"https:\/\/www.muyjujuy.com\/index.php\/2022\/09\/05\/palpala-detuvieron-a-un-hombre-con-sustancias-ilicitas\/#primaryimage"},"thumbnailUrl":"https:\/\/www.muyjujuy.com\/wp-content\/uploads\/2022\/09\/WhatsApp-Image-2022-09-05-at-12.54.19.jpeg","keywords":["Jujuy","Palpal\u00e1"],"articleSection":["Seguridad"],"inLanguage":"es-AR","potentialAction":[{"@type":"CommentAction","name":"Comment","target":["https:\/\/www.muyjujuy.com\/index.php\/2022\/09\/05\/palpala-detuvieron-a-un-hombre-con-sustancias-ilicitas\/#respond"]}]},{"@type":"WebPage","@id":"https:\/\/www.muyjujuy.com\/index.php\/2022\/09\/05\/palpala-detuvieron-a-un-hombre-con-sustancias-ilicitas\/","url":"https:\/\/www.muyjujuy.com\/index.php\/2022\/09\/05\/palpala-detuvieron-a-un-hombre-con-sustancias-ilicitas\/","name":"Palpal\u00e1: detuvieron a un hombre con sustancias il\u00edcitas - Muy Jujuy","isPartOf":{"@id":"https:\/\/www.muyjujuy.com\/#website"},"primaryImageOfPage":{"@id":"https:\/\/www.muyjujuy.com\/index.php\/2022\/09\/05\/palpala-detuvieron-a-un-hombre-con-sustancias-ilicitas\/#primaryimage"},"image":{"@id":"https:\/\/www.muyjujuy.com\/index.php\/2022\/09\/05\/palpala-detuvieron-a-un-hombre-con-sustancias-ilicitas\/#primaryimage"},"thumbnailUrl":"https:\/\/www.muyjujuy.com\/wp-content\/uploads\/2022\/09\/WhatsApp-Image-2022-09-05-at-12.54.19.jpeg","datePublished":"2022-09-05T15:58:00+00:00","dateModified":"2022-09-05T15:58:26+00:00","description":"El hecho ocurri\u00f3 el fin de semana en el marco de de la Elecci\u00f3n Reina Departamental de Palpal\u00e1. Los efectivos encontraron suma de dinero en efectivo.","breadcrumb":{"@id":"https:\/\/www.muyjujuy.com\/index.php\/2022\/09\/05\/palpala-detuvieron-a-un-hombre-con-sustancias-ilicitas\/#breadcrumb"},"inLanguage":"es-AR","potentialAction":[{"@type":"ReadAction","target":["https:\/\/www.muyjujuy.com\/index.php\/2022\/09\/05\/palpala-detuvieron-a-un-hombre-con-sustancias-ilicitas\/"]}]},{"@type":"ImageObject","inLanguage":"es-AR","@id":"https:\/\/www.muyjujuy.com\/index.php\/2022\/09\/05\/palpala-detuvieron-a-un-hombre-con-sustancias-ilicitas\/#primaryimage","url":"https:\/\/www.muyjujuy.com\/wp-content\/uploads\/2022\/09\/WhatsApp-Image-2022-09-05-at-12.54.19.jpeg","contentUrl":"https:\/\/www.muyjujuy.com\/wp-content\/uploads\/2022\/09\/WhatsApp-Image-2022-09-05-at-12.54.19.jpeg","width":990,"height":610},{"@type":"BreadcrumbList","@id":"https:\/\/www.muyjujuy.com\/index.php\/2022\/09\/05\/palpala-detuvieron-a-un-hombre-con-sustancias-ilicitas\/#breadcrumb","itemListElement":[{"@type":"ListItem","position":1,"name":"Inicio","item":"https:\/\/www.muyjujuy.com\/"},{"@type":"ListItem","position":2,"name":"Palpal\u00e1: detuvieron a un hombre con sustancias il\u00edcitas"}]},{"@type":"WebSite","@id":"https:\/\/www.muyjujuy.com\/#website","url":"https:\/\/www.muyjujuy.com\/","name":"Muy Jujuy","description":"","publisher":{"@id":"https:\/\/www.muyjujuy.com\/#organization"},"potentialAction":[{"@type":"SearchAction","target":{"@type":"EntryPoint","urlTemplate":"https:\/\/www.muyjujuy.com\/?s={search_term_string}"},"query-input":{"@type":"PropertyValueSpecification","valueRequired":true,"valueName":"search_term_string"}}],"inLanguage":"es-AR"},{"@type":"Organization","@id":"https:\/\/www.muyjujuy.com\/#organization","name":"Muy Jujuy","url":"https:\/\/www.muyjujuy.com\/","logo":{"@type":"ImageObject","inLanguage":"es-AR","@id":"https:\/\/www.muyjujuy.com\/#\/schema\/logo\/image\/","url":"http:\/\/www.muyjujuy.com\/wp-content\/uploads\/2022\/05\/logo-mobil-jujuy.png","contentUrl":"http:\/\/www.muyjujuy.com\/wp-content\/uploads\/2022\/05\/logo-mobil-jujuy.png","width":174,"height":81,"caption":"Muy Jujuy"},"image":{"@id":"https:\/\/www.muyjujuy.com\/#\/schema\/logo\/image\/"},"sameAs":["https:\/\/www.facebook.com\/muyjujuycom","https:\/\/x.com\/muyjujuy","https:\/\/www.instagram.com\/muyjujuycom"]},{"@type":"Person","@id":"https:\/\/www.muyjujuy.com\/#\/schema\/person\/1d0f6e223ccea9e3f9034c1a5b683bf2","name":"Redacci\u00f3n Muy Jujuy","image":{"@type":"ImageObject","inLanguage":"es-AR","@id":"https:\/\/secure.gravatar.com\/avatar\/fec5f6f1893d741ed5eecccff109ce43e67a855411202a3212a058cb8e5c27d4?s=96&d=mm&r=g","url":"https:\/\/secure.gravatar.com\/avatar\/fec5f6f1893d741ed5eecccff109ce43e67a855411202a3212a058cb8e5c27d4?s=96&d=mm&r=g","contentUrl":"https:\/\/secure.gravatar.com\/avatar\/fec5f6f1893d741ed5eecccff109ce43e67a855411202a3212a058cb8e5c27d4?s=96&d=mm&r=g","caption":"Redacci\u00f3n Muy Jujuy"},"url":"https:\/\/www.muyjujuy.com\/index.php\/author\/editor\/"}]}},"_links":{"self":[{"href":"https:\/\/www.muyjujuy.com\/index.php\/wp-json\/wp\/v2\/posts\/1392","targetHints":{"allow":["GET"]}}],"collection":[{"href":"https:\/\/www.muyjujuy.com\/index.php\/wp-json\/wp\/v2\/posts"}],"about":[{"href":"https:\/\/www.muyjujuy.com\/index.php\/wp-json\/wp\/v2\/types\/post"}],"author":[{"embeddable":true,"href":"https:\/\/www.muyjujuy.com\/index.php\/wp-json\/wp\/v2\/users\/3"}],"replies":[{"embeddable":true,"href":"https:\/\/www.muyjujuy.com\/index.php\/wp-json\/wp\/v2\/comments?post=1392"}],"version-history":[{"count":1,"href":"https:\/\/www.muyjujuy.com\/index.php\/wp-json\/wp\/v2\/posts\/1392\/revisions"}],"predecessor-version":[{"id":1394,"href":"https:\/\/www.muyjujuy.com\/index.php\/wp-json\/wp\/v2\/posts\/1392\/revisions\/1394"}],"wp:featuredmedia":[{"embeddable":true,"href":"https:\/\/www.muyjujuy.com\/index.php\/wp-json\/wp\/v2\/media\/1395"}],"wp:attachment":[{"href":"https:\/\/www.muyjujuy.com\/index.php\/wp-json\/wp\/v2\/media?parent=1392"}],"wp:term":[{"taxonomy":"category","embeddable":true,"href":"https:\/\/www.muyjujuy.com\/index.php\/wp-json\/wp\/v2\/categories?post=1392"},{"taxonomy":"post_tag","embeddable":true,"href":"https:\/\/www.muyjujuy.com\/index.php\/wp-json\/wp\/v2\/tags?post=1392"}],"curies":[{"name":"wp","href":"https:\/\/api.w.org\/{rel}","templated":true}]}}