{"id":1396,"date":"2022-09-06T11:52:21","date_gmt":"2022-09-06T14:52:21","guid":{"rendered":"https:\/\/www.muyjujuy.com\/?p=1396"},"modified":"2022-09-06T11:52:24","modified_gmt":"2022-09-06T14:52:24","slug":"policia-jujeno-fue-condenado-a-10-anos-de-prision-por-violar-a-una-companera-de-trabajo","status":"publish","type":"post","link":"https:\/\/www.muyjujuy.com\/index.php\/2022\/09\/06\/policia-jujeno-fue-condenado-a-10-anos-de-prision-por-violar-a-una-companera-de-trabajo\/","title":{"rendered":"Polic\u00eda juje\u00f1o fue condenado a 10 a\u00f1os de prisi\u00f3n por violar a una compa\u00f1era de trabajo"},"content":{"rendered":"\n<p><em>El hecho ocurri\u00f3 en 2020. El ex polic\u00eda tambi\u00e9n fue condenado a inhabilitaci\u00f3n especial perpetua, por ser autor material y penalmente responsable del delito<\/em>.<\/p>\n\n\n\n<p><strong>Un ex polic\u00eda de la provincia de Jujuy fue condenado a 10 a\u00f1os de prisi\u00f3n <\/strong>por abusar sexualmente de una compa\u00f1era de trabajo en abril de 2020 en la localidad de <strong>Fraile Pintado<\/strong>.<\/p>\n\n\n\n<p>El fallo, dictado por el Tribunal en lo Criminal N\u00ba 2, recay\u00f3 contra un suboficial de la polic\u00eda provincial que <strong>abus\u00f3 sexualmente de su compa\u00f1era de trabajo<\/strong> mientras ambos cumpl\u00edan funciones en una dependencia de la fuerza de seguridad.<\/p>\n\n\n\n<p>Los jueces sentenciaron a <strong>P.M.P. a la pena de 10 a\u00f1os de prisi\u00f3n<\/strong> m\u00e1s inhabilitaci\u00f3n especial perpetua, por ser autor material y penalmente responsable del delito de<strong> \u201cabuso sexual con acceso carnal agravado por ser cometido por un miembro de las fuerzas policiales\u201d<\/strong>.<\/p>\n\n\n\n<h2 class=\"wp-block-heading\"><strong>El hecho<\/strong><\/h2>\n\n\n\n<p>De acuerdo con la requisitoria de la Fiscal\u00eda, el 8 de abril de 2020, alrededor de las 22,<strong> el acusado se encontraba junto a la v\u00edctima prestando servicios <\/strong>en una dependencia cercana a Fraile Pintado En esas circunstancias, <strong>el imputado sali\u00f3 a comprar bebidas alcoh\u00f3licas y comida que comparti\u00f3 con la mujer.<\/strong><\/p>\n\n\n\n<p>Aproximadamente, a las 5 de la ma\u00f1ana del 9 de abril, el hombre le orden\u00f3 a la mujer que se fuera a descansar, por lo cual ella coloc\u00f3 un colch\u00f3n de una plaza en el suelo, donde se recost\u00f3 a dormir. Poco despu\u00e9s, <strong>el acusado ingres\u00f3 al lugar y la viol\u00f3.<\/strong><\/p>\n\n\n\n<p>El Tribunal integrado por las juezas Felicia Barrios, Mar\u00eda Alejandra Tolaba, y el juez Luciano Yapura, orden\u00f3 en su resoluci\u00f3n la obtenci\u00f3n del <strong>perfil gen\u00e9tico del condenado <\/strong>para incorporarlo al <strong>Registro Nacional de Datos Gen\u00e9ticos vinculados a Delitos contra la Integridad Sexual<\/strong>; una vez firme y consentida la sentencia..<\/p>\n","protected":false},"excerpt":{"rendered":"<p>El hecho ocurri\u00f3 en 2020. El ex polic\u00eda tambi\u00e9n fue condenado a inhabilitaci\u00f3n especial perpetua, por ser autor material y penalmente responsable del delito. Un ex polic\u00eda de la provincia de Jujuy fue condenado a 10 a\u00f1os de prisi\u00f3n por abusar sexualmente de una compa\u00f1era de trabajo en abril de 2020 en la localidad de [&hellip;]<\/p>\n","protected":false},"author":3,"featured_media":1397,"comment_status":"open","ping_status":"open","sticky":false,"template":"","format":"standard","meta":{"footnotes":""},"categories":[27],"tags":[8,711],"class_list":{"0":"post-1396","1":"post","2":"type-post","3":"status-publish","4":"format-standard","5":"has-post-thumbnail","7":"category-seguridad","8":"tag-jujuy","9":"tag-justicia"},"yoast_head":"<!-- This site is optimized with the Yoast SEO plugin v27.5 - https:\/\/yoast.com\/product\/yoast-seo-wordpress\/ -->\n<title>Polic\u00eda juje\u00f1o fue condenado a 10 a\u00f1os de prisi\u00f3n por violar a una compa\u00f1era de trabajo - Muy Jujuy<\/title>\n<meta name=\"description\" content=\"El hecho ocurri\u00f3 en 2020. El ex polic\u00eda tambi\u00e9n fue condenado a inhabilitaci\u00f3n especial perpetua, por ser autor material y penalmente responsable del delito\" \/>\n<meta name=\"robots\" content=\"index, follow, max-snippet:-1, max-image-preview:large, max-video-preview:-1\" \/>\n<link rel=\"canonical\" href=\"https:\/\/www.muyjujuy.com\/index.php\/2022\/09\/06\/policia-jujeno-fue-condenado-a-10-anos-de-prision-por-violar-a-una-companera-de-trabajo\/\" \/>\n<meta property=\"og:locale\" content=\"es_ES\" \/>\n<meta property=\"og:type\" content=\"article\" \/>\n<meta property=\"og:title\" content=\"Polic\u00eda juje\u00f1o fue condenado a 10 a\u00f1os de prisi\u00f3n por violar a una compa\u00f1era de trabajo - Muy Jujuy\" \/>\n<meta property=\"og:description\" content=\"El hecho ocurri\u00f3 en 2020. El ex polic\u00eda tambi\u00e9n fue condenado a inhabilitaci\u00f3n especial perpetua, por ser autor material y penalmente responsable del delito\" \/>\n<meta property=\"og:url\" content=\"https:\/\/www.muyjujuy.com\/index.php\/2022\/09\/06\/policia-jujeno-fue-condenado-a-10-anos-de-prision-por-violar-a-una-companera-de-trabajo\/\" \/>\n<meta property=\"og:site_name\" content=\"Muy Jujuy\" \/>\n<meta property=\"article:publisher\" content=\"https:\/\/www.facebook.com\/muyjujuycom\" \/>\n<meta property=\"article:published_time\" content=\"2022-09-06T14:52:21+00:00\" \/>\n<meta property=\"article:modified_time\" content=\"2022-09-06T14:52:24+00:00\" \/>\n<meta property=\"og:image\" content=\"https:\/\/www.muyjujuy.com\/wp-content\/uploads\/2022\/09\/WhatsApp-Image-2022-09-06-at-11.46.55.jpeg\" \/>\n\t<meta property=\"og:image:width\" content=\"990\" \/>\n\t<meta property=\"og:image:height\" content=\"610\" \/>\n\t<meta property=\"og:image:type\" content=\"image\/jpeg\" \/>\n<meta name=\"author\" content=\"Redacci\u00f3n Muy Jujuy\" \/>\n<meta name=\"twitter:card\" content=\"summary_large_image\" \/>\n<meta name=\"twitter:creator\" content=\"@muyjujuy\" \/>\n<meta name=\"twitter:site\" content=\"@muyjujuy\" \/>\n<meta name=\"twitter:label1\" content=\"Escrito por\" \/>\n\t<meta name=\"twitter:data1\" content=\"Redacci\u00f3n Muy Jujuy\" \/>\n\t<meta name=\"twitter:label2\" content=\"Tiempo de lectura\" \/>\n\t<meta name=\"twitter:data2\" content=\"2 minutos\" \/>\n<script type=\"application\/ld+json\" class=\"yoast-schema-graph\">{\"@context\":\"https:\\\/\\\/schema.org\",\"@graph\":[{\"@type\":\"Article\",\"@id\":\"https:\\\/\\\/www.muyjujuy.com\\\/index.php\\\/2022\\\/09\\\/06\\\/policia-jujeno-fue-condenado-a-10-anos-de-prision-por-violar-a-una-companera-de-trabajo\\\/#article\",\"isPartOf\":{\"@id\":\"https:\\\/\\\/www.muyjujuy.com\\\/index.php\\\/2022\\\/09\\\/06\\\/policia-jujeno-fue-condenado-a-10-anos-de-prision-por-violar-a-una-companera-de-trabajo\\\/\"},\"author\":{\"name\":\"Redacci\u00f3n Muy Jujuy\",\"@id\":\"https:\\\/\\\/www.muyjujuy.com\\\/#\\\/schema\\\/person\\\/1d0f6e223ccea9e3f9034c1a5b683bf2\"},\"headline\":\"Polic\u00eda juje\u00f1o fue condenado a 10 a\u00f1os de prisi\u00f3n por violar a una compa\u00f1era de trabajo\",\"datePublished\":\"2022-09-06T14:52:21+00:00\",\"dateModified\":\"2022-09-06T14:52:24+00:00\",\"mainEntityOfPage\":{\"@id\":\"https:\\\/\\\/www.muyjujuy.com\\\/index.php\\\/2022\\\/09\\\/06\\\/policia-jujeno-fue-condenado-a-10-anos-de-prision-por-violar-a-una-companera-de-trabajo\\\/\"},\"wordCount\":330,\"commentCount\":0,\"publisher\":{\"@id\":\"https:\\\/\\\/www.muyjujuy.com\\\/#organization\"},\"image\":{\"@id\":\"https:\\\/\\\/www.muyjujuy.com\\\/index.php\\\/2022\\\/09\\\/06\\\/policia-jujeno-fue-condenado-a-10-anos-de-prision-por-violar-a-una-companera-de-trabajo\\\/#primaryimage\"},\"thumbnailUrl\":\"https:\\\/\\\/www.muyjujuy.com\\\/wp-content\\\/uploads\\\/2022\\\/09\\\/WhatsApp-Image-2022-09-06-at-11.46.55.jpeg\",\"keywords\":[\"Jujuy\",\"Justicia\"],\"articleSection\":[\"Seguridad\"],\"inLanguage\":\"es-AR\",\"potentialAction\":[{\"@type\":\"CommentAction\",\"name\":\"Comment\",\"target\":[\"https:\\\/\\\/www.muyjujuy.com\\\/index.php\\\/2022\\\/09\\\/06\\\/policia-jujeno-fue-condenado-a-10-anos-de-prision-por-violar-a-una-companera-de-trabajo\\\/#respond\"]}]},{\"@type\":\"WebPage\",\"@id\":\"https:\\\/\\\/www.muyjujuy.com\\\/index.php\\\/2022\\\/09\\\/06\\\/policia-jujeno-fue-condenado-a-10-anos-de-prision-por-violar-a-una-companera-de-trabajo\\\/\",\"url\":\"https:\\\/\\\/www.muyjujuy.com\\\/index.php\\\/2022\\\/09\\\/06\\\/policia-jujeno-fue-condenado-a-10-anos-de-prision-por-violar-a-una-companera-de-trabajo\\\/\",\"name\":\"Polic\u00eda juje\u00f1o fue condenado a 10 a\u00f1os de prisi\u00f3n por violar a una compa\u00f1era de trabajo - Muy Jujuy\",\"isPartOf\":{\"@id\":\"https:\\\/\\\/www.muyjujuy.com\\\/#website\"},\"primaryImageOfPage\":{\"@id\":\"https:\\\/\\\/www.muyjujuy.com\\\/index.php\\\/2022\\\/09\\\/06\\\/policia-jujeno-fue-condenado-a-10-anos-de-prision-por-violar-a-una-companera-de-trabajo\\\/#primaryimage\"},\"image\":{\"@id\":\"https:\\\/\\\/www.muyjujuy.com\\\/index.php\\\/2022\\\/09\\\/06\\\/policia-jujeno-fue-condenado-a-10-anos-de-prision-por-violar-a-una-companera-de-trabajo\\\/#primaryimage\"},\"thumbnailUrl\":\"https:\\\/\\\/www.muyjujuy.com\\\/wp-content\\\/uploads\\\/2022\\\/09\\\/WhatsApp-Image-2022-09-06-at-11.46.55.jpeg\",\"datePublished\":\"2022-09-06T14:52:21+00:00\",\"dateModified\":\"2022-09-06T14:52:24+00:00\",\"description\":\"El hecho ocurri\u00f3 en 2020. El ex polic\u00eda tambi\u00e9n fue condenado a inhabilitaci\u00f3n especial perpetua, por ser autor material y penalmente responsable del delito\",\"breadcrumb\":{\"@id\":\"https:\\\/\\\/www.muyjujuy.com\\\/index.php\\\/2022\\\/09\\\/06\\\/policia-jujeno-fue-condenado-a-10-anos-de-prision-por-violar-a-una-companera-de-trabajo\\\/#breadcrumb\"},\"inLanguage\":\"es-AR\",\"potentialAction\":[{\"@type\":\"ReadAction\",\"target\":[\"https:\\\/\\\/www.muyjujuy.com\\\/index.php\\\/2022\\\/09\\\/06\\\/policia-jujeno-fue-condenado-a-10-anos-de-prision-por-violar-a-una-companera-de-trabajo\\\/\"]}]},{\"@type\":\"ImageObject\",\"inLanguage\":\"es-AR\",\"@id\":\"https:\\\/\\\/www.muyjujuy.com\\\/index.php\\\/2022\\\/09\\\/06\\\/policia-jujeno-fue-condenado-a-10-anos-de-prision-por-violar-a-una-companera-de-trabajo\\\/#primaryimage\",\"url\":\"https:\\\/\\\/www.muyjujuy.com\\\/wp-content\\\/uploads\\\/2022\\\/09\\\/WhatsApp-Image-2022-09-06-at-11.46.55.jpeg\",\"contentUrl\":\"https:\\\/\\\/www.muyjujuy.com\\\/wp-content\\\/uploads\\\/2022\\\/09\\\/WhatsApp-Image-2022-09-06-at-11.46.55.jpeg\",\"width\":990,\"height\":610},{\"@type\":\"BreadcrumbList\",\"@id\":\"https:\\\/\\\/www.muyjujuy.com\\\/index.php\\\/2022\\\/09\\\/06\\\/policia-jujeno-fue-condenado-a-10-anos-de-prision-por-violar-a-una-companera-de-trabajo\\\/#breadcrumb\",\"itemListElement\":[{\"@type\":\"ListItem\",\"position\":1,\"name\":\"Inicio\",\"item\":\"https:\\\/\\\/www.muyjujuy.com\\\/\"},{\"@type\":\"ListItem\",\"position\":2,\"name\":\"Polic\u00eda juje\u00f1o fue condenado a 10 a\u00f1os de prisi\u00f3n por violar a una compa\u00f1era de trabajo\"}]},{\"@type\":\"WebSite\",\"@id\":\"https:\\\/\\\/www.muyjujuy.com\\\/#website\",\"url\":\"https:\\\/\\\/www.muyjujuy.com\\\/\",\"name\":\"Muy Jujuy\",\"description\":\"\",\"publisher\":{\"@id\":\"https:\\\/\\\/www.muyjujuy.com\\\/#organization\"},\"potentialAction\":[{\"@type\":\"SearchAction\",\"target\":{\"@type\":\"EntryPoint\",\"urlTemplate\":\"https:\\\/\\\/www.muyjujuy.com\\\/?s={search_term_string}\"},\"query-input\":{\"@type\":\"PropertyValueSpecification\",\"valueRequired\":true,\"valueName\":\"search_term_string\"}}],\"inLanguage\":\"es-AR\"},{\"@type\":\"Organization\",\"@id\":\"https:\\\/\\\/www.muyjujuy.com\\\/#organization\",\"name\":\"Muy Jujuy\",\"url\":\"https:\\\/\\\/www.muyjujuy.com\\\/\",\"logo\":{\"@type\":\"ImageObject\",\"inLanguage\":\"es-AR\",\"@id\":\"https:\\\/\\\/www.muyjujuy.com\\\/#\\\/schema\\\/logo\\\/image\\\/\",\"url\":\"http:\\\/\\\/www.muyjujuy.com\\\/wp-content\\\/uploads\\\/2022\\\/05\\\/logo-mobil-jujuy.png\",\"contentUrl\":\"http:\\\/\\\/www.muyjujuy.com\\\/wp-content\\\/uploads\\\/2022\\\/05\\\/logo-mobil-jujuy.png\",\"width\":174,\"height\":81,\"caption\":\"Muy Jujuy\"},\"image\":{\"@id\":\"https:\\\/\\\/www.muyjujuy.com\\\/#\\\/schema\\\/logo\\\/image\\\/\"},\"sameAs\":[\"https:\\\/\\\/www.facebook.com\\\/muyjujuycom\",\"https:\\\/\\\/x.com\\\/muyjujuy\",\"https:\\\/\\\/www.instagram.com\\\/muyjujuycom\"]},{\"@type\":\"Person\",\"@id\":\"https:\\\/\\\/www.muyjujuy.com\\\/#\\\/schema\\\/person\\\/1d0f6e223ccea9e3f9034c1a5b683bf2\",\"name\":\"Redacci\u00f3n Muy Jujuy\",\"image\":{\"@type\":\"ImageObject\",\"inLanguage\":\"es-AR\",\"@id\":\"https:\\\/\\\/secure.gravatar.com\\\/avatar\\\/fec5f6f1893d741ed5eecccff109ce43e67a855411202a3212a058cb8e5c27d4?s=96&d=mm&r=g\",\"url\":\"https:\\\/\\\/secure.gravatar.com\\\/avatar\\\/fec5f6f1893d741ed5eecccff109ce43e67a855411202a3212a058cb8e5c27d4?s=96&d=mm&r=g\",\"contentUrl\":\"https:\\\/\\\/secure.gravatar.com\\\/avatar\\\/fec5f6f1893d741ed5eecccff109ce43e67a855411202a3212a058cb8e5c27d4?s=96&d=mm&r=g\",\"caption\":\"Redacci\u00f3n Muy Jujuy\"},\"url\":\"https:\\\/\\\/www.muyjujuy.com\\\/index.php\\\/author\\\/editor\\\/\"}]}<\/script>\n<!-- \/ Yoast SEO plugin. -->","yoast_head_json":{"title":"Polic\u00eda juje\u00f1o fue condenado a 10 a\u00f1os de prisi\u00f3n por violar a una compa\u00f1era de trabajo - Muy Jujuy","description":"El hecho ocurri\u00f3 en 2020. El ex polic\u00eda tambi\u00e9n fue condenado a inhabilitaci\u00f3n especial perpetua, por ser autor material y penalmente responsable del delito","robots":{"index":"index","follow":"follow","max-snippet":"max-snippet:-1","max-image-preview":"max-image-preview:large","max-video-preview":"max-video-preview:-1"},"canonical":"https:\/\/www.muyjujuy.com\/index.php\/2022\/09\/06\/policia-jujeno-fue-condenado-a-10-anos-de-prision-por-violar-a-una-companera-de-trabajo\/","og_locale":"es_ES","og_type":"article","og_title":"Polic\u00eda juje\u00f1o fue condenado a 10 a\u00f1os de prisi\u00f3n por violar a una compa\u00f1era de trabajo - Muy Jujuy","og_description":"El hecho ocurri\u00f3 en 2020. El ex polic\u00eda tambi\u00e9n fue condenado a inhabilitaci\u00f3n especial perpetua, por ser autor material y penalmente responsable del delito","og_url":"https:\/\/www.muyjujuy.com\/index.php\/2022\/09\/06\/policia-jujeno-fue-condenado-a-10-anos-de-prision-por-violar-a-una-companera-de-trabajo\/","og_site_name":"Muy Jujuy","article_publisher":"https:\/\/www.facebook.com\/muyjujuycom","article_published_time":"2022-09-06T14:52:21+00:00","article_modified_time":"2022-09-06T14:52:24+00:00","og_image":[{"width":990,"height":610,"url":"https:\/\/www.muyjujuy.com\/wp-content\/uploads\/2022\/09\/WhatsApp-Image-2022-09-06-at-11.46.55.jpeg","type":"image\/jpeg"}],"author":"Redacci\u00f3n Muy Jujuy","twitter_card":"summary_large_image","twitter_creator":"@muyjujuy","twitter_site":"@muyjujuy","twitter_misc":{"Escrito por":"Redacci\u00f3n Muy Jujuy","Tiempo de lectura":"2 minutos"},"schema":{"@context":"https:\/\/schema.org","@graph":[{"@type":"Article","@id":"https:\/\/www.muyjujuy.com\/index.php\/2022\/09\/06\/policia-jujeno-fue-condenado-a-10-anos-de-prision-por-violar-a-una-companera-de-trabajo\/#article","isPartOf":{"@id":"https:\/\/www.muyjujuy.com\/index.php\/2022\/09\/06\/policia-jujeno-fue-condenado-a-10-anos-de-prision-por-violar-a-una-companera-de-trabajo\/"},"author":{"name":"Redacci\u00f3n Muy Jujuy","@id":"https:\/\/www.muyjujuy.com\/#\/schema\/person\/1d0f6e223ccea9e3f9034c1a5b683bf2"},"headline":"Polic\u00eda juje\u00f1o fue condenado a 10 a\u00f1os de prisi\u00f3n por violar a una compa\u00f1era de trabajo","datePublished":"2022-09-06T14:52:21+00:00","dateModified":"2022-09-06T14:52:24+00:00","mainEntityOfPage":{"@id":"https:\/\/www.muyjujuy.com\/index.php\/2022\/09\/06\/policia-jujeno-fue-condenado-a-10-anos-de-prision-por-violar-a-una-companera-de-trabajo\/"},"wordCount":330,"commentCount":0,"publisher":{"@id":"https:\/\/www.muyjujuy.com\/#organization"},"image":{"@id":"https:\/\/www.muyjujuy.com\/index.php\/2022\/09\/06\/policia-jujeno-fue-condenado-a-10-anos-de-prision-por-violar-a-una-companera-de-trabajo\/#primaryimage"},"thumbnailUrl":"https:\/\/www.muyjujuy.com\/wp-content\/uploads\/2022\/09\/WhatsApp-Image-2022-09-06-at-11.46.55.jpeg","keywords":["Jujuy","Justicia"],"articleSection":["Seguridad"],"inLanguage":"es-AR","potentialAction":[{"@type":"CommentAction","name":"Comment","target":["https:\/\/www.muyjujuy.com\/index.php\/2022\/09\/06\/policia-jujeno-fue-condenado-a-10-anos-de-prision-por-violar-a-una-companera-de-trabajo\/#respond"]}]},{"@type":"WebPage","@id":"https:\/\/www.muyjujuy.com\/index.php\/2022\/09\/06\/policia-jujeno-fue-condenado-a-10-anos-de-prision-por-violar-a-una-companera-de-trabajo\/","url":"https:\/\/www.muyjujuy.com\/index.php\/2022\/09\/06\/policia-jujeno-fue-condenado-a-10-anos-de-prision-por-violar-a-una-companera-de-trabajo\/","name":"Polic\u00eda juje\u00f1o fue condenado a 10 a\u00f1os de prisi\u00f3n por violar a una compa\u00f1era de trabajo - Muy Jujuy","isPartOf":{"@id":"https:\/\/www.muyjujuy.com\/#website"},"primaryImageOfPage":{"@id":"https:\/\/www.muyjujuy.com\/index.php\/2022\/09\/06\/policia-jujeno-fue-condenado-a-10-anos-de-prision-por-violar-a-una-companera-de-trabajo\/#primaryimage"},"image":{"@id":"https:\/\/www.muyjujuy.com\/index.php\/2022\/09\/06\/policia-jujeno-fue-condenado-a-10-anos-de-prision-por-violar-a-una-companera-de-trabajo\/#primaryimage"},"thumbnailUrl":"https:\/\/www.muyjujuy.com\/wp-content\/uploads\/2022\/09\/WhatsApp-Image-2022-09-06-at-11.46.55.jpeg","datePublished":"2022-09-06T14:52:21+00:00","dateModified":"2022-09-06T14:52:24+00:00","description":"El hecho ocurri\u00f3 en 2020. El ex polic\u00eda tambi\u00e9n fue condenado a inhabilitaci\u00f3n especial perpetua, por ser autor material y penalmente responsable del delito","breadcrumb":{"@id":"https:\/\/www.muyjujuy.com\/index.php\/2022\/09\/06\/policia-jujeno-fue-condenado-a-10-anos-de-prision-por-violar-a-una-companera-de-trabajo\/#breadcrumb"},"inLanguage":"es-AR","potentialAction":[{"@type":"ReadAction","target":["https:\/\/www.muyjujuy.com\/index.php\/2022\/09\/06\/policia-jujeno-fue-condenado-a-10-anos-de-prision-por-violar-a-una-companera-de-trabajo\/"]}]},{"@type":"ImageObject","inLanguage":"es-AR","@id":"https:\/\/www.muyjujuy.com\/index.php\/2022\/09\/06\/policia-jujeno-fue-condenado-a-10-anos-de-prision-por-violar-a-una-companera-de-trabajo\/#primaryimage","url":"https:\/\/www.muyjujuy.com\/wp-content\/uploads\/2022\/09\/WhatsApp-Image-2022-09-06-at-11.46.55.jpeg","contentUrl":"https:\/\/www.muyjujuy.com\/wp-content\/uploads\/2022\/09\/WhatsApp-Image-2022-09-06-at-11.46.55.jpeg","width":990,"height":610},{"@type":"BreadcrumbList","@id":"https:\/\/www.muyjujuy.com\/index.php\/2022\/09\/06\/policia-jujeno-fue-condenado-a-10-anos-de-prision-por-violar-a-una-companera-de-trabajo\/#breadcrumb","itemListElement":[{"@type":"ListItem","position":1,"name":"Inicio","item":"https:\/\/www.muyjujuy.com\/"},{"@type":"ListItem","position":2,"name":"Polic\u00eda juje\u00f1o fue condenado a 10 a\u00f1os de prisi\u00f3n por violar a una compa\u00f1era de trabajo"}]},{"@type":"WebSite","@id":"https:\/\/www.muyjujuy.com\/#website","url":"https:\/\/www.muyjujuy.com\/","name":"Muy Jujuy","description":"","publisher":{"@id":"https:\/\/www.muyjujuy.com\/#organization"},"potentialAction":[{"@type":"SearchAction","target":{"@type":"EntryPoint","urlTemplate":"https:\/\/www.muyjujuy.com\/?s={search_term_string}"},"query-input":{"@type":"PropertyValueSpecification","valueRequired":true,"valueName":"search_term_string"}}],"inLanguage":"es-AR"},{"@type":"Organization","@id":"https:\/\/www.muyjujuy.com\/#organization","name":"Muy Jujuy","url":"https:\/\/www.muyjujuy.com\/","logo":{"@type":"ImageObject","inLanguage":"es-AR","@id":"https:\/\/www.muyjujuy.com\/#\/schema\/logo\/image\/","url":"http:\/\/www.muyjujuy.com\/wp-content\/uploads\/2022\/05\/logo-mobil-jujuy.png","contentUrl":"http:\/\/www.muyjujuy.com\/wp-content\/uploads\/2022\/05\/logo-mobil-jujuy.png","width":174,"height":81,"caption":"Muy Jujuy"},"image":{"@id":"https:\/\/www.muyjujuy.com\/#\/schema\/logo\/image\/"},"sameAs":["https:\/\/www.facebook.com\/muyjujuycom","https:\/\/x.com\/muyjujuy","https:\/\/www.instagram.com\/muyjujuycom"]},{"@type":"Person","@id":"https:\/\/www.muyjujuy.com\/#\/schema\/person\/1d0f6e223ccea9e3f9034c1a5b683bf2","name":"Redacci\u00f3n Muy Jujuy","image":{"@type":"ImageObject","inLanguage":"es-AR","@id":"https:\/\/secure.gravatar.com\/avatar\/fec5f6f1893d741ed5eecccff109ce43e67a855411202a3212a058cb8e5c27d4?s=96&d=mm&r=g","url":"https:\/\/secure.gravatar.com\/avatar\/fec5f6f1893d741ed5eecccff109ce43e67a855411202a3212a058cb8e5c27d4?s=96&d=mm&r=g","contentUrl":"https:\/\/secure.gravatar.com\/avatar\/fec5f6f1893d741ed5eecccff109ce43e67a855411202a3212a058cb8e5c27d4?s=96&d=mm&r=g","caption":"Redacci\u00f3n Muy Jujuy"},"url":"https:\/\/www.muyjujuy.com\/index.php\/author\/editor\/"}]}},"_links":{"self":[{"href":"https:\/\/www.muyjujuy.com\/index.php\/wp-json\/wp\/v2\/posts\/1396","targetHints":{"allow":["GET"]}}],"collection":[{"href":"https:\/\/www.muyjujuy.com\/index.php\/wp-json\/wp\/v2\/posts"}],"about":[{"href":"https:\/\/www.muyjujuy.com\/index.php\/wp-json\/wp\/v2\/types\/post"}],"author":[{"embeddable":true,"href":"https:\/\/www.muyjujuy.com\/index.php\/wp-json\/wp\/v2\/users\/3"}],"replies":[{"embeddable":true,"href":"https:\/\/www.muyjujuy.com\/index.php\/wp-json\/wp\/v2\/comments?post=1396"}],"version-history":[{"count":1,"href":"https:\/\/www.muyjujuy.com\/index.php\/wp-json\/wp\/v2\/posts\/1396\/revisions"}],"predecessor-version":[{"id":1398,"href":"https:\/\/www.muyjujuy.com\/index.php\/wp-json\/wp\/v2\/posts\/1396\/revisions\/1398"}],"wp:featuredmedia":[{"embeddable":true,"href":"https:\/\/www.muyjujuy.com\/index.php\/wp-json\/wp\/v2\/media\/1397"}],"wp:attachment":[{"href":"https:\/\/www.muyjujuy.com\/index.php\/wp-json\/wp\/v2\/media?parent=1396"}],"wp:term":[{"taxonomy":"category","embeddable":true,"href":"https:\/\/www.muyjujuy.com\/index.php\/wp-json\/wp\/v2\/categories?post=1396"},{"taxonomy":"post_tag","embeddable":true,"href":"https:\/\/www.muyjujuy.com\/index.php\/wp-json\/wp\/v2\/tags?post=1396"}],"curies":[{"name":"wp","href":"https:\/\/api.w.org\/{rel}","templated":true}]}}