{"id":1431,"date":"2022-09-08T14:33:07","date_gmt":"2022-09-08T17:33:07","guid":{"rendered":"https:\/\/www.muyjujuy.com\/?p=1431"},"modified":"2022-09-08T14:33:08","modified_gmt":"2022-09-08T17:33:08","slug":"san-salvador-de-jujuy-construiran-mas-rampas-y-pondran-semaforos","status":"publish","type":"post","link":"https:\/\/www.muyjujuy.com\/index.php\/2022\/09\/08\/san-salvador-de-jujuy-construiran-mas-rampas-y-pondran-semaforos\/","title":{"rendered":"San Salvador de Jujuy: construir\u00e1n m\u00e1s rampas y pondr\u00e1n sem\u00e1foros"},"content":{"rendered":"\n<p><em>La ordenanza fue aprobado por el Concejo Deliberante de San Salvador de Jujuy para que se implemente una planificaci\u00f3n inclusiva en la ciudad.<\/em><\/p>\n\n\n\n<p>El Concejo Deliberante de San Salvador de Jujuy aprob\u00f3 una ordenanza <strong>para la planificaci\u00f3n inclusiva en la ciudad. <\/strong>Esta iniciativa tiene vinculaci\u00f3n con construir m\u00e1s rampas y colocar sem\u00e1foros con anuncios sonoros.<br><br>El proyecto establece una planificaci\u00f3n inclusiva de San Salvador de Jujuy, <strong>pensando en tener m\u00e1s rampas para personas con discapacidad <\/strong>en las esquinas de la ciudad. Tambi\u00e9n, habr\u00e1 sem\u00e1foros con anuncios sonoros a fin que las personas ciegas puedan saber en qu\u00e9 momento est\u00e1 habilitado el cruce.<\/p>\n\n\n\n<h2 class=\"wp-block-heading\"><strong>Men\u00fa con QR<\/strong><\/h2>\n\n\n\n<p>Meses atr\u00e1s, el bloque de diputados del Frente Cambia Jujuy impuls\u00f3 en la Legislatura provincial <strong>el uso obligatorio en locales gastron\u00f3micos de la provincia<\/strong>, del sistema de cartas digitales a trav\u00e9s de c\u00f3digos QR con pictogramas, para las personas con Trastorno del Espectro Autista (TEA); e impresa en sistema Braille, Macro tipo, para las personas no videntes.<br><\/p>\n","protected":false},"excerpt":{"rendered":"<p>La ordenanza fue aprobado por el Concejo Deliberante de San Salvador de Jujuy para que se implemente una planificaci\u00f3n inclusiva en la ciudad. El Concejo Deliberante de San Salvador de Jujuy aprob\u00f3 una ordenanza para la planificaci\u00f3n inclusiva en la ciudad. Esta iniciativa tiene vinculaci\u00f3n con construir m\u00e1s rampas y colocar sem\u00e1foros con anuncios sonoros. [&hellip;]<\/p>\n","protected":false},"author":3,"featured_media":1432,"comment_status":"open","ping_status":"open","sticky":false,"template":"","format":"standard","meta":{"footnotes":""},"categories":[24],"tags":[8,640],"class_list":{"0":"post-1431","1":"post","2":"type-post","3":"status-publish","4":"format-standard","5":"has-post-thumbnail","7":"category-politica","8":"tag-jujuy","9":"tag-san-salvador"},"yoast_head":"<!-- This site is optimized with the Yoast SEO plugin v27.5 - https:\/\/yoast.com\/product\/yoast-seo-wordpress\/ -->\n<title>San Salvador de Jujuy: construir\u00e1n m\u00e1s rampas y pondr\u00e1n sem\u00e1foros - Muy Jujuy<\/title>\n<meta name=\"description\" content=\"La ordenanza fue aprobado por el Concejo Deliberante de San Salvador de Jujuy para que se implemente una planificaci\u00f3n inclusiva en la ciudad.\" \/>\n<meta name=\"robots\" content=\"index, follow, max-snippet:-1, max-image-preview:large, max-video-preview:-1\" \/>\n<link rel=\"canonical\" href=\"https:\/\/www.muyjujuy.com\/index.php\/2022\/09\/08\/san-salvador-de-jujuy-construiran-mas-rampas-y-pondran-semaforos\/\" \/>\n<meta property=\"og:locale\" content=\"es_ES\" \/>\n<meta property=\"og:type\" content=\"article\" \/>\n<meta property=\"og:title\" content=\"San Salvador de Jujuy: construir\u00e1n m\u00e1s rampas y pondr\u00e1n sem\u00e1foros - Muy Jujuy\" \/>\n<meta property=\"og:description\" content=\"La ordenanza fue aprobado por el Concejo Deliberante de San Salvador de Jujuy para que se implemente una planificaci\u00f3n inclusiva en la ciudad.\" \/>\n<meta property=\"og:url\" content=\"https:\/\/www.muyjujuy.com\/index.php\/2022\/09\/08\/san-salvador-de-jujuy-construiran-mas-rampas-y-pondran-semaforos\/\" \/>\n<meta property=\"og:site_name\" content=\"Muy Jujuy\" \/>\n<meta property=\"article:publisher\" content=\"https:\/\/www.facebook.com\/muyjujuycom\" \/>\n<meta property=\"article:published_time\" content=\"2022-09-08T17:33:07+00:00\" \/>\n<meta property=\"article:modified_time\" content=\"2022-09-08T17:33:08+00:00\" \/>\n<meta property=\"og:image\" content=\"https:\/\/www.muyjujuy.com\/wp-content\/uploads\/2022\/09\/WhatsApp-Image-2022-09-08-at-14.27.38-1.jpeg\" \/>\n\t<meta property=\"og:image:width\" content=\"970\" \/>\n\t<meta property=\"og:image:height\" content=\"546\" \/>\n\t<meta property=\"og:image:type\" content=\"image\/jpeg\" \/>\n<meta name=\"author\" content=\"Redacci\u00f3n Muy Jujuy\" \/>\n<meta name=\"twitter:card\" content=\"summary_large_image\" \/>\n<meta name=\"twitter:creator\" content=\"@muyjujuy\" \/>\n<meta name=\"twitter:site\" content=\"@muyjujuy\" \/>\n<meta name=\"twitter:label1\" content=\"Escrito por\" \/>\n\t<meta name=\"twitter:data1\" content=\"Redacci\u00f3n Muy Jujuy\" \/>\n\t<meta name=\"twitter:label2\" content=\"Tiempo de lectura\" \/>\n\t<meta name=\"twitter:data2\" content=\"1 minuto\" \/>\n<script type=\"application\/ld+json\" class=\"yoast-schema-graph\">{\"@context\":\"https:\\\/\\\/schema.org\",\"@graph\":[{\"@type\":\"Article\",\"@id\":\"https:\\\/\\\/www.muyjujuy.com\\\/index.php\\\/2022\\\/09\\\/08\\\/san-salvador-de-jujuy-construiran-mas-rampas-y-pondran-semaforos\\\/#article\",\"isPartOf\":{\"@id\":\"https:\\\/\\\/www.muyjujuy.com\\\/index.php\\\/2022\\\/09\\\/08\\\/san-salvador-de-jujuy-construiran-mas-rampas-y-pondran-semaforos\\\/\"},\"author\":{\"name\":\"Redacci\u00f3n Muy Jujuy\",\"@id\":\"https:\\\/\\\/www.muyjujuy.com\\\/#\\\/schema\\\/person\\\/1d0f6e223ccea9e3f9034c1a5b683bf2\"},\"headline\":\"San Salvador de Jujuy: construir\u00e1n m\u00e1s rampas y pondr\u00e1n sem\u00e1foros\",\"datePublished\":\"2022-09-08T17:33:07+00:00\",\"dateModified\":\"2022-09-08T17:33:08+00:00\",\"mainEntityOfPage\":{\"@id\":\"https:\\\/\\\/www.muyjujuy.com\\\/index.php\\\/2022\\\/09\\\/08\\\/san-salvador-de-jujuy-construiran-mas-rampas-y-pondran-semaforos\\\/\"},\"wordCount\":189,\"commentCount\":0,\"publisher\":{\"@id\":\"https:\\\/\\\/www.muyjujuy.com\\\/#organization\"},\"image\":{\"@id\":\"https:\\\/\\\/www.muyjujuy.com\\\/index.php\\\/2022\\\/09\\\/08\\\/san-salvador-de-jujuy-construiran-mas-rampas-y-pondran-semaforos\\\/#primaryimage\"},\"thumbnailUrl\":\"https:\\\/\\\/www.muyjujuy.com\\\/wp-content\\\/uploads\\\/2022\\\/09\\\/WhatsApp-Image-2022-09-08-at-14.27.38-1.jpeg\",\"keywords\":[\"Jujuy\",\"San Salvador\"],\"articleSection\":[\"Pol\u00edtica\"],\"inLanguage\":\"es-AR\",\"potentialAction\":[{\"@type\":\"CommentAction\",\"name\":\"Comment\",\"target\":[\"https:\\\/\\\/www.muyjujuy.com\\\/index.php\\\/2022\\\/09\\\/08\\\/san-salvador-de-jujuy-construiran-mas-rampas-y-pondran-semaforos\\\/#respond\"]}]},{\"@type\":\"WebPage\",\"@id\":\"https:\\\/\\\/www.muyjujuy.com\\\/index.php\\\/2022\\\/09\\\/08\\\/san-salvador-de-jujuy-construiran-mas-rampas-y-pondran-semaforos\\\/\",\"url\":\"https:\\\/\\\/www.muyjujuy.com\\\/index.php\\\/2022\\\/09\\\/08\\\/san-salvador-de-jujuy-construiran-mas-rampas-y-pondran-semaforos\\\/\",\"name\":\"San Salvador de Jujuy: construir\u00e1n m\u00e1s rampas y pondr\u00e1n sem\u00e1foros - Muy Jujuy\",\"isPartOf\":{\"@id\":\"https:\\\/\\\/www.muyjujuy.com\\\/#website\"},\"primaryImageOfPage\":{\"@id\":\"https:\\\/\\\/www.muyjujuy.com\\\/index.php\\\/2022\\\/09\\\/08\\\/san-salvador-de-jujuy-construiran-mas-rampas-y-pondran-semaforos\\\/#primaryimage\"},\"image\":{\"@id\":\"https:\\\/\\\/www.muyjujuy.com\\\/index.php\\\/2022\\\/09\\\/08\\\/san-salvador-de-jujuy-construiran-mas-rampas-y-pondran-semaforos\\\/#primaryimage\"},\"thumbnailUrl\":\"https:\\\/\\\/www.muyjujuy.com\\\/wp-content\\\/uploads\\\/2022\\\/09\\\/WhatsApp-Image-2022-09-08-at-14.27.38-1.jpeg\",\"datePublished\":\"2022-09-08T17:33:07+00:00\",\"dateModified\":\"2022-09-08T17:33:08+00:00\",\"description\":\"La ordenanza fue aprobado por el Concejo Deliberante de San Salvador de Jujuy para que se implemente una planificaci\u00f3n inclusiva en la ciudad.\",\"breadcrumb\":{\"@id\":\"https:\\\/\\\/www.muyjujuy.com\\\/index.php\\\/2022\\\/09\\\/08\\\/san-salvador-de-jujuy-construiran-mas-rampas-y-pondran-semaforos\\\/#breadcrumb\"},\"inLanguage\":\"es-AR\",\"potentialAction\":[{\"@type\":\"ReadAction\",\"target\":[\"https:\\\/\\\/www.muyjujuy.com\\\/index.php\\\/2022\\\/09\\\/08\\\/san-salvador-de-jujuy-construiran-mas-rampas-y-pondran-semaforos\\\/\"]}]},{\"@type\":\"ImageObject\",\"inLanguage\":\"es-AR\",\"@id\":\"https:\\\/\\\/www.muyjujuy.com\\\/index.php\\\/2022\\\/09\\\/08\\\/san-salvador-de-jujuy-construiran-mas-rampas-y-pondran-semaforos\\\/#primaryimage\",\"url\":\"https:\\\/\\\/www.muyjujuy.com\\\/wp-content\\\/uploads\\\/2022\\\/09\\\/WhatsApp-Image-2022-09-08-at-14.27.38-1.jpeg\",\"contentUrl\":\"https:\\\/\\\/www.muyjujuy.com\\\/wp-content\\\/uploads\\\/2022\\\/09\\\/WhatsApp-Image-2022-09-08-at-14.27.38-1.jpeg\",\"width\":970,\"height\":546},{\"@type\":\"BreadcrumbList\",\"@id\":\"https:\\\/\\\/www.muyjujuy.com\\\/index.php\\\/2022\\\/09\\\/08\\\/san-salvador-de-jujuy-construiran-mas-rampas-y-pondran-semaforos\\\/#breadcrumb\",\"itemListElement\":[{\"@type\":\"ListItem\",\"position\":1,\"name\":\"Inicio\",\"item\":\"https:\\\/\\\/www.muyjujuy.com\\\/\"},{\"@type\":\"ListItem\",\"position\":2,\"name\":\"San Salvador de Jujuy: construir\u00e1n m\u00e1s rampas y pondr\u00e1n sem\u00e1foros\"}]},{\"@type\":\"WebSite\",\"@id\":\"https:\\\/\\\/www.muyjujuy.com\\\/#website\",\"url\":\"https:\\\/\\\/www.muyjujuy.com\\\/\",\"name\":\"Muy Jujuy\",\"description\":\"\",\"publisher\":{\"@id\":\"https:\\\/\\\/www.muyjujuy.com\\\/#organization\"},\"potentialAction\":[{\"@type\":\"SearchAction\",\"target\":{\"@type\":\"EntryPoint\",\"urlTemplate\":\"https:\\\/\\\/www.muyjujuy.com\\\/?s={search_term_string}\"},\"query-input\":{\"@type\":\"PropertyValueSpecification\",\"valueRequired\":true,\"valueName\":\"search_term_string\"}}],\"inLanguage\":\"es-AR\"},{\"@type\":\"Organization\",\"@id\":\"https:\\\/\\\/www.muyjujuy.com\\\/#organization\",\"name\":\"Muy Jujuy\",\"url\":\"https:\\\/\\\/www.muyjujuy.com\\\/\",\"logo\":{\"@type\":\"ImageObject\",\"inLanguage\":\"es-AR\",\"@id\":\"https:\\\/\\\/www.muyjujuy.com\\\/#\\\/schema\\\/logo\\\/image\\\/\",\"url\":\"http:\\\/\\\/www.muyjujuy.com\\\/wp-content\\\/uploads\\\/2022\\\/05\\\/logo-mobil-jujuy.png\",\"contentUrl\":\"http:\\\/\\\/www.muyjujuy.com\\\/wp-content\\\/uploads\\\/2022\\\/05\\\/logo-mobil-jujuy.png\",\"width\":174,\"height\":81,\"caption\":\"Muy Jujuy\"},\"image\":{\"@id\":\"https:\\\/\\\/www.muyjujuy.com\\\/#\\\/schema\\\/logo\\\/image\\\/\"},\"sameAs\":[\"https:\\\/\\\/www.facebook.com\\\/muyjujuycom\",\"https:\\\/\\\/x.com\\\/muyjujuy\",\"https:\\\/\\\/www.instagram.com\\\/muyjujuycom\"]},{\"@type\":\"Person\",\"@id\":\"https:\\\/\\\/www.muyjujuy.com\\\/#\\\/schema\\\/person\\\/1d0f6e223ccea9e3f9034c1a5b683bf2\",\"name\":\"Redacci\u00f3n Muy Jujuy\",\"image\":{\"@type\":\"ImageObject\",\"inLanguage\":\"es-AR\",\"@id\":\"https:\\\/\\\/secure.gravatar.com\\\/avatar\\\/fec5f6f1893d741ed5eecccff109ce43e67a855411202a3212a058cb8e5c27d4?s=96&d=mm&r=g\",\"url\":\"https:\\\/\\\/secure.gravatar.com\\\/avatar\\\/fec5f6f1893d741ed5eecccff109ce43e67a855411202a3212a058cb8e5c27d4?s=96&d=mm&r=g\",\"contentUrl\":\"https:\\\/\\\/secure.gravatar.com\\\/avatar\\\/fec5f6f1893d741ed5eecccff109ce43e67a855411202a3212a058cb8e5c27d4?s=96&d=mm&r=g\",\"caption\":\"Redacci\u00f3n Muy Jujuy\"},\"url\":\"https:\\\/\\\/www.muyjujuy.com\\\/index.php\\\/author\\\/editor\\\/\"}]}<\/script>\n<!-- \/ Yoast SEO plugin. -->","yoast_head_json":{"title":"San Salvador de Jujuy: construir\u00e1n m\u00e1s rampas y pondr\u00e1n sem\u00e1foros - Muy Jujuy","description":"La ordenanza fue aprobado por el Concejo Deliberante de San Salvador de Jujuy para que se implemente una planificaci\u00f3n inclusiva en la ciudad.","robots":{"index":"index","follow":"follow","max-snippet":"max-snippet:-1","max-image-preview":"max-image-preview:large","max-video-preview":"max-video-preview:-1"},"canonical":"https:\/\/www.muyjujuy.com\/index.php\/2022\/09\/08\/san-salvador-de-jujuy-construiran-mas-rampas-y-pondran-semaforos\/","og_locale":"es_ES","og_type":"article","og_title":"San Salvador de Jujuy: construir\u00e1n m\u00e1s rampas y pondr\u00e1n sem\u00e1foros - Muy Jujuy","og_description":"La ordenanza fue aprobado por el Concejo Deliberante de San Salvador de Jujuy para que se implemente una planificaci\u00f3n inclusiva en la ciudad.","og_url":"https:\/\/www.muyjujuy.com\/index.php\/2022\/09\/08\/san-salvador-de-jujuy-construiran-mas-rampas-y-pondran-semaforos\/","og_site_name":"Muy Jujuy","article_publisher":"https:\/\/www.facebook.com\/muyjujuycom","article_published_time":"2022-09-08T17:33:07+00:00","article_modified_time":"2022-09-08T17:33:08+00:00","og_image":[{"width":970,"height":546,"url":"https:\/\/www.muyjujuy.com\/wp-content\/uploads\/2022\/09\/WhatsApp-Image-2022-09-08-at-14.27.38-1.jpeg","type":"image\/jpeg"}],"author":"Redacci\u00f3n Muy Jujuy","twitter_card":"summary_large_image","twitter_creator":"@muyjujuy","twitter_site":"@muyjujuy","twitter_misc":{"Escrito por":"Redacci\u00f3n Muy Jujuy","Tiempo de lectura":"1 minuto"},"schema":{"@context":"https:\/\/schema.org","@graph":[{"@type":"Article","@id":"https:\/\/www.muyjujuy.com\/index.php\/2022\/09\/08\/san-salvador-de-jujuy-construiran-mas-rampas-y-pondran-semaforos\/#article","isPartOf":{"@id":"https:\/\/www.muyjujuy.com\/index.php\/2022\/09\/08\/san-salvador-de-jujuy-construiran-mas-rampas-y-pondran-semaforos\/"},"author":{"name":"Redacci\u00f3n Muy Jujuy","@id":"https:\/\/www.muyjujuy.com\/#\/schema\/person\/1d0f6e223ccea9e3f9034c1a5b683bf2"},"headline":"San Salvador de Jujuy: construir\u00e1n m\u00e1s rampas y pondr\u00e1n sem\u00e1foros","datePublished":"2022-09-08T17:33:07+00:00","dateModified":"2022-09-08T17:33:08+00:00","mainEntityOfPage":{"@id":"https:\/\/www.muyjujuy.com\/index.php\/2022\/09\/08\/san-salvador-de-jujuy-construiran-mas-rampas-y-pondran-semaforos\/"},"wordCount":189,"commentCount":0,"publisher":{"@id":"https:\/\/www.muyjujuy.com\/#organization"},"image":{"@id":"https:\/\/www.muyjujuy.com\/index.php\/2022\/09\/08\/san-salvador-de-jujuy-construiran-mas-rampas-y-pondran-semaforos\/#primaryimage"},"thumbnailUrl":"https:\/\/www.muyjujuy.com\/wp-content\/uploads\/2022\/09\/WhatsApp-Image-2022-09-08-at-14.27.38-1.jpeg","keywords":["Jujuy","San Salvador"],"articleSection":["Pol\u00edtica"],"inLanguage":"es-AR","potentialAction":[{"@type":"CommentAction","name":"Comment","target":["https:\/\/www.muyjujuy.com\/index.php\/2022\/09\/08\/san-salvador-de-jujuy-construiran-mas-rampas-y-pondran-semaforos\/#respond"]}]},{"@type":"WebPage","@id":"https:\/\/www.muyjujuy.com\/index.php\/2022\/09\/08\/san-salvador-de-jujuy-construiran-mas-rampas-y-pondran-semaforos\/","url":"https:\/\/www.muyjujuy.com\/index.php\/2022\/09\/08\/san-salvador-de-jujuy-construiran-mas-rampas-y-pondran-semaforos\/","name":"San Salvador de Jujuy: construir\u00e1n m\u00e1s rampas y pondr\u00e1n sem\u00e1foros - Muy Jujuy","isPartOf":{"@id":"https:\/\/www.muyjujuy.com\/#website"},"primaryImageOfPage":{"@id":"https:\/\/www.muyjujuy.com\/index.php\/2022\/09\/08\/san-salvador-de-jujuy-construiran-mas-rampas-y-pondran-semaforos\/#primaryimage"},"image":{"@id":"https:\/\/www.muyjujuy.com\/index.php\/2022\/09\/08\/san-salvador-de-jujuy-construiran-mas-rampas-y-pondran-semaforos\/#primaryimage"},"thumbnailUrl":"https:\/\/www.muyjujuy.com\/wp-content\/uploads\/2022\/09\/WhatsApp-Image-2022-09-08-at-14.27.38-1.jpeg","datePublished":"2022-09-08T17:33:07+00:00","dateModified":"2022-09-08T17:33:08+00:00","description":"La ordenanza fue aprobado por el Concejo Deliberante de San Salvador de Jujuy para que se implemente una planificaci\u00f3n inclusiva en la ciudad.","breadcrumb":{"@id":"https:\/\/www.muyjujuy.com\/index.php\/2022\/09\/08\/san-salvador-de-jujuy-construiran-mas-rampas-y-pondran-semaforos\/#breadcrumb"},"inLanguage":"es-AR","potentialAction":[{"@type":"ReadAction","target":["https:\/\/www.muyjujuy.com\/index.php\/2022\/09\/08\/san-salvador-de-jujuy-construiran-mas-rampas-y-pondran-semaforos\/"]}]},{"@type":"ImageObject","inLanguage":"es-AR","@id":"https:\/\/www.muyjujuy.com\/index.php\/2022\/09\/08\/san-salvador-de-jujuy-construiran-mas-rampas-y-pondran-semaforos\/#primaryimage","url":"https:\/\/www.muyjujuy.com\/wp-content\/uploads\/2022\/09\/WhatsApp-Image-2022-09-08-at-14.27.38-1.jpeg","contentUrl":"https:\/\/www.muyjujuy.com\/wp-content\/uploads\/2022\/09\/WhatsApp-Image-2022-09-08-at-14.27.38-1.jpeg","width":970,"height":546},{"@type":"BreadcrumbList","@id":"https:\/\/www.muyjujuy.com\/index.php\/2022\/09\/08\/san-salvador-de-jujuy-construiran-mas-rampas-y-pondran-semaforos\/#breadcrumb","itemListElement":[{"@type":"ListItem","position":1,"name":"Inicio","item":"https:\/\/www.muyjujuy.com\/"},{"@type":"ListItem","position":2,"name":"San Salvador de Jujuy: construir\u00e1n m\u00e1s rampas y pondr\u00e1n sem\u00e1foros"}]},{"@type":"WebSite","@id":"https:\/\/www.muyjujuy.com\/#website","url":"https:\/\/www.muyjujuy.com\/","name":"Muy Jujuy","description":"","publisher":{"@id":"https:\/\/www.muyjujuy.com\/#organization"},"potentialAction":[{"@type":"SearchAction","target":{"@type":"EntryPoint","urlTemplate":"https:\/\/www.muyjujuy.com\/?s={search_term_string}"},"query-input":{"@type":"PropertyValueSpecification","valueRequired":true,"valueName":"search_term_string"}}],"inLanguage":"es-AR"},{"@type":"Organization","@id":"https:\/\/www.muyjujuy.com\/#organization","name":"Muy Jujuy","url":"https:\/\/www.muyjujuy.com\/","logo":{"@type":"ImageObject","inLanguage":"es-AR","@id":"https:\/\/www.muyjujuy.com\/#\/schema\/logo\/image\/","url":"http:\/\/www.muyjujuy.com\/wp-content\/uploads\/2022\/05\/logo-mobil-jujuy.png","contentUrl":"http:\/\/www.muyjujuy.com\/wp-content\/uploads\/2022\/05\/logo-mobil-jujuy.png","width":174,"height":81,"caption":"Muy Jujuy"},"image":{"@id":"https:\/\/www.muyjujuy.com\/#\/schema\/logo\/image\/"},"sameAs":["https:\/\/www.facebook.com\/muyjujuycom","https:\/\/x.com\/muyjujuy","https:\/\/www.instagram.com\/muyjujuycom"]},{"@type":"Person","@id":"https:\/\/www.muyjujuy.com\/#\/schema\/person\/1d0f6e223ccea9e3f9034c1a5b683bf2","name":"Redacci\u00f3n Muy Jujuy","image":{"@type":"ImageObject","inLanguage":"es-AR","@id":"https:\/\/secure.gravatar.com\/avatar\/fec5f6f1893d741ed5eecccff109ce43e67a855411202a3212a058cb8e5c27d4?s=96&d=mm&r=g","url":"https:\/\/secure.gravatar.com\/avatar\/fec5f6f1893d741ed5eecccff109ce43e67a855411202a3212a058cb8e5c27d4?s=96&d=mm&r=g","contentUrl":"https:\/\/secure.gravatar.com\/avatar\/fec5f6f1893d741ed5eecccff109ce43e67a855411202a3212a058cb8e5c27d4?s=96&d=mm&r=g","caption":"Redacci\u00f3n Muy Jujuy"},"url":"https:\/\/www.muyjujuy.com\/index.php\/author\/editor\/"}]}},"_links":{"self":[{"href":"https:\/\/www.muyjujuy.com\/index.php\/wp-json\/wp\/v2\/posts\/1431","targetHints":{"allow":["GET"]}}],"collection":[{"href":"https:\/\/www.muyjujuy.com\/index.php\/wp-json\/wp\/v2\/posts"}],"about":[{"href":"https:\/\/www.muyjujuy.com\/index.php\/wp-json\/wp\/v2\/types\/post"}],"author":[{"embeddable":true,"href":"https:\/\/www.muyjujuy.com\/index.php\/wp-json\/wp\/v2\/users\/3"}],"replies":[{"embeddable":true,"href":"https:\/\/www.muyjujuy.com\/index.php\/wp-json\/wp\/v2\/comments?post=1431"}],"version-history":[{"count":1,"href":"https:\/\/www.muyjujuy.com\/index.php\/wp-json\/wp\/v2\/posts\/1431\/revisions"}],"predecessor-version":[{"id":1433,"href":"https:\/\/www.muyjujuy.com\/index.php\/wp-json\/wp\/v2\/posts\/1431\/revisions\/1433"}],"wp:featuredmedia":[{"embeddable":true,"href":"https:\/\/www.muyjujuy.com\/index.php\/wp-json\/wp\/v2\/media\/1432"}],"wp:attachment":[{"href":"https:\/\/www.muyjujuy.com\/index.php\/wp-json\/wp\/v2\/media?parent=1431"}],"wp:term":[{"taxonomy":"category","embeddable":true,"href":"https:\/\/www.muyjujuy.com\/index.php\/wp-json\/wp\/v2\/categories?post=1431"},{"taxonomy":"post_tag","embeddable":true,"href":"https:\/\/www.muyjujuy.com\/index.php\/wp-json\/wp\/v2\/tags?post=1431"}],"curies":[{"name":"wp","href":"https:\/\/api.w.org\/{rel}","templated":true}]}}