{"id":1464,"date":"2022-09-13T14:27:12","date_gmt":"2022-09-13T17:27:12","guid":{"rendered":"https:\/\/www.muyjujuy.com\/?p=1464"},"modified":"2022-09-13T14:27:14","modified_gmt":"2022-09-13T17:27:14","slug":"incendios-forestales-en-jujuy-provincia-y-nacion-articulan-acciones-para-robustecer-la-lucha-contra-el-fuego","status":"publish","type":"post","link":"https:\/\/www.muyjujuy.com\/index.php\/2022\/09\/13\/incendios-forestales-en-jujuy-provincia-y-nacion-articulan-acciones-para-robustecer-la-lucha-contra-el-fuego\/","title":{"rendered":"Incendios forestales en Jujuy: Provincia y Naci\u00f3n articulan acciones para robustecer la lucha contra el fuego"},"content":{"rendered":"\n<p><em>Desde el Ministerio de Ambiente nacional y provincial se firmaron una serie de convenios para combatir los incendios forestales.<\/em><\/p>\n\n\n\n<p>El gobernador de Jujuy, <strong>Gerardo Morales<\/strong>, firm\u00f3 junto al ministro de Ambiente, <strong>Juan Cabandie<\/strong>, un convenio marco de articulaci\u00f3n, financiaci\u00f3n, ejecuci\u00f3n e implementaci\u00f3n <strong>de acciones en colaboraci\u00f3n combatir los incendios forestales. <\/strong>El acuerdo compromete a la cartera de Ambiente y Cambio Clim\u00e1tico e involucra una inversi\u00f3n total por <strong>$87 millones.<\/strong><br><br>Se suscribieron otros dos convenios espec\u00edficos que <strong>establecen acciones concretas a desarrollar en la materia<\/strong>. Uno de ellos tiene por objetivo brindar asistencia financiera para que la provincia adquiera bienes y servicios por un valor m\u00e1ximo estimado de <strong>$22,8 millones <\/strong>a ser financiados por el Ministerio de Ambiente nacional. <\/p>\n\n\n\n<p>El equipamiento incluir\u00e1 una chipeadora, uniformes, motobombas de alta presi\u00f3n, <strong>entre otros elementos de equipamiento gestionados por provincia.<\/strong><br><br>Al t\u00e9rmino del encuentro que mantuvo con el mandatario provincial, <strong>Cabandie destac\u00f3 la tarea que se viene haciendo de manera conjunta<\/strong>. Asimismo, record\u00f3 que la situaci\u00f3n \u00edgnea se detecta por parte de la provincia el 6 de septiembre y que al d\u00eda siguiente <strong>desde Jujuy se solicit\u00f3 a Naci\u00f3n el env\u00edo de un avi\u00f3n hidrante proveniente de Catamarca<\/strong>. A partir de ese d\u00eda los recursos humanos y t\u00e9cnicos llegaron a Jujuy.<br><br>Cabandie destac\u00f3 la coordinaci\u00f3n por parte de la cartera de Ambiente, Defensa Civil, Vialidad provincial y nacional, el Sistema Nacional de Manejo del Fuego, Parques Nacionales. <strong>&#8220;Todos trabajando juntos para dar combate a esos focos \u00edgneos&#8221;, <\/strong>enfatiz\u00f3.<br><br>El funcionario nacional record\u00f3 que se inici\u00f3 la situaci\u00f3n en una finca, que fueron intencionales, y que <strong>&#8220;en este contexto de calentamiento global el uso y costumbre de quemar residuos forestales que hasta la d\u00e9cada pasada <\/strong>se hac\u00eda, es algo que hay que modificar, tanto en las unidades productivas como tambi\u00e9n de forma dom\u00e9stica\u201d. <\/p>\n\n\n\n<h2 class=\"wp-block-heading\"><strong>Trabajo conjunto para combatir incendios forestales<\/strong><\/h2>\n\n\n\n<p>La  ministra de Ambiente provincial, <strong>Mar\u00eda Zigar\u00e1n<\/strong>, precis\u00f3 que en la actualidad <strong>hay tres aviones hidrantes en Jujuy del Sistema Nacional de Manejo del Fuego<\/strong>, m\u00e1s un helic\u00f3ptero. De esa forma, se coordinan los recursos de provincia con estos elementos aportados por Naci\u00f3n, con el objetivo de controlar estos focos de incendios.<\/p>\n\n\n\n<p>Zigar\u00e1n detall\u00f3 que hay una participaci\u00f3n importante de brigadistas de la \u00f3rbita nacional que llegaron a Jujuy para trabajar junto a los recursos provinciales en esta situaci\u00f3n. La funcionaria provincial agradeci\u00f3 en nombre del gobernador Morales, el trabajo conjunto con Naci\u00f3n. <\/p>\n\n\n\n<p>Estuvieron presentes, adem\u00e1s, el Viceministro y Secretario de Control y Monitoreo Ambiental, Sergio Federovisky; el Presidente de Parques Nacionales, Federico Granato; el Director del Servicio Nacional de Manejo del Fuego, Alberto Seufferheld. Por parte de la cartera de Ambiente y Cambio Clim\u00e1tico tambi\u00e9n participaron, la Secretaria de Desarrollo Sustentable y Diversidad, Estefan\u00eda S\u00e1nchez Cuartielles; y el Director de Incendios de Vegetaci\u00f3n y Emergencia Ambiental, Alejandro Cooke. El Gobernador Morales entreg\u00f3 presentes al funcionario nacional.<\/p>\n\n\n\n<p><\/p>\n","protected":false},"excerpt":{"rendered":"<p>Desde el Ministerio de Ambiente nacional y provincial se firmaron una serie de convenios para combatir los incendios forestales. El gobernador de Jujuy, Gerardo Morales, firm\u00f3 junto al ministro de Ambiente, Juan Cabandie, un convenio marco de articulaci\u00f3n, financiaci\u00f3n, ejecuci\u00f3n e implementaci\u00f3n de acciones en colaboraci\u00f3n combatir los incendios forestales. El acuerdo compromete a la [&hellip;]<\/p>\n","protected":false},"author":3,"featured_media":1465,"comment_status":"open","ping_status":"open","sticky":false,"template":"","format":"standard","meta":{"footnotes":""},"categories":[24],"tags":[5,8],"class_list":{"0":"post-1464","1":"post","2":"type-post","3":"status-publish","4":"format-standard","5":"has-post-thumbnail","7":"category-politica","8":"tag-gerardo-morales","9":"tag-jujuy"},"yoast_head":"<!-- This site is optimized with the Yoast SEO plugin v27.5 - https:\/\/yoast.com\/product\/yoast-seo-wordpress\/ -->\n<title>Incendios forestales en Jujuy: Provincia y Naci\u00f3n articulan acciones para robustecer la lucha contra el fuego - Muy Jujuy<\/title>\n<meta name=\"description\" content=\"Desde el Ministerio de Ambiente nacional y provincial se firmaron una serie de convenios para combatir los incendios forestales.\" \/>\n<meta name=\"robots\" content=\"index, follow, max-snippet:-1, max-image-preview:large, max-video-preview:-1\" \/>\n<link rel=\"canonical\" href=\"https:\/\/www.muyjujuy.com\/index.php\/2022\/09\/13\/incendios-forestales-en-jujuy-provincia-y-nacion-articulan-acciones-para-robustecer-la-lucha-contra-el-fuego\/\" \/>\n<meta property=\"og:locale\" content=\"es_ES\" \/>\n<meta property=\"og:type\" content=\"article\" \/>\n<meta property=\"og:title\" content=\"Incendios forestales en Jujuy: Provincia y Naci\u00f3n articulan acciones para robustecer la lucha contra el fuego - Muy Jujuy\" \/>\n<meta property=\"og:description\" content=\"Desde el Ministerio de Ambiente nacional y provincial se firmaron una serie de convenios para combatir los incendios forestales.\" \/>\n<meta property=\"og:url\" content=\"https:\/\/www.muyjujuy.com\/index.php\/2022\/09\/13\/incendios-forestales-en-jujuy-provincia-y-nacion-articulan-acciones-para-robustecer-la-lucha-contra-el-fuego\/\" \/>\n<meta property=\"og:site_name\" content=\"Muy Jujuy\" \/>\n<meta property=\"article:publisher\" content=\"https:\/\/www.facebook.com\/muyjujuycom\" \/>\n<meta property=\"article:published_time\" content=\"2022-09-13T17:27:12+00:00\" \/>\n<meta property=\"article:modified_time\" content=\"2022-09-13T17:27:14+00:00\" \/>\n<meta property=\"og:image\" content=\"https:\/\/www.muyjujuy.com\/wp-content\/uploads\/2022\/09\/WhatsApp-Image-2022-09-13-at-14.26.57.jpeg\" \/>\n\t<meta property=\"og:image:width\" content=\"1016\" \/>\n\t<meta property=\"og:image:height\" content=\"675\" \/>\n\t<meta property=\"og:image:type\" content=\"image\/jpeg\" \/>\n<meta name=\"author\" content=\"Redacci\u00f3n Muy Jujuy\" \/>\n<meta name=\"twitter:card\" content=\"summary_large_image\" \/>\n<meta name=\"twitter:creator\" content=\"@muyjujuy\" \/>\n<meta name=\"twitter:site\" content=\"@muyjujuy\" \/>\n<meta name=\"twitter:label1\" content=\"Escrito por\" \/>\n\t<meta name=\"twitter:data1\" content=\"Redacci\u00f3n Muy Jujuy\" \/>\n\t<meta name=\"twitter:label2\" content=\"Tiempo de lectura\" \/>\n\t<meta name=\"twitter:data2\" content=\"3 minutos\" \/>\n<script type=\"application\/ld+json\" class=\"yoast-schema-graph\">{\"@context\":\"https:\\\/\\\/schema.org\",\"@graph\":[{\"@type\":\"Article\",\"@id\":\"https:\\\/\\\/www.muyjujuy.com\\\/index.php\\\/2022\\\/09\\\/13\\\/incendios-forestales-en-jujuy-provincia-y-nacion-articulan-acciones-para-robustecer-la-lucha-contra-el-fuego\\\/#article\",\"isPartOf\":{\"@id\":\"https:\\\/\\\/www.muyjujuy.com\\\/index.php\\\/2022\\\/09\\\/13\\\/incendios-forestales-en-jujuy-provincia-y-nacion-articulan-acciones-para-robustecer-la-lucha-contra-el-fuego\\\/\"},\"author\":{\"name\":\"Redacci\u00f3n Muy Jujuy\",\"@id\":\"https:\\\/\\\/www.muyjujuy.com\\\/#\\\/schema\\\/person\\\/1d0f6e223ccea9e3f9034c1a5b683bf2\"},\"headline\":\"Incendios forestales en Jujuy: Provincia y Naci\u00f3n articulan acciones para robustecer la lucha contra el fuego\",\"datePublished\":\"2022-09-13T17:27:12+00:00\",\"dateModified\":\"2022-09-13T17:27:14+00:00\",\"mainEntityOfPage\":{\"@id\":\"https:\\\/\\\/www.muyjujuy.com\\\/index.php\\\/2022\\\/09\\\/13\\\/incendios-forestales-en-jujuy-provincia-y-nacion-articulan-acciones-para-robustecer-la-lucha-contra-el-fuego\\\/\"},\"wordCount\":524,\"commentCount\":0,\"publisher\":{\"@id\":\"https:\\\/\\\/www.muyjujuy.com\\\/#organization\"},\"image\":{\"@id\":\"https:\\\/\\\/www.muyjujuy.com\\\/index.php\\\/2022\\\/09\\\/13\\\/incendios-forestales-en-jujuy-provincia-y-nacion-articulan-acciones-para-robustecer-la-lucha-contra-el-fuego\\\/#primaryimage\"},\"thumbnailUrl\":\"https:\\\/\\\/www.muyjujuy.com\\\/wp-content\\\/uploads\\\/2022\\\/09\\\/WhatsApp-Image-2022-09-13-at-14.26.57.jpeg\",\"keywords\":[\"Gerardo Morales\",\"Jujuy\"],\"articleSection\":[\"Pol\u00edtica\"],\"inLanguage\":\"es-AR\",\"potentialAction\":[{\"@type\":\"CommentAction\",\"name\":\"Comment\",\"target\":[\"https:\\\/\\\/www.muyjujuy.com\\\/index.php\\\/2022\\\/09\\\/13\\\/incendios-forestales-en-jujuy-provincia-y-nacion-articulan-acciones-para-robustecer-la-lucha-contra-el-fuego\\\/#respond\"]}]},{\"@type\":\"WebPage\",\"@id\":\"https:\\\/\\\/www.muyjujuy.com\\\/index.php\\\/2022\\\/09\\\/13\\\/incendios-forestales-en-jujuy-provincia-y-nacion-articulan-acciones-para-robustecer-la-lucha-contra-el-fuego\\\/\",\"url\":\"https:\\\/\\\/www.muyjujuy.com\\\/index.php\\\/2022\\\/09\\\/13\\\/incendios-forestales-en-jujuy-provincia-y-nacion-articulan-acciones-para-robustecer-la-lucha-contra-el-fuego\\\/\",\"name\":\"Incendios forestales en Jujuy: Provincia y Naci\u00f3n articulan acciones para robustecer la lucha contra el fuego - Muy Jujuy\",\"isPartOf\":{\"@id\":\"https:\\\/\\\/www.muyjujuy.com\\\/#website\"},\"primaryImageOfPage\":{\"@id\":\"https:\\\/\\\/www.muyjujuy.com\\\/index.php\\\/2022\\\/09\\\/13\\\/incendios-forestales-en-jujuy-provincia-y-nacion-articulan-acciones-para-robustecer-la-lucha-contra-el-fuego\\\/#primaryimage\"},\"image\":{\"@id\":\"https:\\\/\\\/www.muyjujuy.com\\\/index.php\\\/2022\\\/09\\\/13\\\/incendios-forestales-en-jujuy-provincia-y-nacion-articulan-acciones-para-robustecer-la-lucha-contra-el-fuego\\\/#primaryimage\"},\"thumbnailUrl\":\"https:\\\/\\\/www.muyjujuy.com\\\/wp-content\\\/uploads\\\/2022\\\/09\\\/WhatsApp-Image-2022-09-13-at-14.26.57.jpeg\",\"datePublished\":\"2022-09-13T17:27:12+00:00\",\"dateModified\":\"2022-09-13T17:27:14+00:00\",\"description\":\"Desde el Ministerio de Ambiente nacional y provincial se firmaron una serie de convenios para combatir los incendios forestales.\",\"breadcrumb\":{\"@id\":\"https:\\\/\\\/www.muyjujuy.com\\\/index.php\\\/2022\\\/09\\\/13\\\/incendios-forestales-en-jujuy-provincia-y-nacion-articulan-acciones-para-robustecer-la-lucha-contra-el-fuego\\\/#breadcrumb\"},\"inLanguage\":\"es-AR\",\"potentialAction\":[{\"@type\":\"ReadAction\",\"target\":[\"https:\\\/\\\/www.muyjujuy.com\\\/index.php\\\/2022\\\/09\\\/13\\\/incendios-forestales-en-jujuy-provincia-y-nacion-articulan-acciones-para-robustecer-la-lucha-contra-el-fuego\\\/\"]}]},{\"@type\":\"ImageObject\",\"inLanguage\":\"es-AR\",\"@id\":\"https:\\\/\\\/www.muyjujuy.com\\\/index.php\\\/2022\\\/09\\\/13\\\/incendios-forestales-en-jujuy-provincia-y-nacion-articulan-acciones-para-robustecer-la-lucha-contra-el-fuego\\\/#primaryimage\",\"url\":\"https:\\\/\\\/www.muyjujuy.com\\\/wp-content\\\/uploads\\\/2022\\\/09\\\/WhatsApp-Image-2022-09-13-at-14.26.57.jpeg\",\"contentUrl\":\"https:\\\/\\\/www.muyjujuy.com\\\/wp-content\\\/uploads\\\/2022\\\/09\\\/WhatsApp-Image-2022-09-13-at-14.26.57.jpeg\",\"width\":1016,\"height\":675},{\"@type\":\"BreadcrumbList\",\"@id\":\"https:\\\/\\\/www.muyjujuy.com\\\/index.php\\\/2022\\\/09\\\/13\\\/incendios-forestales-en-jujuy-provincia-y-nacion-articulan-acciones-para-robustecer-la-lucha-contra-el-fuego\\\/#breadcrumb\",\"itemListElement\":[{\"@type\":\"ListItem\",\"position\":1,\"name\":\"Inicio\",\"item\":\"https:\\\/\\\/www.muyjujuy.com\\\/\"},{\"@type\":\"ListItem\",\"position\":2,\"name\":\"Incendios forestales en Jujuy: Provincia y Naci\u00f3n articulan acciones para robustecer la lucha contra el fuego\"}]},{\"@type\":\"WebSite\",\"@id\":\"https:\\\/\\\/www.muyjujuy.com\\\/#website\",\"url\":\"https:\\\/\\\/www.muyjujuy.com\\\/\",\"name\":\"Muy Jujuy\",\"description\":\"\",\"publisher\":{\"@id\":\"https:\\\/\\\/www.muyjujuy.com\\\/#organization\"},\"potentialAction\":[{\"@type\":\"SearchAction\",\"target\":{\"@type\":\"EntryPoint\",\"urlTemplate\":\"https:\\\/\\\/www.muyjujuy.com\\\/?s={search_term_string}\"},\"query-input\":{\"@type\":\"PropertyValueSpecification\",\"valueRequired\":true,\"valueName\":\"search_term_string\"}}],\"inLanguage\":\"es-AR\"},{\"@type\":\"Organization\",\"@id\":\"https:\\\/\\\/www.muyjujuy.com\\\/#organization\",\"name\":\"Muy Jujuy\",\"url\":\"https:\\\/\\\/www.muyjujuy.com\\\/\",\"logo\":{\"@type\":\"ImageObject\",\"inLanguage\":\"es-AR\",\"@id\":\"https:\\\/\\\/www.muyjujuy.com\\\/#\\\/schema\\\/logo\\\/image\\\/\",\"url\":\"http:\\\/\\\/www.muyjujuy.com\\\/wp-content\\\/uploads\\\/2022\\\/05\\\/logo-mobil-jujuy.png\",\"contentUrl\":\"http:\\\/\\\/www.muyjujuy.com\\\/wp-content\\\/uploads\\\/2022\\\/05\\\/logo-mobil-jujuy.png\",\"width\":174,\"height\":81,\"caption\":\"Muy Jujuy\"},\"image\":{\"@id\":\"https:\\\/\\\/www.muyjujuy.com\\\/#\\\/schema\\\/logo\\\/image\\\/\"},\"sameAs\":[\"https:\\\/\\\/www.facebook.com\\\/muyjujuycom\",\"https:\\\/\\\/x.com\\\/muyjujuy\",\"https:\\\/\\\/www.instagram.com\\\/muyjujuycom\"]},{\"@type\":\"Person\",\"@id\":\"https:\\\/\\\/www.muyjujuy.com\\\/#\\\/schema\\\/person\\\/1d0f6e223ccea9e3f9034c1a5b683bf2\",\"name\":\"Redacci\u00f3n Muy Jujuy\",\"image\":{\"@type\":\"ImageObject\",\"inLanguage\":\"es-AR\",\"@id\":\"https:\\\/\\\/secure.gravatar.com\\\/avatar\\\/fec5f6f1893d741ed5eecccff109ce43e67a855411202a3212a058cb8e5c27d4?s=96&d=mm&r=g\",\"url\":\"https:\\\/\\\/secure.gravatar.com\\\/avatar\\\/fec5f6f1893d741ed5eecccff109ce43e67a855411202a3212a058cb8e5c27d4?s=96&d=mm&r=g\",\"contentUrl\":\"https:\\\/\\\/secure.gravatar.com\\\/avatar\\\/fec5f6f1893d741ed5eecccff109ce43e67a855411202a3212a058cb8e5c27d4?s=96&d=mm&r=g\",\"caption\":\"Redacci\u00f3n Muy Jujuy\"},\"url\":\"https:\\\/\\\/www.muyjujuy.com\\\/index.php\\\/author\\\/editor\\\/\"}]}<\/script>\n<!-- \/ Yoast SEO plugin. -->","yoast_head_json":{"title":"Incendios forestales en Jujuy: Provincia y Naci\u00f3n articulan acciones para robustecer la lucha contra el fuego - Muy Jujuy","description":"Desde el Ministerio de Ambiente nacional y provincial se firmaron una serie de convenios para combatir los incendios forestales.","robots":{"index":"index","follow":"follow","max-snippet":"max-snippet:-1","max-image-preview":"max-image-preview:large","max-video-preview":"max-video-preview:-1"},"canonical":"https:\/\/www.muyjujuy.com\/index.php\/2022\/09\/13\/incendios-forestales-en-jujuy-provincia-y-nacion-articulan-acciones-para-robustecer-la-lucha-contra-el-fuego\/","og_locale":"es_ES","og_type":"article","og_title":"Incendios forestales en Jujuy: Provincia y Naci\u00f3n articulan acciones para robustecer la lucha contra el fuego - Muy Jujuy","og_description":"Desde el Ministerio de Ambiente nacional y provincial se firmaron una serie de convenios para combatir los incendios forestales.","og_url":"https:\/\/www.muyjujuy.com\/index.php\/2022\/09\/13\/incendios-forestales-en-jujuy-provincia-y-nacion-articulan-acciones-para-robustecer-la-lucha-contra-el-fuego\/","og_site_name":"Muy Jujuy","article_publisher":"https:\/\/www.facebook.com\/muyjujuycom","article_published_time":"2022-09-13T17:27:12+00:00","article_modified_time":"2022-09-13T17:27:14+00:00","og_image":[{"width":1016,"height":675,"url":"https:\/\/www.muyjujuy.com\/wp-content\/uploads\/2022\/09\/WhatsApp-Image-2022-09-13-at-14.26.57.jpeg","type":"image\/jpeg"}],"author":"Redacci\u00f3n Muy Jujuy","twitter_card":"summary_large_image","twitter_creator":"@muyjujuy","twitter_site":"@muyjujuy","twitter_misc":{"Escrito por":"Redacci\u00f3n Muy Jujuy","Tiempo de lectura":"3 minutos"},"schema":{"@context":"https:\/\/schema.org","@graph":[{"@type":"Article","@id":"https:\/\/www.muyjujuy.com\/index.php\/2022\/09\/13\/incendios-forestales-en-jujuy-provincia-y-nacion-articulan-acciones-para-robustecer-la-lucha-contra-el-fuego\/#article","isPartOf":{"@id":"https:\/\/www.muyjujuy.com\/index.php\/2022\/09\/13\/incendios-forestales-en-jujuy-provincia-y-nacion-articulan-acciones-para-robustecer-la-lucha-contra-el-fuego\/"},"author":{"name":"Redacci\u00f3n Muy Jujuy","@id":"https:\/\/www.muyjujuy.com\/#\/schema\/person\/1d0f6e223ccea9e3f9034c1a5b683bf2"},"headline":"Incendios forestales en Jujuy: Provincia y Naci\u00f3n articulan acciones para robustecer la lucha contra el fuego","datePublished":"2022-09-13T17:27:12+00:00","dateModified":"2022-09-13T17:27:14+00:00","mainEntityOfPage":{"@id":"https:\/\/www.muyjujuy.com\/index.php\/2022\/09\/13\/incendios-forestales-en-jujuy-provincia-y-nacion-articulan-acciones-para-robustecer-la-lucha-contra-el-fuego\/"},"wordCount":524,"commentCount":0,"publisher":{"@id":"https:\/\/www.muyjujuy.com\/#organization"},"image":{"@id":"https:\/\/www.muyjujuy.com\/index.php\/2022\/09\/13\/incendios-forestales-en-jujuy-provincia-y-nacion-articulan-acciones-para-robustecer-la-lucha-contra-el-fuego\/#primaryimage"},"thumbnailUrl":"https:\/\/www.muyjujuy.com\/wp-content\/uploads\/2022\/09\/WhatsApp-Image-2022-09-13-at-14.26.57.jpeg","keywords":["Gerardo Morales","Jujuy"],"articleSection":["Pol\u00edtica"],"inLanguage":"es-AR","potentialAction":[{"@type":"CommentAction","name":"Comment","target":["https:\/\/www.muyjujuy.com\/index.php\/2022\/09\/13\/incendios-forestales-en-jujuy-provincia-y-nacion-articulan-acciones-para-robustecer-la-lucha-contra-el-fuego\/#respond"]}]},{"@type":"WebPage","@id":"https:\/\/www.muyjujuy.com\/index.php\/2022\/09\/13\/incendios-forestales-en-jujuy-provincia-y-nacion-articulan-acciones-para-robustecer-la-lucha-contra-el-fuego\/","url":"https:\/\/www.muyjujuy.com\/index.php\/2022\/09\/13\/incendios-forestales-en-jujuy-provincia-y-nacion-articulan-acciones-para-robustecer-la-lucha-contra-el-fuego\/","name":"Incendios forestales en Jujuy: Provincia y Naci\u00f3n articulan acciones para robustecer la lucha contra el fuego - Muy Jujuy","isPartOf":{"@id":"https:\/\/www.muyjujuy.com\/#website"},"primaryImageOfPage":{"@id":"https:\/\/www.muyjujuy.com\/index.php\/2022\/09\/13\/incendios-forestales-en-jujuy-provincia-y-nacion-articulan-acciones-para-robustecer-la-lucha-contra-el-fuego\/#primaryimage"},"image":{"@id":"https:\/\/www.muyjujuy.com\/index.php\/2022\/09\/13\/incendios-forestales-en-jujuy-provincia-y-nacion-articulan-acciones-para-robustecer-la-lucha-contra-el-fuego\/#primaryimage"},"thumbnailUrl":"https:\/\/www.muyjujuy.com\/wp-content\/uploads\/2022\/09\/WhatsApp-Image-2022-09-13-at-14.26.57.jpeg","datePublished":"2022-09-13T17:27:12+00:00","dateModified":"2022-09-13T17:27:14+00:00","description":"Desde el Ministerio de Ambiente nacional y provincial se firmaron una serie de convenios para combatir los incendios forestales.","breadcrumb":{"@id":"https:\/\/www.muyjujuy.com\/index.php\/2022\/09\/13\/incendios-forestales-en-jujuy-provincia-y-nacion-articulan-acciones-para-robustecer-la-lucha-contra-el-fuego\/#breadcrumb"},"inLanguage":"es-AR","potentialAction":[{"@type":"ReadAction","target":["https:\/\/www.muyjujuy.com\/index.php\/2022\/09\/13\/incendios-forestales-en-jujuy-provincia-y-nacion-articulan-acciones-para-robustecer-la-lucha-contra-el-fuego\/"]}]},{"@type":"ImageObject","inLanguage":"es-AR","@id":"https:\/\/www.muyjujuy.com\/index.php\/2022\/09\/13\/incendios-forestales-en-jujuy-provincia-y-nacion-articulan-acciones-para-robustecer-la-lucha-contra-el-fuego\/#primaryimage","url":"https:\/\/www.muyjujuy.com\/wp-content\/uploads\/2022\/09\/WhatsApp-Image-2022-09-13-at-14.26.57.jpeg","contentUrl":"https:\/\/www.muyjujuy.com\/wp-content\/uploads\/2022\/09\/WhatsApp-Image-2022-09-13-at-14.26.57.jpeg","width":1016,"height":675},{"@type":"BreadcrumbList","@id":"https:\/\/www.muyjujuy.com\/index.php\/2022\/09\/13\/incendios-forestales-en-jujuy-provincia-y-nacion-articulan-acciones-para-robustecer-la-lucha-contra-el-fuego\/#breadcrumb","itemListElement":[{"@type":"ListItem","position":1,"name":"Inicio","item":"https:\/\/www.muyjujuy.com\/"},{"@type":"ListItem","position":2,"name":"Incendios forestales en Jujuy: Provincia y Naci\u00f3n articulan acciones para robustecer la lucha contra el fuego"}]},{"@type":"WebSite","@id":"https:\/\/www.muyjujuy.com\/#website","url":"https:\/\/www.muyjujuy.com\/","name":"Muy Jujuy","description":"","publisher":{"@id":"https:\/\/www.muyjujuy.com\/#organization"},"potentialAction":[{"@type":"SearchAction","target":{"@type":"EntryPoint","urlTemplate":"https:\/\/www.muyjujuy.com\/?s={search_term_string}"},"query-input":{"@type":"PropertyValueSpecification","valueRequired":true,"valueName":"search_term_string"}}],"inLanguage":"es-AR"},{"@type":"Organization","@id":"https:\/\/www.muyjujuy.com\/#organization","name":"Muy Jujuy","url":"https:\/\/www.muyjujuy.com\/","logo":{"@type":"ImageObject","inLanguage":"es-AR","@id":"https:\/\/www.muyjujuy.com\/#\/schema\/logo\/image\/","url":"http:\/\/www.muyjujuy.com\/wp-content\/uploads\/2022\/05\/logo-mobil-jujuy.png","contentUrl":"http:\/\/www.muyjujuy.com\/wp-content\/uploads\/2022\/05\/logo-mobil-jujuy.png","width":174,"height":81,"caption":"Muy Jujuy"},"image":{"@id":"https:\/\/www.muyjujuy.com\/#\/schema\/logo\/image\/"},"sameAs":["https:\/\/www.facebook.com\/muyjujuycom","https:\/\/x.com\/muyjujuy","https:\/\/www.instagram.com\/muyjujuycom"]},{"@type":"Person","@id":"https:\/\/www.muyjujuy.com\/#\/schema\/person\/1d0f6e223ccea9e3f9034c1a5b683bf2","name":"Redacci\u00f3n Muy Jujuy","image":{"@type":"ImageObject","inLanguage":"es-AR","@id":"https:\/\/secure.gravatar.com\/avatar\/fec5f6f1893d741ed5eecccff109ce43e67a855411202a3212a058cb8e5c27d4?s=96&d=mm&r=g","url":"https:\/\/secure.gravatar.com\/avatar\/fec5f6f1893d741ed5eecccff109ce43e67a855411202a3212a058cb8e5c27d4?s=96&d=mm&r=g","contentUrl":"https:\/\/secure.gravatar.com\/avatar\/fec5f6f1893d741ed5eecccff109ce43e67a855411202a3212a058cb8e5c27d4?s=96&d=mm&r=g","caption":"Redacci\u00f3n Muy Jujuy"},"url":"https:\/\/www.muyjujuy.com\/index.php\/author\/editor\/"}]}},"_links":{"self":[{"href":"https:\/\/www.muyjujuy.com\/index.php\/wp-json\/wp\/v2\/posts\/1464","targetHints":{"allow":["GET"]}}],"collection":[{"href":"https:\/\/www.muyjujuy.com\/index.php\/wp-json\/wp\/v2\/posts"}],"about":[{"href":"https:\/\/www.muyjujuy.com\/index.php\/wp-json\/wp\/v2\/types\/post"}],"author":[{"embeddable":true,"href":"https:\/\/www.muyjujuy.com\/index.php\/wp-json\/wp\/v2\/users\/3"}],"replies":[{"embeddable":true,"href":"https:\/\/www.muyjujuy.com\/index.php\/wp-json\/wp\/v2\/comments?post=1464"}],"version-history":[{"count":1,"href":"https:\/\/www.muyjujuy.com\/index.php\/wp-json\/wp\/v2\/posts\/1464\/revisions"}],"predecessor-version":[{"id":1466,"href":"https:\/\/www.muyjujuy.com\/index.php\/wp-json\/wp\/v2\/posts\/1464\/revisions\/1466"}],"wp:featuredmedia":[{"embeddable":true,"href":"https:\/\/www.muyjujuy.com\/index.php\/wp-json\/wp\/v2\/media\/1465"}],"wp:attachment":[{"href":"https:\/\/www.muyjujuy.com\/index.php\/wp-json\/wp\/v2\/media?parent=1464"}],"wp:term":[{"taxonomy":"category","embeddable":true,"href":"https:\/\/www.muyjujuy.com\/index.php\/wp-json\/wp\/v2\/categories?post=1464"},{"taxonomy":"post_tag","embeddable":true,"href":"https:\/\/www.muyjujuy.com\/index.php\/wp-json\/wp\/v2\/tags?post=1464"}],"curies":[{"name":"wp","href":"https:\/\/api.w.org\/{rel}","templated":true}]}}