{"id":1480,"date":"2022-09-14T13:59:45","date_gmt":"2022-09-14T16:59:45","guid":{"rendered":"https:\/\/www.muyjujuy.com\/?p=1480"},"modified":"2022-09-14T13:59:47","modified_gmt":"2022-09-14T16:59:47","slug":"morales-puso-en-marcha-el-proyecto-de-museologia-y-museografia-para-el-centro-cultural-lola-mora","status":"publish","type":"post","link":"https:\/\/www.muyjujuy.com\/index.php\/2022\/09\/14\/morales-puso-en-marcha-el-proyecto-de-museologia-y-museografia-para-el-centro-cultural-lola-mora\/","title":{"rendered":"Morales puso en marcha el proyecto de museolog\u00eda y museograf\u00eda para el Centro Cultural Lola Mora"},"content":{"rendered":"\n<p><em>El proyecto de museolog\u00eda y museograf\u00eda tendr\u00e1 c\u00f3mo objetivo contar la actitud progresista de la escultora que eligi\u00f3 Jujuy en sus \u00faltimos a\u00f1os de su vida.<\/em><\/p>\n\n\n\n<p>El gobernador de Jujuy, <strong>Gerardo Morales<\/strong>, firm\u00f3 el convenio para poner en marcha el proyecto e museolog\u00eda y museograf\u00eda en el <strong>Centro Cultural Lola Mora<\/strong>. El proyecto tiene como principal precursora a Tulia Snopek junto a un equipo de la comunidad especializada en arte.<br>T<br>Tambi\u00e9n participaron el ministro de Infraestructura, <strong>Carlos Stanic<\/strong>; y el representante de la empresa Mude S.A., <strong>Nicol\u00e1s L\u00f3pez Fagundes.<\/strong><br><br>El impulso y seguimiento del proyecto, estuvo a cargo de Snopek, <strong>a fin de que el centro cultural sea un espacio de resguardo, exhibici\u00f3n e interpretaci\u00f3n.<\/strong><br><br><strong>&#8220;Es un gusto poder dar un paso m\u00e1s hacia la ejecuci\u00f3n de este proyecto de arte&#8221;, <\/strong>enfatiz\u00f3 Morales. Adem\u00e1s, hizo especial menci\u00f3n del rol que cumpli\u00f3 el reconocido arquitecto C\u00e9sar Pelli. <\/p>\n\n\n\n<p>Al respecto, resalt\u00f3 que <strong>&#8220;es el mejor arquitecto que dio la Argentina para el mundo&#8221; <\/strong>y remarc\u00f3 que \u201cesta es la \u00faltima obra de Pelli en el mundo&#8221;.<\/p>\n\n\n\n<p> \u201cEste proyecto reafirma a nuestra cultura, a nuestra diversidad, reafirma a nuestro Jujuy que tendr\u00e1 en esta obra una vidriera al mundo\u201d, finaliz\u00f3 el gobernador. <\/p>\n\n\n\n<h2 class=\"wp-block-heading\"><strong>Museolog\u00eda y museograf\u00eda para el Centro Cultural Lola Mora<\/strong><\/h2>\n\n\n\n<p>A su turno, Tulia Snopek se\u00f1al\u00f3 que \u201cla museolog\u00eda y la museograf\u00eda contar\u00e1n c\u00f3mo y qu\u00e9 del arte\u201d, y agreg\u00f3 que <strong>\u201ceste es el coraz\u00f3n del centro cultural\u201d.<\/strong><\/p>\n\n\n\n<p>Explic\u00f3, adem\u00e1s, que &#8220;<strong>a trav\u00e9s de este proyecto se va contar la actitud progresista de la escultora que eligi\u00f3 Jujuy en sus \u00faltimos a\u00f1os de su vida\u201d. <\/strong><\/p>\n\n\n\n<p>\u201cEste proyecto tiene visi\u00f3n de futuro, para que disfruten los juje\u00f1os y todos los turistas del mundo&#8221;, defini\u00f3 y recalc\u00f3 que el centro cultural albergar\u00e1 las obras La Paz, La Justicia y El Progreso que <strong>&#8220;son los pilares de este gobierno&#8221;<\/strong>. <\/p>\n","protected":false},"excerpt":{"rendered":"<p>El proyecto de museolog\u00eda y museograf\u00eda tendr\u00e1 c\u00f3mo objetivo contar la actitud progresista de la escultora que eligi\u00f3 Jujuy en sus \u00faltimos a\u00f1os de su vida. El gobernador de Jujuy, Gerardo Morales, firm\u00f3 el convenio para poner en marcha el proyecto e museolog\u00eda y museograf\u00eda en el Centro Cultural Lola Mora. El proyecto tiene como [&hellip;]<\/p>\n","protected":false},"author":3,"featured_media":1481,"comment_status":"open","ping_status":"open","sticky":false,"template":"","format":"standard","meta":{"footnotes":""},"categories":[24],"tags":[5,8],"class_list":{"0":"post-1480","1":"post","2":"type-post","3":"status-publish","4":"format-standard","5":"has-post-thumbnail","7":"category-politica","8":"tag-gerardo-morales","9":"tag-jujuy"},"yoast_head":"<!-- This site is optimized with the Yoast SEO plugin v27.5 - https:\/\/yoast.com\/product\/yoast-seo-wordpress\/ -->\n<title>Morales puso en marcha el proyecto de museolog\u00eda y museograf\u00eda para el Centro Cultural Lola Mora - Muy Jujuy<\/title>\n<meta name=\"description\" content=\"El proyecto de museolog\u00eda y museograf\u00eda tendr\u00e1 c\u00f3mo objetivo contar la actitud progresista de la escultora que eligi\u00f3 Jujuy en sus \u00faltimos a\u00f1os de su vida.\" \/>\n<meta name=\"robots\" content=\"index, follow, max-snippet:-1, max-image-preview:large, max-video-preview:-1\" \/>\n<link rel=\"canonical\" href=\"https:\/\/www.muyjujuy.com\/index.php\/2022\/09\/14\/morales-puso-en-marcha-el-proyecto-de-museologia-y-museografia-para-el-centro-cultural-lola-mora\/\" \/>\n<meta property=\"og:locale\" content=\"es_ES\" \/>\n<meta property=\"og:type\" content=\"article\" \/>\n<meta property=\"og:title\" content=\"Morales puso en marcha el proyecto de museolog\u00eda y museograf\u00eda para el Centro Cultural Lola Mora - Muy Jujuy\" \/>\n<meta property=\"og:description\" content=\"El proyecto de museolog\u00eda y museograf\u00eda tendr\u00e1 c\u00f3mo objetivo contar la actitud progresista de la escultora que eligi\u00f3 Jujuy en sus \u00faltimos a\u00f1os de su vida.\" \/>\n<meta property=\"og:url\" content=\"https:\/\/www.muyjujuy.com\/index.php\/2022\/09\/14\/morales-puso-en-marcha-el-proyecto-de-museologia-y-museografia-para-el-centro-cultural-lola-mora\/\" \/>\n<meta property=\"og:site_name\" content=\"Muy Jujuy\" \/>\n<meta property=\"article:publisher\" content=\"https:\/\/www.facebook.com\/muyjujuycom\" \/>\n<meta property=\"article:published_time\" content=\"2022-09-14T16:59:45+00:00\" \/>\n<meta property=\"article:modified_time\" content=\"2022-09-14T16:59:47+00:00\" \/>\n<meta property=\"og:image\" content=\"https:\/\/www.muyjujuy.com\/wp-content\/uploads\/2022\/09\/WhatsApp-Image-2022-09-14-at-13.52.07.jpeg\" \/>\n\t<meta property=\"og:image:width\" content=\"1121\" \/>\n\t<meta property=\"og:image:height\" content=\"633\" \/>\n\t<meta property=\"og:image:type\" content=\"image\/jpeg\" \/>\n<meta name=\"author\" content=\"Redacci\u00f3n Muy Jujuy\" \/>\n<meta name=\"twitter:card\" content=\"summary_large_image\" \/>\n<meta name=\"twitter:creator\" content=\"@muyjujuy\" \/>\n<meta name=\"twitter:site\" content=\"@muyjujuy\" \/>\n<meta name=\"twitter:label1\" content=\"Escrito por\" \/>\n\t<meta name=\"twitter:data1\" content=\"Redacci\u00f3n Muy Jujuy\" \/>\n\t<meta name=\"twitter:label2\" content=\"Tiempo de lectura\" \/>\n\t<meta name=\"twitter:data2\" content=\"2 minutos\" \/>\n<script type=\"application\/ld+json\" class=\"yoast-schema-graph\">{\"@context\":\"https:\\\/\\\/schema.org\",\"@graph\":[{\"@type\":\"Article\",\"@id\":\"https:\\\/\\\/www.muyjujuy.com\\\/index.php\\\/2022\\\/09\\\/14\\\/morales-puso-en-marcha-el-proyecto-de-museologia-y-museografia-para-el-centro-cultural-lola-mora\\\/#article\",\"isPartOf\":{\"@id\":\"https:\\\/\\\/www.muyjujuy.com\\\/index.php\\\/2022\\\/09\\\/14\\\/morales-puso-en-marcha-el-proyecto-de-museologia-y-museografia-para-el-centro-cultural-lola-mora\\\/\"},\"author\":{\"name\":\"Redacci\u00f3n Muy Jujuy\",\"@id\":\"https:\\\/\\\/www.muyjujuy.com\\\/#\\\/schema\\\/person\\\/1d0f6e223ccea9e3f9034c1a5b683bf2\"},\"headline\":\"Morales puso en marcha el proyecto de museolog\u00eda y museograf\u00eda para el Centro Cultural Lola Mora\",\"datePublished\":\"2022-09-14T16:59:45+00:00\",\"dateModified\":\"2022-09-14T16:59:47+00:00\",\"mainEntityOfPage\":{\"@id\":\"https:\\\/\\\/www.muyjujuy.com\\\/index.php\\\/2022\\\/09\\\/14\\\/morales-puso-en-marcha-el-proyecto-de-museologia-y-museografia-para-el-centro-cultural-lola-mora\\\/\"},\"wordCount\":352,\"commentCount\":0,\"publisher\":{\"@id\":\"https:\\\/\\\/www.muyjujuy.com\\\/#organization\"},\"image\":{\"@id\":\"https:\\\/\\\/www.muyjujuy.com\\\/index.php\\\/2022\\\/09\\\/14\\\/morales-puso-en-marcha-el-proyecto-de-museologia-y-museografia-para-el-centro-cultural-lola-mora\\\/#primaryimage\"},\"thumbnailUrl\":\"https:\\\/\\\/www.muyjujuy.com\\\/wp-content\\\/uploads\\\/2022\\\/09\\\/WhatsApp-Image-2022-09-14-at-13.52.07.jpeg\",\"keywords\":[\"Gerardo Morales\",\"Jujuy\"],\"articleSection\":[\"Pol\u00edtica\"],\"inLanguage\":\"es-AR\",\"potentialAction\":[{\"@type\":\"CommentAction\",\"name\":\"Comment\",\"target\":[\"https:\\\/\\\/www.muyjujuy.com\\\/index.php\\\/2022\\\/09\\\/14\\\/morales-puso-en-marcha-el-proyecto-de-museologia-y-museografia-para-el-centro-cultural-lola-mora\\\/#respond\"]}]},{\"@type\":\"WebPage\",\"@id\":\"https:\\\/\\\/www.muyjujuy.com\\\/index.php\\\/2022\\\/09\\\/14\\\/morales-puso-en-marcha-el-proyecto-de-museologia-y-museografia-para-el-centro-cultural-lola-mora\\\/\",\"url\":\"https:\\\/\\\/www.muyjujuy.com\\\/index.php\\\/2022\\\/09\\\/14\\\/morales-puso-en-marcha-el-proyecto-de-museologia-y-museografia-para-el-centro-cultural-lola-mora\\\/\",\"name\":\"Morales puso en marcha el proyecto de museolog\u00eda y museograf\u00eda para el Centro Cultural Lola Mora - Muy Jujuy\",\"isPartOf\":{\"@id\":\"https:\\\/\\\/www.muyjujuy.com\\\/#website\"},\"primaryImageOfPage\":{\"@id\":\"https:\\\/\\\/www.muyjujuy.com\\\/index.php\\\/2022\\\/09\\\/14\\\/morales-puso-en-marcha-el-proyecto-de-museologia-y-museografia-para-el-centro-cultural-lola-mora\\\/#primaryimage\"},\"image\":{\"@id\":\"https:\\\/\\\/www.muyjujuy.com\\\/index.php\\\/2022\\\/09\\\/14\\\/morales-puso-en-marcha-el-proyecto-de-museologia-y-museografia-para-el-centro-cultural-lola-mora\\\/#primaryimage\"},\"thumbnailUrl\":\"https:\\\/\\\/www.muyjujuy.com\\\/wp-content\\\/uploads\\\/2022\\\/09\\\/WhatsApp-Image-2022-09-14-at-13.52.07.jpeg\",\"datePublished\":\"2022-09-14T16:59:45+00:00\",\"dateModified\":\"2022-09-14T16:59:47+00:00\",\"description\":\"El proyecto de museolog\u00eda y museograf\u00eda tendr\u00e1 c\u00f3mo objetivo contar la actitud progresista de la escultora que eligi\u00f3 Jujuy en sus \u00faltimos a\u00f1os de su vida.\",\"breadcrumb\":{\"@id\":\"https:\\\/\\\/www.muyjujuy.com\\\/index.php\\\/2022\\\/09\\\/14\\\/morales-puso-en-marcha-el-proyecto-de-museologia-y-museografia-para-el-centro-cultural-lola-mora\\\/#breadcrumb\"},\"inLanguage\":\"es-AR\",\"potentialAction\":[{\"@type\":\"ReadAction\",\"target\":[\"https:\\\/\\\/www.muyjujuy.com\\\/index.php\\\/2022\\\/09\\\/14\\\/morales-puso-en-marcha-el-proyecto-de-museologia-y-museografia-para-el-centro-cultural-lola-mora\\\/\"]}]},{\"@type\":\"ImageObject\",\"inLanguage\":\"es-AR\",\"@id\":\"https:\\\/\\\/www.muyjujuy.com\\\/index.php\\\/2022\\\/09\\\/14\\\/morales-puso-en-marcha-el-proyecto-de-museologia-y-museografia-para-el-centro-cultural-lola-mora\\\/#primaryimage\",\"url\":\"https:\\\/\\\/www.muyjujuy.com\\\/wp-content\\\/uploads\\\/2022\\\/09\\\/WhatsApp-Image-2022-09-14-at-13.52.07.jpeg\",\"contentUrl\":\"https:\\\/\\\/www.muyjujuy.com\\\/wp-content\\\/uploads\\\/2022\\\/09\\\/WhatsApp-Image-2022-09-14-at-13.52.07.jpeg\",\"width\":1121,\"height\":633},{\"@type\":\"BreadcrumbList\",\"@id\":\"https:\\\/\\\/www.muyjujuy.com\\\/index.php\\\/2022\\\/09\\\/14\\\/morales-puso-en-marcha-el-proyecto-de-museologia-y-museografia-para-el-centro-cultural-lola-mora\\\/#breadcrumb\",\"itemListElement\":[{\"@type\":\"ListItem\",\"position\":1,\"name\":\"Inicio\",\"item\":\"https:\\\/\\\/www.muyjujuy.com\\\/\"},{\"@type\":\"ListItem\",\"position\":2,\"name\":\"Morales puso en marcha el proyecto de museolog\u00eda y museograf\u00eda para el Centro Cultural Lola Mora\"}]},{\"@type\":\"WebSite\",\"@id\":\"https:\\\/\\\/www.muyjujuy.com\\\/#website\",\"url\":\"https:\\\/\\\/www.muyjujuy.com\\\/\",\"name\":\"Muy Jujuy\",\"description\":\"\",\"publisher\":{\"@id\":\"https:\\\/\\\/www.muyjujuy.com\\\/#organization\"},\"potentialAction\":[{\"@type\":\"SearchAction\",\"target\":{\"@type\":\"EntryPoint\",\"urlTemplate\":\"https:\\\/\\\/www.muyjujuy.com\\\/?s={search_term_string}\"},\"query-input\":{\"@type\":\"PropertyValueSpecification\",\"valueRequired\":true,\"valueName\":\"search_term_string\"}}],\"inLanguage\":\"es-AR\"},{\"@type\":\"Organization\",\"@id\":\"https:\\\/\\\/www.muyjujuy.com\\\/#organization\",\"name\":\"Muy Jujuy\",\"url\":\"https:\\\/\\\/www.muyjujuy.com\\\/\",\"logo\":{\"@type\":\"ImageObject\",\"inLanguage\":\"es-AR\",\"@id\":\"https:\\\/\\\/www.muyjujuy.com\\\/#\\\/schema\\\/logo\\\/image\\\/\",\"url\":\"http:\\\/\\\/www.muyjujuy.com\\\/wp-content\\\/uploads\\\/2022\\\/05\\\/logo-mobil-jujuy.png\",\"contentUrl\":\"http:\\\/\\\/www.muyjujuy.com\\\/wp-content\\\/uploads\\\/2022\\\/05\\\/logo-mobil-jujuy.png\",\"width\":174,\"height\":81,\"caption\":\"Muy Jujuy\"},\"image\":{\"@id\":\"https:\\\/\\\/www.muyjujuy.com\\\/#\\\/schema\\\/logo\\\/image\\\/\"},\"sameAs\":[\"https:\\\/\\\/www.facebook.com\\\/muyjujuycom\",\"https:\\\/\\\/x.com\\\/muyjujuy\",\"https:\\\/\\\/www.instagram.com\\\/muyjujuycom\"]},{\"@type\":\"Person\",\"@id\":\"https:\\\/\\\/www.muyjujuy.com\\\/#\\\/schema\\\/person\\\/1d0f6e223ccea9e3f9034c1a5b683bf2\",\"name\":\"Redacci\u00f3n Muy Jujuy\",\"image\":{\"@type\":\"ImageObject\",\"inLanguage\":\"es-AR\",\"@id\":\"https:\\\/\\\/secure.gravatar.com\\\/avatar\\\/fec5f6f1893d741ed5eecccff109ce43e67a855411202a3212a058cb8e5c27d4?s=96&d=mm&r=g\",\"url\":\"https:\\\/\\\/secure.gravatar.com\\\/avatar\\\/fec5f6f1893d741ed5eecccff109ce43e67a855411202a3212a058cb8e5c27d4?s=96&d=mm&r=g\",\"contentUrl\":\"https:\\\/\\\/secure.gravatar.com\\\/avatar\\\/fec5f6f1893d741ed5eecccff109ce43e67a855411202a3212a058cb8e5c27d4?s=96&d=mm&r=g\",\"caption\":\"Redacci\u00f3n Muy Jujuy\"},\"url\":\"https:\\\/\\\/www.muyjujuy.com\\\/index.php\\\/author\\\/editor\\\/\"}]}<\/script>\n<!-- \/ Yoast SEO plugin. -->","yoast_head_json":{"title":"Morales puso en marcha el proyecto de museolog\u00eda y museograf\u00eda para el Centro Cultural Lola Mora - Muy Jujuy","description":"El proyecto de museolog\u00eda y museograf\u00eda tendr\u00e1 c\u00f3mo objetivo contar la actitud progresista de la escultora que eligi\u00f3 Jujuy en sus \u00faltimos a\u00f1os de su vida.","robots":{"index":"index","follow":"follow","max-snippet":"max-snippet:-1","max-image-preview":"max-image-preview:large","max-video-preview":"max-video-preview:-1"},"canonical":"https:\/\/www.muyjujuy.com\/index.php\/2022\/09\/14\/morales-puso-en-marcha-el-proyecto-de-museologia-y-museografia-para-el-centro-cultural-lola-mora\/","og_locale":"es_ES","og_type":"article","og_title":"Morales puso en marcha el proyecto de museolog\u00eda y museograf\u00eda para el Centro Cultural Lola Mora - Muy Jujuy","og_description":"El proyecto de museolog\u00eda y museograf\u00eda tendr\u00e1 c\u00f3mo objetivo contar la actitud progresista de la escultora que eligi\u00f3 Jujuy en sus \u00faltimos a\u00f1os de su vida.","og_url":"https:\/\/www.muyjujuy.com\/index.php\/2022\/09\/14\/morales-puso-en-marcha-el-proyecto-de-museologia-y-museografia-para-el-centro-cultural-lola-mora\/","og_site_name":"Muy Jujuy","article_publisher":"https:\/\/www.facebook.com\/muyjujuycom","article_published_time":"2022-09-14T16:59:45+00:00","article_modified_time":"2022-09-14T16:59:47+00:00","og_image":[{"width":1121,"height":633,"url":"https:\/\/www.muyjujuy.com\/wp-content\/uploads\/2022\/09\/WhatsApp-Image-2022-09-14-at-13.52.07.jpeg","type":"image\/jpeg"}],"author":"Redacci\u00f3n Muy Jujuy","twitter_card":"summary_large_image","twitter_creator":"@muyjujuy","twitter_site":"@muyjujuy","twitter_misc":{"Escrito por":"Redacci\u00f3n Muy Jujuy","Tiempo de lectura":"2 minutos"},"schema":{"@context":"https:\/\/schema.org","@graph":[{"@type":"Article","@id":"https:\/\/www.muyjujuy.com\/index.php\/2022\/09\/14\/morales-puso-en-marcha-el-proyecto-de-museologia-y-museografia-para-el-centro-cultural-lola-mora\/#article","isPartOf":{"@id":"https:\/\/www.muyjujuy.com\/index.php\/2022\/09\/14\/morales-puso-en-marcha-el-proyecto-de-museologia-y-museografia-para-el-centro-cultural-lola-mora\/"},"author":{"name":"Redacci\u00f3n Muy Jujuy","@id":"https:\/\/www.muyjujuy.com\/#\/schema\/person\/1d0f6e223ccea9e3f9034c1a5b683bf2"},"headline":"Morales puso en marcha el proyecto de museolog\u00eda y museograf\u00eda para el Centro Cultural Lola Mora","datePublished":"2022-09-14T16:59:45+00:00","dateModified":"2022-09-14T16:59:47+00:00","mainEntityOfPage":{"@id":"https:\/\/www.muyjujuy.com\/index.php\/2022\/09\/14\/morales-puso-en-marcha-el-proyecto-de-museologia-y-museografia-para-el-centro-cultural-lola-mora\/"},"wordCount":352,"commentCount":0,"publisher":{"@id":"https:\/\/www.muyjujuy.com\/#organization"},"image":{"@id":"https:\/\/www.muyjujuy.com\/index.php\/2022\/09\/14\/morales-puso-en-marcha-el-proyecto-de-museologia-y-museografia-para-el-centro-cultural-lola-mora\/#primaryimage"},"thumbnailUrl":"https:\/\/www.muyjujuy.com\/wp-content\/uploads\/2022\/09\/WhatsApp-Image-2022-09-14-at-13.52.07.jpeg","keywords":["Gerardo Morales","Jujuy"],"articleSection":["Pol\u00edtica"],"inLanguage":"es-AR","potentialAction":[{"@type":"CommentAction","name":"Comment","target":["https:\/\/www.muyjujuy.com\/index.php\/2022\/09\/14\/morales-puso-en-marcha-el-proyecto-de-museologia-y-museografia-para-el-centro-cultural-lola-mora\/#respond"]}]},{"@type":"WebPage","@id":"https:\/\/www.muyjujuy.com\/index.php\/2022\/09\/14\/morales-puso-en-marcha-el-proyecto-de-museologia-y-museografia-para-el-centro-cultural-lola-mora\/","url":"https:\/\/www.muyjujuy.com\/index.php\/2022\/09\/14\/morales-puso-en-marcha-el-proyecto-de-museologia-y-museografia-para-el-centro-cultural-lola-mora\/","name":"Morales puso en marcha el proyecto de museolog\u00eda y museograf\u00eda para el Centro Cultural Lola Mora - Muy Jujuy","isPartOf":{"@id":"https:\/\/www.muyjujuy.com\/#website"},"primaryImageOfPage":{"@id":"https:\/\/www.muyjujuy.com\/index.php\/2022\/09\/14\/morales-puso-en-marcha-el-proyecto-de-museologia-y-museografia-para-el-centro-cultural-lola-mora\/#primaryimage"},"image":{"@id":"https:\/\/www.muyjujuy.com\/index.php\/2022\/09\/14\/morales-puso-en-marcha-el-proyecto-de-museologia-y-museografia-para-el-centro-cultural-lola-mora\/#primaryimage"},"thumbnailUrl":"https:\/\/www.muyjujuy.com\/wp-content\/uploads\/2022\/09\/WhatsApp-Image-2022-09-14-at-13.52.07.jpeg","datePublished":"2022-09-14T16:59:45+00:00","dateModified":"2022-09-14T16:59:47+00:00","description":"El proyecto de museolog\u00eda y museograf\u00eda tendr\u00e1 c\u00f3mo objetivo contar la actitud progresista de la escultora que eligi\u00f3 Jujuy en sus \u00faltimos a\u00f1os de su vida.","breadcrumb":{"@id":"https:\/\/www.muyjujuy.com\/index.php\/2022\/09\/14\/morales-puso-en-marcha-el-proyecto-de-museologia-y-museografia-para-el-centro-cultural-lola-mora\/#breadcrumb"},"inLanguage":"es-AR","potentialAction":[{"@type":"ReadAction","target":["https:\/\/www.muyjujuy.com\/index.php\/2022\/09\/14\/morales-puso-en-marcha-el-proyecto-de-museologia-y-museografia-para-el-centro-cultural-lola-mora\/"]}]},{"@type":"ImageObject","inLanguage":"es-AR","@id":"https:\/\/www.muyjujuy.com\/index.php\/2022\/09\/14\/morales-puso-en-marcha-el-proyecto-de-museologia-y-museografia-para-el-centro-cultural-lola-mora\/#primaryimage","url":"https:\/\/www.muyjujuy.com\/wp-content\/uploads\/2022\/09\/WhatsApp-Image-2022-09-14-at-13.52.07.jpeg","contentUrl":"https:\/\/www.muyjujuy.com\/wp-content\/uploads\/2022\/09\/WhatsApp-Image-2022-09-14-at-13.52.07.jpeg","width":1121,"height":633},{"@type":"BreadcrumbList","@id":"https:\/\/www.muyjujuy.com\/index.php\/2022\/09\/14\/morales-puso-en-marcha-el-proyecto-de-museologia-y-museografia-para-el-centro-cultural-lola-mora\/#breadcrumb","itemListElement":[{"@type":"ListItem","position":1,"name":"Inicio","item":"https:\/\/www.muyjujuy.com\/"},{"@type":"ListItem","position":2,"name":"Morales puso en marcha el proyecto de museolog\u00eda y museograf\u00eda para el Centro Cultural Lola Mora"}]},{"@type":"WebSite","@id":"https:\/\/www.muyjujuy.com\/#website","url":"https:\/\/www.muyjujuy.com\/","name":"Muy Jujuy","description":"","publisher":{"@id":"https:\/\/www.muyjujuy.com\/#organization"},"potentialAction":[{"@type":"SearchAction","target":{"@type":"EntryPoint","urlTemplate":"https:\/\/www.muyjujuy.com\/?s={search_term_string}"},"query-input":{"@type":"PropertyValueSpecification","valueRequired":true,"valueName":"search_term_string"}}],"inLanguage":"es-AR"},{"@type":"Organization","@id":"https:\/\/www.muyjujuy.com\/#organization","name":"Muy Jujuy","url":"https:\/\/www.muyjujuy.com\/","logo":{"@type":"ImageObject","inLanguage":"es-AR","@id":"https:\/\/www.muyjujuy.com\/#\/schema\/logo\/image\/","url":"http:\/\/www.muyjujuy.com\/wp-content\/uploads\/2022\/05\/logo-mobil-jujuy.png","contentUrl":"http:\/\/www.muyjujuy.com\/wp-content\/uploads\/2022\/05\/logo-mobil-jujuy.png","width":174,"height":81,"caption":"Muy Jujuy"},"image":{"@id":"https:\/\/www.muyjujuy.com\/#\/schema\/logo\/image\/"},"sameAs":["https:\/\/www.facebook.com\/muyjujuycom","https:\/\/x.com\/muyjujuy","https:\/\/www.instagram.com\/muyjujuycom"]},{"@type":"Person","@id":"https:\/\/www.muyjujuy.com\/#\/schema\/person\/1d0f6e223ccea9e3f9034c1a5b683bf2","name":"Redacci\u00f3n Muy Jujuy","image":{"@type":"ImageObject","inLanguage":"es-AR","@id":"https:\/\/secure.gravatar.com\/avatar\/fec5f6f1893d741ed5eecccff109ce43e67a855411202a3212a058cb8e5c27d4?s=96&d=mm&r=g","url":"https:\/\/secure.gravatar.com\/avatar\/fec5f6f1893d741ed5eecccff109ce43e67a855411202a3212a058cb8e5c27d4?s=96&d=mm&r=g","contentUrl":"https:\/\/secure.gravatar.com\/avatar\/fec5f6f1893d741ed5eecccff109ce43e67a855411202a3212a058cb8e5c27d4?s=96&d=mm&r=g","caption":"Redacci\u00f3n Muy Jujuy"},"url":"https:\/\/www.muyjujuy.com\/index.php\/author\/editor\/"}]}},"_links":{"self":[{"href":"https:\/\/www.muyjujuy.com\/index.php\/wp-json\/wp\/v2\/posts\/1480","targetHints":{"allow":["GET"]}}],"collection":[{"href":"https:\/\/www.muyjujuy.com\/index.php\/wp-json\/wp\/v2\/posts"}],"about":[{"href":"https:\/\/www.muyjujuy.com\/index.php\/wp-json\/wp\/v2\/types\/post"}],"author":[{"embeddable":true,"href":"https:\/\/www.muyjujuy.com\/index.php\/wp-json\/wp\/v2\/users\/3"}],"replies":[{"embeddable":true,"href":"https:\/\/www.muyjujuy.com\/index.php\/wp-json\/wp\/v2\/comments?post=1480"}],"version-history":[{"count":1,"href":"https:\/\/www.muyjujuy.com\/index.php\/wp-json\/wp\/v2\/posts\/1480\/revisions"}],"predecessor-version":[{"id":1482,"href":"https:\/\/www.muyjujuy.com\/index.php\/wp-json\/wp\/v2\/posts\/1480\/revisions\/1482"}],"wp:featuredmedia":[{"embeddable":true,"href":"https:\/\/www.muyjujuy.com\/index.php\/wp-json\/wp\/v2\/media\/1481"}],"wp:attachment":[{"href":"https:\/\/www.muyjujuy.com\/index.php\/wp-json\/wp\/v2\/media?parent=1480"}],"wp:term":[{"taxonomy":"category","embeddable":true,"href":"https:\/\/www.muyjujuy.com\/index.php\/wp-json\/wp\/v2\/categories?post=1480"},{"taxonomy":"post_tag","embeddable":true,"href":"https:\/\/www.muyjujuy.com\/index.php\/wp-json\/wp\/v2\/tags?post=1480"}],"curies":[{"name":"wp","href":"https:\/\/api.w.org\/{rel}","templated":true}]}}