{"id":1498,"date":"2022-09-16T11:30:15","date_gmt":"2022-09-16T14:30:15","guid":{"rendered":"https:\/\/www.muyjujuy.com\/?p=1498"},"modified":"2022-09-16T11:30:17","modified_gmt":"2022-09-16T14:30:17","slug":"el-norte-grande-lleva-a-estados-unidos-su-potencial-productivo-industrial-turistico-y-cultural","status":"publish","type":"post","link":"https:\/\/www.muyjujuy.com\/index.php\/2022\/09\/16\/el-norte-grande-lleva-a-estados-unidos-su-potencial-productivo-industrial-turistico-y-cultural\/","title":{"rendered":"El Norte Grande lleva a Estados Unidos su potencial productivo, industrial, tur\u00edstico y cultural"},"content":{"rendered":"\n<p><em>Los gobernadores del Norte Grande viajar\u00e1n a Estados Unidos con eje en la producci\u00f3n industrial de la regi\u00f3n norte\u00f1a de Argentina.<\/em><\/p>\n\n\n\n<p>Los gobernadores del Norte Grande se reunieron con el embajador de los Estados Unidos en Argentina<strong>, Marc Stanley, <\/strong>para <strong>ultimar detalles sobre el viaje que realizar\u00e1n del 26 al 30 de septiembre.<\/strong><\/p>\n\n\n\n<p>El encuentro se llev\u00f3 a cabo en la Embajada de Estados Unidos y particip\u00f3 el jefe de Gabinete, <strong>Juan Manzur<\/strong>; y el ministro del Interior, <strong>Eduardo de Pedro<\/strong>; entre otros.<\/p>\n\n\n\n<p>La misi\u00f3n institucional y comercial abarcar\u00e1 Washington y Nueva York. <strong>El objetivo es mostrar el potencial productivo, industrial, tur\u00edstico y cultural del Norte Grande<\/strong>, con miras a conseguir nuevas inversiones y ampliar exportaciones que se traduzcan en el desarrollo de la regi\u00f3n.<\/p>\n\n\n\n<p>Adem\u00e1s de la agenda conjunta, se prev\u00e9 actividades espec\u00edficas programadas para cada una de las provincias con sectores empresariales. <\/p>\n\n\n\n<p>En este contexto, los gobernadores <strong><a href=\"https:\/\/twitter.com\/GerardoMorales\">Gerardo Morales<\/a><\/strong>, de Jujuy; <strong>Ra\u00fal Jalil<\/strong>, Catamarca; <strong>Jorge Capitanich<\/strong>, Chaco; <strong>Gustavo Vald\u00e9s<\/strong>, Corrientes; <strong>Gildo Insfr\u00e1n<\/strong>, Formosa; <strong>Ricardo Quintela<\/strong>, La Rioja; <strong>Oscar Herrera Ahuad<\/strong>, Misiones; <strong>Gustavo S\u00e1enz<\/strong>, Salta; <strong>Gerardo Zamora<\/strong>, Santiago del Estero; y <strong>Osvaldo Jaldo<\/strong>, de Tucum\u00e1n; mantendr\u00e1n un encuentro de trabajo en la Embajada de Argentina con los principales Think Tanks de Estados Unidos,. <\/p>\n\n\n\n<p>Asimismo, <strong>se expondr\u00e1 el potencial del Norte Grande en la relaci\u00f3n bilateral con Estados Unidos<\/strong>, abordando espec\u00edficamente los rubros energ\u00eda, seguridad alimentaria, miner\u00eda y reconversi\u00f3n el\u00e9ctrica.\u00a0<\/p>\n\n\n\n<p>Tambi\u00e9n, <strong>se programaron visitas a organismos p\u00fablicos, privados y multilaterales<\/strong>, contemplando recorridos por compa\u00f1\u00edas tecnol\u00f3gicas y otros encuentros puntuales entre provincias y empresas vinculadas a la producci\u00f3n de litio y algod\u00f3n.\u00a0<\/p>\n\n\n\n<p>Por otra parte, los mandatarios expresaron su agradecimiento al embajador Stanley por \u201csu predisposici\u00f3n y acompa\u00f1amiento\u201d en esta iniciativa, reconocimiento que hicieron extensivo a los funcionarios nacionales presentes.<\/p>\n","protected":false},"excerpt":{"rendered":"<p>Los gobernadores del Norte Grande viajar\u00e1n a Estados Unidos con eje en la producci\u00f3n industrial de la regi\u00f3n norte\u00f1a de Argentina. Los gobernadores del Norte Grande se reunieron con el embajador de los Estados Unidos en Argentina, Marc Stanley, para ultimar detalles sobre el viaje que realizar\u00e1n del 26 al 30 de septiembre. El encuentro [&hellip;]<\/p>\n","protected":false},"author":3,"featured_media":0,"comment_status":"open","ping_status":"open","sticky":false,"template":"","format":"standard","meta":{"footnotes":""},"categories":[24],"tags":[5,8,525],"class_list":{"0":"post-1498","1":"post","2":"type-post","3":"status-publish","4":"format-standard","6":"category-politica","7":"tag-gerardo-morales","8":"tag-jujuy","9":"tag-norte-grande"},"yoast_head":"<!-- This site is optimized with the Yoast SEO plugin v27.5 - https:\/\/yoast.com\/product\/yoast-seo-wordpress\/ -->\n<title>El Norte Grande lleva a Estados Unidos su potencial productivo, industrial, tur\u00edstico y cultural - Muy Jujuy<\/title>\n<meta name=\"description\" content=\"Los gobernadores del Norte Grande viajar\u00e1n a Estados Unidos con eje en la producci\u00f3n industrial de la regi\u00f3n norte\u00f1a de Argentina.\" \/>\n<meta name=\"robots\" content=\"index, follow, max-snippet:-1, max-image-preview:large, max-video-preview:-1\" \/>\n<link rel=\"canonical\" href=\"https:\/\/www.muyjujuy.com\/index.php\/2022\/09\/16\/el-norte-grande-lleva-a-estados-unidos-su-potencial-productivo-industrial-turistico-y-cultural\/\" \/>\n<meta property=\"og:locale\" content=\"es_ES\" \/>\n<meta property=\"og:type\" content=\"article\" \/>\n<meta property=\"og:title\" content=\"El Norte Grande lleva a Estados Unidos su potencial productivo, industrial, tur\u00edstico y cultural - Muy Jujuy\" \/>\n<meta property=\"og:description\" content=\"Los gobernadores del Norte Grande viajar\u00e1n a Estados Unidos con eje en la producci\u00f3n industrial de la regi\u00f3n norte\u00f1a de Argentina.\" \/>\n<meta property=\"og:url\" content=\"https:\/\/www.muyjujuy.com\/index.php\/2022\/09\/16\/el-norte-grande-lleva-a-estados-unidos-su-potencial-productivo-industrial-turistico-y-cultural\/\" \/>\n<meta property=\"og:site_name\" content=\"Muy Jujuy\" \/>\n<meta property=\"article:publisher\" content=\"https:\/\/www.facebook.com\/muyjujuycom\" \/>\n<meta property=\"article:published_time\" content=\"2022-09-16T14:30:15+00:00\" \/>\n<meta property=\"article:modified_time\" content=\"2022-09-16T14:30:17+00:00\" \/>\n<meta name=\"author\" content=\"Redacci\u00f3n Muy Jujuy\" \/>\n<meta name=\"twitter:card\" content=\"summary_large_image\" \/>\n<meta name=\"twitter:creator\" content=\"@muyjujuy\" \/>\n<meta name=\"twitter:site\" content=\"@muyjujuy\" \/>\n<meta name=\"twitter:label1\" content=\"Escrito por\" \/>\n\t<meta name=\"twitter:data1\" content=\"Redacci\u00f3n Muy Jujuy\" \/>\n\t<meta name=\"twitter:label2\" content=\"Tiempo de lectura\" \/>\n\t<meta name=\"twitter:data2\" content=\"2 minutos\" \/>\n<script type=\"application\/ld+json\" class=\"yoast-schema-graph\">{\"@context\":\"https:\\\/\\\/schema.org\",\"@graph\":[{\"@type\":\"Article\",\"@id\":\"https:\\\/\\\/www.muyjujuy.com\\\/index.php\\\/2022\\\/09\\\/16\\\/el-norte-grande-lleva-a-estados-unidos-su-potencial-productivo-industrial-turistico-y-cultural\\\/#article\",\"isPartOf\":{\"@id\":\"https:\\\/\\\/www.muyjujuy.com\\\/index.php\\\/2022\\\/09\\\/16\\\/el-norte-grande-lleva-a-estados-unidos-su-potencial-productivo-industrial-turistico-y-cultural\\\/\"},\"author\":{\"name\":\"Redacci\u00f3n Muy Jujuy\",\"@id\":\"https:\\\/\\\/www.muyjujuy.com\\\/#\\\/schema\\\/person\\\/1d0f6e223ccea9e3f9034c1a5b683bf2\"},\"headline\":\"El Norte Grande lleva a Estados Unidos su potencial productivo, industrial, tur\u00edstico y cultural\",\"datePublished\":\"2022-09-16T14:30:15+00:00\",\"dateModified\":\"2022-09-16T14:30:17+00:00\",\"mainEntityOfPage\":{\"@id\":\"https:\\\/\\\/www.muyjujuy.com\\\/index.php\\\/2022\\\/09\\\/16\\\/el-norte-grande-lleva-a-estados-unidos-su-potencial-productivo-industrial-turistico-y-cultural\\\/\"},\"wordCount\":332,\"commentCount\":0,\"publisher\":{\"@id\":\"https:\\\/\\\/www.muyjujuy.com\\\/#organization\"},\"keywords\":[\"Gerardo Morales\",\"Jujuy\",\"Norte Grande\"],\"articleSection\":[\"Pol\u00edtica\"],\"inLanguage\":\"es-AR\",\"potentialAction\":[{\"@type\":\"CommentAction\",\"name\":\"Comment\",\"target\":[\"https:\\\/\\\/www.muyjujuy.com\\\/index.php\\\/2022\\\/09\\\/16\\\/el-norte-grande-lleva-a-estados-unidos-su-potencial-productivo-industrial-turistico-y-cultural\\\/#respond\"]}]},{\"@type\":\"WebPage\",\"@id\":\"https:\\\/\\\/www.muyjujuy.com\\\/index.php\\\/2022\\\/09\\\/16\\\/el-norte-grande-lleva-a-estados-unidos-su-potencial-productivo-industrial-turistico-y-cultural\\\/\",\"url\":\"https:\\\/\\\/www.muyjujuy.com\\\/index.php\\\/2022\\\/09\\\/16\\\/el-norte-grande-lleva-a-estados-unidos-su-potencial-productivo-industrial-turistico-y-cultural\\\/\",\"name\":\"El Norte Grande lleva a Estados Unidos su potencial productivo, industrial, tur\u00edstico y cultural - Muy Jujuy\",\"isPartOf\":{\"@id\":\"https:\\\/\\\/www.muyjujuy.com\\\/#website\"},\"datePublished\":\"2022-09-16T14:30:15+00:00\",\"dateModified\":\"2022-09-16T14:30:17+00:00\",\"description\":\"Los gobernadores del Norte Grande viajar\u00e1n a Estados Unidos con eje en la producci\u00f3n industrial de la regi\u00f3n norte\u00f1a de Argentina.\",\"breadcrumb\":{\"@id\":\"https:\\\/\\\/www.muyjujuy.com\\\/index.php\\\/2022\\\/09\\\/16\\\/el-norte-grande-lleva-a-estados-unidos-su-potencial-productivo-industrial-turistico-y-cultural\\\/#breadcrumb\"},\"inLanguage\":\"es-AR\",\"potentialAction\":[{\"@type\":\"ReadAction\",\"target\":[\"https:\\\/\\\/www.muyjujuy.com\\\/index.php\\\/2022\\\/09\\\/16\\\/el-norte-grande-lleva-a-estados-unidos-su-potencial-productivo-industrial-turistico-y-cultural\\\/\"]}]},{\"@type\":\"BreadcrumbList\",\"@id\":\"https:\\\/\\\/www.muyjujuy.com\\\/index.php\\\/2022\\\/09\\\/16\\\/el-norte-grande-lleva-a-estados-unidos-su-potencial-productivo-industrial-turistico-y-cultural\\\/#breadcrumb\",\"itemListElement\":[{\"@type\":\"ListItem\",\"position\":1,\"name\":\"Inicio\",\"item\":\"https:\\\/\\\/www.muyjujuy.com\\\/\"},{\"@type\":\"ListItem\",\"position\":2,\"name\":\"El Norte Grande lleva a Estados Unidos su potencial productivo, industrial, tur\u00edstico y cultural\"}]},{\"@type\":\"WebSite\",\"@id\":\"https:\\\/\\\/www.muyjujuy.com\\\/#website\",\"url\":\"https:\\\/\\\/www.muyjujuy.com\\\/\",\"name\":\"Muy Jujuy\",\"description\":\"\",\"publisher\":{\"@id\":\"https:\\\/\\\/www.muyjujuy.com\\\/#organization\"},\"potentialAction\":[{\"@type\":\"SearchAction\",\"target\":{\"@type\":\"EntryPoint\",\"urlTemplate\":\"https:\\\/\\\/www.muyjujuy.com\\\/?s={search_term_string}\"},\"query-input\":{\"@type\":\"PropertyValueSpecification\",\"valueRequired\":true,\"valueName\":\"search_term_string\"}}],\"inLanguage\":\"es-AR\"},{\"@type\":\"Organization\",\"@id\":\"https:\\\/\\\/www.muyjujuy.com\\\/#organization\",\"name\":\"Muy Jujuy\",\"url\":\"https:\\\/\\\/www.muyjujuy.com\\\/\",\"logo\":{\"@type\":\"ImageObject\",\"inLanguage\":\"es-AR\",\"@id\":\"https:\\\/\\\/www.muyjujuy.com\\\/#\\\/schema\\\/logo\\\/image\\\/\",\"url\":\"http:\\\/\\\/www.muyjujuy.com\\\/wp-content\\\/uploads\\\/2022\\\/05\\\/logo-mobil-jujuy.png\",\"contentUrl\":\"http:\\\/\\\/www.muyjujuy.com\\\/wp-content\\\/uploads\\\/2022\\\/05\\\/logo-mobil-jujuy.png\",\"width\":174,\"height\":81,\"caption\":\"Muy Jujuy\"},\"image\":{\"@id\":\"https:\\\/\\\/www.muyjujuy.com\\\/#\\\/schema\\\/logo\\\/image\\\/\"},\"sameAs\":[\"https:\\\/\\\/www.facebook.com\\\/muyjujuycom\",\"https:\\\/\\\/x.com\\\/muyjujuy\",\"https:\\\/\\\/www.instagram.com\\\/muyjujuycom\"]},{\"@type\":\"Person\",\"@id\":\"https:\\\/\\\/www.muyjujuy.com\\\/#\\\/schema\\\/person\\\/1d0f6e223ccea9e3f9034c1a5b683bf2\",\"name\":\"Redacci\u00f3n Muy Jujuy\",\"image\":{\"@type\":\"ImageObject\",\"inLanguage\":\"es-AR\",\"@id\":\"https:\\\/\\\/secure.gravatar.com\\\/avatar\\\/fec5f6f1893d741ed5eecccff109ce43e67a855411202a3212a058cb8e5c27d4?s=96&d=mm&r=g\",\"url\":\"https:\\\/\\\/secure.gravatar.com\\\/avatar\\\/fec5f6f1893d741ed5eecccff109ce43e67a855411202a3212a058cb8e5c27d4?s=96&d=mm&r=g\",\"contentUrl\":\"https:\\\/\\\/secure.gravatar.com\\\/avatar\\\/fec5f6f1893d741ed5eecccff109ce43e67a855411202a3212a058cb8e5c27d4?s=96&d=mm&r=g\",\"caption\":\"Redacci\u00f3n Muy Jujuy\"},\"url\":\"https:\\\/\\\/www.muyjujuy.com\\\/index.php\\\/author\\\/editor\\\/\"}]}<\/script>\n<!-- \/ Yoast SEO plugin. -->","yoast_head_json":{"title":"El Norte Grande lleva a Estados Unidos su potencial productivo, industrial, tur\u00edstico y cultural - Muy Jujuy","description":"Los gobernadores del Norte Grande viajar\u00e1n a Estados Unidos con eje en la producci\u00f3n industrial de la regi\u00f3n norte\u00f1a de Argentina.","robots":{"index":"index","follow":"follow","max-snippet":"max-snippet:-1","max-image-preview":"max-image-preview:large","max-video-preview":"max-video-preview:-1"},"canonical":"https:\/\/www.muyjujuy.com\/index.php\/2022\/09\/16\/el-norte-grande-lleva-a-estados-unidos-su-potencial-productivo-industrial-turistico-y-cultural\/","og_locale":"es_ES","og_type":"article","og_title":"El Norte Grande lleva a Estados Unidos su potencial productivo, industrial, tur\u00edstico y cultural - Muy Jujuy","og_description":"Los gobernadores del Norte Grande viajar\u00e1n a Estados Unidos con eje en la producci\u00f3n industrial de la regi\u00f3n norte\u00f1a de Argentina.","og_url":"https:\/\/www.muyjujuy.com\/index.php\/2022\/09\/16\/el-norte-grande-lleva-a-estados-unidos-su-potencial-productivo-industrial-turistico-y-cultural\/","og_site_name":"Muy Jujuy","article_publisher":"https:\/\/www.facebook.com\/muyjujuycom","article_published_time":"2022-09-16T14:30:15+00:00","article_modified_time":"2022-09-16T14:30:17+00:00","author":"Redacci\u00f3n Muy Jujuy","twitter_card":"summary_large_image","twitter_creator":"@muyjujuy","twitter_site":"@muyjujuy","twitter_misc":{"Escrito por":"Redacci\u00f3n Muy Jujuy","Tiempo de lectura":"2 minutos"},"schema":{"@context":"https:\/\/schema.org","@graph":[{"@type":"Article","@id":"https:\/\/www.muyjujuy.com\/index.php\/2022\/09\/16\/el-norte-grande-lleva-a-estados-unidos-su-potencial-productivo-industrial-turistico-y-cultural\/#article","isPartOf":{"@id":"https:\/\/www.muyjujuy.com\/index.php\/2022\/09\/16\/el-norte-grande-lleva-a-estados-unidos-su-potencial-productivo-industrial-turistico-y-cultural\/"},"author":{"name":"Redacci\u00f3n Muy Jujuy","@id":"https:\/\/www.muyjujuy.com\/#\/schema\/person\/1d0f6e223ccea9e3f9034c1a5b683bf2"},"headline":"El Norte Grande lleva a Estados Unidos su potencial productivo, industrial, tur\u00edstico y cultural","datePublished":"2022-09-16T14:30:15+00:00","dateModified":"2022-09-16T14:30:17+00:00","mainEntityOfPage":{"@id":"https:\/\/www.muyjujuy.com\/index.php\/2022\/09\/16\/el-norte-grande-lleva-a-estados-unidos-su-potencial-productivo-industrial-turistico-y-cultural\/"},"wordCount":332,"commentCount":0,"publisher":{"@id":"https:\/\/www.muyjujuy.com\/#organization"},"keywords":["Gerardo Morales","Jujuy","Norte Grande"],"articleSection":["Pol\u00edtica"],"inLanguage":"es-AR","potentialAction":[{"@type":"CommentAction","name":"Comment","target":["https:\/\/www.muyjujuy.com\/index.php\/2022\/09\/16\/el-norte-grande-lleva-a-estados-unidos-su-potencial-productivo-industrial-turistico-y-cultural\/#respond"]}]},{"@type":"WebPage","@id":"https:\/\/www.muyjujuy.com\/index.php\/2022\/09\/16\/el-norte-grande-lleva-a-estados-unidos-su-potencial-productivo-industrial-turistico-y-cultural\/","url":"https:\/\/www.muyjujuy.com\/index.php\/2022\/09\/16\/el-norte-grande-lleva-a-estados-unidos-su-potencial-productivo-industrial-turistico-y-cultural\/","name":"El Norte Grande lleva a Estados Unidos su potencial productivo, industrial, tur\u00edstico y cultural - Muy Jujuy","isPartOf":{"@id":"https:\/\/www.muyjujuy.com\/#website"},"datePublished":"2022-09-16T14:30:15+00:00","dateModified":"2022-09-16T14:30:17+00:00","description":"Los gobernadores del Norte Grande viajar\u00e1n a Estados Unidos con eje en la producci\u00f3n industrial de la regi\u00f3n norte\u00f1a de Argentina.","breadcrumb":{"@id":"https:\/\/www.muyjujuy.com\/index.php\/2022\/09\/16\/el-norte-grande-lleva-a-estados-unidos-su-potencial-productivo-industrial-turistico-y-cultural\/#breadcrumb"},"inLanguage":"es-AR","potentialAction":[{"@type":"ReadAction","target":["https:\/\/www.muyjujuy.com\/index.php\/2022\/09\/16\/el-norte-grande-lleva-a-estados-unidos-su-potencial-productivo-industrial-turistico-y-cultural\/"]}]},{"@type":"BreadcrumbList","@id":"https:\/\/www.muyjujuy.com\/index.php\/2022\/09\/16\/el-norte-grande-lleva-a-estados-unidos-su-potencial-productivo-industrial-turistico-y-cultural\/#breadcrumb","itemListElement":[{"@type":"ListItem","position":1,"name":"Inicio","item":"https:\/\/www.muyjujuy.com\/"},{"@type":"ListItem","position":2,"name":"El Norte Grande lleva a Estados Unidos su potencial productivo, industrial, tur\u00edstico y cultural"}]},{"@type":"WebSite","@id":"https:\/\/www.muyjujuy.com\/#website","url":"https:\/\/www.muyjujuy.com\/","name":"Muy Jujuy","description":"","publisher":{"@id":"https:\/\/www.muyjujuy.com\/#organization"},"potentialAction":[{"@type":"SearchAction","target":{"@type":"EntryPoint","urlTemplate":"https:\/\/www.muyjujuy.com\/?s={search_term_string}"},"query-input":{"@type":"PropertyValueSpecification","valueRequired":true,"valueName":"search_term_string"}}],"inLanguage":"es-AR"},{"@type":"Organization","@id":"https:\/\/www.muyjujuy.com\/#organization","name":"Muy Jujuy","url":"https:\/\/www.muyjujuy.com\/","logo":{"@type":"ImageObject","inLanguage":"es-AR","@id":"https:\/\/www.muyjujuy.com\/#\/schema\/logo\/image\/","url":"http:\/\/www.muyjujuy.com\/wp-content\/uploads\/2022\/05\/logo-mobil-jujuy.png","contentUrl":"http:\/\/www.muyjujuy.com\/wp-content\/uploads\/2022\/05\/logo-mobil-jujuy.png","width":174,"height":81,"caption":"Muy Jujuy"},"image":{"@id":"https:\/\/www.muyjujuy.com\/#\/schema\/logo\/image\/"},"sameAs":["https:\/\/www.facebook.com\/muyjujuycom","https:\/\/x.com\/muyjujuy","https:\/\/www.instagram.com\/muyjujuycom"]},{"@type":"Person","@id":"https:\/\/www.muyjujuy.com\/#\/schema\/person\/1d0f6e223ccea9e3f9034c1a5b683bf2","name":"Redacci\u00f3n Muy Jujuy","image":{"@type":"ImageObject","inLanguage":"es-AR","@id":"https:\/\/secure.gravatar.com\/avatar\/fec5f6f1893d741ed5eecccff109ce43e67a855411202a3212a058cb8e5c27d4?s=96&d=mm&r=g","url":"https:\/\/secure.gravatar.com\/avatar\/fec5f6f1893d741ed5eecccff109ce43e67a855411202a3212a058cb8e5c27d4?s=96&d=mm&r=g","contentUrl":"https:\/\/secure.gravatar.com\/avatar\/fec5f6f1893d741ed5eecccff109ce43e67a855411202a3212a058cb8e5c27d4?s=96&d=mm&r=g","caption":"Redacci\u00f3n Muy Jujuy"},"url":"https:\/\/www.muyjujuy.com\/index.php\/author\/editor\/"}]}},"_links":{"self":[{"href":"https:\/\/www.muyjujuy.com\/index.php\/wp-json\/wp\/v2\/posts\/1498","targetHints":{"allow":["GET"]}}],"collection":[{"href":"https:\/\/www.muyjujuy.com\/index.php\/wp-json\/wp\/v2\/posts"}],"about":[{"href":"https:\/\/www.muyjujuy.com\/index.php\/wp-json\/wp\/v2\/types\/post"}],"author":[{"embeddable":true,"href":"https:\/\/www.muyjujuy.com\/index.php\/wp-json\/wp\/v2\/users\/3"}],"replies":[{"embeddable":true,"href":"https:\/\/www.muyjujuy.com\/index.php\/wp-json\/wp\/v2\/comments?post=1498"}],"version-history":[{"count":1,"href":"https:\/\/www.muyjujuy.com\/index.php\/wp-json\/wp\/v2\/posts\/1498\/revisions"}],"predecessor-version":[{"id":1499,"href":"https:\/\/www.muyjujuy.com\/index.php\/wp-json\/wp\/v2\/posts\/1498\/revisions\/1499"}],"wp:attachment":[{"href":"https:\/\/www.muyjujuy.com\/index.php\/wp-json\/wp\/v2\/media?parent=1498"}],"wp:term":[{"taxonomy":"category","embeddable":true,"href":"https:\/\/www.muyjujuy.com\/index.php\/wp-json\/wp\/v2\/categories?post=1498"},{"taxonomy":"post_tag","embeddable":true,"href":"https:\/\/www.muyjujuy.com\/index.php\/wp-json\/wp\/v2\/tags?post=1498"}],"curies":[{"name":"wp","href":"https:\/\/api.w.org\/{rel}","templated":true}]}}