{"id":15,"date":"2022-05-21T21:20:36","date_gmt":"2022-05-22T00:20:36","guid":{"rendered":"http:\/\/www.muyjujuy.com\/?p=15"},"modified":"2022-05-22T23:12:53","modified_gmt":"2022-05-23T02:12:53","slug":"morales-se-reunio-con-la-mesa-nacional-de-juntos-por-el-cambio-pero-sin-la-presencia-de-macri","status":"publish","type":"post","link":"https:\/\/www.muyjujuy.com\/index.php\/2022\/05\/21\/morales-se-reunio-con-la-mesa-nacional-de-juntos-por-el-cambio-pero-sin-la-presencia-de-macri\/","title":{"rendered":"Morales se reuni\u00f3 con la Mesa Nacional de Juntos por el Cambio pero sin la presencia de Macri"},"content":{"rendered":"\n<p><strong>La coalici\u00f3n opositora plante\u00f3 que &#8220;el Estado debe volver a tomar la direcci\u00f3n de la pol\u00edtica social de manera directa. Sin intermediaci\u00f3n, terminando el clientelismo pol\u00edtico y estando al servicio del desarrollo integral de cada persona&#8221;.<\/strong><\/p>\n\n\n\n<p>Los integrantes de la <strong>Mesa Nacional<\/strong> de <strong>Juntos por el Cambio<\/strong>, sin <strong>Mauricio Macri<\/strong>, se reunieron este viernes en La Matanza, donde lanzaron las pol\u00edticas sociales del espacio de cara a 2023, con cr\u00edticas al gobierno del presidente <strong>Alberto Fern\u00e1ndez<\/strong>.<\/p>\n\n\n\n<p>&#8220;La pobreza en nuestro pa\u00eds alcanza a 17,2 millones de personas (un 37% de la poblaci\u00f3n), de las cuales 3,8 millones est\u00e1n en situaci\u00f3n de indigencia (un 8%), afectando particularmente a m\u00e1s de 5,7 millones de ni\u00f1os y ni\u00f1as&#8221;, expres\u00f3 la coalici\u00f3n, en un comunicado difundido al t\u00e9rmino del encuentro.<\/p>\n\n\n\n<p>De la reuni\u00f3n participaron el jefe de Gobierno porte\u00f1o, Horacio Rodr\u00edguez Larreta; la titular del PRO, Patricia Bullrich; los gobernadores Gerardo Morales (Jujuy) y Gustavo Vald\u00e9s (Corrientes); el jefe del bloque de diputados nacionales del PRO, Cristian Ritondo; el senador de la UCR Luis Naidenoff; el presidente de la Coalici\u00f3n C\u00edvica, Maximiliano Ferraro; y el presidente de Peronismo Republicano, Miguel \u00c1ngel Pichetto, entre otros.<\/p>\n\n\n\n<p>El frente opositor se\u00f1al\u00f3 que &#8220;lejos de ser solo una cuesti\u00f3n coyuntural, es una situaci\u00f3n persistente en el tiempo&#8221;. &#8220;En los \u00faltimos 35 tuvimos un 36% de pobreza promedio y nunca estuvimos por debajo del 26%. Hay un n\u00facleo del 30% de la poblaci\u00f3n que vive una situaci\u00f3n de pobreza estructural. En Argentina trabajar no implica no ser pobre. M\u00e1s de 5 millones de ocupados son pobres, lo que representa a 1 de cada 3 trabajadores&#8221;, asegur\u00f3 JxC.<\/p>\n\n\n\n<p>&#8220;Entendemos que no se puede cambiar esta realidad sin una macroeconom\u00eda ordenada y un plan de crecimiento y desarrollo claro, que contemple reformas estructurales que potencien capacidades productivas del sector privado. Pero con eso solo no alcanza&#8221;, se\u00f1al\u00f3 el espacio.<\/p>\n\n\n\n<p>Adem\u00e1s, la conclusi\u00f3n de las fundaciones expres\u00f3 que &#8220;la pol\u00edtica social y la pol\u00edtica econ\u00f3mica deben estar integradas, para que cada una act\u00fae en complemento y potencie a la otra&#8221;.<\/p>\n\n\n\n<p>&#8220;En esta integralidad y heterogeneidad reside la posibilidad de \u00e9xito de la construcci\u00f3n de una matriz de desarrollo nueva, que nuestro pa\u00eds necesita. Para el a\u00f1o 2021, el gasto en servicios sociales represent\u00f3 un 65% del gasto total. Sin embargo, no hay que confundir: el gasto en servicios sociales incluye las prestaciones de Educaci\u00f3n, Salud y Seguridad Social (asignaciones y jubilaciones), entre otras, y no se trata \u00fanicamente de lo destinado a &#8220;planes y programas sociales&#8221;, indic\u00f3.<\/p>\n\n\n\n<p>&#8220;La persistencia del fen\u00f3meno de la pobreza, evidencia la necesidad de reformas profundas en la pol\u00edtica social para cambiar esta realidad&#8221;, consider\u00f3.<\/p>\n\n\n\n<p>Ante esto, Juntos por el Cambio plante\u00f3 soluciones: &#8220;El Estado debe volver a tomar la direcci\u00f3n de la pol\u00edtica social de manera directa. Sin intermediaci\u00f3n, terminando el clientelismo pol\u00edtico y estando al servicio del desarrollo integral de cada persona&#8221;.<\/p>\n\n\n\n<p>&#8220;La mejor pol\u00edtica social es el trabajo. Necesitamos tanto de una macroeconom\u00eda estable, como de herramientas concretas que permitan mejorar la empleabilidad y formalizar el trabajo de los sectores vulnerables, dando lugar a la articulaci\u00f3n real entre el sector p\u00fablico y privado&#8221;, enumer\u00f3.<\/p>\n\n\n\n<p>Continu\u00f3: &#8220;Red de protecci\u00f3n social para la igualdad y la libertad. Las pol\u00edticas sociales en su conjunto deben construir una red de protecci\u00f3n social clara y transparente, basada en la autonom\u00eda, el desarrollo y la libertad de la persona, con prioridad en la primera infancia&#8221;.<\/p>\n\n\n\n<p>&#8220;Los programas sociales deben ser efectivos. Los planes sociales deben tener objetivos claros, ser directos, temporales y condicionados de modo que sean concebidos como un puente entre donde estamos y queremos estar&#8221;, asegur\u00f3, y agreg\u00f3: &#8220;Atacar la pobreza estructural. Para terminar con esta situaci\u00f3n, es necesario realizar una inversi\u00f3n en infraestructura y bienes p\u00fablicos, haciendo foco en primera infancia, educaci\u00f3n y salud&#8221;.<\/p>\n\n\n\n<p>El debate de este tipo de pol\u00edticas fue impulsado por las fundaciones de cada uno de los partidos que integran la alianza -Pensar (PRO), Alem (UCR), Hannah Arendt (CC) y Encuentro Federal (Encuentro Republicano Federal).<\/p>\n","protected":false},"excerpt":{"rendered":"<p>La coalici\u00f3n opositora plante\u00f3 que &#8220;el Estado debe volver a tomar la direcci\u00f3n de la pol\u00edtica social de manera directa. Sin intermediaci\u00f3n, terminando el clientelismo pol\u00edtico y estando al servicio del desarrollo integral de cada persona&#8221;. Los integrantes de la Mesa Nacional de Juntos por el Cambio, sin Mauricio Macri, se reunieron este viernes en [&hellip;]<\/p>\n","protected":false},"author":2,"featured_media":16,"comment_status":"open","ping_status":"open","sticky":false,"template":"","format":"standard","meta":{"footnotes":""},"categories":[24],"tags":[5,6],"class_list":{"0":"post-15","1":"post","2":"type-post","3":"status-publish","4":"format-standard","5":"has-post-thumbnail","7":"category-politica","8":"tag-gerardo-morales","9":"tag-juntos-por-el-cambio"},"yoast_head":"<!-- This site is optimized with the Yoast SEO plugin v27.5 - https:\/\/yoast.com\/product\/yoast-seo-wordpress\/ -->\n<title>Morales se reuni\u00f3 con la Mesa Nacional de Juntos por el Cambio pero sin la presencia de Macri - Muy Jujuy<\/title>\n<meta name=\"robots\" content=\"index, follow, max-snippet:-1, max-image-preview:large, max-video-preview:-1\" \/>\n<link rel=\"canonical\" href=\"https:\/\/www.muyjujuy.com\/index.php\/2022\/05\/21\/morales-se-reunio-con-la-mesa-nacional-de-juntos-por-el-cambio-pero-sin-la-presencia-de-macri\/\" \/>\n<meta property=\"og:locale\" content=\"es_ES\" \/>\n<meta property=\"og:type\" content=\"article\" \/>\n<meta property=\"og:title\" content=\"Morales se reuni\u00f3 con la Mesa Nacional de Juntos por el Cambio pero sin la presencia de Macri - Muy Jujuy\" \/>\n<meta property=\"og:description\" content=\"La coalici\u00f3n opositora plante\u00f3 que &#8220;el Estado debe volver a tomar la direcci\u00f3n de la pol\u00edtica social de manera directa. Sin intermediaci\u00f3n, terminando el clientelismo pol\u00edtico y estando al servicio del desarrollo integral de cada persona&#8221;. Los integrantes de la Mesa Nacional de Juntos por el Cambio, sin Mauricio Macri, se reunieron este viernes en [&hellip;]\" \/>\n<meta property=\"og:url\" content=\"https:\/\/www.muyjujuy.com\/index.php\/2022\/05\/21\/morales-se-reunio-con-la-mesa-nacional-de-juntos-por-el-cambio-pero-sin-la-presencia-de-macri\/\" \/>\n<meta property=\"og:site_name\" content=\"Muy Jujuy\" \/>\n<meta property=\"article:publisher\" content=\"https:\/\/www.facebook.com\/muyjujuycom\" \/>\n<meta property=\"article:published_time\" content=\"2022-05-22T00:20:36+00:00\" \/>\n<meta property=\"article:modified_time\" content=\"2022-05-23T02:12:53+00:00\" \/>\n<meta property=\"og:image\" content=\"https:\/\/www.muyjujuy.com\/wp-content\/uploads\/2022\/05\/morales_mesa_jxc.jpg\" \/>\n\t<meta property=\"og:image:width\" content=\"870\" \/>\n\t<meta property=\"og:image:height\" content=\"579\" \/>\n\t<meta property=\"og:image:type\" content=\"image\/jpeg\" \/>\n<meta name=\"author\" content=\"Redacci\u00f3n\" \/>\n<meta name=\"twitter:card\" content=\"summary_large_image\" \/>\n<meta name=\"twitter:creator\" content=\"@muyjujuy\" \/>\n<meta name=\"twitter:site\" content=\"@muyjujuy\" \/>\n<meta name=\"twitter:label1\" content=\"Escrito por\" \/>\n\t<meta name=\"twitter:data1\" content=\"Redacci\u00f3n\" \/>\n\t<meta name=\"twitter:label2\" content=\"Tiempo de lectura\" \/>\n\t<meta name=\"twitter:data2\" content=\"4 minutos\" \/>\n<script type=\"application\/ld+json\" class=\"yoast-schema-graph\">{\"@context\":\"https:\\\/\\\/schema.org\",\"@graph\":[{\"@type\":\"Article\",\"@id\":\"https:\\\/\\\/www.muyjujuy.com\\\/index.php\\\/2022\\\/05\\\/21\\\/morales-se-reunio-con-la-mesa-nacional-de-juntos-por-el-cambio-pero-sin-la-presencia-de-macri\\\/#article\",\"isPartOf\":{\"@id\":\"https:\\\/\\\/www.muyjujuy.com\\\/index.php\\\/2022\\\/05\\\/21\\\/morales-se-reunio-con-la-mesa-nacional-de-juntos-por-el-cambio-pero-sin-la-presencia-de-macri\\\/\"},\"author\":{\"name\":\"Redacci\u00f3n\",\"@id\":\"https:\\\/\\\/www.muyjujuy.com\\\/#\\\/schema\\\/person\\\/998732a22420d8b9d3f4988c488e5f05\"},\"headline\":\"Morales se reuni\u00f3 con la Mesa Nacional de Juntos por el Cambio pero sin la presencia de Macri\",\"datePublished\":\"2022-05-22T00:20:36+00:00\",\"dateModified\":\"2022-05-23T02:12:53+00:00\",\"mainEntityOfPage\":{\"@id\":\"https:\\\/\\\/www.muyjujuy.com\\\/index.php\\\/2022\\\/05\\\/21\\\/morales-se-reunio-con-la-mesa-nacional-de-juntos-por-el-cambio-pero-sin-la-presencia-de-macri\\\/\"},\"wordCount\":725,\"commentCount\":0,\"publisher\":{\"@id\":\"https:\\\/\\\/www.muyjujuy.com\\\/#organization\"},\"image\":{\"@id\":\"https:\\\/\\\/www.muyjujuy.com\\\/index.php\\\/2022\\\/05\\\/21\\\/morales-se-reunio-con-la-mesa-nacional-de-juntos-por-el-cambio-pero-sin-la-presencia-de-macri\\\/#primaryimage\"},\"thumbnailUrl\":\"https:\\\/\\\/www.muyjujuy.com\\\/wp-content\\\/uploads\\\/2022\\\/05\\\/morales_mesa_jxc.jpg\",\"keywords\":[\"Gerardo Morales\",\"Juntos por el Cambio\"],\"articleSection\":[\"Pol\u00edtica\"],\"inLanguage\":\"es-AR\",\"potentialAction\":[{\"@type\":\"CommentAction\",\"name\":\"Comment\",\"target\":[\"https:\\\/\\\/www.muyjujuy.com\\\/index.php\\\/2022\\\/05\\\/21\\\/morales-se-reunio-con-la-mesa-nacional-de-juntos-por-el-cambio-pero-sin-la-presencia-de-macri\\\/#respond\"]}]},{\"@type\":\"WebPage\",\"@id\":\"https:\\\/\\\/www.muyjujuy.com\\\/index.php\\\/2022\\\/05\\\/21\\\/morales-se-reunio-con-la-mesa-nacional-de-juntos-por-el-cambio-pero-sin-la-presencia-de-macri\\\/\",\"url\":\"https:\\\/\\\/www.muyjujuy.com\\\/index.php\\\/2022\\\/05\\\/21\\\/morales-se-reunio-con-la-mesa-nacional-de-juntos-por-el-cambio-pero-sin-la-presencia-de-macri\\\/\",\"name\":\"Morales se reuni\u00f3 con la Mesa Nacional de Juntos por el Cambio pero sin la presencia de Macri - Muy Jujuy\",\"isPartOf\":{\"@id\":\"https:\\\/\\\/www.muyjujuy.com\\\/#website\"},\"primaryImageOfPage\":{\"@id\":\"https:\\\/\\\/www.muyjujuy.com\\\/index.php\\\/2022\\\/05\\\/21\\\/morales-se-reunio-con-la-mesa-nacional-de-juntos-por-el-cambio-pero-sin-la-presencia-de-macri\\\/#primaryimage\"},\"image\":{\"@id\":\"https:\\\/\\\/www.muyjujuy.com\\\/index.php\\\/2022\\\/05\\\/21\\\/morales-se-reunio-con-la-mesa-nacional-de-juntos-por-el-cambio-pero-sin-la-presencia-de-macri\\\/#primaryimage\"},\"thumbnailUrl\":\"https:\\\/\\\/www.muyjujuy.com\\\/wp-content\\\/uploads\\\/2022\\\/05\\\/morales_mesa_jxc.jpg\",\"datePublished\":\"2022-05-22T00:20:36+00:00\",\"dateModified\":\"2022-05-23T02:12:53+00:00\",\"breadcrumb\":{\"@id\":\"https:\\\/\\\/www.muyjujuy.com\\\/index.php\\\/2022\\\/05\\\/21\\\/morales-se-reunio-con-la-mesa-nacional-de-juntos-por-el-cambio-pero-sin-la-presencia-de-macri\\\/#breadcrumb\"},\"inLanguage\":\"es-AR\",\"potentialAction\":[{\"@type\":\"ReadAction\",\"target\":[\"https:\\\/\\\/www.muyjujuy.com\\\/index.php\\\/2022\\\/05\\\/21\\\/morales-se-reunio-con-la-mesa-nacional-de-juntos-por-el-cambio-pero-sin-la-presencia-de-macri\\\/\"]}]},{\"@type\":\"ImageObject\",\"inLanguage\":\"es-AR\",\"@id\":\"https:\\\/\\\/www.muyjujuy.com\\\/index.php\\\/2022\\\/05\\\/21\\\/morales-se-reunio-con-la-mesa-nacional-de-juntos-por-el-cambio-pero-sin-la-presencia-de-macri\\\/#primaryimage\",\"url\":\"https:\\\/\\\/www.muyjujuy.com\\\/wp-content\\\/uploads\\\/2022\\\/05\\\/morales_mesa_jxc.jpg\",\"contentUrl\":\"https:\\\/\\\/www.muyjujuy.com\\\/wp-content\\\/uploads\\\/2022\\\/05\\\/morales_mesa_jxc.jpg\",\"width\":870,\"height\":579},{\"@type\":\"BreadcrumbList\",\"@id\":\"https:\\\/\\\/www.muyjujuy.com\\\/index.php\\\/2022\\\/05\\\/21\\\/morales-se-reunio-con-la-mesa-nacional-de-juntos-por-el-cambio-pero-sin-la-presencia-de-macri\\\/#breadcrumb\",\"itemListElement\":[{\"@type\":\"ListItem\",\"position\":1,\"name\":\"Inicio\",\"item\":\"https:\\\/\\\/www.muyjujuy.com\\\/\"},{\"@type\":\"ListItem\",\"position\":2,\"name\":\"Morales se reuni\u00f3 con la Mesa Nacional de Juntos por el Cambio pero sin la presencia de Macri\"}]},{\"@type\":\"WebSite\",\"@id\":\"https:\\\/\\\/www.muyjujuy.com\\\/#website\",\"url\":\"https:\\\/\\\/www.muyjujuy.com\\\/\",\"name\":\"Muy Jujuy\",\"description\":\"\",\"publisher\":{\"@id\":\"https:\\\/\\\/www.muyjujuy.com\\\/#organization\"},\"potentialAction\":[{\"@type\":\"SearchAction\",\"target\":{\"@type\":\"EntryPoint\",\"urlTemplate\":\"https:\\\/\\\/www.muyjujuy.com\\\/?s={search_term_string}\"},\"query-input\":{\"@type\":\"PropertyValueSpecification\",\"valueRequired\":true,\"valueName\":\"search_term_string\"}}],\"inLanguage\":\"es-AR\"},{\"@type\":\"Organization\",\"@id\":\"https:\\\/\\\/www.muyjujuy.com\\\/#organization\",\"name\":\"Muy Jujuy\",\"url\":\"https:\\\/\\\/www.muyjujuy.com\\\/\",\"logo\":{\"@type\":\"ImageObject\",\"inLanguage\":\"es-AR\",\"@id\":\"https:\\\/\\\/www.muyjujuy.com\\\/#\\\/schema\\\/logo\\\/image\\\/\",\"url\":\"http:\\\/\\\/www.muyjujuy.com\\\/wp-content\\\/uploads\\\/2022\\\/05\\\/logo-mobil-jujuy.png\",\"contentUrl\":\"http:\\\/\\\/www.muyjujuy.com\\\/wp-content\\\/uploads\\\/2022\\\/05\\\/logo-mobil-jujuy.png\",\"width\":174,\"height\":81,\"caption\":\"Muy Jujuy\"},\"image\":{\"@id\":\"https:\\\/\\\/www.muyjujuy.com\\\/#\\\/schema\\\/logo\\\/image\\\/\"},\"sameAs\":[\"https:\\\/\\\/www.facebook.com\\\/muyjujuycom\",\"https:\\\/\\\/x.com\\\/muyjujuy\",\"https:\\\/\\\/www.instagram.com\\\/muyjujuycom\"]},{\"@type\":\"Person\",\"@id\":\"https:\\\/\\\/www.muyjujuy.com\\\/#\\\/schema\\\/person\\\/998732a22420d8b9d3f4988c488e5f05\",\"name\":\"Redacci\u00f3n\",\"image\":{\"@type\":\"ImageObject\",\"inLanguage\":\"es-AR\",\"@id\":\"https:\\\/\\\/secure.gravatar.com\\\/avatar\\\/765899a66d21a61bf9ffbdf473b1ea39ba912af6dc981899af5aca6a008afba2?s=96&d=mm&r=g\",\"url\":\"https:\\\/\\\/secure.gravatar.com\\\/avatar\\\/765899a66d21a61bf9ffbdf473b1ea39ba912af6dc981899af5aca6a008afba2?s=96&d=mm&r=g\",\"contentUrl\":\"https:\\\/\\\/secure.gravatar.com\\\/avatar\\\/765899a66d21a61bf9ffbdf473b1ea39ba912af6dc981899af5aca6a008afba2?s=96&d=mm&r=g\",\"caption\":\"Redacci\u00f3n\"},\"url\":\"https:\\\/\\\/www.muyjujuy.com\\\/index.php\\\/author\\\/redaccion\\\/\"}]}<\/script>\n<!-- \/ Yoast SEO plugin. -->","yoast_head_json":{"title":"Morales se reuni\u00f3 con la Mesa Nacional de Juntos por el Cambio pero sin la presencia de Macri - Muy Jujuy","robots":{"index":"index","follow":"follow","max-snippet":"max-snippet:-1","max-image-preview":"max-image-preview:large","max-video-preview":"max-video-preview:-1"},"canonical":"https:\/\/www.muyjujuy.com\/index.php\/2022\/05\/21\/morales-se-reunio-con-la-mesa-nacional-de-juntos-por-el-cambio-pero-sin-la-presencia-de-macri\/","og_locale":"es_ES","og_type":"article","og_title":"Morales se reuni\u00f3 con la Mesa Nacional de Juntos por el Cambio pero sin la presencia de Macri - Muy Jujuy","og_description":"La coalici\u00f3n opositora plante\u00f3 que &#8220;el Estado debe volver a tomar la direcci\u00f3n de la pol\u00edtica social de manera directa. Sin intermediaci\u00f3n, terminando el clientelismo pol\u00edtico y estando al servicio del desarrollo integral de cada persona&#8221;. Los integrantes de la Mesa Nacional de Juntos por el Cambio, sin Mauricio Macri, se reunieron este viernes en [&hellip;]","og_url":"https:\/\/www.muyjujuy.com\/index.php\/2022\/05\/21\/morales-se-reunio-con-la-mesa-nacional-de-juntos-por-el-cambio-pero-sin-la-presencia-de-macri\/","og_site_name":"Muy Jujuy","article_publisher":"https:\/\/www.facebook.com\/muyjujuycom","article_published_time":"2022-05-22T00:20:36+00:00","article_modified_time":"2022-05-23T02:12:53+00:00","og_image":[{"width":870,"height":579,"url":"https:\/\/www.muyjujuy.com\/wp-content\/uploads\/2022\/05\/morales_mesa_jxc.jpg","type":"image\/jpeg"}],"author":"Redacci\u00f3n","twitter_card":"summary_large_image","twitter_creator":"@muyjujuy","twitter_site":"@muyjujuy","twitter_misc":{"Escrito por":"Redacci\u00f3n","Tiempo de lectura":"4 minutos"},"schema":{"@context":"https:\/\/schema.org","@graph":[{"@type":"Article","@id":"https:\/\/www.muyjujuy.com\/index.php\/2022\/05\/21\/morales-se-reunio-con-la-mesa-nacional-de-juntos-por-el-cambio-pero-sin-la-presencia-de-macri\/#article","isPartOf":{"@id":"https:\/\/www.muyjujuy.com\/index.php\/2022\/05\/21\/morales-se-reunio-con-la-mesa-nacional-de-juntos-por-el-cambio-pero-sin-la-presencia-de-macri\/"},"author":{"name":"Redacci\u00f3n","@id":"https:\/\/www.muyjujuy.com\/#\/schema\/person\/998732a22420d8b9d3f4988c488e5f05"},"headline":"Morales se reuni\u00f3 con la Mesa Nacional de Juntos por el Cambio pero sin la presencia de Macri","datePublished":"2022-05-22T00:20:36+00:00","dateModified":"2022-05-23T02:12:53+00:00","mainEntityOfPage":{"@id":"https:\/\/www.muyjujuy.com\/index.php\/2022\/05\/21\/morales-se-reunio-con-la-mesa-nacional-de-juntos-por-el-cambio-pero-sin-la-presencia-de-macri\/"},"wordCount":725,"commentCount":0,"publisher":{"@id":"https:\/\/www.muyjujuy.com\/#organization"},"image":{"@id":"https:\/\/www.muyjujuy.com\/index.php\/2022\/05\/21\/morales-se-reunio-con-la-mesa-nacional-de-juntos-por-el-cambio-pero-sin-la-presencia-de-macri\/#primaryimage"},"thumbnailUrl":"https:\/\/www.muyjujuy.com\/wp-content\/uploads\/2022\/05\/morales_mesa_jxc.jpg","keywords":["Gerardo Morales","Juntos por el Cambio"],"articleSection":["Pol\u00edtica"],"inLanguage":"es-AR","potentialAction":[{"@type":"CommentAction","name":"Comment","target":["https:\/\/www.muyjujuy.com\/index.php\/2022\/05\/21\/morales-se-reunio-con-la-mesa-nacional-de-juntos-por-el-cambio-pero-sin-la-presencia-de-macri\/#respond"]}]},{"@type":"WebPage","@id":"https:\/\/www.muyjujuy.com\/index.php\/2022\/05\/21\/morales-se-reunio-con-la-mesa-nacional-de-juntos-por-el-cambio-pero-sin-la-presencia-de-macri\/","url":"https:\/\/www.muyjujuy.com\/index.php\/2022\/05\/21\/morales-se-reunio-con-la-mesa-nacional-de-juntos-por-el-cambio-pero-sin-la-presencia-de-macri\/","name":"Morales se reuni\u00f3 con la Mesa Nacional de Juntos por el Cambio pero sin la presencia de Macri - Muy Jujuy","isPartOf":{"@id":"https:\/\/www.muyjujuy.com\/#website"},"primaryImageOfPage":{"@id":"https:\/\/www.muyjujuy.com\/index.php\/2022\/05\/21\/morales-se-reunio-con-la-mesa-nacional-de-juntos-por-el-cambio-pero-sin-la-presencia-de-macri\/#primaryimage"},"image":{"@id":"https:\/\/www.muyjujuy.com\/index.php\/2022\/05\/21\/morales-se-reunio-con-la-mesa-nacional-de-juntos-por-el-cambio-pero-sin-la-presencia-de-macri\/#primaryimage"},"thumbnailUrl":"https:\/\/www.muyjujuy.com\/wp-content\/uploads\/2022\/05\/morales_mesa_jxc.jpg","datePublished":"2022-05-22T00:20:36+00:00","dateModified":"2022-05-23T02:12:53+00:00","breadcrumb":{"@id":"https:\/\/www.muyjujuy.com\/index.php\/2022\/05\/21\/morales-se-reunio-con-la-mesa-nacional-de-juntos-por-el-cambio-pero-sin-la-presencia-de-macri\/#breadcrumb"},"inLanguage":"es-AR","potentialAction":[{"@type":"ReadAction","target":["https:\/\/www.muyjujuy.com\/index.php\/2022\/05\/21\/morales-se-reunio-con-la-mesa-nacional-de-juntos-por-el-cambio-pero-sin-la-presencia-de-macri\/"]}]},{"@type":"ImageObject","inLanguage":"es-AR","@id":"https:\/\/www.muyjujuy.com\/index.php\/2022\/05\/21\/morales-se-reunio-con-la-mesa-nacional-de-juntos-por-el-cambio-pero-sin-la-presencia-de-macri\/#primaryimage","url":"https:\/\/www.muyjujuy.com\/wp-content\/uploads\/2022\/05\/morales_mesa_jxc.jpg","contentUrl":"https:\/\/www.muyjujuy.com\/wp-content\/uploads\/2022\/05\/morales_mesa_jxc.jpg","width":870,"height":579},{"@type":"BreadcrumbList","@id":"https:\/\/www.muyjujuy.com\/index.php\/2022\/05\/21\/morales-se-reunio-con-la-mesa-nacional-de-juntos-por-el-cambio-pero-sin-la-presencia-de-macri\/#breadcrumb","itemListElement":[{"@type":"ListItem","position":1,"name":"Inicio","item":"https:\/\/www.muyjujuy.com\/"},{"@type":"ListItem","position":2,"name":"Morales se reuni\u00f3 con la Mesa Nacional de Juntos por el Cambio pero sin la presencia de Macri"}]},{"@type":"WebSite","@id":"https:\/\/www.muyjujuy.com\/#website","url":"https:\/\/www.muyjujuy.com\/","name":"Muy Jujuy","description":"","publisher":{"@id":"https:\/\/www.muyjujuy.com\/#organization"},"potentialAction":[{"@type":"SearchAction","target":{"@type":"EntryPoint","urlTemplate":"https:\/\/www.muyjujuy.com\/?s={search_term_string}"},"query-input":{"@type":"PropertyValueSpecification","valueRequired":true,"valueName":"search_term_string"}}],"inLanguage":"es-AR"},{"@type":"Organization","@id":"https:\/\/www.muyjujuy.com\/#organization","name":"Muy Jujuy","url":"https:\/\/www.muyjujuy.com\/","logo":{"@type":"ImageObject","inLanguage":"es-AR","@id":"https:\/\/www.muyjujuy.com\/#\/schema\/logo\/image\/","url":"http:\/\/www.muyjujuy.com\/wp-content\/uploads\/2022\/05\/logo-mobil-jujuy.png","contentUrl":"http:\/\/www.muyjujuy.com\/wp-content\/uploads\/2022\/05\/logo-mobil-jujuy.png","width":174,"height":81,"caption":"Muy Jujuy"},"image":{"@id":"https:\/\/www.muyjujuy.com\/#\/schema\/logo\/image\/"},"sameAs":["https:\/\/www.facebook.com\/muyjujuycom","https:\/\/x.com\/muyjujuy","https:\/\/www.instagram.com\/muyjujuycom"]},{"@type":"Person","@id":"https:\/\/www.muyjujuy.com\/#\/schema\/person\/998732a22420d8b9d3f4988c488e5f05","name":"Redacci\u00f3n","image":{"@type":"ImageObject","inLanguage":"es-AR","@id":"https:\/\/secure.gravatar.com\/avatar\/765899a66d21a61bf9ffbdf473b1ea39ba912af6dc981899af5aca6a008afba2?s=96&d=mm&r=g","url":"https:\/\/secure.gravatar.com\/avatar\/765899a66d21a61bf9ffbdf473b1ea39ba912af6dc981899af5aca6a008afba2?s=96&d=mm&r=g","contentUrl":"https:\/\/secure.gravatar.com\/avatar\/765899a66d21a61bf9ffbdf473b1ea39ba912af6dc981899af5aca6a008afba2?s=96&d=mm&r=g","caption":"Redacci\u00f3n"},"url":"https:\/\/www.muyjujuy.com\/index.php\/author\/redaccion\/"}]}},"_links":{"self":[{"href":"https:\/\/www.muyjujuy.com\/index.php\/wp-json\/wp\/v2\/posts\/15","targetHints":{"allow":["GET"]}}],"collection":[{"href":"https:\/\/www.muyjujuy.com\/index.php\/wp-json\/wp\/v2\/posts"}],"about":[{"href":"https:\/\/www.muyjujuy.com\/index.php\/wp-json\/wp\/v2\/types\/post"}],"author":[{"embeddable":true,"href":"https:\/\/www.muyjujuy.com\/index.php\/wp-json\/wp\/v2\/users\/2"}],"replies":[{"embeddable":true,"href":"https:\/\/www.muyjujuy.com\/index.php\/wp-json\/wp\/v2\/comments?post=15"}],"version-history":[{"count":1,"href":"https:\/\/www.muyjujuy.com\/index.php\/wp-json\/wp\/v2\/posts\/15\/revisions"}],"predecessor-version":[{"id":17,"href":"https:\/\/www.muyjujuy.com\/index.php\/wp-json\/wp\/v2\/posts\/15\/revisions\/17"}],"wp:featuredmedia":[{"embeddable":true,"href":"https:\/\/www.muyjujuy.com\/index.php\/wp-json\/wp\/v2\/media\/16"}],"wp:attachment":[{"href":"https:\/\/www.muyjujuy.com\/index.php\/wp-json\/wp\/v2\/media?parent=15"}],"wp:term":[{"taxonomy":"category","embeddable":true,"href":"https:\/\/www.muyjujuy.com\/index.php\/wp-json\/wp\/v2\/categories?post=15"},{"taxonomy":"post_tag","embeddable":true,"href":"https:\/\/www.muyjujuy.com\/index.php\/wp-json\/wp\/v2\/tags?post=15"}],"curies":[{"name":"wp","href":"https:\/\/api.w.org\/{rel}","templated":true}]}}