{"id":1500,"date":"2022-09-16T11:44:59","date_gmt":"2022-09-16T14:44:59","guid":{"rendered":"https:\/\/www.muyjujuy.com\/?p=1500"},"modified":"2022-09-16T11:45:02","modified_gmt":"2022-09-16T14:45:02","slug":"se-construiran-9-edificios-educativos-en-jujuy","status":"publish","type":"post","link":"https:\/\/www.muyjujuy.com\/index.php\/2022\/09\/16\/se-construiran-9-edificios-educativos-en-jujuy\/","title":{"rendered":"Se construir\u00e1n 9 edificios educativos en Jujuy"},"content":{"rendered":"\n<p><em>Los sobres de licitaciones fueron abiertos en el Ministerio Educativo y se construir\u00e1n 9 edificios educativos en la provincia.<\/em><\/p>\n\n\n\n<p>El Ministerio de Educaci\u00f3n provincial abri\u00f3 las ofertas presentadas para el octavo paquete de tres licitaciones del <strong>Programa de Mejora del Acceso y la Calidad Educativa <\/strong>(PROMACE). Se construir\u00e1n 9 edificios educativos en la provincia. <\/p>\n\n\n\n<p>Se conocieron las propuestas econ\u00f3micas presentadas para las\u00a0<strong>Licitaciones\u00a0P\u00fablicas Nacionales N\u00b017, N\u00b018 y N\u00b019<\/strong>. Los edificios educativos ser\u00e1n repartidos en todo el territorio provincial.<\/p>\n\n\n\n<h2 class=\"wp-block-heading\"><strong>Licitaciones para edificios educativos<\/strong><\/h2>\n\n\n\n<p><strong>Licitaci\u00f3n P\u00fablica Nacional N\u00b017 <\/strong><\/p>\n\n\n\n<ul class=\"wp-block-list\"><li>$132.773.886,45<strong> <\/strong>para el <strong>Colegio Secundario N\u00b0 55 de Oratorio<\/strong><\/li><li>$61.641.202,33 para la <strong>Escuela Secundaria Rural N\u00b03 Mediada<\/strong> por TIC de San Juan de Misa Rumi<\/li><li>$108.991.407,08 para el <strong>Colegio Secundario N\u00b012 de Nuevo Pirquitas<\/strong><\/li><li> $163.723.870,60 para el <strong>Colegio Secundario N\u00b028 de Tres Cruces.<\/strong><\/li><\/ul>\n\n\n\n<p>Los datos referentes a los oferentes presentados en este acto fueron El Tr\u00e9bol S.R.L.; Urbania S.R.L.; Forbice S.R.L.; Sidera S.R.L.; Juan Pedro Garin Construcciones S.A.; City Constructora S.R.L.; Ingeniero Miguel \u00c1ngel Vera; Bloke S.R.L.; Andina Consultora y Constructora S.A.C.<\/p>\n\n\n\n<p><strong>Licitaci\u00f3n P\u00fablica Nacional N\u00b018<\/strong><\/p>\n\n\n\n<ul class=\"wp-block-list\"><li>$161.273,444,50 para la <strong>Escuela N\u00b0151 Jos\u00e9 Antonio de Tezanos Pinto<\/strong> y la <strong>Escuela Secundaria Rural N\u00b01 de Lobaton<\/strong><\/li><li>$138.242.123,54 para la <strong>Escuela N\u00b0234 Parques Nacionales <\/strong>y la <strong>Escuela Secundaria Rural N\u00b01 Mediada por TIC de Pampichuela.\u00a0<\/strong><\/li><\/ul>\n\n\n\n<p>Los datos referentes a los oferentes presentados en la Licitaci\u00f3n P\u00fablica Nacional N\u00b0 18 fueron Bloke S.R.L.; Vapeu S.R.L; Bellomo S.R.L.; Forbice S.R.L. y City Constructora S.R.L.&nbsp;<\/p>\n\n\n\n<p><strong>Licitaci\u00f3n P\u00fablica Nacional N\u00b019 <\/strong><\/p>\n\n\n\n<ul class=\"wp-block-list\"><li>$67.016.860,04 para la <strong>Escuela Secundaria Rural Mediada<\/strong> por TIC N\u00b02 de Las Escaleras<\/li><li>$69.954.385,96 para la <strong>Escuela Secundaria Rural Mediada por TIC N\u00b04 de El Sunchal<\/strong><\/li><li>$67.023.369,56 para la<strong> Escuela Secundaria Rural N\u00b02 Mediada por TIC de La Almona.\u00a0<\/strong><\/li><\/ul>\n\n\n\n<p>Los oferentes presentados en este acto fueron Bellomo S.R.L.; Forbice S.R.L. y City Constructora S.R.L.&nbsp;<\/p>\n\n\n\n<p>Presidieron los actos de apertura de sobres la escribana <strong>Carla Jimena Ellemberg<\/strong>; la directora de Proyectos de la Secretar\u00eda de Infraestructura Educativa PROMACE, <strong>Mariana Brandan<\/strong>; la doctora Claudia Ortega y el doctor Nahuel El\u00edas.<\/p>\n","protected":false},"excerpt":{"rendered":"<p>Los sobres de licitaciones fueron abiertos en el Ministerio Educativo y se construir\u00e1n 9 edificios educativos en la provincia. El Ministerio de Educaci\u00f3n provincial abri\u00f3 las ofertas presentadas para el octavo paquete de tres licitaciones del Programa de Mejora del Acceso y la Calidad Educativa (PROMACE). Se construir\u00e1n 9 edificios educativos en la provincia. Se [&hellip;]<\/p>\n","protected":false},"author":3,"featured_media":1501,"comment_status":"open","ping_status":"open","sticky":false,"template":"","format":"standard","meta":{"footnotes":""},"categories":[25],"tags":[492,8],"class_list":{"0":"post-1500","1":"post","2":"type-post","3":"status-publish","4":"format-standard","5":"has-post-thumbnail","7":"category-sociedad","8":"tag-educacion","9":"tag-jujuy"},"yoast_head":"<!-- This site is optimized with the Yoast SEO plugin v27.5 - https:\/\/yoast.com\/product\/yoast-seo-wordpress\/ -->\n<title>Se construir\u00e1n 9 edificios educativos en Jujuy - Muy Jujuy<\/title>\n<meta name=\"description\" content=\"Los sobres de licitaciones fueron abiertos en el Ministerio Educativo y se construir\u00e1n 9 edificios educativos en la provincia.\" \/>\n<meta name=\"robots\" content=\"index, follow, max-snippet:-1, max-image-preview:large, max-video-preview:-1\" \/>\n<link rel=\"canonical\" href=\"https:\/\/www.muyjujuy.com\/index.php\/2022\/09\/16\/se-construiran-9-edificios-educativos-en-jujuy\/\" \/>\n<meta property=\"og:locale\" content=\"es_ES\" \/>\n<meta property=\"og:type\" content=\"article\" \/>\n<meta property=\"og:title\" content=\"Se construir\u00e1n 9 edificios educativos en Jujuy - Muy Jujuy\" \/>\n<meta property=\"og:description\" content=\"Los sobres de licitaciones fueron abiertos en el Ministerio Educativo y se construir\u00e1n 9 edificios educativos en la provincia.\" \/>\n<meta property=\"og:url\" content=\"https:\/\/www.muyjujuy.com\/index.php\/2022\/09\/16\/se-construiran-9-edificios-educativos-en-jujuy\/\" \/>\n<meta property=\"og:site_name\" content=\"Muy Jujuy\" \/>\n<meta property=\"article:publisher\" content=\"https:\/\/www.facebook.com\/muyjujuycom\" \/>\n<meta property=\"article:published_time\" content=\"2022-09-16T14:44:59+00:00\" \/>\n<meta property=\"article:modified_time\" content=\"2022-09-16T14:45:02+00:00\" \/>\n<meta property=\"og:image\" content=\"https:\/\/www.muyjujuy.com\/wp-content\/uploads\/2022\/09\/WhatsApp-Image-2022-09-16-at-11.32.57-1.jpeg\" \/>\n\t<meta property=\"og:image:width\" content=\"1200\" \/>\n\t<meta property=\"og:image:height\" content=\"802\" \/>\n\t<meta property=\"og:image:type\" content=\"image\/jpeg\" \/>\n<meta name=\"author\" content=\"Redacci\u00f3n Muy Jujuy\" \/>\n<meta name=\"twitter:card\" content=\"summary_large_image\" \/>\n<meta name=\"twitter:creator\" content=\"@muyjujuy\" \/>\n<meta name=\"twitter:site\" content=\"@muyjujuy\" \/>\n<meta name=\"twitter:label1\" content=\"Escrito por\" \/>\n\t<meta name=\"twitter:data1\" content=\"Redacci\u00f3n Muy Jujuy\" \/>\n\t<meta name=\"twitter:label2\" content=\"Tiempo de lectura\" \/>\n\t<meta name=\"twitter:data2\" content=\"2 minutos\" \/>\n<script type=\"application\/ld+json\" class=\"yoast-schema-graph\">{\"@context\":\"https:\\\/\\\/schema.org\",\"@graph\":[{\"@type\":\"Article\",\"@id\":\"https:\\\/\\\/www.muyjujuy.com\\\/index.php\\\/2022\\\/09\\\/16\\\/se-construiran-9-edificios-educativos-en-jujuy\\\/#article\",\"isPartOf\":{\"@id\":\"https:\\\/\\\/www.muyjujuy.com\\\/index.php\\\/2022\\\/09\\\/16\\\/se-construiran-9-edificios-educativos-en-jujuy\\\/\"},\"author\":{\"name\":\"Redacci\u00f3n Muy Jujuy\",\"@id\":\"https:\\\/\\\/www.muyjujuy.com\\\/#\\\/schema\\\/person\\\/1d0f6e223ccea9e3f9034c1a5b683bf2\"},\"headline\":\"Se construir\u00e1n 9 edificios educativos en Jujuy\",\"datePublished\":\"2022-09-16T14:44:59+00:00\",\"dateModified\":\"2022-09-16T14:45:02+00:00\",\"mainEntityOfPage\":{\"@id\":\"https:\\\/\\\/www.muyjujuy.com\\\/index.php\\\/2022\\\/09\\\/16\\\/se-construiran-9-edificios-educativos-en-jujuy\\\/\"},\"wordCount\":372,\"commentCount\":0,\"publisher\":{\"@id\":\"https:\\\/\\\/www.muyjujuy.com\\\/#organization\"},\"image\":{\"@id\":\"https:\\\/\\\/www.muyjujuy.com\\\/index.php\\\/2022\\\/09\\\/16\\\/se-construiran-9-edificios-educativos-en-jujuy\\\/#primaryimage\"},\"thumbnailUrl\":\"https:\\\/\\\/www.muyjujuy.com\\\/wp-content\\\/uploads\\\/2022\\\/09\\\/WhatsApp-Image-2022-09-16-at-11.32.57-1.jpeg\",\"keywords\":[\"Educaci\u00f3n\",\"Jujuy\"],\"articleSection\":[\"Sociedad\"],\"inLanguage\":\"es-AR\",\"potentialAction\":[{\"@type\":\"CommentAction\",\"name\":\"Comment\",\"target\":[\"https:\\\/\\\/www.muyjujuy.com\\\/index.php\\\/2022\\\/09\\\/16\\\/se-construiran-9-edificios-educativos-en-jujuy\\\/#respond\"]}]},{\"@type\":\"WebPage\",\"@id\":\"https:\\\/\\\/www.muyjujuy.com\\\/index.php\\\/2022\\\/09\\\/16\\\/se-construiran-9-edificios-educativos-en-jujuy\\\/\",\"url\":\"https:\\\/\\\/www.muyjujuy.com\\\/index.php\\\/2022\\\/09\\\/16\\\/se-construiran-9-edificios-educativos-en-jujuy\\\/\",\"name\":\"Se construir\u00e1n 9 edificios educativos en Jujuy - Muy Jujuy\",\"isPartOf\":{\"@id\":\"https:\\\/\\\/www.muyjujuy.com\\\/#website\"},\"primaryImageOfPage\":{\"@id\":\"https:\\\/\\\/www.muyjujuy.com\\\/index.php\\\/2022\\\/09\\\/16\\\/se-construiran-9-edificios-educativos-en-jujuy\\\/#primaryimage\"},\"image\":{\"@id\":\"https:\\\/\\\/www.muyjujuy.com\\\/index.php\\\/2022\\\/09\\\/16\\\/se-construiran-9-edificios-educativos-en-jujuy\\\/#primaryimage\"},\"thumbnailUrl\":\"https:\\\/\\\/www.muyjujuy.com\\\/wp-content\\\/uploads\\\/2022\\\/09\\\/WhatsApp-Image-2022-09-16-at-11.32.57-1.jpeg\",\"datePublished\":\"2022-09-16T14:44:59+00:00\",\"dateModified\":\"2022-09-16T14:45:02+00:00\",\"description\":\"Los sobres de licitaciones fueron abiertos en el Ministerio Educativo y se construir\u00e1n 9 edificios educativos en la provincia.\",\"breadcrumb\":{\"@id\":\"https:\\\/\\\/www.muyjujuy.com\\\/index.php\\\/2022\\\/09\\\/16\\\/se-construiran-9-edificios-educativos-en-jujuy\\\/#breadcrumb\"},\"inLanguage\":\"es-AR\",\"potentialAction\":[{\"@type\":\"ReadAction\",\"target\":[\"https:\\\/\\\/www.muyjujuy.com\\\/index.php\\\/2022\\\/09\\\/16\\\/se-construiran-9-edificios-educativos-en-jujuy\\\/\"]}]},{\"@type\":\"ImageObject\",\"inLanguage\":\"es-AR\",\"@id\":\"https:\\\/\\\/www.muyjujuy.com\\\/index.php\\\/2022\\\/09\\\/16\\\/se-construiran-9-edificios-educativos-en-jujuy\\\/#primaryimage\",\"url\":\"https:\\\/\\\/www.muyjujuy.com\\\/wp-content\\\/uploads\\\/2022\\\/09\\\/WhatsApp-Image-2022-09-16-at-11.32.57-1.jpeg\",\"contentUrl\":\"https:\\\/\\\/www.muyjujuy.com\\\/wp-content\\\/uploads\\\/2022\\\/09\\\/WhatsApp-Image-2022-09-16-at-11.32.57-1.jpeg\",\"width\":1200,\"height\":802},{\"@type\":\"BreadcrumbList\",\"@id\":\"https:\\\/\\\/www.muyjujuy.com\\\/index.php\\\/2022\\\/09\\\/16\\\/se-construiran-9-edificios-educativos-en-jujuy\\\/#breadcrumb\",\"itemListElement\":[{\"@type\":\"ListItem\",\"position\":1,\"name\":\"Inicio\",\"item\":\"https:\\\/\\\/www.muyjujuy.com\\\/\"},{\"@type\":\"ListItem\",\"position\":2,\"name\":\"Se construir\u00e1n 9 edificios educativos en Jujuy\"}]},{\"@type\":\"WebSite\",\"@id\":\"https:\\\/\\\/www.muyjujuy.com\\\/#website\",\"url\":\"https:\\\/\\\/www.muyjujuy.com\\\/\",\"name\":\"Muy Jujuy\",\"description\":\"\",\"publisher\":{\"@id\":\"https:\\\/\\\/www.muyjujuy.com\\\/#organization\"},\"potentialAction\":[{\"@type\":\"SearchAction\",\"target\":{\"@type\":\"EntryPoint\",\"urlTemplate\":\"https:\\\/\\\/www.muyjujuy.com\\\/?s={search_term_string}\"},\"query-input\":{\"@type\":\"PropertyValueSpecification\",\"valueRequired\":true,\"valueName\":\"search_term_string\"}}],\"inLanguage\":\"es-AR\"},{\"@type\":\"Organization\",\"@id\":\"https:\\\/\\\/www.muyjujuy.com\\\/#organization\",\"name\":\"Muy Jujuy\",\"url\":\"https:\\\/\\\/www.muyjujuy.com\\\/\",\"logo\":{\"@type\":\"ImageObject\",\"inLanguage\":\"es-AR\",\"@id\":\"https:\\\/\\\/www.muyjujuy.com\\\/#\\\/schema\\\/logo\\\/image\\\/\",\"url\":\"http:\\\/\\\/www.muyjujuy.com\\\/wp-content\\\/uploads\\\/2022\\\/05\\\/logo-mobil-jujuy.png\",\"contentUrl\":\"http:\\\/\\\/www.muyjujuy.com\\\/wp-content\\\/uploads\\\/2022\\\/05\\\/logo-mobil-jujuy.png\",\"width\":174,\"height\":81,\"caption\":\"Muy Jujuy\"},\"image\":{\"@id\":\"https:\\\/\\\/www.muyjujuy.com\\\/#\\\/schema\\\/logo\\\/image\\\/\"},\"sameAs\":[\"https:\\\/\\\/www.facebook.com\\\/muyjujuycom\",\"https:\\\/\\\/x.com\\\/muyjujuy\",\"https:\\\/\\\/www.instagram.com\\\/muyjujuycom\"]},{\"@type\":\"Person\",\"@id\":\"https:\\\/\\\/www.muyjujuy.com\\\/#\\\/schema\\\/person\\\/1d0f6e223ccea9e3f9034c1a5b683bf2\",\"name\":\"Redacci\u00f3n Muy Jujuy\",\"image\":{\"@type\":\"ImageObject\",\"inLanguage\":\"es-AR\",\"@id\":\"https:\\\/\\\/secure.gravatar.com\\\/avatar\\\/fec5f6f1893d741ed5eecccff109ce43e67a855411202a3212a058cb8e5c27d4?s=96&d=mm&r=g\",\"url\":\"https:\\\/\\\/secure.gravatar.com\\\/avatar\\\/fec5f6f1893d741ed5eecccff109ce43e67a855411202a3212a058cb8e5c27d4?s=96&d=mm&r=g\",\"contentUrl\":\"https:\\\/\\\/secure.gravatar.com\\\/avatar\\\/fec5f6f1893d741ed5eecccff109ce43e67a855411202a3212a058cb8e5c27d4?s=96&d=mm&r=g\",\"caption\":\"Redacci\u00f3n Muy Jujuy\"},\"url\":\"https:\\\/\\\/www.muyjujuy.com\\\/index.php\\\/author\\\/editor\\\/\"}]}<\/script>\n<!-- \/ Yoast SEO plugin. -->","yoast_head_json":{"title":"Se construir\u00e1n 9 edificios educativos en Jujuy - Muy Jujuy","description":"Los sobres de licitaciones fueron abiertos en el Ministerio Educativo y se construir\u00e1n 9 edificios educativos en la provincia.","robots":{"index":"index","follow":"follow","max-snippet":"max-snippet:-1","max-image-preview":"max-image-preview:large","max-video-preview":"max-video-preview:-1"},"canonical":"https:\/\/www.muyjujuy.com\/index.php\/2022\/09\/16\/se-construiran-9-edificios-educativos-en-jujuy\/","og_locale":"es_ES","og_type":"article","og_title":"Se construir\u00e1n 9 edificios educativos en Jujuy - Muy Jujuy","og_description":"Los sobres de licitaciones fueron abiertos en el Ministerio Educativo y se construir\u00e1n 9 edificios educativos en la provincia.","og_url":"https:\/\/www.muyjujuy.com\/index.php\/2022\/09\/16\/se-construiran-9-edificios-educativos-en-jujuy\/","og_site_name":"Muy Jujuy","article_publisher":"https:\/\/www.facebook.com\/muyjujuycom","article_published_time":"2022-09-16T14:44:59+00:00","article_modified_time":"2022-09-16T14:45:02+00:00","og_image":[{"width":1200,"height":802,"url":"https:\/\/www.muyjujuy.com\/wp-content\/uploads\/2022\/09\/WhatsApp-Image-2022-09-16-at-11.32.57-1.jpeg","type":"image\/jpeg"}],"author":"Redacci\u00f3n Muy Jujuy","twitter_card":"summary_large_image","twitter_creator":"@muyjujuy","twitter_site":"@muyjujuy","twitter_misc":{"Escrito por":"Redacci\u00f3n Muy Jujuy","Tiempo de lectura":"2 minutos"},"schema":{"@context":"https:\/\/schema.org","@graph":[{"@type":"Article","@id":"https:\/\/www.muyjujuy.com\/index.php\/2022\/09\/16\/se-construiran-9-edificios-educativos-en-jujuy\/#article","isPartOf":{"@id":"https:\/\/www.muyjujuy.com\/index.php\/2022\/09\/16\/se-construiran-9-edificios-educativos-en-jujuy\/"},"author":{"name":"Redacci\u00f3n Muy Jujuy","@id":"https:\/\/www.muyjujuy.com\/#\/schema\/person\/1d0f6e223ccea9e3f9034c1a5b683bf2"},"headline":"Se construir\u00e1n 9 edificios educativos en Jujuy","datePublished":"2022-09-16T14:44:59+00:00","dateModified":"2022-09-16T14:45:02+00:00","mainEntityOfPage":{"@id":"https:\/\/www.muyjujuy.com\/index.php\/2022\/09\/16\/se-construiran-9-edificios-educativos-en-jujuy\/"},"wordCount":372,"commentCount":0,"publisher":{"@id":"https:\/\/www.muyjujuy.com\/#organization"},"image":{"@id":"https:\/\/www.muyjujuy.com\/index.php\/2022\/09\/16\/se-construiran-9-edificios-educativos-en-jujuy\/#primaryimage"},"thumbnailUrl":"https:\/\/www.muyjujuy.com\/wp-content\/uploads\/2022\/09\/WhatsApp-Image-2022-09-16-at-11.32.57-1.jpeg","keywords":["Educaci\u00f3n","Jujuy"],"articleSection":["Sociedad"],"inLanguage":"es-AR","potentialAction":[{"@type":"CommentAction","name":"Comment","target":["https:\/\/www.muyjujuy.com\/index.php\/2022\/09\/16\/se-construiran-9-edificios-educativos-en-jujuy\/#respond"]}]},{"@type":"WebPage","@id":"https:\/\/www.muyjujuy.com\/index.php\/2022\/09\/16\/se-construiran-9-edificios-educativos-en-jujuy\/","url":"https:\/\/www.muyjujuy.com\/index.php\/2022\/09\/16\/se-construiran-9-edificios-educativos-en-jujuy\/","name":"Se construir\u00e1n 9 edificios educativos en Jujuy - Muy Jujuy","isPartOf":{"@id":"https:\/\/www.muyjujuy.com\/#website"},"primaryImageOfPage":{"@id":"https:\/\/www.muyjujuy.com\/index.php\/2022\/09\/16\/se-construiran-9-edificios-educativos-en-jujuy\/#primaryimage"},"image":{"@id":"https:\/\/www.muyjujuy.com\/index.php\/2022\/09\/16\/se-construiran-9-edificios-educativos-en-jujuy\/#primaryimage"},"thumbnailUrl":"https:\/\/www.muyjujuy.com\/wp-content\/uploads\/2022\/09\/WhatsApp-Image-2022-09-16-at-11.32.57-1.jpeg","datePublished":"2022-09-16T14:44:59+00:00","dateModified":"2022-09-16T14:45:02+00:00","description":"Los sobres de licitaciones fueron abiertos en el Ministerio Educativo y se construir\u00e1n 9 edificios educativos en la provincia.","breadcrumb":{"@id":"https:\/\/www.muyjujuy.com\/index.php\/2022\/09\/16\/se-construiran-9-edificios-educativos-en-jujuy\/#breadcrumb"},"inLanguage":"es-AR","potentialAction":[{"@type":"ReadAction","target":["https:\/\/www.muyjujuy.com\/index.php\/2022\/09\/16\/se-construiran-9-edificios-educativos-en-jujuy\/"]}]},{"@type":"ImageObject","inLanguage":"es-AR","@id":"https:\/\/www.muyjujuy.com\/index.php\/2022\/09\/16\/se-construiran-9-edificios-educativos-en-jujuy\/#primaryimage","url":"https:\/\/www.muyjujuy.com\/wp-content\/uploads\/2022\/09\/WhatsApp-Image-2022-09-16-at-11.32.57-1.jpeg","contentUrl":"https:\/\/www.muyjujuy.com\/wp-content\/uploads\/2022\/09\/WhatsApp-Image-2022-09-16-at-11.32.57-1.jpeg","width":1200,"height":802},{"@type":"BreadcrumbList","@id":"https:\/\/www.muyjujuy.com\/index.php\/2022\/09\/16\/se-construiran-9-edificios-educativos-en-jujuy\/#breadcrumb","itemListElement":[{"@type":"ListItem","position":1,"name":"Inicio","item":"https:\/\/www.muyjujuy.com\/"},{"@type":"ListItem","position":2,"name":"Se construir\u00e1n 9 edificios educativos en Jujuy"}]},{"@type":"WebSite","@id":"https:\/\/www.muyjujuy.com\/#website","url":"https:\/\/www.muyjujuy.com\/","name":"Muy Jujuy","description":"","publisher":{"@id":"https:\/\/www.muyjujuy.com\/#organization"},"potentialAction":[{"@type":"SearchAction","target":{"@type":"EntryPoint","urlTemplate":"https:\/\/www.muyjujuy.com\/?s={search_term_string}"},"query-input":{"@type":"PropertyValueSpecification","valueRequired":true,"valueName":"search_term_string"}}],"inLanguage":"es-AR"},{"@type":"Organization","@id":"https:\/\/www.muyjujuy.com\/#organization","name":"Muy Jujuy","url":"https:\/\/www.muyjujuy.com\/","logo":{"@type":"ImageObject","inLanguage":"es-AR","@id":"https:\/\/www.muyjujuy.com\/#\/schema\/logo\/image\/","url":"http:\/\/www.muyjujuy.com\/wp-content\/uploads\/2022\/05\/logo-mobil-jujuy.png","contentUrl":"http:\/\/www.muyjujuy.com\/wp-content\/uploads\/2022\/05\/logo-mobil-jujuy.png","width":174,"height":81,"caption":"Muy Jujuy"},"image":{"@id":"https:\/\/www.muyjujuy.com\/#\/schema\/logo\/image\/"},"sameAs":["https:\/\/www.facebook.com\/muyjujuycom","https:\/\/x.com\/muyjujuy","https:\/\/www.instagram.com\/muyjujuycom"]},{"@type":"Person","@id":"https:\/\/www.muyjujuy.com\/#\/schema\/person\/1d0f6e223ccea9e3f9034c1a5b683bf2","name":"Redacci\u00f3n Muy Jujuy","image":{"@type":"ImageObject","inLanguage":"es-AR","@id":"https:\/\/secure.gravatar.com\/avatar\/fec5f6f1893d741ed5eecccff109ce43e67a855411202a3212a058cb8e5c27d4?s=96&d=mm&r=g","url":"https:\/\/secure.gravatar.com\/avatar\/fec5f6f1893d741ed5eecccff109ce43e67a855411202a3212a058cb8e5c27d4?s=96&d=mm&r=g","contentUrl":"https:\/\/secure.gravatar.com\/avatar\/fec5f6f1893d741ed5eecccff109ce43e67a855411202a3212a058cb8e5c27d4?s=96&d=mm&r=g","caption":"Redacci\u00f3n Muy Jujuy"},"url":"https:\/\/www.muyjujuy.com\/index.php\/author\/editor\/"}]}},"_links":{"self":[{"href":"https:\/\/www.muyjujuy.com\/index.php\/wp-json\/wp\/v2\/posts\/1500","targetHints":{"allow":["GET"]}}],"collection":[{"href":"https:\/\/www.muyjujuy.com\/index.php\/wp-json\/wp\/v2\/posts"}],"about":[{"href":"https:\/\/www.muyjujuy.com\/index.php\/wp-json\/wp\/v2\/types\/post"}],"author":[{"embeddable":true,"href":"https:\/\/www.muyjujuy.com\/index.php\/wp-json\/wp\/v2\/users\/3"}],"replies":[{"embeddable":true,"href":"https:\/\/www.muyjujuy.com\/index.php\/wp-json\/wp\/v2\/comments?post=1500"}],"version-history":[{"count":1,"href":"https:\/\/www.muyjujuy.com\/index.php\/wp-json\/wp\/v2\/posts\/1500\/revisions"}],"predecessor-version":[{"id":1502,"href":"https:\/\/www.muyjujuy.com\/index.php\/wp-json\/wp\/v2\/posts\/1500\/revisions\/1502"}],"wp:featuredmedia":[{"embeddable":true,"href":"https:\/\/www.muyjujuy.com\/index.php\/wp-json\/wp\/v2\/media\/1501"}],"wp:attachment":[{"href":"https:\/\/www.muyjujuy.com\/index.php\/wp-json\/wp\/v2\/media?parent=1500"}],"wp:term":[{"taxonomy":"category","embeddable":true,"href":"https:\/\/www.muyjujuy.com\/index.php\/wp-json\/wp\/v2\/categories?post=1500"},{"taxonomy":"post_tag","embeddable":true,"href":"https:\/\/www.muyjujuy.com\/index.php\/wp-json\/wp\/v2\/tags?post=1500"}],"curies":[{"name":"wp","href":"https:\/\/api.w.org\/{rel}","templated":true}]}}