{"id":1514,"date":"2022-09-19T12:55:40","date_gmt":"2022-09-19T15:55:40","guid":{"rendered":"https:\/\/www.muyjujuy.com\/?p=1514"},"modified":"2022-09-19T12:55:43","modified_gmt":"2022-09-19T15:55:43","slug":"incendios-forestales-en-jujuy-ampliaran-el-trabajo-en-las-yungas","status":"publish","type":"post","link":"https:\/\/www.muyjujuy.com\/index.php\/2022\/09\/19\/incendios-forestales-en-jujuy-ampliaran-el-trabajo-en-las-yungas\/","title":{"rendered":"Incendios forestales en Jujuy: ampliar\u00e1n el trabajo en las Yungas"},"content":{"rendered":"\n<p><em>El fuego persiste en l zona de las Yungas, en donde ya se quemaron m\u00e1s de 4 mil hect\u00e1reas y se modificar\u00e1 el trabajo en la zona.<\/em><\/p>\n\n\n\n<p>El Comit\u00e9 Operativo de Emergencia \u00cdgnea inform\u00f3 que modificar\u00e1n la modalidad de trabajo de los brigadistas en la <a href=\"https:\/\/www.muyjujuy.com\/index.php\/2022\/09\/09\/incendios-forestales-ya-se-quemaron-mas-de-4-mil-hectareas-en-las-yungas-jujenas\/\">zona de las Yungas<\/a>. Esta decisi\u00f3n responde a aprovechar el descenso de temperatura que se pronostican para los pr\u00f3ximos d\u00edas.<\/p>\n\n\n\n<p>En el \u00faltimo informe, se mencion\u00f3 que a pesar de haber sido una jornada de mucho calor, <strong>el fuego no avanz\u00f3 considerablemente<\/strong>. Tambi\u00e9n, se realizaron varias descargas con los aviones hidrantes para enfriar las zonas.<\/p>\n\n\n\n<p>Hasta el momento se encuentran trabajando 208 personas entre brigadistas de incendios forestales, bomberos, defensa civil, seguridad vial y bomberos voluntarios llegados de distintos puntos del pa\u00eds.<\/p>\n\n\n\n<p>Adem\u00e1s, est\u00e1n operativas m\u00e1s de 70 unidades desde autobombas, unidades de ataque, cuatriciclos, ambulancias y maquinaria pesada.<\/p>\n\n\n\n<p>Por otro lado, <strong>se realizaron tareas de apagado, enfriamiento, control, mapeos de calor y guardias de cenizas para evitar que vuelvan a encenderse. <\/strong>En tanto, <strong>el \u00e1rea afectada alcanza las 7.266 hect\u00e1reas y aproximadamente 520 corresponden al Parque Nacional Calilegua.<\/strong><\/p>\n\n\n\n<p>Frente a este escenario, <strong>se modificar\u00e1 la forma de trabajo de los brigadistas y a partir de este lunes se ampliar\u00e1 el horario de trabajo en campo. <\/strong>Se iniciar\u00e1 con las primeras luces del d\u00eda y extendiendo unas horas por la tarde aprovechando la merma en las temperaturas pronosticadas.<\/p>\n\n\n\n<h2 class=\"wp-block-heading\"><strong>Recomendaciones para evitar incendios <\/strong><\/h2>\n\n\n\n<ul class=\"wp-block-list\"><li>No tires colillas de cigarrillo, ni f\u00f3sforos en zonas donde hay materia vegetal seca.<\/li><li>No tires vidrios, botellas de pl\u00e1stico o cristal, latas, sprays u otros materiales combustibles en los bosques.<\/li><li>No enciendas hogueras o fogatas en el bosque.<\/li><li>Coloc\u00e1 zonas cortafuegos en las \u00e1reas en las que se conoce que hay facilidad de incendios.<\/li><li>Si ves uno, comunicate al 911, 100, 103 o al 0388- 4271971.<\/li><li>El 99% de los incendios son provocados por las personas. Prevenir es la \u00fanica opci\u00f3n.<\/li><\/ul>\n","protected":false},"excerpt":{"rendered":"<p>El fuego persiste en l zona de las Yungas, en donde ya se quemaron m\u00e1s de 4 mil hect\u00e1reas y se modificar\u00e1 el trabajo en la zona. El Comit\u00e9 Operativo de Emergencia \u00cdgnea inform\u00f3 que modificar\u00e1n la modalidad de trabajo de los brigadistas en la zona de las Yungas. Esta decisi\u00f3n responde a aprovechar el [&hellip;]<\/p>\n","protected":false},"author":3,"featured_media":1515,"comment_status":"open","ping_status":"open","sticky":false,"template":"","format":"standard","meta":{"footnotes":""},"categories":[25],"tags":[735,8,755],"class_list":{"0":"post-1514","1":"post","2":"type-post","3":"status-publish","4":"format-standard","5":"has-post-thumbnail","7":"category-sociedad","8":"tag-incendios-forestales","9":"tag-jujuy","10":"tag-yungas"},"yoast_head":"<!-- This site is optimized with the Yoast SEO plugin v27.5 - https:\/\/yoast.com\/product\/yoast-seo-wordpress\/ -->\n<title>Incendios forestales en Jujuy: ampliar\u00e1n el trabajo en las Yungas - Muy Jujuy<\/title>\n<meta name=\"description\" content=\"El fuego persiste en l zona de las Yungas, en donde ya se quemaron m\u00e1s de 4 mil hect\u00e1reas y se modificar\u00e1 el trabajo en la zona.\" \/>\n<meta name=\"robots\" content=\"index, follow, max-snippet:-1, max-image-preview:large, max-video-preview:-1\" \/>\n<link rel=\"canonical\" href=\"https:\/\/www.muyjujuy.com\/index.php\/2022\/09\/19\/incendios-forestales-en-jujuy-ampliaran-el-trabajo-en-las-yungas\/\" \/>\n<meta property=\"og:locale\" content=\"es_ES\" \/>\n<meta property=\"og:type\" content=\"article\" \/>\n<meta property=\"og:title\" content=\"Incendios forestales en Jujuy: ampliar\u00e1n el trabajo en las Yungas - Muy Jujuy\" \/>\n<meta property=\"og:description\" content=\"El fuego persiste en l zona de las Yungas, en donde ya se quemaron m\u00e1s de 4 mil hect\u00e1reas y se modificar\u00e1 el trabajo en la zona.\" \/>\n<meta property=\"og:url\" content=\"https:\/\/www.muyjujuy.com\/index.php\/2022\/09\/19\/incendios-forestales-en-jujuy-ampliaran-el-trabajo-en-las-yungas\/\" \/>\n<meta property=\"og:site_name\" content=\"Muy Jujuy\" \/>\n<meta property=\"article:publisher\" content=\"https:\/\/www.facebook.com\/muyjujuycom\" \/>\n<meta property=\"article:published_time\" content=\"2022-09-19T15:55:40+00:00\" \/>\n<meta property=\"article:modified_time\" content=\"2022-09-19T15:55:43+00:00\" \/>\n<meta property=\"og:image\" content=\"https:\/\/www.muyjujuy.com\/wp-content\/uploads\/2022\/09\/WhatsApp-Image-2022-09-19-at-12.49.53.jpeg\" \/>\n\t<meta property=\"og:image:width\" content=\"990\" \/>\n\t<meta property=\"og:image:height\" content=\"610\" \/>\n\t<meta property=\"og:image:type\" content=\"image\/jpeg\" \/>\n<meta name=\"author\" content=\"Redacci\u00f3n Muy Jujuy\" \/>\n<meta name=\"twitter:card\" content=\"summary_large_image\" \/>\n<meta name=\"twitter:creator\" content=\"@muyjujuy\" \/>\n<meta name=\"twitter:site\" content=\"@muyjujuy\" \/>\n<meta name=\"twitter:label1\" content=\"Escrito por\" \/>\n\t<meta name=\"twitter:data1\" content=\"Redacci\u00f3n Muy Jujuy\" \/>\n\t<meta name=\"twitter:label2\" content=\"Tiempo de lectura\" \/>\n\t<meta name=\"twitter:data2\" content=\"2 minutos\" \/>\n<script type=\"application\/ld+json\" class=\"yoast-schema-graph\">{\"@context\":\"https:\\\/\\\/schema.org\",\"@graph\":[{\"@type\":\"Article\",\"@id\":\"https:\\\/\\\/www.muyjujuy.com\\\/index.php\\\/2022\\\/09\\\/19\\\/incendios-forestales-en-jujuy-ampliaran-el-trabajo-en-las-yungas\\\/#article\",\"isPartOf\":{\"@id\":\"https:\\\/\\\/www.muyjujuy.com\\\/index.php\\\/2022\\\/09\\\/19\\\/incendios-forestales-en-jujuy-ampliaran-el-trabajo-en-las-yungas\\\/\"},\"author\":{\"name\":\"Redacci\u00f3n Muy Jujuy\",\"@id\":\"https:\\\/\\\/www.muyjujuy.com\\\/#\\\/schema\\\/person\\\/1d0f6e223ccea9e3f9034c1a5b683bf2\"},\"headline\":\"Incendios forestales en Jujuy: ampliar\u00e1n el trabajo en las Yungas\",\"datePublished\":\"2022-09-19T15:55:40+00:00\",\"dateModified\":\"2022-09-19T15:55:43+00:00\",\"mainEntityOfPage\":{\"@id\":\"https:\\\/\\\/www.muyjujuy.com\\\/index.php\\\/2022\\\/09\\\/19\\\/incendios-forestales-en-jujuy-ampliaran-el-trabajo-en-las-yungas\\\/\"},\"wordCount\":336,\"commentCount\":0,\"publisher\":{\"@id\":\"https:\\\/\\\/www.muyjujuy.com\\\/#organization\"},\"image\":{\"@id\":\"https:\\\/\\\/www.muyjujuy.com\\\/index.php\\\/2022\\\/09\\\/19\\\/incendios-forestales-en-jujuy-ampliaran-el-trabajo-en-las-yungas\\\/#primaryimage\"},\"thumbnailUrl\":\"https:\\\/\\\/www.muyjujuy.com\\\/wp-content\\\/uploads\\\/2022\\\/09\\\/WhatsApp-Image-2022-09-19-at-12.49.53.jpeg\",\"keywords\":[\"Incendios forestales\",\"Jujuy\",\"Yungas\"],\"articleSection\":[\"Sociedad\"],\"inLanguage\":\"es-AR\",\"potentialAction\":[{\"@type\":\"CommentAction\",\"name\":\"Comment\",\"target\":[\"https:\\\/\\\/www.muyjujuy.com\\\/index.php\\\/2022\\\/09\\\/19\\\/incendios-forestales-en-jujuy-ampliaran-el-trabajo-en-las-yungas\\\/#respond\"]}]},{\"@type\":\"WebPage\",\"@id\":\"https:\\\/\\\/www.muyjujuy.com\\\/index.php\\\/2022\\\/09\\\/19\\\/incendios-forestales-en-jujuy-ampliaran-el-trabajo-en-las-yungas\\\/\",\"url\":\"https:\\\/\\\/www.muyjujuy.com\\\/index.php\\\/2022\\\/09\\\/19\\\/incendios-forestales-en-jujuy-ampliaran-el-trabajo-en-las-yungas\\\/\",\"name\":\"Incendios forestales en Jujuy: ampliar\u00e1n el trabajo en las Yungas - Muy Jujuy\",\"isPartOf\":{\"@id\":\"https:\\\/\\\/www.muyjujuy.com\\\/#website\"},\"primaryImageOfPage\":{\"@id\":\"https:\\\/\\\/www.muyjujuy.com\\\/index.php\\\/2022\\\/09\\\/19\\\/incendios-forestales-en-jujuy-ampliaran-el-trabajo-en-las-yungas\\\/#primaryimage\"},\"image\":{\"@id\":\"https:\\\/\\\/www.muyjujuy.com\\\/index.php\\\/2022\\\/09\\\/19\\\/incendios-forestales-en-jujuy-ampliaran-el-trabajo-en-las-yungas\\\/#primaryimage\"},\"thumbnailUrl\":\"https:\\\/\\\/www.muyjujuy.com\\\/wp-content\\\/uploads\\\/2022\\\/09\\\/WhatsApp-Image-2022-09-19-at-12.49.53.jpeg\",\"datePublished\":\"2022-09-19T15:55:40+00:00\",\"dateModified\":\"2022-09-19T15:55:43+00:00\",\"description\":\"El fuego persiste en l zona de las Yungas, en donde ya se quemaron m\u00e1s de 4 mil hect\u00e1reas y se modificar\u00e1 el trabajo en la zona.\",\"breadcrumb\":{\"@id\":\"https:\\\/\\\/www.muyjujuy.com\\\/index.php\\\/2022\\\/09\\\/19\\\/incendios-forestales-en-jujuy-ampliaran-el-trabajo-en-las-yungas\\\/#breadcrumb\"},\"inLanguage\":\"es-AR\",\"potentialAction\":[{\"@type\":\"ReadAction\",\"target\":[\"https:\\\/\\\/www.muyjujuy.com\\\/index.php\\\/2022\\\/09\\\/19\\\/incendios-forestales-en-jujuy-ampliaran-el-trabajo-en-las-yungas\\\/\"]}]},{\"@type\":\"ImageObject\",\"inLanguage\":\"es-AR\",\"@id\":\"https:\\\/\\\/www.muyjujuy.com\\\/index.php\\\/2022\\\/09\\\/19\\\/incendios-forestales-en-jujuy-ampliaran-el-trabajo-en-las-yungas\\\/#primaryimage\",\"url\":\"https:\\\/\\\/www.muyjujuy.com\\\/wp-content\\\/uploads\\\/2022\\\/09\\\/WhatsApp-Image-2022-09-19-at-12.49.53.jpeg\",\"contentUrl\":\"https:\\\/\\\/www.muyjujuy.com\\\/wp-content\\\/uploads\\\/2022\\\/09\\\/WhatsApp-Image-2022-09-19-at-12.49.53.jpeg\",\"width\":990,\"height\":610},{\"@type\":\"BreadcrumbList\",\"@id\":\"https:\\\/\\\/www.muyjujuy.com\\\/index.php\\\/2022\\\/09\\\/19\\\/incendios-forestales-en-jujuy-ampliaran-el-trabajo-en-las-yungas\\\/#breadcrumb\",\"itemListElement\":[{\"@type\":\"ListItem\",\"position\":1,\"name\":\"Inicio\",\"item\":\"https:\\\/\\\/www.muyjujuy.com\\\/\"},{\"@type\":\"ListItem\",\"position\":2,\"name\":\"Incendios forestales en Jujuy: ampliar\u00e1n el trabajo en las Yungas\"}]},{\"@type\":\"WebSite\",\"@id\":\"https:\\\/\\\/www.muyjujuy.com\\\/#website\",\"url\":\"https:\\\/\\\/www.muyjujuy.com\\\/\",\"name\":\"Muy Jujuy\",\"description\":\"\",\"publisher\":{\"@id\":\"https:\\\/\\\/www.muyjujuy.com\\\/#organization\"},\"potentialAction\":[{\"@type\":\"SearchAction\",\"target\":{\"@type\":\"EntryPoint\",\"urlTemplate\":\"https:\\\/\\\/www.muyjujuy.com\\\/?s={search_term_string}\"},\"query-input\":{\"@type\":\"PropertyValueSpecification\",\"valueRequired\":true,\"valueName\":\"search_term_string\"}}],\"inLanguage\":\"es-AR\"},{\"@type\":\"Organization\",\"@id\":\"https:\\\/\\\/www.muyjujuy.com\\\/#organization\",\"name\":\"Muy Jujuy\",\"url\":\"https:\\\/\\\/www.muyjujuy.com\\\/\",\"logo\":{\"@type\":\"ImageObject\",\"inLanguage\":\"es-AR\",\"@id\":\"https:\\\/\\\/www.muyjujuy.com\\\/#\\\/schema\\\/logo\\\/image\\\/\",\"url\":\"http:\\\/\\\/www.muyjujuy.com\\\/wp-content\\\/uploads\\\/2022\\\/05\\\/logo-mobil-jujuy.png\",\"contentUrl\":\"http:\\\/\\\/www.muyjujuy.com\\\/wp-content\\\/uploads\\\/2022\\\/05\\\/logo-mobil-jujuy.png\",\"width\":174,\"height\":81,\"caption\":\"Muy Jujuy\"},\"image\":{\"@id\":\"https:\\\/\\\/www.muyjujuy.com\\\/#\\\/schema\\\/logo\\\/image\\\/\"},\"sameAs\":[\"https:\\\/\\\/www.facebook.com\\\/muyjujuycom\",\"https:\\\/\\\/x.com\\\/muyjujuy\",\"https:\\\/\\\/www.instagram.com\\\/muyjujuycom\"]},{\"@type\":\"Person\",\"@id\":\"https:\\\/\\\/www.muyjujuy.com\\\/#\\\/schema\\\/person\\\/1d0f6e223ccea9e3f9034c1a5b683bf2\",\"name\":\"Redacci\u00f3n Muy Jujuy\",\"image\":{\"@type\":\"ImageObject\",\"inLanguage\":\"es-AR\",\"@id\":\"https:\\\/\\\/secure.gravatar.com\\\/avatar\\\/fec5f6f1893d741ed5eecccff109ce43e67a855411202a3212a058cb8e5c27d4?s=96&d=mm&r=g\",\"url\":\"https:\\\/\\\/secure.gravatar.com\\\/avatar\\\/fec5f6f1893d741ed5eecccff109ce43e67a855411202a3212a058cb8e5c27d4?s=96&d=mm&r=g\",\"contentUrl\":\"https:\\\/\\\/secure.gravatar.com\\\/avatar\\\/fec5f6f1893d741ed5eecccff109ce43e67a855411202a3212a058cb8e5c27d4?s=96&d=mm&r=g\",\"caption\":\"Redacci\u00f3n Muy Jujuy\"},\"url\":\"https:\\\/\\\/www.muyjujuy.com\\\/index.php\\\/author\\\/editor\\\/\"}]}<\/script>\n<!-- \/ Yoast SEO plugin. -->","yoast_head_json":{"title":"Incendios forestales en Jujuy: ampliar\u00e1n el trabajo en las Yungas - Muy Jujuy","description":"El fuego persiste en l zona de las Yungas, en donde ya se quemaron m\u00e1s de 4 mil hect\u00e1reas y se modificar\u00e1 el trabajo en la zona.","robots":{"index":"index","follow":"follow","max-snippet":"max-snippet:-1","max-image-preview":"max-image-preview:large","max-video-preview":"max-video-preview:-1"},"canonical":"https:\/\/www.muyjujuy.com\/index.php\/2022\/09\/19\/incendios-forestales-en-jujuy-ampliaran-el-trabajo-en-las-yungas\/","og_locale":"es_ES","og_type":"article","og_title":"Incendios forestales en Jujuy: ampliar\u00e1n el trabajo en las Yungas - Muy Jujuy","og_description":"El fuego persiste en l zona de las Yungas, en donde ya se quemaron m\u00e1s de 4 mil hect\u00e1reas y se modificar\u00e1 el trabajo en la zona.","og_url":"https:\/\/www.muyjujuy.com\/index.php\/2022\/09\/19\/incendios-forestales-en-jujuy-ampliaran-el-trabajo-en-las-yungas\/","og_site_name":"Muy Jujuy","article_publisher":"https:\/\/www.facebook.com\/muyjujuycom","article_published_time":"2022-09-19T15:55:40+00:00","article_modified_time":"2022-09-19T15:55:43+00:00","og_image":[{"width":990,"height":610,"url":"https:\/\/www.muyjujuy.com\/wp-content\/uploads\/2022\/09\/WhatsApp-Image-2022-09-19-at-12.49.53.jpeg","type":"image\/jpeg"}],"author":"Redacci\u00f3n Muy Jujuy","twitter_card":"summary_large_image","twitter_creator":"@muyjujuy","twitter_site":"@muyjujuy","twitter_misc":{"Escrito por":"Redacci\u00f3n Muy Jujuy","Tiempo de lectura":"2 minutos"},"schema":{"@context":"https:\/\/schema.org","@graph":[{"@type":"Article","@id":"https:\/\/www.muyjujuy.com\/index.php\/2022\/09\/19\/incendios-forestales-en-jujuy-ampliaran-el-trabajo-en-las-yungas\/#article","isPartOf":{"@id":"https:\/\/www.muyjujuy.com\/index.php\/2022\/09\/19\/incendios-forestales-en-jujuy-ampliaran-el-trabajo-en-las-yungas\/"},"author":{"name":"Redacci\u00f3n Muy Jujuy","@id":"https:\/\/www.muyjujuy.com\/#\/schema\/person\/1d0f6e223ccea9e3f9034c1a5b683bf2"},"headline":"Incendios forestales en Jujuy: ampliar\u00e1n el trabajo en las Yungas","datePublished":"2022-09-19T15:55:40+00:00","dateModified":"2022-09-19T15:55:43+00:00","mainEntityOfPage":{"@id":"https:\/\/www.muyjujuy.com\/index.php\/2022\/09\/19\/incendios-forestales-en-jujuy-ampliaran-el-trabajo-en-las-yungas\/"},"wordCount":336,"commentCount":0,"publisher":{"@id":"https:\/\/www.muyjujuy.com\/#organization"},"image":{"@id":"https:\/\/www.muyjujuy.com\/index.php\/2022\/09\/19\/incendios-forestales-en-jujuy-ampliaran-el-trabajo-en-las-yungas\/#primaryimage"},"thumbnailUrl":"https:\/\/www.muyjujuy.com\/wp-content\/uploads\/2022\/09\/WhatsApp-Image-2022-09-19-at-12.49.53.jpeg","keywords":["Incendios forestales","Jujuy","Yungas"],"articleSection":["Sociedad"],"inLanguage":"es-AR","potentialAction":[{"@type":"CommentAction","name":"Comment","target":["https:\/\/www.muyjujuy.com\/index.php\/2022\/09\/19\/incendios-forestales-en-jujuy-ampliaran-el-trabajo-en-las-yungas\/#respond"]}]},{"@type":"WebPage","@id":"https:\/\/www.muyjujuy.com\/index.php\/2022\/09\/19\/incendios-forestales-en-jujuy-ampliaran-el-trabajo-en-las-yungas\/","url":"https:\/\/www.muyjujuy.com\/index.php\/2022\/09\/19\/incendios-forestales-en-jujuy-ampliaran-el-trabajo-en-las-yungas\/","name":"Incendios forestales en Jujuy: ampliar\u00e1n el trabajo en las Yungas - Muy Jujuy","isPartOf":{"@id":"https:\/\/www.muyjujuy.com\/#website"},"primaryImageOfPage":{"@id":"https:\/\/www.muyjujuy.com\/index.php\/2022\/09\/19\/incendios-forestales-en-jujuy-ampliaran-el-trabajo-en-las-yungas\/#primaryimage"},"image":{"@id":"https:\/\/www.muyjujuy.com\/index.php\/2022\/09\/19\/incendios-forestales-en-jujuy-ampliaran-el-trabajo-en-las-yungas\/#primaryimage"},"thumbnailUrl":"https:\/\/www.muyjujuy.com\/wp-content\/uploads\/2022\/09\/WhatsApp-Image-2022-09-19-at-12.49.53.jpeg","datePublished":"2022-09-19T15:55:40+00:00","dateModified":"2022-09-19T15:55:43+00:00","description":"El fuego persiste en l zona de las Yungas, en donde ya se quemaron m\u00e1s de 4 mil hect\u00e1reas y se modificar\u00e1 el trabajo en la zona.","breadcrumb":{"@id":"https:\/\/www.muyjujuy.com\/index.php\/2022\/09\/19\/incendios-forestales-en-jujuy-ampliaran-el-trabajo-en-las-yungas\/#breadcrumb"},"inLanguage":"es-AR","potentialAction":[{"@type":"ReadAction","target":["https:\/\/www.muyjujuy.com\/index.php\/2022\/09\/19\/incendios-forestales-en-jujuy-ampliaran-el-trabajo-en-las-yungas\/"]}]},{"@type":"ImageObject","inLanguage":"es-AR","@id":"https:\/\/www.muyjujuy.com\/index.php\/2022\/09\/19\/incendios-forestales-en-jujuy-ampliaran-el-trabajo-en-las-yungas\/#primaryimage","url":"https:\/\/www.muyjujuy.com\/wp-content\/uploads\/2022\/09\/WhatsApp-Image-2022-09-19-at-12.49.53.jpeg","contentUrl":"https:\/\/www.muyjujuy.com\/wp-content\/uploads\/2022\/09\/WhatsApp-Image-2022-09-19-at-12.49.53.jpeg","width":990,"height":610},{"@type":"BreadcrumbList","@id":"https:\/\/www.muyjujuy.com\/index.php\/2022\/09\/19\/incendios-forestales-en-jujuy-ampliaran-el-trabajo-en-las-yungas\/#breadcrumb","itemListElement":[{"@type":"ListItem","position":1,"name":"Inicio","item":"https:\/\/www.muyjujuy.com\/"},{"@type":"ListItem","position":2,"name":"Incendios forestales en Jujuy: ampliar\u00e1n el trabajo en las Yungas"}]},{"@type":"WebSite","@id":"https:\/\/www.muyjujuy.com\/#website","url":"https:\/\/www.muyjujuy.com\/","name":"Muy Jujuy","description":"","publisher":{"@id":"https:\/\/www.muyjujuy.com\/#organization"},"potentialAction":[{"@type":"SearchAction","target":{"@type":"EntryPoint","urlTemplate":"https:\/\/www.muyjujuy.com\/?s={search_term_string}"},"query-input":{"@type":"PropertyValueSpecification","valueRequired":true,"valueName":"search_term_string"}}],"inLanguage":"es-AR"},{"@type":"Organization","@id":"https:\/\/www.muyjujuy.com\/#organization","name":"Muy Jujuy","url":"https:\/\/www.muyjujuy.com\/","logo":{"@type":"ImageObject","inLanguage":"es-AR","@id":"https:\/\/www.muyjujuy.com\/#\/schema\/logo\/image\/","url":"http:\/\/www.muyjujuy.com\/wp-content\/uploads\/2022\/05\/logo-mobil-jujuy.png","contentUrl":"http:\/\/www.muyjujuy.com\/wp-content\/uploads\/2022\/05\/logo-mobil-jujuy.png","width":174,"height":81,"caption":"Muy Jujuy"},"image":{"@id":"https:\/\/www.muyjujuy.com\/#\/schema\/logo\/image\/"},"sameAs":["https:\/\/www.facebook.com\/muyjujuycom","https:\/\/x.com\/muyjujuy","https:\/\/www.instagram.com\/muyjujuycom"]},{"@type":"Person","@id":"https:\/\/www.muyjujuy.com\/#\/schema\/person\/1d0f6e223ccea9e3f9034c1a5b683bf2","name":"Redacci\u00f3n Muy Jujuy","image":{"@type":"ImageObject","inLanguage":"es-AR","@id":"https:\/\/secure.gravatar.com\/avatar\/fec5f6f1893d741ed5eecccff109ce43e67a855411202a3212a058cb8e5c27d4?s=96&d=mm&r=g","url":"https:\/\/secure.gravatar.com\/avatar\/fec5f6f1893d741ed5eecccff109ce43e67a855411202a3212a058cb8e5c27d4?s=96&d=mm&r=g","contentUrl":"https:\/\/secure.gravatar.com\/avatar\/fec5f6f1893d741ed5eecccff109ce43e67a855411202a3212a058cb8e5c27d4?s=96&d=mm&r=g","caption":"Redacci\u00f3n Muy Jujuy"},"url":"https:\/\/www.muyjujuy.com\/index.php\/author\/editor\/"}]}},"_links":{"self":[{"href":"https:\/\/www.muyjujuy.com\/index.php\/wp-json\/wp\/v2\/posts\/1514","targetHints":{"allow":["GET"]}}],"collection":[{"href":"https:\/\/www.muyjujuy.com\/index.php\/wp-json\/wp\/v2\/posts"}],"about":[{"href":"https:\/\/www.muyjujuy.com\/index.php\/wp-json\/wp\/v2\/types\/post"}],"author":[{"embeddable":true,"href":"https:\/\/www.muyjujuy.com\/index.php\/wp-json\/wp\/v2\/users\/3"}],"replies":[{"embeddable":true,"href":"https:\/\/www.muyjujuy.com\/index.php\/wp-json\/wp\/v2\/comments?post=1514"}],"version-history":[{"count":1,"href":"https:\/\/www.muyjujuy.com\/index.php\/wp-json\/wp\/v2\/posts\/1514\/revisions"}],"predecessor-version":[{"id":1516,"href":"https:\/\/www.muyjujuy.com\/index.php\/wp-json\/wp\/v2\/posts\/1514\/revisions\/1516"}],"wp:featuredmedia":[{"embeddable":true,"href":"https:\/\/www.muyjujuy.com\/index.php\/wp-json\/wp\/v2\/media\/1515"}],"wp:attachment":[{"href":"https:\/\/www.muyjujuy.com\/index.php\/wp-json\/wp\/v2\/media?parent=1514"}],"wp:term":[{"taxonomy":"category","embeddable":true,"href":"https:\/\/www.muyjujuy.com\/index.php\/wp-json\/wp\/v2\/categories?post=1514"},{"taxonomy":"post_tag","embeddable":true,"href":"https:\/\/www.muyjujuy.com\/index.php\/wp-json\/wp\/v2\/tags?post=1514"}],"curies":[{"name":"wp","href":"https:\/\/api.w.org\/{rel}","templated":true}]}}