{"id":1531,"date":"2022-09-20T12:04:58","date_gmt":"2022-09-20T15:04:58","guid":{"rendered":"https:\/\/www.muyjujuy.com\/?p=1531"},"modified":"2022-09-20T12:40:24","modified_gmt":"2022-09-20T15:40:24","slug":"procrear-ii-abren-nueva-inscripcion-para-viviendas-en-jujuy","status":"publish","type":"post","link":"https:\/\/www.muyjujuy.com\/index.php\/2022\/09\/20\/procrear-ii-abren-nueva-inscripcion-para-viviendas-en-jujuy\/","title":{"rendered":"Procrear II: abren nueva inscripci\u00f3n para viviendas en Jujuy"},"content":{"rendered":"\n<p><em>Abre una nueva inscripci\u00f3n para el programa Procrear y se sortean m\u00e1s de 900 lotes que que se encuentran en todo el pa\u00eds.<\/em><\/p>\n\n\n\n<p>El Ministerio de Desarrollo Territorial anunci\u00f3 que este mi\u00e9rcoles a las 10 abrir\u00e1 la inscripci\u00f3n para acceder a viviendas en <strong>Desarrollos Urban\u00edsticos Procrear II<\/strong>, entre ellas se encuentra la provincia de Jujuy. .<\/p>\n\n\n\n<p>Las unidades habitacionales ser\u00e1n para 18 provincias de todo el pa\u00eds, entre ellas Jujuy. Tambi\u00e9n, para Buenos Aires, CABA, Chaco, Chubut, C\u00f3rdoba, Corrientes, Entre R\u00edos, Mendoza, Misiones, Neuqu\u00e9n, R\u00edo Negro, San Luis, Santa Cruz, Santa Fe, Santiago del Estero, Tierra del Fuego y Tucum\u00e1n.<\/p>\n\n\n\n<p>Se sortear\u00e1n 900 unidades funcionales ubicadas en diversos en los predios de <strong>Bah\u00eda Blanca, Carmen de Patagones, Ciudad Evita, Haedo, Ituzaing\u00f3, Lincoln, Merlo, Mor\u00f3n, San Antonio de Areco, San Miguel, San Nicol\u00e1s, Estaci\u00f3n Buenos Aires y Estaci\u00f3n S\u00e1enz, todos en Buenos Aires.<\/strong><\/p>\n\n\n\n<p>Tambi\u00e9n en Resistencia; Puerto Madryn; Barrio Liceo, Cavanagh, Morrison, San Francisco; Corrientes; Paran\u00e1; Jujuy; La Dormida, Maip\u00fa, Malarg\u00fce, Mendoza Capital, San Mart\u00edn, San Rafael; Posadas; Zapala; Bariloche; San Luis; R\u00edo Gallegos; Estaci\u00f3n Cambios, Rafaela, Sunchales; La Banda, Santiago del Estero; R\u00edo Grande y Yerba Buena.<\/p>\n\n\n\n<h2 class=\"wp-block-heading\"><strong>C\u00f3mo anotarse al Procrear II<\/strong><\/h2>\n\n\n\n<p>Desde este mi\u00e9rcoles a las 10 se habilitar\u00e1 el registro. Los aspirantes podr\u00e1n inscribirse a trav\u00e9s de la p\u00e1gina web del Ministerio, <a href=\"https:\/\/www.argentina.gob.ar\/habitat\/procrear\/desarrollosurbanisticos#1\">https:\/\/www.argentina.gob.ar\/habitat\/procrear\/desarrollosurbanisticos#1<\/a>, donde encontrar\u00e1n los requisitos.<\/p>\n\n\n\n<h3 class=\"wp-block-heading\">Condiciones para ser <strong>adjudicado<\/strong><\/h3>\n\n\n\n<p>Entre los principales requisitos para obtener una de las 900 viviendas del procrear II, <strong>los anotados no deben haber resultado beneficiados con planes de vivienda en los \u00faltimos diez a\u00f1os<\/strong>; no tener bienes inmuebles registrados a su nombre.<\/p>\n\n\n\n<p>Deber\u00e1n contar con el DNI vigente o Libreta de Enrolamiento o Libreta C\u00edvica de todos los integrantes de la solicitud al momento de iniciar el tr\u00e1mite. Tambi\u00e9n, deber\u00e1n ser argentinos\/as o extranjeros\/as con residencia permanente en el pa\u00eds.<\/p>\n\n\n\n<p>Adem\u00e1s deben tener entre 18 y 64 a\u00f1os al momento de completar la inscripci\u00f3n; demostrar ingresos netos mensuales del grupo familiar conviviente. Y demostrar, como m\u00ednimo, doce meses de continuidad laboral registrada.<\/p>\n\n\n\n<p><strong>Los interesados deber\u00e1n completar el formulario de inscripci\u00f3n solo con un\/a cotitular<\/strong>. Todas las notificaciones en el marco de las presentes bases y condiciones, ser\u00e1n realizadas a la direcci\u00f3n de correo electr\u00f3nico declarada por el\/la participante en el formulario de inscripci\u00f3n.<\/p>\n","protected":false},"excerpt":{"rendered":"<p>Abre una nueva inscripci\u00f3n para el programa Procrear y se sortean m\u00e1s de 900 lotes que que se encuentran en todo el pa\u00eds. El Ministerio de Desarrollo Territorial anunci\u00f3 que este mi\u00e9rcoles a las 10 abrir\u00e1 la inscripci\u00f3n para acceder a viviendas en Desarrollos Urban\u00edsticos Procrear II, entre ellas se encuentra la provincia de Jujuy. [&hellip;]<\/p>\n","protected":false},"author":3,"featured_media":1532,"comment_status":"open","ping_status":"open","sticky":false,"template":"","format":"standard","meta":{"footnotes":""},"categories":[25],"tags":[8,808],"class_list":{"0":"post-1531","1":"post","2":"type-post","3":"status-publish","4":"format-standard","5":"has-post-thumbnail","7":"category-sociedad","8":"tag-jujuy","9":"tag-procrear"},"yoast_head":"<!-- This site is optimized with the Yoast SEO plugin v27.5 - https:\/\/yoast.com\/product\/yoast-seo-wordpress\/ -->\n<title>Procrear II: abren nueva inscripci\u00f3n para viviendas en Jujuy - Muy Jujuy<\/title>\n<meta name=\"description\" content=\"Abre una nueva inscripci\u00f3n para el programa Procesar y se sortean m\u00e1s de 900 lotes que que se encuentran en todo el pa\u00eds.\" \/>\n<meta name=\"robots\" content=\"index, follow, max-snippet:-1, max-image-preview:large, max-video-preview:-1\" \/>\n<link rel=\"canonical\" href=\"https:\/\/www.muyjujuy.com\/index.php\/2022\/09\/20\/procrear-ii-abren-nueva-inscripcion-para-viviendas-en-jujuy\/\" \/>\n<meta property=\"og:locale\" content=\"es_ES\" \/>\n<meta property=\"og:type\" content=\"article\" \/>\n<meta property=\"og:title\" content=\"Procrear II: abren nueva inscripci\u00f3n para viviendas en Jujuy - Muy Jujuy\" \/>\n<meta property=\"og:description\" content=\"Abre una nueva inscripci\u00f3n para el programa Procesar y se sortean m\u00e1s de 900 lotes que que se encuentran en todo el pa\u00eds.\" \/>\n<meta property=\"og:url\" content=\"https:\/\/www.muyjujuy.com\/index.php\/2022\/09\/20\/procrear-ii-abren-nueva-inscripcion-para-viviendas-en-jujuy\/\" \/>\n<meta property=\"og:site_name\" content=\"Muy Jujuy\" \/>\n<meta property=\"article:publisher\" content=\"https:\/\/www.facebook.com\/muyjujuycom\" \/>\n<meta property=\"article:published_time\" content=\"2022-09-20T15:04:58+00:00\" \/>\n<meta property=\"article:modified_time\" content=\"2022-09-20T15:40:24+00:00\" \/>\n<meta property=\"og:image\" content=\"https:\/\/www.muyjujuy.com\/wp-content\/uploads\/2022\/09\/WhatsApp-Image-2022-09-20-at-12.05.18.jpeg\" \/>\n\t<meta property=\"og:image:width\" content=\"1200\" \/>\n\t<meta property=\"og:image:height\" content=\"675\" \/>\n\t<meta property=\"og:image:type\" content=\"image\/jpeg\" \/>\n<meta name=\"author\" content=\"Redacci\u00f3n Muy Jujuy\" \/>\n<meta name=\"twitter:card\" content=\"summary_large_image\" \/>\n<meta name=\"twitter:creator\" content=\"@muyjujuy\" \/>\n<meta name=\"twitter:site\" content=\"@muyjujuy\" \/>\n<meta name=\"twitter:label1\" content=\"Escrito por\" \/>\n\t<meta name=\"twitter:data1\" content=\"Redacci\u00f3n Muy Jujuy\" \/>\n\t<meta name=\"twitter:label2\" content=\"Tiempo de lectura\" \/>\n\t<meta name=\"twitter:data2\" content=\"2 minutos\" \/>\n<script type=\"application\/ld+json\" class=\"yoast-schema-graph\">{\"@context\":\"https:\\\/\\\/schema.org\",\"@graph\":[{\"@type\":\"Article\",\"@id\":\"https:\\\/\\\/www.muyjujuy.com\\\/index.php\\\/2022\\\/09\\\/20\\\/procrear-ii-abren-nueva-inscripcion-para-viviendas-en-jujuy\\\/#article\",\"isPartOf\":{\"@id\":\"https:\\\/\\\/www.muyjujuy.com\\\/index.php\\\/2022\\\/09\\\/20\\\/procrear-ii-abren-nueva-inscripcion-para-viviendas-en-jujuy\\\/\"},\"author\":{\"name\":\"Redacci\u00f3n Muy Jujuy\",\"@id\":\"https:\\\/\\\/www.muyjujuy.com\\\/#\\\/schema\\\/person\\\/1d0f6e223ccea9e3f9034c1a5b683bf2\"},\"headline\":\"Procrear II: abren nueva inscripci\u00f3n para viviendas en Jujuy\",\"datePublished\":\"2022-09-20T15:04:58+00:00\",\"dateModified\":\"2022-09-20T15:40:24+00:00\",\"mainEntityOfPage\":{\"@id\":\"https:\\\/\\\/www.muyjujuy.com\\\/index.php\\\/2022\\\/09\\\/20\\\/procrear-ii-abren-nueva-inscripcion-para-viviendas-en-jujuy\\\/\"},\"wordCount\":434,\"commentCount\":0,\"publisher\":{\"@id\":\"https:\\\/\\\/www.muyjujuy.com\\\/#organization\"},\"image\":{\"@id\":\"https:\\\/\\\/www.muyjujuy.com\\\/index.php\\\/2022\\\/09\\\/20\\\/procrear-ii-abren-nueva-inscripcion-para-viviendas-en-jujuy\\\/#primaryimage\"},\"thumbnailUrl\":\"https:\\\/\\\/www.muyjujuy.com\\\/wp-content\\\/uploads\\\/2022\\\/09\\\/WhatsApp-Image-2022-09-20-at-12.05.18.jpeg\",\"keywords\":[\"Jujuy\",\"Procrear\"],\"articleSection\":[\"Sociedad\"],\"inLanguage\":\"es-AR\",\"potentialAction\":[{\"@type\":\"CommentAction\",\"name\":\"Comment\",\"target\":[\"https:\\\/\\\/www.muyjujuy.com\\\/index.php\\\/2022\\\/09\\\/20\\\/procrear-ii-abren-nueva-inscripcion-para-viviendas-en-jujuy\\\/#respond\"]}]},{\"@type\":\"WebPage\",\"@id\":\"https:\\\/\\\/www.muyjujuy.com\\\/index.php\\\/2022\\\/09\\\/20\\\/procrear-ii-abren-nueva-inscripcion-para-viviendas-en-jujuy\\\/\",\"url\":\"https:\\\/\\\/www.muyjujuy.com\\\/index.php\\\/2022\\\/09\\\/20\\\/procrear-ii-abren-nueva-inscripcion-para-viviendas-en-jujuy\\\/\",\"name\":\"Procrear II: abren nueva inscripci\u00f3n para viviendas en Jujuy - Muy Jujuy\",\"isPartOf\":{\"@id\":\"https:\\\/\\\/www.muyjujuy.com\\\/#website\"},\"primaryImageOfPage\":{\"@id\":\"https:\\\/\\\/www.muyjujuy.com\\\/index.php\\\/2022\\\/09\\\/20\\\/procrear-ii-abren-nueva-inscripcion-para-viviendas-en-jujuy\\\/#primaryimage\"},\"image\":{\"@id\":\"https:\\\/\\\/www.muyjujuy.com\\\/index.php\\\/2022\\\/09\\\/20\\\/procrear-ii-abren-nueva-inscripcion-para-viviendas-en-jujuy\\\/#primaryimage\"},\"thumbnailUrl\":\"https:\\\/\\\/www.muyjujuy.com\\\/wp-content\\\/uploads\\\/2022\\\/09\\\/WhatsApp-Image-2022-09-20-at-12.05.18.jpeg\",\"datePublished\":\"2022-09-20T15:04:58+00:00\",\"dateModified\":\"2022-09-20T15:40:24+00:00\",\"description\":\"Abre una nueva inscripci\u00f3n para el programa Procesar y se sortean m\u00e1s de 900 lotes que que se encuentran en todo el pa\u00eds.\",\"breadcrumb\":{\"@id\":\"https:\\\/\\\/www.muyjujuy.com\\\/index.php\\\/2022\\\/09\\\/20\\\/procrear-ii-abren-nueva-inscripcion-para-viviendas-en-jujuy\\\/#breadcrumb\"},\"inLanguage\":\"es-AR\",\"potentialAction\":[{\"@type\":\"ReadAction\",\"target\":[\"https:\\\/\\\/www.muyjujuy.com\\\/index.php\\\/2022\\\/09\\\/20\\\/procrear-ii-abren-nueva-inscripcion-para-viviendas-en-jujuy\\\/\"]}]},{\"@type\":\"ImageObject\",\"inLanguage\":\"es-AR\",\"@id\":\"https:\\\/\\\/www.muyjujuy.com\\\/index.php\\\/2022\\\/09\\\/20\\\/procrear-ii-abren-nueva-inscripcion-para-viviendas-en-jujuy\\\/#primaryimage\",\"url\":\"https:\\\/\\\/www.muyjujuy.com\\\/wp-content\\\/uploads\\\/2022\\\/09\\\/WhatsApp-Image-2022-09-20-at-12.05.18.jpeg\",\"contentUrl\":\"https:\\\/\\\/www.muyjujuy.com\\\/wp-content\\\/uploads\\\/2022\\\/09\\\/WhatsApp-Image-2022-09-20-at-12.05.18.jpeg\",\"width\":1200,\"height\":675},{\"@type\":\"BreadcrumbList\",\"@id\":\"https:\\\/\\\/www.muyjujuy.com\\\/index.php\\\/2022\\\/09\\\/20\\\/procrear-ii-abren-nueva-inscripcion-para-viviendas-en-jujuy\\\/#breadcrumb\",\"itemListElement\":[{\"@type\":\"ListItem\",\"position\":1,\"name\":\"Inicio\",\"item\":\"https:\\\/\\\/www.muyjujuy.com\\\/\"},{\"@type\":\"ListItem\",\"position\":2,\"name\":\"Procrear II: abren nueva inscripci\u00f3n para viviendas en Jujuy\"}]},{\"@type\":\"WebSite\",\"@id\":\"https:\\\/\\\/www.muyjujuy.com\\\/#website\",\"url\":\"https:\\\/\\\/www.muyjujuy.com\\\/\",\"name\":\"Muy Jujuy\",\"description\":\"\",\"publisher\":{\"@id\":\"https:\\\/\\\/www.muyjujuy.com\\\/#organization\"},\"potentialAction\":[{\"@type\":\"SearchAction\",\"target\":{\"@type\":\"EntryPoint\",\"urlTemplate\":\"https:\\\/\\\/www.muyjujuy.com\\\/?s={search_term_string}\"},\"query-input\":{\"@type\":\"PropertyValueSpecification\",\"valueRequired\":true,\"valueName\":\"search_term_string\"}}],\"inLanguage\":\"es-AR\"},{\"@type\":\"Organization\",\"@id\":\"https:\\\/\\\/www.muyjujuy.com\\\/#organization\",\"name\":\"Muy Jujuy\",\"url\":\"https:\\\/\\\/www.muyjujuy.com\\\/\",\"logo\":{\"@type\":\"ImageObject\",\"inLanguage\":\"es-AR\",\"@id\":\"https:\\\/\\\/www.muyjujuy.com\\\/#\\\/schema\\\/logo\\\/image\\\/\",\"url\":\"http:\\\/\\\/www.muyjujuy.com\\\/wp-content\\\/uploads\\\/2022\\\/05\\\/logo-mobil-jujuy.png\",\"contentUrl\":\"http:\\\/\\\/www.muyjujuy.com\\\/wp-content\\\/uploads\\\/2022\\\/05\\\/logo-mobil-jujuy.png\",\"width\":174,\"height\":81,\"caption\":\"Muy Jujuy\"},\"image\":{\"@id\":\"https:\\\/\\\/www.muyjujuy.com\\\/#\\\/schema\\\/logo\\\/image\\\/\"},\"sameAs\":[\"https:\\\/\\\/www.facebook.com\\\/muyjujuycom\",\"https:\\\/\\\/x.com\\\/muyjujuy\",\"https:\\\/\\\/www.instagram.com\\\/muyjujuycom\"]},{\"@type\":\"Person\",\"@id\":\"https:\\\/\\\/www.muyjujuy.com\\\/#\\\/schema\\\/person\\\/1d0f6e223ccea9e3f9034c1a5b683bf2\",\"name\":\"Redacci\u00f3n Muy Jujuy\",\"image\":{\"@type\":\"ImageObject\",\"inLanguage\":\"es-AR\",\"@id\":\"https:\\\/\\\/secure.gravatar.com\\\/avatar\\\/fec5f6f1893d741ed5eecccff109ce43e67a855411202a3212a058cb8e5c27d4?s=96&d=mm&r=g\",\"url\":\"https:\\\/\\\/secure.gravatar.com\\\/avatar\\\/fec5f6f1893d741ed5eecccff109ce43e67a855411202a3212a058cb8e5c27d4?s=96&d=mm&r=g\",\"contentUrl\":\"https:\\\/\\\/secure.gravatar.com\\\/avatar\\\/fec5f6f1893d741ed5eecccff109ce43e67a855411202a3212a058cb8e5c27d4?s=96&d=mm&r=g\",\"caption\":\"Redacci\u00f3n Muy Jujuy\"},\"url\":\"https:\\\/\\\/www.muyjujuy.com\\\/index.php\\\/author\\\/editor\\\/\"}]}<\/script>\n<!-- \/ Yoast SEO plugin. -->","yoast_head_json":{"title":"Procrear II: abren nueva inscripci\u00f3n para viviendas en Jujuy - Muy Jujuy","description":"Abre una nueva inscripci\u00f3n para el programa Procesar y se sortean m\u00e1s de 900 lotes que que se encuentran en todo el pa\u00eds.","robots":{"index":"index","follow":"follow","max-snippet":"max-snippet:-1","max-image-preview":"max-image-preview:large","max-video-preview":"max-video-preview:-1"},"canonical":"https:\/\/www.muyjujuy.com\/index.php\/2022\/09\/20\/procrear-ii-abren-nueva-inscripcion-para-viviendas-en-jujuy\/","og_locale":"es_ES","og_type":"article","og_title":"Procrear II: abren nueva inscripci\u00f3n para viviendas en Jujuy - Muy Jujuy","og_description":"Abre una nueva inscripci\u00f3n para el programa Procesar y se sortean m\u00e1s de 900 lotes que que se encuentran en todo el pa\u00eds.","og_url":"https:\/\/www.muyjujuy.com\/index.php\/2022\/09\/20\/procrear-ii-abren-nueva-inscripcion-para-viviendas-en-jujuy\/","og_site_name":"Muy Jujuy","article_publisher":"https:\/\/www.facebook.com\/muyjujuycom","article_published_time":"2022-09-20T15:04:58+00:00","article_modified_time":"2022-09-20T15:40:24+00:00","og_image":[{"width":1200,"height":675,"url":"https:\/\/www.muyjujuy.com\/wp-content\/uploads\/2022\/09\/WhatsApp-Image-2022-09-20-at-12.05.18.jpeg","type":"image\/jpeg"}],"author":"Redacci\u00f3n Muy Jujuy","twitter_card":"summary_large_image","twitter_creator":"@muyjujuy","twitter_site":"@muyjujuy","twitter_misc":{"Escrito por":"Redacci\u00f3n Muy Jujuy","Tiempo de lectura":"2 minutos"},"schema":{"@context":"https:\/\/schema.org","@graph":[{"@type":"Article","@id":"https:\/\/www.muyjujuy.com\/index.php\/2022\/09\/20\/procrear-ii-abren-nueva-inscripcion-para-viviendas-en-jujuy\/#article","isPartOf":{"@id":"https:\/\/www.muyjujuy.com\/index.php\/2022\/09\/20\/procrear-ii-abren-nueva-inscripcion-para-viviendas-en-jujuy\/"},"author":{"name":"Redacci\u00f3n Muy Jujuy","@id":"https:\/\/www.muyjujuy.com\/#\/schema\/person\/1d0f6e223ccea9e3f9034c1a5b683bf2"},"headline":"Procrear II: abren nueva inscripci\u00f3n para viviendas en Jujuy","datePublished":"2022-09-20T15:04:58+00:00","dateModified":"2022-09-20T15:40:24+00:00","mainEntityOfPage":{"@id":"https:\/\/www.muyjujuy.com\/index.php\/2022\/09\/20\/procrear-ii-abren-nueva-inscripcion-para-viviendas-en-jujuy\/"},"wordCount":434,"commentCount":0,"publisher":{"@id":"https:\/\/www.muyjujuy.com\/#organization"},"image":{"@id":"https:\/\/www.muyjujuy.com\/index.php\/2022\/09\/20\/procrear-ii-abren-nueva-inscripcion-para-viviendas-en-jujuy\/#primaryimage"},"thumbnailUrl":"https:\/\/www.muyjujuy.com\/wp-content\/uploads\/2022\/09\/WhatsApp-Image-2022-09-20-at-12.05.18.jpeg","keywords":["Jujuy","Procrear"],"articleSection":["Sociedad"],"inLanguage":"es-AR","potentialAction":[{"@type":"CommentAction","name":"Comment","target":["https:\/\/www.muyjujuy.com\/index.php\/2022\/09\/20\/procrear-ii-abren-nueva-inscripcion-para-viviendas-en-jujuy\/#respond"]}]},{"@type":"WebPage","@id":"https:\/\/www.muyjujuy.com\/index.php\/2022\/09\/20\/procrear-ii-abren-nueva-inscripcion-para-viviendas-en-jujuy\/","url":"https:\/\/www.muyjujuy.com\/index.php\/2022\/09\/20\/procrear-ii-abren-nueva-inscripcion-para-viviendas-en-jujuy\/","name":"Procrear II: abren nueva inscripci\u00f3n para viviendas en Jujuy - Muy Jujuy","isPartOf":{"@id":"https:\/\/www.muyjujuy.com\/#website"},"primaryImageOfPage":{"@id":"https:\/\/www.muyjujuy.com\/index.php\/2022\/09\/20\/procrear-ii-abren-nueva-inscripcion-para-viviendas-en-jujuy\/#primaryimage"},"image":{"@id":"https:\/\/www.muyjujuy.com\/index.php\/2022\/09\/20\/procrear-ii-abren-nueva-inscripcion-para-viviendas-en-jujuy\/#primaryimage"},"thumbnailUrl":"https:\/\/www.muyjujuy.com\/wp-content\/uploads\/2022\/09\/WhatsApp-Image-2022-09-20-at-12.05.18.jpeg","datePublished":"2022-09-20T15:04:58+00:00","dateModified":"2022-09-20T15:40:24+00:00","description":"Abre una nueva inscripci\u00f3n para el programa Procesar y se sortean m\u00e1s de 900 lotes que que se encuentran en todo el pa\u00eds.","breadcrumb":{"@id":"https:\/\/www.muyjujuy.com\/index.php\/2022\/09\/20\/procrear-ii-abren-nueva-inscripcion-para-viviendas-en-jujuy\/#breadcrumb"},"inLanguage":"es-AR","potentialAction":[{"@type":"ReadAction","target":["https:\/\/www.muyjujuy.com\/index.php\/2022\/09\/20\/procrear-ii-abren-nueva-inscripcion-para-viviendas-en-jujuy\/"]}]},{"@type":"ImageObject","inLanguage":"es-AR","@id":"https:\/\/www.muyjujuy.com\/index.php\/2022\/09\/20\/procrear-ii-abren-nueva-inscripcion-para-viviendas-en-jujuy\/#primaryimage","url":"https:\/\/www.muyjujuy.com\/wp-content\/uploads\/2022\/09\/WhatsApp-Image-2022-09-20-at-12.05.18.jpeg","contentUrl":"https:\/\/www.muyjujuy.com\/wp-content\/uploads\/2022\/09\/WhatsApp-Image-2022-09-20-at-12.05.18.jpeg","width":1200,"height":675},{"@type":"BreadcrumbList","@id":"https:\/\/www.muyjujuy.com\/index.php\/2022\/09\/20\/procrear-ii-abren-nueva-inscripcion-para-viviendas-en-jujuy\/#breadcrumb","itemListElement":[{"@type":"ListItem","position":1,"name":"Inicio","item":"https:\/\/www.muyjujuy.com\/"},{"@type":"ListItem","position":2,"name":"Procrear II: abren nueva inscripci\u00f3n para viviendas en Jujuy"}]},{"@type":"WebSite","@id":"https:\/\/www.muyjujuy.com\/#website","url":"https:\/\/www.muyjujuy.com\/","name":"Muy Jujuy","description":"","publisher":{"@id":"https:\/\/www.muyjujuy.com\/#organization"},"potentialAction":[{"@type":"SearchAction","target":{"@type":"EntryPoint","urlTemplate":"https:\/\/www.muyjujuy.com\/?s={search_term_string}"},"query-input":{"@type":"PropertyValueSpecification","valueRequired":true,"valueName":"search_term_string"}}],"inLanguage":"es-AR"},{"@type":"Organization","@id":"https:\/\/www.muyjujuy.com\/#organization","name":"Muy Jujuy","url":"https:\/\/www.muyjujuy.com\/","logo":{"@type":"ImageObject","inLanguage":"es-AR","@id":"https:\/\/www.muyjujuy.com\/#\/schema\/logo\/image\/","url":"http:\/\/www.muyjujuy.com\/wp-content\/uploads\/2022\/05\/logo-mobil-jujuy.png","contentUrl":"http:\/\/www.muyjujuy.com\/wp-content\/uploads\/2022\/05\/logo-mobil-jujuy.png","width":174,"height":81,"caption":"Muy Jujuy"},"image":{"@id":"https:\/\/www.muyjujuy.com\/#\/schema\/logo\/image\/"},"sameAs":["https:\/\/www.facebook.com\/muyjujuycom","https:\/\/x.com\/muyjujuy","https:\/\/www.instagram.com\/muyjujuycom"]},{"@type":"Person","@id":"https:\/\/www.muyjujuy.com\/#\/schema\/person\/1d0f6e223ccea9e3f9034c1a5b683bf2","name":"Redacci\u00f3n Muy Jujuy","image":{"@type":"ImageObject","inLanguage":"es-AR","@id":"https:\/\/secure.gravatar.com\/avatar\/fec5f6f1893d741ed5eecccff109ce43e67a855411202a3212a058cb8e5c27d4?s=96&d=mm&r=g","url":"https:\/\/secure.gravatar.com\/avatar\/fec5f6f1893d741ed5eecccff109ce43e67a855411202a3212a058cb8e5c27d4?s=96&d=mm&r=g","contentUrl":"https:\/\/secure.gravatar.com\/avatar\/fec5f6f1893d741ed5eecccff109ce43e67a855411202a3212a058cb8e5c27d4?s=96&d=mm&r=g","caption":"Redacci\u00f3n Muy Jujuy"},"url":"https:\/\/www.muyjujuy.com\/index.php\/author\/editor\/"}]}},"_links":{"self":[{"href":"https:\/\/www.muyjujuy.com\/index.php\/wp-json\/wp\/v2\/posts\/1531","targetHints":{"allow":["GET"]}}],"collection":[{"href":"https:\/\/www.muyjujuy.com\/index.php\/wp-json\/wp\/v2\/posts"}],"about":[{"href":"https:\/\/www.muyjujuy.com\/index.php\/wp-json\/wp\/v2\/types\/post"}],"author":[{"embeddable":true,"href":"https:\/\/www.muyjujuy.com\/index.php\/wp-json\/wp\/v2\/users\/3"}],"replies":[{"embeddable":true,"href":"https:\/\/www.muyjujuy.com\/index.php\/wp-json\/wp\/v2\/comments?post=1531"}],"version-history":[{"count":2,"href":"https:\/\/www.muyjujuy.com\/index.php\/wp-json\/wp\/v2\/posts\/1531\/revisions"}],"predecessor-version":[{"id":1535,"href":"https:\/\/www.muyjujuy.com\/index.php\/wp-json\/wp\/v2\/posts\/1531\/revisions\/1535"}],"wp:featuredmedia":[{"embeddable":true,"href":"https:\/\/www.muyjujuy.com\/index.php\/wp-json\/wp\/v2\/media\/1532"}],"wp:attachment":[{"href":"https:\/\/www.muyjujuy.com\/index.php\/wp-json\/wp\/v2\/media?parent=1531"}],"wp:term":[{"taxonomy":"category","embeddable":true,"href":"https:\/\/www.muyjujuy.com\/index.php\/wp-json\/wp\/v2\/categories?post=1531"},{"taxonomy":"post_tag","embeddable":true,"href":"https:\/\/www.muyjujuy.com\/index.php\/wp-json\/wp\/v2\/tags?post=1531"}],"curies":[{"name":"wp","href":"https:\/\/api.w.org\/{rel}","templated":true}]}}