{"id":1536,"date":"2022-09-20T18:35:46","date_gmt":"2022-09-20T21:35:46","guid":{"rendered":"https:\/\/www.muyjujuy.com\/?p=1536"},"modified":"2022-09-20T18:37:23","modified_gmt":"2022-09-20T21:37:23","slug":"el-uso-del-barbijo-es-optativo-en-las-escuelas-de-jujuy","status":"publish","type":"post","link":"https:\/\/www.muyjujuy.com\/index.php\/2022\/09\/20\/el-uso-del-barbijo-es-optativo-en-las-escuelas-de-jujuy\/","title":{"rendered":"El uso del barbijo es optativo en las escuelas de Jujuy"},"content":{"rendered":"\n<p>Tras m\u00e1s dos a\u00f1os de pandemia, <strong>el Gobierno de Jujuy orden\u00f3 que el uso del barbijo ser\u00e1 optativo en las escuelas de Jujuy. <\/strong>As\u00ed lo dieron a conocer desde el gobierno provincial, el pasado 14 de septiembre, a trav\u00e9s de un decreto con fecha del 8 de septiembre.<\/p>\n\n\n\n<p><strong>\u201cDisp\u00f3ngase el cese de la obligatoriedad del uso del barbijo sanitario, mascarilla o barbijo social casero desde el d\u00eda 8 de septiembre de 2022\u201d, <\/strong>establece el mismo.<\/p>\n\n\n\n<p>Al respecto, la secretaria de Gesti\u00f3n Educativa, <strong>Alicia Zamora,<\/strong> explic\u00f3 a <em>Somos Jujuy<\/em>: \u201cNosotros lo que hacemos ahora es sacar una resoluci\u00f3n informando, a todas las instituciones educativas, esta nueva disposici\u00f3n\u201d.<\/p>\n\n\n\n<p>Luego a\u00f1adi\u00f3: <strong>\u201cLo \u00fanico que nosotros agregamos es la continuidad de las medidas sanitarias, justamente a pesar de que el uso del barbijo deja de ser obligatorio<\/strong>, nosotros instamos a toda la comunidad educativa a continuar con el plan de vacunaci\u00f3n, al lavado de manos frecuentes, a la ventilaci\u00f3n cruzada y el uso optativo del barbijo y alcohol en gel\u201d.<\/p>\n\n\n\n<p>Finalmente, Zamora apunt\u00f3: \u201cEstas medidas no se tienen que dejar de lado, tiene que ser algo que quede instalado en la costumbre de todos los miembros de la sociedad\u201d.<\/p>\n","protected":false},"excerpt":{"rendered":"<p>Tras m\u00e1s dos a\u00f1os de pandemia, el Gobierno de Jujuy orden\u00f3 que el uso del barbijo ser\u00e1 optativo en las escuelas de Jujuy. As\u00ed lo dieron a conocer desde el gobierno provincial, el pasado 14 de septiembre, a trav\u00e9s de un decreto con fecha del 8 de septiembre. \u201cDisp\u00f3ngase el cese de la obligatoriedad del [&hellip;]<\/p>\n","protected":false},"author":3,"featured_media":1537,"comment_status":"open","ping_status":"open","sticky":false,"template":"","format":"standard","meta":{"footnotes":""},"categories":[25],"tags":[8,809],"class_list":{"0":"post-1536","1":"post","2":"type-post","3":"status-publish","4":"format-standard","5":"has-post-thumbnail","7":"category-sociedad","8":"tag-jujuy","9":"tag-pandemia"},"yoast_head":"<!-- This site is optimized with the Yoast SEO plugin v27.5 - https:\/\/yoast.com\/product\/yoast-seo-wordpress\/ -->\n<title>El uso del barbijo es optativo en las escuelas de Jujuy - Muy Jujuy<\/title>\n<meta name=\"description\" content=\"Tras m\u00e1s dos a\u00f1os de pandemia, el Gobierno de Jujuy orden\u00f3 que el uso del barbijo ser\u00e1 optativo en las escuelas de Jujuy.\" \/>\n<meta name=\"robots\" content=\"index, follow, max-snippet:-1, max-image-preview:large, max-video-preview:-1\" \/>\n<link rel=\"canonical\" href=\"https:\/\/www.muyjujuy.com\/index.php\/2022\/09\/20\/el-uso-del-barbijo-es-optativo-en-las-escuelas-de-jujuy\/\" \/>\n<meta property=\"og:locale\" content=\"es_ES\" \/>\n<meta property=\"og:type\" content=\"article\" \/>\n<meta property=\"og:title\" content=\"El uso del barbijo es optativo en las escuelas de Jujuy - Muy Jujuy\" \/>\n<meta property=\"og:description\" content=\"Tras m\u00e1s dos a\u00f1os de pandemia, el Gobierno de Jujuy orden\u00f3 que el uso del barbijo ser\u00e1 optativo en las escuelas de Jujuy.\" \/>\n<meta property=\"og:url\" content=\"https:\/\/www.muyjujuy.com\/index.php\/2022\/09\/20\/el-uso-del-barbijo-es-optativo-en-las-escuelas-de-jujuy\/\" \/>\n<meta property=\"og:site_name\" content=\"Muy Jujuy\" \/>\n<meta property=\"article:publisher\" content=\"https:\/\/www.facebook.com\/muyjujuycom\" \/>\n<meta property=\"article:published_time\" content=\"2022-09-20T21:35:46+00:00\" \/>\n<meta property=\"article:modified_time\" content=\"2022-09-20T21:37:23+00:00\" \/>\n<meta property=\"og:image\" content=\"https:\/\/www.muyjujuy.com\/wp-content\/uploads\/2022\/09\/jujuy-escuelas.jpg\" \/>\n\t<meta property=\"og:image:width\" content=\"990\" \/>\n\t<meta property=\"og:image:height\" content=\"610\" \/>\n\t<meta property=\"og:image:type\" content=\"image\/jpeg\" \/>\n<meta name=\"author\" content=\"Redacci\u00f3n Muy Jujuy\" \/>\n<meta name=\"twitter:card\" content=\"summary_large_image\" \/>\n<meta name=\"twitter:creator\" content=\"@muyjujuy\" \/>\n<meta name=\"twitter:site\" content=\"@muyjujuy\" \/>\n<meta name=\"twitter:label1\" content=\"Escrito por\" \/>\n\t<meta name=\"twitter:data1\" content=\"Redacci\u00f3n Muy Jujuy\" \/>\n\t<meta name=\"twitter:label2\" content=\"Tiempo de lectura\" \/>\n\t<meta name=\"twitter:data2\" content=\"1 minuto\" \/>\n<script type=\"application\/ld+json\" class=\"yoast-schema-graph\">{\"@context\":\"https:\\\/\\\/schema.org\",\"@graph\":[{\"@type\":\"Article\",\"@id\":\"https:\\\/\\\/www.muyjujuy.com\\\/index.php\\\/2022\\\/09\\\/20\\\/el-uso-del-barbijo-es-optativo-en-las-escuelas-de-jujuy\\\/#article\",\"isPartOf\":{\"@id\":\"https:\\\/\\\/www.muyjujuy.com\\\/index.php\\\/2022\\\/09\\\/20\\\/el-uso-del-barbijo-es-optativo-en-las-escuelas-de-jujuy\\\/\"},\"author\":{\"name\":\"Redacci\u00f3n Muy Jujuy\",\"@id\":\"https:\\\/\\\/www.muyjujuy.com\\\/#\\\/schema\\\/person\\\/1d0f6e223ccea9e3f9034c1a5b683bf2\"},\"headline\":\"El uso del barbijo es optativo en las escuelas de Jujuy\",\"datePublished\":\"2022-09-20T21:35:46+00:00\",\"dateModified\":\"2022-09-20T21:37:23+00:00\",\"mainEntityOfPage\":{\"@id\":\"https:\\\/\\\/www.muyjujuy.com\\\/index.php\\\/2022\\\/09\\\/20\\\/el-uso-del-barbijo-es-optativo-en-las-escuelas-de-jujuy\\\/\"},\"wordCount\":213,\"commentCount\":0,\"publisher\":{\"@id\":\"https:\\\/\\\/www.muyjujuy.com\\\/#organization\"},\"image\":{\"@id\":\"https:\\\/\\\/www.muyjujuy.com\\\/index.php\\\/2022\\\/09\\\/20\\\/el-uso-del-barbijo-es-optativo-en-las-escuelas-de-jujuy\\\/#primaryimage\"},\"thumbnailUrl\":\"https:\\\/\\\/www.muyjujuy.com\\\/wp-content\\\/uploads\\\/2022\\\/09\\\/jujuy-escuelas.jpg\",\"keywords\":[\"Jujuy\",\"Pandemia\"],\"articleSection\":[\"Sociedad\"],\"inLanguage\":\"es-AR\",\"potentialAction\":[{\"@type\":\"CommentAction\",\"name\":\"Comment\",\"target\":[\"https:\\\/\\\/www.muyjujuy.com\\\/index.php\\\/2022\\\/09\\\/20\\\/el-uso-del-barbijo-es-optativo-en-las-escuelas-de-jujuy\\\/#respond\"]}]},{\"@type\":\"WebPage\",\"@id\":\"https:\\\/\\\/www.muyjujuy.com\\\/index.php\\\/2022\\\/09\\\/20\\\/el-uso-del-barbijo-es-optativo-en-las-escuelas-de-jujuy\\\/\",\"url\":\"https:\\\/\\\/www.muyjujuy.com\\\/index.php\\\/2022\\\/09\\\/20\\\/el-uso-del-barbijo-es-optativo-en-las-escuelas-de-jujuy\\\/\",\"name\":\"El uso del barbijo es optativo en las escuelas de Jujuy - Muy Jujuy\",\"isPartOf\":{\"@id\":\"https:\\\/\\\/www.muyjujuy.com\\\/#website\"},\"primaryImageOfPage\":{\"@id\":\"https:\\\/\\\/www.muyjujuy.com\\\/index.php\\\/2022\\\/09\\\/20\\\/el-uso-del-barbijo-es-optativo-en-las-escuelas-de-jujuy\\\/#primaryimage\"},\"image\":{\"@id\":\"https:\\\/\\\/www.muyjujuy.com\\\/index.php\\\/2022\\\/09\\\/20\\\/el-uso-del-barbijo-es-optativo-en-las-escuelas-de-jujuy\\\/#primaryimage\"},\"thumbnailUrl\":\"https:\\\/\\\/www.muyjujuy.com\\\/wp-content\\\/uploads\\\/2022\\\/09\\\/jujuy-escuelas.jpg\",\"datePublished\":\"2022-09-20T21:35:46+00:00\",\"dateModified\":\"2022-09-20T21:37:23+00:00\",\"description\":\"Tras m\u00e1s dos a\u00f1os de pandemia, el Gobierno de Jujuy orden\u00f3 que el uso del barbijo ser\u00e1 optativo en las escuelas de Jujuy.\",\"breadcrumb\":{\"@id\":\"https:\\\/\\\/www.muyjujuy.com\\\/index.php\\\/2022\\\/09\\\/20\\\/el-uso-del-barbijo-es-optativo-en-las-escuelas-de-jujuy\\\/#breadcrumb\"},\"inLanguage\":\"es-AR\",\"potentialAction\":[{\"@type\":\"ReadAction\",\"target\":[\"https:\\\/\\\/www.muyjujuy.com\\\/index.php\\\/2022\\\/09\\\/20\\\/el-uso-del-barbijo-es-optativo-en-las-escuelas-de-jujuy\\\/\"]}]},{\"@type\":\"ImageObject\",\"inLanguage\":\"es-AR\",\"@id\":\"https:\\\/\\\/www.muyjujuy.com\\\/index.php\\\/2022\\\/09\\\/20\\\/el-uso-del-barbijo-es-optativo-en-las-escuelas-de-jujuy\\\/#primaryimage\",\"url\":\"https:\\\/\\\/www.muyjujuy.com\\\/wp-content\\\/uploads\\\/2022\\\/09\\\/jujuy-escuelas.jpg\",\"contentUrl\":\"https:\\\/\\\/www.muyjujuy.com\\\/wp-content\\\/uploads\\\/2022\\\/09\\\/jujuy-escuelas.jpg\",\"width\":990,\"height\":610},{\"@type\":\"BreadcrumbList\",\"@id\":\"https:\\\/\\\/www.muyjujuy.com\\\/index.php\\\/2022\\\/09\\\/20\\\/el-uso-del-barbijo-es-optativo-en-las-escuelas-de-jujuy\\\/#breadcrumb\",\"itemListElement\":[{\"@type\":\"ListItem\",\"position\":1,\"name\":\"Inicio\",\"item\":\"https:\\\/\\\/www.muyjujuy.com\\\/\"},{\"@type\":\"ListItem\",\"position\":2,\"name\":\"El uso del barbijo es optativo en las escuelas de Jujuy\"}]},{\"@type\":\"WebSite\",\"@id\":\"https:\\\/\\\/www.muyjujuy.com\\\/#website\",\"url\":\"https:\\\/\\\/www.muyjujuy.com\\\/\",\"name\":\"Muy Jujuy\",\"description\":\"\",\"publisher\":{\"@id\":\"https:\\\/\\\/www.muyjujuy.com\\\/#organization\"},\"potentialAction\":[{\"@type\":\"SearchAction\",\"target\":{\"@type\":\"EntryPoint\",\"urlTemplate\":\"https:\\\/\\\/www.muyjujuy.com\\\/?s={search_term_string}\"},\"query-input\":{\"@type\":\"PropertyValueSpecification\",\"valueRequired\":true,\"valueName\":\"search_term_string\"}}],\"inLanguage\":\"es-AR\"},{\"@type\":\"Organization\",\"@id\":\"https:\\\/\\\/www.muyjujuy.com\\\/#organization\",\"name\":\"Muy Jujuy\",\"url\":\"https:\\\/\\\/www.muyjujuy.com\\\/\",\"logo\":{\"@type\":\"ImageObject\",\"inLanguage\":\"es-AR\",\"@id\":\"https:\\\/\\\/www.muyjujuy.com\\\/#\\\/schema\\\/logo\\\/image\\\/\",\"url\":\"http:\\\/\\\/www.muyjujuy.com\\\/wp-content\\\/uploads\\\/2022\\\/05\\\/logo-mobil-jujuy.png\",\"contentUrl\":\"http:\\\/\\\/www.muyjujuy.com\\\/wp-content\\\/uploads\\\/2022\\\/05\\\/logo-mobil-jujuy.png\",\"width\":174,\"height\":81,\"caption\":\"Muy Jujuy\"},\"image\":{\"@id\":\"https:\\\/\\\/www.muyjujuy.com\\\/#\\\/schema\\\/logo\\\/image\\\/\"},\"sameAs\":[\"https:\\\/\\\/www.facebook.com\\\/muyjujuycom\",\"https:\\\/\\\/x.com\\\/muyjujuy\",\"https:\\\/\\\/www.instagram.com\\\/muyjujuycom\"]},{\"@type\":\"Person\",\"@id\":\"https:\\\/\\\/www.muyjujuy.com\\\/#\\\/schema\\\/person\\\/1d0f6e223ccea9e3f9034c1a5b683bf2\",\"name\":\"Redacci\u00f3n Muy Jujuy\",\"image\":{\"@type\":\"ImageObject\",\"inLanguage\":\"es-AR\",\"@id\":\"https:\\\/\\\/secure.gravatar.com\\\/avatar\\\/fec5f6f1893d741ed5eecccff109ce43e67a855411202a3212a058cb8e5c27d4?s=96&d=mm&r=g\",\"url\":\"https:\\\/\\\/secure.gravatar.com\\\/avatar\\\/fec5f6f1893d741ed5eecccff109ce43e67a855411202a3212a058cb8e5c27d4?s=96&d=mm&r=g\",\"contentUrl\":\"https:\\\/\\\/secure.gravatar.com\\\/avatar\\\/fec5f6f1893d741ed5eecccff109ce43e67a855411202a3212a058cb8e5c27d4?s=96&d=mm&r=g\",\"caption\":\"Redacci\u00f3n Muy Jujuy\"},\"url\":\"https:\\\/\\\/www.muyjujuy.com\\\/index.php\\\/author\\\/editor\\\/\"}]}<\/script>\n<!-- \/ Yoast SEO plugin. -->","yoast_head_json":{"title":"El uso del barbijo es optativo en las escuelas de Jujuy - Muy Jujuy","description":"Tras m\u00e1s dos a\u00f1os de pandemia, el Gobierno de Jujuy orden\u00f3 que el uso del barbijo ser\u00e1 optativo en las escuelas de Jujuy.","robots":{"index":"index","follow":"follow","max-snippet":"max-snippet:-1","max-image-preview":"max-image-preview:large","max-video-preview":"max-video-preview:-1"},"canonical":"https:\/\/www.muyjujuy.com\/index.php\/2022\/09\/20\/el-uso-del-barbijo-es-optativo-en-las-escuelas-de-jujuy\/","og_locale":"es_ES","og_type":"article","og_title":"El uso del barbijo es optativo en las escuelas de Jujuy - Muy Jujuy","og_description":"Tras m\u00e1s dos a\u00f1os de pandemia, el Gobierno de Jujuy orden\u00f3 que el uso del barbijo ser\u00e1 optativo en las escuelas de Jujuy.","og_url":"https:\/\/www.muyjujuy.com\/index.php\/2022\/09\/20\/el-uso-del-barbijo-es-optativo-en-las-escuelas-de-jujuy\/","og_site_name":"Muy Jujuy","article_publisher":"https:\/\/www.facebook.com\/muyjujuycom","article_published_time":"2022-09-20T21:35:46+00:00","article_modified_time":"2022-09-20T21:37:23+00:00","og_image":[{"width":990,"height":610,"url":"https:\/\/www.muyjujuy.com\/wp-content\/uploads\/2022\/09\/jujuy-escuelas.jpg","type":"image\/jpeg"}],"author":"Redacci\u00f3n Muy Jujuy","twitter_card":"summary_large_image","twitter_creator":"@muyjujuy","twitter_site":"@muyjujuy","twitter_misc":{"Escrito por":"Redacci\u00f3n Muy Jujuy","Tiempo de lectura":"1 minuto"},"schema":{"@context":"https:\/\/schema.org","@graph":[{"@type":"Article","@id":"https:\/\/www.muyjujuy.com\/index.php\/2022\/09\/20\/el-uso-del-barbijo-es-optativo-en-las-escuelas-de-jujuy\/#article","isPartOf":{"@id":"https:\/\/www.muyjujuy.com\/index.php\/2022\/09\/20\/el-uso-del-barbijo-es-optativo-en-las-escuelas-de-jujuy\/"},"author":{"name":"Redacci\u00f3n Muy Jujuy","@id":"https:\/\/www.muyjujuy.com\/#\/schema\/person\/1d0f6e223ccea9e3f9034c1a5b683bf2"},"headline":"El uso del barbijo es optativo en las escuelas de Jujuy","datePublished":"2022-09-20T21:35:46+00:00","dateModified":"2022-09-20T21:37:23+00:00","mainEntityOfPage":{"@id":"https:\/\/www.muyjujuy.com\/index.php\/2022\/09\/20\/el-uso-del-barbijo-es-optativo-en-las-escuelas-de-jujuy\/"},"wordCount":213,"commentCount":0,"publisher":{"@id":"https:\/\/www.muyjujuy.com\/#organization"},"image":{"@id":"https:\/\/www.muyjujuy.com\/index.php\/2022\/09\/20\/el-uso-del-barbijo-es-optativo-en-las-escuelas-de-jujuy\/#primaryimage"},"thumbnailUrl":"https:\/\/www.muyjujuy.com\/wp-content\/uploads\/2022\/09\/jujuy-escuelas.jpg","keywords":["Jujuy","Pandemia"],"articleSection":["Sociedad"],"inLanguage":"es-AR","potentialAction":[{"@type":"CommentAction","name":"Comment","target":["https:\/\/www.muyjujuy.com\/index.php\/2022\/09\/20\/el-uso-del-barbijo-es-optativo-en-las-escuelas-de-jujuy\/#respond"]}]},{"@type":"WebPage","@id":"https:\/\/www.muyjujuy.com\/index.php\/2022\/09\/20\/el-uso-del-barbijo-es-optativo-en-las-escuelas-de-jujuy\/","url":"https:\/\/www.muyjujuy.com\/index.php\/2022\/09\/20\/el-uso-del-barbijo-es-optativo-en-las-escuelas-de-jujuy\/","name":"El uso del barbijo es optativo en las escuelas de Jujuy - Muy Jujuy","isPartOf":{"@id":"https:\/\/www.muyjujuy.com\/#website"},"primaryImageOfPage":{"@id":"https:\/\/www.muyjujuy.com\/index.php\/2022\/09\/20\/el-uso-del-barbijo-es-optativo-en-las-escuelas-de-jujuy\/#primaryimage"},"image":{"@id":"https:\/\/www.muyjujuy.com\/index.php\/2022\/09\/20\/el-uso-del-barbijo-es-optativo-en-las-escuelas-de-jujuy\/#primaryimage"},"thumbnailUrl":"https:\/\/www.muyjujuy.com\/wp-content\/uploads\/2022\/09\/jujuy-escuelas.jpg","datePublished":"2022-09-20T21:35:46+00:00","dateModified":"2022-09-20T21:37:23+00:00","description":"Tras m\u00e1s dos a\u00f1os de pandemia, el Gobierno de Jujuy orden\u00f3 que el uso del barbijo ser\u00e1 optativo en las escuelas de Jujuy.","breadcrumb":{"@id":"https:\/\/www.muyjujuy.com\/index.php\/2022\/09\/20\/el-uso-del-barbijo-es-optativo-en-las-escuelas-de-jujuy\/#breadcrumb"},"inLanguage":"es-AR","potentialAction":[{"@type":"ReadAction","target":["https:\/\/www.muyjujuy.com\/index.php\/2022\/09\/20\/el-uso-del-barbijo-es-optativo-en-las-escuelas-de-jujuy\/"]}]},{"@type":"ImageObject","inLanguage":"es-AR","@id":"https:\/\/www.muyjujuy.com\/index.php\/2022\/09\/20\/el-uso-del-barbijo-es-optativo-en-las-escuelas-de-jujuy\/#primaryimage","url":"https:\/\/www.muyjujuy.com\/wp-content\/uploads\/2022\/09\/jujuy-escuelas.jpg","contentUrl":"https:\/\/www.muyjujuy.com\/wp-content\/uploads\/2022\/09\/jujuy-escuelas.jpg","width":990,"height":610},{"@type":"BreadcrumbList","@id":"https:\/\/www.muyjujuy.com\/index.php\/2022\/09\/20\/el-uso-del-barbijo-es-optativo-en-las-escuelas-de-jujuy\/#breadcrumb","itemListElement":[{"@type":"ListItem","position":1,"name":"Inicio","item":"https:\/\/www.muyjujuy.com\/"},{"@type":"ListItem","position":2,"name":"El uso del barbijo es optativo en las escuelas de Jujuy"}]},{"@type":"WebSite","@id":"https:\/\/www.muyjujuy.com\/#website","url":"https:\/\/www.muyjujuy.com\/","name":"Muy Jujuy","description":"","publisher":{"@id":"https:\/\/www.muyjujuy.com\/#organization"},"potentialAction":[{"@type":"SearchAction","target":{"@type":"EntryPoint","urlTemplate":"https:\/\/www.muyjujuy.com\/?s={search_term_string}"},"query-input":{"@type":"PropertyValueSpecification","valueRequired":true,"valueName":"search_term_string"}}],"inLanguage":"es-AR"},{"@type":"Organization","@id":"https:\/\/www.muyjujuy.com\/#organization","name":"Muy Jujuy","url":"https:\/\/www.muyjujuy.com\/","logo":{"@type":"ImageObject","inLanguage":"es-AR","@id":"https:\/\/www.muyjujuy.com\/#\/schema\/logo\/image\/","url":"http:\/\/www.muyjujuy.com\/wp-content\/uploads\/2022\/05\/logo-mobil-jujuy.png","contentUrl":"http:\/\/www.muyjujuy.com\/wp-content\/uploads\/2022\/05\/logo-mobil-jujuy.png","width":174,"height":81,"caption":"Muy Jujuy"},"image":{"@id":"https:\/\/www.muyjujuy.com\/#\/schema\/logo\/image\/"},"sameAs":["https:\/\/www.facebook.com\/muyjujuycom","https:\/\/x.com\/muyjujuy","https:\/\/www.instagram.com\/muyjujuycom"]},{"@type":"Person","@id":"https:\/\/www.muyjujuy.com\/#\/schema\/person\/1d0f6e223ccea9e3f9034c1a5b683bf2","name":"Redacci\u00f3n Muy Jujuy","image":{"@type":"ImageObject","inLanguage":"es-AR","@id":"https:\/\/secure.gravatar.com\/avatar\/fec5f6f1893d741ed5eecccff109ce43e67a855411202a3212a058cb8e5c27d4?s=96&d=mm&r=g","url":"https:\/\/secure.gravatar.com\/avatar\/fec5f6f1893d741ed5eecccff109ce43e67a855411202a3212a058cb8e5c27d4?s=96&d=mm&r=g","contentUrl":"https:\/\/secure.gravatar.com\/avatar\/fec5f6f1893d741ed5eecccff109ce43e67a855411202a3212a058cb8e5c27d4?s=96&d=mm&r=g","caption":"Redacci\u00f3n Muy Jujuy"},"url":"https:\/\/www.muyjujuy.com\/index.php\/author\/editor\/"}]}},"_links":{"self":[{"href":"https:\/\/www.muyjujuy.com\/index.php\/wp-json\/wp\/v2\/posts\/1536","targetHints":{"allow":["GET"]}}],"collection":[{"href":"https:\/\/www.muyjujuy.com\/index.php\/wp-json\/wp\/v2\/posts"}],"about":[{"href":"https:\/\/www.muyjujuy.com\/index.php\/wp-json\/wp\/v2\/types\/post"}],"author":[{"embeddable":true,"href":"https:\/\/www.muyjujuy.com\/index.php\/wp-json\/wp\/v2\/users\/3"}],"replies":[{"embeddable":true,"href":"https:\/\/www.muyjujuy.com\/index.php\/wp-json\/wp\/v2\/comments?post=1536"}],"version-history":[{"count":2,"href":"https:\/\/www.muyjujuy.com\/index.php\/wp-json\/wp\/v2\/posts\/1536\/revisions"}],"predecessor-version":[{"id":1539,"href":"https:\/\/www.muyjujuy.com\/index.php\/wp-json\/wp\/v2\/posts\/1536\/revisions\/1539"}],"wp:featuredmedia":[{"embeddable":true,"href":"https:\/\/www.muyjujuy.com\/index.php\/wp-json\/wp\/v2\/media\/1537"}],"wp:attachment":[{"href":"https:\/\/www.muyjujuy.com\/index.php\/wp-json\/wp\/v2\/media?parent=1536"}],"wp:term":[{"taxonomy":"category","embeddable":true,"href":"https:\/\/www.muyjujuy.com\/index.php\/wp-json\/wp\/v2\/categories?post=1536"},{"taxonomy":"post_tag","embeddable":true,"href":"https:\/\/www.muyjujuy.com\/index.php\/wp-json\/wp\/v2\/tags?post=1536"}],"curies":[{"name":"wp","href":"https:\/\/api.w.org\/{rel}","templated":true}]}}