{"id":1586,"date":"2022-09-26T10:19:02","date_gmt":"2022-09-26T13:19:02","guid":{"rendered":"https:\/\/www.muyjujuy.com\/?p=1586"},"modified":"2022-09-26T10:19:03","modified_gmt":"2022-09-26T13:19:03","slug":"reconocen-la-labor-de-brigadistas-en-la-lucha-contra-los-incendios-en-jujuy","status":"publish","type":"post","link":"https:\/\/www.muyjujuy.com\/index.php\/2022\/09\/26\/reconocen-la-labor-de-brigadistas-en-la-lucha-contra-los-incendios-en-jujuy\/","title":{"rendered":"Reconocen la labor de brigadistas en la lucha contra los incendios en Jujuy"},"content":{"rendered":"\n<p><em>Los brigadistas fueron claves para sofocar los incendios que ya consumieron m\u00e1s de 8 mil hect\u00e1reas en Jujuy por los incendios forestales.<\/em><\/p>\n\n\n\n<p><\/p>\n\n\n\n<p>Unos 70 brigadistas del <strong>Servicio Nacional de Manejo del Fuego <\/strong>(SNMF) recibieron el reconocimiento del Gobierno de Jujuy por su desempe\u00f1o en la lucha contra los incendios que afectaron a la provincia. <\/p>\n\n\n\n<p><strong>&#8220;Nuestro agradecimiento por el gran servicio p\u00fablico prestado en la preservaci\u00f3n de los bienes naturales y en ayudar a sofocar los incendios que afectaron zonas boscosas<\/strong>, pastizales y zonas productivas y la biodiversidad que convive en estos ecosistemas, donde est\u00e1 el 50% de la biodiversidad argentina&#8221;, expres\u00f3 la ministra de Ambiente juje\u00f1a, <strong>Mar\u00eda In\u00e9s Zigar\u00e1n.<\/strong><\/p>\n\n\n\n<p>El nuevo equipo de 70 brigadistas de Patagonia y zona del NEA2, tras arribar a Jujuy en un avi\u00f3n de Fuerza A\u00e9rea, inmediatamente fue puesto en funciones.<\/p>\n\n\n\n<p><strong>&#8220;Les manifestamos la gratitud y a la vez el compromiso que tiene Jujuy como Gobierno <\/strong>en el marco del Sistema Nacional\u201d, enfatiz\u00f3 la funcionaria.<\/p>\n\n\n\n<p>Los brigadistas que regresaron a sus hogares &#8220;en perfectas condiciones&#8221;, <strong><a href=\"https:\/\/www.muyjujuy.com\/index.php\/2022\/09\/19\/incendios-forestales-en-jujuy-ampliaran-el-trabajo-en-las-yungas\/\">ven\u00edan luchando contra el incendio desatado en la localidad de Yuto, <\/a><\/strong>en la regi\u00f3n de las Yungas. Ya hab\u00edan cumplido quince d\u00edas de trabajo.<\/p>\n\n\n\n<p>Trabajaron en conjunto con los brigadistas de Corrientes y todo el equipo de Jujuy <strong>para controlar un incendio que lleva casi 8.000 hect\u00e1reas afectadas<\/strong>.<\/p>\n\n\n\n<p>Por su parte, el vicegobernador <strong>Carlos Haquim<\/strong> reflexion\u00f3 acerca de la emergencia desatada por incendios. &#8220;Esto demandan una gran movilizaci\u00f3n, esfuerzo, p\u00e9rdida de bienes naturales y puesta en riesgo de quienes tienen que apagarlo&#8221;. valor\u00f3.<\/p>\n\n\n\n<p>Asimismo, la Directora de Operaciones del SNMF, Fernanda \u00c1lvarez, agradeci\u00f3 a los brigadistas sus servicios. Afirm\u00f3: <strong>&#8220;Despu\u00e9s del incendio del 2020 en Jujuy que fue de gran magnitud hemos tomado la ense\u00f1anza de un trabajo articulado el cual ahora aplicamos con resultado muy efectivo&#8221;.<\/strong><\/p>\n","protected":false},"excerpt":{"rendered":"<p>Los brigadistas fueron claves para sofocar los incendios que ya consumieron m\u00e1s de 8 mil hect\u00e1reas en Jujuy por los incendios forestales. Unos 70 brigadistas del Servicio Nacional de Manejo del Fuego (SNMF) recibieron el reconocimiento del Gobierno de Jujuy por su desempe\u00f1o en la lucha contra los incendios que afectaron a la provincia. &#8220;Nuestro [&hellip;]<\/p>\n","protected":false},"author":3,"featured_media":1587,"comment_status":"open","ping_status":"open","sticky":false,"template":"","format":"standard","meta":{"footnotes":""},"categories":[25],"tags":[735,8],"class_list":{"0":"post-1586","1":"post","2":"type-post","3":"status-publish","4":"format-standard","5":"has-post-thumbnail","7":"category-sociedad","8":"tag-incendios-forestales","9":"tag-jujuy"},"yoast_head":"<!-- This site is optimized with the Yoast SEO plugin v27.5 - https:\/\/yoast.com\/product\/yoast-seo-wordpress\/ -->\n<title>Reconocen la labor de brigadistas en la lucha contra los incendios en Jujuy - Muy Jujuy<\/title>\n<meta name=\"description\" content=\"Los brigadistas fueron claves para sofocar los incendios que ya consumieron m\u00e1s de 8 mil hect\u00e1reas en Jujuy por los incendios forestales.\" \/>\n<meta name=\"robots\" content=\"index, follow, max-snippet:-1, max-image-preview:large, max-video-preview:-1\" \/>\n<link rel=\"canonical\" href=\"https:\/\/www.muyjujuy.com\/index.php\/2022\/09\/26\/reconocen-la-labor-de-brigadistas-en-la-lucha-contra-los-incendios-en-jujuy\/\" \/>\n<meta property=\"og:locale\" content=\"es_ES\" \/>\n<meta property=\"og:type\" content=\"article\" \/>\n<meta property=\"og:title\" content=\"Reconocen la labor de brigadistas en la lucha contra los incendios en Jujuy - Muy Jujuy\" \/>\n<meta property=\"og:description\" content=\"Los brigadistas fueron claves para sofocar los incendios que ya consumieron m\u00e1s de 8 mil hect\u00e1reas en Jujuy por los incendios forestales.\" \/>\n<meta property=\"og:url\" content=\"https:\/\/www.muyjujuy.com\/index.php\/2022\/09\/26\/reconocen-la-labor-de-brigadistas-en-la-lucha-contra-los-incendios-en-jujuy\/\" \/>\n<meta property=\"og:site_name\" content=\"Muy Jujuy\" \/>\n<meta property=\"article:publisher\" content=\"https:\/\/www.facebook.com\/muyjujuycom\" \/>\n<meta property=\"article:published_time\" content=\"2022-09-26T13:19:02+00:00\" \/>\n<meta property=\"article:modified_time\" content=\"2022-09-26T13:19:03+00:00\" \/>\n<meta property=\"og:image\" content=\"https:\/\/www.muyjujuy.com\/wp-content\/uploads\/2022\/09\/WhatsApp-Image-2022-09-26-at-10.15.14.jpeg\" \/>\n\t<meta property=\"og:image:width\" content=\"1200\" \/>\n\t<meta property=\"og:image:height\" content=\"676\" \/>\n\t<meta property=\"og:image:type\" content=\"image\/jpeg\" \/>\n<meta name=\"author\" content=\"Redacci\u00f3n Muy Jujuy\" \/>\n<meta name=\"twitter:card\" content=\"summary_large_image\" \/>\n<meta name=\"twitter:creator\" content=\"@muyjujuy\" \/>\n<meta name=\"twitter:site\" content=\"@muyjujuy\" \/>\n<meta name=\"twitter:label1\" content=\"Escrito por\" \/>\n\t<meta name=\"twitter:data1\" content=\"Redacci\u00f3n Muy Jujuy\" \/>\n\t<meta name=\"twitter:label2\" content=\"Tiempo de lectura\" \/>\n\t<meta name=\"twitter:data2\" content=\"2 minutos\" \/>\n<script type=\"application\/ld+json\" class=\"yoast-schema-graph\">{\"@context\":\"https:\\\/\\\/schema.org\",\"@graph\":[{\"@type\":\"Article\",\"@id\":\"https:\\\/\\\/www.muyjujuy.com\\\/index.php\\\/2022\\\/09\\\/26\\\/reconocen-la-labor-de-brigadistas-en-la-lucha-contra-los-incendios-en-jujuy\\\/#article\",\"isPartOf\":{\"@id\":\"https:\\\/\\\/www.muyjujuy.com\\\/index.php\\\/2022\\\/09\\\/26\\\/reconocen-la-labor-de-brigadistas-en-la-lucha-contra-los-incendios-en-jujuy\\\/\"},\"author\":{\"name\":\"Redacci\u00f3n Muy Jujuy\",\"@id\":\"https:\\\/\\\/www.muyjujuy.com\\\/#\\\/schema\\\/person\\\/1d0f6e223ccea9e3f9034c1a5b683bf2\"},\"headline\":\"Reconocen la labor de brigadistas en la lucha contra los incendios en Jujuy\",\"datePublished\":\"2022-09-26T13:19:02+00:00\",\"dateModified\":\"2022-09-26T13:19:03+00:00\",\"mainEntityOfPage\":{\"@id\":\"https:\\\/\\\/www.muyjujuy.com\\\/index.php\\\/2022\\\/09\\\/26\\\/reconocen-la-labor-de-brigadistas-en-la-lucha-contra-los-incendios-en-jujuy\\\/\"},\"wordCount\":324,\"commentCount\":0,\"publisher\":{\"@id\":\"https:\\\/\\\/www.muyjujuy.com\\\/#organization\"},\"image\":{\"@id\":\"https:\\\/\\\/www.muyjujuy.com\\\/index.php\\\/2022\\\/09\\\/26\\\/reconocen-la-labor-de-brigadistas-en-la-lucha-contra-los-incendios-en-jujuy\\\/#primaryimage\"},\"thumbnailUrl\":\"https:\\\/\\\/www.muyjujuy.com\\\/wp-content\\\/uploads\\\/2022\\\/09\\\/WhatsApp-Image-2022-09-26-at-10.15.14.jpeg\",\"keywords\":[\"Incendios forestales\",\"Jujuy\"],\"articleSection\":[\"Sociedad\"],\"inLanguage\":\"es-AR\",\"potentialAction\":[{\"@type\":\"CommentAction\",\"name\":\"Comment\",\"target\":[\"https:\\\/\\\/www.muyjujuy.com\\\/index.php\\\/2022\\\/09\\\/26\\\/reconocen-la-labor-de-brigadistas-en-la-lucha-contra-los-incendios-en-jujuy\\\/#respond\"]}]},{\"@type\":\"WebPage\",\"@id\":\"https:\\\/\\\/www.muyjujuy.com\\\/index.php\\\/2022\\\/09\\\/26\\\/reconocen-la-labor-de-brigadistas-en-la-lucha-contra-los-incendios-en-jujuy\\\/\",\"url\":\"https:\\\/\\\/www.muyjujuy.com\\\/index.php\\\/2022\\\/09\\\/26\\\/reconocen-la-labor-de-brigadistas-en-la-lucha-contra-los-incendios-en-jujuy\\\/\",\"name\":\"Reconocen la labor de brigadistas en la lucha contra los incendios en Jujuy - Muy Jujuy\",\"isPartOf\":{\"@id\":\"https:\\\/\\\/www.muyjujuy.com\\\/#website\"},\"primaryImageOfPage\":{\"@id\":\"https:\\\/\\\/www.muyjujuy.com\\\/index.php\\\/2022\\\/09\\\/26\\\/reconocen-la-labor-de-brigadistas-en-la-lucha-contra-los-incendios-en-jujuy\\\/#primaryimage\"},\"image\":{\"@id\":\"https:\\\/\\\/www.muyjujuy.com\\\/index.php\\\/2022\\\/09\\\/26\\\/reconocen-la-labor-de-brigadistas-en-la-lucha-contra-los-incendios-en-jujuy\\\/#primaryimage\"},\"thumbnailUrl\":\"https:\\\/\\\/www.muyjujuy.com\\\/wp-content\\\/uploads\\\/2022\\\/09\\\/WhatsApp-Image-2022-09-26-at-10.15.14.jpeg\",\"datePublished\":\"2022-09-26T13:19:02+00:00\",\"dateModified\":\"2022-09-26T13:19:03+00:00\",\"description\":\"Los brigadistas fueron claves para sofocar los incendios que ya consumieron m\u00e1s de 8 mil hect\u00e1reas en Jujuy por los incendios forestales.\",\"breadcrumb\":{\"@id\":\"https:\\\/\\\/www.muyjujuy.com\\\/index.php\\\/2022\\\/09\\\/26\\\/reconocen-la-labor-de-brigadistas-en-la-lucha-contra-los-incendios-en-jujuy\\\/#breadcrumb\"},\"inLanguage\":\"es-AR\",\"potentialAction\":[{\"@type\":\"ReadAction\",\"target\":[\"https:\\\/\\\/www.muyjujuy.com\\\/index.php\\\/2022\\\/09\\\/26\\\/reconocen-la-labor-de-brigadistas-en-la-lucha-contra-los-incendios-en-jujuy\\\/\"]}]},{\"@type\":\"ImageObject\",\"inLanguage\":\"es-AR\",\"@id\":\"https:\\\/\\\/www.muyjujuy.com\\\/index.php\\\/2022\\\/09\\\/26\\\/reconocen-la-labor-de-brigadistas-en-la-lucha-contra-los-incendios-en-jujuy\\\/#primaryimage\",\"url\":\"https:\\\/\\\/www.muyjujuy.com\\\/wp-content\\\/uploads\\\/2022\\\/09\\\/WhatsApp-Image-2022-09-26-at-10.15.14.jpeg\",\"contentUrl\":\"https:\\\/\\\/www.muyjujuy.com\\\/wp-content\\\/uploads\\\/2022\\\/09\\\/WhatsApp-Image-2022-09-26-at-10.15.14.jpeg\",\"width\":1200,\"height\":676},{\"@type\":\"BreadcrumbList\",\"@id\":\"https:\\\/\\\/www.muyjujuy.com\\\/index.php\\\/2022\\\/09\\\/26\\\/reconocen-la-labor-de-brigadistas-en-la-lucha-contra-los-incendios-en-jujuy\\\/#breadcrumb\",\"itemListElement\":[{\"@type\":\"ListItem\",\"position\":1,\"name\":\"Inicio\",\"item\":\"https:\\\/\\\/www.muyjujuy.com\\\/\"},{\"@type\":\"ListItem\",\"position\":2,\"name\":\"Reconocen la labor de brigadistas en la lucha contra los incendios en Jujuy\"}]},{\"@type\":\"WebSite\",\"@id\":\"https:\\\/\\\/www.muyjujuy.com\\\/#website\",\"url\":\"https:\\\/\\\/www.muyjujuy.com\\\/\",\"name\":\"Muy Jujuy\",\"description\":\"\",\"publisher\":{\"@id\":\"https:\\\/\\\/www.muyjujuy.com\\\/#organization\"},\"potentialAction\":[{\"@type\":\"SearchAction\",\"target\":{\"@type\":\"EntryPoint\",\"urlTemplate\":\"https:\\\/\\\/www.muyjujuy.com\\\/?s={search_term_string}\"},\"query-input\":{\"@type\":\"PropertyValueSpecification\",\"valueRequired\":true,\"valueName\":\"search_term_string\"}}],\"inLanguage\":\"es-AR\"},{\"@type\":\"Organization\",\"@id\":\"https:\\\/\\\/www.muyjujuy.com\\\/#organization\",\"name\":\"Muy Jujuy\",\"url\":\"https:\\\/\\\/www.muyjujuy.com\\\/\",\"logo\":{\"@type\":\"ImageObject\",\"inLanguage\":\"es-AR\",\"@id\":\"https:\\\/\\\/www.muyjujuy.com\\\/#\\\/schema\\\/logo\\\/image\\\/\",\"url\":\"http:\\\/\\\/www.muyjujuy.com\\\/wp-content\\\/uploads\\\/2022\\\/05\\\/logo-mobil-jujuy.png\",\"contentUrl\":\"http:\\\/\\\/www.muyjujuy.com\\\/wp-content\\\/uploads\\\/2022\\\/05\\\/logo-mobil-jujuy.png\",\"width\":174,\"height\":81,\"caption\":\"Muy Jujuy\"},\"image\":{\"@id\":\"https:\\\/\\\/www.muyjujuy.com\\\/#\\\/schema\\\/logo\\\/image\\\/\"},\"sameAs\":[\"https:\\\/\\\/www.facebook.com\\\/muyjujuycom\",\"https:\\\/\\\/x.com\\\/muyjujuy\",\"https:\\\/\\\/www.instagram.com\\\/muyjujuycom\"]},{\"@type\":\"Person\",\"@id\":\"https:\\\/\\\/www.muyjujuy.com\\\/#\\\/schema\\\/person\\\/1d0f6e223ccea9e3f9034c1a5b683bf2\",\"name\":\"Redacci\u00f3n Muy Jujuy\",\"image\":{\"@type\":\"ImageObject\",\"inLanguage\":\"es-AR\",\"@id\":\"https:\\\/\\\/secure.gravatar.com\\\/avatar\\\/fec5f6f1893d741ed5eecccff109ce43e67a855411202a3212a058cb8e5c27d4?s=96&d=mm&r=g\",\"url\":\"https:\\\/\\\/secure.gravatar.com\\\/avatar\\\/fec5f6f1893d741ed5eecccff109ce43e67a855411202a3212a058cb8e5c27d4?s=96&d=mm&r=g\",\"contentUrl\":\"https:\\\/\\\/secure.gravatar.com\\\/avatar\\\/fec5f6f1893d741ed5eecccff109ce43e67a855411202a3212a058cb8e5c27d4?s=96&d=mm&r=g\",\"caption\":\"Redacci\u00f3n Muy Jujuy\"},\"url\":\"https:\\\/\\\/www.muyjujuy.com\\\/index.php\\\/author\\\/editor\\\/\"}]}<\/script>\n<!-- \/ Yoast SEO plugin. -->","yoast_head_json":{"title":"Reconocen la labor de brigadistas en la lucha contra los incendios en Jujuy - Muy Jujuy","description":"Los brigadistas fueron claves para sofocar los incendios que ya consumieron m\u00e1s de 8 mil hect\u00e1reas en Jujuy por los incendios forestales.","robots":{"index":"index","follow":"follow","max-snippet":"max-snippet:-1","max-image-preview":"max-image-preview:large","max-video-preview":"max-video-preview:-1"},"canonical":"https:\/\/www.muyjujuy.com\/index.php\/2022\/09\/26\/reconocen-la-labor-de-brigadistas-en-la-lucha-contra-los-incendios-en-jujuy\/","og_locale":"es_ES","og_type":"article","og_title":"Reconocen la labor de brigadistas en la lucha contra los incendios en Jujuy - Muy Jujuy","og_description":"Los brigadistas fueron claves para sofocar los incendios que ya consumieron m\u00e1s de 8 mil hect\u00e1reas en Jujuy por los incendios forestales.","og_url":"https:\/\/www.muyjujuy.com\/index.php\/2022\/09\/26\/reconocen-la-labor-de-brigadistas-en-la-lucha-contra-los-incendios-en-jujuy\/","og_site_name":"Muy Jujuy","article_publisher":"https:\/\/www.facebook.com\/muyjujuycom","article_published_time":"2022-09-26T13:19:02+00:00","article_modified_time":"2022-09-26T13:19:03+00:00","og_image":[{"width":1200,"height":676,"url":"https:\/\/www.muyjujuy.com\/wp-content\/uploads\/2022\/09\/WhatsApp-Image-2022-09-26-at-10.15.14.jpeg","type":"image\/jpeg"}],"author":"Redacci\u00f3n Muy Jujuy","twitter_card":"summary_large_image","twitter_creator":"@muyjujuy","twitter_site":"@muyjujuy","twitter_misc":{"Escrito por":"Redacci\u00f3n Muy Jujuy","Tiempo de lectura":"2 minutos"},"schema":{"@context":"https:\/\/schema.org","@graph":[{"@type":"Article","@id":"https:\/\/www.muyjujuy.com\/index.php\/2022\/09\/26\/reconocen-la-labor-de-brigadistas-en-la-lucha-contra-los-incendios-en-jujuy\/#article","isPartOf":{"@id":"https:\/\/www.muyjujuy.com\/index.php\/2022\/09\/26\/reconocen-la-labor-de-brigadistas-en-la-lucha-contra-los-incendios-en-jujuy\/"},"author":{"name":"Redacci\u00f3n Muy Jujuy","@id":"https:\/\/www.muyjujuy.com\/#\/schema\/person\/1d0f6e223ccea9e3f9034c1a5b683bf2"},"headline":"Reconocen la labor de brigadistas en la lucha contra los incendios en Jujuy","datePublished":"2022-09-26T13:19:02+00:00","dateModified":"2022-09-26T13:19:03+00:00","mainEntityOfPage":{"@id":"https:\/\/www.muyjujuy.com\/index.php\/2022\/09\/26\/reconocen-la-labor-de-brigadistas-en-la-lucha-contra-los-incendios-en-jujuy\/"},"wordCount":324,"commentCount":0,"publisher":{"@id":"https:\/\/www.muyjujuy.com\/#organization"},"image":{"@id":"https:\/\/www.muyjujuy.com\/index.php\/2022\/09\/26\/reconocen-la-labor-de-brigadistas-en-la-lucha-contra-los-incendios-en-jujuy\/#primaryimage"},"thumbnailUrl":"https:\/\/www.muyjujuy.com\/wp-content\/uploads\/2022\/09\/WhatsApp-Image-2022-09-26-at-10.15.14.jpeg","keywords":["Incendios forestales","Jujuy"],"articleSection":["Sociedad"],"inLanguage":"es-AR","potentialAction":[{"@type":"CommentAction","name":"Comment","target":["https:\/\/www.muyjujuy.com\/index.php\/2022\/09\/26\/reconocen-la-labor-de-brigadistas-en-la-lucha-contra-los-incendios-en-jujuy\/#respond"]}]},{"@type":"WebPage","@id":"https:\/\/www.muyjujuy.com\/index.php\/2022\/09\/26\/reconocen-la-labor-de-brigadistas-en-la-lucha-contra-los-incendios-en-jujuy\/","url":"https:\/\/www.muyjujuy.com\/index.php\/2022\/09\/26\/reconocen-la-labor-de-brigadistas-en-la-lucha-contra-los-incendios-en-jujuy\/","name":"Reconocen la labor de brigadistas en la lucha contra los incendios en Jujuy - Muy Jujuy","isPartOf":{"@id":"https:\/\/www.muyjujuy.com\/#website"},"primaryImageOfPage":{"@id":"https:\/\/www.muyjujuy.com\/index.php\/2022\/09\/26\/reconocen-la-labor-de-brigadistas-en-la-lucha-contra-los-incendios-en-jujuy\/#primaryimage"},"image":{"@id":"https:\/\/www.muyjujuy.com\/index.php\/2022\/09\/26\/reconocen-la-labor-de-brigadistas-en-la-lucha-contra-los-incendios-en-jujuy\/#primaryimage"},"thumbnailUrl":"https:\/\/www.muyjujuy.com\/wp-content\/uploads\/2022\/09\/WhatsApp-Image-2022-09-26-at-10.15.14.jpeg","datePublished":"2022-09-26T13:19:02+00:00","dateModified":"2022-09-26T13:19:03+00:00","description":"Los brigadistas fueron claves para sofocar los incendios que ya consumieron m\u00e1s de 8 mil hect\u00e1reas en Jujuy por los incendios forestales.","breadcrumb":{"@id":"https:\/\/www.muyjujuy.com\/index.php\/2022\/09\/26\/reconocen-la-labor-de-brigadistas-en-la-lucha-contra-los-incendios-en-jujuy\/#breadcrumb"},"inLanguage":"es-AR","potentialAction":[{"@type":"ReadAction","target":["https:\/\/www.muyjujuy.com\/index.php\/2022\/09\/26\/reconocen-la-labor-de-brigadistas-en-la-lucha-contra-los-incendios-en-jujuy\/"]}]},{"@type":"ImageObject","inLanguage":"es-AR","@id":"https:\/\/www.muyjujuy.com\/index.php\/2022\/09\/26\/reconocen-la-labor-de-brigadistas-en-la-lucha-contra-los-incendios-en-jujuy\/#primaryimage","url":"https:\/\/www.muyjujuy.com\/wp-content\/uploads\/2022\/09\/WhatsApp-Image-2022-09-26-at-10.15.14.jpeg","contentUrl":"https:\/\/www.muyjujuy.com\/wp-content\/uploads\/2022\/09\/WhatsApp-Image-2022-09-26-at-10.15.14.jpeg","width":1200,"height":676},{"@type":"BreadcrumbList","@id":"https:\/\/www.muyjujuy.com\/index.php\/2022\/09\/26\/reconocen-la-labor-de-brigadistas-en-la-lucha-contra-los-incendios-en-jujuy\/#breadcrumb","itemListElement":[{"@type":"ListItem","position":1,"name":"Inicio","item":"https:\/\/www.muyjujuy.com\/"},{"@type":"ListItem","position":2,"name":"Reconocen la labor de brigadistas en la lucha contra los incendios en Jujuy"}]},{"@type":"WebSite","@id":"https:\/\/www.muyjujuy.com\/#website","url":"https:\/\/www.muyjujuy.com\/","name":"Muy Jujuy","description":"","publisher":{"@id":"https:\/\/www.muyjujuy.com\/#organization"},"potentialAction":[{"@type":"SearchAction","target":{"@type":"EntryPoint","urlTemplate":"https:\/\/www.muyjujuy.com\/?s={search_term_string}"},"query-input":{"@type":"PropertyValueSpecification","valueRequired":true,"valueName":"search_term_string"}}],"inLanguage":"es-AR"},{"@type":"Organization","@id":"https:\/\/www.muyjujuy.com\/#organization","name":"Muy Jujuy","url":"https:\/\/www.muyjujuy.com\/","logo":{"@type":"ImageObject","inLanguage":"es-AR","@id":"https:\/\/www.muyjujuy.com\/#\/schema\/logo\/image\/","url":"http:\/\/www.muyjujuy.com\/wp-content\/uploads\/2022\/05\/logo-mobil-jujuy.png","contentUrl":"http:\/\/www.muyjujuy.com\/wp-content\/uploads\/2022\/05\/logo-mobil-jujuy.png","width":174,"height":81,"caption":"Muy Jujuy"},"image":{"@id":"https:\/\/www.muyjujuy.com\/#\/schema\/logo\/image\/"},"sameAs":["https:\/\/www.facebook.com\/muyjujuycom","https:\/\/x.com\/muyjujuy","https:\/\/www.instagram.com\/muyjujuycom"]},{"@type":"Person","@id":"https:\/\/www.muyjujuy.com\/#\/schema\/person\/1d0f6e223ccea9e3f9034c1a5b683bf2","name":"Redacci\u00f3n Muy Jujuy","image":{"@type":"ImageObject","inLanguage":"es-AR","@id":"https:\/\/secure.gravatar.com\/avatar\/fec5f6f1893d741ed5eecccff109ce43e67a855411202a3212a058cb8e5c27d4?s=96&d=mm&r=g","url":"https:\/\/secure.gravatar.com\/avatar\/fec5f6f1893d741ed5eecccff109ce43e67a855411202a3212a058cb8e5c27d4?s=96&d=mm&r=g","contentUrl":"https:\/\/secure.gravatar.com\/avatar\/fec5f6f1893d741ed5eecccff109ce43e67a855411202a3212a058cb8e5c27d4?s=96&d=mm&r=g","caption":"Redacci\u00f3n Muy Jujuy"},"url":"https:\/\/www.muyjujuy.com\/index.php\/author\/editor\/"}]}},"_links":{"self":[{"href":"https:\/\/www.muyjujuy.com\/index.php\/wp-json\/wp\/v2\/posts\/1586","targetHints":{"allow":["GET"]}}],"collection":[{"href":"https:\/\/www.muyjujuy.com\/index.php\/wp-json\/wp\/v2\/posts"}],"about":[{"href":"https:\/\/www.muyjujuy.com\/index.php\/wp-json\/wp\/v2\/types\/post"}],"author":[{"embeddable":true,"href":"https:\/\/www.muyjujuy.com\/index.php\/wp-json\/wp\/v2\/users\/3"}],"replies":[{"embeddable":true,"href":"https:\/\/www.muyjujuy.com\/index.php\/wp-json\/wp\/v2\/comments?post=1586"}],"version-history":[{"count":1,"href":"https:\/\/www.muyjujuy.com\/index.php\/wp-json\/wp\/v2\/posts\/1586\/revisions"}],"predecessor-version":[{"id":1588,"href":"https:\/\/www.muyjujuy.com\/index.php\/wp-json\/wp\/v2\/posts\/1586\/revisions\/1588"}],"wp:featuredmedia":[{"embeddable":true,"href":"https:\/\/www.muyjujuy.com\/index.php\/wp-json\/wp\/v2\/media\/1587"}],"wp:attachment":[{"href":"https:\/\/www.muyjujuy.com\/index.php\/wp-json\/wp\/v2\/media?parent=1586"}],"wp:term":[{"taxonomy":"category","embeddable":true,"href":"https:\/\/www.muyjujuy.com\/index.php\/wp-json\/wp\/v2\/categories?post=1586"},{"taxonomy":"post_tag","embeddable":true,"href":"https:\/\/www.muyjujuy.com\/index.php\/wp-json\/wp\/v2\/tags?post=1586"}],"curies":[{"name":"wp","href":"https:\/\/api.w.org\/{rel}","templated":true}]}}