{"id":1589,"date":"2022-09-26T12:02:04","date_gmt":"2022-09-26T15:02:04","guid":{"rendered":"https:\/\/www.muyjujuy.com\/?p=1589"},"modified":"2022-09-26T12:02:05","modified_gmt":"2022-09-26T15:02:05","slug":"se-retoman-las-obras-en-ruta-34-en-el-tramo-cuarteadero-san-pedro","status":"publish","type":"post","link":"https:\/\/www.muyjujuy.com\/index.php\/2022\/09\/26\/se-retoman-las-obras-en-ruta-34-en-el-tramo-cuarteadero-san-pedro\/","title":{"rendered":"Se retoman las obras en ruta 34 en el tramo Cuarteadero-San Pedro"},"content":{"rendered":"\n<p><em>Tras las gestiones del gobernador Morales, se avanzar\u00e1 en las obras en la ruta 34 que se hab\u00edan iniciado hace m\u00e1s de un a\u00f1o<\/em>.<\/p>\n\n\n\n<p>El gobernador de Jujuy, Gerardo Morales, llev\u00f3 a cabo gestiones ante Naci\u00f3n <strong>para acelerar las obras en RN 34 lograron la reciente firma del contrato para el tramo Cuarteadero-San Pedro.<\/strong><\/p>\n\n\n\n<p>El Gobierno de Jujuy gestion\u00f3 en 2016 las obras de duplicaci\u00f3n de la Ruta Nacional (RN) 34 en su tramo l\u00edmite con Salta \u2013 acceso Norte a San Pedro de Jujuy. <strong>Desde entonces no ha cesado de brindar atenci\u00f3n y gestiones ante el Gobierno nacional <\/strong>y Vialidad para su concreci\u00f3n. <\/p>\n\n\n\n<p>Recientemente logr\u00f3 la aceleraci\u00f3n de la firma de contrato para el inicio de obra del tramo desde <strong>El Cuarteadero hasta la mencionada ciudad juje\u00f1a.<\/strong><br><strong><br>\u201cLa obra de duplicaci\u00f3n de la RN 34, en el tramo desde El Cuarteadero hasta San Pedro ven\u00eda muy demorada, <\/strong>est\u00e1bamos muy preocupados porque esta obra se debi\u00f3 haber licitado en junio del a\u00f1o pasado, luego se posterg\u00f3 a julio, <strong>en julio se volvi\u00f3 a postergar y reci\u00e9n en agosto abrieron los sobres, <\/strong>hace m\u00e1s de un a\u00f1o\u201d, detall\u00f3 el ministro de Infraestructura provincial, Carlos Stanic.<\/p>\n\n\n\n<p>Y sum\u00f3: &#8220;La preocupaci\u00f3n se hizo m\u00e1s fuerte cuando vimos que tramos en otras obras nacionales, como la duplicaci\u00f3n entre Met\u00e1n y Rosario de la Frontera, o entre las Termas y Santiago del Estero,<strong> que se hab\u00edan abierto posteriormente y sin embargo ya estaban en obras\u201d.<\/strong><\/p>\n\n\n\n<p>Stanic destac\u00f3 que <strong>&#8220;el gobernador Gerardo Morales tom\u00f3 cartas nuevamente en el asunto<\/strong>, habl\u00f3 con las personas correspondientes&#8221;. Y enfatiz\u00f3: &#8220;Hizo gestiones fuertes y hace unos d\u00edas la autoridad de Vialdiad Nacional le comunic\u00f3 que se hab\u00eda logrado la firma con la empresa Chediak, una empresa muy grande de Buenos Aires, para el inicio de esta obra en el tramo hacia San Pedro, que son casi 28 kil\u00f3metros de duplicaci\u00f3n\u201d. <\/p>\n\n\n\n<p><strong>\u201cEsto nos trajo mucha tranquilidad a todo el Gobierno provincial&#8221;<\/strong>, valor\u00f3 tambi\u00e9n.<\/p>\n\n\n\n<p>El funcionario, adem\u00e1s, consider\u00f3 que <strong>\u201caproximadamente en 45 d\u00edas deber\u00edan iniciarse las obras\u201d<\/strong> y remarc\u00f3 que <strong>&#8220;\u00e9stas tienen m\u00e1s de 6 a\u00f1os de gestiones incesantes <\/strong>y a\u00fan nos queda un plazo de dos a\u00f1os&#8221;.<\/p>\n\n\n\n<p>&#8220;Es una obra compleja, aunque generar\u00e1 una mejora trascendental para toda la zona del ramal, y sobre todo para mayor seguridad para la vida de las personas que la transitan\u201d, concluy\u00f3.<\/p>\n","protected":false},"excerpt":{"rendered":"<p>Tras las gestiones del gobernador Morales, se avanzar\u00e1 en las obras en la ruta 34 que se hab\u00edan iniciado hace m\u00e1s de un a\u00f1o. El gobernador de Jujuy, Gerardo Morales, llev\u00f3 a cabo gestiones ante Naci\u00f3n para acelerar las obras en RN 34 lograron la reciente firma del contrato para el tramo Cuarteadero-San Pedro. El [&hellip;]<\/p>\n","protected":false},"author":3,"featured_media":1590,"comment_status":"open","ping_status":"open","sticky":false,"template":"","format":"standard","meta":{"footnotes":""},"categories":[25],"tags":[5,8],"class_list":{"0":"post-1589","1":"post","2":"type-post","3":"status-publish","4":"format-standard","5":"has-post-thumbnail","7":"category-sociedad","8":"tag-gerardo-morales","9":"tag-jujuy"},"yoast_head":"<!-- This site is optimized with the Yoast SEO plugin v27.5 - https:\/\/yoast.com\/product\/yoast-seo-wordpress\/ -->\n<title>Se retoman las obras en ruta 34 en el tramo Cuarteadero-San Pedro - Muy Jujuy<\/title>\n<meta name=\"description\" content=\"Tras las gestiones del gobernador Morales, se avanzar\u00e1 en las obras en la ruta 34 que se hab\u00edan iniciado hace m\u00e1s de un a\u00f1o\" \/>\n<meta name=\"robots\" content=\"index, follow, max-snippet:-1, max-image-preview:large, max-video-preview:-1\" \/>\n<link rel=\"canonical\" href=\"https:\/\/www.muyjujuy.com\/index.php\/2022\/09\/26\/se-retoman-las-obras-en-ruta-34-en-el-tramo-cuarteadero-san-pedro\/\" \/>\n<meta property=\"og:locale\" content=\"es_ES\" \/>\n<meta property=\"og:type\" content=\"article\" \/>\n<meta property=\"og:title\" content=\"Se retoman las obras en ruta 34 en el tramo Cuarteadero-San Pedro - Muy Jujuy\" \/>\n<meta property=\"og:description\" content=\"Tras las gestiones del gobernador Morales, se avanzar\u00e1 en las obras en la ruta 34 que se hab\u00edan iniciado hace m\u00e1s de un a\u00f1o\" \/>\n<meta property=\"og:url\" content=\"https:\/\/www.muyjujuy.com\/index.php\/2022\/09\/26\/se-retoman-las-obras-en-ruta-34-en-el-tramo-cuarteadero-san-pedro\/\" \/>\n<meta property=\"og:site_name\" content=\"Muy Jujuy\" \/>\n<meta property=\"article:publisher\" content=\"https:\/\/www.facebook.com\/muyjujuycom\" \/>\n<meta property=\"article:published_time\" content=\"2022-09-26T15:02:04+00:00\" \/>\n<meta property=\"article:modified_time\" content=\"2022-09-26T15:02:05+00:00\" \/>\n<meta property=\"og:image\" content=\"https:\/\/www.muyjujuy.com\/wp-content\/uploads\/2022\/09\/WhatsApp-Image-2022-09-26-at-11.57.03.jpeg\" \/>\n\t<meta property=\"og:image:width\" content=\"1200\" \/>\n\t<meta property=\"og:image:height\" content=\"760\" \/>\n\t<meta property=\"og:image:type\" content=\"image\/jpeg\" \/>\n<meta name=\"author\" content=\"Redacci\u00f3n Muy Jujuy\" \/>\n<meta name=\"twitter:card\" content=\"summary_large_image\" \/>\n<meta name=\"twitter:creator\" content=\"@muyjujuy\" \/>\n<meta name=\"twitter:site\" content=\"@muyjujuy\" \/>\n<meta name=\"twitter:label1\" content=\"Escrito por\" \/>\n\t<meta name=\"twitter:data1\" content=\"Redacci\u00f3n Muy Jujuy\" \/>\n\t<meta name=\"twitter:label2\" content=\"Tiempo de lectura\" \/>\n\t<meta name=\"twitter:data2\" content=\"2 minutos\" \/>\n<script type=\"application\/ld+json\" class=\"yoast-schema-graph\">{\"@context\":\"https:\\\/\\\/schema.org\",\"@graph\":[{\"@type\":\"Article\",\"@id\":\"https:\\\/\\\/www.muyjujuy.com\\\/index.php\\\/2022\\\/09\\\/26\\\/se-retoman-las-obras-en-ruta-34-en-el-tramo-cuarteadero-san-pedro\\\/#article\",\"isPartOf\":{\"@id\":\"https:\\\/\\\/www.muyjujuy.com\\\/index.php\\\/2022\\\/09\\\/26\\\/se-retoman-las-obras-en-ruta-34-en-el-tramo-cuarteadero-san-pedro\\\/\"},\"author\":{\"name\":\"Redacci\u00f3n Muy Jujuy\",\"@id\":\"https:\\\/\\\/www.muyjujuy.com\\\/#\\\/schema\\\/person\\\/1d0f6e223ccea9e3f9034c1a5b683bf2\"},\"headline\":\"Se retoman las obras en ruta 34 en el tramo Cuarteadero-San Pedro\",\"datePublished\":\"2022-09-26T15:02:04+00:00\",\"dateModified\":\"2022-09-26T15:02:05+00:00\",\"mainEntityOfPage\":{\"@id\":\"https:\\\/\\\/www.muyjujuy.com\\\/index.php\\\/2022\\\/09\\\/26\\\/se-retoman-las-obras-en-ruta-34-en-el-tramo-cuarteadero-san-pedro\\\/\"},\"wordCount\":423,\"commentCount\":0,\"publisher\":{\"@id\":\"https:\\\/\\\/www.muyjujuy.com\\\/#organization\"},\"image\":{\"@id\":\"https:\\\/\\\/www.muyjujuy.com\\\/index.php\\\/2022\\\/09\\\/26\\\/se-retoman-las-obras-en-ruta-34-en-el-tramo-cuarteadero-san-pedro\\\/#primaryimage\"},\"thumbnailUrl\":\"https:\\\/\\\/www.muyjujuy.com\\\/wp-content\\\/uploads\\\/2022\\\/09\\\/WhatsApp-Image-2022-09-26-at-11.57.03.jpeg\",\"keywords\":[\"Gerardo Morales\",\"Jujuy\"],\"articleSection\":[\"Sociedad\"],\"inLanguage\":\"es-AR\",\"potentialAction\":[{\"@type\":\"CommentAction\",\"name\":\"Comment\",\"target\":[\"https:\\\/\\\/www.muyjujuy.com\\\/index.php\\\/2022\\\/09\\\/26\\\/se-retoman-las-obras-en-ruta-34-en-el-tramo-cuarteadero-san-pedro\\\/#respond\"]}]},{\"@type\":\"WebPage\",\"@id\":\"https:\\\/\\\/www.muyjujuy.com\\\/index.php\\\/2022\\\/09\\\/26\\\/se-retoman-las-obras-en-ruta-34-en-el-tramo-cuarteadero-san-pedro\\\/\",\"url\":\"https:\\\/\\\/www.muyjujuy.com\\\/index.php\\\/2022\\\/09\\\/26\\\/se-retoman-las-obras-en-ruta-34-en-el-tramo-cuarteadero-san-pedro\\\/\",\"name\":\"Se retoman las obras en ruta 34 en el tramo Cuarteadero-San Pedro - Muy Jujuy\",\"isPartOf\":{\"@id\":\"https:\\\/\\\/www.muyjujuy.com\\\/#website\"},\"primaryImageOfPage\":{\"@id\":\"https:\\\/\\\/www.muyjujuy.com\\\/index.php\\\/2022\\\/09\\\/26\\\/se-retoman-las-obras-en-ruta-34-en-el-tramo-cuarteadero-san-pedro\\\/#primaryimage\"},\"image\":{\"@id\":\"https:\\\/\\\/www.muyjujuy.com\\\/index.php\\\/2022\\\/09\\\/26\\\/se-retoman-las-obras-en-ruta-34-en-el-tramo-cuarteadero-san-pedro\\\/#primaryimage\"},\"thumbnailUrl\":\"https:\\\/\\\/www.muyjujuy.com\\\/wp-content\\\/uploads\\\/2022\\\/09\\\/WhatsApp-Image-2022-09-26-at-11.57.03.jpeg\",\"datePublished\":\"2022-09-26T15:02:04+00:00\",\"dateModified\":\"2022-09-26T15:02:05+00:00\",\"description\":\"Tras las gestiones del gobernador Morales, se avanzar\u00e1 en las obras en la ruta 34 que se hab\u00edan iniciado hace m\u00e1s de un a\u00f1o\",\"breadcrumb\":{\"@id\":\"https:\\\/\\\/www.muyjujuy.com\\\/index.php\\\/2022\\\/09\\\/26\\\/se-retoman-las-obras-en-ruta-34-en-el-tramo-cuarteadero-san-pedro\\\/#breadcrumb\"},\"inLanguage\":\"es-AR\",\"potentialAction\":[{\"@type\":\"ReadAction\",\"target\":[\"https:\\\/\\\/www.muyjujuy.com\\\/index.php\\\/2022\\\/09\\\/26\\\/se-retoman-las-obras-en-ruta-34-en-el-tramo-cuarteadero-san-pedro\\\/\"]}]},{\"@type\":\"ImageObject\",\"inLanguage\":\"es-AR\",\"@id\":\"https:\\\/\\\/www.muyjujuy.com\\\/index.php\\\/2022\\\/09\\\/26\\\/se-retoman-las-obras-en-ruta-34-en-el-tramo-cuarteadero-san-pedro\\\/#primaryimage\",\"url\":\"https:\\\/\\\/www.muyjujuy.com\\\/wp-content\\\/uploads\\\/2022\\\/09\\\/WhatsApp-Image-2022-09-26-at-11.57.03.jpeg\",\"contentUrl\":\"https:\\\/\\\/www.muyjujuy.com\\\/wp-content\\\/uploads\\\/2022\\\/09\\\/WhatsApp-Image-2022-09-26-at-11.57.03.jpeg\",\"width\":1200,\"height\":760},{\"@type\":\"BreadcrumbList\",\"@id\":\"https:\\\/\\\/www.muyjujuy.com\\\/index.php\\\/2022\\\/09\\\/26\\\/se-retoman-las-obras-en-ruta-34-en-el-tramo-cuarteadero-san-pedro\\\/#breadcrumb\",\"itemListElement\":[{\"@type\":\"ListItem\",\"position\":1,\"name\":\"Inicio\",\"item\":\"https:\\\/\\\/www.muyjujuy.com\\\/\"},{\"@type\":\"ListItem\",\"position\":2,\"name\":\"Se retoman las obras en ruta 34 en el tramo Cuarteadero-San Pedro\"}]},{\"@type\":\"WebSite\",\"@id\":\"https:\\\/\\\/www.muyjujuy.com\\\/#website\",\"url\":\"https:\\\/\\\/www.muyjujuy.com\\\/\",\"name\":\"Muy Jujuy\",\"description\":\"\",\"publisher\":{\"@id\":\"https:\\\/\\\/www.muyjujuy.com\\\/#organization\"},\"potentialAction\":[{\"@type\":\"SearchAction\",\"target\":{\"@type\":\"EntryPoint\",\"urlTemplate\":\"https:\\\/\\\/www.muyjujuy.com\\\/?s={search_term_string}\"},\"query-input\":{\"@type\":\"PropertyValueSpecification\",\"valueRequired\":true,\"valueName\":\"search_term_string\"}}],\"inLanguage\":\"es-AR\"},{\"@type\":\"Organization\",\"@id\":\"https:\\\/\\\/www.muyjujuy.com\\\/#organization\",\"name\":\"Muy Jujuy\",\"url\":\"https:\\\/\\\/www.muyjujuy.com\\\/\",\"logo\":{\"@type\":\"ImageObject\",\"inLanguage\":\"es-AR\",\"@id\":\"https:\\\/\\\/www.muyjujuy.com\\\/#\\\/schema\\\/logo\\\/image\\\/\",\"url\":\"http:\\\/\\\/www.muyjujuy.com\\\/wp-content\\\/uploads\\\/2022\\\/05\\\/logo-mobil-jujuy.png\",\"contentUrl\":\"http:\\\/\\\/www.muyjujuy.com\\\/wp-content\\\/uploads\\\/2022\\\/05\\\/logo-mobil-jujuy.png\",\"width\":174,\"height\":81,\"caption\":\"Muy Jujuy\"},\"image\":{\"@id\":\"https:\\\/\\\/www.muyjujuy.com\\\/#\\\/schema\\\/logo\\\/image\\\/\"},\"sameAs\":[\"https:\\\/\\\/www.facebook.com\\\/muyjujuycom\",\"https:\\\/\\\/x.com\\\/muyjujuy\",\"https:\\\/\\\/www.instagram.com\\\/muyjujuycom\"]},{\"@type\":\"Person\",\"@id\":\"https:\\\/\\\/www.muyjujuy.com\\\/#\\\/schema\\\/person\\\/1d0f6e223ccea9e3f9034c1a5b683bf2\",\"name\":\"Redacci\u00f3n Muy Jujuy\",\"image\":{\"@type\":\"ImageObject\",\"inLanguage\":\"es-AR\",\"@id\":\"https:\\\/\\\/secure.gravatar.com\\\/avatar\\\/fec5f6f1893d741ed5eecccff109ce43e67a855411202a3212a058cb8e5c27d4?s=96&d=mm&r=g\",\"url\":\"https:\\\/\\\/secure.gravatar.com\\\/avatar\\\/fec5f6f1893d741ed5eecccff109ce43e67a855411202a3212a058cb8e5c27d4?s=96&d=mm&r=g\",\"contentUrl\":\"https:\\\/\\\/secure.gravatar.com\\\/avatar\\\/fec5f6f1893d741ed5eecccff109ce43e67a855411202a3212a058cb8e5c27d4?s=96&d=mm&r=g\",\"caption\":\"Redacci\u00f3n Muy Jujuy\"},\"url\":\"https:\\\/\\\/www.muyjujuy.com\\\/index.php\\\/author\\\/editor\\\/\"}]}<\/script>\n<!-- \/ Yoast SEO plugin. -->","yoast_head_json":{"title":"Se retoman las obras en ruta 34 en el tramo Cuarteadero-San Pedro - Muy Jujuy","description":"Tras las gestiones del gobernador Morales, se avanzar\u00e1 en las obras en la ruta 34 que se hab\u00edan iniciado hace m\u00e1s de un a\u00f1o","robots":{"index":"index","follow":"follow","max-snippet":"max-snippet:-1","max-image-preview":"max-image-preview:large","max-video-preview":"max-video-preview:-1"},"canonical":"https:\/\/www.muyjujuy.com\/index.php\/2022\/09\/26\/se-retoman-las-obras-en-ruta-34-en-el-tramo-cuarteadero-san-pedro\/","og_locale":"es_ES","og_type":"article","og_title":"Se retoman las obras en ruta 34 en el tramo Cuarteadero-San Pedro - Muy Jujuy","og_description":"Tras las gestiones del gobernador Morales, se avanzar\u00e1 en las obras en la ruta 34 que se hab\u00edan iniciado hace m\u00e1s de un a\u00f1o","og_url":"https:\/\/www.muyjujuy.com\/index.php\/2022\/09\/26\/se-retoman-las-obras-en-ruta-34-en-el-tramo-cuarteadero-san-pedro\/","og_site_name":"Muy Jujuy","article_publisher":"https:\/\/www.facebook.com\/muyjujuycom","article_published_time":"2022-09-26T15:02:04+00:00","article_modified_time":"2022-09-26T15:02:05+00:00","og_image":[{"width":1200,"height":760,"url":"https:\/\/www.muyjujuy.com\/wp-content\/uploads\/2022\/09\/WhatsApp-Image-2022-09-26-at-11.57.03.jpeg","type":"image\/jpeg"}],"author":"Redacci\u00f3n Muy Jujuy","twitter_card":"summary_large_image","twitter_creator":"@muyjujuy","twitter_site":"@muyjujuy","twitter_misc":{"Escrito por":"Redacci\u00f3n Muy Jujuy","Tiempo de lectura":"2 minutos"},"schema":{"@context":"https:\/\/schema.org","@graph":[{"@type":"Article","@id":"https:\/\/www.muyjujuy.com\/index.php\/2022\/09\/26\/se-retoman-las-obras-en-ruta-34-en-el-tramo-cuarteadero-san-pedro\/#article","isPartOf":{"@id":"https:\/\/www.muyjujuy.com\/index.php\/2022\/09\/26\/se-retoman-las-obras-en-ruta-34-en-el-tramo-cuarteadero-san-pedro\/"},"author":{"name":"Redacci\u00f3n Muy Jujuy","@id":"https:\/\/www.muyjujuy.com\/#\/schema\/person\/1d0f6e223ccea9e3f9034c1a5b683bf2"},"headline":"Se retoman las obras en ruta 34 en el tramo Cuarteadero-San Pedro","datePublished":"2022-09-26T15:02:04+00:00","dateModified":"2022-09-26T15:02:05+00:00","mainEntityOfPage":{"@id":"https:\/\/www.muyjujuy.com\/index.php\/2022\/09\/26\/se-retoman-las-obras-en-ruta-34-en-el-tramo-cuarteadero-san-pedro\/"},"wordCount":423,"commentCount":0,"publisher":{"@id":"https:\/\/www.muyjujuy.com\/#organization"},"image":{"@id":"https:\/\/www.muyjujuy.com\/index.php\/2022\/09\/26\/se-retoman-las-obras-en-ruta-34-en-el-tramo-cuarteadero-san-pedro\/#primaryimage"},"thumbnailUrl":"https:\/\/www.muyjujuy.com\/wp-content\/uploads\/2022\/09\/WhatsApp-Image-2022-09-26-at-11.57.03.jpeg","keywords":["Gerardo Morales","Jujuy"],"articleSection":["Sociedad"],"inLanguage":"es-AR","potentialAction":[{"@type":"CommentAction","name":"Comment","target":["https:\/\/www.muyjujuy.com\/index.php\/2022\/09\/26\/se-retoman-las-obras-en-ruta-34-en-el-tramo-cuarteadero-san-pedro\/#respond"]}]},{"@type":"WebPage","@id":"https:\/\/www.muyjujuy.com\/index.php\/2022\/09\/26\/se-retoman-las-obras-en-ruta-34-en-el-tramo-cuarteadero-san-pedro\/","url":"https:\/\/www.muyjujuy.com\/index.php\/2022\/09\/26\/se-retoman-las-obras-en-ruta-34-en-el-tramo-cuarteadero-san-pedro\/","name":"Se retoman las obras en ruta 34 en el tramo Cuarteadero-San Pedro - Muy Jujuy","isPartOf":{"@id":"https:\/\/www.muyjujuy.com\/#website"},"primaryImageOfPage":{"@id":"https:\/\/www.muyjujuy.com\/index.php\/2022\/09\/26\/se-retoman-las-obras-en-ruta-34-en-el-tramo-cuarteadero-san-pedro\/#primaryimage"},"image":{"@id":"https:\/\/www.muyjujuy.com\/index.php\/2022\/09\/26\/se-retoman-las-obras-en-ruta-34-en-el-tramo-cuarteadero-san-pedro\/#primaryimage"},"thumbnailUrl":"https:\/\/www.muyjujuy.com\/wp-content\/uploads\/2022\/09\/WhatsApp-Image-2022-09-26-at-11.57.03.jpeg","datePublished":"2022-09-26T15:02:04+00:00","dateModified":"2022-09-26T15:02:05+00:00","description":"Tras las gestiones del gobernador Morales, se avanzar\u00e1 en las obras en la ruta 34 que se hab\u00edan iniciado hace m\u00e1s de un a\u00f1o","breadcrumb":{"@id":"https:\/\/www.muyjujuy.com\/index.php\/2022\/09\/26\/se-retoman-las-obras-en-ruta-34-en-el-tramo-cuarteadero-san-pedro\/#breadcrumb"},"inLanguage":"es-AR","potentialAction":[{"@type":"ReadAction","target":["https:\/\/www.muyjujuy.com\/index.php\/2022\/09\/26\/se-retoman-las-obras-en-ruta-34-en-el-tramo-cuarteadero-san-pedro\/"]}]},{"@type":"ImageObject","inLanguage":"es-AR","@id":"https:\/\/www.muyjujuy.com\/index.php\/2022\/09\/26\/se-retoman-las-obras-en-ruta-34-en-el-tramo-cuarteadero-san-pedro\/#primaryimage","url":"https:\/\/www.muyjujuy.com\/wp-content\/uploads\/2022\/09\/WhatsApp-Image-2022-09-26-at-11.57.03.jpeg","contentUrl":"https:\/\/www.muyjujuy.com\/wp-content\/uploads\/2022\/09\/WhatsApp-Image-2022-09-26-at-11.57.03.jpeg","width":1200,"height":760},{"@type":"BreadcrumbList","@id":"https:\/\/www.muyjujuy.com\/index.php\/2022\/09\/26\/se-retoman-las-obras-en-ruta-34-en-el-tramo-cuarteadero-san-pedro\/#breadcrumb","itemListElement":[{"@type":"ListItem","position":1,"name":"Inicio","item":"https:\/\/www.muyjujuy.com\/"},{"@type":"ListItem","position":2,"name":"Se retoman las obras en ruta 34 en el tramo Cuarteadero-San Pedro"}]},{"@type":"WebSite","@id":"https:\/\/www.muyjujuy.com\/#website","url":"https:\/\/www.muyjujuy.com\/","name":"Muy Jujuy","description":"","publisher":{"@id":"https:\/\/www.muyjujuy.com\/#organization"},"potentialAction":[{"@type":"SearchAction","target":{"@type":"EntryPoint","urlTemplate":"https:\/\/www.muyjujuy.com\/?s={search_term_string}"},"query-input":{"@type":"PropertyValueSpecification","valueRequired":true,"valueName":"search_term_string"}}],"inLanguage":"es-AR"},{"@type":"Organization","@id":"https:\/\/www.muyjujuy.com\/#organization","name":"Muy Jujuy","url":"https:\/\/www.muyjujuy.com\/","logo":{"@type":"ImageObject","inLanguage":"es-AR","@id":"https:\/\/www.muyjujuy.com\/#\/schema\/logo\/image\/","url":"http:\/\/www.muyjujuy.com\/wp-content\/uploads\/2022\/05\/logo-mobil-jujuy.png","contentUrl":"http:\/\/www.muyjujuy.com\/wp-content\/uploads\/2022\/05\/logo-mobil-jujuy.png","width":174,"height":81,"caption":"Muy Jujuy"},"image":{"@id":"https:\/\/www.muyjujuy.com\/#\/schema\/logo\/image\/"},"sameAs":["https:\/\/www.facebook.com\/muyjujuycom","https:\/\/x.com\/muyjujuy","https:\/\/www.instagram.com\/muyjujuycom"]},{"@type":"Person","@id":"https:\/\/www.muyjujuy.com\/#\/schema\/person\/1d0f6e223ccea9e3f9034c1a5b683bf2","name":"Redacci\u00f3n Muy Jujuy","image":{"@type":"ImageObject","inLanguage":"es-AR","@id":"https:\/\/secure.gravatar.com\/avatar\/fec5f6f1893d741ed5eecccff109ce43e67a855411202a3212a058cb8e5c27d4?s=96&d=mm&r=g","url":"https:\/\/secure.gravatar.com\/avatar\/fec5f6f1893d741ed5eecccff109ce43e67a855411202a3212a058cb8e5c27d4?s=96&d=mm&r=g","contentUrl":"https:\/\/secure.gravatar.com\/avatar\/fec5f6f1893d741ed5eecccff109ce43e67a855411202a3212a058cb8e5c27d4?s=96&d=mm&r=g","caption":"Redacci\u00f3n Muy Jujuy"},"url":"https:\/\/www.muyjujuy.com\/index.php\/author\/editor\/"}]}},"_links":{"self":[{"href":"https:\/\/www.muyjujuy.com\/index.php\/wp-json\/wp\/v2\/posts\/1589","targetHints":{"allow":["GET"]}}],"collection":[{"href":"https:\/\/www.muyjujuy.com\/index.php\/wp-json\/wp\/v2\/posts"}],"about":[{"href":"https:\/\/www.muyjujuy.com\/index.php\/wp-json\/wp\/v2\/types\/post"}],"author":[{"embeddable":true,"href":"https:\/\/www.muyjujuy.com\/index.php\/wp-json\/wp\/v2\/users\/3"}],"replies":[{"embeddable":true,"href":"https:\/\/www.muyjujuy.com\/index.php\/wp-json\/wp\/v2\/comments?post=1589"}],"version-history":[{"count":1,"href":"https:\/\/www.muyjujuy.com\/index.php\/wp-json\/wp\/v2\/posts\/1589\/revisions"}],"predecessor-version":[{"id":1591,"href":"https:\/\/www.muyjujuy.com\/index.php\/wp-json\/wp\/v2\/posts\/1589\/revisions\/1591"}],"wp:featuredmedia":[{"embeddable":true,"href":"https:\/\/www.muyjujuy.com\/index.php\/wp-json\/wp\/v2\/media\/1590"}],"wp:attachment":[{"href":"https:\/\/www.muyjujuy.com\/index.php\/wp-json\/wp\/v2\/media?parent=1589"}],"wp:term":[{"taxonomy":"category","embeddable":true,"href":"https:\/\/www.muyjujuy.com\/index.php\/wp-json\/wp\/v2\/categories?post=1589"},{"taxonomy":"post_tag","embeddable":true,"href":"https:\/\/www.muyjujuy.com\/index.php\/wp-json\/wp\/v2\/tags?post=1589"}],"curies":[{"name":"wp","href":"https:\/\/api.w.org\/{rel}","templated":true}]}}