{"id":1592,"date":"2022-09-26T17:13:11","date_gmt":"2022-09-26T20:13:11","guid":{"rendered":"https:\/\/www.muyjujuy.com\/?p=1592"},"modified":"2022-09-26T17:13:12","modified_gmt":"2022-09-26T20:13:12","slug":"la-legislatura-de-jujuy-tratara-la-ley-de-necesidad-de-la-reforma-de-la-constitucion","status":"publish","type":"post","link":"https:\/\/www.muyjujuy.com\/index.php\/2022\/09\/26\/la-legislatura-de-jujuy-tratara-la-ley-de-necesidad-de-la-reforma-de-la-constitucion\/","title":{"rendered":"La Legislatura de Jujuy tratar\u00e1 la ley de necesidad de la Reforma de la Constituci\u00f3n"},"content":{"rendered":"\n<p><em>La Legislatura llevar\u00e1  acabo una sesi\u00f3n especial este martes 27 de septiembre en el edificio de calle Can\u00f3nigo Gorriti en la capital juje\u00f1a.<\/em><\/p>\n\n\n\n<p>La Legislatura de Jujuy llevar\u00e1 a cabo una nueva sesi\u00f3n este martes para tratar <strong>la ley de declaraci\u00f3n de necesidad de la Reforma Parcial de la Constituci\u00f3n<\/strong>. El encuentro se realizar\u00e1 a las 9 de la ma\u00f1ana en el edificio de calle Can\u00f3nigo Gorriti en la capital juje\u00f1a.<\/p>\n\n\n\n<p>El proyecto de Reforma Parcial de la Constituci\u00f3n Provincial fue enviado por el Ejecutivo provincial y fue anunciado por el gobernador Gerardo Morales el 12 de septiembre. <strong>El proyecto fue enviado a la Comisi\u00f3n de Asuntos Institucionales, donde se desarrollaron intensas jornadas de consultas con distintos sectores de la comunidad juje\u00f1a.<\/strong><\/p>\n\n\n\n<p>Ahora la Comisi\u00f3n de Asuntos Constitucionales acord\u00f3 que la declaraci\u00f3n de necesidad de la Reforma Parcial de la Constituci\u00f3n se trate este martes.<\/p>\n\n\n\n<p><strong>&#8220;La Legislatura lo que hace es sancionar una ley que establezca la necesidad de la Reforma Parcial de la Constituci\u00f3n. <\/strong>Una vez sancionado esto, el Ejecutivo lo tiene que promulgar. Luego de la promulgaci\u00f3n se tiene que hacer la convocatoria a la elecci\u00f3n para votar a los futuros convencionales constituyentes&#8221;, indic\u00f3 la diputada provincial de la UCR Gabriela Burgos. <\/p>\n\n\n\n<p>&#8220;Despu\u00e9s se establece el tiempo que tienen los convencionales constituyentes para trabajar en los art\u00edculos de la reforma parcial. <strong>Esos plazos los tiene que establecer el Ejecutivo provincial&#8221;<\/strong>, concluy\u00f3.<\/p>\n\n\n\n<p>Por otro lado, Burgos indic\u00f3 que para que la necesidad de la Reforma Parcial de la Constituci\u00f3n sea aprobada en la jornada del martes se necesita la mayor\u00eda agravada, es decir las dos terceras partes de la Legislatura.<\/p>\n","protected":false},"excerpt":{"rendered":"<p>La Legislatura llevar\u00e1 acabo una sesi\u00f3n especial este martes 27 de septiembre en el edificio de calle Can\u00f3nigo Gorriti en la capital juje\u00f1a. La Legislatura de Jujuy llevar\u00e1 a cabo una nueva sesi\u00f3n este martes para tratar la ley de declaraci\u00f3n de necesidad de la Reforma Parcial de la Constituci\u00f3n. El encuentro se realizar\u00e1 a [&hellip;]<\/p>\n","protected":false},"author":3,"featured_media":1593,"comment_status":"open","ping_status":"open","sticky":false,"template":"","format":"standard","meta":{"footnotes":""},"categories":[24],"tags":[5,8],"class_list":{"0":"post-1592","1":"post","2":"type-post","3":"status-publish","4":"format-standard","5":"has-post-thumbnail","7":"category-politica","8":"tag-gerardo-morales","9":"tag-jujuy"},"yoast_head":"<!-- This site is optimized with the Yoast SEO plugin v27.5 - https:\/\/yoast.com\/product\/yoast-seo-wordpress\/ -->\n<title>La Legislatura de Jujuy tratar\u00e1 la ley de necesidad de la Reforma de la Constituci\u00f3n - Muy Jujuy<\/title>\n<meta name=\"description\" content=\"La Legislatura llevar\u00e1 acabo una sesi\u00f3n especial este martes 27 de septiembre en el edificio de calle Can\u00f3nigo Gorriti en la capital juje\u00f1a.\" \/>\n<meta name=\"robots\" content=\"index, follow, max-snippet:-1, max-image-preview:large, max-video-preview:-1\" \/>\n<link rel=\"canonical\" href=\"https:\/\/www.muyjujuy.com\/index.php\/2022\/09\/26\/la-legislatura-de-jujuy-tratara-la-ley-de-necesidad-de-la-reforma-de-la-constitucion\/\" \/>\n<meta property=\"og:locale\" content=\"es_ES\" \/>\n<meta property=\"og:type\" content=\"article\" \/>\n<meta property=\"og:title\" content=\"La Legislatura de Jujuy tratar\u00e1 la ley de necesidad de la Reforma de la Constituci\u00f3n - Muy Jujuy\" \/>\n<meta property=\"og:description\" content=\"La Legislatura llevar\u00e1 acabo una sesi\u00f3n especial este martes 27 de septiembre en el edificio de calle Can\u00f3nigo Gorriti en la capital juje\u00f1a.\" \/>\n<meta property=\"og:url\" content=\"https:\/\/www.muyjujuy.com\/index.php\/2022\/09\/26\/la-legislatura-de-jujuy-tratara-la-ley-de-necesidad-de-la-reforma-de-la-constitucion\/\" \/>\n<meta property=\"og:site_name\" content=\"Muy Jujuy\" \/>\n<meta property=\"article:publisher\" content=\"https:\/\/www.facebook.com\/muyjujuycom\" \/>\n<meta property=\"article:published_time\" content=\"2022-09-26T20:13:11+00:00\" \/>\n<meta property=\"article:modified_time\" content=\"2022-09-26T20:13:12+00:00\" \/>\n<meta property=\"og:image\" content=\"https:\/\/www.muyjujuy.com\/wp-content\/uploads\/2022\/09\/WhatsApp-Image-2022-09-26-at-17.12.30.jpeg\" \/>\n\t<meta property=\"og:image:width\" content=\"1280\" \/>\n\t<meta property=\"og:image:height\" content=\"719\" \/>\n\t<meta property=\"og:image:type\" content=\"image\/jpeg\" \/>\n<meta name=\"author\" content=\"Redacci\u00f3n Muy Jujuy\" \/>\n<meta name=\"twitter:card\" content=\"summary_large_image\" \/>\n<meta name=\"twitter:creator\" content=\"@muyjujuy\" \/>\n<meta name=\"twitter:site\" content=\"@muyjujuy\" \/>\n<meta name=\"twitter:label1\" content=\"Escrito por\" \/>\n\t<meta name=\"twitter:data1\" content=\"Redacci\u00f3n Muy Jujuy\" \/>\n\t<meta name=\"twitter:label2\" content=\"Tiempo de lectura\" \/>\n\t<meta name=\"twitter:data2\" content=\"2 minutos\" \/>\n<script type=\"application\/ld+json\" class=\"yoast-schema-graph\">{\"@context\":\"https:\\\/\\\/schema.org\",\"@graph\":[{\"@type\":\"Article\",\"@id\":\"https:\\\/\\\/www.muyjujuy.com\\\/index.php\\\/2022\\\/09\\\/26\\\/la-legislatura-de-jujuy-tratara-la-ley-de-necesidad-de-la-reforma-de-la-constitucion\\\/#article\",\"isPartOf\":{\"@id\":\"https:\\\/\\\/www.muyjujuy.com\\\/index.php\\\/2022\\\/09\\\/26\\\/la-legislatura-de-jujuy-tratara-la-ley-de-necesidad-de-la-reforma-de-la-constitucion\\\/\"},\"author\":{\"name\":\"Redacci\u00f3n Muy Jujuy\",\"@id\":\"https:\\\/\\\/www.muyjujuy.com\\\/#\\\/schema\\\/person\\\/1d0f6e223ccea9e3f9034c1a5b683bf2\"},\"headline\":\"La Legislatura de Jujuy tratar\u00e1 la ley de necesidad de la Reforma de la Constituci\u00f3n\",\"datePublished\":\"2022-09-26T20:13:11+00:00\",\"dateModified\":\"2022-09-26T20:13:12+00:00\",\"mainEntityOfPage\":{\"@id\":\"https:\\\/\\\/www.muyjujuy.com\\\/index.php\\\/2022\\\/09\\\/26\\\/la-legislatura-de-jujuy-tratara-la-ley-de-necesidad-de-la-reforma-de-la-constitucion\\\/\"},\"wordCount\":306,\"commentCount\":0,\"publisher\":{\"@id\":\"https:\\\/\\\/www.muyjujuy.com\\\/#organization\"},\"image\":{\"@id\":\"https:\\\/\\\/www.muyjujuy.com\\\/index.php\\\/2022\\\/09\\\/26\\\/la-legislatura-de-jujuy-tratara-la-ley-de-necesidad-de-la-reforma-de-la-constitucion\\\/#primaryimage\"},\"thumbnailUrl\":\"https:\\\/\\\/www.muyjujuy.com\\\/wp-content\\\/uploads\\\/2022\\\/09\\\/WhatsApp-Image-2022-09-26-at-17.12.30.jpeg\",\"keywords\":[\"Gerardo Morales\",\"Jujuy\"],\"articleSection\":[\"Pol\u00edtica\"],\"inLanguage\":\"es-AR\",\"potentialAction\":[{\"@type\":\"CommentAction\",\"name\":\"Comment\",\"target\":[\"https:\\\/\\\/www.muyjujuy.com\\\/index.php\\\/2022\\\/09\\\/26\\\/la-legislatura-de-jujuy-tratara-la-ley-de-necesidad-de-la-reforma-de-la-constitucion\\\/#respond\"]}]},{\"@type\":\"WebPage\",\"@id\":\"https:\\\/\\\/www.muyjujuy.com\\\/index.php\\\/2022\\\/09\\\/26\\\/la-legislatura-de-jujuy-tratara-la-ley-de-necesidad-de-la-reforma-de-la-constitucion\\\/\",\"url\":\"https:\\\/\\\/www.muyjujuy.com\\\/index.php\\\/2022\\\/09\\\/26\\\/la-legislatura-de-jujuy-tratara-la-ley-de-necesidad-de-la-reforma-de-la-constitucion\\\/\",\"name\":\"La Legislatura de Jujuy tratar\u00e1 la ley de necesidad de la Reforma de la Constituci\u00f3n - Muy Jujuy\",\"isPartOf\":{\"@id\":\"https:\\\/\\\/www.muyjujuy.com\\\/#website\"},\"primaryImageOfPage\":{\"@id\":\"https:\\\/\\\/www.muyjujuy.com\\\/index.php\\\/2022\\\/09\\\/26\\\/la-legislatura-de-jujuy-tratara-la-ley-de-necesidad-de-la-reforma-de-la-constitucion\\\/#primaryimage\"},\"image\":{\"@id\":\"https:\\\/\\\/www.muyjujuy.com\\\/index.php\\\/2022\\\/09\\\/26\\\/la-legislatura-de-jujuy-tratara-la-ley-de-necesidad-de-la-reforma-de-la-constitucion\\\/#primaryimage\"},\"thumbnailUrl\":\"https:\\\/\\\/www.muyjujuy.com\\\/wp-content\\\/uploads\\\/2022\\\/09\\\/WhatsApp-Image-2022-09-26-at-17.12.30.jpeg\",\"datePublished\":\"2022-09-26T20:13:11+00:00\",\"dateModified\":\"2022-09-26T20:13:12+00:00\",\"description\":\"La Legislatura llevar\u00e1 acabo una sesi\u00f3n especial este martes 27 de septiembre en el edificio de calle Can\u00f3nigo Gorriti en la capital juje\u00f1a.\",\"breadcrumb\":{\"@id\":\"https:\\\/\\\/www.muyjujuy.com\\\/index.php\\\/2022\\\/09\\\/26\\\/la-legislatura-de-jujuy-tratara-la-ley-de-necesidad-de-la-reforma-de-la-constitucion\\\/#breadcrumb\"},\"inLanguage\":\"es-AR\",\"potentialAction\":[{\"@type\":\"ReadAction\",\"target\":[\"https:\\\/\\\/www.muyjujuy.com\\\/index.php\\\/2022\\\/09\\\/26\\\/la-legislatura-de-jujuy-tratara-la-ley-de-necesidad-de-la-reforma-de-la-constitucion\\\/\"]}]},{\"@type\":\"ImageObject\",\"inLanguage\":\"es-AR\",\"@id\":\"https:\\\/\\\/www.muyjujuy.com\\\/index.php\\\/2022\\\/09\\\/26\\\/la-legislatura-de-jujuy-tratara-la-ley-de-necesidad-de-la-reforma-de-la-constitucion\\\/#primaryimage\",\"url\":\"https:\\\/\\\/www.muyjujuy.com\\\/wp-content\\\/uploads\\\/2022\\\/09\\\/WhatsApp-Image-2022-09-26-at-17.12.30.jpeg\",\"contentUrl\":\"https:\\\/\\\/www.muyjujuy.com\\\/wp-content\\\/uploads\\\/2022\\\/09\\\/WhatsApp-Image-2022-09-26-at-17.12.30.jpeg\",\"width\":1280,\"height\":719},{\"@type\":\"BreadcrumbList\",\"@id\":\"https:\\\/\\\/www.muyjujuy.com\\\/index.php\\\/2022\\\/09\\\/26\\\/la-legislatura-de-jujuy-tratara-la-ley-de-necesidad-de-la-reforma-de-la-constitucion\\\/#breadcrumb\",\"itemListElement\":[{\"@type\":\"ListItem\",\"position\":1,\"name\":\"Inicio\",\"item\":\"https:\\\/\\\/www.muyjujuy.com\\\/\"},{\"@type\":\"ListItem\",\"position\":2,\"name\":\"La Legislatura de Jujuy tratar\u00e1 la ley de necesidad de la Reforma de la Constituci\u00f3n\"}]},{\"@type\":\"WebSite\",\"@id\":\"https:\\\/\\\/www.muyjujuy.com\\\/#website\",\"url\":\"https:\\\/\\\/www.muyjujuy.com\\\/\",\"name\":\"Muy Jujuy\",\"description\":\"\",\"publisher\":{\"@id\":\"https:\\\/\\\/www.muyjujuy.com\\\/#organization\"},\"potentialAction\":[{\"@type\":\"SearchAction\",\"target\":{\"@type\":\"EntryPoint\",\"urlTemplate\":\"https:\\\/\\\/www.muyjujuy.com\\\/?s={search_term_string}\"},\"query-input\":{\"@type\":\"PropertyValueSpecification\",\"valueRequired\":true,\"valueName\":\"search_term_string\"}}],\"inLanguage\":\"es-AR\"},{\"@type\":\"Organization\",\"@id\":\"https:\\\/\\\/www.muyjujuy.com\\\/#organization\",\"name\":\"Muy Jujuy\",\"url\":\"https:\\\/\\\/www.muyjujuy.com\\\/\",\"logo\":{\"@type\":\"ImageObject\",\"inLanguage\":\"es-AR\",\"@id\":\"https:\\\/\\\/www.muyjujuy.com\\\/#\\\/schema\\\/logo\\\/image\\\/\",\"url\":\"http:\\\/\\\/www.muyjujuy.com\\\/wp-content\\\/uploads\\\/2022\\\/05\\\/logo-mobil-jujuy.png\",\"contentUrl\":\"http:\\\/\\\/www.muyjujuy.com\\\/wp-content\\\/uploads\\\/2022\\\/05\\\/logo-mobil-jujuy.png\",\"width\":174,\"height\":81,\"caption\":\"Muy Jujuy\"},\"image\":{\"@id\":\"https:\\\/\\\/www.muyjujuy.com\\\/#\\\/schema\\\/logo\\\/image\\\/\"},\"sameAs\":[\"https:\\\/\\\/www.facebook.com\\\/muyjujuycom\",\"https:\\\/\\\/x.com\\\/muyjujuy\",\"https:\\\/\\\/www.instagram.com\\\/muyjujuycom\"]},{\"@type\":\"Person\",\"@id\":\"https:\\\/\\\/www.muyjujuy.com\\\/#\\\/schema\\\/person\\\/1d0f6e223ccea9e3f9034c1a5b683bf2\",\"name\":\"Redacci\u00f3n Muy Jujuy\",\"image\":{\"@type\":\"ImageObject\",\"inLanguage\":\"es-AR\",\"@id\":\"https:\\\/\\\/secure.gravatar.com\\\/avatar\\\/fec5f6f1893d741ed5eecccff109ce43e67a855411202a3212a058cb8e5c27d4?s=96&d=mm&r=g\",\"url\":\"https:\\\/\\\/secure.gravatar.com\\\/avatar\\\/fec5f6f1893d741ed5eecccff109ce43e67a855411202a3212a058cb8e5c27d4?s=96&d=mm&r=g\",\"contentUrl\":\"https:\\\/\\\/secure.gravatar.com\\\/avatar\\\/fec5f6f1893d741ed5eecccff109ce43e67a855411202a3212a058cb8e5c27d4?s=96&d=mm&r=g\",\"caption\":\"Redacci\u00f3n Muy Jujuy\"},\"url\":\"https:\\\/\\\/www.muyjujuy.com\\\/index.php\\\/author\\\/editor\\\/\"}]}<\/script>\n<!-- \/ Yoast SEO plugin. -->","yoast_head_json":{"title":"La Legislatura de Jujuy tratar\u00e1 la ley de necesidad de la Reforma de la Constituci\u00f3n - Muy Jujuy","description":"La Legislatura llevar\u00e1 acabo una sesi\u00f3n especial este martes 27 de septiembre en el edificio de calle Can\u00f3nigo Gorriti en la capital juje\u00f1a.","robots":{"index":"index","follow":"follow","max-snippet":"max-snippet:-1","max-image-preview":"max-image-preview:large","max-video-preview":"max-video-preview:-1"},"canonical":"https:\/\/www.muyjujuy.com\/index.php\/2022\/09\/26\/la-legislatura-de-jujuy-tratara-la-ley-de-necesidad-de-la-reforma-de-la-constitucion\/","og_locale":"es_ES","og_type":"article","og_title":"La Legislatura de Jujuy tratar\u00e1 la ley de necesidad de la Reforma de la Constituci\u00f3n - Muy Jujuy","og_description":"La Legislatura llevar\u00e1 acabo una sesi\u00f3n especial este martes 27 de septiembre en el edificio de calle Can\u00f3nigo Gorriti en la capital juje\u00f1a.","og_url":"https:\/\/www.muyjujuy.com\/index.php\/2022\/09\/26\/la-legislatura-de-jujuy-tratara-la-ley-de-necesidad-de-la-reforma-de-la-constitucion\/","og_site_name":"Muy Jujuy","article_publisher":"https:\/\/www.facebook.com\/muyjujuycom","article_published_time":"2022-09-26T20:13:11+00:00","article_modified_time":"2022-09-26T20:13:12+00:00","og_image":[{"width":1280,"height":719,"url":"https:\/\/www.muyjujuy.com\/wp-content\/uploads\/2022\/09\/WhatsApp-Image-2022-09-26-at-17.12.30.jpeg","type":"image\/jpeg"}],"author":"Redacci\u00f3n Muy Jujuy","twitter_card":"summary_large_image","twitter_creator":"@muyjujuy","twitter_site":"@muyjujuy","twitter_misc":{"Escrito por":"Redacci\u00f3n Muy Jujuy","Tiempo de lectura":"2 minutos"},"schema":{"@context":"https:\/\/schema.org","@graph":[{"@type":"Article","@id":"https:\/\/www.muyjujuy.com\/index.php\/2022\/09\/26\/la-legislatura-de-jujuy-tratara-la-ley-de-necesidad-de-la-reforma-de-la-constitucion\/#article","isPartOf":{"@id":"https:\/\/www.muyjujuy.com\/index.php\/2022\/09\/26\/la-legislatura-de-jujuy-tratara-la-ley-de-necesidad-de-la-reforma-de-la-constitucion\/"},"author":{"name":"Redacci\u00f3n Muy Jujuy","@id":"https:\/\/www.muyjujuy.com\/#\/schema\/person\/1d0f6e223ccea9e3f9034c1a5b683bf2"},"headline":"La Legislatura de Jujuy tratar\u00e1 la ley de necesidad de la Reforma de la Constituci\u00f3n","datePublished":"2022-09-26T20:13:11+00:00","dateModified":"2022-09-26T20:13:12+00:00","mainEntityOfPage":{"@id":"https:\/\/www.muyjujuy.com\/index.php\/2022\/09\/26\/la-legislatura-de-jujuy-tratara-la-ley-de-necesidad-de-la-reforma-de-la-constitucion\/"},"wordCount":306,"commentCount":0,"publisher":{"@id":"https:\/\/www.muyjujuy.com\/#organization"},"image":{"@id":"https:\/\/www.muyjujuy.com\/index.php\/2022\/09\/26\/la-legislatura-de-jujuy-tratara-la-ley-de-necesidad-de-la-reforma-de-la-constitucion\/#primaryimage"},"thumbnailUrl":"https:\/\/www.muyjujuy.com\/wp-content\/uploads\/2022\/09\/WhatsApp-Image-2022-09-26-at-17.12.30.jpeg","keywords":["Gerardo Morales","Jujuy"],"articleSection":["Pol\u00edtica"],"inLanguage":"es-AR","potentialAction":[{"@type":"CommentAction","name":"Comment","target":["https:\/\/www.muyjujuy.com\/index.php\/2022\/09\/26\/la-legislatura-de-jujuy-tratara-la-ley-de-necesidad-de-la-reforma-de-la-constitucion\/#respond"]}]},{"@type":"WebPage","@id":"https:\/\/www.muyjujuy.com\/index.php\/2022\/09\/26\/la-legislatura-de-jujuy-tratara-la-ley-de-necesidad-de-la-reforma-de-la-constitucion\/","url":"https:\/\/www.muyjujuy.com\/index.php\/2022\/09\/26\/la-legislatura-de-jujuy-tratara-la-ley-de-necesidad-de-la-reforma-de-la-constitucion\/","name":"La Legislatura de Jujuy tratar\u00e1 la ley de necesidad de la Reforma de la Constituci\u00f3n - Muy Jujuy","isPartOf":{"@id":"https:\/\/www.muyjujuy.com\/#website"},"primaryImageOfPage":{"@id":"https:\/\/www.muyjujuy.com\/index.php\/2022\/09\/26\/la-legislatura-de-jujuy-tratara-la-ley-de-necesidad-de-la-reforma-de-la-constitucion\/#primaryimage"},"image":{"@id":"https:\/\/www.muyjujuy.com\/index.php\/2022\/09\/26\/la-legislatura-de-jujuy-tratara-la-ley-de-necesidad-de-la-reforma-de-la-constitucion\/#primaryimage"},"thumbnailUrl":"https:\/\/www.muyjujuy.com\/wp-content\/uploads\/2022\/09\/WhatsApp-Image-2022-09-26-at-17.12.30.jpeg","datePublished":"2022-09-26T20:13:11+00:00","dateModified":"2022-09-26T20:13:12+00:00","description":"La Legislatura llevar\u00e1 acabo una sesi\u00f3n especial este martes 27 de septiembre en el edificio de calle Can\u00f3nigo Gorriti en la capital juje\u00f1a.","breadcrumb":{"@id":"https:\/\/www.muyjujuy.com\/index.php\/2022\/09\/26\/la-legislatura-de-jujuy-tratara-la-ley-de-necesidad-de-la-reforma-de-la-constitucion\/#breadcrumb"},"inLanguage":"es-AR","potentialAction":[{"@type":"ReadAction","target":["https:\/\/www.muyjujuy.com\/index.php\/2022\/09\/26\/la-legislatura-de-jujuy-tratara-la-ley-de-necesidad-de-la-reforma-de-la-constitucion\/"]}]},{"@type":"ImageObject","inLanguage":"es-AR","@id":"https:\/\/www.muyjujuy.com\/index.php\/2022\/09\/26\/la-legislatura-de-jujuy-tratara-la-ley-de-necesidad-de-la-reforma-de-la-constitucion\/#primaryimage","url":"https:\/\/www.muyjujuy.com\/wp-content\/uploads\/2022\/09\/WhatsApp-Image-2022-09-26-at-17.12.30.jpeg","contentUrl":"https:\/\/www.muyjujuy.com\/wp-content\/uploads\/2022\/09\/WhatsApp-Image-2022-09-26-at-17.12.30.jpeg","width":1280,"height":719},{"@type":"BreadcrumbList","@id":"https:\/\/www.muyjujuy.com\/index.php\/2022\/09\/26\/la-legislatura-de-jujuy-tratara-la-ley-de-necesidad-de-la-reforma-de-la-constitucion\/#breadcrumb","itemListElement":[{"@type":"ListItem","position":1,"name":"Inicio","item":"https:\/\/www.muyjujuy.com\/"},{"@type":"ListItem","position":2,"name":"La Legislatura de Jujuy tratar\u00e1 la ley de necesidad de la Reforma de la Constituci\u00f3n"}]},{"@type":"WebSite","@id":"https:\/\/www.muyjujuy.com\/#website","url":"https:\/\/www.muyjujuy.com\/","name":"Muy Jujuy","description":"","publisher":{"@id":"https:\/\/www.muyjujuy.com\/#organization"},"potentialAction":[{"@type":"SearchAction","target":{"@type":"EntryPoint","urlTemplate":"https:\/\/www.muyjujuy.com\/?s={search_term_string}"},"query-input":{"@type":"PropertyValueSpecification","valueRequired":true,"valueName":"search_term_string"}}],"inLanguage":"es-AR"},{"@type":"Organization","@id":"https:\/\/www.muyjujuy.com\/#organization","name":"Muy Jujuy","url":"https:\/\/www.muyjujuy.com\/","logo":{"@type":"ImageObject","inLanguage":"es-AR","@id":"https:\/\/www.muyjujuy.com\/#\/schema\/logo\/image\/","url":"http:\/\/www.muyjujuy.com\/wp-content\/uploads\/2022\/05\/logo-mobil-jujuy.png","contentUrl":"http:\/\/www.muyjujuy.com\/wp-content\/uploads\/2022\/05\/logo-mobil-jujuy.png","width":174,"height":81,"caption":"Muy Jujuy"},"image":{"@id":"https:\/\/www.muyjujuy.com\/#\/schema\/logo\/image\/"},"sameAs":["https:\/\/www.facebook.com\/muyjujuycom","https:\/\/x.com\/muyjujuy","https:\/\/www.instagram.com\/muyjujuycom"]},{"@type":"Person","@id":"https:\/\/www.muyjujuy.com\/#\/schema\/person\/1d0f6e223ccea9e3f9034c1a5b683bf2","name":"Redacci\u00f3n Muy Jujuy","image":{"@type":"ImageObject","inLanguage":"es-AR","@id":"https:\/\/secure.gravatar.com\/avatar\/fec5f6f1893d741ed5eecccff109ce43e67a855411202a3212a058cb8e5c27d4?s=96&d=mm&r=g","url":"https:\/\/secure.gravatar.com\/avatar\/fec5f6f1893d741ed5eecccff109ce43e67a855411202a3212a058cb8e5c27d4?s=96&d=mm&r=g","contentUrl":"https:\/\/secure.gravatar.com\/avatar\/fec5f6f1893d741ed5eecccff109ce43e67a855411202a3212a058cb8e5c27d4?s=96&d=mm&r=g","caption":"Redacci\u00f3n Muy Jujuy"},"url":"https:\/\/www.muyjujuy.com\/index.php\/author\/editor\/"}]}},"_links":{"self":[{"href":"https:\/\/www.muyjujuy.com\/index.php\/wp-json\/wp\/v2\/posts\/1592","targetHints":{"allow":["GET"]}}],"collection":[{"href":"https:\/\/www.muyjujuy.com\/index.php\/wp-json\/wp\/v2\/posts"}],"about":[{"href":"https:\/\/www.muyjujuy.com\/index.php\/wp-json\/wp\/v2\/types\/post"}],"author":[{"embeddable":true,"href":"https:\/\/www.muyjujuy.com\/index.php\/wp-json\/wp\/v2\/users\/3"}],"replies":[{"embeddable":true,"href":"https:\/\/www.muyjujuy.com\/index.php\/wp-json\/wp\/v2\/comments?post=1592"}],"version-history":[{"count":1,"href":"https:\/\/www.muyjujuy.com\/index.php\/wp-json\/wp\/v2\/posts\/1592\/revisions"}],"predecessor-version":[{"id":1594,"href":"https:\/\/www.muyjujuy.com\/index.php\/wp-json\/wp\/v2\/posts\/1592\/revisions\/1594"}],"wp:featuredmedia":[{"embeddable":true,"href":"https:\/\/www.muyjujuy.com\/index.php\/wp-json\/wp\/v2\/media\/1593"}],"wp:attachment":[{"href":"https:\/\/www.muyjujuy.com\/index.php\/wp-json\/wp\/v2\/media?parent=1592"}],"wp:term":[{"taxonomy":"category","embeddable":true,"href":"https:\/\/www.muyjujuy.com\/index.php\/wp-json\/wp\/v2\/categories?post=1592"},{"taxonomy":"post_tag","embeddable":true,"href":"https:\/\/www.muyjujuy.com\/index.php\/wp-json\/wp\/v2\/tags?post=1592"}],"curies":[{"name":"wp","href":"https:\/\/api.w.org\/{rel}","templated":true}]}}