{"id":1609,"date":"2022-09-28T13:53:08","date_gmt":"2022-09-28T16:53:08","guid":{"rendered":"https:\/\/www.muyjujuy.com\/?p=1609"},"modified":"2022-09-28T13:59:41","modified_gmt":"2022-09-28T16:59:41","slug":"morales-pidio-al-banco-mundial-prioridad-para-proyectos-del-norte-grande","status":"publish","type":"post","link":"https:\/\/www.muyjujuy.com\/index.php\/2022\/09\/28\/morales-pidio-al-banco-mundial-prioridad-para-proyectos-del-norte-grande\/","title":{"rendered":"Morales pidi\u00f3 al Banco Mundial prioridad para proyectos del Norte Grande"},"content":{"rendered":"\n<p><em>El gobernador juje\u00f1o junto a sus pares se reuni\u00f3 con autoridades del Bando Mundial en el marco de su gira por Estados Unidos.<\/em><\/p>\n\n\n\n<p>El gobernador de Jujuy, Gerardo Morales, y sus pares de la regi\u00f3n del <strong>Norte Grande <\/strong>se reunieron con principales autoridades del Banco Mundial y la Corporaci\u00f3n Financiera Internacional. Esto fue en el marco de la misi\u00f3n comercial e institucional emprendida en Estados Unidos con el objetivo de <strong>gestionar l\u00edneas de financiamiento, encaminar oportunidades de exportaci\u00f3n y sentar bases para inversiones<\/strong>.<\/p>\n\n\n\n<p><strong>Morales requiri\u00f3 que el 50% de los recursos que el Banco Mundial <\/strong>asigna a la Argentina sea destinado a obras de infraestructura productiva del Norte Grande. <\/p>\n\n\n\n<p>Tal planteo fue formulado durante el encuentro que los gobernadores de la regi\u00f3n mantuvieron en Washington con la Mesa directiva del Banco Mundial y de la Corporaci\u00f3n Financiera Internacional (IFC). <strong>Tambi\u00e9n se expuso el potencial productivo y las oportunidades de inversi\u00f3n que ofrece el conjunto de provincias que integran el norte argentino.<\/strong><\/p>\n\n\n\n<p>\u201cPido se priorice los proyectos de inversi\u00f3n productiva del Norte Grande. Desde ya este es un planteo que no solo debe valorar el Banco Mundial, sino que tambi\u00e9n debe ser una decisi\u00f3n que debemos adoptar como pa\u00eds\u201d, sostuvo.<\/p>\n\n\n\n<p>De esta manera, continu\u00f3 la misi\u00f3n comercial e institucional que de los mandatarios del Norte Grande en Estados Unidos.<\/p>\n\n\n\n<p>El gobernador juje\u00f1o puso en valor el master plan de inversiones en infraestructura productiva dise\u00f1ado por y para el Norte Grande, indicando que su presentaci\u00f3n es de suma importancia. Por cuanto \u201ces el primero en su tipo y fue trazado estrat\u00e9gica y articuladamente en acuerdo de todos los gobernadores\u201d. <\/p>\n\n\n\n<p>\u201cEl desaf\u00edo central de nuestro pa\u00eds y del Banco Mundial tiene que ser la resoluci\u00f3n de problemas estructurales, caso contrario el organismo siempre tendr\u00e1 que invertir en problemas de pobreza\u201d, argument\u00f3.&nbsp;<\/p>\n\n\n\n<p>Ampli\u00f3 sus conceptos, se\u00f1alando que <strong>\u201cel inmanejable movimiento migratorio que se dio desde el interior del pa\u00eds hacia el conurbano bonaerense, es cr\u00edtico y complejo desde el punto de vista social y de la pobreza\u201d<\/strong>.<\/p>\n\n\n\n<p>Apunt\u00f3 que \u201cresolver los problemas estructurales en t\u00e9rminos de un master plan de crecimiento econ\u00f3mico sustentable e inclusivo. <strong>Es la clave para revertir los indicadores de pobreza del norte argentino que siempre son los m\u00e1s altos\u201d.&nbsp;<\/strong><\/p>\n\n\n\n<p>Asimismo, consider\u00f3 que \u201cser\u00eda importante la consigna del Banco Mundial en t\u00e9rminos de inversi\u00f3n productiva, referenciando a las zonas m\u00e1s pobres\u201d. Adem\u00e1s, remarc\u00f3 que por este camino \u201cen cinco o diez a\u00f1os, tendremos que invertir menos en infraestructura social b\u00e1sica\u201d. \u201cAs\u00ed la situaci\u00f3n social y econ\u00f3mica se equilibrar\u00e1 en la Rep\u00fablica Argentina\u201d, indic\u00f3.&nbsp;<\/p>\n\n\n\n<p>Remarc\u00f3 que el master plan de inversiones en infraestructura se complementar\u00e1 con otro plan maestro de log\u00edstica, el cual en breve se completar\u00e1 en conjunto con el CFI. \u201cEstos planes nos alejar\u00e1n de la pobreza\u201d, defini\u00f3.&nbsp;<\/p>\n\n\n\n<p>Tambi\u00e9n estim\u00f3 oportuno requerir al Banco Mundial que \u201cno trate al Norte Grande como al \u00e1rea n\u00facleo\u201d, ya que \u201clas realidades no son las mismas\u201d, tras lo cual solicit\u00f3 tasas de financiamiento preferenciales para el norte.&nbsp;<\/p>\n","protected":false},"excerpt":{"rendered":"<p>El gobernador juje\u00f1o junto a sus pares se reuni\u00f3 con autoridades del Bando Mundial en el marco de su gira por Estados Unidos. El gobernador de Jujuy, Gerardo Morales, y sus pares de la regi\u00f3n del Norte Grande se reunieron con principales autoridades del Banco Mundial y la Corporaci\u00f3n Financiera Internacional. Esto fue en el [&hellip;]<\/p>\n","protected":false},"author":3,"featured_media":1611,"comment_status":"open","ping_status":"open","sticky":false,"template":"","format":"standard","meta":{"footnotes":""},"categories":[24],"tags":[],"class_list":{"0":"post-1609","1":"post","2":"type-post","3":"status-publish","4":"format-standard","5":"has-post-thumbnail","7":"category-politica"},"yoast_head":"<!-- This site is optimized with the Yoast SEO plugin v27.5 - https:\/\/yoast.com\/product\/yoast-seo-wordpress\/ -->\n<title>Morales pidi\u00f3 al Banco Mundial prioridad para proyectos del Norte Grande - Muy Jujuy<\/title>\n<meta name=\"robots\" content=\"index, follow, max-snippet:-1, max-image-preview:large, max-video-preview:-1\" \/>\n<link rel=\"canonical\" href=\"https:\/\/www.muyjujuy.com\/index.php\/2022\/09\/28\/morales-pidio-al-banco-mundial-prioridad-para-proyectos-del-norte-grande\/\" \/>\n<meta property=\"og:locale\" content=\"es_ES\" \/>\n<meta property=\"og:type\" content=\"article\" \/>\n<meta property=\"og:title\" content=\"Morales pidi\u00f3 al Banco Mundial prioridad para proyectos del Norte Grande - Muy Jujuy\" \/>\n<meta property=\"og:description\" content=\"El gobernador juje\u00f1o junto a sus pares se reuni\u00f3 con autoridades del Bando Mundial en el marco de su gira por Estados Unidos. El gobernador de Jujuy, Gerardo Morales, y sus pares de la regi\u00f3n del Norte Grande se reunieron con principales autoridades del Banco Mundial y la Corporaci\u00f3n Financiera Internacional. Esto fue en el [&hellip;]\" \/>\n<meta property=\"og:url\" content=\"https:\/\/www.muyjujuy.com\/index.php\/2022\/09\/28\/morales-pidio-al-banco-mundial-prioridad-para-proyectos-del-norte-grande\/\" \/>\n<meta property=\"og:site_name\" content=\"Muy Jujuy\" \/>\n<meta property=\"article:publisher\" content=\"https:\/\/www.facebook.com\/muyjujuycom\" \/>\n<meta property=\"article:published_time\" content=\"2022-09-28T16:53:08+00:00\" \/>\n<meta property=\"article:modified_time\" content=\"2022-09-28T16:59:41+00:00\" \/>\n<meta property=\"og:image\" content=\"https:\/\/www.muyjujuy.com\/wp-content\/uploads\/2022\/09\/WhatsApp-Image-2022-09-28-at-13.31.04.jpeg\" \/>\n\t<meta property=\"og:image:width\" content=\"1200\" \/>\n\t<meta property=\"og:image:height\" content=\"800\" \/>\n\t<meta property=\"og:image:type\" content=\"image\/jpeg\" \/>\n<meta name=\"author\" content=\"Redacci\u00f3n Muy Jujuy\" \/>\n<meta name=\"twitter:card\" content=\"summary_large_image\" \/>\n<meta name=\"twitter:creator\" content=\"@muyjujuy\" \/>\n<meta name=\"twitter:site\" content=\"@muyjujuy\" \/>\n<meta name=\"twitter:label1\" content=\"Escrito por\" \/>\n\t<meta name=\"twitter:data1\" content=\"Redacci\u00f3n Muy Jujuy\" \/>\n\t<meta name=\"twitter:label2\" content=\"Tiempo de lectura\" \/>\n\t<meta name=\"twitter:data2\" content=\"3 minutos\" \/>\n<script type=\"application\/ld+json\" class=\"yoast-schema-graph\">{\"@context\":\"https:\\\/\\\/schema.org\",\"@graph\":[{\"@type\":\"Article\",\"@id\":\"https:\\\/\\\/www.muyjujuy.com\\\/index.php\\\/2022\\\/09\\\/28\\\/morales-pidio-al-banco-mundial-prioridad-para-proyectos-del-norte-grande\\\/#article\",\"isPartOf\":{\"@id\":\"https:\\\/\\\/www.muyjujuy.com\\\/index.php\\\/2022\\\/09\\\/28\\\/morales-pidio-al-banco-mundial-prioridad-para-proyectos-del-norte-grande\\\/\"},\"author\":{\"name\":\"Redacci\u00f3n Muy Jujuy\",\"@id\":\"https:\\\/\\\/www.muyjujuy.com\\\/#\\\/schema\\\/person\\\/1d0f6e223ccea9e3f9034c1a5b683bf2\"},\"headline\":\"Morales pidi\u00f3 al Banco Mundial prioridad para proyectos del Norte Grande\",\"datePublished\":\"2022-09-28T16:53:08+00:00\",\"dateModified\":\"2022-09-28T16:59:41+00:00\",\"mainEntityOfPage\":{\"@id\":\"https:\\\/\\\/www.muyjujuy.com\\\/index.php\\\/2022\\\/09\\\/28\\\/morales-pidio-al-banco-mundial-prioridad-para-proyectos-del-norte-grande\\\/\"},\"wordCount\":551,\"commentCount\":0,\"publisher\":{\"@id\":\"https:\\\/\\\/www.muyjujuy.com\\\/#organization\"},\"image\":{\"@id\":\"https:\\\/\\\/www.muyjujuy.com\\\/index.php\\\/2022\\\/09\\\/28\\\/morales-pidio-al-banco-mundial-prioridad-para-proyectos-del-norte-grande\\\/#primaryimage\"},\"thumbnailUrl\":\"https:\\\/\\\/www.muyjujuy.com\\\/wp-content\\\/uploads\\\/2022\\\/09\\\/WhatsApp-Image-2022-09-28-at-13.31.04.jpeg\",\"articleSection\":[\"Pol\u00edtica\"],\"inLanguage\":\"es-AR\",\"potentialAction\":[{\"@type\":\"CommentAction\",\"name\":\"Comment\",\"target\":[\"https:\\\/\\\/www.muyjujuy.com\\\/index.php\\\/2022\\\/09\\\/28\\\/morales-pidio-al-banco-mundial-prioridad-para-proyectos-del-norte-grande\\\/#respond\"]}]},{\"@type\":\"WebPage\",\"@id\":\"https:\\\/\\\/www.muyjujuy.com\\\/index.php\\\/2022\\\/09\\\/28\\\/morales-pidio-al-banco-mundial-prioridad-para-proyectos-del-norte-grande\\\/\",\"url\":\"https:\\\/\\\/www.muyjujuy.com\\\/index.php\\\/2022\\\/09\\\/28\\\/morales-pidio-al-banco-mundial-prioridad-para-proyectos-del-norte-grande\\\/\",\"name\":\"Morales pidi\u00f3 al Banco Mundial prioridad para proyectos del Norte Grande - Muy Jujuy\",\"isPartOf\":{\"@id\":\"https:\\\/\\\/www.muyjujuy.com\\\/#website\"},\"primaryImageOfPage\":{\"@id\":\"https:\\\/\\\/www.muyjujuy.com\\\/index.php\\\/2022\\\/09\\\/28\\\/morales-pidio-al-banco-mundial-prioridad-para-proyectos-del-norte-grande\\\/#primaryimage\"},\"image\":{\"@id\":\"https:\\\/\\\/www.muyjujuy.com\\\/index.php\\\/2022\\\/09\\\/28\\\/morales-pidio-al-banco-mundial-prioridad-para-proyectos-del-norte-grande\\\/#primaryimage\"},\"thumbnailUrl\":\"https:\\\/\\\/www.muyjujuy.com\\\/wp-content\\\/uploads\\\/2022\\\/09\\\/WhatsApp-Image-2022-09-28-at-13.31.04.jpeg\",\"datePublished\":\"2022-09-28T16:53:08+00:00\",\"dateModified\":\"2022-09-28T16:59:41+00:00\",\"breadcrumb\":{\"@id\":\"https:\\\/\\\/www.muyjujuy.com\\\/index.php\\\/2022\\\/09\\\/28\\\/morales-pidio-al-banco-mundial-prioridad-para-proyectos-del-norte-grande\\\/#breadcrumb\"},\"inLanguage\":\"es-AR\",\"potentialAction\":[{\"@type\":\"ReadAction\",\"target\":[\"https:\\\/\\\/www.muyjujuy.com\\\/index.php\\\/2022\\\/09\\\/28\\\/morales-pidio-al-banco-mundial-prioridad-para-proyectos-del-norte-grande\\\/\"]}]},{\"@type\":\"ImageObject\",\"inLanguage\":\"es-AR\",\"@id\":\"https:\\\/\\\/www.muyjujuy.com\\\/index.php\\\/2022\\\/09\\\/28\\\/morales-pidio-al-banco-mundial-prioridad-para-proyectos-del-norte-grande\\\/#primaryimage\",\"url\":\"https:\\\/\\\/www.muyjujuy.com\\\/wp-content\\\/uploads\\\/2022\\\/09\\\/WhatsApp-Image-2022-09-28-at-13.31.04.jpeg\",\"contentUrl\":\"https:\\\/\\\/www.muyjujuy.com\\\/wp-content\\\/uploads\\\/2022\\\/09\\\/WhatsApp-Image-2022-09-28-at-13.31.04.jpeg\",\"width\":1200,\"height\":800},{\"@type\":\"BreadcrumbList\",\"@id\":\"https:\\\/\\\/www.muyjujuy.com\\\/index.php\\\/2022\\\/09\\\/28\\\/morales-pidio-al-banco-mundial-prioridad-para-proyectos-del-norte-grande\\\/#breadcrumb\",\"itemListElement\":[{\"@type\":\"ListItem\",\"position\":1,\"name\":\"Inicio\",\"item\":\"https:\\\/\\\/www.muyjujuy.com\\\/\"},{\"@type\":\"ListItem\",\"position\":2,\"name\":\"Morales pidi\u00f3 al Banco Mundial prioridad para proyectos del Norte Grande\"}]},{\"@type\":\"WebSite\",\"@id\":\"https:\\\/\\\/www.muyjujuy.com\\\/#website\",\"url\":\"https:\\\/\\\/www.muyjujuy.com\\\/\",\"name\":\"Muy Jujuy\",\"description\":\"\",\"publisher\":{\"@id\":\"https:\\\/\\\/www.muyjujuy.com\\\/#organization\"},\"potentialAction\":[{\"@type\":\"SearchAction\",\"target\":{\"@type\":\"EntryPoint\",\"urlTemplate\":\"https:\\\/\\\/www.muyjujuy.com\\\/?s={search_term_string}\"},\"query-input\":{\"@type\":\"PropertyValueSpecification\",\"valueRequired\":true,\"valueName\":\"search_term_string\"}}],\"inLanguage\":\"es-AR\"},{\"@type\":\"Organization\",\"@id\":\"https:\\\/\\\/www.muyjujuy.com\\\/#organization\",\"name\":\"Muy Jujuy\",\"url\":\"https:\\\/\\\/www.muyjujuy.com\\\/\",\"logo\":{\"@type\":\"ImageObject\",\"inLanguage\":\"es-AR\",\"@id\":\"https:\\\/\\\/www.muyjujuy.com\\\/#\\\/schema\\\/logo\\\/image\\\/\",\"url\":\"http:\\\/\\\/www.muyjujuy.com\\\/wp-content\\\/uploads\\\/2022\\\/05\\\/logo-mobil-jujuy.png\",\"contentUrl\":\"http:\\\/\\\/www.muyjujuy.com\\\/wp-content\\\/uploads\\\/2022\\\/05\\\/logo-mobil-jujuy.png\",\"width\":174,\"height\":81,\"caption\":\"Muy Jujuy\"},\"image\":{\"@id\":\"https:\\\/\\\/www.muyjujuy.com\\\/#\\\/schema\\\/logo\\\/image\\\/\"},\"sameAs\":[\"https:\\\/\\\/www.facebook.com\\\/muyjujuycom\",\"https:\\\/\\\/x.com\\\/muyjujuy\",\"https:\\\/\\\/www.instagram.com\\\/muyjujuycom\"]},{\"@type\":\"Person\",\"@id\":\"https:\\\/\\\/www.muyjujuy.com\\\/#\\\/schema\\\/person\\\/1d0f6e223ccea9e3f9034c1a5b683bf2\",\"name\":\"Redacci\u00f3n Muy Jujuy\",\"image\":{\"@type\":\"ImageObject\",\"inLanguage\":\"es-AR\",\"@id\":\"https:\\\/\\\/secure.gravatar.com\\\/avatar\\\/fec5f6f1893d741ed5eecccff109ce43e67a855411202a3212a058cb8e5c27d4?s=96&d=mm&r=g\",\"url\":\"https:\\\/\\\/secure.gravatar.com\\\/avatar\\\/fec5f6f1893d741ed5eecccff109ce43e67a855411202a3212a058cb8e5c27d4?s=96&d=mm&r=g\",\"contentUrl\":\"https:\\\/\\\/secure.gravatar.com\\\/avatar\\\/fec5f6f1893d741ed5eecccff109ce43e67a855411202a3212a058cb8e5c27d4?s=96&d=mm&r=g\",\"caption\":\"Redacci\u00f3n Muy Jujuy\"},\"url\":\"https:\\\/\\\/www.muyjujuy.com\\\/index.php\\\/author\\\/editor\\\/\"}]}<\/script>\n<!-- \/ Yoast SEO plugin. -->","yoast_head_json":{"title":"Morales pidi\u00f3 al Banco Mundial prioridad para proyectos del Norte Grande - Muy Jujuy","robots":{"index":"index","follow":"follow","max-snippet":"max-snippet:-1","max-image-preview":"max-image-preview:large","max-video-preview":"max-video-preview:-1"},"canonical":"https:\/\/www.muyjujuy.com\/index.php\/2022\/09\/28\/morales-pidio-al-banco-mundial-prioridad-para-proyectos-del-norte-grande\/","og_locale":"es_ES","og_type":"article","og_title":"Morales pidi\u00f3 al Banco Mundial prioridad para proyectos del Norte Grande - Muy Jujuy","og_description":"El gobernador juje\u00f1o junto a sus pares se reuni\u00f3 con autoridades del Bando Mundial en el marco de su gira por Estados Unidos. El gobernador de Jujuy, Gerardo Morales, y sus pares de la regi\u00f3n del Norte Grande se reunieron con principales autoridades del Banco Mundial y la Corporaci\u00f3n Financiera Internacional. Esto fue en el [&hellip;]","og_url":"https:\/\/www.muyjujuy.com\/index.php\/2022\/09\/28\/morales-pidio-al-banco-mundial-prioridad-para-proyectos-del-norte-grande\/","og_site_name":"Muy Jujuy","article_publisher":"https:\/\/www.facebook.com\/muyjujuycom","article_published_time":"2022-09-28T16:53:08+00:00","article_modified_time":"2022-09-28T16:59:41+00:00","og_image":[{"width":1200,"height":800,"url":"https:\/\/www.muyjujuy.com\/wp-content\/uploads\/2022\/09\/WhatsApp-Image-2022-09-28-at-13.31.04.jpeg","type":"image\/jpeg"}],"author":"Redacci\u00f3n Muy Jujuy","twitter_card":"summary_large_image","twitter_creator":"@muyjujuy","twitter_site":"@muyjujuy","twitter_misc":{"Escrito por":"Redacci\u00f3n Muy Jujuy","Tiempo de lectura":"3 minutos"},"schema":{"@context":"https:\/\/schema.org","@graph":[{"@type":"Article","@id":"https:\/\/www.muyjujuy.com\/index.php\/2022\/09\/28\/morales-pidio-al-banco-mundial-prioridad-para-proyectos-del-norte-grande\/#article","isPartOf":{"@id":"https:\/\/www.muyjujuy.com\/index.php\/2022\/09\/28\/morales-pidio-al-banco-mundial-prioridad-para-proyectos-del-norte-grande\/"},"author":{"name":"Redacci\u00f3n Muy Jujuy","@id":"https:\/\/www.muyjujuy.com\/#\/schema\/person\/1d0f6e223ccea9e3f9034c1a5b683bf2"},"headline":"Morales pidi\u00f3 al Banco Mundial prioridad para proyectos del Norte Grande","datePublished":"2022-09-28T16:53:08+00:00","dateModified":"2022-09-28T16:59:41+00:00","mainEntityOfPage":{"@id":"https:\/\/www.muyjujuy.com\/index.php\/2022\/09\/28\/morales-pidio-al-banco-mundial-prioridad-para-proyectos-del-norte-grande\/"},"wordCount":551,"commentCount":0,"publisher":{"@id":"https:\/\/www.muyjujuy.com\/#organization"},"image":{"@id":"https:\/\/www.muyjujuy.com\/index.php\/2022\/09\/28\/morales-pidio-al-banco-mundial-prioridad-para-proyectos-del-norte-grande\/#primaryimage"},"thumbnailUrl":"https:\/\/www.muyjujuy.com\/wp-content\/uploads\/2022\/09\/WhatsApp-Image-2022-09-28-at-13.31.04.jpeg","articleSection":["Pol\u00edtica"],"inLanguage":"es-AR","potentialAction":[{"@type":"CommentAction","name":"Comment","target":["https:\/\/www.muyjujuy.com\/index.php\/2022\/09\/28\/morales-pidio-al-banco-mundial-prioridad-para-proyectos-del-norte-grande\/#respond"]}]},{"@type":"WebPage","@id":"https:\/\/www.muyjujuy.com\/index.php\/2022\/09\/28\/morales-pidio-al-banco-mundial-prioridad-para-proyectos-del-norte-grande\/","url":"https:\/\/www.muyjujuy.com\/index.php\/2022\/09\/28\/morales-pidio-al-banco-mundial-prioridad-para-proyectos-del-norte-grande\/","name":"Morales pidi\u00f3 al Banco Mundial prioridad para proyectos del Norte Grande - Muy Jujuy","isPartOf":{"@id":"https:\/\/www.muyjujuy.com\/#website"},"primaryImageOfPage":{"@id":"https:\/\/www.muyjujuy.com\/index.php\/2022\/09\/28\/morales-pidio-al-banco-mundial-prioridad-para-proyectos-del-norte-grande\/#primaryimage"},"image":{"@id":"https:\/\/www.muyjujuy.com\/index.php\/2022\/09\/28\/morales-pidio-al-banco-mundial-prioridad-para-proyectos-del-norte-grande\/#primaryimage"},"thumbnailUrl":"https:\/\/www.muyjujuy.com\/wp-content\/uploads\/2022\/09\/WhatsApp-Image-2022-09-28-at-13.31.04.jpeg","datePublished":"2022-09-28T16:53:08+00:00","dateModified":"2022-09-28T16:59:41+00:00","breadcrumb":{"@id":"https:\/\/www.muyjujuy.com\/index.php\/2022\/09\/28\/morales-pidio-al-banco-mundial-prioridad-para-proyectos-del-norte-grande\/#breadcrumb"},"inLanguage":"es-AR","potentialAction":[{"@type":"ReadAction","target":["https:\/\/www.muyjujuy.com\/index.php\/2022\/09\/28\/morales-pidio-al-banco-mundial-prioridad-para-proyectos-del-norte-grande\/"]}]},{"@type":"ImageObject","inLanguage":"es-AR","@id":"https:\/\/www.muyjujuy.com\/index.php\/2022\/09\/28\/morales-pidio-al-banco-mundial-prioridad-para-proyectos-del-norte-grande\/#primaryimage","url":"https:\/\/www.muyjujuy.com\/wp-content\/uploads\/2022\/09\/WhatsApp-Image-2022-09-28-at-13.31.04.jpeg","contentUrl":"https:\/\/www.muyjujuy.com\/wp-content\/uploads\/2022\/09\/WhatsApp-Image-2022-09-28-at-13.31.04.jpeg","width":1200,"height":800},{"@type":"BreadcrumbList","@id":"https:\/\/www.muyjujuy.com\/index.php\/2022\/09\/28\/morales-pidio-al-banco-mundial-prioridad-para-proyectos-del-norte-grande\/#breadcrumb","itemListElement":[{"@type":"ListItem","position":1,"name":"Inicio","item":"https:\/\/www.muyjujuy.com\/"},{"@type":"ListItem","position":2,"name":"Morales pidi\u00f3 al Banco Mundial prioridad para proyectos del Norte Grande"}]},{"@type":"WebSite","@id":"https:\/\/www.muyjujuy.com\/#website","url":"https:\/\/www.muyjujuy.com\/","name":"Muy Jujuy","description":"","publisher":{"@id":"https:\/\/www.muyjujuy.com\/#organization"},"potentialAction":[{"@type":"SearchAction","target":{"@type":"EntryPoint","urlTemplate":"https:\/\/www.muyjujuy.com\/?s={search_term_string}"},"query-input":{"@type":"PropertyValueSpecification","valueRequired":true,"valueName":"search_term_string"}}],"inLanguage":"es-AR"},{"@type":"Organization","@id":"https:\/\/www.muyjujuy.com\/#organization","name":"Muy Jujuy","url":"https:\/\/www.muyjujuy.com\/","logo":{"@type":"ImageObject","inLanguage":"es-AR","@id":"https:\/\/www.muyjujuy.com\/#\/schema\/logo\/image\/","url":"http:\/\/www.muyjujuy.com\/wp-content\/uploads\/2022\/05\/logo-mobil-jujuy.png","contentUrl":"http:\/\/www.muyjujuy.com\/wp-content\/uploads\/2022\/05\/logo-mobil-jujuy.png","width":174,"height":81,"caption":"Muy Jujuy"},"image":{"@id":"https:\/\/www.muyjujuy.com\/#\/schema\/logo\/image\/"},"sameAs":["https:\/\/www.facebook.com\/muyjujuycom","https:\/\/x.com\/muyjujuy","https:\/\/www.instagram.com\/muyjujuycom"]},{"@type":"Person","@id":"https:\/\/www.muyjujuy.com\/#\/schema\/person\/1d0f6e223ccea9e3f9034c1a5b683bf2","name":"Redacci\u00f3n Muy Jujuy","image":{"@type":"ImageObject","inLanguage":"es-AR","@id":"https:\/\/secure.gravatar.com\/avatar\/fec5f6f1893d741ed5eecccff109ce43e67a855411202a3212a058cb8e5c27d4?s=96&d=mm&r=g","url":"https:\/\/secure.gravatar.com\/avatar\/fec5f6f1893d741ed5eecccff109ce43e67a855411202a3212a058cb8e5c27d4?s=96&d=mm&r=g","contentUrl":"https:\/\/secure.gravatar.com\/avatar\/fec5f6f1893d741ed5eecccff109ce43e67a855411202a3212a058cb8e5c27d4?s=96&d=mm&r=g","caption":"Redacci\u00f3n Muy Jujuy"},"url":"https:\/\/www.muyjujuy.com\/index.php\/author\/editor\/"}]}},"_links":{"self":[{"href":"https:\/\/www.muyjujuy.com\/index.php\/wp-json\/wp\/v2\/posts\/1609","targetHints":{"allow":["GET"]}}],"collection":[{"href":"https:\/\/www.muyjujuy.com\/index.php\/wp-json\/wp\/v2\/posts"}],"about":[{"href":"https:\/\/www.muyjujuy.com\/index.php\/wp-json\/wp\/v2\/types\/post"}],"author":[{"embeddable":true,"href":"https:\/\/www.muyjujuy.com\/index.php\/wp-json\/wp\/v2\/users\/3"}],"replies":[{"embeddable":true,"href":"https:\/\/www.muyjujuy.com\/index.php\/wp-json\/wp\/v2\/comments?post=1609"}],"version-history":[{"count":2,"href":"https:\/\/www.muyjujuy.com\/index.php\/wp-json\/wp\/v2\/posts\/1609\/revisions"}],"predecessor-version":[{"id":1613,"href":"https:\/\/www.muyjujuy.com\/index.php\/wp-json\/wp\/v2\/posts\/1609\/revisions\/1613"}],"wp:featuredmedia":[{"embeddable":true,"href":"https:\/\/www.muyjujuy.com\/index.php\/wp-json\/wp\/v2\/media\/1611"}],"wp:attachment":[{"href":"https:\/\/www.muyjujuy.com\/index.php\/wp-json\/wp\/v2\/media?parent=1609"}],"wp:term":[{"taxonomy":"category","embeddable":true,"href":"https:\/\/www.muyjujuy.com\/index.php\/wp-json\/wp\/v2\/categories?post=1609"},{"taxonomy":"post_tag","embeddable":true,"href":"https:\/\/www.muyjujuy.com\/index.php\/wp-json\/wp\/v2\/tags?post=1609"}],"curies":[{"name":"wp","href":"https:\/\/api.w.org\/{rel}","templated":true}]}}