{"id":1614,"date":"2022-09-28T16:15:04","date_gmt":"2022-09-28T19:15:04","guid":{"rendered":"https:\/\/www.muyjujuy.com\/?p=1614"},"modified":"2022-09-28T16:15:06","modified_gmt":"2022-09-28T19:15:06","slug":"la-lluvia-trajo-alivio-a-los-brigadistas-que-combaten-los-incendios-en-las-yungas-jujenas","status":"publish","type":"post","link":"https:\/\/www.muyjujuy.com\/index.php\/2022\/09\/28\/la-lluvia-trajo-alivio-a-los-brigadistas-que-combaten-los-incendios-en-las-yungas-jujenas\/","title":{"rendered":"La lluvia trajo alivio a los brigadistas que combaten los incendios en las Yungas juje\u00f1as"},"content":{"rendered":"\n<p id=\"titulo_cable\"><em>Esta \u00e1rea se vio favorecida por las fuertes lluvias, inform\u00f3 el Comit\u00e9 Operativo de Emergencia \u00cdgnea <\/em><\/p>\n\n\n\n<p>Los brigadistas de lucha contra el fuego que trabajan en puntos espec\u00edficos para controlar los incendios que se mantienen activos en la regi\u00f3n de las Yungas en Jujuy. <strong>Ya se quemaron casi 8.000 hect\u00e1reas. <\/strong>Esta \u00e1rea se vio favorecida por las fuertes lluvias, inform\u00f3 el Comit\u00e9 Operativo de Emergencia \u00cdgnea (COEI).<\/p>\n\n\n\n<p><strong>Las acciones operativas en la zona comenzaron hace dos semanas tras iniciarse <\/strong>un incendio de grandes proporciones que se origin\u00f3 en la localidad de Yuto que arras\u00f3 con bosques nativos y pastizales. El fuego amenazaba con ingresar a la jurisdicci\u00f3n del Parque Nacional Calilegua, donde resultaron afectadas 958 hect\u00e1reas.<\/p>\n\n\n\n<p><strong>&#8220;Se est\u00e1 redoblando el personal para cortar el avance de los focos,<\/strong> m\u00e1s all\u00e1 que el incendio viene avanzando de manera lenta debido al trabajo realizado en el terreno\u201d, indic\u00f3 del COEI.<\/p>\n\n\n\n<p>Puntualmente se enfoc\u00f3 el trabaj\u00f3 en dos dos puntos espec\u00edficos del parque Calilegua con gran cantidad personal y m\u00e1quinas pesadas, a su vez, <strong>realizan un per\u00edmetro de contenci\u00f3n en la zona de Pozo 7 de Hidrocarburos Jujuy para evitar la llegada del fuego al lugar.<\/strong><\/p>\n\n\n\n<p>Las intensas lluvias que cayeron esta madrugada, con una merma de la temperatura, trajeron alivio y sum\u00f3 en gran medida la labor de los brigadistas para un aplacamiento de los focos.<\/p>\n\n\n\n<p>Ayer se inici\u00f3 un incendio en Tres Sombreros en zona de ca\u00f1averal que luego ingres\u00f3 al bosque nativo, y otro en una finca privada lo que representaba un riesgo por la degradaci\u00f3n de la vegetaci\u00f3n de la zona.<\/p>\n\n\n\n<p>Por otro lado, el COEI anunci\u00f3 que se seguir\u00e1 trabajando en el ensanche del frente de contenci\u00f3n de los sectores 6 y 7 a fin de evitar que llegue al R\u00edo San Francisco, (Departamento Ledesma), en tanto se espera el arribo de 50 brigadistas de Santiago del Estero para reforzar los trabajos.<\/p>\n\n\n\n<p>Asimismo, el Comit\u00e9 solicit\u00f3 refuerzos operativos de medios a\u00e9reos al Sistema Nacional de Manejo del Fuego (SNMF), cuyo personal colabora con las distintas provincias que lo solicitan.<\/p>\n","protected":false},"excerpt":{"rendered":"<p>Esta \u00e1rea se vio favorecida por las fuertes lluvias, inform\u00f3 el Comit\u00e9 Operativo de Emergencia \u00cdgnea Los brigadistas de lucha contra el fuego que trabajan en puntos espec\u00edficos para controlar los incendios que se mantienen activos en la regi\u00f3n de las Yungas en Jujuy. Ya se quemaron casi 8.000 hect\u00e1reas. Esta \u00e1rea se vio favorecida [&hellip;]<\/p>\n","protected":false},"author":3,"featured_media":1615,"comment_status":"open","ping_status":"open","sticky":false,"template":"","format":"standard","meta":{"footnotes":""},"categories":[25],"tags":[8],"class_list":{"0":"post-1614","1":"post","2":"type-post","3":"status-publish","4":"format-standard","5":"has-post-thumbnail","7":"category-sociedad","8":"tag-jujuy"},"yoast_head":"<!-- This site is optimized with the Yoast SEO plugin v27.5 - https:\/\/yoast.com\/product\/yoast-seo-wordpress\/ -->\n<title>La lluvia trajo alivio a los brigadistas que combaten los incendios en las Yungas juje\u00f1as - Muy Jujuy<\/title>\n<meta name=\"description\" content=\"Esta \u00e1rea se vio favorecida por las fuertes lluvias, inform\u00f3 el Comit\u00e9 Operativo de Emergencia \u00cdgnea. Ya se quemaron m\u00e1s de 8 mil hect\u00e1ras.\" \/>\n<meta name=\"robots\" content=\"index, follow, max-snippet:-1, max-image-preview:large, max-video-preview:-1\" \/>\n<link rel=\"canonical\" href=\"https:\/\/www.muyjujuy.com\/index.php\/2022\/09\/28\/la-lluvia-trajo-alivio-a-los-brigadistas-que-combaten-los-incendios-en-las-yungas-jujenas\/\" \/>\n<meta property=\"og:locale\" content=\"es_ES\" \/>\n<meta property=\"og:type\" content=\"article\" \/>\n<meta property=\"og:title\" content=\"La lluvia trajo alivio a los brigadistas que combaten los incendios en las Yungas juje\u00f1as - Muy Jujuy\" \/>\n<meta property=\"og:description\" content=\"Esta \u00e1rea se vio favorecida por las fuertes lluvias, inform\u00f3 el Comit\u00e9 Operativo de Emergencia \u00cdgnea. Ya se quemaron m\u00e1s de 8 mil hect\u00e1ras.\" \/>\n<meta property=\"og:url\" content=\"https:\/\/www.muyjujuy.com\/index.php\/2022\/09\/28\/la-lluvia-trajo-alivio-a-los-brigadistas-que-combaten-los-incendios-en-las-yungas-jujenas\/\" \/>\n<meta property=\"og:site_name\" content=\"Muy Jujuy\" \/>\n<meta property=\"article:publisher\" content=\"https:\/\/www.facebook.com\/muyjujuycom\" \/>\n<meta property=\"article:published_time\" content=\"2022-09-28T19:15:04+00:00\" \/>\n<meta property=\"article:modified_time\" content=\"2022-09-28T19:15:06+00:00\" \/>\n<meta property=\"og:image\" content=\"https:\/\/www.muyjujuy.com\/wp-content\/uploads\/2022\/09\/WhatsApp-Image-2022-09-28-at-16.14.59.jpeg\" \/>\n\t<meta property=\"og:image:width\" content=\"286\" \/>\n\t<meta property=\"og:image:height\" content=\"176\" \/>\n\t<meta property=\"og:image:type\" content=\"image\/jpeg\" \/>\n<meta name=\"author\" content=\"Redacci\u00f3n Muy Jujuy\" \/>\n<meta name=\"twitter:card\" content=\"summary_large_image\" \/>\n<meta name=\"twitter:creator\" content=\"@muyjujuy\" \/>\n<meta name=\"twitter:site\" content=\"@muyjujuy\" \/>\n<meta name=\"twitter:label1\" content=\"Escrito por\" \/>\n\t<meta name=\"twitter:data1\" content=\"Redacci\u00f3n Muy Jujuy\" \/>\n\t<meta name=\"twitter:label2\" content=\"Tiempo de lectura\" \/>\n\t<meta name=\"twitter:data2\" content=\"2 minutos\" \/>\n<script type=\"application\/ld+json\" class=\"yoast-schema-graph\">{\"@context\":\"https:\\\/\\\/schema.org\",\"@graph\":[{\"@type\":\"Article\",\"@id\":\"https:\\\/\\\/www.muyjujuy.com\\\/index.php\\\/2022\\\/09\\\/28\\\/la-lluvia-trajo-alivio-a-los-brigadistas-que-combaten-los-incendios-en-las-yungas-jujenas\\\/#article\",\"isPartOf\":{\"@id\":\"https:\\\/\\\/www.muyjujuy.com\\\/index.php\\\/2022\\\/09\\\/28\\\/la-lluvia-trajo-alivio-a-los-brigadistas-que-combaten-los-incendios-en-las-yungas-jujenas\\\/\"},\"author\":{\"name\":\"Redacci\u00f3n Muy Jujuy\",\"@id\":\"https:\\\/\\\/www.muyjujuy.com\\\/#\\\/schema\\\/person\\\/1d0f6e223ccea9e3f9034c1a5b683bf2\"},\"headline\":\"La lluvia trajo alivio a los brigadistas que combaten los incendios en las Yungas juje\u00f1as\",\"datePublished\":\"2022-09-28T19:15:04+00:00\",\"dateModified\":\"2022-09-28T19:15:06+00:00\",\"mainEntityOfPage\":{\"@id\":\"https:\\\/\\\/www.muyjujuy.com\\\/index.php\\\/2022\\\/09\\\/28\\\/la-lluvia-trajo-alivio-a-los-brigadistas-que-combaten-los-incendios-en-las-yungas-jujenas\\\/\"},\"wordCount\":367,\"commentCount\":0,\"publisher\":{\"@id\":\"https:\\\/\\\/www.muyjujuy.com\\\/#organization\"},\"image\":{\"@id\":\"https:\\\/\\\/www.muyjujuy.com\\\/index.php\\\/2022\\\/09\\\/28\\\/la-lluvia-trajo-alivio-a-los-brigadistas-que-combaten-los-incendios-en-las-yungas-jujenas\\\/#primaryimage\"},\"thumbnailUrl\":\"https:\\\/\\\/www.muyjujuy.com\\\/wp-content\\\/uploads\\\/2022\\\/09\\\/WhatsApp-Image-2022-09-28-at-16.14.59.jpeg\",\"keywords\":[\"Jujuy\"],\"articleSection\":[\"Sociedad\"],\"inLanguage\":\"es-AR\",\"potentialAction\":[{\"@type\":\"CommentAction\",\"name\":\"Comment\",\"target\":[\"https:\\\/\\\/www.muyjujuy.com\\\/index.php\\\/2022\\\/09\\\/28\\\/la-lluvia-trajo-alivio-a-los-brigadistas-que-combaten-los-incendios-en-las-yungas-jujenas\\\/#respond\"]}]},{\"@type\":\"WebPage\",\"@id\":\"https:\\\/\\\/www.muyjujuy.com\\\/index.php\\\/2022\\\/09\\\/28\\\/la-lluvia-trajo-alivio-a-los-brigadistas-que-combaten-los-incendios-en-las-yungas-jujenas\\\/\",\"url\":\"https:\\\/\\\/www.muyjujuy.com\\\/index.php\\\/2022\\\/09\\\/28\\\/la-lluvia-trajo-alivio-a-los-brigadistas-que-combaten-los-incendios-en-las-yungas-jujenas\\\/\",\"name\":\"La lluvia trajo alivio a los brigadistas que combaten los incendios en las Yungas juje\u00f1as - Muy Jujuy\",\"isPartOf\":{\"@id\":\"https:\\\/\\\/www.muyjujuy.com\\\/#website\"},\"primaryImageOfPage\":{\"@id\":\"https:\\\/\\\/www.muyjujuy.com\\\/index.php\\\/2022\\\/09\\\/28\\\/la-lluvia-trajo-alivio-a-los-brigadistas-que-combaten-los-incendios-en-las-yungas-jujenas\\\/#primaryimage\"},\"image\":{\"@id\":\"https:\\\/\\\/www.muyjujuy.com\\\/index.php\\\/2022\\\/09\\\/28\\\/la-lluvia-trajo-alivio-a-los-brigadistas-que-combaten-los-incendios-en-las-yungas-jujenas\\\/#primaryimage\"},\"thumbnailUrl\":\"https:\\\/\\\/www.muyjujuy.com\\\/wp-content\\\/uploads\\\/2022\\\/09\\\/WhatsApp-Image-2022-09-28-at-16.14.59.jpeg\",\"datePublished\":\"2022-09-28T19:15:04+00:00\",\"dateModified\":\"2022-09-28T19:15:06+00:00\",\"description\":\"Esta \u00e1rea se vio favorecida por las fuertes lluvias, inform\u00f3 el Comit\u00e9 Operativo de Emergencia \u00cdgnea. Ya se quemaron m\u00e1s de 8 mil hect\u00e1ras.\",\"breadcrumb\":{\"@id\":\"https:\\\/\\\/www.muyjujuy.com\\\/index.php\\\/2022\\\/09\\\/28\\\/la-lluvia-trajo-alivio-a-los-brigadistas-que-combaten-los-incendios-en-las-yungas-jujenas\\\/#breadcrumb\"},\"inLanguage\":\"es-AR\",\"potentialAction\":[{\"@type\":\"ReadAction\",\"target\":[\"https:\\\/\\\/www.muyjujuy.com\\\/index.php\\\/2022\\\/09\\\/28\\\/la-lluvia-trajo-alivio-a-los-brigadistas-que-combaten-los-incendios-en-las-yungas-jujenas\\\/\"]}]},{\"@type\":\"ImageObject\",\"inLanguage\":\"es-AR\",\"@id\":\"https:\\\/\\\/www.muyjujuy.com\\\/index.php\\\/2022\\\/09\\\/28\\\/la-lluvia-trajo-alivio-a-los-brigadistas-que-combaten-los-incendios-en-las-yungas-jujenas\\\/#primaryimage\",\"url\":\"https:\\\/\\\/www.muyjujuy.com\\\/wp-content\\\/uploads\\\/2022\\\/09\\\/WhatsApp-Image-2022-09-28-at-16.14.59.jpeg\",\"contentUrl\":\"https:\\\/\\\/www.muyjujuy.com\\\/wp-content\\\/uploads\\\/2022\\\/09\\\/WhatsApp-Image-2022-09-28-at-16.14.59.jpeg\",\"width\":286,\"height\":176},{\"@type\":\"BreadcrumbList\",\"@id\":\"https:\\\/\\\/www.muyjujuy.com\\\/index.php\\\/2022\\\/09\\\/28\\\/la-lluvia-trajo-alivio-a-los-brigadistas-que-combaten-los-incendios-en-las-yungas-jujenas\\\/#breadcrumb\",\"itemListElement\":[{\"@type\":\"ListItem\",\"position\":1,\"name\":\"Inicio\",\"item\":\"https:\\\/\\\/www.muyjujuy.com\\\/\"},{\"@type\":\"ListItem\",\"position\":2,\"name\":\"La lluvia trajo alivio a los brigadistas que combaten los incendios en las Yungas juje\u00f1as\"}]},{\"@type\":\"WebSite\",\"@id\":\"https:\\\/\\\/www.muyjujuy.com\\\/#website\",\"url\":\"https:\\\/\\\/www.muyjujuy.com\\\/\",\"name\":\"Muy Jujuy\",\"description\":\"\",\"publisher\":{\"@id\":\"https:\\\/\\\/www.muyjujuy.com\\\/#organization\"},\"potentialAction\":[{\"@type\":\"SearchAction\",\"target\":{\"@type\":\"EntryPoint\",\"urlTemplate\":\"https:\\\/\\\/www.muyjujuy.com\\\/?s={search_term_string}\"},\"query-input\":{\"@type\":\"PropertyValueSpecification\",\"valueRequired\":true,\"valueName\":\"search_term_string\"}}],\"inLanguage\":\"es-AR\"},{\"@type\":\"Organization\",\"@id\":\"https:\\\/\\\/www.muyjujuy.com\\\/#organization\",\"name\":\"Muy Jujuy\",\"url\":\"https:\\\/\\\/www.muyjujuy.com\\\/\",\"logo\":{\"@type\":\"ImageObject\",\"inLanguage\":\"es-AR\",\"@id\":\"https:\\\/\\\/www.muyjujuy.com\\\/#\\\/schema\\\/logo\\\/image\\\/\",\"url\":\"http:\\\/\\\/www.muyjujuy.com\\\/wp-content\\\/uploads\\\/2022\\\/05\\\/logo-mobil-jujuy.png\",\"contentUrl\":\"http:\\\/\\\/www.muyjujuy.com\\\/wp-content\\\/uploads\\\/2022\\\/05\\\/logo-mobil-jujuy.png\",\"width\":174,\"height\":81,\"caption\":\"Muy Jujuy\"},\"image\":{\"@id\":\"https:\\\/\\\/www.muyjujuy.com\\\/#\\\/schema\\\/logo\\\/image\\\/\"},\"sameAs\":[\"https:\\\/\\\/www.facebook.com\\\/muyjujuycom\",\"https:\\\/\\\/x.com\\\/muyjujuy\",\"https:\\\/\\\/www.instagram.com\\\/muyjujuycom\"]},{\"@type\":\"Person\",\"@id\":\"https:\\\/\\\/www.muyjujuy.com\\\/#\\\/schema\\\/person\\\/1d0f6e223ccea9e3f9034c1a5b683bf2\",\"name\":\"Redacci\u00f3n Muy Jujuy\",\"image\":{\"@type\":\"ImageObject\",\"inLanguage\":\"es-AR\",\"@id\":\"https:\\\/\\\/secure.gravatar.com\\\/avatar\\\/fec5f6f1893d741ed5eecccff109ce43e67a855411202a3212a058cb8e5c27d4?s=96&d=mm&r=g\",\"url\":\"https:\\\/\\\/secure.gravatar.com\\\/avatar\\\/fec5f6f1893d741ed5eecccff109ce43e67a855411202a3212a058cb8e5c27d4?s=96&d=mm&r=g\",\"contentUrl\":\"https:\\\/\\\/secure.gravatar.com\\\/avatar\\\/fec5f6f1893d741ed5eecccff109ce43e67a855411202a3212a058cb8e5c27d4?s=96&d=mm&r=g\",\"caption\":\"Redacci\u00f3n Muy Jujuy\"},\"url\":\"https:\\\/\\\/www.muyjujuy.com\\\/index.php\\\/author\\\/editor\\\/\"}]}<\/script>\n<!-- \/ Yoast SEO plugin. -->","yoast_head_json":{"title":"La lluvia trajo alivio a los brigadistas que combaten los incendios en las Yungas juje\u00f1as - Muy Jujuy","description":"Esta \u00e1rea se vio favorecida por las fuertes lluvias, inform\u00f3 el Comit\u00e9 Operativo de Emergencia \u00cdgnea. Ya se quemaron m\u00e1s de 8 mil hect\u00e1ras.","robots":{"index":"index","follow":"follow","max-snippet":"max-snippet:-1","max-image-preview":"max-image-preview:large","max-video-preview":"max-video-preview:-1"},"canonical":"https:\/\/www.muyjujuy.com\/index.php\/2022\/09\/28\/la-lluvia-trajo-alivio-a-los-brigadistas-que-combaten-los-incendios-en-las-yungas-jujenas\/","og_locale":"es_ES","og_type":"article","og_title":"La lluvia trajo alivio a los brigadistas que combaten los incendios en las Yungas juje\u00f1as - Muy Jujuy","og_description":"Esta \u00e1rea se vio favorecida por las fuertes lluvias, inform\u00f3 el Comit\u00e9 Operativo de Emergencia \u00cdgnea. Ya se quemaron m\u00e1s de 8 mil hect\u00e1ras.","og_url":"https:\/\/www.muyjujuy.com\/index.php\/2022\/09\/28\/la-lluvia-trajo-alivio-a-los-brigadistas-que-combaten-los-incendios-en-las-yungas-jujenas\/","og_site_name":"Muy Jujuy","article_publisher":"https:\/\/www.facebook.com\/muyjujuycom","article_published_time":"2022-09-28T19:15:04+00:00","article_modified_time":"2022-09-28T19:15:06+00:00","og_image":[{"width":286,"height":176,"url":"https:\/\/www.muyjujuy.com\/wp-content\/uploads\/2022\/09\/WhatsApp-Image-2022-09-28-at-16.14.59.jpeg","type":"image\/jpeg"}],"author":"Redacci\u00f3n Muy Jujuy","twitter_card":"summary_large_image","twitter_creator":"@muyjujuy","twitter_site":"@muyjujuy","twitter_misc":{"Escrito por":"Redacci\u00f3n Muy Jujuy","Tiempo de lectura":"2 minutos"},"schema":{"@context":"https:\/\/schema.org","@graph":[{"@type":"Article","@id":"https:\/\/www.muyjujuy.com\/index.php\/2022\/09\/28\/la-lluvia-trajo-alivio-a-los-brigadistas-que-combaten-los-incendios-en-las-yungas-jujenas\/#article","isPartOf":{"@id":"https:\/\/www.muyjujuy.com\/index.php\/2022\/09\/28\/la-lluvia-trajo-alivio-a-los-brigadistas-que-combaten-los-incendios-en-las-yungas-jujenas\/"},"author":{"name":"Redacci\u00f3n Muy Jujuy","@id":"https:\/\/www.muyjujuy.com\/#\/schema\/person\/1d0f6e223ccea9e3f9034c1a5b683bf2"},"headline":"La lluvia trajo alivio a los brigadistas que combaten los incendios en las Yungas juje\u00f1as","datePublished":"2022-09-28T19:15:04+00:00","dateModified":"2022-09-28T19:15:06+00:00","mainEntityOfPage":{"@id":"https:\/\/www.muyjujuy.com\/index.php\/2022\/09\/28\/la-lluvia-trajo-alivio-a-los-brigadistas-que-combaten-los-incendios-en-las-yungas-jujenas\/"},"wordCount":367,"commentCount":0,"publisher":{"@id":"https:\/\/www.muyjujuy.com\/#organization"},"image":{"@id":"https:\/\/www.muyjujuy.com\/index.php\/2022\/09\/28\/la-lluvia-trajo-alivio-a-los-brigadistas-que-combaten-los-incendios-en-las-yungas-jujenas\/#primaryimage"},"thumbnailUrl":"https:\/\/www.muyjujuy.com\/wp-content\/uploads\/2022\/09\/WhatsApp-Image-2022-09-28-at-16.14.59.jpeg","keywords":["Jujuy"],"articleSection":["Sociedad"],"inLanguage":"es-AR","potentialAction":[{"@type":"CommentAction","name":"Comment","target":["https:\/\/www.muyjujuy.com\/index.php\/2022\/09\/28\/la-lluvia-trajo-alivio-a-los-brigadistas-que-combaten-los-incendios-en-las-yungas-jujenas\/#respond"]}]},{"@type":"WebPage","@id":"https:\/\/www.muyjujuy.com\/index.php\/2022\/09\/28\/la-lluvia-trajo-alivio-a-los-brigadistas-que-combaten-los-incendios-en-las-yungas-jujenas\/","url":"https:\/\/www.muyjujuy.com\/index.php\/2022\/09\/28\/la-lluvia-trajo-alivio-a-los-brigadistas-que-combaten-los-incendios-en-las-yungas-jujenas\/","name":"La lluvia trajo alivio a los brigadistas que combaten los incendios en las Yungas juje\u00f1as - Muy Jujuy","isPartOf":{"@id":"https:\/\/www.muyjujuy.com\/#website"},"primaryImageOfPage":{"@id":"https:\/\/www.muyjujuy.com\/index.php\/2022\/09\/28\/la-lluvia-trajo-alivio-a-los-brigadistas-que-combaten-los-incendios-en-las-yungas-jujenas\/#primaryimage"},"image":{"@id":"https:\/\/www.muyjujuy.com\/index.php\/2022\/09\/28\/la-lluvia-trajo-alivio-a-los-brigadistas-que-combaten-los-incendios-en-las-yungas-jujenas\/#primaryimage"},"thumbnailUrl":"https:\/\/www.muyjujuy.com\/wp-content\/uploads\/2022\/09\/WhatsApp-Image-2022-09-28-at-16.14.59.jpeg","datePublished":"2022-09-28T19:15:04+00:00","dateModified":"2022-09-28T19:15:06+00:00","description":"Esta \u00e1rea se vio favorecida por las fuertes lluvias, inform\u00f3 el Comit\u00e9 Operativo de Emergencia \u00cdgnea. Ya se quemaron m\u00e1s de 8 mil hect\u00e1ras.","breadcrumb":{"@id":"https:\/\/www.muyjujuy.com\/index.php\/2022\/09\/28\/la-lluvia-trajo-alivio-a-los-brigadistas-que-combaten-los-incendios-en-las-yungas-jujenas\/#breadcrumb"},"inLanguage":"es-AR","potentialAction":[{"@type":"ReadAction","target":["https:\/\/www.muyjujuy.com\/index.php\/2022\/09\/28\/la-lluvia-trajo-alivio-a-los-brigadistas-que-combaten-los-incendios-en-las-yungas-jujenas\/"]}]},{"@type":"ImageObject","inLanguage":"es-AR","@id":"https:\/\/www.muyjujuy.com\/index.php\/2022\/09\/28\/la-lluvia-trajo-alivio-a-los-brigadistas-que-combaten-los-incendios-en-las-yungas-jujenas\/#primaryimage","url":"https:\/\/www.muyjujuy.com\/wp-content\/uploads\/2022\/09\/WhatsApp-Image-2022-09-28-at-16.14.59.jpeg","contentUrl":"https:\/\/www.muyjujuy.com\/wp-content\/uploads\/2022\/09\/WhatsApp-Image-2022-09-28-at-16.14.59.jpeg","width":286,"height":176},{"@type":"BreadcrumbList","@id":"https:\/\/www.muyjujuy.com\/index.php\/2022\/09\/28\/la-lluvia-trajo-alivio-a-los-brigadistas-que-combaten-los-incendios-en-las-yungas-jujenas\/#breadcrumb","itemListElement":[{"@type":"ListItem","position":1,"name":"Inicio","item":"https:\/\/www.muyjujuy.com\/"},{"@type":"ListItem","position":2,"name":"La lluvia trajo alivio a los brigadistas que combaten los incendios en las Yungas juje\u00f1as"}]},{"@type":"WebSite","@id":"https:\/\/www.muyjujuy.com\/#website","url":"https:\/\/www.muyjujuy.com\/","name":"Muy Jujuy","description":"","publisher":{"@id":"https:\/\/www.muyjujuy.com\/#organization"},"potentialAction":[{"@type":"SearchAction","target":{"@type":"EntryPoint","urlTemplate":"https:\/\/www.muyjujuy.com\/?s={search_term_string}"},"query-input":{"@type":"PropertyValueSpecification","valueRequired":true,"valueName":"search_term_string"}}],"inLanguage":"es-AR"},{"@type":"Organization","@id":"https:\/\/www.muyjujuy.com\/#organization","name":"Muy Jujuy","url":"https:\/\/www.muyjujuy.com\/","logo":{"@type":"ImageObject","inLanguage":"es-AR","@id":"https:\/\/www.muyjujuy.com\/#\/schema\/logo\/image\/","url":"http:\/\/www.muyjujuy.com\/wp-content\/uploads\/2022\/05\/logo-mobil-jujuy.png","contentUrl":"http:\/\/www.muyjujuy.com\/wp-content\/uploads\/2022\/05\/logo-mobil-jujuy.png","width":174,"height":81,"caption":"Muy Jujuy"},"image":{"@id":"https:\/\/www.muyjujuy.com\/#\/schema\/logo\/image\/"},"sameAs":["https:\/\/www.facebook.com\/muyjujuycom","https:\/\/x.com\/muyjujuy","https:\/\/www.instagram.com\/muyjujuycom"]},{"@type":"Person","@id":"https:\/\/www.muyjujuy.com\/#\/schema\/person\/1d0f6e223ccea9e3f9034c1a5b683bf2","name":"Redacci\u00f3n Muy Jujuy","image":{"@type":"ImageObject","inLanguage":"es-AR","@id":"https:\/\/secure.gravatar.com\/avatar\/fec5f6f1893d741ed5eecccff109ce43e67a855411202a3212a058cb8e5c27d4?s=96&d=mm&r=g","url":"https:\/\/secure.gravatar.com\/avatar\/fec5f6f1893d741ed5eecccff109ce43e67a855411202a3212a058cb8e5c27d4?s=96&d=mm&r=g","contentUrl":"https:\/\/secure.gravatar.com\/avatar\/fec5f6f1893d741ed5eecccff109ce43e67a855411202a3212a058cb8e5c27d4?s=96&d=mm&r=g","caption":"Redacci\u00f3n Muy Jujuy"},"url":"https:\/\/www.muyjujuy.com\/index.php\/author\/editor\/"}]}},"_links":{"self":[{"href":"https:\/\/www.muyjujuy.com\/index.php\/wp-json\/wp\/v2\/posts\/1614","targetHints":{"allow":["GET"]}}],"collection":[{"href":"https:\/\/www.muyjujuy.com\/index.php\/wp-json\/wp\/v2\/posts"}],"about":[{"href":"https:\/\/www.muyjujuy.com\/index.php\/wp-json\/wp\/v2\/types\/post"}],"author":[{"embeddable":true,"href":"https:\/\/www.muyjujuy.com\/index.php\/wp-json\/wp\/v2\/users\/3"}],"replies":[{"embeddable":true,"href":"https:\/\/www.muyjujuy.com\/index.php\/wp-json\/wp\/v2\/comments?post=1614"}],"version-history":[{"count":1,"href":"https:\/\/www.muyjujuy.com\/index.php\/wp-json\/wp\/v2\/posts\/1614\/revisions"}],"predecessor-version":[{"id":1616,"href":"https:\/\/www.muyjujuy.com\/index.php\/wp-json\/wp\/v2\/posts\/1614\/revisions\/1616"}],"wp:featuredmedia":[{"embeddable":true,"href":"https:\/\/www.muyjujuy.com\/index.php\/wp-json\/wp\/v2\/media\/1615"}],"wp:attachment":[{"href":"https:\/\/www.muyjujuy.com\/index.php\/wp-json\/wp\/v2\/media?parent=1614"}],"wp:term":[{"taxonomy":"category","embeddable":true,"href":"https:\/\/www.muyjujuy.com\/index.php\/wp-json\/wp\/v2\/categories?post=1614"},{"taxonomy":"post_tag","embeddable":true,"href":"https:\/\/www.muyjujuy.com\/index.php\/wp-json\/wp\/v2\/tags?post=1614"}],"curies":[{"name":"wp","href":"https:\/\/api.w.org\/{rel}","templated":true}]}}