{"id":1617,"date":"2022-09-28T17:37:54","date_gmt":"2022-09-28T20:37:54","guid":{"rendered":"https:\/\/www.muyjujuy.com\/?p=1617"},"modified":"2022-09-28T17:38:42","modified_gmt":"2022-09-28T20:38:42","slug":"https-www-muyjujuy-com-index-php-2022-09-28-no-habra-hinchada-visitante-en-el-encuentro-gimnasia-y-san-martin-de-tucuman","status":"publish","type":"post","link":"https:\/\/www.muyjujuy.com\/index.php\/2022\/09\/28\/https-www-muyjujuy-com-index-php-2022-09-28-no-habra-hinchada-visitante-en-el-encuentro-gimnasia-y-san-martin-de-tucuman\/","title":{"rendered":"No habr\u00e1 hinchada visitante en el encuentro Gimnasia y San Mart\u00edn de Tucum\u00e1n"},"content":{"rendered":"\n<p>Gimnasia de Jujuy y San Mart\u00edn de Tucum\u00e1n se enfrentar\u00e1n este viernes a las 21 y <strong>se defini\u00f3 que se jugar\u00e1 sin la presencia de p\u00fablico visitante.<\/strong><\/p>\n\n\n\n<p>&#8220;Esta disposici\u00f3n, fue tomada debido a que nuestra instituci\u00f3n no recibi\u00f3 ning\u00fan pedido por parte de la Comisi\u00f3n Directiva del Club Atl\u00e9tico San Mart\u00edn, solicitando la presencia de sus hinchas&#8221;, indicaron desde el club.<\/p>\n\n\n\n<p>&#8220;<em>Adem\u00e1s, se informa que&nbsp;<strong>para dicho evento, no se habilitar\u00e1 la tribuna visitante en el estadio 23 de Agosto, ni se vender\u00e1n entradas para el p\u00fablico visitante<\/strong>.<\/em> Por \u00faltimo, y por disposici\u00f3n policial, no se permitir\u00e1 el ingreso de hinchas identificados con los colores de San Mart\u00edn de Tucum\u00e1n&#8221;, indicaron desde la instituci\u00f3n albiceleste.<\/p>\n\n\n\n<p>El torneo de la Primera Nacional 2022 est\u00e1 llegando a su fin.&nbsp;<strong>Sin chances de ingresar al Reducido por el segundo ascenso a la Liga Profesional y tambi\u00e9n afuera de la Copa Argentina 2023, el Lobo juje\u00f1o ser\u00e1 local ante San Mart\u00edn de Tucum\u00e1n<\/strong>, conjunto que si pelea entre los primeros puestos de la competencia.<\/p>\n\n\n\n<p>Con presentes distintos, Lobos y Cirujas reeditar\u00e1n un nuevo cl\u00e1sico norte\u00f1o.&nbsp;<strong>El Lobo llega al encuentro luego de empatar 2 a 2 en su visita a Trist\u00e1n Su\u00e1rez<\/strong>, mientras que San Mart\u00edn super\u00f3 de local 2 a 0 a Almirante Brown en la Ciudadela.<\/p>\n\n\n\n<p><strong>Ser\u00e1 la \u00faltima presentaci\u00f3n de Gimnasia de Jujuy en condici\u00f3n de local<\/strong>, oportunidad que servir\u00e1 para que el plantel se despida del p\u00fablico albiceleste hasta el pr\u00f3ximo torneo. El Lobo cerrar\u00e1 su participaci\u00f3n en la Primera Nacional visitando en la fecha 37 a Defensores de Belgrano.<\/p>\n","protected":false},"excerpt":{"rendered":"<p>Gimnasia de Jujuy y San Mart\u00edn de Tucum\u00e1n se enfrentar\u00e1n este viernes a las 21 y se defini\u00f3 que se jugar\u00e1 sin la presencia de p\u00fablico visitante. &#8220;Esta disposici\u00f3n, fue tomada debido a que nuestra instituci\u00f3n no recibi\u00f3 ning\u00fan pedido por parte de la Comisi\u00f3n Directiva del Club Atl\u00e9tico San Mart\u00edn, solicitando la presencia de [&hellip;]<\/p>\n","protected":false},"author":3,"featured_media":1618,"comment_status":"open","ping_status":"open","sticky":false,"template":"","format":"standard","meta":{"footnotes":""},"categories":[26],"tags":[3,8],"class_list":{"0":"post-1617","1":"post","2":"type-post","3":"status-publish","4":"format-standard","5":"has-post-thumbnail","7":"category-deportes","8":"tag-gimnasia-de-jujuy","9":"tag-jujuy"},"yoast_head":"<!-- This site is optimized with the Yoast SEO plugin v27.5 - https:\/\/yoast.com\/product\/yoast-seo-wordpress\/ -->\n<title>No habr\u00e1 hinchada visitante en el encuentro Gimnasia y San Mart\u00edn de Tucum\u00e1n - Muy Jujuy<\/title>\n<meta name=\"robots\" content=\"index, follow, max-snippet:-1, max-image-preview:large, max-video-preview:-1\" \/>\n<link rel=\"canonical\" href=\"https:\/\/www.muyjujuy.com\/index.php\/2022\/09\/28\/https-www-muyjujuy-com-index-php-2022-09-28-no-habra-hinchada-visitante-en-el-encuentro-gimnasia-y-san-martin-de-tucuman\/\" \/>\n<meta property=\"og:locale\" content=\"es_ES\" \/>\n<meta property=\"og:type\" content=\"article\" \/>\n<meta property=\"og:title\" content=\"No habr\u00e1 hinchada visitante en el encuentro Gimnasia y San Mart\u00edn de Tucum\u00e1n - Muy Jujuy\" \/>\n<meta property=\"og:description\" content=\"Gimnasia de Jujuy y San Mart\u00edn de Tucum\u00e1n se enfrentar\u00e1n este viernes a las 21 y se defini\u00f3 que se jugar\u00e1 sin la presencia de p\u00fablico visitante. &#8220;Esta disposici\u00f3n, fue tomada debido a que nuestra instituci\u00f3n no recibi\u00f3 ning\u00fan pedido por parte de la Comisi\u00f3n Directiva del Club Atl\u00e9tico San Mart\u00edn, solicitando la presencia de [&hellip;]\" \/>\n<meta property=\"og:url\" content=\"https:\/\/www.muyjujuy.com\/index.php\/2022\/09\/28\/https-www-muyjujuy-com-index-php-2022-09-28-no-habra-hinchada-visitante-en-el-encuentro-gimnasia-y-san-martin-de-tucuman\/\" \/>\n<meta property=\"og:site_name\" content=\"Muy Jujuy\" \/>\n<meta property=\"article:publisher\" content=\"https:\/\/www.facebook.com\/muyjujuycom\" \/>\n<meta property=\"article:published_time\" content=\"2022-09-28T20:37:54+00:00\" \/>\n<meta property=\"article:modified_time\" content=\"2022-09-28T20:38:42+00:00\" \/>\n<meta property=\"og:image\" content=\"https:\/\/www.muyjujuy.com\/wp-content\/uploads\/2022\/09\/WhatsApp-Image-2022-09-28-at-17.29.16.jpeg\" \/>\n\t<meta property=\"og:image:width\" content=\"990\" \/>\n\t<meta property=\"og:image:height\" content=\"610\" \/>\n\t<meta property=\"og:image:type\" content=\"image\/jpeg\" \/>\n<meta name=\"author\" content=\"Redacci\u00f3n Muy Jujuy\" \/>\n<meta name=\"twitter:card\" content=\"summary_large_image\" \/>\n<meta name=\"twitter:creator\" content=\"@muyjujuy\" \/>\n<meta name=\"twitter:site\" content=\"@muyjujuy\" \/>\n<meta name=\"twitter:label1\" content=\"Escrito por\" \/>\n\t<meta name=\"twitter:data1\" content=\"Redacci\u00f3n Muy Jujuy\" \/>\n\t<meta name=\"twitter:label2\" content=\"Tiempo de lectura\" \/>\n\t<meta name=\"twitter:data2\" content=\"2 minutos\" \/>\n<script type=\"application\/ld+json\" class=\"yoast-schema-graph\">{\"@context\":\"https:\\\/\\\/schema.org\",\"@graph\":[{\"@type\":\"Article\",\"@id\":\"https:\\\/\\\/www.muyjujuy.com\\\/index.php\\\/2022\\\/09\\\/28\\\/https-www-muyjujuy-com-index-php-2022-09-28-no-habra-hinchada-visitante-en-el-encuentro-gimnasia-y-san-martin-de-tucuman\\\/#article\",\"isPartOf\":{\"@id\":\"https:\\\/\\\/www.muyjujuy.com\\\/index.php\\\/2022\\\/09\\\/28\\\/https-www-muyjujuy-com-index-php-2022-09-28-no-habra-hinchada-visitante-en-el-encuentro-gimnasia-y-san-martin-de-tucuman\\\/\"},\"author\":{\"name\":\"Redacci\u00f3n Muy Jujuy\",\"@id\":\"https:\\\/\\\/www.muyjujuy.com\\\/#\\\/schema\\\/person\\\/1d0f6e223ccea9e3f9034c1a5b683bf2\"},\"headline\":\"No habr\u00e1 hinchada visitante en el encuentro Gimnasia y San Mart\u00edn de Tucum\u00e1n\",\"datePublished\":\"2022-09-28T20:37:54+00:00\",\"dateModified\":\"2022-09-28T20:38:42+00:00\",\"mainEntityOfPage\":{\"@id\":\"https:\\\/\\\/www.muyjujuy.com\\\/index.php\\\/2022\\\/09\\\/28\\\/https-www-muyjujuy-com-index-php-2022-09-28-no-habra-hinchada-visitante-en-el-encuentro-gimnasia-y-san-martin-de-tucuman\\\/\"},\"wordCount\":301,\"commentCount\":0,\"publisher\":{\"@id\":\"https:\\\/\\\/www.muyjujuy.com\\\/#organization\"},\"image\":{\"@id\":\"https:\\\/\\\/www.muyjujuy.com\\\/index.php\\\/2022\\\/09\\\/28\\\/https-www-muyjujuy-com-index-php-2022-09-28-no-habra-hinchada-visitante-en-el-encuentro-gimnasia-y-san-martin-de-tucuman\\\/#primaryimage\"},\"thumbnailUrl\":\"https:\\\/\\\/www.muyjujuy.com\\\/wp-content\\\/uploads\\\/2022\\\/09\\\/WhatsApp-Image-2022-09-28-at-17.29.16.jpeg\",\"keywords\":[\"Gimnasia de Jujuy\",\"Jujuy\"],\"articleSection\":[\"Deportes\"],\"inLanguage\":\"es-AR\",\"potentialAction\":[{\"@type\":\"CommentAction\",\"name\":\"Comment\",\"target\":[\"https:\\\/\\\/www.muyjujuy.com\\\/index.php\\\/2022\\\/09\\\/28\\\/https-www-muyjujuy-com-index-php-2022-09-28-no-habra-hinchada-visitante-en-el-encuentro-gimnasia-y-san-martin-de-tucuman\\\/#respond\"]}]},{\"@type\":\"WebPage\",\"@id\":\"https:\\\/\\\/www.muyjujuy.com\\\/index.php\\\/2022\\\/09\\\/28\\\/https-www-muyjujuy-com-index-php-2022-09-28-no-habra-hinchada-visitante-en-el-encuentro-gimnasia-y-san-martin-de-tucuman\\\/\",\"url\":\"https:\\\/\\\/www.muyjujuy.com\\\/index.php\\\/2022\\\/09\\\/28\\\/https-www-muyjujuy-com-index-php-2022-09-28-no-habra-hinchada-visitante-en-el-encuentro-gimnasia-y-san-martin-de-tucuman\\\/\",\"name\":\"No habr\u00e1 hinchada visitante en el encuentro Gimnasia y San Mart\u00edn de Tucum\u00e1n - Muy Jujuy\",\"isPartOf\":{\"@id\":\"https:\\\/\\\/www.muyjujuy.com\\\/#website\"},\"primaryImageOfPage\":{\"@id\":\"https:\\\/\\\/www.muyjujuy.com\\\/index.php\\\/2022\\\/09\\\/28\\\/https-www-muyjujuy-com-index-php-2022-09-28-no-habra-hinchada-visitante-en-el-encuentro-gimnasia-y-san-martin-de-tucuman\\\/#primaryimage\"},\"image\":{\"@id\":\"https:\\\/\\\/www.muyjujuy.com\\\/index.php\\\/2022\\\/09\\\/28\\\/https-www-muyjujuy-com-index-php-2022-09-28-no-habra-hinchada-visitante-en-el-encuentro-gimnasia-y-san-martin-de-tucuman\\\/#primaryimage\"},\"thumbnailUrl\":\"https:\\\/\\\/www.muyjujuy.com\\\/wp-content\\\/uploads\\\/2022\\\/09\\\/WhatsApp-Image-2022-09-28-at-17.29.16.jpeg\",\"datePublished\":\"2022-09-28T20:37:54+00:00\",\"dateModified\":\"2022-09-28T20:38:42+00:00\",\"breadcrumb\":{\"@id\":\"https:\\\/\\\/www.muyjujuy.com\\\/index.php\\\/2022\\\/09\\\/28\\\/https-www-muyjujuy-com-index-php-2022-09-28-no-habra-hinchada-visitante-en-el-encuentro-gimnasia-y-san-martin-de-tucuman\\\/#breadcrumb\"},\"inLanguage\":\"es-AR\",\"potentialAction\":[{\"@type\":\"ReadAction\",\"target\":[\"https:\\\/\\\/www.muyjujuy.com\\\/index.php\\\/2022\\\/09\\\/28\\\/https-www-muyjujuy-com-index-php-2022-09-28-no-habra-hinchada-visitante-en-el-encuentro-gimnasia-y-san-martin-de-tucuman\\\/\"]}]},{\"@type\":\"ImageObject\",\"inLanguage\":\"es-AR\",\"@id\":\"https:\\\/\\\/www.muyjujuy.com\\\/index.php\\\/2022\\\/09\\\/28\\\/https-www-muyjujuy-com-index-php-2022-09-28-no-habra-hinchada-visitante-en-el-encuentro-gimnasia-y-san-martin-de-tucuman\\\/#primaryimage\",\"url\":\"https:\\\/\\\/www.muyjujuy.com\\\/wp-content\\\/uploads\\\/2022\\\/09\\\/WhatsApp-Image-2022-09-28-at-17.29.16.jpeg\",\"contentUrl\":\"https:\\\/\\\/www.muyjujuy.com\\\/wp-content\\\/uploads\\\/2022\\\/09\\\/WhatsApp-Image-2022-09-28-at-17.29.16.jpeg\",\"width\":990,\"height\":610},{\"@type\":\"BreadcrumbList\",\"@id\":\"https:\\\/\\\/www.muyjujuy.com\\\/index.php\\\/2022\\\/09\\\/28\\\/https-www-muyjujuy-com-index-php-2022-09-28-no-habra-hinchada-visitante-en-el-encuentro-gimnasia-y-san-martin-de-tucuman\\\/#breadcrumb\",\"itemListElement\":[{\"@type\":\"ListItem\",\"position\":1,\"name\":\"Inicio\",\"item\":\"https:\\\/\\\/www.muyjujuy.com\\\/\"},{\"@type\":\"ListItem\",\"position\":2,\"name\":\"No habr\u00e1 hinchada visitante en el encuentro Gimnasia y San Mart\u00edn de Tucum\u00e1n\"}]},{\"@type\":\"WebSite\",\"@id\":\"https:\\\/\\\/www.muyjujuy.com\\\/#website\",\"url\":\"https:\\\/\\\/www.muyjujuy.com\\\/\",\"name\":\"Muy Jujuy\",\"description\":\"\",\"publisher\":{\"@id\":\"https:\\\/\\\/www.muyjujuy.com\\\/#organization\"},\"potentialAction\":[{\"@type\":\"SearchAction\",\"target\":{\"@type\":\"EntryPoint\",\"urlTemplate\":\"https:\\\/\\\/www.muyjujuy.com\\\/?s={search_term_string}\"},\"query-input\":{\"@type\":\"PropertyValueSpecification\",\"valueRequired\":true,\"valueName\":\"search_term_string\"}}],\"inLanguage\":\"es-AR\"},{\"@type\":\"Organization\",\"@id\":\"https:\\\/\\\/www.muyjujuy.com\\\/#organization\",\"name\":\"Muy Jujuy\",\"url\":\"https:\\\/\\\/www.muyjujuy.com\\\/\",\"logo\":{\"@type\":\"ImageObject\",\"inLanguage\":\"es-AR\",\"@id\":\"https:\\\/\\\/www.muyjujuy.com\\\/#\\\/schema\\\/logo\\\/image\\\/\",\"url\":\"http:\\\/\\\/www.muyjujuy.com\\\/wp-content\\\/uploads\\\/2022\\\/05\\\/logo-mobil-jujuy.png\",\"contentUrl\":\"http:\\\/\\\/www.muyjujuy.com\\\/wp-content\\\/uploads\\\/2022\\\/05\\\/logo-mobil-jujuy.png\",\"width\":174,\"height\":81,\"caption\":\"Muy Jujuy\"},\"image\":{\"@id\":\"https:\\\/\\\/www.muyjujuy.com\\\/#\\\/schema\\\/logo\\\/image\\\/\"},\"sameAs\":[\"https:\\\/\\\/www.facebook.com\\\/muyjujuycom\",\"https:\\\/\\\/x.com\\\/muyjujuy\",\"https:\\\/\\\/www.instagram.com\\\/muyjujuycom\"]},{\"@type\":\"Person\",\"@id\":\"https:\\\/\\\/www.muyjujuy.com\\\/#\\\/schema\\\/person\\\/1d0f6e223ccea9e3f9034c1a5b683bf2\",\"name\":\"Redacci\u00f3n Muy Jujuy\",\"image\":{\"@type\":\"ImageObject\",\"inLanguage\":\"es-AR\",\"@id\":\"https:\\\/\\\/secure.gravatar.com\\\/avatar\\\/fec5f6f1893d741ed5eecccff109ce43e67a855411202a3212a058cb8e5c27d4?s=96&d=mm&r=g\",\"url\":\"https:\\\/\\\/secure.gravatar.com\\\/avatar\\\/fec5f6f1893d741ed5eecccff109ce43e67a855411202a3212a058cb8e5c27d4?s=96&d=mm&r=g\",\"contentUrl\":\"https:\\\/\\\/secure.gravatar.com\\\/avatar\\\/fec5f6f1893d741ed5eecccff109ce43e67a855411202a3212a058cb8e5c27d4?s=96&d=mm&r=g\",\"caption\":\"Redacci\u00f3n Muy Jujuy\"},\"url\":\"https:\\\/\\\/www.muyjujuy.com\\\/index.php\\\/author\\\/editor\\\/\"}]}<\/script>\n<!-- \/ Yoast SEO plugin. -->","yoast_head_json":{"title":"No habr\u00e1 hinchada visitante en el encuentro Gimnasia y San Mart\u00edn de Tucum\u00e1n - Muy Jujuy","robots":{"index":"index","follow":"follow","max-snippet":"max-snippet:-1","max-image-preview":"max-image-preview:large","max-video-preview":"max-video-preview:-1"},"canonical":"https:\/\/www.muyjujuy.com\/index.php\/2022\/09\/28\/https-www-muyjujuy-com-index-php-2022-09-28-no-habra-hinchada-visitante-en-el-encuentro-gimnasia-y-san-martin-de-tucuman\/","og_locale":"es_ES","og_type":"article","og_title":"No habr\u00e1 hinchada visitante en el encuentro Gimnasia y San Mart\u00edn de Tucum\u00e1n - Muy Jujuy","og_description":"Gimnasia de Jujuy y San Mart\u00edn de Tucum\u00e1n se enfrentar\u00e1n este viernes a las 21 y se defini\u00f3 que se jugar\u00e1 sin la presencia de p\u00fablico visitante. &#8220;Esta disposici\u00f3n, fue tomada debido a que nuestra instituci\u00f3n no recibi\u00f3 ning\u00fan pedido por parte de la Comisi\u00f3n Directiva del Club Atl\u00e9tico San Mart\u00edn, solicitando la presencia de [&hellip;]","og_url":"https:\/\/www.muyjujuy.com\/index.php\/2022\/09\/28\/https-www-muyjujuy-com-index-php-2022-09-28-no-habra-hinchada-visitante-en-el-encuentro-gimnasia-y-san-martin-de-tucuman\/","og_site_name":"Muy Jujuy","article_publisher":"https:\/\/www.facebook.com\/muyjujuycom","article_published_time":"2022-09-28T20:37:54+00:00","article_modified_time":"2022-09-28T20:38:42+00:00","og_image":[{"width":990,"height":610,"url":"https:\/\/www.muyjujuy.com\/wp-content\/uploads\/2022\/09\/WhatsApp-Image-2022-09-28-at-17.29.16.jpeg","type":"image\/jpeg"}],"author":"Redacci\u00f3n Muy Jujuy","twitter_card":"summary_large_image","twitter_creator":"@muyjujuy","twitter_site":"@muyjujuy","twitter_misc":{"Escrito por":"Redacci\u00f3n Muy Jujuy","Tiempo de lectura":"2 minutos"},"schema":{"@context":"https:\/\/schema.org","@graph":[{"@type":"Article","@id":"https:\/\/www.muyjujuy.com\/index.php\/2022\/09\/28\/https-www-muyjujuy-com-index-php-2022-09-28-no-habra-hinchada-visitante-en-el-encuentro-gimnasia-y-san-martin-de-tucuman\/#article","isPartOf":{"@id":"https:\/\/www.muyjujuy.com\/index.php\/2022\/09\/28\/https-www-muyjujuy-com-index-php-2022-09-28-no-habra-hinchada-visitante-en-el-encuentro-gimnasia-y-san-martin-de-tucuman\/"},"author":{"name":"Redacci\u00f3n Muy Jujuy","@id":"https:\/\/www.muyjujuy.com\/#\/schema\/person\/1d0f6e223ccea9e3f9034c1a5b683bf2"},"headline":"No habr\u00e1 hinchada visitante en el encuentro Gimnasia y San Mart\u00edn de Tucum\u00e1n","datePublished":"2022-09-28T20:37:54+00:00","dateModified":"2022-09-28T20:38:42+00:00","mainEntityOfPage":{"@id":"https:\/\/www.muyjujuy.com\/index.php\/2022\/09\/28\/https-www-muyjujuy-com-index-php-2022-09-28-no-habra-hinchada-visitante-en-el-encuentro-gimnasia-y-san-martin-de-tucuman\/"},"wordCount":301,"commentCount":0,"publisher":{"@id":"https:\/\/www.muyjujuy.com\/#organization"},"image":{"@id":"https:\/\/www.muyjujuy.com\/index.php\/2022\/09\/28\/https-www-muyjujuy-com-index-php-2022-09-28-no-habra-hinchada-visitante-en-el-encuentro-gimnasia-y-san-martin-de-tucuman\/#primaryimage"},"thumbnailUrl":"https:\/\/www.muyjujuy.com\/wp-content\/uploads\/2022\/09\/WhatsApp-Image-2022-09-28-at-17.29.16.jpeg","keywords":["Gimnasia de Jujuy","Jujuy"],"articleSection":["Deportes"],"inLanguage":"es-AR","potentialAction":[{"@type":"CommentAction","name":"Comment","target":["https:\/\/www.muyjujuy.com\/index.php\/2022\/09\/28\/https-www-muyjujuy-com-index-php-2022-09-28-no-habra-hinchada-visitante-en-el-encuentro-gimnasia-y-san-martin-de-tucuman\/#respond"]}]},{"@type":"WebPage","@id":"https:\/\/www.muyjujuy.com\/index.php\/2022\/09\/28\/https-www-muyjujuy-com-index-php-2022-09-28-no-habra-hinchada-visitante-en-el-encuentro-gimnasia-y-san-martin-de-tucuman\/","url":"https:\/\/www.muyjujuy.com\/index.php\/2022\/09\/28\/https-www-muyjujuy-com-index-php-2022-09-28-no-habra-hinchada-visitante-en-el-encuentro-gimnasia-y-san-martin-de-tucuman\/","name":"No habr\u00e1 hinchada visitante en el encuentro Gimnasia y San Mart\u00edn de Tucum\u00e1n - Muy Jujuy","isPartOf":{"@id":"https:\/\/www.muyjujuy.com\/#website"},"primaryImageOfPage":{"@id":"https:\/\/www.muyjujuy.com\/index.php\/2022\/09\/28\/https-www-muyjujuy-com-index-php-2022-09-28-no-habra-hinchada-visitante-en-el-encuentro-gimnasia-y-san-martin-de-tucuman\/#primaryimage"},"image":{"@id":"https:\/\/www.muyjujuy.com\/index.php\/2022\/09\/28\/https-www-muyjujuy-com-index-php-2022-09-28-no-habra-hinchada-visitante-en-el-encuentro-gimnasia-y-san-martin-de-tucuman\/#primaryimage"},"thumbnailUrl":"https:\/\/www.muyjujuy.com\/wp-content\/uploads\/2022\/09\/WhatsApp-Image-2022-09-28-at-17.29.16.jpeg","datePublished":"2022-09-28T20:37:54+00:00","dateModified":"2022-09-28T20:38:42+00:00","breadcrumb":{"@id":"https:\/\/www.muyjujuy.com\/index.php\/2022\/09\/28\/https-www-muyjujuy-com-index-php-2022-09-28-no-habra-hinchada-visitante-en-el-encuentro-gimnasia-y-san-martin-de-tucuman\/#breadcrumb"},"inLanguage":"es-AR","potentialAction":[{"@type":"ReadAction","target":["https:\/\/www.muyjujuy.com\/index.php\/2022\/09\/28\/https-www-muyjujuy-com-index-php-2022-09-28-no-habra-hinchada-visitante-en-el-encuentro-gimnasia-y-san-martin-de-tucuman\/"]}]},{"@type":"ImageObject","inLanguage":"es-AR","@id":"https:\/\/www.muyjujuy.com\/index.php\/2022\/09\/28\/https-www-muyjujuy-com-index-php-2022-09-28-no-habra-hinchada-visitante-en-el-encuentro-gimnasia-y-san-martin-de-tucuman\/#primaryimage","url":"https:\/\/www.muyjujuy.com\/wp-content\/uploads\/2022\/09\/WhatsApp-Image-2022-09-28-at-17.29.16.jpeg","contentUrl":"https:\/\/www.muyjujuy.com\/wp-content\/uploads\/2022\/09\/WhatsApp-Image-2022-09-28-at-17.29.16.jpeg","width":990,"height":610},{"@type":"BreadcrumbList","@id":"https:\/\/www.muyjujuy.com\/index.php\/2022\/09\/28\/https-www-muyjujuy-com-index-php-2022-09-28-no-habra-hinchada-visitante-en-el-encuentro-gimnasia-y-san-martin-de-tucuman\/#breadcrumb","itemListElement":[{"@type":"ListItem","position":1,"name":"Inicio","item":"https:\/\/www.muyjujuy.com\/"},{"@type":"ListItem","position":2,"name":"No habr\u00e1 hinchada visitante en el encuentro Gimnasia y San Mart\u00edn de Tucum\u00e1n"}]},{"@type":"WebSite","@id":"https:\/\/www.muyjujuy.com\/#website","url":"https:\/\/www.muyjujuy.com\/","name":"Muy Jujuy","description":"","publisher":{"@id":"https:\/\/www.muyjujuy.com\/#organization"},"potentialAction":[{"@type":"SearchAction","target":{"@type":"EntryPoint","urlTemplate":"https:\/\/www.muyjujuy.com\/?s={search_term_string}"},"query-input":{"@type":"PropertyValueSpecification","valueRequired":true,"valueName":"search_term_string"}}],"inLanguage":"es-AR"},{"@type":"Organization","@id":"https:\/\/www.muyjujuy.com\/#organization","name":"Muy Jujuy","url":"https:\/\/www.muyjujuy.com\/","logo":{"@type":"ImageObject","inLanguage":"es-AR","@id":"https:\/\/www.muyjujuy.com\/#\/schema\/logo\/image\/","url":"http:\/\/www.muyjujuy.com\/wp-content\/uploads\/2022\/05\/logo-mobil-jujuy.png","contentUrl":"http:\/\/www.muyjujuy.com\/wp-content\/uploads\/2022\/05\/logo-mobil-jujuy.png","width":174,"height":81,"caption":"Muy Jujuy"},"image":{"@id":"https:\/\/www.muyjujuy.com\/#\/schema\/logo\/image\/"},"sameAs":["https:\/\/www.facebook.com\/muyjujuycom","https:\/\/x.com\/muyjujuy","https:\/\/www.instagram.com\/muyjujuycom"]},{"@type":"Person","@id":"https:\/\/www.muyjujuy.com\/#\/schema\/person\/1d0f6e223ccea9e3f9034c1a5b683bf2","name":"Redacci\u00f3n Muy Jujuy","image":{"@type":"ImageObject","inLanguage":"es-AR","@id":"https:\/\/secure.gravatar.com\/avatar\/fec5f6f1893d741ed5eecccff109ce43e67a855411202a3212a058cb8e5c27d4?s=96&d=mm&r=g","url":"https:\/\/secure.gravatar.com\/avatar\/fec5f6f1893d741ed5eecccff109ce43e67a855411202a3212a058cb8e5c27d4?s=96&d=mm&r=g","contentUrl":"https:\/\/secure.gravatar.com\/avatar\/fec5f6f1893d741ed5eecccff109ce43e67a855411202a3212a058cb8e5c27d4?s=96&d=mm&r=g","caption":"Redacci\u00f3n Muy Jujuy"},"url":"https:\/\/www.muyjujuy.com\/index.php\/author\/editor\/"}]}},"_links":{"self":[{"href":"https:\/\/www.muyjujuy.com\/index.php\/wp-json\/wp\/v2\/posts\/1617","targetHints":{"allow":["GET"]}}],"collection":[{"href":"https:\/\/www.muyjujuy.com\/index.php\/wp-json\/wp\/v2\/posts"}],"about":[{"href":"https:\/\/www.muyjujuy.com\/index.php\/wp-json\/wp\/v2\/types\/post"}],"author":[{"embeddable":true,"href":"https:\/\/www.muyjujuy.com\/index.php\/wp-json\/wp\/v2\/users\/3"}],"replies":[{"embeddable":true,"href":"https:\/\/www.muyjujuy.com\/index.php\/wp-json\/wp\/v2\/comments?post=1617"}],"version-history":[{"count":3,"href":"https:\/\/www.muyjujuy.com\/index.php\/wp-json\/wp\/v2\/posts\/1617\/revisions"}],"predecessor-version":[{"id":1621,"href":"https:\/\/www.muyjujuy.com\/index.php\/wp-json\/wp\/v2\/posts\/1617\/revisions\/1621"}],"wp:featuredmedia":[{"embeddable":true,"href":"https:\/\/www.muyjujuy.com\/index.php\/wp-json\/wp\/v2\/media\/1618"}],"wp:attachment":[{"href":"https:\/\/www.muyjujuy.com\/index.php\/wp-json\/wp\/v2\/media?parent=1617"}],"wp:term":[{"taxonomy":"category","embeddable":true,"href":"https:\/\/www.muyjujuy.com\/index.php\/wp-json\/wp\/v2\/categories?post=1617"},{"taxonomy":"post_tag","embeddable":true,"href":"https:\/\/www.muyjujuy.com\/index.php\/wp-json\/wp\/v2\/tags?post=1617"}],"curies":[{"name":"wp","href":"https:\/\/api.w.org\/{rel}","templated":true}]}}