{"id":1625,"date":"2022-09-29T14:28:55","date_gmt":"2022-09-29T17:28:55","guid":{"rendered":"https:\/\/www.muyjujuy.com\/?p=1625"},"modified":"2022-09-29T14:28:58","modified_gmt":"2022-09-29T17:28:58","slug":"morales-por-primera-vez-el-norte-grande-llega-a-estados-unidos-con-un-plan-articulado-y-fuerte-representacion","status":"publish","type":"post","link":"https:\/\/www.muyjujuy.com\/index.php\/2022\/09\/29\/morales-por-primera-vez-el-norte-grande-llega-a-estados-unidos-con-un-plan-articulado-y-fuerte-representacion\/","title":{"rendered":"Morales: &#8220;Por primera vez el Norte Grande llega a Estados Unidos con un plan articulado y fuerte representaci\u00f3n&#8221;"},"content":{"rendered":"\n<p><em>El gobernador destac\u00f3 la misi\u00f3n en Estados Unidos junto a sus pares del Norte Grande.<\/em><\/p>\n\n\n\n<p><\/p>\n\n\n\n<p>El gobernador de Jujuy, <strong>Gerardo Morales<\/strong>, traz\u00f3 un balance positivo de la agenda desarrollada en Estados Unidos, en el marco de la misi\u00f3n comercial e institucional emprendida por el Norte Grande. <\/p>\n\n\n\n<p>Puso en valor la<strong> &#8220;muy buena relaci\u00f3n&#8221; <\/strong>y la &#8220;mejor intenci\u00f3n&#8221; de organismos oficiales y multilaterales de cr\u00e9dito de &#8220;materializar aportes y esfuerzos&#8221; que permitan superar la crisis a la regi\u00f3n.<\/p>\n\n\n\n<p>Gerardo Morales sostuvo que para el Norte Grande y la Rep\u00fablica Argentina resulta \u201chist\u00f3rica\u201d la misi\u00f3n comercial e institucional que los gobernadores de la regi\u00f3n.<\/p>\n\n\n\n<p>&#8220;<strong>Es la primera vez que llegamos con una s\u00f3lida representaci\u00f3n de diez provincias, debidamente organizados e institucionalizados en los t\u00e9rminos del Art\u00edculo 124 de la Constituci\u00f3n. <\/strong>Con un plan articulado y acordado, con miras a terminar con las inequidades y poner en marcha la energ\u00eda productiva del Norte Grande\u201d, enfatiz\u00f3.<\/p>\n\n\n\n<p>Precis\u00f3 que \u201clas claves\u201d de la misi\u00f3n son la presentaci\u00f3n del master plan de inversiones en infraestructura productiva que prev\u00e9 obras por 30.000 millones de d\u00f3lares en 15 a\u00f1os.<\/p>\n\n\n\n<p>Tambi\u00e9n adelantar el plan maestro de log\u00edstica que se encuentra en fase de definici\u00f3n con el Consejo Federal de Inversiones (CFI).<\/p>\n\n\n\n<p>Ambos planes patentizan el desaf\u00edo de<strong> \u201cextremar esfuerzos para mejorar las condiciones de producci\u00f3n\u201d. <\/strong><\/p>\n\n\n\n<p>Y por este camino \u201ccrear trabajo como medida central para combatir la pobreza\u201d.<\/p>\n\n\n\n<p>Adem\u00e1s, plante\u00f3 la necesidad de \u201cgenerar condiciones de equidad que permitan a la regi\u00f3n competir con el \u00e1rea n\u00facleo de la Argentina.<\/p>\n\n\n\n<p> Desde el convencimiento de que as\u00ed se podr\u00e1 crecer econ\u00f3mica y socialmente en forma sostenida, integral y arm\u00f3nica\u201d.<\/p>\n","protected":false},"excerpt":{"rendered":"<p>El gobernador destac\u00f3 la misi\u00f3n en Estados Unidos junto a sus pares del Norte Grande. El gobernador de Jujuy, Gerardo Morales, traz\u00f3 un balance positivo de la agenda desarrollada en Estados Unidos, en el marco de la misi\u00f3n comercial e institucional emprendida por el Norte Grande. Puso en valor la &#8220;muy buena relaci\u00f3n&#8221; y la [&hellip;]<\/p>\n","protected":false},"author":3,"featured_media":1626,"comment_status":"open","ping_status":"open","sticky":false,"template":"","format":"standard","meta":{"footnotes":""},"categories":[24],"tags":[5,8],"class_list":{"0":"post-1625","1":"post","2":"type-post","3":"status-publish","4":"format-standard","5":"has-post-thumbnail","7":"category-politica","8":"tag-gerardo-morales","9":"tag-jujuy"},"yoast_head":"<!-- This site is optimized with the Yoast SEO plugin v27.5 - https:\/\/yoast.com\/product\/yoast-seo-wordpress\/ -->\n<title>Morales: &quot;Por primera vez el Norte Grande llega a Estados Unidos con un plan articulado y fuerte representaci\u00f3n&quot; - Muy Jujuy<\/title>\n<meta name=\"description\" content=\"El gobernador destac\u00f3 la misi\u00f3n en Estados Unidos junto a sus pares del Norte Grande para potenciar la regi\u00f3n.\" \/>\n<meta name=\"robots\" content=\"index, follow, max-snippet:-1, max-image-preview:large, max-video-preview:-1\" \/>\n<link rel=\"canonical\" href=\"https:\/\/www.muyjujuy.com\/index.php\/2022\/09\/29\/morales-por-primera-vez-el-norte-grande-llega-a-estados-unidos-con-un-plan-articulado-y-fuerte-representacion\/\" \/>\n<meta property=\"og:locale\" content=\"es_ES\" \/>\n<meta property=\"og:type\" content=\"article\" \/>\n<meta property=\"og:title\" content=\"Morales: &quot;Por primera vez el Norte Grande llega a Estados Unidos con un plan articulado y fuerte representaci\u00f3n&quot; - Muy Jujuy\" \/>\n<meta property=\"og:description\" content=\"El gobernador destac\u00f3 la misi\u00f3n en Estados Unidos junto a sus pares del Norte Grande para potenciar la regi\u00f3n.\" \/>\n<meta property=\"og:url\" content=\"https:\/\/www.muyjujuy.com\/index.php\/2022\/09\/29\/morales-por-primera-vez-el-norte-grande-llega-a-estados-unidos-con-un-plan-articulado-y-fuerte-representacion\/\" \/>\n<meta property=\"og:site_name\" content=\"Muy Jujuy\" \/>\n<meta property=\"article:publisher\" content=\"https:\/\/www.facebook.com\/muyjujuycom\" \/>\n<meta property=\"article:published_time\" content=\"2022-09-29T17:28:55+00:00\" \/>\n<meta property=\"article:modified_time\" content=\"2022-09-29T17:28:58+00:00\" \/>\n<meta property=\"og:image\" content=\"https:\/\/www.muyjujuy.com\/wp-content\/uploads\/2022\/09\/girajpg.jpg\" \/>\n\t<meta property=\"og:image:width\" content=\"412\" \/>\n\t<meta property=\"og:image:height\" content=\"232\" \/>\n\t<meta property=\"og:image:type\" content=\"image\/jpeg\" \/>\n<meta name=\"author\" content=\"Redacci\u00f3n Muy Jujuy\" \/>\n<meta name=\"twitter:card\" content=\"summary_large_image\" \/>\n<meta name=\"twitter:creator\" content=\"@muyjujuy\" \/>\n<meta name=\"twitter:site\" content=\"@muyjujuy\" \/>\n<meta name=\"twitter:label1\" content=\"Escrito por\" \/>\n\t<meta name=\"twitter:data1\" content=\"Redacci\u00f3n Muy Jujuy\" \/>\n\t<meta name=\"twitter:label2\" content=\"Tiempo de lectura\" \/>\n\t<meta name=\"twitter:data2\" content=\"2 minutos\" \/>\n<script type=\"application\/ld+json\" class=\"yoast-schema-graph\">{\"@context\":\"https:\\\/\\\/schema.org\",\"@graph\":[{\"@type\":\"Article\",\"@id\":\"https:\\\/\\\/www.muyjujuy.com\\\/index.php\\\/2022\\\/09\\\/29\\\/morales-por-primera-vez-el-norte-grande-llega-a-estados-unidos-con-un-plan-articulado-y-fuerte-representacion\\\/#article\",\"isPartOf\":{\"@id\":\"https:\\\/\\\/www.muyjujuy.com\\\/index.php\\\/2022\\\/09\\\/29\\\/morales-por-primera-vez-el-norte-grande-llega-a-estados-unidos-con-un-plan-articulado-y-fuerte-representacion\\\/\"},\"author\":{\"name\":\"Redacci\u00f3n Muy Jujuy\",\"@id\":\"https:\\\/\\\/www.muyjujuy.com\\\/#\\\/schema\\\/person\\\/1d0f6e223ccea9e3f9034c1a5b683bf2\"},\"headline\":\"Morales: &#8220;Por primera vez el Norte Grande llega a Estados Unidos con un plan articulado y fuerte representaci\u00f3n&#8221;\",\"datePublished\":\"2022-09-29T17:28:55+00:00\",\"dateModified\":\"2022-09-29T17:28:58+00:00\",\"mainEntityOfPage\":{\"@id\":\"https:\\\/\\\/www.muyjujuy.com\\\/index.php\\\/2022\\\/09\\\/29\\\/morales-por-primera-vez-el-norte-grande-llega-a-estados-unidos-con-un-plan-articulado-y-fuerte-representacion\\\/\"},\"wordCount\":315,\"commentCount\":0,\"publisher\":{\"@id\":\"https:\\\/\\\/www.muyjujuy.com\\\/#organization\"},\"image\":{\"@id\":\"https:\\\/\\\/www.muyjujuy.com\\\/index.php\\\/2022\\\/09\\\/29\\\/morales-por-primera-vez-el-norte-grande-llega-a-estados-unidos-con-un-plan-articulado-y-fuerte-representacion\\\/#primaryimage\"},\"thumbnailUrl\":\"https:\\\/\\\/www.muyjujuy.com\\\/wp-content\\\/uploads\\\/2022\\\/09\\\/girajpg.jpg\",\"keywords\":[\"Gerardo Morales\",\"Jujuy\"],\"articleSection\":[\"Pol\u00edtica\"],\"inLanguage\":\"es-AR\",\"potentialAction\":[{\"@type\":\"CommentAction\",\"name\":\"Comment\",\"target\":[\"https:\\\/\\\/www.muyjujuy.com\\\/index.php\\\/2022\\\/09\\\/29\\\/morales-por-primera-vez-el-norte-grande-llega-a-estados-unidos-con-un-plan-articulado-y-fuerte-representacion\\\/#respond\"]}]},{\"@type\":\"WebPage\",\"@id\":\"https:\\\/\\\/www.muyjujuy.com\\\/index.php\\\/2022\\\/09\\\/29\\\/morales-por-primera-vez-el-norte-grande-llega-a-estados-unidos-con-un-plan-articulado-y-fuerte-representacion\\\/\",\"url\":\"https:\\\/\\\/www.muyjujuy.com\\\/index.php\\\/2022\\\/09\\\/29\\\/morales-por-primera-vez-el-norte-grande-llega-a-estados-unidos-con-un-plan-articulado-y-fuerte-representacion\\\/\",\"name\":\"Morales: \\\"Por primera vez el Norte Grande llega a Estados Unidos con un plan articulado y fuerte representaci\u00f3n\\\" - Muy Jujuy\",\"isPartOf\":{\"@id\":\"https:\\\/\\\/www.muyjujuy.com\\\/#website\"},\"primaryImageOfPage\":{\"@id\":\"https:\\\/\\\/www.muyjujuy.com\\\/index.php\\\/2022\\\/09\\\/29\\\/morales-por-primera-vez-el-norte-grande-llega-a-estados-unidos-con-un-plan-articulado-y-fuerte-representacion\\\/#primaryimage\"},\"image\":{\"@id\":\"https:\\\/\\\/www.muyjujuy.com\\\/index.php\\\/2022\\\/09\\\/29\\\/morales-por-primera-vez-el-norte-grande-llega-a-estados-unidos-con-un-plan-articulado-y-fuerte-representacion\\\/#primaryimage\"},\"thumbnailUrl\":\"https:\\\/\\\/www.muyjujuy.com\\\/wp-content\\\/uploads\\\/2022\\\/09\\\/girajpg.jpg\",\"datePublished\":\"2022-09-29T17:28:55+00:00\",\"dateModified\":\"2022-09-29T17:28:58+00:00\",\"description\":\"El gobernador destac\u00f3 la misi\u00f3n en Estados Unidos junto a sus pares del Norte Grande para potenciar la regi\u00f3n.\",\"breadcrumb\":{\"@id\":\"https:\\\/\\\/www.muyjujuy.com\\\/index.php\\\/2022\\\/09\\\/29\\\/morales-por-primera-vez-el-norte-grande-llega-a-estados-unidos-con-un-plan-articulado-y-fuerte-representacion\\\/#breadcrumb\"},\"inLanguage\":\"es-AR\",\"potentialAction\":[{\"@type\":\"ReadAction\",\"target\":[\"https:\\\/\\\/www.muyjujuy.com\\\/index.php\\\/2022\\\/09\\\/29\\\/morales-por-primera-vez-el-norte-grande-llega-a-estados-unidos-con-un-plan-articulado-y-fuerte-representacion\\\/\"]}]},{\"@type\":\"ImageObject\",\"inLanguage\":\"es-AR\",\"@id\":\"https:\\\/\\\/www.muyjujuy.com\\\/index.php\\\/2022\\\/09\\\/29\\\/morales-por-primera-vez-el-norte-grande-llega-a-estados-unidos-con-un-plan-articulado-y-fuerte-representacion\\\/#primaryimage\",\"url\":\"https:\\\/\\\/www.muyjujuy.com\\\/wp-content\\\/uploads\\\/2022\\\/09\\\/girajpg.jpg\",\"contentUrl\":\"https:\\\/\\\/www.muyjujuy.com\\\/wp-content\\\/uploads\\\/2022\\\/09\\\/girajpg.jpg\",\"width\":412,\"height\":232},{\"@type\":\"BreadcrumbList\",\"@id\":\"https:\\\/\\\/www.muyjujuy.com\\\/index.php\\\/2022\\\/09\\\/29\\\/morales-por-primera-vez-el-norte-grande-llega-a-estados-unidos-con-un-plan-articulado-y-fuerte-representacion\\\/#breadcrumb\",\"itemListElement\":[{\"@type\":\"ListItem\",\"position\":1,\"name\":\"Inicio\",\"item\":\"https:\\\/\\\/www.muyjujuy.com\\\/\"},{\"@type\":\"ListItem\",\"position\":2,\"name\":\"Morales: &#8220;Por primera vez el Norte Grande llega a Estados Unidos con un plan articulado y fuerte representaci\u00f3n&#8221;\"}]},{\"@type\":\"WebSite\",\"@id\":\"https:\\\/\\\/www.muyjujuy.com\\\/#website\",\"url\":\"https:\\\/\\\/www.muyjujuy.com\\\/\",\"name\":\"Muy Jujuy\",\"description\":\"\",\"publisher\":{\"@id\":\"https:\\\/\\\/www.muyjujuy.com\\\/#organization\"},\"potentialAction\":[{\"@type\":\"SearchAction\",\"target\":{\"@type\":\"EntryPoint\",\"urlTemplate\":\"https:\\\/\\\/www.muyjujuy.com\\\/?s={search_term_string}\"},\"query-input\":{\"@type\":\"PropertyValueSpecification\",\"valueRequired\":true,\"valueName\":\"search_term_string\"}}],\"inLanguage\":\"es-AR\"},{\"@type\":\"Organization\",\"@id\":\"https:\\\/\\\/www.muyjujuy.com\\\/#organization\",\"name\":\"Muy Jujuy\",\"url\":\"https:\\\/\\\/www.muyjujuy.com\\\/\",\"logo\":{\"@type\":\"ImageObject\",\"inLanguage\":\"es-AR\",\"@id\":\"https:\\\/\\\/www.muyjujuy.com\\\/#\\\/schema\\\/logo\\\/image\\\/\",\"url\":\"http:\\\/\\\/www.muyjujuy.com\\\/wp-content\\\/uploads\\\/2022\\\/05\\\/logo-mobil-jujuy.png\",\"contentUrl\":\"http:\\\/\\\/www.muyjujuy.com\\\/wp-content\\\/uploads\\\/2022\\\/05\\\/logo-mobil-jujuy.png\",\"width\":174,\"height\":81,\"caption\":\"Muy Jujuy\"},\"image\":{\"@id\":\"https:\\\/\\\/www.muyjujuy.com\\\/#\\\/schema\\\/logo\\\/image\\\/\"},\"sameAs\":[\"https:\\\/\\\/www.facebook.com\\\/muyjujuycom\",\"https:\\\/\\\/x.com\\\/muyjujuy\",\"https:\\\/\\\/www.instagram.com\\\/muyjujuycom\"]},{\"@type\":\"Person\",\"@id\":\"https:\\\/\\\/www.muyjujuy.com\\\/#\\\/schema\\\/person\\\/1d0f6e223ccea9e3f9034c1a5b683bf2\",\"name\":\"Redacci\u00f3n Muy Jujuy\",\"image\":{\"@type\":\"ImageObject\",\"inLanguage\":\"es-AR\",\"@id\":\"https:\\\/\\\/secure.gravatar.com\\\/avatar\\\/fec5f6f1893d741ed5eecccff109ce43e67a855411202a3212a058cb8e5c27d4?s=96&d=mm&r=g\",\"url\":\"https:\\\/\\\/secure.gravatar.com\\\/avatar\\\/fec5f6f1893d741ed5eecccff109ce43e67a855411202a3212a058cb8e5c27d4?s=96&d=mm&r=g\",\"contentUrl\":\"https:\\\/\\\/secure.gravatar.com\\\/avatar\\\/fec5f6f1893d741ed5eecccff109ce43e67a855411202a3212a058cb8e5c27d4?s=96&d=mm&r=g\",\"caption\":\"Redacci\u00f3n Muy Jujuy\"},\"url\":\"https:\\\/\\\/www.muyjujuy.com\\\/index.php\\\/author\\\/editor\\\/\"}]}<\/script>\n<!-- \/ Yoast SEO plugin. -->","yoast_head_json":{"title":"Morales: \"Por primera vez el Norte Grande llega a Estados Unidos con un plan articulado y fuerte representaci\u00f3n\" - Muy Jujuy","description":"El gobernador destac\u00f3 la misi\u00f3n en Estados Unidos junto a sus pares del Norte Grande para potenciar la regi\u00f3n.","robots":{"index":"index","follow":"follow","max-snippet":"max-snippet:-1","max-image-preview":"max-image-preview:large","max-video-preview":"max-video-preview:-1"},"canonical":"https:\/\/www.muyjujuy.com\/index.php\/2022\/09\/29\/morales-por-primera-vez-el-norte-grande-llega-a-estados-unidos-con-un-plan-articulado-y-fuerte-representacion\/","og_locale":"es_ES","og_type":"article","og_title":"Morales: \"Por primera vez el Norte Grande llega a Estados Unidos con un plan articulado y fuerte representaci\u00f3n\" - Muy Jujuy","og_description":"El gobernador destac\u00f3 la misi\u00f3n en Estados Unidos junto a sus pares del Norte Grande para potenciar la regi\u00f3n.","og_url":"https:\/\/www.muyjujuy.com\/index.php\/2022\/09\/29\/morales-por-primera-vez-el-norte-grande-llega-a-estados-unidos-con-un-plan-articulado-y-fuerte-representacion\/","og_site_name":"Muy Jujuy","article_publisher":"https:\/\/www.facebook.com\/muyjujuycom","article_published_time":"2022-09-29T17:28:55+00:00","article_modified_time":"2022-09-29T17:28:58+00:00","og_image":[{"width":412,"height":232,"url":"https:\/\/www.muyjujuy.com\/wp-content\/uploads\/2022\/09\/girajpg.jpg","type":"image\/jpeg"}],"author":"Redacci\u00f3n Muy Jujuy","twitter_card":"summary_large_image","twitter_creator":"@muyjujuy","twitter_site":"@muyjujuy","twitter_misc":{"Escrito por":"Redacci\u00f3n Muy Jujuy","Tiempo de lectura":"2 minutos"},"schema":{"@context":"https:\/\/schema.org","@graph":[{"@type":"Article","@id":"https:\/\/www.muyjujuy.com\/index.php\/2022\/09\/29\/morales-por-primera-vez-el-norte-grande-llega-a-estados-unidos-con-un-plan-articulado-y-fuerte-representacion\/#article","isPartOf":{"@id":"https:\/\/www.muyjujuy.com\/index.php\/2022\/09\/29\/morales-por-primera-vez-el-norte-grande-llega-a-estados-unidos-con-un-plan-articulado-y-fuerte-representacion\/"},"author":{"name":"Redacci\u00f3n Muy Jujuy","@id":"https:\/\/www.muyjujuy.com\/#\/schema\/person\/1d0f6e223ccea9e3f9034c1a5b683bf2"},"headline":"Morales: &#8220;Por primera vez el Norte Grande llega a Estados Unidos con un plan articulado y fuerte representaci\u00f3n&#8221;","datePublished":"2022-09-29T17:28:55+00:00","dateModified":"2022-09-29T17:28:58+00:00","mainEntityOfPage":{"@id":"https:\/\/www.muyjujuy.com\/index.php\/2022\/09\/29\/morales-por-primera-vez-el-norte-grande-llega-a-estados-unidos-con-un-plan-articulado-y-fuerte-representacion\/"},"wordCount":315,"commentCount":0,"publisher":{"@id":"https:\/\/www.muyjujuy.com\/#organization"},"image":{"@id":"https:\/\/www.muyjujuy.com\/index.php\/2022\/09\/29\/morales-por-primera-vez-el-norte-grande-llega-a-estados-unidos-con-un-plan-articulado-y-fuerte-representacion\/#primaryimage"},"thumbnailUrl":"https:\/\/www.muyjujuy.com\/wp-content\/uploads\/2022\/09\/girajpg.jpg","keywords":["Gerardo Morales","Jujuy"],"articleSection":["Pol\u00edtica"],"inLanguage":"es-AR","potentialAction":[{"@type":"CommentAction","name":"Comment","target":["https:\/\/www.muyjujuy.com\/index.php\/2022\/09\/29\/morales-por-primera-vez-el-norte-grande-llega-a-estados-unidos-con-un-plan-articulado-y-fuerte-representacion\/#respond"]}]},{"@type":"WebPage","@id":"https:\/\/www.muyjujuy.com\/index.php\/2022\/09\/29\/morales-por-primera-vez-el-norte-grande-llega-a-estados-unidos-con-un-plan-articulado-y-fuerte-representacion\/","url":"https:\/\/www.muyjujuy.com\/index.php\/2022\/09\/29\/morales-por-primera-vez-el-norte-grande-llega-a-estados-unidos-con-un-plan-articulado-y-fuerte-representacion\/","name":"Morales: \"Por primera vez el Norte Grande llega a Estados Unidos con un plan articulado y fuerte representaci\u00f3n\" - Muy Jujuy","isPartOf":{"@id":"https:\/\/www.muyjujuy.com\/#website"},"primaryImageOfPage":{"@id":"https:\/\/www.muyjujuy.com\/index.php\/2022\/09\/29\/morales-por-primera-vez-el-norte-grande-llega-a-estados-unidos-con-un-plan-articulado-y-fuerte-representacion\/#primaryimage"},"image":{"@id":"https:\/\/www.muyjujuy.com\/index.php\/2022\/09\/29\/morales-por-primera-vez-el-norte-grande-llega-a-estados-unidos-con-un-plan-articulado-y-fuerte-representacion\/#primaryimage"},"thumbnailUrl":"https:\/\/www.muyjujuy.com\/wp-content\/uploads\/2022\/09\/girajpg.jpg","datePublished":"2022-09-29T17:28:55+00:00","dateModified":"2022-09-29T17:28:58+00:00","description":"El gobernador destac\u00f3 la misi\u00f3n en Estados Unidos junto a sus pares del Norte Grande para potenciar la regi\u00f3n.","breadcrumb":{"@id":"https:\/\/www.muyjujuy.com\/index.php\/2022\/09\/29\/morales-por-primera-vez-el-norte-grande-llega-a-estados-unidos-con-un-plan-articulado-y-fuerte-representacion\/#breadcrumb"},"inLanguage":"es-AR","potentialAction":[{"@type":"ReadAction","target":["https:\/\/www.muyjujuy.com\/index.php\/2022\/09\/29\/morales-por-primera-vez-el-norte-grande-llega-a-estados-unidos-con-un-plan-articulado-y-fuerte-representacion\/"]}]},{"@type":"ImageObject","inLanguage":"es-AR","@id":"https:\/\/www.muyjujuy.com\/index.php\/2022\/09\/29\/morales-por-primera-vez-el-norte-grande-llega-a-estados-unidos-con-un-plan-articulado-y-fuerte-representacion\/#primaryimage","url":"https:\/\/www.muyjujuy.com\/wp-content\/uploads\/2022\/09\/girajpg.jpg","contentUrl":"https:\/\/www.muyjujuy.com\/wp-content\/uploads\/2022\/09\/girajpg.jpg","width":412,"height":232},{"@type":"BreadcrumbList","@id":"https:\/\/www.muyjujuy.com\/index.php\/2022\/09\/29\/morales-por-primera-vez-el-norte-grande-llega-a-estados-unidos-con-un-plan-articulado-y-fuerte-representacion\/#breadcrumb","itemListElement":[{"@type":"ListItem","position":1,"name":"Inicio","item":"https:\/\/www.muyjujuy.com\/"},{"@type":"ListItem","position":2,"name":"Morales: &#8220;Por primera vez el Norte Grande llega a Estados Unidos con un plan articulado y fuerte representaci\u00f3n&#8221;"}]},{"@type":"WebSite","@id":"https:\/\/www.muyjujuy.com\/#website","url":"https:\/\/www.muyjujuy.com\/","name":"Muy Jujuy","description":"","publisher":{"@id":"https:\/\/www.muyjujuy.com\/#organization"},"potentialAction":[{"@type":"SearchAction","target":{"@type":"EntryPoint","urlTemplate":"https:\/\/www.muyjujuy.com\/?s={search_term_string}"},"query-input":{"@type":"PropertyValueSpecification","valueRequired":true,"valueName":"search_term_string"}}],"inLanguage":"es-AR"},{"@type":"Organization","@id":"https:\/\/www.muyjujuy.com\/#organization","name":"Muy Jujuy","url":"https:\/\/www.muyjujuy.com\/","logo":{"@type":"ImageObject","inLanguage":"es-AR","@id":"https:\/\/www.muyjujuy.com\/#\/schema\/logo\/image\/","url":"http:\/\/www.muyjujuy.com\/wp-content\/uploads\/2022\/05\/logo-mobil-jujuy.png","contentUrl":"http:\/\/www.muyjujuy.com\/wp-content\/uploads\/2022\/05\/logo-mobil-jujuy.png","width":174,"height":81,"caption":"Muy Jujuy"},"image":{"@id":"https:\/\/www.muyjujuy.com\/#\/schema\/logo\/image\/"},"sameAs":["https:\/\/www.facebook.com\/muyjujuycom","https:\/\/x.com\/muyjujuy","https:\/\/www.instagram.com\/muyjujuycom"]},{"@type":"Person","@id":"https:\/\/www.muyjujuy.com\/#\/schema\/person\/1d0f6e223ccea9e3f9034c1a5b683bf2","name":"Redacci\u00f3n Muy Jujuy","image":{"@type":"ImageObject","inLanguage":"es-AR","@id":"https:\/\/secure.gravatar.com\/avatar\/fec5f6f1893d741ed5eecccff109ce43e67a855411202a3212a058cb8e5c27d4?s=96&d=mm&r=g","url":"https:\/\/secure.gravatar.com\/avatar\/fec5f6f1893d741ed5eecccff109ce43e67a855411202a3212a058cb8e5c27d4?s=96&d=mm&r=g","contentUrl":"https:\/\/secure.gravatar.com\/avatar\/fec5f6f1893d741ed5eecccff109ce43e67a855411202a3212a058cb8e5c27d4?s=96&d=mm&r=g","caption":"Redacci\u00f3n Muy Jujuy"},"url":"https:\/\/www.muyjujuy.com\/index.php\/author\/editor\/"}]}},"_links":{"self":[{"href":"https:\/\/www.muyjujuy.com\/index.php\/wp-json\/wp\/v2\/posts\/1625","targetHints":{"allow":["GET"]}}],"collection":[{"href":"https:\/\/www.muyjujuy.com\/index.php\/wp-json\/wp\/v2\/posts"}],"about":[{"href":"https:\/\/www.muyjujuy.com\/index.php\/wp-json\/wp\/v2\/types\/post"}],"author":[{"embeddable":true,"href":"https:\/\/www.muyjujuy.com\/index.php\/wp-json\/wp\/v2\/users\/3"}],"replies":[{"embeddable":true,"href":"https:\/\/www.muyjujuy.com\/index.php\/wp-json\/wp\/v2\/comments?post=1625"}],"version-history":[{"count":1,"href":"https:\/\/www.muyjujuy.com\/index.php\/wp-json\/wp\/v2\/posts\/1625\/revisions"}],"predecessor-version":[{"id":1627,"href":"https:\/\/www.muyjujuy.com\/index.php\/wp-json\/wp\/v2\/posts\/1625\/revisions\/1627"}],"wp:featuredmedia":[{"embeddable":true,"href":"https:\/\/www.muyjujuy.com\/index.php\/wp-json\/wp\/v2\/media\/1626"}],"wp:attachment":[{"href":"https:\/\/www.muyjujuy.com\/index.php\/wp-json\/wp\/v2\/media?parent=1625"}],"wp:term":[{"taxonomy":"category","embeddable":true,"href":"https:\/\/www.muyjujuy.com\/index.php\/wp-json\/wp\/v2\/categories?post=1625"},{"taxonomy":"post_tag","embeddable":true,"href":"https:\/\/www.muyjujuy.com\/index.php\/wp-json\/wp\/v2\/tags?post=1625"}],"curies":[{"name":"wp","href":"https:\/\/api.w.org\/{rel}","templated":true}]}}