{"id":1667,"date":"2022-10-04T12:34:48","date_gmt":"2022-10-04T15:34:48","guid":{"rendered":"https:\/\/www.muyjujuy.com\/?p=1667"},"modified":"2022-10-04T12:34:49","modified_gmt":"2022-10-04T15:34:49","slug":"por-septimo-dia-el-incendio-en-las-yungas-atenuo-su-avance","status":"publish","type":"post","link":"https:\/\/www.muyjujuy.com\/index.php\/2022\/10\/04\/por-septimo-dia-el-incendio-en-las-yungas-atenuo-su-avance\/","title":{"rendered":"Por s\u00e9ptimo d\u00eda, el incendio en las Yungas atenu\u00f3 su avance"},"content":{"rendered":"\n<p><em>El incendio en las Yungas contin\u00faa activo y los trabajos de los brigadistas se profundiz\u00f3 en las \u00faltimas semanas.<\/em><\/p>\n\n\n\n<p>El Ministerio de Ambiente de Jujuy emiti\u00f3 el informe del Comit\u00e9 Operativo de Emergencia \u00cdgnea y comunic\u00f3 que <strong>por s\u00e9ptimo d\u00eda consecutivo el incendio no creci\u00f3 de manera considerable.<\/strong><\/p>\n\n\n\n<p>Tras 23 d\u00edas del inicio del incendio en las Yungas,<strong> est\u00e1n trabajando 206 brigadistas de incendios a la vegetaci\u00f3n dirigidos por la Direcci\u00f3n de Incendios a la Vegetaci\u00f3n<\/strong> y Emergencias Ambientales, en conjunto con Parques Nacionales y el Sistema Nacional de Manejo del Fuego. <\/p>\n\n\n\n<p>A pesar de que hubo muchos d\u00edas de calor, <strong>el incendio lleva 7 d\u00edas sin avances considerables lo que significa que est\u00e1n funcionando las l\u00edneas.<\/strong><\/p>\n\n\n\n<p>Aproximadamente, hasta este lunes a la noche <strong><a href=\"https:\/\/www.muyjujuy.com\/index.php\/2022\/09\/30\/por-condiciones-climaticas-lleva-tres-dias-quieto-el-incendio-en-las-yungas-jujenas\/\">se incendiaron 7730 <\/a>ha de los cuales 995 ha corresponden al Parque Nacional Calilegua.<\/strong> El sector m\u00e1s complicado tiene 3 km de trabajo en l\u00ednea fuerte para evitar que avance sobre zona de bosque degradado. <strong>All\u00ed se redoblar\u00e1n los esfuerzos.<\/strong>\u00a0<\/p>\n\n\n\n<h2 class=\"wp-block-heading\"><strong>Trabajos para combatir los incendios en las Yungas<\/strong><\/h2>\n\n\n\n<p>Otro de los sectores donde se trabaj\u00f3 fuertemente con maquinaria pesada y personal logrando asegurar la contenci\u00f3n del fuego es el pozo 7.\u00a0<strong> Los sectores 4, 5, 6, 7 y 8 del incendio inicial ahora dejaron de ser puntos calientes. <\/strong>Es decir que el sat\u00e9lite no los detecta, sin embargo se realizar\u00e1 rastrillaje y control de cenizas.\u00a0<\/p>\n\n\n\n<p>Por otra parte se informa que el Incendio Rastrojo est\u00e1 contenido, pero sigue activo. <strong>Se esperan dos d\u00edas de intenso calor en la l\u00ednea se estiman\u00a0<\/strong>36\u00b0 el martes y\u00a037\u00b0 el mi\u00e9rcoles. <strong>El jueves baja la temperatura y se evaluar\u00e1 si los trabajos realizados surten efectos.\u00a0<\/strong><\/p>\n\n\n\n<p>Se est\u00e1n realizando los esfuerzos para que el fuego no salte a zonas ya incendiadas en el 2020.&nbsp;<\/p>\n\n\n\n<p>Por otra parte, <strong>el Sector 3 hay puntos calientes sin incremento.\u00a0<\/strong>Trabajo de los y las brigadistas\u00a0<\/p>\n\n\n\n<p>Una brigadista fue atendida por deshidrataci\u00f3n, otro con una reacci\u00f3n al\u00e9rgica y otro con dolor abdominal.\u00a0 Ante el incremento de atenciones se refuerza la atenci\u00f3n en el arribo con otra ambulancia.\u00a0<\/p>\n\n\n\n<h2 class=\"wp-block-heading\"><strong>Recomendaciones<\/strong><\/h2>\n\n\n\n<ul class=\"wp-block-list\"><li>No tires colillas de cigarrillo, ni f\u00f3sforos en zonas donde hay materia vegetal seca.<\/li><li>No tires vidrios, botellas de pl\u00e1stico o cristal, latas, sprays u otros materiales combustibles en los bosques.<\/li><li>Est\u00e1n prohibido el inicio de hogueras o fogatas en espacios al aire libre con vegetaci\u00f3n.<\/li><li>Coloca zonas cortafuegos en las \u00e1reas en las que se conoce que hay facilidad de incendios.<\/li><li>Si ves un incendio, comun\u00edcate al 911, 100, 103 o al 0388- 4271971.<\/li><li>El 99% de los incendios son provocados por las personas. Prevenir es la \u00fanica opci\u00f3n.<\/li><\/ul>\n","protected":false},"excerpt":{"rendered":"<p>El incendio en las Yungas contin\u00faa activo y los trabajos de los brigadistas se profundiz\u00f3 en las \u00faltimas semanas. El Ministerio de Ambiente de Jujuy emiti\u00f3 el informe del Comit\u00e9 Operativo de Emergencia \u00cdgnea y comunic\u00f3 que por s\u00e9ptimo d\u00eda consecutivo el incendio no creci\u00f3 de manera considerable. Tras 23 d\u00edas del inicio del incendio [&hellip;]<\/p>\n","protected":false},"author":3,"featured_media":1668,"comment_status":"open","ping_status":"open","sticky":false,"template":"","format":"standard","meta":{"footnotes":""},"categories":[25],"tags":[735,8],"class_list":{"0":"post-1667","1":"post","2":"type-post","3":"status-publish","4":"format-standard","5":"has-post-thumbnail","7":"category-sociedad","8":"tag-incendios-forestales","9":"tag-jujuy"},"yoast_head":"<!-- This site is optimized with the Yoast SEO plugin v27.5 - https:\/\/yoast.com\/product\/yoast-seo-wordpress\/ -->\n<title>Por s\u00e9ptimo d\u00eda, el incendio en las Yungas atenu\u00f3 su avance - Muy Jujuy<\/title>\n<meta name=\"description\" content=\"El incendio en las Yungas contin\u00faa activo y los trabajos de los brigadistas se profundiz\u00f3 en las \u00faltimas semanas.\" \/>\n<meta name=\"robots\" content=\"index, follow, max-snippet:-1, max-image-preview:large, max-video-preview:-1\" \/>\n<link rel=\"canonical\" href=\"https:\/\/www.muyjujuy.com\/index.php\/2022\/10\/04\/por-septimo-dia-el-incendio-en-las-yungas-atenuo-su-avance\/\" \/>\n<meta property=\"og:locale\" content=\"es_ES\" \/>\n<meta property=\"og:type\" content=\"article\" \/>\n<meta property=\"og:title\" content=\"Por s\u00e9ptimo d\u00eda, el incendio en las Yungas atenu\u00f3 su avance - Muy Jujuy\" \/>\n<meta property=\"og:description\" content=\"El incendio en las Yungas contin\u00faa activo y los trabajos de los brigadistas se profundiz\u00f3 en las \u00faltimas semanas.\" \/>\n<meta property=\"og:url\" content=\"https:\/\/www.muyjujuy.com\/index.php\/2022\/10\/04\/por-septimo-dia-el-incendio-en-las-yungas-atenuo-su-avance\/\" \/>\n<meta property=\"og:site_name\" content=\"Muy Jujuy\" \/>\n<meta property=\"article:publisher\" content=\"https:\/\/www.facebook.com\/muyjujuycom\" \/>\n<meta property=\"article:published_time\" content=\"2022-10-04T15:34:48+00:00\" \/>\n<meta property=\"article:modified_time\" content=\"2022-10-04T15:34:49+00:00\" \/>\n<meta property=\"og:image\" content=\"https:\/\/www.muyjujuy.com\/wp-content\/uploads\/2022\/10\/WhatsApp-Image-2022-10-04-at-12.30.32.jpeg\" \/>\n\t<meta property=\"og:image:width\" content=\"1200\" \/>\n\t<meta property=\"og:image:height\" content=\"676\" \/>\n\t<meta property=\"og:image:type\" content=\"image\/jpeg\" \/>\n<meta name=\"author\" content=\"Redacci\u00f3n Muy Jujuy\" \/>\n<meta name=\"twitter:card\" content=\"summary_large_image\" \/>\n<meta name=\"twitter:creator\" content=\"@muyjujuy\" \/>\n<meta name=\"twitter:site\" content=\"@muyjujuy\" \/>\n<meta name=\"twitter:label1\" content=\"Escrito por\" \/>\n\t<meta name=\"twitter:data1\" content=\"Redacci\u00f3n Muy Jujuy\" \/>\n\t<meta name=\"twitter:label2\" content=\"Tiempo de lectura\" \/>\n\t<meta name=\"twitter:data2\" content=\"2 minutos\" \/>\n<script type=\"application\/ld+json\" class=\"yoast-schema-graph\">{\"@context\":\"https:\\\/\\\/schema.org\",\"@graph\":[{\"@type\":\"Article\",\"@id\":\"https:\\\/\\\/www.muyjujuy.com\\\/index.php\\\/2022\\\/10\\\/04\\\/por-septimo-dia-el-incendio-en-las-yungas-atenuo-su-avance\\\/#article\",\"isPartOf\":{\"@id\":\"https:\\\/\\\/www.muyjujuy.com\\\/index.php\\\/2022\\\/10\\\/04\\\/por-septimo-dia-el-incendio-en-las-yungas-atenuo-su-avance\\\/\"},\"author\":{\"name\":\"Redacci\u00f3n Muy Jujuy\",\"@id\":\"https:\\\/\\\/www.muyjujuy.com\\\/#\\\/schema\\\/person\\\/1d0f6e223ccea9e3f9034c1a5b683bf2\"},\"headline\":\"Por s\u00e9ptimo d\u00eda, el incendio en las Yungas atenu\u00f3 su avance\",\"datePublished\":\"2022-10-04T15:34:48+00:00\",\"dateModified\":\"2022-10-04T15:34:49+00:00\",\"mainEntityOfPage\":{\"@id\":\"https:\\\/\\\/www.muyjujuy.com\\\/index.php\\\/2022\\\/10\\\/04\\\/por-septimo-dia-el-incendio-en-las-yungas-atenuo-su-avance\\\/\"},\"wordCount\":457,\"commentCount\":0,\"publisher\":{\"@id\":\"https:\\\/\\\/www.muyjujuy.com\\\/#organization\"},\"image\":{\"@id\":\"https:\\\/\\\/www.muyjujuy.com\\\/index.php\\\/2022\\\/10\\\/04\\\/por-septimo-dia-el-incendio-en-las-yungas-atenuo-su-avance\\\/#primaryimage\"},\"thumbnailUrl\":\"https:\\\/\\\/www.muyjujuy.com\\\/wp-content\\\/uploads\\\/2022\\\/10\\\/WhatsApp-Image-2022-10-04-at-12.30.32.jpeg\",\"keywords\":[\"Incendios forestales\",\"Jujuy\"],\"articleSection\":[\"Sociedad\"],\"inLanguage\":\"es-AR\",\"potentialAction\":[{\"@type\":\"CommentAction\",\"name\":\"Comment\",\"target\":[\"https:\\\/\\\/www.muyjujuy.com\\\/index.php\\\/2022\\\/10\\\/04\\\/por-septimo-dia-el-incendio-en-las-yungas-atenuo-su-avance\\\/#respond\"]}]},{\"@type\":\"WebPage\",\"@id\":\"https:\\\/\\\/www.muyjujuy.com\\\/index.php\\\/2022\\\/10\\\/04\\\/por-septimo-dia-el-incendio-en-las-yungas-atenuo-su-avance\\\/\",\"url\":\"https:\\\/\\\/www.muyjujuy.com\\\/index.php\\\/2022\\\/10\\\/04\\\/por-septimo-dia-el-incendio-en-las-yungas-atenuo-su-avance\\\/\",\"name\":\"Por s\u00e9ptimo d\u00eda, el incendio en las Yungas atenu\u00f3 su avance - Muy Jujuy\",\"isPartOf\":{\"@id\":\"https:\\\/\\\/www.muyjujuy.com\\\/#website\"},\"primaryImageOfPage\":{\"@id\":\"https:\\\/\\\/www.muyjujuy.com\\\/index.php\\\/2022\\\/10\\\/04\\\/por-septimo-dia-el-incendio-en-las-yungas-atenuo-su-avance\\\/#primaryimage\"},\"image\":{\"@id\":\"https:\\\/\\\/www.muyjujuy.com\\\/index.php\\\/2022\\\/10\\\/04\\\/por-septimo-dia-el-incendio-en-las-yungas-atenuo-su-avance\\\/#primaryimage\"},\"thumbnailUrl\":\"https:\\\/\\\/www.muyjujuy.com\\\/wp-content\\\/uploads\\\/2022\\\/10\\\/WhatsApp-Image-2022-10-04-at-12.30.32.jpeg\",\"datePublished\":\"2022-10-04T15:34:48+00:00\",\"dateModified\":\"2022-10-04T15:34:49+00:00\",\"description\":\"El incendio en las Yungas contin\u00faa activo y los trabajos de los brigadistas se profundiz\u00f3 en las \u00faltimas semanas.\",\"breadcrumb\":{\"@id\":\"https:\\\/\\\/www.muyjujuy.com\\\/index.php\\\/2022\\\/10\\\/04\\\/por-septimo-dia-el-incendio-en-las-yungas-atenuo-su-avance\\\/#breadcrumb\"},\"inLanguage\":\"es-AR\",\"potentialAction\":[{\"@type\":\"ReadAction\",\"target\":[\"https:\\\/\\\/www.muyjujuy.com\\\/index.php\\\/2022\\\/10\\\/04\\\/por-septimo-dia-el-incendio-en-las-yungas-atenuo-su-avance\\\/\"]}]},{\"@type\":\"ImageObject\",\"inLanguage\":\"es-AR\",\"@id\":\"https:\\\/\\\/www.muyjujuy.com\\\/index.php\\\/2022\\\/10\\\/04\\\/por-septimo-dia-el-incendio-en-las-yungas-atenuo-su-avance\\\/#primaryimage\",\"url\":\"https:\\\/\\\/www.muyjujuy.com\\\/wp-content\\\/uploads\\\/2022\\\/10\\\/WhatsApp-Image-2022-10-04-at-12.30.32.jpeg\",\"contentUrl\":\"https:\\\/\\\/www.muyjujuy.com\\\/wp-content\\\/uploads\\\/2022\\\/10\\\/WhatsApp-Image-2022-10-04-at-12.30.32.jpeg\",\"width\":1200,\"height\":676},{\"@type\":\"BreadcrumbList\",\"@id\":\"https:\\\/\\\/www.muyjujuy.com\\\/index.php\\\/2022\\\/10\\\/04\\\/por-septimo-dia-el-incendio-en-las-yungas-atenuo-su-avance\\\/#breadcrumb\",\"itemListElement\":[{\"@type\":\"ListItem\",\"position\":1,\"name\":\"Inicio\",\"item\":\"https:\\\/\\\/www.muyjujuy.com\\\/\"},{\"@type\":\"ListItem\",\"position\":2,\"name\":\"Por s\u00e9ptimo d\u00eda, el incendio en las Yungas atenu\u00f3 su avance\"}]},{\"@type\":\"WebSite\",\"@id\":\"https:\\\/\\\/www.muyjujuy.com\\\/#website\",\"url\":\"https:\\\/\\\/www.muyjujuy.com\\\/\",\"name\":\"Muy Jujuy\",\"description\":\"\",\"publisher\":{\"@id\":\"https:\\\/\\\/www.muyjujuy.com\\\/#organization\"},\"potentialAction\":[{\"@type\":\"SearchAction\",\"target\":{\"@type\":\"EntryPoint\",\"urlTemplate\":\"https:\\\/\\\/www.muyjujuy.com\\\/?s={search_term_string}\"},\"query-input\":{\"@type\":\"PropertyValueSpecification\",\"valueRequired\":true,\"valueName\":\"search_term_string\"}}],\"inLanguage\":\"es-AR\"},{\"@type\":\"Organization\",\"@id\":\"https:\\\/\\\/www.muyjujuy.com\\\/#organization\",\"name\":\"Muy Jujuy\",\"url\":\"https:\\\/\\\/www.muyjujuy.com\\\/\",\"logo\":{\"@type\":\"ImageObject\",\"inLanguage\":\"es-AR\",\"@id\":\"https:\\\/\\\/www.muyjujuy.com\\\/#\\\/schema\\\/logo\\\/image\\\/\",\"url\":\"http:\\\/\\\/www.muyjujuy.com\\\/wp-content\\\/uploads\\\/2022\\\/05\\\/logo-mobil-jujuy.png\",\"contentUrl\":\"http:\\\/\\\/www.muyjujuy.com\\\/wp-content\\\/uploads\\\/2022\\\/05\\\/logo-mobil-jujuy.png\",\"width\":174,\"height\":81,\"caption\":\"Muy Jujuy\"},\"image\":{\"@id\":\"https:\\\/\\\/www.muyjujuy.com\\\/#\\\/schema\\\/logo\\\/image\\\/\"},\"sameAs\":[\"https:\\\/\\\/www.facebook.com\\\/muyjujuycom\",\"https:\\\/\\\/x.com\\\/muyjujuy\",\"https:\\\/\\\/www.instagram.com\\\/muyjujuycom\"]},{\"@type\":\"Person\",\"@id\":\"https:\\\/\\\/www.muyjujuy.com\\\/#\\\/schema\\\/person\\\/1d0f6e223ccea9e3f9034c1a5b683bf2\",\"name\":\"Redacci\u00f3n Muy Jujuy\",\"image\":{\"@type\":\"ImageObject\",\"inLanguage\":\"es-AR\",\"@id\":\"https:\\\/\\\/secure.gravatar.com\\\/avatar\\\/fec5f6f1893d741ed5eecccff109ce43e67a855411202a3212a058cb8e5c27d4?s=96&d=mm&r=g\",\"url\":\"https:\\\/\\\/secure.gravatar.com\\\/avatar\\\/fec5f6f1893d741ed5eecccff109ce43e67a855411202a3212a058cb8e5c27d4?s=96&d=mm&r=g\",\"contentUrl\":\"https:\\\/\\\/secure.gravatar.com\\\/avatar\\\/fec5f6f1893d741ed5eecccff109ce43e67a855411202a3212a058cb8e5c27d4?s=96&d=mm&r=g\",\"caption\":\"Redacci\u00f3n Muy Jujuy\"},\"url\":\"https:\\\/\\\/www.muyjujuy.com\\\/index.php\\\/author\\\/editor\\\/\"}]}<\/script>\n<!-- \/ Yoast SEO plugin. -->","yoast_head_json":{"title":"Por s\u00e9ptimo d\u00eda, el incendio en las Yungas atenu\u00f3 su avance - Muy Jujuy","description":"El incendio en las Yungas contin\u00faa activo y los trabajos de los brigadistas se profundiz\u00f3 en las \u00faltimas semanas.","robots":{"index":"index","follow":"follow","max-snippet":"max-snippet:-1","max-image-preview":"max-image-preview:large","max-video-preview":"max-video-preview:-1"},"canonical":"https:\/\/www.muyjujuy.com\/index.php\/2022\/10\/04\/por-septimo-dia-el-incendio-en-las-yungas-atenuo-su-avance\/","og_locale":"es_ES","og_type":"article","og_title":"Por s\u00e9ptimo d\u00eda, el incendio en las Yungas atenu\u00f3 su avance - Muy Jujuy","og_description":"El incendio en las Yungas contin\u00faa activo y los trabajos de los brigadistas se profundiz\u00f3 en las \u00faltimas semanas.","og_url":"https:\/\/www.muyjujuy.com\/index.php\/2022\/10\/04\/por-septimo-dia-el-incendio-en-las-yungas-atenuo-su-avance\/","og_site_name":"Muy Jujuy","article_publisher":"https:\/\/www.facebook.com\/muyjujuycom","article_published_time":"2022-10-04T15:34:48+00:00","article_modified_time":"2022-10-04T15:34:49+00:00","og_image":[{"width":1200,"height":676,"url":"https:\/\/www.muyjujuy.com\/wp-content\/uploads\/2022\/10\/WhatsApp-Image-2022-10-04-at-12.30.32.jpeg","type":"image\/jpeg"}],"author":"Redacci\u00f3n Muy Jujuy","twitter_card":"summary_large_image","twitter_creator":"@muyjujuy","twitter_site":"@muyjujuy","twitter_misc":{"Escrito por":"Redacci\u00f3n Muy Jujuy","Tiempo de lectura":"2 minutos"},"schema":{"@context":"https:\/\/schema.org","@graph":[{"@type":"Article","@id":"https:\/\/www.muyjujuy.com\/index.php\/2022\/10\/04\/por-septimo-dia-el-incendio-en-las-yungas-atenuo-su-avance\/#article","isPartOf":{"@id":"https:\/\/www.muyjujuy.com\/index.php\/2022\/10\/04\/por-septimo-dia-el-incendio-en-las-yungas-atenuo-su-avance\/"},"author":{"name":"Redacci\u00f3n Muy Jujuy","@id":"https:\/\/www.muyjujuy.com\/#\/schema\/person\/1d0f6e223ccea9e3f9034c1a5b683bf2"},"headline":"Por s\u00e9ptimo d\u00eda, el incendio en las Yungas atenu\u00f3 su avance","datePublished":"2022-10-04T15:34:48+00:00","dateModified":"2022-10-04T15:34:49+00:00","mainEntityOfPage":{"@id":"https:\/\/www.muyjujuy.com\/index.php\/2022\/10\/04\/por-septimo-dia-el-incendio-en-las-yungas-atenuo-su-avance\/"},"wordCount":457,"commentCount":0,"publisher":{"@id":"https:\/\/www.muyjujuy.com\/#organization"},"image":{"@id":"https:\/\/www.muyjujuy.com\/index.php\/2022\/10\/04\/por-septimo-dia-el-incendio-en-las-yungas-atenuo-su-avance\/#primaryimage"},"thumbnailUrl":"https:\/\/www.muyjujuy.com\/wp-content\/uploads\/2022\/10\/WhatsApp-Image-2022-10-04-at-12.30.32.jpeg","keywords":["Incendios forestales","Jujuy"],"articleSection":["Sociedad"],"inLanguage":"es-AR","potentialAction":[{"@type":"CommentAction","name":"Comment","target":["https:\/\/www.muyjujuy.com\/index.php\/2022\/10\/04\/por-septimo-dia-el-incendio-en-las-yungas-atenuo-su-avance\/#respond"]}]},{"@type":"WebPage","@id":"https:\/\/www.muyjujuy.com\/index.php\/2022\/10\/04\/por-septimo-dia-el-incendio-en-las-yungas-atenuo-su-avance\/","url":"https:\/\/www.muyjujuy.com\/index.php\/2022\/10\/04\/por-septimo-dia-el-incendio-en-las-yungas-atenuo-su-avance\/","name":"Por s\u00e9ptimo d\u00eda, el incendio en las Yungas atenu\u00f3 su avance - Muy Jujuy","isPartOf":{"@id":"https:\/\/www.muyjujuy.com\/#website"},"primaryImageOfPage":{"@id":"https:\/\/www.muyjujuy.com\/index.php\/2022\/10\/04\/por-septimo-dia-el-incendio-en-las-yungas-atenuo-su-avance\/#primaryimage"},"image":{"@id":"https:\/\/www.muyjujuy.com\/index.php\/2022\/10\/04\/por-septimo-dia-el-incendio-en-las-yungas-atenuo-su-avance\/#primaryimage"},"thumbnailUrl":"https:\/\/www.muyjujuy.com\/wp-content\/uploads\/2022\/10\/WhatsApp-Image-2022-10-04-at-12.30.32.jpeg","datePublished":"2022-10-04T15:34:48+00:00","dateModified":"2022-10-04T15:34:49+00:00","description":"El incendio en las Yungas contin\u00faa activo y los trabajos de los brigadistas se profundiz\u00f3 en las \u00faltimas semanas.","breadcrumb":{"@id":"https:\/\/www.muyjujuy.com\/index.php\/2022\/10\/04\/por-septimo-dia-el-incendio-en-las-yungas-atenuo-su-avance\/#breadcrumb"},"inLanguage":"es-AR","potentialAction":[{"@type":"ReadAction","target":["https:\/\/www.muyjujuy.com\/index.php\/2022\/10\/04\/por-septimo-dia-el-incendio-en-las-yungas-atenuo-su-avance\/"]}]},{"@type":"ImageObject","inLanguage":"es-AR","@id":"https:\/\/www.muyjujuy.com\/index.php\/2022\/10\/04\/por-septimo-dia-el-incendio-en-las-yungas-atenuo-su-avance\/#primaryimage","url":"https:\/\/www.muyjujuy.com\/wp-content\/uploads\/2022\/10\/WhatsApp-Image-2022-10-04-at-12.30.32.jpeg","contentUrl":"https:\/\/www.muyjujuy.com\/wp-content\/uploads\/2022\/10\/WhatsApp-Image-2022-10-04-at-12.30.32.jpeg","width":1200,"height":676},{"@type":"BreadcrumbList","@id":"https:\/\/www.muyjujuy.com\/index.php\/2022\/10\/04\/por-septimo-dia-el-incendio-en-las-yungas-atenuo-su-avance\/#breadcrumb","itemListElement":[{"@type":"ListItem","position":1,"name":"Inicio","item":"https:\/\/www.muyjujuy.com\/"},{"@type":"ListItem","position":2,"name":"Por s\u00e9ptimo d\u00eda, el incendio en las Yungas atenu\u00f3 su avance"}]},{"@type":"WebSite","@id":"https:\/\/www.muyjujuy.com\/#website","url":"https:\/\/www.muyjujuy.com\/","name":"Muy Jujuy","description":"","publisher":{"@id":"https:\/\/www.muyjujuy.com\/#organization"},"potentialAction":[{"@type":"SearchAction","target":{"@type":"EntryPoint","urlTemplate":"https:\/\/www.muyjujuy.com\/?s={search_term_string}"},"query-input":{"@type":"PropertyValueSpecification","valueRequired":true,"valueName":"search_term_string"}}],"inLanguage":"es-AR"},{"@type":"Organization","@id":"https:\/\/www.muyjujuy.com\/#organization","name":"Muy Jujuy","url":"https:\/\/www.muyjujuy.com\/","logo":{"@type":"ImageObject","inLanguage":"es-AR","@id":"https:\/\/www.muyjujuy.com\/#\/schema\/logo\/image\/","url":"http:\/\/www.muyjujuy.com\/wp-content\/uploads\/2022\/05\/logo-mobil-jujuy.png","contentUrl":"http:\/\/www.muyjujuy.com\/wp-content\/uploads\/2022\/05\/logo-mobil-jujuy.png","width":174,"height":81,"caption":"Muy Jujuy"},"image":{"@id":"https:\/\/www.muyjujuy.com\/#\/schema\/logo\/image\/"},"sameAs":["https:\/\/www.facebook.com\/muyjujuycom","https:\/\/x.com\/muyjujuy","https:\/\/www.instagram.com\/muyjujuycom"]},{"@type":"Person","@id":"https:\/\/www.muyjujuy.com\/#\/schema\/person\/1d0f6e223ccea9e3f9034c1a5b683bf2","name":"Redacci\u00f3n Muy Jujuy","image":{"@type":"ImageObject","inLanguage":"es-AR","@id":"https:\/\/secure.gravatar.com\/avatar\/fec5f6f1893d741ed5eecccff109ce43e67a855411202a3212a058cb8e5c27d4?s=96&d=mm&r=g","url":"https:\/\/secure.gravatar.com\/avatar\/fec5f6f1893d741ed5eecccff109ce43e67a855411202a3212a058cb8e5c27d4?s=96&d=mm&r=g","contentUrl":"https:\/\/secure.gravatar.com\/avatar\/fec5f6f1893d741ed5eecccff109ce43e67a855411202a3212a058cb8e5c27d4?s=96&d=mm&r=g","caption":"Redacci\u00f3n Muy Jujuy"},"url":"https:\/\/www.muyjujuy.com\/index.php\/author\/editor\/"}]}},"_links":{"self":[{"href":"https:\/\/www.muyjujuy.com\/index.php\/wp-json\/wp\/v2\/posts\/1667","targetHints":{"allow":["GET"]}}],"collection":[{"href":"https:\/\/www.muyjujuy.com\/index.php\/wp-json\/wp\/v2\/posts"}],"about":[{"href":"https:\/\/www.muyjujuy.com\/index.php\/wp-json\/wp\/v2\/types\/post"}],"author":[{"embeddable":true,"href":"https:\/\/www.muyjujuy.com\/index.php\/wp-json\/wp\/v2\/users\/3"}],"replies":[{"embeddable":true,"href":"https:\/\/www.muyjujuy.com\/index.php\/wp-json\/wp\/v2\/comments?post=1667"}],"version-history":[{"count":1,"href":"https:\/\/www.muyjujuy.com\/index.php\/wp-json\/wp\/v2\/posts\/1667\/revisions"}],"predecessor-version":[{"id":1669,"href":"https:\/\/www.muyjujuy.com\/index.php\/wp-json\/wp\/v2\/posts\/1667\/revisions\/1669"}],"wp:featuredmedia":[{"embeddable":true,"href":"https:\/\/www.muyjujuy.com\/index.php\/wp-json\/wp\/v2\/media\/1668"}],"wp:attachment":[{"href":"https:\/\/www.muyjujuy.com\/index.php\/wp-json\/wp\/v2\/media?parent=1667"}],"wp:term":[{"taxonomy":"category","embeddable":true,"href":"https:\/\/www.muyjujuy.com\/index.php\/wp-json\/wp\/v2\/categories?post=1667"},{"taxonomy":"post_tag","embeddable":true,"href":"https:\/\/www.muyjujuy.com\/index.php\/wp-json\/wp\/v2\/tags?post=1667"}],"curies":[{"name":"wp","href":"https:\/\/api.w.org\/{rel}","templated":true}]}}