{"id":1674,"date":"2022-10-05T09:01:52","date_gmt":"2022-10-05T12:01:52","guid":{"rendered":"https:\/\/www.muyjujuy.com\/?p=1674"},"modified":"2022-10-05T09:01:55","modified_gmt":"2022-10-05T12:01:55","slug":"en-cordoba-morales-invito-a-empresarios-a-estar-atentos-a-las-oportunidades-de-inversion-en-jujuy","status":"publish","type":"post","link":"https:\/\/www.muyjujuy.com\/index.php\/2022\/10\/05\/en-cordoba-morales-invito-a-empresarios-a-estar-atentos-a-las-oportunidades-de-inversion-en-jujuy\/","title":{"rendered":"En C\u00f3rdoba, Morales invit\u00f3 a empresarios a &#8220;estar atentos a las oportunidades de inversi\u00f3n en Jujuy&#8221;"},"content":{"rendered":"\n<p><em>El gobernador enumer\u00f3 las posibilidades de inversi\u00f3n en la provincia y el crecimiento productivo que ha tenido Jujuy en el \u00faltimo tiempo.<\/em><\/p>\n\n\n\n<p>El gobernador de Jujuy,<strong> Gerardo Morales,<\/strong> particip\u00f3 del Ciclo de Coyuntura organizado por la Bolsa de Valores de <a href=\"https:\/\/twitter.com\/GerardoMorales\/status\/1577467971743920128\">C\u00f3rdoba<\/a> e inst\u00f3 a los empresarios a invertir en la provincia. <\/p>\n\n\n\n<p><strong>&#8220;Est\u00e9n atentos el a\u00f1o pr\u00f3ximo a Jujuy y las oportunidades de inversi\u00f3n y desarrollo que ofrecer\u00e1 y otras que ya est\u00e1n disponibles\u201d, <\/strong>inst\u00f3 a empresarios cordobeses.<\/p>\n\n\n\n<p>El mandatario juje\u00f1o fue recibido y presentado por el presidente de la Bolsa de Comercio de C\u00f3rdoba, <strong>Manuel Tagle<\/strong>, ante un jerarquizado auditorio que cont\u00f3 con las presencias del diputado <strong>Rodrigo de Loredo<\/strong>, los senadores <strong>Luis Juez y Eduardo Costa<\/strong>, los dirigentes <strong>Ram\u00f3n Mestre y Mario Negri<\/strong>, la intendenta de La Rioja y presidente del Foro de Intendentes de la UCR, <strong>In\u00e9s Brizuela y Doria<\/strong>; y destacados empresarios locales.<\/p>\n\n\n\n<p><strong>&#8220;Hay que poner al pa\u00eds a producir con toda la energ\u00eda&#8221;, <\/strong>defini\u00f3 Morales y plante\u00f3 como primer desaf\u00edo recuperar la paz y restablecer el orden. &#8220;Como hicimos en Jujuy que vivi\u00f3 m\u00e1s de quince a\u00f1os de violencia, corrupci\u00f3n y un Estado paralelo\u201d, acot\u00f3.<\/p>\n\n\n\n<p>Se\u00f1al\u00f3 que, al t\u00e9rmino de cuatro a\u00f1os de gesti\u00f3n se alcanz\u00f3 <strong>&#8220;super\u00e1vit fiscal&#8221; <\/strong>e indic\u00f3: &#8220;Tenemos en plena ejecuci\u00f3n un plan de inversiones de 120.000 millones de pesos\u201d. <\/p>\n\n\n\n<p>Simult\u00e1neamente, se avanz\u00f3 en la transformaci\u00f3n de Jujuy <strong>&#8220;poni\u00e9ndolo de pie, haciendo lo que hay que hacer con liderazgo y convicci\u00f3n, par\u00e1ndolo con firmeza en la lucha contra el cambio clim\u00e1tico&#8221;.<\/strong> Adem\u00e1s, subray\u00f3 que es una causa que va de la mano el desarrollo del litio y la generaci\u00f3n de energ\u00edas renovables.\u00a0<\/p>\n\n\n\n<h2 class=\"wp-block-heading\"><strong>Planta de energ\u00eda fotovoltaica Cauchari<\/strong><\/h2>\n\n\n\n<p>En este sentido, abord\u00f3<strong> la construcci\u00f3n de la planta de energ\u00eda fotovoltaica Cauchari<\/strong> con capacidad de 300 Mw, en v\u00edas de ampliaci\u00f3n a 500 Mw. Cuya renta permite la construcci\u00f3n de 258 edificios escolares nuevos, la refacci\u00f3n de otros 700 establecimientos educativos ya existentes, la instalaci\u00f3n de una red de 2.000 kil\u00f3metros para conectividad y m\u00f3dulos de formaci\u00f3n docente continua.<strong> \u201cApostamos a la educaci\u00f3n p\u00fablica de calidad enfocada en el mundo del trabajo\u201d<\/strong>, resalt\u00f3.\u00a0<\/p>\n\n\n\n<p>Tambi\u00e9n refiri\u00f3 al proyecto de la planta termo-fotovoltaica que se desarrolla en conjunto con INVAP, la generaci\u00f3n distribuida de energ\u00eda de 96 Mw para consumo en Jujuy y la construcci\u00f3n de pueblos solares.&nbsp;<\/p>\n\n\n\n<p>Destac\u00f3 que, de la mano de la generaci\u00f3n de energ\u00edas alternativas, se abre la oportunidad de producir hidr\u00f3geno verde a bajo costo para su exportaci\u00f3n, cuyo proyecto ejecutivo estar\u00e1 definido a fin de a\u00f1o.<strong> \u201cEl hidr\u00f3geno verde sustituye al gas y Europa est\u00e1 detr\u00e1s de proyectos de este tipo\u201d,<\/strong> apunt\u00f3.\u00a0<\/p>\n\n\n\n<h2 class=\"wp-block-heading\"><strong>Inversi\u00f3n en Jujuy<\/strong><\/h2>\n\n\n\n<p>En cuanto a la producci\u00f3n de litio, manifest\u00f3 que <strong>\u201cva en franco ascenso\u201d<\/strong> y alcanzar\u00e1 a fin de a\u00f1o un volumen de 80.000 toneladas. De esas, 4.000 estar\u00e1n disponibles para quien invierta en fabricaci\u00f3n local de bater\u00edas de litio. <\/p>\n\n\n\n<p>&#8220;El pr\u00f3ximo a\u00f1o la exportaci\u00f3n de litio reportar\u00e1 una renta de m\u00e1s de 300 millones de d\u00f3lares&#8221;, indic\u00f3 y plante\u00f3 su decisi\u00f3n de disponer de 100 millones de d\u00f3lares para fondear la Ley de Promoci\u00f3n de Inversiones y devolver el 50% del Impuesto a las Ganancias, el 50% de IVA y <strong>el costo de contribuciones patronales a quienes inviertan en la fabricaci\u00f3n de bater\u00edas de litio<\/strong>. \u201cEsto es un tercio del costo laboral\u201d, recalc\u00f3.\u00a0<\/p>\n\n\n\n<p>En otro orden, hizo alusi\u00f3n a la producci\u00f3n de cannabis con<strong> <\/strong>fines cient\u00edficos y medicinales, habiendo alcanzado el logro de comercializar aceite de cannabis de grado farmac\u00e9utico.<strong> \u201cEste cultivo tambi\u00e9n permite disponer de c\u00e1\u00f1amo para fabricaci\u00f3n de biopl\u00e1stico y fibras textiles\u201d, <\/strong>agreg\u00f3.\u00a0<\/p>\n\n\n\n<p>Remarc\u00f3 que el panorama de transformaci\u00f3n de la econom\u00eda del nuevo Jujuy, se completa con seis parques industriales y dos zonas francas.&nbsp;<\/p>\n\n\n\n<p>\u201cEst\u00e1n convocados a pensar e invertir en nuestras capacidades, asumiendo el desaf\u00edo resolver problemas estructurales y generar trabajo para combatir la pobreza\u201d, finaliz\u00f3 Morales.<\/p>\n","protected":false},"excerpt":{"rendered":"<p>El gobernador enumer\u00f3 las posibilidades de inversi\u00f3n en la provincia y el crecimiento productivo que ha tenido Jujuy en el \u00faltimo tiempo. El gobernador de Jujuy, Gerardo Morales, particip\u00f3 del Ciclo de Coyuntura organizado por la Bolsa de Valores de C\u00f3rdoba e inst\u00f3 a los empresarios a invertir en la provincia. &#8220;Est\u00e9n atentos el a\u00f1o [&hellip;]<\/p>\n","protected":false},"author":3,"featured_media":1675,"comment_status":"open","ping_status":"open","sticky":false,"template":"","format":"standard","meta":{"footnotes":""},"categories":[24],"tags":[5,8],"class_list":{"0":"post-1674","1":"post","2":"type-post","3":"status-publish","4":"format-standard","5":"has-post-thumbnail","7":"category-politica","8":"tag-gerardo-morales","9":"tag-jujuy"},"yoast_head":"<!-- This site is optimized with the Yoast SEO plugin v27.5 - https:\/\/yoast.com\/product\/yoast-seo-wordpress\/ -->\n<title>En C\u00f3rdoba, Morales invit\u00f3 a empresarios a &quot;estar atentos a las oportunidades de inversi\u00f3n en Jujuy&quot; - Muy Jujuy<\/title>\n<meta name=\"description\" content=\"El gobernador enumer\u00f3 las posibilidades de inversi\u00f3n en la provincia y el crecimiento productivo que ha tenido Jujuy en el \u00faltimo tiempo.\" \/>\n<meta name=\"robots\" content=\"index, follow, max-snippet:-1, max-image-preview:large, max-video-preview:-1\" \/>\n<link rel=\"canonical\" href=\"https:\/\/www.muyjujuy.com\/index.php\/2022\/10\/05\/en-cordoba-morales-invito-a-empresarios-a-estar-atentos-a-las-oportunidades-de-inversion-en-jujuy\/\" \/>\n<meta property=\"og:locale\" content=\"es_ES\" \/>\n<meta property=\"og:type\" content=\"article\" \/>\n<meta property=\"og:title\" content=\"En C\u00f3rdoba, Morales invit\u00f3 a empresarios a &quot;estar atentos a las oportunidades de inversi\u00f3n en Jujuy&quot; - Muy Jujuy\" \/>\n<meta property=\"og:description\" content=\"El gobernador enumer\u00f3 las posibilidades de inversi\u00f3n en la provincia y el crecimiento productivo que ha tenido Jujuy en el \u00faltimo tiempo.\" \/>\n<meta property=\"og:url\" content=\"https:\/\/www.muyjujuy.com\/index.php\/2022\/10\/05\/en-cordoba-morales-invito-a-empresarios-a-estar-atentos-a-las-oportunidades-de-inversion-en-jujuy\/\" \/>\n<meta property=\"og:site_name\" content=\"Muy Jujuy\" \/>\n<meta property=\"article:publisher\" content=\"https:\/\/www.facebook.com\/muyjujuycom\" \/>\n<meta property=\"article:published_time\" content=\"2022-10-05T12:01:52+00:00\" \/>\n<meta property=\"article:modified_time\" content=\"2022-10-05T12:01:55+00:00\" \/>\n<meta property=\"og:image\" content=\"https:\/\/www.muyjujuy.com\/wp-content\/uploads\/2022\/10\/WhatsApp-Image-2022-10-05-at-09.00.00.jpeg\" \/>\n\t<meta property=\"og:image:width\" content=\"1200\" \/>\n\t<meta property=\"og:image:height\" content=\"939\" \/>\n\t<meta property=\"og:image:type\" content=\"image\/jpeg\" \/>\n<meta name=\"author\" content=\"Redacci\u00f3n Muy Jujuy\" \/>\n<meta name=\"twitter:card\" content=\"summary_large_image\" \/>\n<meta name=\"twitter:creator\" content=\"@muyjujuy\" \/>\n<meta name=\"twitter:site\" content=\"@muyjujuy\" \/>\n<meta name=\"twitter:label1\" content=\"Escrito por\" \/>\n\t<meta name=\"twitter:data1\" content=\"Redacci\u00f3n Muy Jujuy\" \/>\n\t<meta name=\"twitter:label2\" content=\"Tiempo de lectura\" \/>\n\t<meta name=\"twitter:data2\" content=\"3 minutos\" \/>\n<script type=\"application\/ld+json\" class=\"yoast-schema-graph\">{\"@context\":\"https:\\\/\\\/schema.org\",\"@graph\":[{\"@type\":\"Article\",\"@id\":\"https:\\\/\\\/www.muyjujuy.com\\\/index.php\\\/2022\\\/10\\\/05\\\/en-cordoba-morales-invito-a-empresarios-a-estar-atentos-a-las-oportunidades-de-inversion-en-jujuy\\\/#article\",\"isPartOf\":{\"@id\":\"https:\\\/\\\/www.muyjujuy.com\\\/index.php\\\/2022\\\/10\\\/05\\\/en-cordoba-morales-invito-a-empresarios-a-estar-atentos-a-las-oportunidades-de-inversion-en-jujuy\\\/\"},\"author\":{\"name\":\"Redacci\u00f3n Muy Jujuy\",\"@id\":\"https:\\\/\\\/www.muyjujuy.com\\\/#\\\/schema\\\/person\\\/1d0f6e223ccea9e3f9034c1a5b683bf2\"},\"headline\":\"En C\u00f3rdoba, Morales invit\u00f3 a empresarios a &#8220;estar atentos a las oportunidades de inversi\u00f3n en Jujuy&#8221;\",\"datePublished\":\"2022-10-05T12:01:52+00:00\",\"dateModified\":\"2022-10-05T12:01:55+00:00\",\"mainEntityOfPage\":{\"@id\":\"https:\\\/\\\/www.muyjujuy.com\\\/index.php\\\/2022\\\/10\\\/05\\\/en-cordoba-morales-invito-a-empresarios-a-estar-atentos-a-las-oportunidades-de-inversion-en-jujuy\\\/\"},\"wordCount\":726,\"commentCount\":0,\"publisher\":{\"@id\":\"https:\\\/\\\/www.muyjujuy.com\\\/#organization\"},\"image\":{\"@id\":\"https:\\\/\\\/www.muyjujuy.com\\\/index.php\\\/2022\\\/10\\\/05\\\/en-cordoba-morales-invito-a-empresarios-a-estar-atentos-a-las-oportunidades-de-inversion-en-jujuy\\\/#primaryimage\"},\"thumbnailUrl\":\"https:\\\/\\\/www.muyjujuy.com\\\/wp-content\\\/uploads\\\/2022\\\/10\\\/WhatsApp-Image-2022-10-05-at-09.00.00.jpeg\",\"keywords\":[\"Gerardo Morales\",\"Jujuy\"],\"articleSection\":[\"Pol\u00edtica\"],\"inLanguage\":\"es-AR\",\"potentialAction\":[{\"@type\":\"CommentAction\",\"name\":\"Comment\",\"target\":[\"https:\\\/\\\/www.muyjujuy.com\\\/index.php\\\/2022\\\/10\\\/05\\\/en-cordoba-morales-invito-a-empresarios-a-estar-atentos-a-las-oportunidades-de-inversion-en-jujuy\\\/#respond\"]}]},{\"@type\":\"WebPage\",\"@id\":\"https:\\\/\\\/www.muyjujuy.com\\\/index.php\\\/2022\\\/10\\\/05\\\/en-cordoba-morales-invito-a-empresarios-a-estar-atentos-a-las-oportunidades-de-inversion-en-jujuy\\\/\",\"url\":\"https:\\\/\\\/www.muyjujuy.com\\\/index.php\\\/2022\\\/10\\\/05\\\/en-cordoba-morales-invito-a-empresarios-a-estar-atentos-a-las-oportunidades-de-inversion-en-jujuy\\\/\",\"name\":\"En C\u00f3rdoba, Morales invit\u00f3 a empresarios a \\\"estar atentos a las oportunidades de inversi\u00f3n en Jujuy\\\" - Muy Jujuy\",\"isPartOf\":{\"@id\":\"https:\\\/\\\/www.muyjujuy.com\\\/#website\"},\"primaryImageOfPage\":{\"@id\":\"https:\\\/\\\/www.muyjujuy.com\\\/index.php\\\/2022\\\/10\\\/05\\\/en-cordoba-morales-invito-a-empresarios-a-estar-atentos-a-las-oportunidades-de-inversion-en-jujuy\\\/#primaryimage\"},\"image\":{\"@id\":\"https:\\\/\\\/www.muyjujuy.com\\\/index.php\\\/2022\\\/10\\\/05\\\/en-cordoba-morales-invito-a-empresarios-a-estar-atentos-a-las-oportunidades-de-inversion-en-jujuy\\\/#primaryimage\"},\"thumbnailUrl\":\"https:\\\/\\\/www.muyjujuy.com\\\/wp-content\\\/uploads\\\/2022\\\/10\\\/WhatsApp-Image-2022-10-05-at-09.00.00.jpeg\",\"datePublished\":\"2022-10-05T12:01:52+00:00\",\"dateModified\":\"2022-10-05T12:01:55+00:00\",\"description\":\"El gobernador enumer\u00f3 las posibilidades de inversi\u00f3n en la provincia y el crecimiento productivo que ha tenido Jujuy en el \u00faltimo tiempo.\",\"breadcrumb\":{\"@id\":\"https:\\\/\\\/www.muyjujuy.com\\\/index.php\\\/2022\\\/10\\\/05\\\/en-cordoba-morales-invito-a-empresarios-a-estar-atentos-a-las-oportunidades-de-inversion-en-jujuy\\\/#breadcrumb\"},\"inLanguage\":\"es-AR\",\"potentialAction\":[{\"@type\":\"ReadAction\",\"target\":[\"https:\\\/\\\/www.muyjujuy.com\\\/index.php\\\/2022\\\/10\\\/05\\\/en-cordoba-morales-invito-a-empresarios-a-estar-atentos-a-las-oportunidades-de-inversion-en-jujuy\\\/\"]}]},{\"@type\":\"ImageObject\",\"inLanguage\":\"es-AR\",\"@id\":\"https:\\\/\\\/www.muyjujuy.com\\\/index.php\\\/2022\\\/10\\\/05\\\/en-cordoba-morales-invito-a-empresarios-a-estar-atentos-a-las-oportunidades-de-inversion-en-jujuy\\\/#primaryimage\",\"url\":\"https:\\\/\\\/www.muyjujuy.com\\\/wp-content\\\/uploads\\\/2022\\\/10\\\/WhatsApp-Image-2022-10-05-at-09.00.00.jpeg\",\"contentUrl\":\"https:\\\/\\\/www.muyjujuy.com\\\/wp-content\\\/uploads\\\/2022\\\/10\\\/WhatsApp-Image-2022-10-05-at-09.00.00.jpeg\",\"width\":1200,\"height\":939},{\"@type\":\"BreadcrumbList\",\"@id\":\"https:\\\/\\\/www.muyjujuy.com\\\/index.php\\\/2022\\\/10\\\/05\\\/en-cordoba-morales-invito-a-empresarios-a-estar-atentos-a-las-oportunidades-de-inversion-en-jujuy\\\/#breadcrumb\",\"itemListElement\":[{\"@type\":\"ListItem\",\"position\":1,\"name\":\"Inicio\",\"item\":\"https:\\\/\\\/www.muyjujuy.com\\\/\"},{\"@type\":\"ListItem\",\"position\":2,\"name\":\"En C\u00f3rdoba, Morales invit\u00f3 a empresarios a &#8220;estar atentos a las oportunidades de inversi\u00f3n en Jujuy&#8221;\"}]},{\"@type\":\"WebSite\",\"@id\":\"https:\\\/\\\/www.muyjujuy.com\\\/#website\",\"url\":\"https:\\\/\\\/www.muyjujuy.com\\\/\",\"name\":\"Muy Jujuy\",\"description\":\"\",\"publisher\":{\"@id\":\"https:\\\/\\\/www.muyjujuy.com\\\/#organization\"},\"potentialAction\":[{\"@type\":\"SearchAction\",\"target\":{\"@type\":\"EntryPoint\",\"urlTemplate\":\"https:\\\/\\\/www.muyjujuy.com\\\/?s={search_term_string}\"},\"query-input\":{\"@type\":\"PropertyValueSpecification\",\"valueRequired\":true,\"valueName\":\"search_term_string\"}}],\"inLanguage\":\"es-AR\"},{\"@type\":\"Organization\",\"@id\":\"https:\\\/\\\/www.muyjujuy.com\\\/#organization\",\"name\":\"Muy Jujuy\",\"url\":\"https:\\\/\\\/www.muyjujuy.com\\\/\",\"logo\":{\"@type\":\"ImageObject\",\"inLanguage\":\"es-AR\",\"@id\":\"https:\\\/\\\/www.muyjujuy.com\\\/#\\\/schema\\\/logo\\\/image\\\/\",\"url\":\"http:\\\/\\\/www.muyjujuy.com\\\/wp-content\\\/uploads\\\/2022\\\/05\\\/logo-mobil-jujuy.png\",\"contentUrl\":\"http:\\\/\\\/www.muyjujuy.com\\\/wp-content\\\/uploads\\\/2022\\\/05\\\/logo-mobil-jujuy.png\",\"width\":174,\"height\":81,\"caption\":\"Muy Jujuy\"},\"image\":{\"@id\":\"https:\\\/\\\/www.muyjujuy.com\\\/#\\\/schema\\\/logo\\\/image\\\/\"},\"sameAs\":[\"https:\\\/\\\/www.facebook.com\\\/muyjujuycom\",\"https:\\\/\\\/x.com\\\/muyjujuy\",\"https:\\\/\\\/www.instagram.com\\\/muyjujuycom\"]},{\"@type\":\"Person\",\"@id\":\"https:\\\/\\\/www.muyjujuy.com\\\/#\\\/schema\\\/person\\\/1d0f6e223ccea9e3f9034c1a5b683bf2\",\"name\":\"Redacci\u00f3n Muy Jujuy\",\"image\":{\"@type\":\"ImageObject\",\"inLanguage\":\"es-AR\",\"@id\":\"https:\\\/\\\/secure.gravatar.com\\\/avatar\\\/fec5f6f1893d741ed5eecccff109ce43e67a855411202a3212a058cb8e5c27d4?s=96&d=mm&r=g\",\"url\":\"https:\\\/\\\/secure.gravatar.com\\\/avatar\\\/fec5f6f1893d741ed5eecccff109ce43e67a855411202a3212a058cb8e5c27d4?s=96&d=mm&r=g\",\"contentUrl\":\"https:\\\/\\\/secure.gravatar.com\\\/avatar\\\/fec5f6f1893d741ed5eecccff109ce43e67a855411202a3212a058cb8e5c27d4?s=96&d=mm&r=g\",\"caption\":\"Redacci\u00f3n Muy Jujuy\"},\"url\":\"https:\\\/\\\/www.muyjujuy.com\\\/index.php\\\/author\\\/editor\\\/\"}]}<\/script>\n<!-- \/ Yoast SEO plugin. -->","yoast_head_json":{"title":"En C\u00f3rdoba, Morales invit\u00f3 a empresarios a \"estar atentos a las oportunidades de inversi\u00f3n en Jujuy\" - Muy Jujuy","description":"El gobernador enumer\u00f3 las posibilidades de inversi\u00f3n en la provincia y el crecimiento productivo que ha tenido Jujuy en el \u00faltimo tiempo.","robots":{"index":"index","follow":"follow","max-snippet":"max-snippet:-1","max-image-preview":"max-image-preview:large","max-video-preview":"max-video-preview:-1"},"canonical":"https:\/\/www.muyjujuy.com\/index.php\/2022\/10\/05\/en-cordoba-morales-invito-a-empresarios-a-estar-atentos-a-las-oportunidades-de-inversion-en-jujuy\/","og_locale":"es_ES","og_type":"article","og_title":"En C\u00f3rdoba, Morales invit\u00f3 a empresarios a \"estar atentos a las oportunidades de inversi\u00f3n en Jujuy\" - Muy Jujuy","og_description":"El gobernador enumer\u00f3 las posibilidades de inversi\u00f3n en la provincia y el crecimiento productivo que ha tenido Jujuy en el \u00faltimo tiempo.","og_url":"https:\/\/www.muyjujuy.com\/index.php\/2022\/10\/05\/en-cordoba-morales-invito-a-empresarios-a-estar-atentos-a-las-oportunidades-de-inversion-en-jujuy\/","og_site_name":"Muy Jujuy","article_publisher":"https:\/\/www.facebook.com\/muyjujuycom","article_published_time":"2022-10-05T12:01:52+00:00","article_modified_time":"2022-10-05T12:01:55+00:00","og_image":[{"width":1200,"height":939,"url":"https:\/\/www.muyjujuy.com\/wp-content\/uploads\/2022\/10\/WhatsApp-Image-2022-10-05-at-09.00.00.jpeg","type":"image\/jpeg"}],"author":"Redacci\u00f3n Muy Jujuy","twitter_card":"summary_large_image","twitter_creator":"@muyjujuy","twitter_site":"@muyjujuy","twitter_misc":{"Escrito por":"Redacci\u00f3n Muy Jujuy","Tiempo de lectura":"3 minutos"},"schema":{"@context":"https:\/\/schema.org","@graph":[{"@type":"Article","@id":"https:\/\/www.muyjujuy.com\/index.php\/2022\/10\/05\/en-cordoba-morales-invito-a-empresarios-a-estar-atentos-a-las-oportunidades-de-inversion-en-jujuy\/#article","isPartOf":{"@id":"https:\/\/www.muyjujuy.com\/index.php\/2022\/10\/05\/en-cordoba-morales-invito-a-empresarios-a-estar-atentos-a-las-oportunidades-de-inversion-en-jujuy\/"},"author":{"name":"Redacci\u00f3n Muy Jujuy","@id":"https:\/\/www.muyjujuy.com\/#\/schema\/person\/1d0f6e223ccea9e3f9034c1a5b683bf2"},"headline":"En C\u00f3rdoba, Morales invit\u00f3 a empresarios a &#8220;estar atentos a las oportunidades de inversi\u00f3n en Jujuy&#8221;","datePublished":"2022-10-05T12:01:52+00:00","dateModified":"2022-10-05T12:01:55+00:00","mainEntityOfPage":{"@id":"https:\/\/www.muyjujuy.com\/index.php\/2022\/10\/05\/en-cordoba-morales-invito-a-empresarios-a-estar-atentos-a-las-oportunidades-de-inversion-en-jujuy\/"},"wordCount":726,"commentCount":0,"publisher":{"@id":"https:\/\/www.muyjujuy.com\/#organization"},"image":{"@id":"https:\/\/www.muyjujuy.com\/index.php\/2022\/10\/05\/en-cordoba-morales-invito-a-empresarios-a-estar-atentos-a-las-oportunidades-de-inversion-en-jujuy\/#primaryimage"},"thumbnailUrl":"https:\/\/www.muyjujuy.com\/wp-content\/uploads\/2022\/10\/WhatsApp-Image-2022-10-05-at-09.00.00.jpeg","keywords":["Gerardo Morales","Jujuy"],"articleSection":["Pol\u00edtica"],"inLanguage":"es-AR","potentialAction":[{"@type":"CommentAction","name":"Comment","target":["https:\/\/www.muyjujuy.com\/index.php\/2022\/10\/05\/en-cordoba-morales-invito-a-empresarios-a-estar-atentos-a-las-oportunidades-de-inversion-en-jujuy\/#respond"]}]},{"@type":"WebPage","@id":"https:\/\/www.muyjujuy.com\/index.php\/2022\/10\/05\/en-cordoba-morales-invito-a-empresarios-a-estar-atentos-a-las-oportunidades-de-inversion-en-jujuy\/","url":"https:\/\/www.muyjujuy.com\/index.php\/2022\/10\/05\/en-cordoba-morales-invito-a-empresarios-a-estar-atentos-a-las-oportunidades-de-inversion-en-jujuy\/","name":"En C\u00f3rdoba, Morales invit\u00f3 a empresarios a \"estar atentos a las oportunidades de inversi\u00f3n en Jujuy\" - Muy Jujuy","isPartOf":{"@id":"https:\/\/www.muyjujuy.com\/#website"},"primaryImageOfPage":{"@id":"https:\/\/www.muyjujuy.com\/index.php\/2022\/10\/05\/en-cordoba-morales-invito-a-empresarios-a-estar-atentos-a-las-oportunidades-de-inversion-en-jujuy\/#primaryimage"},"image":{"@id":"https:\/\/www.muyjujuy.com\/index.php\/2022\/10\/05\/en-cordoba-morales-invito-a-empresarios-a-estar-atentos-a-las-oportunidades-de-inversion-en-jujuy\/#primaryimage"},"thumbnailUrl":"https:\/\/www.muyjujuy.com\/wp-content\/uploads\/2022\/10\/WhatsApp-Image-2022-10-05-at-09.00.00.jpeg","datePublished":"2022-10-05T12:01:52+00:00","dateModified":"2022-10-05T12:01:55+00:00","description":"El gobernador enumer\u00f3 las posibilidades de inversi\u00f3n en la provincia y el crecimiento productivo que ha tenido Jujuy en el \u00faltimo tiempo.","breadcrumb":{"@id":"https:\/\/www.muyjujuy.com\/index.php\/2022\/10\/05\/en-cordoba-morales-invito-a-empresarios-a-estar-atentos-a-las-oportunidades-de-inversion-en-jujuy\/#breadcrumb"},"inLanguage":"es-AR","potentialAction":[{"@type":"ReadAction","target":["https:\/\/www.muyjujuy.com\/index.php\/2022\/10\/05\/en-cordoba-morales-invito-a-empresarios-a-estar-atentos-a-las-oportunidades-de-inversion-en-jujuy\/"]}]},{"@type":"ImageObject","inLanguage":"es-AR","@id":"https:\/\/www.muyjujuy.com\/index.php\/2022\/10\/05\/en-cordoba-morales-invito-a-empresarios-a-estar-atentos-a-las-oportunidades-de-inversion-en-jujuy\/#primaryimage","url":"https:\/\/www.muyjujuy.com\/wp-content\/uploads\/2022\/10\/WhatsApp-Image-2022-10-05-at-09.00.00.jpeg","contentUrl":"https:\/\/www.muyjujuy.com\/wp-content\/uploads\/2022\/10\/WhatsApp-Image-2022-10-05-at-09.00.00.jpeg","width":1200,"height":939},{"@type":"BreadcrumbList","@id":"https:\/\/www.muyjujuy.com\/index.php\/2022\/10\/05\/en-cordoba-morales-invito-a-empresarios-a-estar-atentos-a-las-oportunidades-de-inversion-en-jujuy\/#breadcrumb","itemListElement":[{"@type":"ListItem","position":1,"name":"Inicio","item":"https:\/\/www.muyjujuy.com\/"},{"@type":"ListItem","position":2,"name":"En C\u00f3rdoba, Morales invit\u00f3 a empresarios a &#8220;estar atentos a las oportunidades de inversi\u00f3n en Jujuy&#8221;"}]},{"@type":"WebSite","@id":"https:\/\/www.muyjujuy.com\/#website","url":"https:\/\/www.muyjujuy.com\/","name":"Muy Jujuy","description":"","publisher":{"@id":"https:\/\/www.muyjujuy.com\/#organization"},"potentialAction":[{"@type":"SearchAction","target":{"@type":"EntryPoint","urlTemplate":"https:\/\/www.muyjujuy.com\/?s={search_term_string}"},"query-input":{"@type":"PropertyValueSpecification","valueRequired":true,"valueName":"search_term_string"}}],"inLanguage":"es-AR"},{"@type":"Organization","@id":"https:\/\/www.muyjujuy.com\/#organization","name":"Muy Jujuy","url":"https:\/\/www.muyjujuy.com\/","logo":{"@type":"ImageObject","inLanguage":"es-AR","@id":"https:\/\/www.muyjujuy.com\/#\/schema\/logo\/image\/","url":"http:\/\/www.muyjujuy.com\/wp-content\/uploads\/2022\/05\/logo-mobil-jujuy.png","contentUrl":"http:\/\/www.muyjujuy.com\/wp-content\/uploads\/2022\/05\/logo-mobil-jujuy.png","width":174,"height":81,"caption":"Muy Jujuy"},"image":{"@id":"https:\/\/www.muyjujuy.com\/#\/schema\/logo\/image\/"},"sameAs":["https:\/\/www.facebook.com\/muyjujuycom","https:\/\/x.com\/muyjujuy","https:\/\/www.instagram.com\/muyjujuycom"]},{"@type":"Person","@id":"https:\/\/www.muyjujuy.com\/#\/schema\/person\/1d0f6e223ccea9e3f9034c1a5b683bf2","name":"Redacci\u00f3n Muy Jujuy","image":{"@type":"ImageObject","inLanguage":"es-AR","@id":"https:\/\/secure.gravatar.com\/avatar\/fec5f6f1893d741ed5eecccff109ce43e67a855411202a3212a058cb8e5c27d4?s=96&d=mm&r=g","url":"https:\/\/secure.gravatar.com\/avatar\/fec5f6f1893d741ed5eecccff109ce43e67a855411202a3212a058cb8e5c27d4?s=96&d=mm&r=g","contentUrl":"https:\/\/secure.gravatar.com\/avatar\/fec5f6f1893d741ed5eecccff109ce43e67a855411202a3212a058cb8e5c27d4?s=96&d=mm&r=g","caption":"Redacci\u00f3n Muy Jujuy"},"url":"https:\/\/www.muyjujuy.com\/index.php\/author\/editor\/"}]}},"_links":{"self":[{"href":"https:\/\/www.muyjujuy.com\/index.php\/wp-json\/wp\/v2\/posts\/1674","targetHints":{"allow":["GET"]}}],"collection":[{"href":"https:\/\/www.muyjujuy.com\/index.php\/wp-json\/wp\/v2\/posts"}],"about":[{"href":"https:\/\/www.muyjujuy.com\/index.php\/wp-json\/wp\/v2\/types\/post"}],"author":[{"embeddable":true,"href":"https:\/\/www.muyjujuy.com\/index.php\/wp-json\/wp\/v2\/users\/3"}],"replies":[{"embeddable":true,"href":"https:\/\/www.muyjujuy.com\/index.php\/wp-json\/wp\/v2\/comments?post=1674"}],"version-history":[{"count":1,"href":"https:\/\/www.muyjujuy.com\/index.php\/wp-json\/wp\/v2\/posts\/1674\/revisions"}],"predecessor-version":[{"id":1676,"href":"https:\/\/www.muyjujuy.com\/index.php\/wp-json\/wp\/v2\/posts\/1674\/revisions\/1676"}],"wp:featuredmedia":[{"embeddable":true,"href":"https:\/\/www.muyjujuy.com\/index.php\/wp-json\/wp\/v2\/media\/1675"}],"wp:attachment":[{"href":"https:\/\/www.muyjujuy.com\/index.php\/wp-json\/wp\/v2\/media?parent=1674"}],"wp:term":[{"taxonomy":"category","embeddable":true,"href":"https:\/\/www.muyjujuy.com\/index.php\/wp-json\/wp\/v2\/categories?post=1674"},{"taxonomy":"post_tag","embeddable":true,"href":"https:\/\/www.muyjujuy.com\/index.php\/wp-json\/wp\/v2\/tags?post=1674"}],"curies":[{"name":"wp","href":"https:\/\/api.w.org\/{rel}","templated":true}]}}