{"id":1683,"date":"2022-10-05T14:50:27","date_gmt":"2022-10-05T17:50:27","guid":{"rendered":"https:\/\/www.muyjujuy.com\/?p=1683"},"modified":"2022-10-05T14:50:29","modified_gmt":"2022-10-05T17:50:29","slug":"se-mantiene-sin-avance-el-incendio-de-las-yungas-jujenas","status":"publish","type":"post","link":"https:\/\/www.muyjujuy.com\/index.php\/2022\/10\/05\/se-mantiene-sin-avance-el-incendio-de-las-yungas-jujenas\/","title":{"rendered":"Se mantiene &#8220;sin avance&#8221; el incendio de las Yungas juje\u00f1as"},"content":{"rendered":"\n<p id=\"titulo_cable\"><em>El incendio en las Yungas juje\u00f1as ya afect\u00f3 a casi 8 mil hect\u00e1reas y los brigadistas contin\u00faan su trabajo incansable. <\/em><\/p>\n\n\n\n<p><a href=\"https:\/\/www.muyjujuy.com\/index.php\/2022\/10\/04\/por-septimo-dia-el-incendio-en-las-yungas-atenuo-su-avance\/\">El incendio que afecta el departamento Ledesma de la regi\u00f3n juje\u00f1a de las Yungas<\/a>, donde se quemaron casi 8.000 hect\u00e1reas, permanece &#8220;activo&#8221; aunque &#8220;por octavo d\u00eda no registra avance&#8221;. Eso se debe al trabajo sostenido que desarrollan las cuadrillas apostadas en la zona.<\/p>\n\n\n\n<p><strong>&#8220;Tenemos en este momento la l\u00ednea en el lugar m\u00e1s cr\u00edtico que es el frente del Parque Nacional Calilegua. <\/strong>Hacia all\u00ed ha venido avanzando el incendio y donde avanz\u00f3 en el 2020&#8243;, indic\u00f3 a T\u00e9lam el director de Incendios de Vegetaci\u00f3n de Jujuy, <strong>Alejandro Cooke<\/strong>.<\/p>\n\n\n\n<p>En ese lugar espec\u00edficamente trabajan 96 brigadistas, mientras que m\u00e1s de 100 fueron distribuidos para tareas de &#8220;enfriamiento de los per\u00edmetros y para que se mantenga lo que ya se ha hecho&#8221;.<\/p>\n\n\n\n<p>&#8220;El trabajo que hacen es concretamente cortar los \u00e1rboles prendidos, los tocones, rasparlos y enterrarlos. Esto va a permitir ir ampliando m\u00e1s la l\u00ednea cortafuego&#8221;, explic\u00f3.<\/p>\n\n\n\n<h2 class=\"wp-block-heading\"><strong>Incendio en las Yungas<\/strong><\/h2>\n\n\n\n<p>Cooke indic\u00f3 que <strong>el frente del incendio alcanza los 10 kil\u00f3metros en direcci\u00f3n al Parque Nacional Calilegua<\/strong>. No obstante, afirm\u00f3 que <strong>&#8220;est\u00e1 quieto y hace ocho d\u00edas que no avanza&#8221;<\/strong>. Adem\u00e1s, advirti\u00f3 sobre las condiciones clim\u00e1ticas no favorecen por las altas temperaturas y los vientos cambiantes.<\/p>\n\n\n\n<p>Hasta el momento, el incendio que se origin\u00f3 en la localidad de Yuto afect\u00f3 7.800 hect\u00e1reas. De ese total, <strong>995 corresponden al Parque Calilegua<\/strong>.<\/p>\n\n\n\n<p>&#8220;Una vez que lo tengamos controlado, cuando tengamos la seguridad que no va a salir del per\u00edmetro,<strong> nos dedicaremos a trabajar adentro pero no estamos en esa situaci\u00f3n ahora, el incendio est\u00e1 fuera de control&#8221;,<\/strong> precsi\u00f3.<\/p>\n\n\n\n<p>Por otro lado, la lluvia ca\u00edda en la semana pasada, unos 17 mil\u00edmetros, trajo tranquilidad. Fue una ayuda para ensanchar la brecha y trabajar con los troncos prendidos.<\/p>\n","protected":false},"excerpt":{"rendered":"<p>El incendio en las Yungas juje\u00f1as ya afect\u00f3 a casi 8 mil hect\u00e1reas y los brigadistas contin\u00faan su trabajo incansable. El incendio que afecta el departamento Ledesma de la regi\u00f3n juje\u00f1a de las Yungas, donde se quemaron casi 8.000 hect\u00e1reas, permanece &#8220;activo&#8221; aunque &#8220;por octavo d\u00eda no registra avance&#8221;. Eso se debe al trabajo sostenido [&hellip;]<\/p>\n","protected":false},"author":3,"featured_media":1472,"comment_status":"open","ping_status":"open","sticky":false,"template":"","format":"standard","meta":{"footnotes":""},"categories":[25],"tags":[735,8,640],"class_list":{"0":"post-1683","1":"post","2":"type-post","3":"status-publish","4":"format-standard","5":"has-post-thumbnail","7":"category-sociedad","8":"tag-incendios-forestales","9":"tag-jujuy","10":"tag-san-salvador"},"yoast_head":"<!-- This site is optimized with the Yoast SEO plugin v27.4 - https:\/\/yoast.com\/product\/yoast-seo-wordpress\/ -->\n<title>Se mantiene &quot;sin avance&quot; el incendio de las Yungas juje\u00f1as -<\/title>\n<meta name=\"description\" content=\"El incendio en las Yungas juje\u00f1as ya afect\u00f3 a casi 8 mil hect\u00e1reas y los brigadistas contin\u00faan su trabajo incansable.\" \/>\n<meta name=\"robots\" content=\"index, follow, max-snippet:-1, max-image-preview:large, max-video-preview:-1\" \/>\n<link rel=\"canonical\" href=\"https:\/\/www.muyjujuy.com\/index.php\/2022\/10\/05\/se-mantiene-sin-avance-el-incendio-de-las-yungas-jujenas\/\" \/>\n<meta property=\"og:locale\" content=\"es_ES\" \/>\n<meta property=\"og:type\" content=\"article\" \/>\n<meta property=\"og:title\" content=\"Se mantiene &quot;sin avance&quot; el incendio de las Yungas juje\u00f1as -\" \/>\n<meta property=\"og:description\" content=\"El incendio en las Yungas juje\u00f1as ya afect\u00f3 a casi 8 mil hect\u00e1reas y los brigadistas contin\u00faan su trabajo incansable.\" \/>\n<meta property=\"og:url\" content=\"https:\/\/www.muyjujuy.com\/index.php\/2022\/10\/05\/se-mantiene-sin-avance-el-incendio-de-las-yungas-jujenas\/\" \/>\n<meta property=\"og:site_name\" content=\"Muy Jujuy\" \/>\n<meta property=\"article:publisher\" content=\"https:\/\/www.facebook.com\/muyjujuycom\" \/>\n<meta property=\"article:published_time\" content=\"2022-10-05T17:50:27+00:00\" \/>\n<meta property=\"article:modified_time\" content=\"2022-10-05T17:50:29+00:00\" \/>\n<meta property=\"og:image\" content=\"https:\/\/www.muyjujuy.com\/wp-content\/uploads\/2022\/09\/multas-incendios.jpg\" \/>\n\t<meta property=\"og:image:width\" content=\"990\" \/>\n\t<meta property=\"og:image:height\" content=\"610\" \/>\n\t<meta property=\"og:image:type\" content=\"image\/jpeg\" \/>\n<meta name=\"author\" content=\"Redacci\u00f3n Muy Jujuy\" \/>\n<meta name=\"twitter:card\" content=\"summary_large_image\" \/>\n<meta name=\"twitter:creator\" content=\"@muyjujuy\" \/>\n<meta name=\"twitter:site\" content=\"@muyjujuy\" \/>\n<meta name=\"twitter:label1\" content=\"Escrito por\" \/>\n\t<meta name=\"twitter:data1\" content=\"Redacci\u00f3n Muy Jujuy\" \/>\n\t<meta name=\"twitter:label2\" content=\"Tiempo de lectura\" \/>\n\t<meta name=\"twitter:data2\" content=\"2 minutos\" \/>\n<script type=\"application\/ld+json\" class=\"yoast-schema-graph\">{\"@context\":\"https:\\\/\\\/schema.org\",\"@graph\":[{\"@type\":\"Article\",\"@id\":\"https:\\\/\\\/www.muyjujuy.com\\\/index.php\\\/2022\\\/10\\\/05\\\/se-mantiene-sin-avance-el-incendio-de-las-yungas-jujenas\\\/#article\",\"isPartOf\":{\"@id\":\"https:\\\/\\\/www.muyjujuy.com\\\/index.php\\\/2022\\\/10\\\/05\\\/se-mantiene-sin-avance-el-incendio-de-las-yungas-jujenas\\\/\"},\"author\":{\"name\":\"Redacci\u00f3n Muy Jujuy\",\"@id\":\"https:\\\/\\\/www.muyjujuy.com\\\/#\\\/schema\\\/person\\\/1d0f6e223ccea9e3f9034c1a5b683bf2\"},\"headline\":\"Se mantiene &#8220;sin avance&#8221; el incendio de las Yungas juje\u00f1as\",\"datePublished\":\"2022-10-05T17:50:27+00:00\",\"dateModified\":\"2022-10-05T17:50:29+00:00\",\"mainEntityOfPage\":{\"@id\":\"https:\\\/\\\/www.muyjujuy.com\\\/index.php\\\/2022\\\/10\\\/05\\\/se-mantiene-sin-avance-el-incendio-de-las-yungas-jujenas\\\/\"},\"wordCount\":333,\"commentCount\":0,\"publisher\":{\"@id\":\"https:\\\/\\\/www.muyjujuy.com\\\/#organization\"},\"image\":{\"@id\":\"https:\\\/\\\/www.muyjujuy.com\\\/index.php\\\/2022\\\/10\\\/05\\\/se-mantiene-sin-avance-el-incendio-de-las-yungas-jujenas\\\/#primaryimage\"},\"thumbnailUrl\":\"https:\\\/\\\/www.muyjujuy.com\\\/wp-content\\\/uploads\\\/2022\\\/09\\\/multas-incendios.jpg\",\"keywords\":[\"Incendios forestales\",\"Jujuy\",\"San Salvador\"],\"articleSection\":[\"Sociedad\"],\"inLanguage\":\"es-AR\",\"potentialAction\":[{\"@type\":\"CommentAction\",\"name\":\"Comment\",\"target\":[\"https:\\\/\\\/www.muyjujuy.com\\\/index.php\\\/2022\\\/10\\\/05\\\/se-mantiene-sin-avance-el-incendio-de-las-yungas-jujenas\\\/#respond\"]}]},{\"@type\":\"WebPage\",\"@id\":\"https:\\\/\\\/www.muyjujuy.com\\\/index.php\\\/2022\\\/10\\\/05\\\/se-mantiene-sin-avance-el-incendio-de-las-yungas-jujenas\\\/\",\"url\":\"https:\\\/\\\/www.muyjujuy.com\\\/index.php\\\/2022\\\/10\\\/05\\\/se-mantiene-sin-avance-el-incendio-de-las-yungas-jujenas\\\/\",\"name\":\"Se mantiene \\\"sin avance\\\" el incendio de las Yungas juje\u00f1as -\",\"isPartOf\":{\"@id\":\"https:\\\/\\\/www.muyjujuy.com\\\/#website\"},\"primaryImageOfPage\":{\"@id\":\"https:\\\/\\\/www.muyjujuy.com\\\/index.php\\\/2022\\\/10\\\/05\\\/se-mantiene-sin-avance-el-incendio-de-las-yungas-jujenas\\\/#primaryimage\"},\"image\":{\"@id\":\"https:\\\/\\\/www.muyjujuy.com\\\/index.php\\\/2022\\\/10\\\/05\\\/se-mantiene-sin-avance-el-incendio-de-las-yungas-jujenas\\\/#primaryimage\"},\"thumbnailUrl\":\"https:\\\/\\\/www.muyjujuy.com\\\/wp-content\\\/uploads\\\/2022\\\/09\\\/multas-incendios.jpg\",\"datePublished\":\"2022-10-05T17:50:27+00:00\",\"dateModified\":\"2022-10-05T17:50:29+00:00\",\"description\":\"El incendio en las Yungas juje\u00f1as ya afect\u00f3 a casi 8 mil hect\u00e1reas y los brigadistas contin\u00faan su trabajo incansable.\",\"breadcrumb\":{\"@id\":\"https:\\\/\\\/www.muyjujuy.com\\\/index.php\\\/2022\\\/10\\\/05\\\/se-mantiene-sin-avance-el-incendio-de-las-yungas-jujenas\\\/#breadcrumb\"},\"inLanguage\":\"es-AR\",\"potentialAction\":[{\"@type\":\"ReadAction\",\"target\":[\"https:\\\/\\\/www.muyjujuy.com\\\/index.php\\\/2022\\\/10\\\/05\\\/se-mantiene-sin-avance-el-incendio-de-las-yungas-jujenas\\\/\"]}]},{\"@type\":\"ImageObject\",\"inLanguage\":\"es-AR\",\"@id\":\"https:\\\/\\\/www.muyjujuy.com\\\/index.php\\\/2022\\\/10\\\/05\\\/se-mantiene-sin-avance-el-incendio-de-las-yungas-jujenas\\\/#primaryimage\",\"url\":\"https:\\\/\\\/www.muyjujuy.com\\\/wp-content\\\/uploads\\\/2022\\\/09\\\/multas-incendios.jpg\",\"contentUrl\":\"https:\\\/\\\/www.muyjujuy.com\\\/wp-content\\\/uploads\\\/2022\\\/09\\\/multas-incendios.jpg\",\"width\":990,\"height\":610},{\"@type\":\"BreadcrumbList\",\"@id\":\"https:\\\/\\\/www.muyjujuy.com\\\/index.php\\\/2022\\\/10\\\/05\\\/se-mantiene-sin-avance-el-incendio-de-las-yungas-jujenas\\\/#breadcrumb\",\"itemListElement\":[{\"@type\":\"ListItem\",\"position\":1,\"name\":\"Inicio\",\"item\":\"https:\\\/\\\/www.muyjujuy.com\\\/\"},{\"@type\":\"ListItem\",\"position\":2,\"name\":\"Se mantiene &#8220;sin avance&#8221; el incendio de las Yungas juje\u00f1as\"}]},{\"@type\":\"WebSite\",\"@id\":\"https:\\\/\\\/www.muyjujuy.com\\\/#website\",\"url\":\"https:\\\/\\\/www.muyjujuy.com\\\/\",\"name\":\"Muy Jujuy\",\"description\":\"\",\"publisher\":{\"@id\":\"https:\\\/\\\/www.muyjujuy.com\\\/#organization\"},\"potentialAction\":[{\"@type\":\"SearchAction\",\"target\":{\"@type\":\"EntryPoint\",\"urlTemplate\":\"https:\\\/\\\/www.muyjujuy.com\\\/?s={search_term_string}\"},\"query-input\":{\"@type\":\"PropertyValueSpecification\",\"valueRequired\":true,\"valueName\":\"search_term_string\"}}],\"inLanguage\":\"es-AR\"},{\"@type\":\"Organization\",\"@id\":\"https:\\\/\\\/www.muyjujuy.com\\\/#organization\",\"name\":\"Muy Jujuy\",\"url\":\"https:\\\/\\\/www.muyjujuy.com\\\/\",\"logo\":{\"@type\":\"ImageObject\",\"inLanguage\":\"es-AR\",\"@id\":\"https:\\\/\\\/www.muyjujuy.com\\\/#\\\/schema\\\/logo\\\/image\\\/\",\"url\":\"http:\\\/\\\/www.muyjujuy.com\\\/wp-content\\\/uploads\\\/2022\\\/05\\\/logo-mobil-jujuy.png\",\"contentUrl\":\"http:\\\/\\\/www.muyjujuy.com\\\/wp-content\\\/uploads\\\/2022\\\/05\\\/logo-mobil-jujuy.png\",\"width\":174,\"height\":81,\"caption\":\"Muy Jujuy\"},\"image\":{\"@id\":\"https:\\\/\\\/www.muyjujuy.com\\\/#\\\/schema\\\/logo\\\/image\\\/\"},\"sameAs\":[\"https:\\\/\\\/www.facebook.com\\\/muyjujuycom\",\"https:\\\/\\\/x.com\\\/muyjujuy\",\"https:\\\/\\\/www.instagram.com\\\/muyjujuycom\"]},{\"@type\":\"Person\",\"@id\":\"https:\\\/\\\/www.muyjujuy.com\\\/#\\\/schema\\\/person\\\/1d0f6e223ccea9e3f9034c1a5b683bf2\",\"name\":\"Redacci\u00f3n Muy Jujuy\",\"image\":{\"@type\":\"ImageObject\",\"inLanguage\":\"es-AR\",\"@id\":\"https:\\\/\\\/secure.gravatar.com\\\/avatar\\\/fec5f6f1893d741ed5eecccff109ce43e67a855411202a3212a058cb8e5c27d4?s=96&d=mm&r=g\",\"url\":\"https:\\\/\\\/secure.gravatar.com\\\/avatar\\\/fec5f6f1893d741ed5eecccff109ce43e67a855411202a3212a058cb8e5c27d4?s=96&d=mm&r=g\",\"contentUrl\":\"https:\\\/\\\/secure.gravatar.com\\\/avatar\\\/fec5f6f1893d741ed5eecccff109ce43e67a855411202a3212a058cb8e5c27d4?s=96&d=mm&r=g\",\"caption\":\"Redacci\u00f3n Muy Jujuy\"},\"url\":\"https:\\\/\\\/www.muyjujuy.com\\\/index.php\\\/author\\\/editor\\\/\"}]}<\/script>\n<!-- \/ Yoast SEO plugin. -->","yoast_head_json":{"title":"Se mantiene \"sin avance\" el incendio de las Yungas juje\u00f1as -","description":"El incendio en las Yungas juje\u00f1as ya afect\u00f3 a casi 8 mil hect\u00e1reas y los brigadistas contin\u00faan su trabajo incansable.","robots":{"index":"index","follow":"follow","max-snippet":"max-snippet:-1","max-image-preview":"max-image-preview:large","max-video-preview":"max-video-preview:-1"},"canonical":"https:\/\/www.muyjujuy.com\/index.php\/2022\/10\/05\/se-mantiene-sin-avance-el-incendio-de-las-yungas-jujenas\/","og_locale":"es_ES","og_type":"article","og_title":"Se mantiene \"sin avance\" el incendio de las Yungas juje\u00f1as -","og_description":"El incendio en las Yungas juje\u00f1as ya afect\u00f3 a casi 8 mil hect\u00e1reas y los brigadistas contin\u00faan su trabajo incansable.","og_url":"https:\/\/www.muyjujuy.com\/index.php\/2022\/10\/05\/se-mantiene-sin-avance-el-incendio-de-las-yungas-jujenas\/","og_site_name":"Muy Jujuy","article_publisher":"https:\/\/www.facebook.com\/muyjujuycom","article_published_time":"2022-10-05T17:50:27+00:00","article_modified_time":"2022-10-05T17:50:29+00:00","og_image":[{"width":990,"height":610,"url":"https:\/\/www.muyjujuy.com\/wp-content\/uploads\/2022\/09\/multas-incendios.jpg","type":"image\/jpeg"}],"author":"Redacci\u00f3n Muy Jujuy","twitter_card":"summary_large_image","twitter_creator":"@muyjujuy","twitter_site":"@muyjujuy","twitter_misc":{"Escrito por":"Redacci\u00f3n Muy Jujuy","Tiempo de lectura":"2 minutos"},"schema":{"@context":"https:\/\/schema.org","@graph":[{"@type":"Article","@id":"https:\/\/www.muyjujuy.com\/index.php\/2022\/10\/05\/se-mantiene-sin-avance-el-incendio-de-las-yungas-jujenas\/#article","isPartOf":{"@id":"https:\/\/www.muyjujuy.com\/index.php\/2022\/10\/05\/se-mantiene-sin-avance-el-incendio-de-las-yungas-jujenas\/"},"author":{"name":"Redacci\u00f3n Muy Jujuy","@id":"https:\/\/www.muyjujuy.com\/#\/schema\/person\/1d0f6e223ccea9e3f9034c1a5b683bf2"},"headline":"Se mantiene &#8220;sin avance&#8221; el incendio de las Yungas juje\u00f1as","datePublished":"2022-10-05T17:50:27+00:00","dateModified":"2022-10-05T17:50:29+00:00","mainEntityOfPage":{"@id":"https:\/\/www.muyjujuy.com\/index.php\/2022\/10\/05\/se-mantiene-sin-avance-el-incendio-de-las-yungas-jujenas\/"},"wordCount":333,"commentCount":0,"publisher":{"@id":"https:\/\/www.muyjujuy.com\/#organization"},"image":{"@id":"https:\/\/www.muyjujuy.com\/index.php\/2022\/10\/05\/se-mantiene-sin-avance-el-incendio-de-las-yungas-jujenas\/#primaryimage"},"thumbnailUrl":"https:\/\/www.muyjujuy.com\/wp-content\/uploads\/2022\/09\/multas-incendios.jpg","keywords":["Incendios forestales","Jujuy","San Salvador"],"articleSection":["Sociedad"],"inLanguage":"es-AR","potentialAction":[{"@type":"CommentAction","name":"Comment","target":["https:\/\/www.muyjujuy.com\/index.php\/2022\/10\/05\/se-mantiene-sin-avance-el-incendio-de-las-yungas-jujenas\/#respond"]}]},{"@type":"WebPage","@id":"https:\/\/www.muyjujuy.com\/index.php\/2022\/10\/05\/se-mantiene-sin-avance-el-incendio-de-las-yungas-jujenas\/","url":"https:\/\/www.muyjujuy.com\/index.php\/2022\/10\/05\/se-mantiene-sin-avance-el-incendio-de-las-yungas-jujenas\/","name":"Se mantiene \"sin avance\" el incendio de las Yungas juje\u00f1as -","isPartOf":{"@id":"https:\/\/www.muyjujuy.com\/#website"},"primaryImageOfPage":{"@id":"https:\/\/www.muyjujuy.com\/index.php\/2022\/10\/05\/se-mantiene-sin-avance-el-incendio-de-las-yungas-jujenas\/#primaryimage"},"image":{"@id":"https:\/\/www.muyjujuy.com\/index.php\/2022\/10\/05\/se-mantiene-sin-avance-el-incendio-de-las-yungas-jujenas\/#primaryimage"},"thumbnailUrl":"https:\/\/www.muyjujuy.com\/wp-content\/uploads\/2022\/09\/multas-incendios.jpg","datePublished":"2022-10-05T17:50:27+00:00","dateModified":"2022-10-05T17:50:29+00:00","description":"El incendio en las Yungas juje\u00f1as ya afect\u00f3 a casi 8 mil hect\u00e1reas y los brigadistas contin\u00faan su trabajo incansable.","breadcrumb":{"@id":"https:\/\/www.muyjujuy.com\/index.php\/2022\/10\/05\/se-mantiene-sin-avance-el-incendio-de-las-yungas-jujenas\/#breadcrumb"},"inLanguage":"es-AR","potentialAction":[{"@type":"ReadAction","target":["https:\/\/www.muyjujuy.com\/index.php\/2022\/10\/05\/se-mantiene-sin-avance-el-incendio-de-las-yungas-jujenas\/"]}]},{"@type":"ImageObject","inLanguage":"es-AR","@id":"https:\/\/www.muyjujuy.com\/index.php\/2022\/10\/05\/se-mantiene-sin-avance-el-incendio-de-las-yungas-jujenas\/#primaryimage","url":"https:\/\/www.muyjujuy.com\/wp-content\/uploads\/2022\/09\/multas-incendios.jpg","contentUrl":"https:\/\/www.muyjujuy.com\/wp-content\/uploads\/2022\/09\/multas-incendios.jpg","width":990,"height":610},{"@type":"BreadcrumbList","@id":"https:\/\/www.muyjujuy.com\/index.php\/2022\/10\/05\/se-mantiene-sin-avance-el-incendio-de-las-yungas-jujenas\/#breadcrumb","itemListElement":[{"@type":"ListItem","position":1,"name":"Inicio","item":"https:\/\/www.muyjujuy.com\/"},{"@type":"ListItem","position":2,"name":"Se mantiene &#8220;sin avance&#8221; el incendio de las Yungas juje\u00f1as"}]},{"@type":"WebSite","@id":"https:\/\/www.muyjujuy.com\/#website","url":"https:\/\/www.muyjujuy.com\/","name":"Muy Jujuy","description":"","publisher":{"@id":"https:\/\/www.muyjujuy.com\/#organization"},"potentialAction":[{"@type":"SearchAction","target":{"@type":"EntryPoint","urlTemplate":"https:\/\/www.muyjujuy.com\/?s={search_term_string}"},"query-input":{"@type":"PropertyValueSpecification","valueRequired":true,"valueName":"search_term_string"}}],"inLanguage":"es-AR"},{"@type":"Organization","@id":"https:\/\/www.muyjujuy.com\/#organization","name":"Muy Jujuy","url":"https:\/\/www.muyjujuy.com\/","logo":{"@type":"ImageObject","inLanguage":"es-AR","@id":"https:\/\/www.muyjujuy.com\/#\/schema\/logo\/image\/","url":"http:\/\/www.muyjujuy.com\/wp-content\/uploads\/2022\/05\/logo-mobil-jujuy.png","contentUrl":"http:\/\/www.muyjujuy.com\/wp-content\/uploads\/2022\/05\/logo-mobil-jujuy.png","width":174,"height":81,"caption":"Muy Jujuy"},"image":{"@id":"https:\/\/www.muyjujuy.com\/#\/schema\/logo\/image\/"},"sameAs":["https:\/\/www.facebook.com\/muyjujuycom","https:\/\/x.com\/muyjujuy","https:\/\/www.instagram.com\/muyjujuycom"]},{"@type":"Person","@id":"https:\/\/www.muyjujuy.com\/#\/schema\/person\/1d0f6e223ccea9e3f9034c1a5b683bf2","name":"Redacci\u00f3n Muy Jujuy","image":{"@type":"ImageObject","inLanguage":"es-AR","@id":"https:\/\/secure.gravatar.com\/avatar\/fec5f6f1893d741ed5eecccff109ce43e67a855411202a3212a058cb8e5c27d4?s=96&d=mm&r=g","url":"https:\/\/secure.gravatar.com\/avatar\/fec5f6f1893d741ed5eecccff109ce43e67a855411202a3212a058cb8e5c27d4?s=96&d=mm&r=g","contentUrl":"https:\/\/secure.gravatar.com\/avatar\/fec5f6f1893d741ed5eecccff109ce43e67a855411202a3212a058cb8e5c27d4?s=96&d=mm&r=g","caption":"Redacci\u00f3n Muy Jujuy"},"url":"https:\/\/www.muyjujuy.com\/index.php\/author\/editor\/"}]}},"_links":{"self":[{"href":"https:\/\/www.muyjujuy.com\/index.php\/wp-json\/wp\/v2\/posts\/1683","targetHints":{"allow":["GET"]}}],"collection":[{"href":"https:\/\/www.muyjujuy.com\/index.php\/wp-json\/wp\/v2\/posts"}],"about":[{"href":"https:\/\/www.muyjujuy.com\/index.php\/wp-json\/wp\/v2\/types\/post"}],"author":[{"embeddable":true,"href":"https:\/\/www.muyjujuy.com\/index.php\/wp-json\/wp\/v2\/users\/3"}],"replies":[{"embeddable":true,"href":"https:\/\/www.muyjujuy.com\/index.php\/wp-json\/wp\/v2\/comments?post=1683"}],"version-history":[{"count":1,"href":"https:\/\/www.muyjujuy.com\/index.php\/wp-json\/wp\/v2\/posts\/1683\/revisions"}],"predecessor-version":[{"id":1684,"href":"https:\/\/www.muyjujuy.com\/index.php\/wp-json\/wp\/v2\/posts\/1683\/revisions\/1684"}],"wp:featuredmedia":[{"embeddable":true,"href":"https:\/\/www.muyjujuy.com\/index.php\/wp-json\/wp\/v2\/media\/1472"}],"wp:attachment":[{"href":"https:\/\/www.muyjujuy.com\/index.php\/wp-json\/wp\/v2\/media?parent=1683"}],"wp:term":[{"taxonomy":"category","embeddable":true,"href":"https:\/\/www.muyjujuy.com\/index.php\/wp-json\/wp\/v2\/categories?post=1683"},{"taxonomy":"post_tag","embeddable":true,"href":"https:\/\/www.muyjujuy.com\/index.php\/wp-json\/wp\/v2\/tags?post=1683"}],"curies":[{"name":"wp","href":"https:\/\/api.w.org\/{rel}","templated":true}]}}