{"id":1706,"date":"2022-10-07T13:56:01","date_gmt":"2022-10-07T16:56:01","guid":{"rendered":"https:\/\/www.muyjujuy.com\/?p=1706"},"modified":"2022-10-07T13:56:04","modified_gmt":"2022-10-07T16:56:04","slug":"se-sumaran-dos-vuelos-semanales-que-conectaran-a-jujuy-y-buenos-aires","status":"publish","type":"post","link":"https:\/\/www.muyjujuy.com\/index.php\/2022\/10\/07\/se-sumaran-dos-vuelos-semanales-que-conectaran-a-jujuy-y-buenos-aires\/","title":{"rendered":"Se sumar\u00e1n dos vuelos semanales que conectar\u00e1n a Jujuy y Buenos Aires"},"content":{"rendered":"\n<p><em>Los nuevos vuelos potenciar\u00e1n las conexiones de la provincia con el resto del pa\u00eds y ayudar\u00e1 a crecer el turismo interno. <\/em><\/p>\n\n\n\n<p>La compa\u00f1\u00eda a\u00e9rea JetSmart <strong>sumar\u00e1 dos nuevos vuelos semanales entre las ciudades de San Salvador y Buenos Aires. <\/strong>Esto ser\u00e1 durante octubre y noviembre. Fue confirmado por el <a href=\"https:\/\/twitter.com\/VisitJujuy\">Ministerio de Cultura y Turismo de Jujuy.<\/a><\/p>\n\n\n\n<p>El jefe de esa cartera, Federico Posadas, dio a conocer el incremento en esa conexi\u00f3n a\u00e9rea de la compa\u00f1\u00eda &#8220;low cost&#8221; y defini\u00f3 que <strong>ser\u00e1 en \u201cbeneficio\u201d de la provincia<\/strong>. Adem\u00e1s, anunci\u00f3 que la mira de nuevos vuelos <strong>\u201cest\u00e1 puesta en sumar la provincia de Corrientes el pr\u00f3ximo a\u00f1o\u201d.<\/strong><\/p>\n\n\n\n<p><strong>&#8220;En el encuentro con directivos de la aerol\u00ednea low cost JetSmart,<\/strong> se concret\u00f3 la decisi\u00f3n de sumar dos vuelos m\u00e1s en la semana para cubrir la ruta Jujuy-Aeroparque, es decir que ser\u00e1n un total de cinco vuelos durante octubre y noviembre, en un principio&#8221;, asever\u00f3 el funcionario.<\/p>\n\n\n\n<p>Posadas consider\u00f3 que el aumento de vuelos <strong>\u201ces resultado de la fuerte demanda que hay para viajar a Jujuy con la respuesta del mercado cada vez que JetSmart apost\u00f3 a la provincia&#8221;.<\/strong><\/p>\n\n\n\n<h2 class=\"wp-block-heading\"><strong>Nuevos vuelos<\/strong><\/h2>\n\n\n\n<p>Posadas indic\u00f3 que &#8220;con la inversi\u00f3n encarada por la empresa en la adquisici\u00f3n de m\u00e1s aviones. <strong>Se analiza para el a\u00f1o 2023 la posibilidad de un vuelo Jujuy-Corrientes, proyecto que se trunc\u00f3 por la pandemia&#8221;.<\/strong><\/p>\n\n\n\n<p>De la reuni\u00f3n mantenida con autoridades de la empresa a\u00e9rea, en Buenos Aires, participaron, el secretario de Turismo, Diego Valdecantos; el gerente general de la empresa low cost, Gonzalo P\u00e9rez Corral; y el gerente Comercial de Jet Smart, Dar\u00edo Ratinoff.<\/p>\n","protected":false},"excerpt":{"rendered":"<p>Los nuevos vuelos potenciar\u00e1n las conexiones de la provincia con el resto del pa\u00eds y ayudar\u00e1 a crecer el turismo interno. La compa\u00f1\u00eda a\u00e9rea JetSmart sumar\u00e1 dos nuevos vuelos semanales entre las ciudades de San Salvador y Buenos Aires. Esto ser\u00e1 durante octubre y noviembre. Fue confirmado por el Ministerio de Cultura y Turismo de [&hellip;]<\/p>\n","protected":false},"author":3,"featured_media":1708,"comment_status":"open","ping_status":"open","sticky":false,"template":"","format":"standard","meta":{"footnotes":""},"categories":[25],"tags":[8,673],"class_list":{"0":"post-1706","1":"post","2":"type-post","3":"status-publish","4":"format-standard","5":"has-post-thumbnail","7":"category-sociedad","8":"tag-jujuy","9":"tag-turismo"},"yoast_head":"<!-- This site is optimized with the Yoast SEO plugin v27.5 - https:\/\/yoast.com\/product\/yoast-seo-wordpress\/ -->\n<title>Se sumar\u00e1n dos vuelos semanales que conectar\u00e1n a Jujuy y Buenos Aires - Muy Jujuy<\/title>\n<meta name=\"description\" content=\"Los nuevos vuelos potenciar\u00e1n las conexiones de la provincia con el resto del pa\u00eds y ayudar\u00e1 a crecer el turismo interno.\" \/>\n<meta name=\"robots\" content=\"index, follow, max-snippet:-1, max-image-preview:large, max-video-preview:-1\" \/>\n<link rel=\"canonical\" href=\"https:\/\/www.muyjujuy.com\/index.php\/2022\/10\/07\/se-sumaran-dos-vuelos-semanales-que-conectaran-a-jujuy-y-buenos-aires\/\" \/>\n<meta property=\"og:locale\" content=\"es_ES\" \/>\n<meta property=\"og:type\" content=\"article\" \/>\n<meta property=\"og:title\" content=\"Se sumar\u00e1n dos vuelos semanales que conectar\u00e1n a Jujuy y Buenos Aires - Muy Jujuy\" \/>\n<meta property=\"og:description\" content=\"Los nuevos vuelos potenciar\u00e1n las conexiones de la provincia con el resto del pa\u00eds y ayudar\u00e1 a crecer el turismo interno.\" \/>\n<meta property=\"og:url\" content=\"https:\/\/www.muyjujuy.com\/index.php\/2022\/10\/07\/se-sumaran-dos-vuelos-semanales-que-conectaran-a-jujuy-y-buenos-aires\/\" \/>\n<meta property=\"og:site_name\" content=\"Muy Jujuy\" \/>\n<meta property=\"article:publisher\" content=\"https:\/\/www.facebook.com\/muyjujuycom\" \/>\n<meta property=\"article:published_time\" content=\"2022-10-07T16:56:01+00:00\" \/>\n<meta property=\"article:modified_time\" content=\"2022-10-07T16:56:04+00:00\" \/>\n<meta property=\"og:image\" content=\"https:\/\/www.muyjujuy.com\/wp-content\/uploads\/2022\/10\/WhatsApp-Image-2022-10-07-at-13.55.58.jpeg\" \/>\n\t<meta property=\"og:image:width\" content=\"730\" \/>\n\t<meta property=\"og:image:height\" content=\"411\" \/>\n\t<meta property=\"og:image:type\" content=\"image\/jpeg\" \/>\n<meta name=\"author\" content=\"Redacci\u00f3n Muy Jujuy\" \/>\n<meta name=\"twitter:card\" content=\"summary_large_image\" \/>\n<meta name=\"twitter:creator\" content=\"@muyjujuy\" \/>\n<meta name=\"twitter:site\" content=\"@muyjujuy\" \/>\n<meta name=\"twitter:label1\" content=\"Escrito por\" \/>\n\t<meta name=\"twitter:data1\" content=\"Redacci\u00f3n Muy Jujuy\" \/>\n\t<meta name=\"twitter:label2\" content=\"Tiempo de lectura\" \/>\n\t<meta name=\"twitter:data2\" content=\"2 minutos\" \/>\n<script type=\"application\/ld+json\" class=\"yoast-schema-graph\">{\"@context\":\"https:\\\/\\\/schema.org\",\"@graph\":[{\"@type\":\"Article\",\"@id\":\"https:\\\/\\\/www.muyjujuy.com\\\/index.php\\\/2022\\\/10\\\/07\\\/se-sumaran-dos-vuelos-semanales-que-conectaran-a-jujuy-y-buenos-aires\\\/#article\",\"isPartOf\":{\"@id\":\"https:\\\/\\\/www.muyjujuy.com\\\/index.php\\\/2022\\\/10\\\/07\\\/se-sumaran-dos-vuelos-semanales-que-conectaran-a-jujuy-y-buenos-aires\\\/\"},\"author\":{\"name\":\"Redacci\u00f3n Muy Jujuy\",\"@id\":\"https:\\\/\\\/www.muyjujuy.com\\\/#\\\/schema\\\/person\\\/1d0f6e223ccea9e3f9034c1a5b683bf2\"},\"headline\":\"Se sumar\u00e1n dos vuelos semanales que conectar\u00e1n a Jujuy y Buenos Aires\",\"datePublished\":\"2022-10-07T16:56:01+00:00\",\"dateModified\":\"2022-10-07T16:56:04+00:00\",\"mainEntityOfPage\":{\"@id\":\"https:\\\/\\\/www.muyjujuy.com\\\/index.php\\\/2022\\\/10\\\/07\\\/se-sumaran-dos-vuelos-semanales-que-conectaran-a-jujuy-y-buenos-aires\\\/\"},\"wordCount\":296,\"commentCount\":0,\"publisher\":{\"@id\":\"https:\\\/\\\/www.muyjujuy.com\\\/#organization\"},\"image\":{\"@id\":\"https:\\\/\\\/www.muyjujuy.com\\\/index.php\\\/2022\\\/10\\\/07\\\/se-sumaran-dos-vuelos-semanales-que-conectaran-a-jujuy-y-buenos-aires\\\/#primaryimage\"},\"thumbnailUrl\":\"https:\\\/\\\/www.muyjujuy.com\\\/wp-content\\\/uploads\\\/2022\\\/10\\\/WhatsApp-Image-2022-10-07-at-13.55.58.jpeg\",\"keywords\":[\"Jujuy\",\"Turismo\"],\"articleSection\":[\"Sociedad\"],\"inLanguage\":\"es-AR\",\"potentialAction\":[{\"@type\":\"CommentAction\",\"name\":\"Comment\",\"target\":[\"https:\\\/\\\/www.muyjujuy.com\\\/index.php\\\/2022\\\/10\\\/07\\\/se-sumaran-dos-vuelos-semanales-que-conectaran-a-jujuy-y-buenos-aires\\\/#respond\"]}]},{\"@type\":\"WebPage\",\"@id\":\"https:\\\/\\\/www.muyjujuy.com\\\/index.php\\\/2022\\\/10\\\/07\\\/se-sumaran-dos-vuelos-semanales-que-conectaran-a-jujuy-y-buenos-aires\\\/\",\"url\":\"https:\\\/\\\/www.muyjujuy.com\\\/index.php\\\/2022\\\/10\\\/07\\\/se-sumaran-dos-vuelos-semanales-que-conectaran-a-jujuy-y-buenos-aires\\\/\",\"name\":\"Se sumar\u00e1n dos vuelos semanales que conectar\u00e1n a Jujuy y Buenos Aires - Muy Jujuy\",\"isPartOf\":{\"@id\":\"https:\\\/\\\/www.muyjujuy.com\\\/#website\"},\"primaryImageOfPage\":{\"@id\":\"https:\\\/\\\/www.muyjujuy.com\\\/index.php\\\/2022\\\/10\\\/07\\\/se-sumaran-dos-vuelos-semanales-que-conectaran-a-jujuy-y-buenos-aires\\\/#primaryimage\"},\"image\":{\"@id\":\"https:\\\/\\\/www.muyjujuy.com\\\/index.php\\\/2022\\\/10\\\/07\\\/se-sumaran-dos-vuelos-semanales-que-conectaran-a-jujuy-y-buenos-aires\\\/#primaryimage\"},\"thumbnailUrl\":\"https:\\\/\\\/www.muyjujuy.com\\\/wp-content\\\/uploads\\\/2022\\\/10\\\/WhatsApp-Image-2022-10-07-at-13.55.58.jpeg\",\"datePublished\":\"2022-10-07T16:56:01+00:00\",\"dateModified\":\"2022-10-07T16:56:04+00:00\",\"description\":\"Los nuevos vuelos potenciar\u00e1n las conexiones de la provincia con el resto del pa\u00eds y ayudar\u00e1 a crecer el turismo interno.\",\"breadcrumb\":{\"@id\":\"https:\\\/\\\/www.muyjujuy.com\\\/index.php\\\/2022\\\/10\\\/07\\\/se-sumaran-dos-vuelos-semanales-que-conectaran-a-jujuy-y-buenos-aires\\\/#breadcrumb\"},\"inLanguage\":\"es-AR\",\"potentialAction\":[{\"@type\":\"ReadAction\",\"target\":[\"https:\\\/\\\/www.muyjujuy.com\\\/index.php\\\/2022\\\/10\\\/07\\\/se-sumaran-dos-vuelos-semanales-que-conectaran-a-jujuy-y-buenos-aires\\\/\"]}]},{\"@type\":\"ImageObject\",\"inLanguage\":\"es-AR\",\"@id\":\"https:\\\/\\\/www.muyjujuy.com\\\/index.php\\\/2022\\\/10\\\/07\\\/se-sumaran-dos-vuelos-semanales-que-conectaran-a-jujuy-y-buenos-aires\\\/#primaryimage\",\"url\":\"https:\\\/\\\/www.muyjujuy.com\\\/wp-content\\\/uploads\\\/2022\\\/10\\\/WhatsApp-Image-2022-10-07-at-13.55.58.jpeg\",\"contentUrl\":\"https:\\\/\\\/www.muyjujuy.com\\\/wp-content\\\/uploads\\\/2022\\\/10\\\/WhatsApp-Image-2022-10-07-at-13.55.58.jpeg\",\"width\":730,\"height\":411},{\"@type\":\"BreadcrumbList\",\"@id\":\"https:\\\/\\\/www.muyjujuy.com\\\/index.php\\\/2022\\\/10\\\/07\\\/se-sumaran-dos-vuelos-semanales-que-conectaran-a-jujuy-y-buenos-aires\\\/#breadcrumb\",\"itemListElement\":[{\"@type\":\"ListItem\",\"position\":1,\"name\":\"Inicio\",\"item\":\"https:\\\/\\\/www.muyjujuy.com\\\/\"},{\"@type\":\"ListItem\",\"position\":2,\"name\":\"Se sumar\u00e1n dos vuelos semanales que conectar\u00e1n a Jujuy y Buenos Aires\"}]},{\"@type\":\"WebSite\",\"@id\":\"https:\\\/\\\/www.muyjujuy.com\\\/#website\",\"url\":\"https:\\\/\\\/www.muyjujuy.com\\\/\",\"name\":\"Muy Jujuy\",\"description\":\"\",\"publisher\":{\"@id\":\"https:\\\/\\\/www.muyjujuy.com\\\/#organization\"},\"potentialAction\":[{\"@type\":\"SearchAction\",\"target\":{\"@type\":\"EntryPoint\",\"urlTemplate\":\"https:\\\/\\\/www.muyjujuy.com\\\/?s={search_term_string}\"},\"query-input\":{\"@type\":\"PropertyValueSpecification\",\"valueRequired\":true,\"valueName\":\"search_term_string\"}}],\"inLanguage\":\"es-AR\"},{\"@type\":\"Organization\",\"@id\":\"https:\\\/\\\/www.muyjujuy.com\\\/#organization\",\"name\":\"Muy Jujuy\",\"url\":\"https:\\\/\\\/www.muyjujuy.com\\\/\",\"logo\":{\"@type\":\"ImageObject\",\"inLanguage\":\"es-AR\",\"@id\":\"https:\\\/\\\/www.muyjujuy.com\\\/#\\\/schema\\\/logo\\\/image\\\/\",\"url\":\"http:\\\/\\\/www.muyjujuy.com\\\/wp-content\\\/uploads\\\/2022\\\/05\\\/logo-mobil-jujuy.png\",\"contentUrl\":\"http:\\\/\\\/www.muyjujuy.com\\\/wp-content\\\/uploads\\\/2022\\\/05\\\/logo-mobil-jujuy.png\",\"width\":174,\"height\":81,\"caption\":\"Muy Jujuy\"},\"image\":{\"@id\":\"https:\\\/\\\/www.muyjujuy.com\\\/#\\\/schema\\\/logo\\\/image\\\/\"},\"sameAs\":[\"https:\\\/\\\/www.facebook.com\\\/muyjujuycom\",\"https:\\\/\\\/x.com\\\/muyjujuy\",\"https:\\\/\\\/www.instagram.com\\\/muyjujuycom\"]},{\"@type\":\"Person\",\"@id\":\"https:\\\/\\\/www.muyjujuy.com\\\/#\\\/schema\\\/person\\\/1d0f6e223ccea9e3f9034c1a5b683bf2\",\"name\":\"Redacci\u00f3n Muy Jujuy\",\"image\":{\"@type\":\"ImageObject\",\"inLanguage\":\"es-AR\",\"@id\":\"https:\\\/\\\/secure.gravatar.com\\\/avatar\\\/fec5f6f1893d741ed5eecccff109ce43e67a855411202a3212a058cb8e5c27d4?s=96&d=mm&r=g\",\"url\":\"https:\\\/\\\/secure.gravatar.com\\\/avatar\\\/fec5f6f1893d741ed5eecccff109ce43e67a855411202a3212a058cb8e5c27d4?s=96&d=mm&r=g\",\"contentUrl\":\"https:\\\/\\\/secure.gravatar.com\\\/avatar\\\/fec5f6f1893d741ed5eecccff109ce43e67a855411202a3212a058cb8e5c27d4?s=96&d=mm&r=g\",\"caption\":\"Redacci\u00f3n Muy Jujuy\"},\"url\":\"https:\\\/\\\/www.muyjujuy.com\\\/index.php\\\/author\\\/editor\\\/\"}]}<\/script>\n<!-- \/ Yoast SEO plugin. -->","yoast_head_json":{"title":"Se sumar\u00e1n dos vuelos semanales que conectar\u00e1n a Jujuy y Buenos Aires - Muy Jujuy","description":"Los nuevos vuelos potenciar\u00e1n las conexiones de la provincia con el resto del pa\u00eds y ayudar\u00e1 a crecer el turismo interno.","robots":{"index":"index","follow":"follow","max-snippet":"max-snippet:-1","max-image-preview":"max-image-preview:large","max-video-preview":"max-video-preview:-1"},"canonical":"https:\/\/www.muyjujuy.com\/index.php\/2022\/10\/07\/se-sumaran-dos-vuelos-semanales-que-conectaran-a-jujuy-y-buenos-aires\/","og_locale":"es_ES","og_type":"article","og_title":"Se sumar\u00e1n dos vuelos semanales que conectar\u00e1n a Jujuy y Buenos Aires - Muy Jujuy","og_description":"Los nuevos vuelos potenciar\u00e1n las conexiones de la provincia con el resto del pa\u00eds y ayudar\u00e1 a crecer el turismo interno.","og_url":"https:\/\/www.muyjujuy.com\/index.php\/2022\/10\/07\/se-sumaran-dos-vuelos-semanales-que-conectaran-a-jujuy-y-buenos-aires\/","og_site_name":"Muy Jujuy","article_publisher":"https:\/\/www.facebook.com\/muyjujuycom","article_published_time":"2022-10-07T16:56:01+00:00","article_modified_time":"2022-10-07T16:56:04+00:00","og_image":[{"width":730,"height":411,"url":"https:\/\/www.muyjujuy.com\/wp-content\/uploads\/2022\/10\/WhatsApp-Image-2022-10-07-at-13.55.58.jpeg","type":"image\/jpeg"}],"author":"Redacci\u00f3n Muy Jujuy","twitter_card":"summary_large_image","twitter_creator":"@muyjujuy","twitter_site":"@muyjujuy","twitter_misc":{"Escrito por":"Redacci\u00f3n Muy Jujuy","Tiempo de lectura":"2 minutos"},"schema":{"@context":"https:\/\/schema.org","@graph":[{"@type":"Article","@id":"https:\/\/www.muyjujuy.com\/index.php\/2022\/10\/07\/se-sumaran-dos-vuelos-semanales-que-conectaran-a-jujuy-y-buenos-aires\/#article","isPartOf":{"@id":"https:\/\/www.muyjujuy.com\/index.php\/2022\/10\/07\/se-sumaran-dos-vuelos-semanales-que-conectaran-a-jujuy-y-buenos-aires\/"},"author":{"name":"Redacci\u00f3n Muy Jujuy","@id":"https:\/\/www.muyjujuy.com\/#\/schema\/person\/1d0f6e223ccea9e3f9034c1a5b683bf2"},"headline":"Se sumar\u00e1n dos vuelos semanales que conectar\u00e1n a Jujuy y Buenos Aires","datePublished":"2022-10-07T16:56:01+00:00","dateModified":"2022-10-07T16:56:04+00:00","mainEntityOfPage":{"@id":"https:\/\/www.muyjujuy.com\/index.php\/2022\/10\/07\/se-sumaran-dos-vuelos-semanales-que-conectaran-a-jujuy-y-buenos-aires\/"},"wordCount":296,"commentCount":0,"publisher":{"@id":"https:\/\/www.muyjujuy.com\/#organization"},"image":{"@id":"https:\/\/www.muyjujuy.com\/index.php\/2022\/10\/07\/se-sumaran-dos-vuelos-semanales-que-conectaran-a-jujuy-y-buenos-aires\/#primaryimage"},"thumbnailUrl":"https:\/\/www.muyjujuy.com\/wp-content\/uploads\/2022\/10\/WhatsApp-Image-2022-10-07-at-13.55.58.jpeg","keywords":["Jujuy","Turismo"],"articleSection":["Sociedad"],"inLanguage":"es-AR","potentialAction":[{"@type":"CommentAction","name":"Comment","target":["https:\/\/www.muyjujuy.com\/index.php\/2022\/10\/07\/se-sumaran-dos-vuelos-semanales-que-conectaran-a-jujuy-y-buenos-aires\/#respond"]}]},{"@type":"WebPage","@id":"https:\/\/www.muyjujuy.com\/index.php\/2022\/10\/07\/se-sumaran-dos-vuelos-semanales-que-conectaran-a-jujuy-y-buenos-aires\/","url":"https:\/\/www.muyjujuy.com\/index.php\/2022\/10\/07\/se-sumaran-dos-vuelos-semanales-que-conectaran-a-jujuy-y-buenos-aires\/","name":"Se sumar\u00e1n dos vuelos semanales que conectar\u00e1n a Jujuy y Buenos Aires - Muy Jujuy","isPartOf":{"@id":"https:\/\/www.muyjujuy.com\/#website"},"primaryImageOfPage":{"@id":"https:\/\/www.muyjujuy.com\/index.php\/2022\/10\/07\/se-sumaran-dos-vuelos-semanales-que-conectaran-a-jujuy-y-buenos-aires\/#primaryimage"},"image":{"@id":"https:\/\/www.muyjujuy.com\/index.php\/2022\/10\/07\/se-sumaran-dos-vuelos-semanales-que-conectaran-a-jujuy-y-buenos-aires\/#primaryimage"},"thumbnailUrl":"https:\/\/www.muyjujuy.com\/wp-content\/uploads\/2022\/10\/WhatsApp-Image-2022-10-07-at-13.55.58.jpeg","datePublished":"2022-10-07T16:56:01+00:00","dateModified":"2022-10-07T16:56:04+00:00","description":"Los nuevos vuelos potenciar\u00e1n las conexiones de la provincia con el resto del pa\u00eds y ayudar\u00e1 a crecer el turismo interno.","breadcrumb":{"@id":"https:\/\/www.muyjujuy.com\/index.php\/2022\/10\/07\/se-sumaran-dos-vuelos-semanales-que-conectaran-a-jujuy-y-buenos-aires\/#breadcrumb"},"inLanguage":"es-AR","potentialAction":[{"@type":"ReadAction","target":["https:\/\/www.muyjujuy.com\/index.php\/2022\/10\/07\/se-sumaran-dos-vuelos-semanales-que-conectaran-a-jujuy-y-buenos-aires\/"]}]},{"@type":"ImageObject","inLanguage":"es-AR","@id":"https:\/\/www.muyjujuy.com\/index.php\/2022\/10\/07\/se-sumaran-dos-vuelos-semanales-que-conectaran-a-jujuy-y-buenos-aires\/#primaryimage","url":"https:\/\/www.muyjujuy.com\/wp-content\/uploads\/2022\/10\/WhatsApp-Image-2022-10-07-at-13.55.58.jpeg","contentUrl":"https:\/\/www.muyjujuy.com\/wp-content\/uploads\/2022\/10\/WhatsApp-Image-2022-10-07-at-13.55.58.jpeg","width":730,"height":411},{"@type":"BreadcrumbList","@id":"https:\/\/www.muyjujuy.com\/index.php\/2022\/10\/07\/se-sumaran-dos-vuelos-semanales-que-conectaran-a-jujuy-y-buenos-aires\/#breadcrumb","itemListElement":[{"@type":"ListItem","position":1,"name":"Inicio","item":"https:\/\/www.muyjujuy.com\/"},{"@type":"ListItem","position":2,"name":"Se sumar\u00e1n dos vuelos semanales que conectar\u00e1n a Jujuy y Buenos Aires"}]},{"@type":"WebSite","@id":"https:\/\/www.muyjujuy.com\/#website","url":"https:\/\/www.muyjujuy.com\/","name":"Muy Jujuy","description":"","publisher":{"@id":"https:\/\/www.muyjujuy.com\/#organization"},"potentialAction":[{"@type":"SearchAction","target":{"@type":"EntryPoint","urlTemplate":"https:\/\/www.muyjujuy.com\/?s={search_term_string}"},"query-input":{"@type":"PropertyValueSpecification","valueRequired":true,"valueName":"search_term_string"}}],"inLanguage":"es-AR"},{"@type":"Organization","@id":"https:\/\/www.muyjujuy.com\/#organization","name":"Muy Jujuy","url":"https:\/\/www.muyjujuy.com\/","logo":{"@type":"ImageObject","inLanguage":"es-AR","@id":"https:\/\/www.muyjujuy.com\/#\/schema\/logo\/image\/","url":"http:\/\/www.muyjujuy.com\/wp-content\/uploads\/2022\/05\/logo-mobil-jujuy.png","contentUrl":"http:\/\/www.muyjujuy.com\/wp-content\/uploads\/2022\/05\/logo-mobil-jujuy.png","width":174,"height":81,"caption":"Muy Jujuy"},"image":{"@id":"https:\/\/www.muyjujuy.com\/#\/schema\/logo\/image\/"},"sameAs":["https:\/\/www.facebook.com\/muyjujuycom","https:\/\/x.com\/muyjujuy","https:\/\/www.instagram.com\/muyjujuycom"]},{"@type":"Person","@id":"https:\/\/www.muyjujuy.com\/#\/schema\/person\/1d0f6e223ccea9e3f9034c1a5b683bf2","name":"Redacci\u00f3n Muy Jujuy","image":{"@type":"ImageObject","inLanguage":"es-AR","@id":"https:\/\/secure.gravatar.com\/avatar\/fec5f6f1893d741ed5eecccff109ce43e67a855411202a3212a058cb8e5c27d4?s=96&d=mm&r=g","url":"https:\/\/secure.gravatar.com\/avatar\/fec5f6f1893d741ed5eecccff109ce43e67a855411202a3212a058cb8e5c27d4?s=96&d=mm&r=g","contentUrl":"https:\/\/secure.gravatar.com\/avatar\/fec5f6f1893d741ed5eecccff109ce43e67a855411202a3212a058cb8e5c27d4?s=96&d=mm&r=g","caption":"Redacci\u00f3n Muy Jujuy"},"url":"https:\/\/www.muyjujuy.com\/index.php\/author\/editor\/"}]}},"_links":{"self":[{"href":"https:\/\/www.muyjujuy.com\/index.php\/wp-json\/wp\/v2\/posts\/1706","targetHints":{"allow":["GET"]}}],"collection":[{"href":"https:\/\/www.muyjujuy.com\/index.php\/wp-json\/wp\/v2\/posts"}],"about":[{"href":"https:\/\/www.muyjujuy.com\/index.php\/wp-json\/wp\/v2\/types\/post"}],"author":[{"embeddable":true,"href":"https:\/\/www.muyjujuy.com\/index.php\/wp-json\/wp\/v2\/users\/3"}],"replies":[{"embeddable":true,"href":"https:\/\/www.muyjujuy.com\/index.php\/wp-json\/wp\/v2\/comments?post=1706"}],"version-history":[{"count":1,"href":"https:\/\/www.muyjujuy.com\/index.php\/wp-json\/wp\/v2\/posts\/1706\/revisions"}],"predecessor-version":[{"id":1709,"href":"https:\/\/www.muyjujuy.com\/index.php\/wp-json\/wp\/v2\/posts\/1706\/revisions\/1709"}],"wp:featuredmedia":[{"embeddable":true,"href":"https:\/\/www.muyjujuy.com\/index.php\/wp-json\/wp\/v2\/media\/1708"}],"wp:attachment":[{"href":"https:\/\/www.muyjujuy.com\/index.php\/wp-json\/wp\/v2\/media?parent=1706"}],"wp:term":[{"taxonomy":"category","embeddable":true,"href":"https:\/\/www.muyjujuy.com\/index.php\/wp-json\/wp\/v2\/categories?post=1706"},{"taxonomy":"post_tag","embeddable":true,"href":"https:\/\/www.muyjujuy.com\/index.php\/wp-json\/wp\/v2\/tags?post=1706"}],"curies":[{"name":"wp","href":"https:\/\/api.w.org\/{rel}","templated":true}]}}