{"id":1736,"date":"2022-10-11T15:10:20","date_gmt":"2022-10-11T18:10:20","guid":{"rendered":"https:\/\/www.muyjujuy.com\/?p=1736"},"modified":"2022-10-11T15:10:22","modified_gmt":"2022-10-11T18:10:22","slug":"la-quiaca-detuvieron-a-tres-personas-por-caza-furtiva-de-vicunas","status":"publish","type":"post","link":"https:\/\/www.muyjujuy.com\/index.php\/2022\/10\/11\/la-quiaca-detuvieron-a-tres-personas-por-caza-furtiva-de-vicunas\/","title":{"rendered":"La Quiaca: detuvieron a tres personas por caza furtiva de vicu\u00f1as"},"content":{"rendered":"\n<p><em>Tres hombres fueron detenidos cuando cazaron a un grupo de vicu\u00f1as. El animal se encuentra protegido por ley.<\/em><\/p>\n\n\n\n<p><strong>Tres personas fueron detenidas por cazar vicu\u00f1as en la localidad de La Quiaca en Jujuy<\/strong>. Se recuperaron cueros del animal tras un alerta de las comunidades, el accionar coordinado de la Polic\u00eda, la Gendarmer\u00eda y la Fiscal\u00eda Ambiental.<br><br>Personal Policial de la <strong>Unidad Regional N\u00b0 5 de la Polic\u00eda juje\u00f1a <\/strong>procedi\u00f3 a la detenci\u00f3n de tres personas por c<strong>ometer hechos vand\u00e1licos con una especie protegida.<\/strong><br><br><strong>Personal de la Seccional N\u00b0 17 fue alertado por una comunidad dedicada a la protecci\u00f3n y esquila sustentable de vicu\u00f1a<\/strong>s en La Quiaca de <strong>movimientos sospechosos<\/strong> a la vera de la ruta en cercan\u00edas, donde habr\u00edan visto 3 vicu\u00f1as muertas y un rodado al costado del camino.<br><br>Efectivos de Infanter\u00eda acudieron de inmediato hacia Ruta Nacional N\u00b0 5 y <strong>se corrobo\u00f3 la presencia de un veh\u00edculo color verde oscuro Peugeot 306<\/strong>, con tres ocupantes masculinos con residencia en la provincia de Salta. Al revisar el rodado se observ\u00f3 en el ba\u00fal sangre distribuida en la alfombra. Los mismos fueron demorados con custodia.<\/p>\n\n\n\n<p>Siguiendo con el operativo, recorrieron la zona, y en otro tramo denominado Quebrada Colorada, <strong>localizaron una vicu\u00f1a muerta<\/strong>. Luego en Loma Blanca mientras rastreaban el camino divisaron una bolsa de consorcio con cueros de vicu\u00f1as frescos. <\/p>\n\n\n\n<p>Criminalistica realiz\u00f3 las pericias del caso, quienes informan que por el estado de los cueros, se presume que las vicu\u00f1as fueron sacrificadas muy recientemente.<\/p>\n\n\n\n<h2 class=\"wp-block-heading\"><strong>Caza ilegal de vicu\u00f1as<\/strong><\/h2>\n\n\n\n<p>Las personas fueron demoradas, el veh\u00edculo secuestrado a disposici\u00f3n de la Fiscal\u00eda de turno, donde deber\u00e1 responder por el <strong>delito de tr\u00e1fico ilegal de cueros de vicu\u00f1a y caza ilegal de estos animales protegidos por ley. <\/strong>La etapa de investigaci\u00f3n sigue abierta y el rastrillaje en la zona tambi\u00e9n. <\/p>\n\n\n\n<p>Por su parte, desde el Ministerio de Ambiente y Cambio Clim\u00e1tico destacan la articulaci\u00f3n de las fuerzas de seguridad y la justicia como la Gendarmer\u00eda, la Polic\u00eda de la Provincia y la Fiscal\u00eda ambiental.<\/p>\n\n\n\n<p>Adem\u00e1s, la invaluable acci\u00f3n de alerta temprana y vigilancia de las comunidades, activas protagonistas en el Plan de Manejo para su Conservaci\u00f3n y Uso Sustentable de la vicu\u00f1a, que se ocupan de su conservaci\u00f3n y vigilancia.<\/p>\n\n\n\n<p> La vicu\u00f1a est\u00e1 protegida por las leyes N\u00b0 5634, N\u00b03014, N\u00b0 5063 y Ley N\u00b0 22344. A la vez se informa que desde el Ministerio de Ambiente y Cambio Clim\u00e1tico se accionar\u00e1n con las actuaciones administrativas de rigor, denuncias penales y sanciones correspondientes. <\/p>\n","protected":false},"excerpt":{"rendered":"<p>Tres hombres fueron detenidos cuando cazaron a un grupo de vicu\u00f1as. El animal se encuentra protegido por ley. Tres personas fueron detenidas por cazar vicu\u00f1as en la localidad de La Quiaca en Jujuy. Se recuperaron cueros del animal tras un alerta de las comunidades, el accionar coordinado de la Polic\u00eda, la Gendarmer\u00eda y la Fiscal\u00eda [&hellip;]<\/p>\n","protected":false},"author":3,"featured_media":1737,"comment_status":"open","ping_status":"open","sticky":false,"template":"","format":"standard","meta":{"footnotes":""},"categories":[25],"tags":[8,548],"class_list":{"0":"post-1736","1":"post","2":"type-post","3":"status-publish","4":"format-standard","5":"has-post-thumbnail","7":"category-sociedad","8":"tag-jujuy","9":"tag-la-quiaca"},"yoast_head":"<!-- This site is optimized with the Yoast SEO plugin v27.5 - https:\/\/yoast.com\/product\/yoast-seo-wordpress\/ -->\n<title>La Quiaca: detuvieron a tres personas por caza furtiva de vicu\u00f1as - Muy Jujuy<\/title>\n<meta name=\"description\" content=\"Tres hombres fueron detenidos cuando cazaron a un grupo de vicu\u00f1as. El animal se encuentra protegido por ley.\" \/>\n<meta name=\"robots\" content=\"index, follow, max-snippet:-1, max-image-preview:large, max-video-preview:-1\" \/>\n<link rel=\"canonical\" href=\"https:\/\/www.muyjujuy.com\/index.php\/2022\/10\/11\/la-quiaca-detuvieron-a-tres-personas-por-caza-furtiva-de-vicunas\/\" \/>\n<meta property=\"og:locale\" content=\"es_ES\" \/>\n<meta property=\"og:type\" content=\"article\" \/>\n<meta property=\"og:title\" content=\"La Quiaca: detuvieron a tres personas por caza furtiva de vicu\u00f1as - Muy Jujuy\" \/>\n<meta property=\"og:description\" content=\"Tres hombres fueron detenidos cuando cazaron a un grupo de vicu\u00f1as. El animal se encuentra protegido por ley.\" \/>\n<meta property=\"og:url\" content=\"https:\/\/www.muyjujuy.com\/index.php\/2022\/10\/11\/la-quiaca-detuvieron-a-tres-personas-por-caza-furtiva-de-vicunas\/\" \/>\n<meta property=\"og:site_name\" content=\"Muy Jujuy\" \/>\n<meta property=\"article:publisher\" content=\"https:\/\/www.facebook.com\/muyjujuycom\" \/>\n<meta property=\"article:published_time\" content=\"2022-10-11T18:10:20+00:00\" \/>\n<meta property=\"article:modified_time\" content=\"2022-10-11T18:10:22+00:00\" \/>\n<meta property=\"og:image\" content=\"https:\/\/www.muyjujuy.com\/wp-content\/uploads\/2022\/10\/WhatsApp-Image-2022-10-11-at-15.05.43.jpeg\" \/>\n\t<meta property=\"og:image:width\" content=\"1200\" \/>\n\t<meta property=\"og:image:height\" content=\"900\" \/>\n\t<meta property=\"og:image:type\" content=\"image\/jpeg\" \/>\n<meta name=\"author\" content=\"Redacci\u00f3n Muy Jujuy\" \/>\n<meta name=\"twitter:card\" content=\"summary_large_image\" \/>\n<meta name=\"twitter:creator\" content=\"@muyjujuy\" \/>\n<meta name=\"twitter:site\" content=\"@muyjujuy\" \/>\n<meta name=\"twitter:label1\" content=\"Escrito por\" \/>\n\t<meta name=\"twitter:data1\" content=\"Redacci\u00f3n Muy Jujuy\" \/>\n\t<meta name=\"twitter:label2\" content=\"Tiempo de lectura\" \/>\n\t<meta name=\"twitter:data2\" content=\"2 minutos\" \/>\n<script type=\"application\/ld+json\" class=\"yoast-schema-graph\">{\"@context\":\"https:\\\/\\\/schema.org\",\"@graph\":[{\"@type\":\"Article\",\"@id\":\"https:\\\/\\\/www.muyjujuy.com\\\/index.php\\\/2022\\\/10\\\/11\\\/la-quiaca-detuvieron-a-tres-personas-por-caza-furtiva-de-vicunas\\\/#article\",\"isPartOf\":{\"@id\":\"https:\\\/\\\/www.muyjujuy.com\\\/index.php\\\/2022\\\/10\\\/11\\\/la-quiaca-detuvieron-a-tres-personas-por-caza-furtiva-de-vicunas\\\/\"},\"author\":{\"name\":\"Redacci\u00f3n Muy Jujuy\",\"@id\":\"https:\\\/\\\/www.muyjujuy.com\\\/#\\\/schema\\\/person\\\/1d0f6e223ccea9e3f9034c1a5b683bf2\"},\"headline\":\"La Quiaca: detuvieron a tres personas por caza furtiva de vicu\u00f1as\",\"datePublished\":\"2022-10-11T18:10:20+00:00\",\"dateModified\":\"2022-10-11T18:10:22+00:00\",\"mainEntityOfPage\":{\"@id\":\"https:\\\/\\\/www.muyjujuy.com\\\/index.php\\\/2022\\\/10\\\/11\\\/la-quiaca-detuvieron-a-tres-personas-por-caza-furtiva-de-vicunas\\\/\"},\"wordCount\":456,\"commentCount\":0,\"publisher\":{\"@id\":\"https:\\\/\\\/www.muyjujuy.com\\\/#organization\"},\"image\":{\"@id\":\"https:\\\/\\\/www.muyjujuy.com\\\/index.php\\\/2022\\\/10\\\/11\\\/la-quiaca-detuvieron-a-tres-personas-por-caza-furtiva-de-vicunas\\\/#primaryimage\"},\"thumbnailUrl\":\"https:\\\/\\\/www.muyjujuy.com\\\/wp-content\\\/uploads\\\/2022\\\/10\\\/WhatsApp-Image-2022-10-11-at-15.05.43.jpeg\",\"keywords\":[\"Jujuy\",\"La Quiaca\"],\"articleSection\":[\"Sociedad\"],\"inLanguage\":\"es-AR\",\"potentialAction\":[{\"@type\":\"CommentAction\",\"name\":\"Comment\",\"target\":[\"https:\\\/\\\/www.muyjujuy.com\\\/index.php\\\/2022\\\/10\\\/11\\\/la-quiaca-detuvieron-a-tres-personas-por-caza-furtiva-de-vicunas\\\/#respond\"]}]},{\"@type\":\"WebPage\",\"@id\":\"https:\\\/\\\/www.muyjujuy.com\\\/index.php\\\/2022\\\/10\\\/11\\\/la-quiaca-detuvieron-a-tres-personas-por-caza-furtiva-de-vicunas\\\/\",\"url\":\"https:\\\/\\\/www.muyjujuy.com\\\/index.php\\\/2022\\\/10\\\/11\\\/la-quiaca-detuvieron-a-tres-personas-por-caza-furtiva-de-vicunas\\\/\",\"name\":\"La Quiaca: detuvieron a tres personas por caza furtiva de vicu\u00f1as - Muy Jujuy\",\"isPartOf\":{\"@id\":\"https:\\\/\\\/www.muyjujuy.com\\\/#website\"},\"primaryImageOfPage\":{\"@id\":\"https:\\\/\\\/www.muyjujuy.com\\\/index.php\\\/2022\\\/10\\\/11\\\/la-quiaca-detuvieron-a-tres-personas-por-caza-furtiva-de-vicunas\\\/#primaryimage\"},\"image\":{\"@id\":\"https:\\\/\\\/www.muyjujuy.com\\\/index.php\\\/2022\\\/10\\\/11\\\/la-quiaca-detuvieron-a-tres-personas-por-caza-furtiva-de-vicunas\\\/#primaryimage\"},\"thumbnailUrl\":\"https:\\\/\\\/www.muyjujuy.com\\\/wp-content\\\/uploads\\\/2022\\\/10\\\/WhatsApp-Image-2022-10-11-at-15.05.43.jpeg\",\"datePublished\":\"2022-10-11T18:10:20+00:00\",\"dateModified\":\"2022-10-11T18:10:22+00:00\",\"description\":\"Tres hombres fueron detenidos cuando cazaron a un grupo de vicu\u00f1as. El animal se encuentra protegido por ley.\",\"breadcrumb\":{\"@id\":\"https:\\\/\\\/www.muyjujuy.com\\\/index.php\\\/2022\\\/10\\\/11\\\/la-quiaca-detuvieron-a-tres-personas-por-caza-furtiva-de-vicunas\\\/#breadcrumb\"},\"inLanguage\":\"es-AR\",\"potentialAction\":[{\"@type\":\"ReadAction\",\"target\":[\"https:\\\/\\\/www.muyjujuy.com\\\/index.php\\\/2022\\\/10\\\/11\\\/la-quiaca-detuvieron-a-tres-personas-por-caza-furtiva-de-vicunas\\\/\"]}]},{\"@type\":\"ImageObject\",\"inLanguage\":\"es-AR\",\"@id\":\"https:\\\/\\\/www.muyjujuy.com\\\/index.php\\\/2022\\\/10\\\/11\\\/la-quiaca-detuvieron-a-tres-personas-por-caza-furtiva-de-vicunas\\\/#primaryimage\",\"url\":\"https:\\\/\\\/www.muyjujuy.com\\\/wp-content\\\/uploads\\\/2022\\\/10\\\/WhatsApp-Image-2022-10-11-at-15.05.43.jpeg\",\"contentUrl\":\"https:\\\/\\\/www.muyjujuy.com\\\/wp-content\\\/uploads\\\/2022\\\/10\\\/WhatsApp-Image-2022-10-11-at-15.05.43.jpeg\",\"width\":1200,\"height\":900},{\"@type\":\"BreadcrumbList\",\"@id\":\"https:\\\/\\\/www.muyjujuy.com\\\/index.php\\\/2022\\\/10\\\/11\\\/la-quiaca-detuvieron-a-tres-personas-por-caza-furtiva-de-vicunas\\\/#breadcrumb\",\"itemListElement\":[{\"@type\":\"ListItem\",\"position\":1,\"name\":\"Inicio\",\"item\":\"https:\\\/\\\/www.muyjujuy.com\\\/\"},{\"@type\":\"ListItem\",\"position\":2,\"name\":\"La Quiaca: detuvieron a tres personas por caza furtiva de vicu\u00f1as\"}]},{\"@type\":\"WebSite\",\"@id\":\"https:\\\/\\\/www.muyjujuy.com\\\/#website\",\"url\":\"https:\\\/\\\/www.muyjujuy.com\\\/\",\"name\":\"Muy Jujuy\",\"description\":\"\",\"publisher\":{\"@id\":\"https:\\\/\\\/www.muyjujuy.com\\\/#organization\"},\"potentialAction\":[{\"@type\":\"SearchAction\",\"target\":{\"@type\":\"EntryPoint\",\"urlTemplate\":\"https:\\\/\\\/www.muyjujuy.com\\\/?s={search_term_string}\"},\"query-input\":{\"@type\":\"PropertyValueSpecification\",\"valueRequired\":true,\"valueName\":\"search_term_string\"}}],\"inLanguage\":\"es-AR\"},{\"@type\":\"Organization\",\"@id\":\"https:\\\/\\\/www.muyjujuy.com\\\/#organization\",\"name\":\"Muy Jujuy\",\"url\":\"https:\\\/\\\/www.muyjujuy.com\\\/\",\"logo\":{\"@type\":\"ImageObject\",\"inLanguage\":\"es-AR\",\"@id\":\"https:\\\/\\\/www.muyjujuy.com\\\/#\\\/schema\\\/logo\\\/image\\\/\",\"url\":\"http:\\\/\\\/www.muyjujuy.com\\\/wp-content\\\/uploads\\\/2022\\\/05\\\/logo-mobil-jujuy.png\",\"contentUrl\":\"http:\\\/\\\/www.muyjujuy.com\\\/wp-content\\\/uploads\\\/2022\\\/05\\\/logo-mobil-jujuy.png\",\"width\":174,\"height\":81,\"caption\":\"Muy Jujuy\"},\"image\":{\"@id\":\"https:\\\/\\\/www.muyjujuy.com\\\/#\\\/schema\\\/logo\\\/image\\\/\"},\"sameAs\":[\"https:\\\/\\\/www.facebook.com\\\/muyjujuycom\",\"https:\\\/\\\/x.com\\\/muyjujuy\",\"https:\\\/\\\/www.instagram.com\\\/muyjujuycom\"]},{\"@type\":\"Person\",\"@id\":\"https:\\\/\\\/www.muyjujuy.com\\\/#\\\/schema\\\/person\\\/1d0f6e223ccea9e3f9034c1a5b683bf2\",\"name\":\"Redacci\u00f3n Muy Jujuy\",\"image\":{\"@type\":\"ImageObject\",\"inLanguage\":\"es-AR\",\"@id\":\"https:\\\/\\\/secure.gravatar.com\\\/avatar\\\/fec5f6f1893d741ed5eecccff109ce43e67a855411202a3212a058cb8e5c27d4?s=96&d=mm&r=g\",\"url\":\"https:\\\/\\\/secure.gravatar.com\\\/avatar\\\/fec5f6f1893d741ed5eecccff109ce43e67a855411202a3212a058cb8e5c27d4?s=96&d=mm&r=g\",\"contentUrl\":\"https:\\\/\\\/secure.gravatar.com\\\/avatar\\\/fec5f6f1893d741ed5eecccff109ce43e67a855411202a3212a058cb8e5c27d4?s=96&d=mm&r=g\",\"caption\":\"Redacci\u00f3n Muy Jujuy\"},\"url\":\"https:\\\/\\\/www.muyjujuy.com\\\/index.php\\\/author\\\/editor\\\/\"}]}<\/script>\n<!-- \/ Yoast SEO plugin. -->","yoast_head_json":{"title":"La Quiaca: detuvieron a tres personas por caza furtiva de vicu\u00f1as - Muy Jujuy","description":"Tres hombres fueron detenidos cuando cazaron a un grupo de vicu\u00f1as. El animal se encuentra protegido por ley.","robots":{"index":"index","follow":"follow","max-snippet":"max-snippet:-1","max-image-preview":"max-image-preview:large","max-video-preview":"max-video-preview:-1"},"canonical":"https:\/\/www.muyjujuy.com\/index.php\/2022\/10\/11\/la-quiaca-detuvieron-a-tres-personas-por-caza-furtiva-de-vicunas\/","og_locale":"es_ES","og_type":"article","og_title":"La Quiaca: detuvieron a tres personas por caza furtiva de vicu\u00f1as - Muy Jujuy","og_description":"Tres hombres fueron detenidos cuando cazaron a un grupo de vicu\u00f1as. El animal se encuentra protegido por ley.","og_url":"https:\/\/www.muyjujuy.com\/index.php\/2022\/10\/11\/la-quiaca-detuvieron-a-tres-personas-por-caza-furtiva-de-vicunas\/","og_site_name":"Muy Jujuy","article_publisher":"https:\/\/www.facebook.com\/muyjujuycom","article_published_time":"2022-10-11T18:10:20+00:00","article_modified_time":"2022-10-11T18:10:22+00:00","og_image":[{"width":1200,"height":900,"url":"https:\/\/www.muyjujuy.com\/wp-content\/uploads\/2022\/10\/WhatsApp-Image-2022-10-11-at-15.05.43.jpeg","type":"image\/jpeg"}],"author":"Redacci\u00f3n Muy Jujuy","twitter_card":"summary_large_image","twitter_creator":"@muyjujuy","twitter_site":"@muyjujuy","twitter_misc":{"Escrito por":"Redacci\u00f3n Muy Jujuy","Tiempo de lectura":"2 minutos"},"schema":{"@context":"https:\/\/schema.org","@graph":[{"@type":"Article","@id":"https:\/\/www.muyjujuy.com\/index.php\/2022\/10\/11\/la-quiaca-detuvieron-a-tres-personas-por-caza-furtiva-de-vicunas\/#article","isPartOf":{"@id":"https:\/\/www.muyjujuy.com\/index.php\/2022\/10\/11\/la-quiaca-detuvieron-a-tres-personas-por-caza-furtiva-de-vicunas\/"},"author":{"name":"Redacci\u00f3n Muy Jujuy","@id":"https:\/\/www.muyjujuy.com\/#\/schema\/person\/1d0f6e223ccea9e3f9034c1a5b683bf2"},"headline":"La Quiaca: detuvieron a tres personas por caza furtiva de vicu\u00f1as","datePublished":"2022-10-11T18:10:20+00:00","dateModified":"2022-10-11T18:10:22+00:00","mainEntityOfPage":{"@id":"https:\/\/www.muyjujuy.com\/index.php\/2022\/10\/11\/la-quiaca-detuvieron-a-tres-personas-por-caza-furtiva-de-vicunas\/"},"wordCount":456,"commentCount":0,"publisher":{"@id":"https:\/\/www.muyjujuy.com\/#organization"},"image":{"@id":"https:\/\/www.muyjujuy.com\/index.php\/2022\/10\/11\/la-quiaca-detuvieron-a-tres-personas-por-caza-furtiva-de-vicunas\/#primaryimage"},"thumbnailUrl":"https:\/\/www.muyjujuy.com\/wp-content\/uploads\/2022\/10\/WhatsApp-Image-2022-10-11-at-15.05.43.jpeg","keywords":["Jujuy","La Quiaca"],"articleSection":["Sociedad"],"inLanguage":"es-AR","potentialAction":[{"@type":"CommentAction","name":"Comment","target":["https:\/\/www.muyjujuy.com\/index.php\/2022\/10\/11\/la-quiaca-detuvieron-a-tres-personas-por-caza-furtiva-de-vicunas\/#respond"]}]},{"@type":"WebPage","@id":"https:\/\/www.muyjujuy.com\/index.php\/2022\/10\/11\/la-quiaca-detuvieron-a-tres-personas-por-caza-furtiva-de-vicunas\/","url":"https:\/\/www.muyjujuy.com\/index.php\/2022\/10\/11\/la-quiaca-detuvieron-a-tres-personas-por-caza-furtiva-de-vicunas\/","name":"La Quiaca: detuvieron a tres personas por caza furtiva de vicu\u00f1as - Muy Jujuy","isPartOf":{"@id":"https:\/\/www.muyjujuy.com\/#website"},"primaryImageOfPage":{"@id":"https:\/\/www.muyjujuy.com\/index.php\/2022\/10\/11\/la-quiaca-detuvieron-a-tres-personas-por-caza-furtiva-de-vicunas\/#primaryimage"},"image":{"@id":"https:\/\/www.muyjujuy.com\/index.php\/2022\/10\/11\/la-quiaca-detuvieron-a-tres-personas-por-caza-furtiva-de-vicunas\/#primaryimage"},"thumbnailUrl":"https:\/\/www.muyjujuy.com\/wp-content\/uploads\/2022\/10\/WhatsApp-Image-2022-10-11-at-15.05.43.jpeg","datePublished":"2022-10-11T18:10:20+00:00","dateModified":"2022-10-11T18:10:22+00:00","description":"Tres hombres fueron detenidos cuando cazaron a un grupo de vicu\u00f1as. El animal se encuentra protegido por ley.","breadcrumb":{"@id":"https:\/\/www.muyjujuy.com\/index.php\/2022\/10\/11\/la-quiaca-detuvieron-a-tres-personas-por-caza-furtiva-de-vicunas\/#breadcrumb"},"inLanguage":"es-AR","potentialAction":[{"@type":"ReadAction","target":["https:\/\/www.muyjujuy.com\/index.php\/2022\/10\/11\/la-quiaca-detuvieron-a-tres-personas-por-caza-furtiva-de-vicunas\/"]}]},{"@type":"ImageObject","inLanguage":"es-AR","@id":"https:\/\/www.muyjujuy.com\/index.php\/2022\/10\/11\/la-quiaca-detuvieron-a-tres-personas-por-caza-furtiva-de-vicunas\/#primaryimage","url":"https:\/\/www.muyjujuy.com\/wp-content\/uploads\/2022\/10\/WhatsApp-Image-2022-10-11-at-15.05.43.jpeg","contentUrl":"https:\/\/www.muyjujuy.com\/wp-content\/uploads\/2022\/10\/WhatsApp-Image-2022-10-11-at-15.05.43.jpeg","width":1200,"height":900},{"@type":"BreadcrumbList","@id":"https:\/\/www.muyjujuy.com\/index.php\/2022\/10\/11\/la-quiaca-detuvieron-a-tres-personas-por-caza-furtiva-de-vicunas\/#breadcrumb","itemListElement":[{"@type":"ListItem","position":1,"name":"Inicio","item":"https:\/\/www.muyjujuy.com\/"},{"@type":"ListItem","position":2,"name":"La Quiaca: detuvieron a tres personas por caza furtiva de vicu\u00f1as"}]},{"@type":"WebSite","@id":"https:\/\/www.muyjujuy.com\/#website","url":"https:\/\/www.muyjujuy.com\/","name":"Muy Jujuy","description":"","publisher":{"@id":"https:\/\/www.muyjujuy.com\/#organization"},"potentialAction":[{"@type":"SearchAction","target":{"@type":"EntryPoint","urlTemplate":"https:\/\/www.muyjujuy.com\/?s={search_term_string}"},"query-input":{"@type":"PropertyValueSpecification","valueRequired":true,"valueName":"search_term_string"}}],"inLanguage":"es-AR"},{"@type":"Organization","@id":"https:\/\/www.muyjujuy.com\/#organization","name":"Muy Jujuy","url":"https:\/\/www.muyjujuy.com\/","logo":{"@type":"ImageObject","inLanguage":"es-AR","@id":"https:\/\/www.muyjujuy.com\/#\/schema\/logo\/image\/","url":"http:\/\/www.muyjujuy.com\/wp-content\/uploads\/2022\/05\/logo-mobil-jujuy.png","contentUrl":"http:\/\/www.muyjujuy.com\/wp-content\/uploads\/2022\/05\/logo-mobil-jujuy.png","width":174,"height":81,"caption":"Muy Jujuy"},"image":{"@id":"https:\/\/www.muyjujuy.com\/#\/schema\/logo\/image\/"},"sameAs":["https:\/\/www.facebook.com\/muyjujuycom","https:\/\/x.com\/muyjujuy","https:\/\/www.instagram.com\/muyjujuycom"]},{"@type":"Person","@id":"https:\/\/www.muyjujuy.com\/#\/schema\/person\/1d0f6e223ccea9e3f9034c1a5b683bf2","name":"Redacci\u00f3n Muy Jujuy","image":{"@type":"ImageObject","inLanguage":"es-AR","@id":"https:\/\/secure.gravatar.com\/avatar\/fec5f6f1893d741ed5eecccff109ce43e67a855411202a3212a058cb8e5c27d4?s=96&d=mm&r=g","url":"https:\/\/secure.gravatar.com\/avatar\/fec5f6f1893d741ed5eecccff109ce43e67a855411202a3212a058cb8e5c27d4?s=96&d=mm&r=g","contentUrl":"https:\/\/secure.gravatar.com\/avatar\/fec5f6f1893d741ed5eecccff109ce43e67a855411202a3212a058cb8e5c27d4?s=96&d=mm&r=g","caption":"Redacci\u00f3n Muy Jujuy"},"url":"https:\/\/www.muyjujuy.com\/index.php\/author\/editor\/"}]}},"_links":{"self":[{"href":"https:\/\/www.muyjujuy.com\/index.php\/wp-json\/wp\/v2\/posts\/1736","targetHints":{"allow":["GET"]}}],"collection":[{"href":"https:\/\/www.muyjujuy.com\/index.php\/wp-json\/wp\/v2\/posts"}],"about":[{"href":"https:\/\/www.muyjujuy.com\/index.php\/wp-json\/wp\/v2\/types\/post"}],"author":[{"embeddable":true,"href":"https:\/\/www.muyjujuy.com\/index.php\/wp-json\/wp\/v2\/users\/3"}],"replies":[{"embeddable":true,"href":"https:\/\/www.muyjujuy.com\/index.php\/wp-json\/wp\/v2\/comments?post=1736"}],"version-history":[{"count":1,"href":"https:\/\/www.muyjujuy.com\/index.php\/wp-json\/wp\/v2\/posts\/1736\/revisions"}],"predecessor-version":[{"id":1738,"href":"https:\/\/www.muyjujuy.com\/index.php\/wp-json\/wp\/v2\/posts\/1736\/revisions\/1738"}],"wp:featuredmedia":[{"embeddable":true,"href":"https:\/\/www.muyjujuy.com\/index.php\/wp-json\/wp\/v2\/media\/1737"}],"wp:attachment":[{"href":"https:\/\/www.muyjujuy.com\/index.php\/wp-json\/wp\/v2\/media?parent=1736"}],"wp:term":[{"taxonomy":"category","embeddable":true,"href":"https:\/\/www.muyjujuy.com\/index.php\/wp-json\/wp\/v2\/categories?post=1736"},{"taxonomy":"post_tag","embeddable":true,"href":"https:\/\/www.muyjujuy.com\/index.php\/wp-json\/wp\/v2\/tags?post=1736"}],"curies":[{"name":"wp","href":"https:\/\/api.w.org\/{rel}","templated":true}]}}